{"id":241,"date":"2019-09-09T14:15:24","date_gmt":"2019-09-09T14:15:24","guid":{"rendered":"https:\/\/blogs.uninter.edu.mx\/ARQ-ICI\/?p=241"},"modified":"2019-09-09T14:15:30","modified_gmt":"2019-09-09T14:15:30","slug":"la-primera-ingeniera-mexicana-concepcion-mendizabal","status":"publish","type":"post","link":"https:\/\/blogs.uninter.edu.mx\/ARQ-ICI\/index.php\/2019\/09\/09\/la-primera-ingeniera-mexicana-concepcion-mendizabal\/","title":{"rendered":"La primera ingeniera mexicana &#8220;Concepci\u00f3n Mendiz\u00e1bal&#8221;"},"content":{"rendered":"\n<div class=\"wp-block-image\"><figure class=\"aligncenter\"><img loading=\"lazy\" decoding=\"async\" width=\"168\" height=\"300\" src=\"https:\/\/blogs.uninter.edu.mx\/ARQ-ICI\/wp-content\/uploads\/2019\/08\/Concepcion-mendizabal-168x300.jpg\" alt=\"Ingeniera \" class=\"wp-image-243\" srcset=\"https:\/\/blogs.uninter.edu.mx\/ARQ-ICI\/wp-content\/uploads\/2019\/08\/Concepcion-mendizabal-168x300.jpg 168w, https:\/\/blogs.uninter.edu.mx\/ARQ-ICI\/wp-content\/uploads\/2019\/08\/Concepcion-mendizabal.jpg 415w\" sizes=\"auto, (max-width: 168px) 100vw, 168px\" \/><figcaption>Concepci\u00f3n Mendiz\u00e1bal<\/figcaption><\/figure><\/div>\n\n\n\n<p><strong>Concepci\u00f3n Mendiz\u00e1bal<\/strong> fue la primera mujer en graduarse de la F<strong>acultad de Ingenier\u00eda de la Universidad Nacional<\/strong>.<\/p>\n\n\n\n<p>Naci\u00f3 en la ciudad de M\u00e9xico un 4 de marzo de de 1893 y falleci\u00f3 un 23 de noviembre de 198; se titul\u00f3 con excelentes calificaciones como ingeniera civil en 1930.<\/p>\n\n\n\n<p> El 11 de febrero de 1930, <strong>Concepci\u00f3n Mendiz\u00e1bal <\/strong>obtuvo el t\u00edtulo de ingeniera civil, al sustentar el examen profesional con la tesis: <strong>Proyecto de una torre elevada de concreto armado para 300 m3 de agua, de 20 metros de alto con un mirador en la parte superior; desarrollando los principales detalles de la construcci\u00f3n. <\/strong><\/p>\n\n\n\n<p>Su examen profesional fue programado el 11 de febrero de 1930, el nombre de su tesis con la que sustent\u00f3 su examen profesional: <strong>&#8220;Fue el proyecto de una torre elevada de concreto armada para 300 m3 de agua, 20 metros de alto con un mirador en la parte superior; desarrollando los principales  detalles de la construcci\u00f3n&#8221;.<\/strong><\/p>\n\n\n\n<p>Cabe destacar que algo muy importante fue que en el acta que acredita su examen se afirm\u00f3 que concepci\u00f3n fue la primera <strong>Ingeniera Mexicana<\/strong> con la siguiente inscripci\u00f3n: <strong>&#8220;Hacemos constar que la Srita. Mendizabal es la primera mujer que en la Facultad de Ingenier\u00eda de la Universidad Nacional de la Universidad Nacional ha obtenido el t\u00edtulo de Ingeniero Civil&#8221;<\/strong><\/p>\n\n\n\n<div class=\"wp-block-image\"><figure class=\"aligncenter\"><img loading=\"lazy\" decoding=\"async\" width=\"554\" height=\"554\" src=\"https:\/\/blogs.uninter.edu.mx\/ARQ-ICI\/wp-content\/uploads\/2019\/08\/concepcion-1.jpg\" alt=\"Ingeniera\" class=\"wp-image-247\" srcset=\"https:\/\/blogs.uninter.edu.mx\/ARQ-ICI\/wp-content\/uploads\/2019\/08\/concepcion-1.jpg 554w, https:\/\/blogs.uninter.edu.mx\/ARQ-ICI\/wp-content\/uploads\/2019\/08\/concepcion-1-150x150.jpg 150w, https:\/\/blogs.uninter.edu.mx\/ARQ-ICI\/wp-content\/uploads\/2019\/08\/concepcion-1-300x300.jpg 300w, https:\/\/blogs.uninter.edu.mx\/ARQ-ICI\/wp-content\/uploads\/2019\/08\/concepcion-1-50x50.jpg 50w\" sizes=\"auto, (max-width: 554px) 100vw, 554px\" \/><\/figure><\/div>\n\n\n\n<p style=\"text-align:right\"><a href=\"https:\/\/universidad.uninter.edu.mx\/\">Conoce m\u00e1s sobre Universidad Internacional<\/a><\/p>\n\n\n\n<p style=\"text-align:right\"><a href=\"https:\/\/blogs.uninter.edu.mx\/ARQ-ICI\/index.php\/category\/noticias\/\">M\u00e1s noticias sobre Arquitectura e Ingenier\u00eda Civil<\/a><\/p>\n\n\n\n<div class=\"wp-block-image\"><figure class=\"aligncenter is-resized\"><a href=\"https:\/\/uninter.edu.mx\/\" target=\"_blank\" rel=\"noreferrer noopener\"><img loading=\"lazy\" decoding=\"async\" src=\"https:\/\/blogs.uninter.edu.mx\/ARQ-ICI\/wp-content\/uploads\/2019\/07\/Oficial-3-tintas-1024x155.png\" alt=\"Universidad Internacional\" width=\"508\" height=\"76\"\/><\/a><\/figure><\/div>\n\n\n<p><!--EndFragment--><\/p>","protected":false},"excerpt":{"rendered":"<p>Concepci\u00f3n Mendiz\u00e1bal fue la primera mujer en graduarse de la Facultad de Ingenier\u00eda de la Universidad Nacional. Naci\u00f3 en la ciudad de M\u00e9xico un 4 de marzo de de 1893 y falleci\u00f3 un 23 de noviembre de 198; se titul\u00f3 con excelentes calificaciones como ingeniera civil en 1930. El 11 de febrero de 1930, Concepci\u00f3n&hellip;<\/p>\n","protected":false},"author":3,"featured_media":246,"comment_status":"open","ping_status":"open","sticky":false,"template":"","format":"standard","meta":{"footnotes":"","jetpack_publicize_message":"","jetpack_is_tweetstorm":false,"jetpack_publicize_feature_enabled":true,"jetpack_social_post_already_shared":true,"jetpack_social_options":{"image_generator_settings":{"template":"highway","enabled":false}}},"categories":[3],"tags":[8,55,7,56,54,9,10],"class_list":["post-241","post","type-post","status-publish","format-standard","has-post-thumbnail","hentry","category-blog","tag-arquitectura","tag-concepcion-mendizabal","tag-ingenieria-civil","tag-palacio-de-mineria","tag-primera-ingeniera-civil-mexicana","tag-uninter","tag-universidad-internacional"],"jetpack_publicize_connections":[],"yoast_head":"<!-- This site is optimized with the Yoast SEO plugin v21.5 - https:\/\/yoast.com\/wordpress\/plugins\/seo\/ -->\r\n<title>La primera ingeniera mexicana &quot;Concepci\u00f3n Mendiz\u00e1bal&quot;<\/title>\r\n<meta name=\"description\" content=\"La primera ingeniera mexicana &quot;Concepci\u00f3n Mendiz\u00e1bal&quot; fue la primera mujer en graduarse de la Facultad de Ingenier\u00eda de la Universidad Naciona\" \/>\r\n<meta name=\"robots\" content=\"index, follow, max-snippet:-1, max-image-preview:large, max-video-preview:-1\" \/>\r\n<link rel=\"canonical\" href=\"https:\/\/blogs.uninter.edu.mx\/ARQ-ICI\/index.php\/2019\/09\/09\/la-primera-ingeniera-mexicana-concepcion-mendizabal\/\" \/>\r\n<meta property=\"og:locale\" content=\"es_MX\" \/>\r\n<meta property=\"og:type\" content=\"article\" \/>\r\n<meta property=\"og:title\" content=\"La primera ingeniera mexicana &quot;Concepci\u00f3n Mendiz\u00e1bal&quot;\" \/>\r\n<meta property=\"og:description\" content=\"La primera ingeniera mexicana &quot;Concepci\u00f3n Mendiz\u00e1bal&quot; fue la primera mujer en graduarse de la Facultad de Ingenier\u00eda de la Universidad Naciona\" \/>\r\n<meta property=\"og:url\" content=\"https:\/\/blogs.uninter.edu.mx\/ARQ-ICI\/index.php\/2019\/09\/09\/la-primera-ingeniera-mexicana-concepcion-mendizabal\/\" \/>\r\n<meta property=\"og:site_name\" content=\"ARQ - ICI\" \/>\r\n<meta property=\"article:author\" content=\"https:\/\/www.facebook.com\/uninterArq\" \/>\r\n<meta property=\"article:published_time\" content=\"2019-09-09T14:15:24+00:00\" \/>\r\n<meta property=\"article:modified_time\" content=\"2019-09-09T14:15:30+00:00\" \/>\r\n<meta property=\"og:image\" content=\"https:\/\/blogs.uninter.edu.mx\/ARQ-ICI\/wp-content\/uploads\/2019\/08\/concepcion.jpg\" \/>\r\n\t<meta property=\"og:image:width\" content=\"554\" \/>\r\n\t<meta property=\"og:image:height\" content=\"554\" \/>\r\n\t<meta property=\"og:image:type\" content=\"image\/jpeg\" \/>\r\n<meta name=\"author\" content=\"ARQ-ICI\" \/>\r\n<meta name=\"twitter:card\" content=\"summary_large_image\" \/>\r\n<meta name=\"twitter:label1\" content=\"Escrito por\" \/>\n\t<meta name=\"twitter:data1\" content=\"ARQ-ICI\" \/>\n\t<meta name=\"twitter:label2\" content=\"Tiempo de lectura\" \/>\n\t<meta name=\"twitter:data2\" content=\"1 minuto\" \/>\r\n<script type=\"application\/ld+json\" class=\"yoast-schema-graph\">{\"@context\":\"https:\/\/schema.org\",\"@graph\":[{\"@type\":\"WebPage\",\"@id\":\"https:\/\/blogs.uninter.edu.mx\/ARQ-ICI\/index.php\/2019\/09\/09\/la-primera-ingeniera-mexicana-concepcion-mendizabal\/\",\"url\":\"https:\/\/blogs.uninter.edu.mx\/ARQ-ICI\/index.php\/2019\/09\/09\/la-primera-ingeniera-mexicana-concepcion-mendizabal\/\",\"name\":\"La primera ingeniera mexicana \\\"Concepci\u00f3n Mendiz\u00e1bal\\\"\",\"isPartOf\":{\"@id\":\"https:\/\/blogs.uninter.edu.mx\/ARQ-ICI\/#website\"},\"datePublished\":\"2019-09-09T14:15:24+00:00\",\"dateModified\":\"2019-09-09T14:15:30+00:00\",\"author\":{\"@id\":\"https:\/\/blogs.uninter.edu.mx\/ARQ-ICI\/#\/schema\/person\/19228d6f167076fdc77891c08be4a6d0\"},\"description\":\"La primera ingeniera mexicana \\\"Concepci\u00f3n Mendiz\u00e1bal\\\" fue la primera mujer en graduarse de la Facultad de Ingenier\u00eda de la Universidad Naciona\",\"breadcrumb\":{\"@id\":\"https:\/\/blogs.uninter.edu.mx\/ARQ-ICI\/index.php\/2019\/09\/09\/la-primera-ingeniera-mexicana-concepcion-mendizabal\/#breadcrumb\"},\"inLanguage\":\"es\",\"potentialAction\":[{\"@type\":\"ReadAction\",\"target\":[\"https:\/\/blogs.uninter.edu.mx\/ARQ-ICI\/index.php\/2019\/09\/09\/la-primera-ingeniera-mexicana-concepcion-mendizabal\/\"]}]},{\"@type\":\"BreadcrumbList\",\"@id\":\"https:\/\/blogs.uninter.edu.mx\/ARQ-ICI\/index.php\/2019\/09\/09\/la-primera-ingeniera-mexicana-concepcion-mendizabal\/#breadcrumb\",\"itemListElement\":[{\"@type\":\"ListItem\",\"position\":1,\"name\":\"Inicio\",\"item\":\"https:\/\/blogs.uninter.edu.mx\/ARQ-ICI\/\"},{\"@type\":\"ListItem\",\"position\":2,\"name\":\"La primera ingeniera mexicana &#8220;Concepci\u00f3n Mendiz\u00e1bal&#8221;\"}]},{\"@type\":\"WebSite\",\"@id\":\"https:\/\/blogs.uninter.edu.mx\/ARQ-ICI\/#website\",\"url\":\"https:\/\/blogs.uninter.edu.mx\/ARQ-ICI\/\",\"name\":\"ARQ - ICI\",\"description\":\"UNINTER\",\"potentialAction\":[{\"@type\":\"SearchAction\",\"target\":{\"@type\":\"EntryPoint\",\"urlTemplate\":\"https:\/\/blogs.uninter.edu.mx\/ARQ-ICI\/?s={search_term_string}\"},\"query-input\":\"required name=search_term_string\"}],\"inLanguage\":\"es\"},{\"@type\":\"Person\",\"@id\":\"https:\/\/blogs.uninter.edu.mx\/ARQ-ICI\/#\/schema\/person\/19228d6f167076fdc77891c08be4a6d0\",\"name\":\"ARQ-ICI\",\"image\":{\"@type\":\"ImageObject\",\"inLanguage\":\"es\",\"@id\":\"https:\/\/blogs.uninter.edu.mx\/ARQ-ICI\/#\/schema\/person\/image\/\",\"url\":\"https:\/\/secure.gravatar.com\/avatar\/64d57e760ba53ce74125a255c065073eaa079b78c5584771666a5759a4092ee7?s=96&d=mm&r=g\",\"contentUrl\":\"https:\/\/secure.gravatar.com\/avatar\/64d57e760ba53ce74125a255c065073eaa079b78c5584771666a5759a4092ee7?s=96&d=mm&r=g\",\"caption\":\"ARQ-ICI\"},\"description\":\"Uninter Escuela de Arquitectura e Ingenier\u00eda Civil\",\"sameAs\":[\"https:\/\/uninter.edu.mx\/\",\"https:\/\/www.facebook.com\/uninterArq\",\"https:\/\/www.instagram.com\/arqiciuninter\/\"],\"url\":\"https:\/\/blogs.uninter.edu.mx\/ARQ-ICI\/index.php\/author\/npopoca\/\"}]}<\/script>\r\n<!-- \/ Yoast SEO plugin. -->","yoast_head_json":{"title":"La primera ingeniera mexicana \"Concepci\u00f3n Mendiz\u00e1bal\"","description":"La primera ingeniera mexicana \"Concepci\u00f3n Mendiz\u00e1bal\" fue la primera mujer en graduarse de la Facultad de Ingenier\u00eda de la Universidad Naciona","robots":{"index":"index","follow":"follow","max-snippet":"max-snippet:-1","max-image-preview":"max-image-preview:large","max-video-preview":"max-video-preview:-1"},"canonical":"https:\/\/blogs.uninter.edu.mx\/ARQ-ICI\/index.php\/2019\/09\/09\/la-primera-ingeniera-mexicana-concepcion-mendizabal\/","og_locale":"es_MX","og_type":"article","og_title":"La primera ingeniera mexicana \"Concepci\u00f3n Mendiz\u00e1bal\"","og_description":"La primera ingeniera mexicana \"Concepci\u00f3n Mendiz\u00e1bal\" fue la primera mujer en graduarse de la Facultad de Ingenier\u00eda de la Universidad Naciona","og_url":"https:\/\/blogs.uninter.edu.mx\/ARQ-ICI\/index.php\/2019\/09\/09\/la-primera-ingeniera-mexicana-concepcion-mendizabal\/","og_site_name":"ARQ - ICI","article_author":"https:\/\/www.facebook.com\/uninterArq","article_published_time":"2019-09-09T14:15:24+00:00","article_modified_time":"2019-09-09T14:15:30+00:00","og_image":[{"width":554,"height":554,"url":"https:\/\/blogs.uninter.edu.mx\/ARQ-ICI\/wp-content\/uploads\/2019\/08\/concepcion.jpg","type":"image\/jpeg"}],"author":"ARQ-ICI","twitter_card":"summary_large_image","twitter_misc":{"Escrito por":"ARQ-ICI","Tiempo de lectura":"1 minuto"},"schema":{"@context":"https:\/\/schema.org","@graph":[{"@type":"WebPage","@id":"https:\/\/blogs.uninter.edu.mx\/ARQ-ICI\/index.php\/2019\/09\/09\/la-primera-ingeniera-mexicana-concepcion-mendizabal\/","url":"https:\/\/blogs.uninter.edu.mx\/ARQ-ICI\/index.php\/2019\/09\/09\/la-primera-ingeniera-mexicana-concepcion-mendizabal\/","name":"La primera ingeniera mexicana \"Concepci\u00f3n Mendiz\u00e1bal\"","isPartOf":{"@id":"https:\/\/blogs.uninter.edu.mx\/ARQ-ICI\/#website"},"datePublished":"2019-09-09T14:15:24+00:00","dateModified":"2019-09-09T14:15:30+00:00","author":{"@id":"https:\/\/blogs.uninter.edu.mx\/ARQ-ICI\/#\/schema\/person\/19228d6f167076fdc77891c08be4a6d0"},"description":"La primera ingeniera mexicana \"Concepci\u00f3n Mendiz\u00e1bal\" fue la primera mujer en graduarse de la Facultad de Ingenier\u00eda de la Universidad Naciona","breadcrumb":{"@id":"https:\/\/blogs.uninter.edu.mx\/ARQ-ICI\/index.php\/2019\/09\/09\/la-primera-ingeniera-mexicana-concepcion-mendizabal\/#breadcrumb"},"inLanguage":"es","potentialAction":[{"@type":"ReadAction","target":["https:\/\/blogs.uninter.edu.mx\/ARQ-ICI\/index.php\/2019\/09\/09\/la-primera-ingeniera-mexicana-concepcion-mendizabal\/"]}]},{"@type":"BreadcrumbList","@id":"https:\/\/blogs.uninter.edu.mx\/ARQ-ICI\/index.php\/2019\/09\/09\/la-primera-ingeniera-mexicana-concepcion-mendizabal\/#breadcrumb","itemListElement":[{"@type":"ListItem","position":1,"name":"Inicio","item":"https:\/\/blogs.uninter.edu.mx\/ARQ-ICI\/"},{"@type":"ListItem","position":2,"name":"La primera ingeniera mexicana &#8220;Concepci\u00f3n Mendiz\u00e1bal&#8221;"}]},{"@type":"WebSite","@id":"https:\/\/blogs.uninter.edu.mx\/ARQ-ICI\/#website","url":"https:\/\/blogs.uninter.edu.mx\/ARQ-ICI\/","name":"ARQ - ICI","description":"UNINTER","potentialAction":[{"@type":"SearchAction","target":{"@type":"EntryPoint","urlTemplate":"https:\/\/blogs.uninter.edu.mx\/ARQ-ICI\/?s={search_term_string}"},"query-input":"required name=search_term_string"}],"inLanguage":"es"},{"@type":"Person","@id":"https:\/\/blogs.uninter.edu.mx\/ARQ-ICI\/#\/schema\/person\/19228d6f167076fdc77891c08be4a6d0","name":"ARQ-ICI","image":{"@type":"ImageObject","inLanguage":"es","@id":"https:\/\/blogs.uninter.edu.mx\/ARQ-ICI\/#\/schema\/person\/image\/","url":"https:\/\/secure.gravatar.com\/avatar\/64d57e760ba53ce74125a255c065073eaa079b78c5584771666a5759a4092ee7?s=96&d=mm&r=g","contentUrl":"https:\/\/secure.gravatar.com\/avatar\/64d57e760ba53ce74125a255c065073eaa079b78c5584771666a5759a4092ee7?s=96&d=mm&r=g","caption":"ARQ-ICI"},"description":"Uninter Escuela de Arquitectura e Ingenier\u00eda Civil","sameAs":["https:\/\/uninter.edu.mx\/","https:\/\/www.facebook.com\/uninterArq","https:\/\/www.instagram.com\/arqiciuninter\/"],"url":"https:\/\/blogs.uninter.edu.mx\/ARQ-ICI\/index.php\/author\/npopoca\/"}]}},"jetpack_sharing_enabled":true,"jetpack_featured_media_url":"https:\/\/blogs.uninter.edu.mx\/ARQ-ICI\/wp-content\/uploads\/2019\/08\/concepcion.jpg","_links":{"self":[{"href":"https:\/\/blogs.uninter.edu.mx\/ARQ-ICI\/index.php\/wp-json\/wp\/v2\/posts\/241","targetHints":{"allow":["GET"]}}],"collection":[{"href":"https:\/\/blogs.uninter.edu.mx\/ARQ-ICI\/index.php\/wp-json\/wp\/v2\/posts"}],"about":[{"href":"https:\/\/blogs.uninter.edu.mx\/ARQ-ICI\/index.php\/wp-json\/wp\/v2\/types\/post"}],"author":[{"embeddable":true,"href":"https:\/\/blogs.uninter.edu.mx\/ARQ-ICI\/index.php\/wp-json\/wp\/v2\/users\/3"}],"replies":[{"embeddable":true,"href":"https:\/\/blogs.uninter.edu.mx\/ARQ-ICI\/index.php\/wp-json\/wp\/v2\/comments?post=241"}],"version-history":[{"count":5,"href":"https:\/\/blogs.uninter.edu.mx\/ARQ-ICI\/index.php\/wp-json\/wp\/v2\/posts\/241\/revisions"}],"predecessor-version":[{"id":270,"href":"https:\/\/blogs.uninter.edu.mx\/ARQ-ICI\/index.php\/wp-json\/wp\/v2\/posts\/241\/revisions\/270"}],"wp:featuredmedia":[{"embeddable":true,"href":"https:\/\/blogs.uninter.edu.mx\/ARQ-ICI\/index.php\/wp-json\/wp\/v2\/media\/246"}],"wp:attachment":[{"href":"https:\/\/blogs.uninter.edu.mx\/ARQ-ICI\/index.php\/wp-json\/wp\/v2\/media?parent=241"}],"wp:term":[{"taxonomy":"category","embeddable":true,"href":"https:\/\/blogs.uninter.edu.mx\/ARQ-ICI\/index.php\/wp-json\/wp\/v2\/categories?post=241"},{"taxonomy":"post_tag","embeddable":true,"href":"https:\/\/blogs.uninter.edu.mx\/ARQ-ICI\/index.php\/wp-json\/wp\/v2\/tags?post=241"}],"curies":[{"name":"wp","href":"https:\/\/api.w.org\/{rel}","templated":true}]}}