{"id":250,"date":"2019-09-09T14:30:43","date_gmt":"2019-09-09T14:30:43","guid":{"rendered":"https:\/\/blogs.uninter.edu.mx\/ARQ-ICI\/?p=250"},"modified":"2019-09-09T14:13:27","modified_gmt":"2019-09-09T14:13:27","slug":"alumno-de-ingenieria-civil-asiste-a-curso-de-hec-georas","status":"publish","type":"post","link":"https:\/\/blogs.uninter.edu.mx\/ARQ-ICI\/index.php\/2019\/09\/09\/alumno-de-ingenieria-civil-asiste-a-curso-de-hec-georas\/","title":{"rendered":"Alumno de Ingenier\u00eda Civil asiste a curso de HEC-GeoRAS #UNINTER #CICEM"},"content":{"rendered":"\n<div class=\"wp-block-image\"><figure class=\"aligncenter is-resized\"><a href=\"https:\/\/www.facebook.com\/uninterArq\" target=\"_blank\" rel=\"noreferrer noopener\"><img loading=\"lazy\" decoding=\"async\" src=\"https:\/\/blogs.uninter.edu.mx\/ARQ-ICI\/wp-content\/uploads\/2019\/08\/Opengraph-ARQ-ICI-1024x538.jpg\" alt=\"\" class=\"wp-image-211\" width=\"207\" height=\"108\" srcset=\"https:\/\/blogs.uninter.edu.mx\/ARQ-ICI\/wp-content\/uploads\/2019\/08\/Opengraph-ARQ-ICI-1024x538.jpg 1024w, https:\/\/blogs.uninter.edu.mx\/ARQ-ICI\/wp-content\/uploads\/2019\/08\/Opengraph-ARQ-ICI-300x158.jpg 300w, https:\/\/blogs.uninter.edu.mx\/ARQ-ICI\/wp-content\/uploads\/2019\/08\/Opengraph-ARQ-ICI-768x403.jpg 768w, https:\/\/blogs.uninter.edu.mx\/ARQ-ICI\/wp-content\/uploads\/2019\/08\/Opengraph-ARQ-ICI.jpg 1200w\" sizes=\"auto, (max-width: 207px) 100vw, 207px\" \/><\/a><\/figure><\/div>\n\n\n\n<p>El pasado 24 y 31 de agosto del a\u00f1o en curso, el C. <strong>Oscar Daniel Figueroa D\u00edaz<\/strong> alumno de la carrera de Ingenier\u00eda Civil particip\u00f3 en el curso <strong>HEC-GeoRAS<\/strong> impartido por la <strong>Asociaci\u00f3n Mexicana de Hidr\u00e1ulica<\/strong>, Secci\u00f3n Regional Morelos en colaboraci\u00f3n con el Colegio de Ingenieros Civiles del Estado de Morelos (CICEM) como parte del proyecto de integraci\u00f3n del Cap\u00edtulo Estudiantil. <\/p>\n\n\n\n<div class=\"wp-block-image\"><figure class=\"aligncenter is-resized\"><img loading=\"lazy\" decoding=\"async\" src=\"https:\/\/blogs.uninter.edu.mx\/ARQ-ICI\/wp-content\/uploads\/2019\/09\/Dan-Curso.jpg\" alt=\"Pantalla\" class=\"wp-image-253\" width=\"354\" height=\"265\" srcset=\"https:\/\/blogs.uninter.edu.mx\/ARQ-ICI\/wp-content\/uploads\/2019\/09\/Dan-Curso.jpg 960w, https:\/\/blogs.uninter.edu.mx\/ARQ-ICI\/wp-content\/uploads\/2019\/09\/Dan-Curso-300x225.jpg 300w, https:\/\/blogs.uninter.edu.mx\/ARQ-ICI\/wp-content\/uploads\/2019\/09\/Dan-Curso-768x576.jpg 768w\" sizes=\"auto, (max-width: 354px) 100vw, 354px\" \/><figcaption> <strong>Oscar Daniel Figueroa D\u00edaz<\/strong> <\/figcaption><\/figure><\/div>\n\n\n\n<p>HEC-RAS (Hydrological Engineering Center \u2013 River Analysis System) es un programa de modelaci\u00f3n hidr\u00e1ulica unidimensional compuesto por 4 tipos de an\u00e1lisis en r\u00edos,  para determinar los l\u00edmites a los que puede llegar una inundaci\u00f3n durante avenidas inesperadas:<\/p>\n\n\n\n<p>\u00b7 Modelaci\u00f3n de flujo en r\u00e9gimen permanente, de flujo en r\u00e9gimen no permanente y del transporte de sedimentos<br>\u00b7 An\u00e1lisis de calidad de aguas<\/p>\n\n\n\n<p>Nos permite&nbsp;simular flujos en cauces naturales o canales artificiales&nbsp;para determinar el nivel del agua por lo que su objetivo principal es realizar&nbsp;estudios de inundabilidad&nbsp;y determinar las zonas inundables.<\/p>\n\n\n\n<p>La correcta digitalizaci\u00f3n de elementos como puentes, cauces o zonas de flujo son la base para iniciar el estudio de inundaci\u00f3n. HEC-GeoRAS nos servir\u00e1, para elaborar la cartograf\u00eda base que describir\u00e1n los elementos territoriales de la zona de estudio. <\/p>\n\n\n\n<p><\/p>\n\n\n\n<ul class=\"wp-block-gallery aligncenter columns-2 is-cropped wp-block-gallery-1 is-layout-flex wp-block-gallery-is-layout-flex\"><li class=\"blocks-gallery-item\"><figure><img loading=\"lazy\" decoding=\"async\" width=\"960\" height=\"720\" src=\"https:\/\/blogs.uninter.edu.mx\/ARQ-ICI\/wp-content\/uploads\/2019\/09\/curso.jpg\" alt=\"curso\" data-id=\"252\" data-link=\"https:\/\/blogs.uninter.edu.mx\/ARQ-ICI\/?attachment_id=252#main\" class=\"wp-image-252\" srcset=\"https:\/\/blogs.uninter.edu.mx\/ARQ-ICI\/wp-content\/uploads\/2019\/09\/curso.jpg 960w, https:\/\/blogs.uninter.edu.mx\/ARQ-ICI\/wp-content\/uploads\/2019\/09\/curso-300x225.jpg 300w, https:\/\/blogs.uninter.edu.mx\/ARQ-ICI\/wp-content\/uploads\/2019\/09\/curso-768x576.jpg 768w\" sizes=\"auto, (max-width: 960px) 100vw, 960px\" \/><figcaption>Inauguraci\u00f3n del curso<\/figcaption><\/figure><\/li><li class=\"blocks-gallery-item\"><figure><img loading=\"lazy\" decoding=\"async\" width=\"960\" height=\"720\" src=\"https:\/\/blogs.uninter.edu.mx\/ARQ-ICI\/wp-content\/uploads\/2019\/09\/alumnos-curso.jpg\" alt=\"laptops \" data-id=\"251\" data-link=\"https:\/\/blogs.uninter.edu.mx\/ARQ-ICI\/?attachment_id=251#main\" class=\"wp-image-251\" srcset=\"https:\/\/blogs.uninter.edu.mx\/ARQ-ICI\/wp-content\/uploads\/2019\/09\/alumnos-curso.jpg 960w, https:\/\/blogs.uninter.edu.mx\/ARQ-ICI\/wp-content\/uploads\/2019\/09\/alumnos-curso-300x225.jpg 300w, https:\/\/blogs.uninter.edu.mx\/ARQ-ICI\/wp-content\/uploads\/2019\/09\/alumnos-curso-768x576.jpg 768w\" sizes=\"auto, (max-width: 960px) 100vw, 960px\" \/><figcaption>Alumnos en curso<\/figcaption><\/figure><\/li><\/ul>\n\n\n\n<p style=\"text-align:right\"><a href=\"https:\/\/universidad.uninter.edu.mx\/\">Conoce m\u00e1s sobre Universidad Internacional<\/a><\/p>\n\n\n\n<p style=\"text-align:right\"><a href=\"https:\/\/blogs.uninter.edu.mx\/ARQ-ICI\/index.php\/category\/noticias\/\">M\u00e1s noticias sobre Arquitectura e Ingenier\u00eda Civil<\/a><\/p>\n\n\n<p><!--EndFragment--><a href=\"https:\/\/uninter.edu.mx\/\"><img loading=\"lazy\" decoding=\"async\" class=\"alignnone\" src=\"https:\/\/blogs.uninter.edu.mx\/ARQ-ICI\/wp-content\/uploads\/2019\/07\/Oficial-3-tintas-1024x155.png\" alt=\"Universidad Internacional\" width=\"1024\" height=\"155\"><\/a><\/p>","protected":false},"excerpt":{"rendered":"<p>El pasado 24 y 31 de agosto del a\u00f1o en curso, el C. Oscar Daniel Figueroa D\u00edaz alumno de la carrera de Ingenier\u00eda Civil particip\u00f3 en el curso HEC-GeoRAS impartido por la Asociaci\u00f3n Mexicana de Hidr\u00e1ulica, Secci\u00f3n Regional Morelos en colaboraci\u00f3n con el Colegio de Ingenieros Civiles del Estado de Morelos (CICEM) como parte del&hellip;<\/p>\n","protected":false},"author":3,"featured_media":253,"comment_status":"open","ping_status":"open","sticky":false,"template":"","format":"standard","meta":{"footnotes":"","jetpack_publicize_message":"","jetpack_is_tweetstorm":false,"jetpack_publicize_feature_enabled":true,"jetpack_social_post_already_shared":true,"jetpack_social_options":{"image_generator_settings":{"template":"highway","enabled":false}}},"categories":[6],"tags":[7,9,10],"class_list":["post-250","post","type-post","status-publish","format-standard","has-post-thumbnail","hentry","category-eventos","tag-ingenieria-civil","tag-uninter","tag-universidad-internacional"],"jetpack_publicize_connections":[],"yoast_head":"<!-- This site is optimized with the Yoast SEO plugin v21.5 - https:\/\/yoast.com\/wordpress\/plugins\/seo\/ -->\r\n<title>Alumno de Ingenier\u00eda Civil asiste a curso de HEC-GeoRAS<\/title>\r\n<meta name=\"description\" content=\"Alumno de la carrera de Ingenier\u00eda Civil particip\u00f3 en el curso HEC-GeoRAS en el Colegio de Ingenieros Civiles del Estado de Morelos.\" \/>\r\n<meta name=\"robots\" content=\"index, follow, max-snippet:-1, max-image-preview:large, max-video-preview:-1\" \/>\r\n<link rel=\"canonical\" href=\"https:\/\/blogs.uninter.edu.mx\/ARQ-ICI\/index.php\/2019\/09\/09\/alumno-de-ingenieria-civil-asiste-a-curso-de-hec-georas\/\" \/>\r\n<meta property=\"og:locale\" content=\"es_MX\" \/>\r\n<meta property=\"og:type\" content=\"article\" \/>\r\n<meta property=\"og:title\" content=\"Alumno de Ingenier\u00eda Civil asiste a curso de HEC-GeoRAS\" \/>\r\n<meta property=\"og:description\" content=\"Alumno de la carrera de Ingenier\u00eda Civil particip\u00f3 en el curso HEC-GeoRAS en el Colegio de Ingenieros Civiles del Estado de Morelos.\" \/>\r\n<meta property=\"og:url\" content=\"https:\/\/blogs.uninter.edu.mx\/ARQ-ICI\/index.php\/2019\/09\/09\/alumno-de-ingenieria-civil-asiste-a-curso-de-hec-georas\/\" \/>\r\n<meta property=\"og:site_name\" content=\"ARQ - ICI\" \/>\r\n<meta property=\"article:author\" content=\"https:\/\/www.facebook.com\/uninterArq\" \/>\r\n<meta property=\"article:published_time\" content=\"2019-09-09T14:30:43+00:00\" \/>\r\n<meta property=\"article:modified_time\" content=\"2019-09-09T14:13:27+00:00\" \/>\r\n<meta property=\"og:image\" content=\"https:\/\/blogs.uninter.edu.mx\/ARQ-ICI\/wp-content\/uploads\/2019\/09\/Dan-Curso.jpg\" \/>\r\n\t<meta property=\"og:image:width\" content=\"960\" \/>\r\n\t<meta property=\"og:image:height\" content=\"720\" \/>\r\n\t<meta property=\"og:image:type\" content=\"image\/jpeg\" \/>\r\n<meta name=\"author\" content=\"ARQ-ICI\" \/>\r\n<meta name=\"twitter:card\" content=\"summary_large_image\" \/>\r\n<meta name=\"twitter:label1\" content=\"Escrito por\" \/>\n\t<meta name=\"twitter:data1\" content=\"ARQ-ICI\" \/>\n\t<meta name=\"twitter:label2\" content=\"Tiempo de lectura\" \/>\n\t<meta name=\"twitter:data2\" content=\"1 minuto\" \/>\r\n<script type=\"application\/ld+json\" class=\"yoast-schema-graph\">{\"@context\":\"https:\/\/schema.org\",\"@graph\":[{\"@type\":\"WebPage\",\"@id\":\"https:\/\/blogs.uninter.edu.mx\/ARQ-ICI\/index.php\/2019\/09\/09\/alumno-de-ingenieria-civil-asiste-a-curso-de-hec-georas\/\",\"url\":\"https:\/\/blogs.uninter.edu.mx\/ARQ-ICI\/index.php\/2019\/09\/09\/alumno-de-ingenieria-civil-asiste-a-curso-de-hec-georas\/\",\"name\":\"Alumno de Ingenier\u00eda Civil asiste a curso de HEC-GeoRAS\",\"isPartOf\":{\"@id\":\"https:\/\/blogs.uninter.edu.mx\/ARQ-ICI\/#website\"},\"datePublished\":\"2019-09-09T14:30:43+00:00\",\"dateModified\":\"2019-09-09T14:13:27+00:00\",\"author\":{\"@id\":\"https:\/\/blogs.uninter.edu.mx\/ARQ-ICI\/#\/schema\/person\/19228d6f167076fdc77891c08be4a6d0\"},\"description\":\"Alumno de la carrera de Ingenier\u00eda Civil particip\u00f3 en el curso HEC-GeoRAS en el Colegio de Ingenieros Civiles del Estado de Morelos.\",\"breadcrumb\":{\"@id\":\"https:\/\/blogs.uninter.edu.mx\/ARQ-ICI\/index.php\/2019\/09\/09\/alumno-de-ingenieria-civil-asiste-a-curso-de-hec-georas\/#breadcrumb\"},\"inLanguage\":\"es\",\"potentialAction\":[{\"@type\":\"ReadAction\",\"target\":[\"https:\/\/blogs.uninter.edu.mx\/ARQ-ICI\/index.php\/2019\/09\/09\/alumno-de-ingenieria-civil-asiste-a-curso-de-hec-georas\/\"]}]},{\"@type\":\"BreadcrumbList\",\"@id\":\"https:\/\/blogs.uninter.edu.mx\/ARQ-ICI\/index.php\/2019\/09\/09\/alumno-de-ingenieria-civil-asiste-a-curso-de-hec-georas\/#breadcrumb\",\"itemListElement\":[{\"@type\":\"ListItem\",\"position\":1,\"name\":\"Inicio\",\"item\":\"https:\/\/blogs.uninter.edu.mx\/ARQ-ICI\/\"},{\"@type\":\"ListItem\",\"position\":2,\"name\":\"Alumno de Ingenier\u00eda Civil asiste a curso de HEC-GeoRAS #UNINTER #CICEM\"}]},{\"@type\":\"WebSite\",\"@id\":\"https:\/\/blogs.uninter.edu.mx\/ARQ-ICI\/#website\",\"url\":\"https:\/\/blogs.uninter.edu.mx\/ARQ-ICI\/\",\"name\":\"ARQ - ICI\",\"description\":\"UNINTER\",\"potentialAction\":[{\"@type\":\"SearchAction\",\"target\":{\"@type\":\"EntryPoint\",\"urlTemplate\":\"https:\/\/blogs.uninter.edu.mx\/ARQ-ICI\/?s={search_term_string}\"},\"query-input\":\"required name=search_term_string\"}],\"inLanguage\":\"es\"},{\"@type\":\"Person\",\"@id\":\"https:\/\/blogs.uninter.edu.mx\/ARQ-ICI\/#\/schema\/person\/19228d6f167076fdc77891c08be4a6d0\",\"name\":\"ARQ-ICI\",\"image\":{\"@type\":\"ImageObject\",\"inLanguage\":\"es\",\"@id\":\"https:\/\/blogs.uninter.edu.mx\/ARQ-ICI\/#\/schema\/person\/image\/\",\"url\":\"https:\/\/secure.gravatar.com\/avatar\/64d57e760ba53ce74125a255c065073eaa079b78c5584771666a5759a4092ee7?s=96&d=mm&r=g\",\"contentUrl\":\"https:\/\/secure.gravatar.com\/avatar\/64d57e760ba53ce74125a255c065073eaa079b78c5584771666a5759a4092ee7?s=96&d=mm&r=g\",\"caption\":\"ARQ-ICI\"},\"description\":\"Uninter Escuela de Arquitectura e Ingenier\u00eda Civil\",\"sameAs\":[\"https:\/\/uninter.edu.mx\/\",\"https:\/\/www.facebook.com\/uninterArq\",\"https:\/\/www.instagram.com\/arqiciuninter\/\"],\"url\":\"https:\/\/blogs.uninter.edu.mx\/ARQ-ICI\/index.php\/author\/npopoca\/\"}]}<\/script>\r\n<!-- \/ Yoast SEO plugin. -->","yoast_head_json":{"title":"Alumno de Ingenier\u00eda Civil asiste a curso de HEC-GeoRAS","description":"Alumno de la carrera de Ingenier\u00eda Civil particip\u00f3 en el curso HEC-GeoRAS en el Colegio de Ingenieros Civiles del Estado de Morelos.","robots":{"index":"index","follow":"follow","max-snippet":"max-snippet:-1","max-image-preview":"max-image-preview:large","max-video-preview":"max-video-preview:-1"},"canonical":"https:\/\/blogs.uninter.edu.mx\/ARQ-ICI\/index.php\/2019\/09\/09\/alumno-de-ingenieria-civil-asiste-a-curso-de-hec-georas\/","og_locale":"es_MX","og_type":"article","og_title":"Alumno de Ingenier\u00eda Civil asiste a curso de HEC-GeoRAS","og_description":"Alumno de la carrera de Ingenier\u00eda Civil particip\u00f3 en el curso HEC-GeoRAS en el Colegio de Ingenieros Civiles del Estado de Morelos.","og_url":"https:\/\/blogs.uninter.edu.mx\/ARQ-ICI\/index.php\/2019\/09\/09\/alumno-de-ingenieria-civil-asiste-a-curso-de-hec-georas\/","og_site_name":"ARQ - ICI","article_author":"https:\/\/www.facebook.com\/uninterArq","article_published_time":"2019-09-09T14:30:43+00:00","article_modified_time":"2019-09-09T14:13:27+00:00","og_image":[{"width":960,"height":720,"url":"https:\/\/blogs.uninter.edu.mx\/ARQ-ICI\/wp-content\/uploads\/2019\/09\/Dan-Curso.jpg","type":"image\/jpeg"}],"author":"ARQ-ICI","twitter_card":"summary_large_image","twitter_misc":{"Escrito por":"ARQ-ICI","Tiempo de lectura":"1 minuto"},"schema":{"@context":"https:\/\/schema.org","@graph":[{"@type":"WebPage","@id":"https:\/\/blogs.uninter.edu.mx\/ARQ-ICI\/index.php\/2019\/09\/09\/alumno-de-ingenieria-civil-asiste-a-curso-de-hec-georas\/","url":"https:\/\/blogs.uninter.edu.mx\/ARQ-ICI\/index.php\/2019\/09\/09\/alumno-de-ingenieria-civil-asiste-a-curso-de-hec-georas\/","name":"Alumno de Ingenier\u00eda Civil asiste a curso de HEC-GeoRAS","isPartOf":{"@id":"https:\/\/blogs.uninter.edu.mx\/ARQ-ICI\/#website"},"datePublished":"2019-09-09T14:30:43+00:00","dateModified":"2019-09-09T14:13:27+00:00","author":{"@id":"https:\/\/blogs.uninter.edu.mx\/ARQ-ICI\/#\/schema\/person\/19228d6f167076fdc77891c08be4a6d0"},"description":"Alumno de la carrera de Ingenier\u00eda Civil particip\u00f3 en el curso HEC-GeoRAS en el Colegio de Ingenieros Civiles del Estado de Morelos.","breadcrumb":{"@id":"https:\/\/blogs.uninter.edu.mx\/ARQ-ICI\/index.php\/2019\/09\/09\/alumno-de-ingenieria-civil-asiste-a-curso-de-hec-georas\/#breadcrumb"},"inLanguage":"es","potentialAction":[{"@type":"ReadAction","target":["https:\/\/blogs.uninter.edu.mx\/ARQ-ICI\/index.php\/2019\/09\/09\/alumno-de-ingenieria-civil-asiste-a-curso-de-hec-georas\/"]}]},{"@type":"BreadcrumbList","@id":"https:\/\/blogs.uninter.edu.mx\/ARQ-ICI\/index.php\/2019\/09\/09\/alumno-de-ingenieria-civil-asiste-a-curso-de-hec-georas\/#breadcrumb","itemListElement":[{"@type":"ListItem","position":1,"name":"Inicio","item":"https:\/\/blogs.uninter.edu.mx\/ARQ-ICI\/"},{"@type":"ListItem","position":2,"name":"Alumno de Ingenier\u00eda Civil asiste a curso de HEC-GeoRAS #UNINTER #CICEM"}]},{"@type":"WebSite","@id":"https:\/\/blogs.uninter.edu.mx\/ARQ-ICI\/#website","url":"https:\/\/blogs.uninter.edu.mx\/ARQ-ICI\/","name":"ARQ - ICI","description":"UNINTER","potentialAction":[{"@type":"SearchAction","target":{"@type":"EntryPoint","urlTemplate":"https:\/\/blogs.uninter.edu.mx\/ARQ-ICI\/?s={search_term_string}"},"query-input":"required name=search_term_string"}],"inLanguage":"es"},{"@type":"Person","@id":"https:\/\/blogs.uninter.edu.mx\/ARQ-ICI\/#\/schema\/person\/19228d6f167076fdc77891c08be4a6d0","name":"ARQ-ICI","image":{"@type":"ImageObject","inLanguage":"es","@id":"https:\/\/blogs.uninter.edu.mx\/ARQ-ICI\/#\/schema\/person\/image\/","url":"https:\/\/secure.gravatar.com\/avatar\/64d57e760ba53ce74125a255c065073eaa079b78c5584771666a5759a4092ee7?s=96&d=mm&r=g","contentUrl":"https:\/\/secure.gravatar.com\/avatar\/64d57e760ba53ce74125a255c065073eaa079b78c5584771666a5759a4092ee7?s=96&d=mm&r=g","caption":"ARQ-ICI"},"description":"Uninter Escuela de Arquitectura e Ingenier\u00eda Civil","sameAs":["https:\/\/uninter.edu.mx\/","https:\/\/www.facebook.com\/uninterArq","https:\/\/www.instagram.com\/arqiciuninter\/"],"url":"https:\/\/blogs.uninter.edu.mx\/ARQ-ICI\/index.php\/author\/npopoca\/"}]}},"jetpack_sharing_enabled":true,"jetpack_featured_media_url":"https:\/\/blogs.uninter.edu.mx\/ARQ-ICI\/wp-content\/uploads\/2019\/09\/Dan-Curso.jpg","_links":{"self":[{"href":"https:\/\/blogs.uninter.edu.mx\/ARQ-ICI\/index.php\/wp-json\/wp\/v2\/posts\/250","targetHints":{"allow":["GET"]}}],"collection":[{"href":"https:\/\/blogs.uninter.edu.mx\/ARQ-ICI\/index.php\/wp-json\/wp\/v2\/posts"}],"about":[{"href":"https:\/\/blogs.uninter.edu.mx\/ARQ-ICI\/index.php\/wp-json\/wp\/v2\/types\/post"}],"author":[{"embeddable":true,"href":"https:\/\/blogs.uninter.edu.mx\/ARQ-ICI\/index.php\/wp-json\/wp\/v2\/users\/3"}],"replies":[{"embeddable":true,"href":"https:\/\/blogs.uninter.edu.mx\/ARQ-ICI\/index.php\/wp-json\/wp\/v2\/comments?post=250"}],"version-history":[{"count":9,"href":"https:\/\/blogs.uninter.edu.mx\/ARQ-ICI\/index.php\/wp-json\/wp\/v2\/posts\/250\/revisions"}],"predecessor-version":[{"id":273,"href":"https:\/\/blogs.uninter.edu.mx\/ARQ-ICI\/index.php\/wp-json\/wp\/v2\/posts\/250\/revisions\/273"}],"wp:featuredmedia":[{"embeddable":true,"href":"https:\/\/blogs.uninter.edu.mx\/ARQ-ICI\/index.php\/wp-json\/wp\/v2\/media\/253"}],"wp:attachment":[{"href":"https:\/\/blogs.uninter.edu.mx\/ARQ-ICI\/index.php\/wp-json\/wp\/v2\/media?parent=250"}],"wp:term":[{"taxonomy":"category","embeddable":true,"href":"https:\/\/blogs.uninter.edu.mx\/ARQ-ICI\/index.php\/wp-json\/wp\/v2\/categories?post=250"},{"taxonomy":"post_tag","embeddable":true,"href":"https:\/\/blogs.uninter.edu.mx\/ARQ-ICI\/index.php\/wp-json\/wp\/v2\/tags?post=250"}],"curies":[{"name":"wp","href":"https:\/\/api.w.org\/{rel}","templated":true}]}}