{"id":1218,"date":"2013-06-05T14:41:01","date_gmt":"2013-06-05T19:41:01","guid":{"rendered":"https:\/\/porrasuninter.wordpress.com\/?p=1218"},"modified":"2013-06-05T14:41:01","modified_gmt":"2013-06-05T19:41:01","slug":"siu","status":"publish","type":"post","link":"https:\/\/blogs.uninter.edu.mx\/CheerDance\/index.php\/2013\/06\/05\/siu\/","title":{"rendered":"SIU"},"content":{"rendered":"<p>Porristas SIU<br \/>\nOtro de nuestros logros en esta temporada fue tener por primer a\u00f1o un equipo representante de la secundaria Internacional, quienes tuvieron su primer presentaci\u00f3n en el regional sur realizado en Beraka.<br \/>\nMuchas felicidades a todas las ni\u00f1as y a su entrenadora Lorena Guill\u00e9n<\/p>\n<p><a href=\"http:\/\/porrasuninter.wordpress.com\/wp-content\/uploads\/2013\/06\/20130605-143942.jpg\"><img decoding=\"async\" class=\"alignnone size-full\" src=\"http:\/\/porrasuninter.wordpress.com\/wp-content\/uploads\/2013\/06\/20130605-143942.jpg\" alt=\"20130605-143942.jpg\" \/><\/a><\/p>\n","protected":false},"excerpt":{"rendered":"<p>Porristas SIU Otro de nuestros logros en esta temporada fue tener por primer a\u00f1o un equipo representante de la secundaria Internacional, quienes tuvieron su primer presentaci\u00f3n en el regional sur realizado en Beraka. Muchas felicidades a todas las ni\u00f1as y a su entrenadora Lorena Guill\u00e9n<\/p>\n","protected":false},"author":12,"featured_media":1250,"comment_status":"closed","ping_status":"open","sticky":false,"template":"","format":"standard","meta":{"_jetpack_memberships_contains_paid_content":false,"footnotes":"","jetpack_publicize_message":"","jetpack_publicize_feature_enabled":true,"jetpack_social_post_already_shared":false,"jetpack_social_options":{"image_generator_settings":{"template":"highway","enabled":false}}},"categories":[3,8],"tags":[],"class_list":["post-1218","post","type-post","status-publish","format-standard","has-post-thumbnail","hentry","category-comunidad-porrista","category-logros-obtenidos"],"jetpack_publicize_connections":[],"yoast_head":"<!-- This site is optimized with the Yoast SEO plugin v22.8 - https:\/\/yoast.com\/wordpress\/plugins\/seo\/ -->\r\n<title>SIU - Cheer-Dance<\/title>\r\n<meta name=\"robots\" content=\"noindex, follow, max-snippet:-1, max-image-preview:large, max-video-preview:-1\" \/>\r\n<meta property=\"og:locale\" content=\"es_MX\" \/>\r\n<meta property=\"og:type\" content=\"article\" \/>\r\n<meta property=\"og:title\" content=\"SIU - Cheer-Dance\" \/>\r\n<meta property=\"og:description\" content=\"Porristas SIU Otro de nuestros logros en esta temporada fue tener por primer a\u00f1o un equipo representante de la secundaria Internacional, quienes tuvieron su primer presentaci\u00f3n en el regional sur realizado en Beraka. Muchas felicidades a todas las ni\u00f1as y a su entrenadora Lorena Guill\u00e9n\" \/>\r\n<meta property=\"og:url\" content=\"https:\/\/blogs.uninter.edu.mx\/CheerDance\/index.php\/2013\/06\/05\/siu\/\" \/>\r\n<meta property=\"og:site_name\" content=\"Cheer-Dance\" \/>\r\n<meta property=\"article:published_time\" content=\"2013-06-05T19:41:01+00:00\" \/>\r\n<meta name=\"author\" content=\"cheerdanceuninter\" \/>\r\n<meta name=\"twitter:card\" content=\"summary_large_image\" \/>\r\n<meta name=\"twitter:label1\" content=\"Escrito por\" \/>\n\t<meta name=\"twitter:data1\" content=\"cheerdanceuninter\" \/>\r\n<script type=\"application\/ld+json\" class=\"yoast-schema-graph\">{\"@context\":\"https:\/\/schema.org\",\"@graph\":[{\"@type\":\"WebPage\",\"@id\":\"https:\/\/blogs.uninter.edu.mx\/CheerDance\/index.php\/2013\/06\/05\/siu\/\",\"url\":\"https:\/\/blogs.uninter.edu.mx\/CheerDance\/index.php\/2013\/06\/05\/siu\/\",\"name\":\"SIU - Cheer-Dance\",\"isPartOf\":{\"@id\":\"https:\/\/blogs.uninter.edu.mx\/CheerDance\/#website\"},\"primaryImageOfPage\":{\"@id\":\"https:\/\/blogs.uninter.edu.mx\/CheerDance\/index.php\/2013\/06\/05\/siu\/#primaryimage\"},\"image\":{\"@id\":\"https:\/\/blogs.uninter.edu.mx\/CheerDance\/index.php\/2013\/06\/05\/siu\/#primaryimage\"},\"thumbnailUrl\":\"\",\"datePublished\":\"2013-06-05T19:41:01+00:00\",\"dateModified\":\"2013-06-05T19:41:01+00:00\",\"author\":{\"@id\":\"https:\/\/blogs.uninter.edu.mx\/CheerDance\/#\/schema\/person\/400374f4895f5bdfd125214086314e6c\"},\"breadcrumb\":{\"@id\":\"https:\/\/blogs.uninter.edu.mx\/CheerDance\/index.php\/2013\/06\/05\/siu\/#breadcrumb\"},\"inLanguage\":\"es-MX\",\"potentialAction\":[{\"@type\":\"ReadAction\",\"target\":[\"https:\/\/blogs.uninter.edu.mx\/CheerDance\/index.php\/2013\/06\/05\/siu\/\"]}]},{\"@type\":\"ImageObject\",\"inLanguage\":\"es-MX\",\"@id\":\"https:\/\/blogs.uninter.edu.mx\/CheerDance\/index.php\/2013\/06\/05\/siu\/#primaryimage\",\"url\":\"\",\"contentUrl\":\"\"},{\"@type\":\"BreadcrumbList\",\"@id\":\"https:\/\/blogs.uninter.edu.mx\/CheerDance\/index.php\/2013\/06\/05\/siu\/#breadcrumb\",\"itemListElement\":[{\"@type\":\"ListItem\",\"position\":1,\"name\":\"Inicio\",\"item\":\"https:\/\/blogs.uninter.edu.mx\/CheerDance\/\"},{\"@type\":\"ListItem\",\"position\":2,\"name\":\"SIU\"}]},{\"@type\":\"WebSite\",\"@id\":\"https:\/\/blogs.uninter.edu.mx\/CheerDance\/#website\",\"url\":\"https:\/\/blogs.uninter.edu.mx\/CheerDance\/\",\"name\":\"Cheer-Dance\",\"description\":\"\",\"potentialAction\":[{\"@type\":\"SearchAction\",\"target\":{\"@type\":\"EntryPoint\",\"urlTemplate\":\"https:\/\/blogs.uninter.edu.mx\/CheerDance\/?s={search_term_string}\"},\"query-input\":\"required name=search_term_string\"}],\"inLanguage\":\"es-MX\"},{\"@type\":\"Person\",\"@id\":\"https:\/\/blogs.uninter.edu.mx\/CheerDance\/#\/schema\/person\/400374f4895f5bdfd125214086314e6c\",\"name\":\"cheerdanceuninter\",\"image\":{\"@type\":\"ImageObject\",\"inLanguage\":\"es-MX\",\"@id\":\"https:\/\/blogs.uninter.edu.mx\/CheerDance\/#\/schema\/person\/image\/\",\"url\":\"https:\/\/secure.gravatar.com\/avatar\/0f2f6f79c3dbb756a8247f30da5d22954c7d050d1cb2f994e9f8a130e0dfde68?s=96&d=mm&r=g\",\"contentUrl\":\"https:\/\/secure.gravatar.com\/avatar\/0f2f6f79c3dbb756a8247f30da5d22954c7d050d1cb2f994e9f8a130e0dfde68?s=96&d=mm&r=g\",\"caption\":\"cheerdanceuninter\"},\"url\":\"https:\/\/blogs.uninter.edu.mx\/CheerDance\/index.php\/author\/cheerdanceuninter\/\"}]}<\/script>\r\n<!-- \/ Yoast SEO plugin. -->","yoast_head_json":{"title":"SIU - Cheer-Dance","robots":{"index":"noindex","follow":"follow","max-snippet":"max-snippet:-1","max-image-preview":"max-image-preview:large","max-video-preview":"max-video-preview:-1"},"og_locale":"es_MX","og_type":"article","og_title":"SIU - Cheer-Dance","og_description":"Porristas SIU Otro de nuestros logros en esta temporada fue tener por primer a\u00f1o un equipo representante de la secundaria Internacional, quienes tuvieron su primer presentaci\u00f3n en el regional sur realizado en Beraka. Muchas felicidades a todas las ni\u00f1as y a su entrenadora Lorena Guill\u00e9n","og_url":"https:\/\/blogs.uninter.edu.mx\/CheerDance\/index.php\/2013\/06\/05\/siu\/","og_site_name":"Cheer-Dance","article_published_time":"2013-06-05T19:41:01+00:00","author":"cheerdanceuninter","twitter_card":"summary_large_image","twitter_misc":{"Escrito por":"cheerdanceuninter"},"schema":{"@context":"https:\/\/schema.org","@graph":[{"@type":"WebPage","@id":"https:\/\/blogs.uninter.edu.mx\/CheerDance\/index.php\/2013\/06\/05\/siu\/","url":"https:\/\/blogs.uninter.edu.mx\/CheerDance\/index.php\/2013\/06\/05\/siu\/","name":"SIU - Cheer-Dance","isPartOf":{"@id":"https:\/\/blogs.uninter.edu.mx\/CheerDance\/#website"},"primaryImageOfPage":{"@id":"https:\/\/blogs.uninter.edu.mx\/CheerDance\/index.php\/2013\/06\/05\/siu\/#primaryimage"},"image":{"@id":"https:\/\/blogs.uninter.edu.mx\/CheerDance\/index.php\/2013\/06\/05\/siu\/#primaryimage"},"thumbnailUrl":"","datePublished":"2013-06-05T19:41:01+00:00","dateModified":"2013-06-05T19:41:01+00:00","author":{"@id":"https:\/\/blogs.uninter.edu.mx\/CheerDance\/#\/schema\/person\/400374f4895f5bdfd125214086314e6c"},"breadcrumb":{"@id":"https:\/\/blogs.uninter.edu.mx\/CheerDance\/index.php\/2013\/06\/05\/siu\/#breadcrumb"},"inLanguage":"es-MX","potentialAction":[{"@type":"ReadAction","target":["https:\/\/blogs.uninter.edu.mx\/CheerDance\/index.php\/2013\/06\/05\/siu\/"]}]},{"@type":"ImageObject","inLanguage":"es-MX","@id":"https:\/\/blogs.uninter.edu.mx\/CheerDance\/index.php\/2013\/06\/05\/siu\/#primaryimage","url":"","contentUrl":""},{"@type":"BreadcrumbList","@id":"https:\/\/blogs.uninter.edu.mx\/CheerDance\/index.php\/2013\/06\/05\/siu\/#breadcrumb","itemListElement":[{"@type":"ListItem","position":1,"name":"Inicio","item":"https:\/\/blogs.uninter.edu.mx\/CheerDance\/"},{"@type":"ListItem","position":2,"name":"SIU"}]},{"@type":"WebSite","@id":"https:\/\/blogs.uninter.edu.mx\/CheerDance\/#website","url":"https:\/\/blogs.uninter.edu.mx\/CheerDance\/","name":"Cheer-Dance","description":"","potentialAction":[{"@type":"SearchAction","target":{"@type":"EntryPoint","urlTemplate":"https:\/\/blogs.uninter.edu.mx\/CheerDance\/?s={search_term_string}"},"query-input":"required name=search_term_string"}],"inLanguage":"es-MX"},{"@type":"Person","@id":"https:\/\/blogs.uninter.edu.mx\/CheerDance\/#\/schema\/person\/400374f4895f5bdfd125214086314e6c","name":"cheerdanceuninter","image":{"@type":"ImageObject","inLanguage":"es-MX","@id":"https:\/\/blogs.uninter.edu.mx\/CheerDance\/#\/schema\/person\/image\/","url":"https:\/\/secure.gravatar.com\/avatar\/0f2f6f79c3dbb756a8247f30da5d22954c7d050d1cb2f994e9f8a130e0dfde68?s=96&d=mm&r=g","contentUrl":"https:\/\/secure.gravatar.com\/avatar\/0f2f6f79c3dbb756a8247f30da5d22954c7d050d1cb2f994e9f8a130e0dfde68?s=96&d=mm&r=g","caption":"cheerdanceuninter"},"url":"https:\/\/blogs.uninter.edu.mx\/CheerDance\/index.php\/author\/cheerdanceuninter\/"}]}},"jetpack_featured_media_url":"","jetpack_sharing_enabled":true,"_links":{"self":[{"href":"https:\/\/blogs.uninter.edu.mx\/CheerDance\/index.php\/wp-json\/wp\/v2\/posts\/1218","targetHints":{"allow":["GET"]}}],"collection":[{"href":"https:\/\/blogs.uninter.edu.mx\/CheerDance\/index.php\/wp-json\/wp\/v2\/posts"}],"about":[{"href":"https:\/\/blogs.uninter.edu.mx\/CheerDance\/index.php\/wp-json\/wp\/v2\/types\/post"}],"author":[{"embeddable":true,"href":"https:\/\/blogs.uninter.edu.mx\/CheerDance\/index.php\/wp-json\/wp\/v2\/users\/12"}],"replies":[{"embeddable":true,"href":"https:\/\/blogs.uninter.edu.mx\/CheerDance\/index.php\/wp-json\/wp\/v2\/comments?post=1218"}],"version-history":[{"count":0,"href":"https:\/\/blogs.uninter.edu.mx\/CheerDance\/index.php\/wp-json\/wp\/v2\/posts\/1218\/revisions"}],"wp:featuredmedia":[{"embeddable":true,"href":"https:\/\/blogs.uninter.edu.mx\/CheerDance\/index.php\/wp-json\/"}],"wp:attachment":[{"href":"https:\/\/blogs.uninter.edu.mx\/CheerDance\/index.php\/wp-json\/wp\/v2\/media?parent=1218"}],"wp:term":[{"taxonomy":"category","embeddable":true,"href":"https:\/\/blogs.uninter.edu.mx\/CheerDance\/index.php\/wp-json\/wp\/v2\/categories?post=1218"},{"taxonomy":"post_tag","embeddable":true,"href":"https:\/\/blogs.uninter.edu.mx\/CheerDance\/index.php\/wp-json\/wp\/v2\/tags?post=1218"}],"curies":[{"name":"wp","href":"https:\/\/api.w.org\/{rel}","templated":true}]}}