{"id":3220,"date":"2018-06-08T11:14:28","date_gmt":"2018-06-08T16:14:28","guid":{"rendered":"https:\/\/porrasuninter.wordpress.com\/?p=3220"},"modified":"2018-06-08T11:14:28","modified_gmt":"2018-06-08T16:14:28","slug":"abandera-feuan-porra-universitaria-rumbo-a-la-competencia-mundial","status":"publish","type":"post","link":"https:\/\/blogs.uninter.edu.mx\/CheerDance\/index.php\/2018\/06\/08\/abandera-feuan-porra-universitaria-rumbo-a-la-competencia-mundial\/","title":{"rendered":"Abandera FEUAN porra universitaria rumbo a la competencia Mundial"},"content":{"rendered":"<p style=\"text-align:justify;\">La Federaci\u00f3n de Estudiantes de la Universidad Aut\u00f3noma de Nayarit encabez\u00f3 abanderamiento de la porra universitaria FEUAN 2018, que esta vez no \u00fanicamente ser\u00e1 representante del estado de Nayarit sino adem\u00e1s de M\u00e9xico en el Mundial de Porras, que se estar\u00e1 efectuando del 25 de abril al 01 de mayo en la sede Orlando Florida en Estados Unidos, donde se estar\u00e1n disputado el t\u00edtulo del Campeonato con 39 pa\u00edses.<\/p>\n<p style=\"text-align:justify;\">Como invitados de honor a este abanderamiento, asisti\u00f3, con la representaci\u00f3n del gobernador del estado Antonio Echavarr\u00eda Garc\u00eda, Ixtchel Fregoso Moncada, directora del Instituto Nayarita de la Juventud (INJUVE), lo mismo que Adri\u00e1n Navarrete, Secretario general de la UAN, quien llev\u00f3 la representaci\u00f3n del rector del alma mater, Jorge Ignacio Pe\u00f1a Gonz\u00e1lez.<\/p>\n<p>Fue Aar\u00f3n Verduzco Beltr\u00e1n, presidente de FEUAN quien habl\u00f3 que tan relevante es \u00e9ste tipo de campeonato.\u00a0 \u201cEs un evento a nivel mundial, como lo hemos manifestado si en las justas deportivas, \u00e9ste deporte-animaci\u00f3n, lo equiparamos ser\u00eda como la Copa FIFA, para quienes se desempe\u00f1an en este \u00e1mbito, entonces mis compa\u00f1eros de la porra FEUAN lleva desde mucho tiempo de preparaci\u00f3n f\u00edsica y mental, ha estado en diversas competencias a nivel nacional y se han ganado que sea la delegaci\u00f3n representativa tambi\u00e9n de nuestro estado y tambi\u00e9n l\u00f3gicamente de parte del pa\u00eds en el cual en Orlando Florida, se destacara esta competencia a nivel mundial, para nosotros desde luego que nos llena de benepl\u00e1cito porque justamente esto es resultado de mucho esfuerzo y quiero agradecer aqu\u00ed muy puntualmente a la colaboraci\u00f3n completa de nuestro rector, Jorge Ignacio Pe\u00f1a Gonz\u00e1lez por el compromiso que hay con la austeridad y en este caso con el bien uso de los recursos, pero austeridad no significa pobreza para las actividades, que justamente desempe\u00f1an historias de \u00e9xito de mis compa\u00f1eros estudiantes el d\u00eda de hoy ha hecho todo un esfuerzo para poder llegar a esta c\u00faspide de un mundial, lo que representa para 28 j\u00f3venes que estar\u00e1n directamente representando a la UAN, a nuestro estado y a nuestro pa\u00eds.<\/p>\n<p>Entonces por ello, tambi\u00e9n agradecer a nuestro gobernador Antonio Echevarr\u00eda, y a nuestro diputado presidente Leopoldo Dom\u00ednguez por el apoyo tambi\u00e9n vertido hacia los diferentes gastos que requieren mis compa\u00f1eros, desde tiempos antes, l\u00f3gicamente las solicitudes de Visa, los permisos correspondiente para salir a las diversas delegaciones y competencias en el pa\u00eds, el haberlas ganado, el tener su uniformidad, sus vi\u00e1ticos, gastos, l\u00f3gicamente vuelos, hospedajes y dem\u00e1s, pues esto es un esfuerzo en conjunto y l\u00f3gicamente pues para nosotros nos llena de orgullo que a pesar de cualquier constancia pues podemos enfrentarlo, tratando de llevar estas historias de \u00e9xito a que tengan una competencia y ojala primeramente por el esfuerzo y por todas la ganas que le imprimen nos traigamos un lugar mundial\u201d.<\/p>\n<p>Por su parte Armando C\u00e1rdenas, Couch y entrenador de la Porra Universitaria FEUAN 2018, hizo saber que para la\u00a0ocasi\u00f3n se trabaj\u00f3 arduamente por lo que se tiene confianza de obtener excelentes resultados, que podr\u00edan superar ediciones y campeonatos pasados donde se han logrado a obtener desde un octavo y quinto lugar a nivel mundial.<\/p>\n<p>\u201cAhorita con la rutina, seguramente estaremos pasando a la final, ya que la preliminar es el domingo, tenemos concentraci\u00f3n, el domingo es la semifinal y estoy, mejor dicho, mi compromiso con la universidad y con todos ustedes los que hacen posible este gran sue\u00f1o de todos los muchachos es llegar a la final el d\u00eda lunes.<\/p>\n<p>Cu\u00e1l es el pa\u00eds m\u00e1s fuerte a vencer?- El pa\u00eds a vencer es pues el pa\u00eds sede E.U., coment\u00e1ndoles pues que estamos y hemos jugado ah\u00ed un rol muy importante, Chile y M\u00e9xico , que son los m\u00e1s fuertes en Latinoam\u00e9rica y seguramente estar\u00e1 jugando un lugar importante Canad\u00e1, pero queremos llegar entre los tres primeros lugares, ojala y podamos traer un presea para nuestro estado y para nuestra universidad, pero tambi\u00e9n andamos buscando posesionarnos en el Top \u2013Ten, ya que les anuncio que es un deporte que a partir del 2013, posiblemente se estar\u00e1 llevando a las olimpiadas que est\u00e1n por llegar, es decir las pr\u00f3ximas\u201d, apunt\u00f3.<\/p>\n<p><img loading=\"lazy\" decoding=\"async\" class=\"alignnone size-full wp-image-3221\" src=\"https:\/\/porrasuninter.wordpress.com\/wp-content\/uploads\/2018\/06\/cbc74583bf814523af7dfcda12dc448d.jpg\" alt=\"cbc74583bf814523af7dfcda12dc448d\" width=\"3552\" height=\"2368\" \/><\/p>\n","protected":false},"excerpt":{"rendered":"<p>La Federaci\u00f3n de Estudiantes de la Universidad Aut\u00f3noma de Nayarit encabez\u00f3 abanderamiento de la porra universitaria FEUAN 2018, que esta vez no \u00fanicamente ser\u00e1 representante del estado de Nayarit sino adem\u00e1s de M\u00e9xico en el Mundial de Porras, que se estar\u00e1 efectuando del 25 de abril al 01 de mayo en la sede Orlando Florida&hellip;<\/p>\n","protected":false},"author":9,"featured_media":0,"comment_status":"closed","ping_status":"open","sticky":false,"template":"","format":"standard","meta":{"_jetpack_memberships_contains_paid_content":false,"footnotes":"","jetpack_publicize_message":"","jetpack_publicize_feature_enabled":true,"jetpack_social_post_already_shared":false,"jetpack_social_options":{"image_generator_settings":{"template":"highway","enabled":false}}},"categories":[3],"tags":[],"class_list":["post-3220","post","type-post","status-publish","format-standard","hentry","category-comunidad-porrista"],"jetpack_publicize_connections":[],"yoast_head":"<!-- This site is optimized with the Yoast SEO plugin v22.8 - https:\/\/yoast.com\/wordpress\/plugins\/seo\/ -->\r\n<title>Abandera FEUAN porra universitaria rumbo a la competencia Mundial - Cheer-Dance<\/title>\r\n<meta name=\"robots\" content=\"noindex, follow, max-snippet:-1, max-image-preview:large, max-video-preview:-1\" \/>\r\n<meta property=\"og:locale\" content=\"es_MX\" \/>\r\n<meta property=\"og:type\" content=\"article\" \/>\r\n<meta property=\"og:title\" content=\"Abandera FEUAN porra universitaria rumbo a la competencia Mundial - Cheer-Dance\" \/>\r\n<meta property=\"og:description\" content=\"La Federaci\u00f3n de Estudiantes de la Universidad Aut\u00f3noma de Nayarit encabez\u00f3 abanderamiento de la porra universitaria FEUAN 2018, que esta vez no \u00fanicamente ser\u00e1 representante del estado de Nayarit sino adem\u00e1s de M\u00e9xico en el Mundial de Porras, que se estar\u00e1 efectuando del 25 de abril al 01 de mayo en la sede Orlando Florida&hellip;\" \/>\r\n<meta property=\"og:url\" content=\"https:\/\/blogs.uninter.edu.mx\/CheerDance\/index.php\/2018\/06\/08\/abandera-feuan-porra-universitaria-rumbo-a-la-competencia-mundial\/\" \/>\r\n<meta property=\"og:site_name\" content=\"Cheer-Dance\" \/>\r\n<meta property=\"article:published_time\" content=\"2018-06-08T16:14:28+00:00\" \/>\r\n<meta property=\"og:image\" content=\"https:\/\/porrasuninter.wordpress.com\/wp-content\/uploads\/2018\/06\/cbc74583bf814523af7dfcda12dc448d.jpg\" \/>\r\n<meta name=\"author\" content=\"luzgalvez\" \/>\r\n<meta name=\"twitter:card\" content=\"summary_large_image\" \/>\r\n<meta name=\"twitter:label1\" content=\"Escrito por\" \/>\n\t<meta name=\"twitter:data1\" content=\"luzgalvez\" \/>\n\t<meta name=\"twitter:label2\" content=\"Tiempo de lectura\" \/>\n\t<meta name=\"twitter:data2\" content=\"4 minutos\" \/>\r\n<script type=\"application\/ld+json\" class=\"yoast-schema-graph\">{\"@context\":\"https:\/\/schema.org\",\"@graph\":[{\"@type\":\"WebPage\",\"@id\":\"https:\/\/blogs.uninter.edu.mx\/CheerDance\/index.php\/2018\/06\/08\/abandera-feuan-porra-universitaria-rumbo-a-la-competencia-mundial\/\",\"url\":\"https:\/\/blogs.uninter.edu.mx\/CheerDance\/index.php\/2018\/06\/08\/abandera-feuan-porra-universitaria-rumbo-a-la-competencia-mundial\/\",\"name\":\"Abandera FEUAN porra universitaria rumbo a la competencia Mundial - Cheer-Dance\",\"isPartOf\":{\"@id\":\"https:\/\/blogs.uninter.edu.mx\/CheerDance\/#website\"},\"primaryImageOfPage\":{\"@id\":\"https:\/\/blogs.uninter.edu.mx\/CheerDance\/index.php\/2018\/06\/08\/abandera-feuan-porra-universitaria-rumbo-a-la-competencia-mundial\/#primaryimage\"},\"image\":{\"@id\":\"https:\/\/blogs.uninter.edu.mx\/CheerDance\/index.php\/2018\/06\/08\/abandera-feuan-porra-universitaria-rumbo-a-la-competencia-mundial\/#primaryimage\"},\"thumbnailUrl\":\"https:\/\/porrasuninter.wordpress.com\/wp-content\/uploads\/2018\/06\/cbc74583bf814523af7dfcda12dc448d.jpg\",\"datePublished\":\"2018-06-08T16:14:28+00:00\",\"dateModified\":\"2018-06-08T16:14:28+00:00\",\"author\":{\"@id\":\"https:\/\/blogs.uninter.edu.mx\/CheerDance\/#\/schema\/person\/0f765f51a7be914d757e4a323ddda337\"},\"breadcrumb\":{\"@id\":\"https:\/\/blogs.uninter.edu.mx\/CheerDance\/index.php\/2018\/06\/08\/abandera-feuan-porra-universitaria-rumbo-a-la-competencia-mundial\/#breadcrumb\"},\"inLanguage\":\"es-MX\",\"potentialAction\":[{\"@type\":\"ReadAction\",\"target\":[\"https:\/\/blogs.uninter.edu.mx\/CheerDance\/index.php\/2018\/06\/08\/abandera-feuan-porra-universitaria-rumbo-a-la-competencia-mundial\/\"]}]},{\"@type\":\"ImageObject\",\"inLanguage\":\"es-MX\",\"@id\":\"https:\/\/blogs.uninter.edu.mx\/CheerDance\/index.php\/2018\/06\/08\/abandera-feuan-porra-universitaria-rumbo-a-la-competencia-mundial\/#primaryimage\",\"url\":\"https:\/\/porrasuninter.wordpress.com\/wp-content\/uploads\/2018\/06\/cbc74583bf814523af7dfcda12dc448d.jpg\",\"contentUrl\":\"https:\/\/porrasuninter.wordpress.com\/wp-content\/uploads\/2018\/06\/cbc74583bf814523af7dfcda12dc448d.jpg\"},{\"@type\":\"BreadcrumbList\",\"@id\":\"https:\/\/blogs.uninter.edu.mx\/CheerDance\/index.php\/2018\/06\/08\/abandera-feuan-porra-universitaria-rumbo-a-la-competencia-mundial\/#breadcrumb\",\"itemListElement\":[{\"@type\":\"ListItem\",\"position\":1,\"name\":\"Inicio\",\"item\":\"https:\/\/blogs.uninter.edu.mx\/CheerDance\/\"},{\"@type\":\"ListItem\",\"position\":2,\"name\":\"Abandera FEUAN porra universitaria rumbo a la competencia Mundial\"}]},{\"@type\":\"WebSite\",\"@id\":\"https:\/\/blogs.uninter.edu.mx\/CheerDance\/#website\",\"url\":\"https:\/\/blogs.uninter.edu.mx\/CheerDance\/\",\"name\":\"Cheer-Dance\",\"description\":\"\",\"potentialAction\":[{\"@type\":\"SearchAction\",\"target\":{\"@type\":\"EntryPoint\",\"urlTemplate\":\"https:\/\/blogs.uninter.edu.mx\/CheerDance\/?s={search_term_string}\"},\"query-input\":\"required name=search_term_string\"}],\"inLanguage\":\"es-MX\"},{\"@type\":\"Person\",\"@id\":\"https:\/\/blogs.uninter.edu.mx\/CheerDance\/#\/schema\/person\/0f765f51a7be914d757e4a323ddda337\",\"name\":\"luzgalvez\",\"image\":{\"@type\":\"ImageObject\",\"inLanguage\":\"es-MX\",\"@id\":\"https:\/\/blogs.uninter.edu.mx\/CheerDance\/#\/schema\/person\/image\/\",\"url\":\"https:\/\/secure.gravatar.com\/avatar\/cf42be0541bffe97edcfdd314483f26481497b0a6a32669684590878e1ee0288?s=96&d=mm&r=g\",\"contentUrl\":\"https:\/\/secure.gravatar.com\/avatar\/cf42be0541bffe97edcfdd314483f26481497b0a6a32669684590878e1ee0288?s=96&d=mm&r=g\",\"caption\":\"luzgalvez\"},\"url\":\"https:\/\/blogs.uninter.edu.mx\/CheerDance\/index.php\/author\/luzgalvez\/\"}]}<\/script>\r\n<!-- \/ Yoast SEO plugin. -->","yoast_head_json":{"title":"Abandera FEUAN porra universitaria rumbo a la competencia Mundial - Cheer-Dance","robots":{"index":"noindex","follow":"follow","max-snippet":"max-snippet:-1","max-image-preview":"max-image-preview:large","max-video-preview":"max-video-preview:-1"},"og_locale":"es_MX","og_type":"article","og_title":"Abandera FEUAN porra universitaria rumbo a la competencia Mundial - Cheer-Dance","og_description":"La Federaci\u00f3n de Estudiantes de la Universidad Aut\u00f3noma de Nayarit encabez\u00f3 abanderamiento de la porra universitaria FEUAN 2018, que esta vez no \u00fanicamente ser\u00e1 representante del estado de Nayarit sino adem\u00e1s de M\u00e9xico en el Mundial de Porras, que se estar\u00e1 efectuando del 25 de abril al 01 de mayo en la sede Orlando Florida&hellip;","og_url":"https:\/\/blogs.uninter.edu.mx\/CheerDance\/index.php\/2018\/06\/08\/abandera-feuan-porra-universitaria-rumbo-a-la-competencia-mundial\/","og_site_name":"Cheer-Dance","article_published_time":"2018-06-08T16:14:28+00:00","og_image":[{"url":"https:\/\/porrasuninter.wordpress.com\/wp-content\/uploads\/2018\/06\/cbc74583bf814523af7dfcda12dc448d.jpg"}],"author":"luzgalvez","twitter_card":"summary_large_image","twitter_misc":{"Escrito por":"luzgalvez","Tiempo de lectura":"4 minutos"},"schema":{"@context":"https:\/\/schema.org","@graph":[{"@type":"WebPage","@id":"https:\/\/blogs.uninter.edu.mx\/CheerDance\/index.php\/2018\/06\/08\/abandera-feuan-porra-universitaria-rumbo-a-la-competencia-mundial\/","url":"https:\/\/blogs.uninter.edu.mx\/CheerDance\/index.php\/2018\/06\/08\/abandera-feuan-porra-universitaria-rumbo-a-la-competencia-mundial\/","name":"Abandera FEUAN porra universitaria rumbo a la competencia Mundial - Cheer-Dance","isPartOf":{"@id":"https:\/\/blogs.uninter.edu.mx\/CheerDance\/#website"},"primaryImageOfPage":{"@id":"https:\/\/blogs.uninter.edu.mx\/CheerDance\/index.php\/2018\/06\/08\/abandera-feuan-porra-universitaria-rumbo-a-la-competencia-mundial\/#primaryimage"},"image":{"@id":"https:\/\/blogs.uninter.edu.mx\/CheerDance\/index.php\/2018\/06\/08\/abandera-feuan-porra-universitaria-rumbo-a-la-competencia-mundial\/#primaryimage"},"thumbnailUrl":"https:\/\/porrasuninter.wordpress.com\/wp-content\/uploads\/2018\/06\/cbc74583bf814523af7dfcda12dc448d.jpg","datePublished":"2018-06-08T16:14:28+00:00","dateModified":"2018-06-08T16:14:28+00:00","author":{"@id":"https:\/\/blogs.uninter.edu.mx\/CheerDance\/#\/schema\/person\/0f765f51a7be914d757e4a323ddda337"},"breadcrumb":{"@id":"https:\/\/blogs.uninter.edu.mx\/CheerDance\/index.php\/2018\/06\/08\/abandera-feuan-porra-universitaria-rumbo-a-la-competencia-mundial\/#breadcrumb"},"inLanguage":"es-MX","potentialAction":[{"@type":"ReadAction","target":["https:\/\/blogs.uninter.edu.mx\/CheerDance\/index.php\/2018\/06\/08\/abandera-feuan-porra-universitaria-rumbo-a-la-competencia-mundial\/"]}]},{"@type":"ImageObject","inLanguage":"es-MX","@id":"https:\/\/blogs.uninter.edu.mx\/CheerDance\/index.php\/2018\/06\/08\/abandera-feuan-porra-universitaria-rumbo-a-la-competencia-mundial\/#primaryimage","url":"https:\/\/porrasuninter.wordpress.com\/wp-content\/uploads\/2018\/06\/cbc74583bf814523af7dfcda12dc448d.jpg","contentUrl":"https:\/\/porrasuninter.wordpress.com\/wp-content\/uploads\/2018\/06\/cbc74583bf814523af7dfcda12dc448d.jpg"},{"@type":"BreadcrumbList","@id":"https:\/\/blogs.uninter.edu.mx\/CheerDance\/index.php\/2018\/06\/08\/abandera-feuan-porra-universitaria-rumbo-a-la-competencia-mundial\/#breadcrumb","itemListElement":[{"@type":"ListItem","position":1,"name":"Inicio","item":"https:\/\/blogs.uninter.edu.mx\/CheerDance\/"},{"@type":"ListItem","position":2,"name":"Abandera FEUAN porra universitaria rumbo a la competencia Mundial"}]},{"@type":"WebSite","@id":"https:\/\/blogs.uninter.edu.mx\/CheerDance\/#website","url":"https:\/\/blogs.uninter.edu.mx\/CheerDance\/","name":"Cheer-Dance","description":"","potentialAction":[{"@type":"SearchAction","target":{"@type":"EntryPoint","urlTemplate":"https:\/\/blogs.uninter.edu.mx\/CheerDance\/?s={search_term_string}"},"query-input":"required name=search_term_string"}],"inLanguage":"es-MX"},{"@type":"Person","@id":"https:\/\/blogs.uninter.edu.mx\/CheerDance\/#\/schema\/person\/0f765f51a7be914d757e4a323ddda337","name":"luzgalvez","image":{"@type":"ImageObject","inLanguage":"es-MX","@id":"https:\/\/blogs.uninter.edu.mx\/CheerDance\/#\/schema\/person\/image\/","url":"https:\/\/secure.gravatar.com\/avatar\/cf42be0541bffe97edcfdd314483f26481497b0a6a32669684590878e1ee0288?s=96&d=mm&r=g","contentUrl":"https:\/\/secure.gravatar.com\/avatar\/cf42be0541bffe97edcfdd314483f26481497b0a6a32669684590878e1ee0288?s=96&d=mm&r=g","caption":"luzgalvez"},"url":"https:\/\/blogs.uninter.edu.mx\/CheerDance\/index.php\/author\/luzgalvez\/"}]}},"jetpack_featured_media_url":"","jetpack_sharing_enabled":true,"_links":{"self":[{"href":"https:\/\/blogs.uninter.edu.mx\/CheerDance\/index.php\/wp-json\/wp\/v2\/posts\/3220","targetHints":{"allow":["GET"]}}],"collection":[{"href":"https:\/\/blogs.uninter.edu.mx\/CheerDance\/index.php\/wp-json\/wp\/v2\/posts"}],"about":[{"href":"https:\/\/blogs.uninter.edu.mx\/CheerDance\/index.php\/wp-json\/wp\/v2\/types\/post"}],"author":[{"embeddable":true,"href":"https:\/\/blogs.uninter.edu.mx\/CheerDance\/index.php\/wp-json\/wp\/v2\/users\/9"}],"replies":[{"embeddable":true,"href":"https:\/\/blogs.uninter.edu.mx\/CheerDance\/index.php\/wp-json\/wp\/v2\/comments?post=3220"}],"version-history":[{"count":0,"href":"https:\/\/blogs.uninter.edu.mx\/CheerDance\/index.php\/wp-json\/wp\/v2\/posts\/3220\/revisions"}],"wp:attachment":[{"href":"https:\/\/blogs.uninter.edu.mx\/CheerDance\/index.php\/wp-json\/wp\/v2\/media?parent=3220"}],"wp:term":[{"taxonomy":"category","embeddable":true,"href":"https:\/\/blogs.uninter.edu.mx\/CheerDance\/index.php\/wp-json\/wp\/v2\/categories?post=3220"},{"taxonomy":"post_tag","embeddable":true,"href":"https:\/\/blogs.uninter.edu.mx\/CheerDance\/index.php\/wp-json\/wp\/v2\/tags?post=3220"}],"curies":[{"name":"wp","href":"https:\/\/api.w.org\/{rel}","templated":true}]}}