{"id":3223,"date":"2018-06-08T11:30:54","date_gmt":"2018-06-08T16:30:54","guid":{"rendered":"https:\/\/porrasuninter.wordpress.com\/?p=3223"},"modified":"2018-06-08T11:30:54","modified_gmt":"2018-06-08T16:30:54","slug":"mexico-es-subcampeon-en-el-mundial-de-porras","status":"publish","type":"post","link":"https:\/\/blogs.uninter.edu.mx\/CheerDance\/index.php\/2018\/06\/08\/mexico-es-subcampeon-en-el-mundial-de-porras\/","title":{"rendered":"M\u00e9xico es subcampe\u00f3n en el Mundial de porras"},"content":{"rendered":"<p style=\"text-align:justify;\"><strong>El equipo tricolor se cuelga la plata en la competencia <\/strong><\/p>\n<p style=\"text-align:justify;\">Tras la obtenci\u00f3n de la medalla de plata en el Campeonato Mundial de Porras realizado en Orlando, Florida, el pasado 25 de abril, el coach de la selecci\u00f3n mexicana, Andrei Gonz\u00e1lez Mercado, se mostr\u00f3 contento por el logro obtenido por el conjunto nacional.<\/p>\n<p style=\"text-align:justify;\">En entrevista para \u201cNotimex\u201d, Gonz\u00e1lez mencion\u00f3 que esta categor\u00eda llamada \u201cCoed Junior\u201d nivel 5, se lleva a cabo con un equipo compuesto por dos hombres y 12 mujeres, que van de los 12 a los 16 a\u00f1os de edad.<\/p>\n<p style=\"text-align:justify;\">La delegaci\u00f3n mexicana obtuvo la presea de oro el a\u00f1o anterior en la categor\u00eda \u201cCoed Junior\u201d nivel 4, lo que los llev\u00f3 a ascender para esta versi\u00f3n del torneo y competir contra selecciones de la calidad de Estados Unidos o Finlandia.<\/p>\n<p style=\"text-align:justify;\">\u201cFue una experiencia muy buena. Representar a tu pa\u00eds, y que tanto la rutina como los resultados sean excelentes, es un gran orgullo\u201d, manifest\u00f3 Miriam S\u00e1nchez, integrante del combinado mexicano de \u201ccheerleading\u201d.<\/p>\n<p style=\"text-align:justify;\">El pasado mi\u00e9rcoles, la selecci\u00f3n nacional de grupo de animaci\u00f3n present\u00f3 una rutina en la que se resalt\u00f3 la precisi\u00f3n de movimientos, fuerza y velocidad, en una combinaci\u00f3n de sincron\u00eda y ritmo, que la llev\u00f3 a quedarse con el segundo lugar del certamen, solo por detr\u00e1s del local Estados Unidos.<\/p>\n<p style=\"text-align:justify;\">\u201cVamos a regresar con m\u00e1s fuerza el siguiente a\u00f1o, porque lo que queremos es la medalla de oro. Habr\u00e1 un nuevo proceso para encontrar a los seleccionados. El plan a largo plazo es darle continuidad al programa para poder contar con gente experimentada\u201d, expres\u00f3 Gonz\u00e1lez Mercado. Resalt\u00f3 que en un futuro ser\u00e1 fundamental contar con gente que practique esta disciplina a un alto nivel, para que pueda ser llevada a unas eventuales Olimp\u00edadas.<\/p>\n<p><img loading=\"lazy\" decoding=\"async\" class=\"alignnone size-full wp-image-3224\" src=\"https:\/\/porrasuninter.wordpress.com\/wp-content\/uploads\/2018\/06\/img-20628357.jpg\" alt=\"M\u00e9xico gana Medalla de Plata en Campeonato de Porras?\" width=\"800\" height=\"437\" \/><\/p>\n","protected":false},"excerpt":{"rendered":"<p>El equipo tricolor se cuelga la plata en la competencia Tras la obtenci\u00f3n de la medalla de plata en el Campeonato Mundial de Porras realizado en Orlando, Florida, el pasado 25 de abril, el coach de la selecci\u00f3n mexicana, Andrei Gonz\u00e1lez Mercado, se mostr\u00f3 contento por el logro obtenido por el conjunto nacional. En entrevista&hellip;<\/p>\n","protected":false},"author":9,"featured_media":0,"comment_status":"closed","ping_status":"open","sticky":false,"template":"","format":"standard","meta":{"_jetpack_memberships_contains_paid_content":false,"footnotes":"","jetpack_publicize_message":"","jetpack_publicize_feature_enabled":true,"jetpack_social_post_already_shared":false,"jetpack_social_options":{"image_generator_settings":{"template":"highway","enabled":false}}},"categories":[3],"tags":[],"class_list":["post-3223","post","type-post","status-publish","format-standard","hentry","category-comunidad-porrista"],"jetpack_publicize_connections":[],"yoast_head":"<!-- This site is optimized with the Yoast SEO plugin v22.8 - https:\/\/yoast.com\/wordpress\/plugins\/seo\/ -->\r\n<title>M\u00e9xico es subcampe\u00f3n en el Mundial de porras - Cheer-Dance<\/title>\r\n<meta name=\"robots\" content=\"noindex, follow, max-snippet:-1, max-image-preview:large, max-video-preview:-1\" \/>\r\n<meta property=\"og:locale\" content=\"es_MX\" \/>\r\n<meta property=\"og:type\" content=\"article\" \/>\r\n<meta property=\"og:title\" content=\"M\u00e9xico es subcampe\u00f3n en el Mundial de porras - Cheer-Dance\" \/>\r\n<meta property=\"og:description\" content=\"El equipo tricolor se cuelga la plata en la competencia Tras la obtenci\u00f3n de la medalla de plata en el Campeonato Mundial de Porras realizado en Orlando, Florida, el pasado 25 de abril, el coach de la selecci\u00f3n mexicana, Andrei Gonz\u00e1lez Mercado, se mostr\u00f3 contento por el logro obtenido por el conjunto nacional. En entrevista&hellip;\" \/>\r\n<meta property=\"og:url\" content=\"https:\/\/blogs.uninter.edu.mx\/CheerDance\/index.php\/2018\/06\/08\/mexico-es-subcampeon-en-el-mundial-de-porras\/\" \/>\r\n<meta property=\"og:site_name\" content=\"Cheer-Dance\" \/>\r\n<meta property=\"article:published_time\" content=\"2018-06-08T16:30:54+00:00\" \/>\r\n<meta property=\"og:image\" content=\"https:\/\/porrasuninter.wordpress.com\/wp-content\/uploads\/2018\/06\/img-20628357.jpg\" \/>\r\n<meta name=\"author\" content=\"luzgalvez\" \/>\r\n<meta name=\"twitter:card\" content=\"summary_large_image\" \/>\r\n<meta name=\"twitter:label1\" content=\"Escrito por\" \/>\n\t<meta name=\"twitter:data1\" content=\"luzgalvez\" \/>\n\t<meta name=\"twitter:label2\" content=\"Tiempo de lectura\" \/>\n\t<meta name=\"twitter:data2\" content=\"2 minutos\" \/>\r\n<script type=\"application\/ld+json\" class=\"yoast-schema-graph\">{\"@context\":\"https:\/\/schema.org\",\"@graph\":[{\"@type\":\"WebPage\",\"@id\":\"https:\/\/blogs.uninter.edu.mx\/CheerDance\/index.php\/2018\/06\/08\/mexico-es-subcampeon-en-el-mundial-de-porras\/\",\"url\":\"https:\/\/blogs.uninter.edu.mx\/CheerDance\/index.php\/2018\/06\/08\/mexico-es-subcampeon-en-el-mundial-de-porras\/\",\"name\":\"M\u00e9xico es subcampe\u00f3n en el Mundial de porras - Cheer-Dance\",\"isPartOf\":{\"@id\":\"https:\/\/blogs.uninter.edu.mx\/CheerDance\/#website\"},\"primaryImageOfPage\":{\"@id\":\"https:\/\/blogs.uninter.edu.mx\/CheerDance\/index.php\/2018\/06\/08\/mexico-es-subcampeon-en-el-mundial-de-porras\/#primaryimage\"},\"image\":{\"@id\":\"https:\/\/blogs.uninter.edu.mx\/CheerDance\/index.php\/2018\/06\/08\/mexico-es-subcampeon-en-el-mundial-de-porras\/#primaryimage\"},\"thumbnailUrl\":\"https:\/\/porrasuninter.wordpress.com\/wp-content\/uploads\/2018\/06\/img-20628357.jpg\",\"datePublished\":\"2018-06-08T16:30:54+00:00\",\"dateModified\":\"2018-06-08T16:30:54+00:00\",\"author\":{\"@id\":\"https:\/\/blogs.uninter.edu.mx\/CheerDance\/#\/schema\/person\/0f765f51a7be914d757e4a323ddda337\"},\"breadcrumb\":{\"@id\":\"https:\/\/blogs.uninter.edu.mx\/CheerDance\/index.php\/2018\/06\/08\/mexico-es-subcampeon-en-el-mundial-de-porras\/#breadcrumb\"},\"inLanguage\":\"es-MX\",\"potentialAction\":[{\"@type\":\"ReadAction\",\"target\":[\"https:\/\/blogs.uninter.edu.mx\/CheerDance\/index.php\/2018\/06\/08\/mexico-es-subcampeon-en-el-mundial-de-porras\/\"]}]},{\"@type\":\"ImageObject\",\"inLanguage\":\"es-MX\",\"@id\":\"https:\/\/blogs.uninter.edu.mx\/CheerDance\/index.php\/2018\/06\/08\/mexico-es-subcampeon-en-el-mundial-de-porras\/#primaryimage\",\"url\":\"https:\/\/porrasuninter.wordpress.com\/wp-content\/uploads\/2018\/06\/img-20628357.jpg\",\"contentUrl\":\"https:\/\/porrasuninter.wordpress.com\/wp-content\/uploads\/2018\/06\/img-20628357.jpg\"},{\"@type\":\"BreadcrumbList\",\"@id\":\"https:\/\/blogs.uninter.edu.mx\/CheerDance\/index.php\/2018\/06\/08\/mexico-es-subcampeon-en-el-mundial-de-porras\/#breadcrumb\",\"itemListElement\":[{\"@type\":\"ListItem\",\"position\":1,\"name\":\"Inicio\",\"item\":\"https:\/\/blogs.uninter.edu.mx\/CheerDance\/\"},{\"@type\":\"ListItem\",\"position\":2,\"name\":\"M\u00e9xico es subcampe\u00f3n en el Mundial de porras\"}]},{\"@type\":\"WebSite\",\"@id\":\"https:\/\/blogs.uninter.edu.mx\/CheerDance\/#website\",\"url\":\"https:\/\/blogs.uninter.edu.mx\/CheerDance\/\",\"name\":\"Cheer-Dance\",\"description\":\"\",\"potentialAction\":[{\"@type\":\"SearchAction\",\"target\":{\"@type\":\"EntryPoint\",\"urlTemplate\":\"https:\/\/blogs.uninter.edu.mx\/CheerDance\/?s={search_term_string}\"},\"query-input\":\"required name=search_term_string\"}],\"inLanguage\":\"es-MX\"},{\"@type\":\"Person\",\"@id\":\"https:\/\/blogs.uninter.edu.mx\/CheerDance\/#\/schema\/person\/0f765f51a7be914d757e4a323ddda337\",\"name\":\"luzgalvez\",\"image\":{\"@type\":\"ImageObject\",\"inLanguage\":\"es-MX\",\"@id\":\"https:\/\/blogs.uninter.edu.mx\/CheerDance\/#\/schema\/person\/image\/\",\"url\":\"https:\/\/secure.gravatar.com\/avatar\/cf42be0541bffe97edcfdd314483f26481497b0a6a32669684590878e1ee0288?s=96&d=mm&r=g\",\"contentUrl\":\"https:\/\/secure.gravatar.com\/avatar\/cf42be0541bffe97edcfdd314483f26481497b0a6a32669684590878e1ee0288?s=96&d=mm&r=g\",\"caption\":\"luzgalvez\"},\"url\":\"https:\/\/blogs.uninter.edu.mx\/CheerDance\/index.php\/author\/luzgalvez\/\"}]}<\/script>\r\n<!-- \/ Yoast SEO plugin. -->","yoast_head_json":{"title":"M\u00e9xico es subcampe\u00f3n en el Mundial de porras - Cheer-Dance","robots":{"index":"noindex","follow":"follow","max-snippet":"max-snippet:-1","max-image-preview":"max-image-preview:large","max-video-preview":"max-video-preview:-1"},"og_locale":"es_MX","og_type":"article","og_title":"M\u00e9xico es subcampe\u00f3n en el Mundial de porras - Cheer-Dance","og_description":"El equipo tricolor se cuelga la plata en la competencia Tras la obtenci\u00f3n de la medalla de plata en el Campeonato Mundial de Porras realizado en Orlando, Florida, el pasado 25 de abril, el coach de la selecci\u00f3n mexicana, Andrei Gonz\u00e1lez Mercado, se mostr\u00f3 contento por el logro obtenido por el conjunto nacional. En entrevista&hellip;","og_url":"https:\/\/blogs.uninter.edu.mx\/CheerDance\/index.php\/2018\/06\/08\/mexico-es-subcampeon-en-el-mundial-de-porras\/","og_site_name":"Cheer-Dance","article_published_time":"2018-06-08T16:30:54+00:00","og_image":[{"url":"https:\/\/porrasuninter.wordpress.com\/wp-content\/uploads\/2018\/06\/img-20628357.jpg"}],"author":"luzgalvez","twitter_card":"summary_large_image","twitter_misc":{"Escrito por":"luzgalvez","Tiempo de lectura":"2 minutos"},"schema":{"@context":"https:\/\/schema.org","@graph":[{"@type":"WebPage","@id":"https:\/\/blogs.uninter.edu.mx\/CheerDance\/index.php\/2018\/06\/08\/mexico-es-subcampeon-en-el-mundial-de-porras\/","url":"https:\/\/blogs.uninter.edu.mx\/CheerDance\/index.php\/2018\/06\/08\/mexico-es-subcampeon-en-el-mundial-de-porras\/","name":"M\u00e9xico es subcampe\u00f3n en el Mundial de porras - Cheer-Dance","isPartOf":{"@id":"https:\/\/blogs.uninter.edu.mx\/CheerDance\/#website"},"primaryImageOfPage":{"@id":"https:\/\/blogs.uninter.edu.mx\/CheerDance\/index.php\/2018\/06\/08\/mexico-es-subcampeon-en-el-mundial-de-porras\/#primaryimage"},"image":{"@id":"https:\/\/blogs.uninter.edu.mx\/CheerDance\/index.php\/2018\/06\/08\/mexico-es-subcampeon-en-el-mundial-de-porras\/#primaryimage"},"thumbnailUrl":"https:\/\/porrasuninter.wordpress.com\/wp-content\/uploads\/2018\/06\/img-20628357.jpg","datePublished":"2018-06-08T16:30:54+00:00","dateModified":"2018-06-08T16:30:54+00:00","author":{"@id":"https:\/\/blogs.uninter.edu.mx\/CheerDance\/#\/schema\/person\/0f765f51a7be914d757e4a323ddda337"},"breadcrumb":{"@id":"https:\/\/blogs.uninter.edu.mx\/CheerDance\/index.php\/2018\/06\/08\/mexico-es-subcampeon-en-el-mundial-de-porras\/#breadcrumb"},"inLanguage":"es-MX","potentialAction":[{"@type":"ReadAction","target":["https:\/\/blogs.uninter.edu.mx\/CheerDance\/index.php\/2018\/06\/08\/mexico-es-subcampeon-en-el-mundial-de-porras\/"]}]},{"@type":"ImageObject","inLanguage":"es-MX","@id":"https:\/\/blogs.uninter.edu.mx\/CheerDance\/index.php\/2018\/06\/08\/mexico-es-subcampeon-en-el-mundial-de-porras\/#primaryimage","url":"https:\/\/porrasuninter.wordpress.com\/wp-content\/uploads\/2018\/06\/img-20628357.jpg","contentUrl":"https:\/\/porrasuninter.wordpress.com\/wp-content\/uploads\/2018\/06\/img-20628357.jpg"},{"@type":"BreadcrumbList","@id":"https:\/\/blogs.uninter.edu.mx\/CheerDance\/index.php\/2018\/06\/08\/mexico-es-subcampeon-en-el-mundial-de-porras\/#breadcrumb","itemListElement":[{"@type":"ListItem","position":1,"name":"Inicio","item":"https:\/\/blogs.uninter.edu.mx\/CheerDance\/"},{"@type":"ListItem","position":2,"name":"M\u00e9xico es subcampe\u00f3n en el Mundial de porras"}]},{"@type":"WebSite","@id":"https:\/\/blogs.uninter.edu.mx\/CheerDance\/#website","url":"https:\/\/blogs.uninter.edu.mx\/CheerDance\/","name":"Cheer-Dance","description":"","potentialAction":[{"@type":"SearchAction","target":{"@type":"EntryPoint","urlTemplate":"https:\/\/blogs.uninter.edu.mx\/CheerDance\/?s={search_term_string}"},"query-input":"required name=search_term_string"}],"inLanguage":"es-MX"},{"@type":"Person","@id":"https:\/\/blogs.uninter.edu.mx\/CheerDance\/#\/schema\/person\/0f765f51a7be914d757e4a323ddda337","name":"luzgalvez","image":{"@type":"ImageObject","inLanguage":"es-MX","@id":"https:\/\/blogs.uninter.edu.mx\/CheerDance\/#\/schema\/person\/image\/","url":"https:\/\/secure.gravatar.com\/avatar\/cf42be0541bffe97edcfdd314483f26481497b0a6a32669684590878e1ee0288?s=96&d=mm&r=g","contentUrl":"https:\/\/secure.gravatar.com\/avatar\/cf42be0541bffe97edcfdd314483f26481497b0a6a32669684590878e1ee0288?s=96&d=mm&r=g","caption":"luzgalvez"},"url":"https:\/\/blogs.uninter.edu.mx\/CheerDance\/index.php\/author\/luzgalvez\/"}]}},"jetpack_featured_media_url":"","jetpack_sharing_enabled":true,"_links":{"self":[{"href":"https:\/\/blogs.uninter.edu.mx\/CheerDance\/index.php\/wp-json\/wp\/v2\/posts\/3223","targetHints":{"allow":["GET"]}}],"collection":[{"href":"https:\/\/blogs.uninter.edu.mx\/CheerDance\/index.php\/wp-json\/wp\/v2\/posts"}],"about":[{"href":"https:\/\/blogs.uninter.edu.mx\/CheerDance\/index.php\/wp-json\/wp\/v2\/types\/post"}],"author":[{"embeddable":true,"href":"https:\/\/blogs.uninter.edu.mx\/CheerDance\/index.php\/wp-json\/wp\/v2\/users\/9"}],"replies":[{"embeddable":true,"href":"https:\/\/blogs.uninter.edu.mx\/CheerDance\/index.php\/wp-json\/wp\/v2\/comments?post=3223"}],"version-history":[{"count":0,"href":"https:\/\/blogs.uninter.edu.mx\/CheerDance\/index.php\/wp-json\/wp\/v2\/posts\/3223\/revisions"}],"wp:attachment":[{"href":"https:\/\/blogs.uninter.edu.mx\/CheerDance\/index.php\/wp-json\/wp\/v2\/media?parent=3223"}],"wp:term":[{"taxonomy":"category","embeddable":true,"href":"https:\/\/blogs.uninter.edu.mx\/CheerDance\/index.php\/wp-json\/wp\/v2\/categories?post=3223"},{"taxonomy":"post_tag","embeddable":true,"href":"https:\/\/blogs.uninter.edu.mx\/CheerDance\/index.php\/wp-json\/wp\/v2\/tags?post=3223"}],"curies":[{"name":"wp","href":"https:\/\/api.w.org\/{rel}","templated":true}]}}