{"id":3599,"date":"2019-11-05T09:38:56","date_gmt":"2019-11-05T15:38:56","guid":{"rendered":"https:\/\/porrasuninter.wordpress.com\/?p=3599"},"modified":"2019-11-05T09:38:56","modified_gmt":"2019-11-05T15:38:56","slug":"presentacion-del-equipo-representativo-de-porras","status":"publish","type":"post","link":"https:\/\/blogs.uninter.edu.mx\/CheerDance\/index.php\/2019\/11\/05\/presentacion-del-equipo-representativo-de-porras\/","title":{"rendered":"Presentaci\u00f3n del Equipo Representativo de Porras"},"content":{"rendered":"<p>El pasado s\u00e1bado 2 de noviembre, el Equipo Representativo de <strong>Porras de UNINTER<\/strong>\u00a0 tuvo una presentaci\u00f3n en el Medio Tiempo del Partido de <strong>LEGIONARIOS UNINTER<\/strong> contra Leones de Quer\u00e9taro en el Campo el Salado, en el cual participaron con dos coreograf\u00edas y animaron al p\u00fablico y a nuestro equipo durante todo el encuentro.<\/p>\n<p><img loading=\"lazy\" decoding=\"async\" class=\"alignnone size-full wp-image-3603\" src=\"https:\/\/porrasuninter.wordpress.com\/wp-content\/uploads\/2019\/11\/porras2.jpg\" alt=\"porras2\" width=\"1280\" height=\"960\" \/><img loading=\"lazy\" decoding=\"async\" class=\"alignnone size-full wp-image-3600\" src=\"https:\/\/porrasuninter.wordpress.com\/wp-content\/uploads\/2019\/11\/porras.jpg\" alt=\"porras\" width=\"1280\" height=\"828\" \/><\/p>\n","protected":false},"excerpt":{"rendered":"<p>El pasado s\u00e1bado 2 de noviembre, el Equipo Representativo de Porras de UNINTER\u00a0 tuvo una presentaci\u00f3n en el Medio Tiempo del Partido de LEGIONARIOS UNINTER contra Leones de Quer\u00e9taro en el Campo el Salado, en el cual participaron con dos coreograf\u00edas y animaron al p\u00fablico y a nuestro equipo durante todo el encuentro.<\/p>\n","protected":false},"author":20,"featured_media":3600,"comment_status":"closed","ping_status":"open","sticky":false,"template":"","format":"standard","meta":{"_jetpack_memberships_contains_paid_content":false,"footnotes":"","jetpack_publicize_message":"","jetpack_publicize_feature_enabled":true,"jetpack_social_post_already_shared":false,"jetpack_social_options":{"image_generator_settings":{"template":"highway","enabled":false}}},"categories":[3,5,6,7],"tags":[],"class_list":["post-3599","post","type-post","status-publish","format-standard","has-post-thumbnail","hentry","category-comunidad-porrista","category-eventos","category-foto-galeria","category-locales"],"jetpack_publicize_connections":[],"yoast_head":"<!-- This site is optimized with the Yoast SEO plugin v22.8 - https:\/\/yoast.com\/wordpress\/plugins\/seo\/ -->\r\n<title>Presentaci\u00f3n del Equipo Representativo de Porras - Cheer-Dance<\/title>\r\n<meta name=\"robots\" content=\"noindex, follow, max-snippet:-1, max-image-preview:large, max-video-preview:-1\" \/>\r\n<meta property=\"og:locale\" content=\"es_MX\" \/>\r\n<meta property=\"og:type\" content=\"article\" \/>\r\n<meta property=\"og:title\" content=\"Presentaci\u00f3n del Equipo Representativo de Porras - Cheer-Dance\" \/>\r\n<meta property=\"og:description\" content=\"El pasado s\u00e1bado 2 de noviembre, el Equipo Representativo de Porras de UNINTER\u00a0 tuvo una presentaci\u00f3n en el Medio Tiempo del Partido de LEGIONARIOS UNINTER contra Leones de Quer\u00e9taro en el Campo el Salado, en el cual participaron con dos coreograf\u00edas y animaron al p\u00fablico y a nuestro equipo durante todo el encuentro.\" \/>\r\n<meta property=\"og:url\" content=\"https:\/\/blogs.uninter.edu.mx\/CheerDance\/index.php\/2019\/11\/05\/presentacion-del-equipo-representativo-de-porras\/\" \/>\r\n<meta property=\"og:site_name\" content=\"Cheer-Dance\" \/>\r\n<meta property=\"article:published_time\" content=\"2019-11-05T15:38:56+00:00\" \/>\r\n<meta name=\"author\" content=\"abnerperez95\" \/>\r\n<meta name=\"twitter:card\" content=\"summary_large_image\" \/>\r\n<meta name=\"twitter:label1\" content=\"Escrito por\" \/>\n\t<meta name=\"twitter:data1\" content=\"abnerperez95\" \/>\r\n<script type=\"application\/ld+json\" class=\"yoast-schema-graph\">{\"@context\":\"https:\/\/schema.org\",\"@graph\":[{\"@type\":\"WebPage\",\"@id\":\"https:\/\/blogs.uninter.edu.mx\/CheerDance\/index.php\/2019\/11\/05\/presentacion-del-equipo-representativo-de-porras\/\",\"url\":\"https:\/\/blogs.uninter.edu.mx\/CheerDance\/index.php\/2019\/11\/05\/presentacion-del-equipo-representativo-de-porras\/\",\"name\":\"Presentaci\u00f3n del Equipo Representativo de Porras - Cheer-Dance\",\"isPartOf\":{\"@id\":\"https:\/\/blogs.uninter.edu.mx\/CheerDance\/#website\"},\"primaryImageOfPage\":{\"@id\":\"https:\/\/blogs.uninter.edu.mx\/CheerDance\/index.php\/2019\/11\/05\/presentacion-del-equipo-representativo-de-porras\/#primaryimage\"},\"image\":{\"@id\":\"https:\/\/blogs.uninter.edu.mx\/CheerDance\/index.php\/2019\/11\/05\/presentacion-del-equipo-representativo-de-porras\/#primaryimage\"},\"thumbnailUrl\":\"\",\"datePublished\":\"2019-11-05T15:38:56+00:00\",\"dateModified\":\"2019-11-05T15:38:56+00:00\",\"author\":{\"@id\":\"https:\/\/blogs.uninter.edu.mx\/CheerDance\/#\/schema\/person\/3e466c5bbde0bcc503de9bbe48f5b3ce\"},\"breadcrumb\":{\"@id\":\"https:\/\/blogs.uninter.edu.mx\/CheerDance\/index.php\/2019\/11\/05\/presentacion-del-equipo-representativo-de-porras\/#breadcrumb\"},\"inLanguage\":\"es-MX\",\"potentialAction\":[{\"@type\":\"ReadAction\",\"target\":[\"https:\/\/blogs.uninter.edu.mx\/CheerDance\/index.php\/2019\/11\/05\/presentacion-del-equipo-representativo-de-porras\/\"]}]},{\"@type\":\"ImageObject\",\"inLanguage\":\"es-MX\",\"@id\":\"https:\/\/blogs.uninter.edu.mx\/CheerDance\/index.php\/2019\/11\/05\/presentacion-del-equipo-representativo-de-porras\/#primaryimage\",\"url\":\"\",\"contentUrl\":\"\"},{\"@type\":\"BreadcrumbList\",\"@id\":\"https:\/\/blogs.uninter.edu.mx\/CheerDance\/index.php\/2019\/11\/05\/presentacion-del-equipo-representativo-de-porras\/#breadcrumb\",\"itemListElement\":[{\"@type\":\"ListItem\",\"position\":1,\"name\":\"Inicio\",\"item\":\"https:\/\/blogs.uninter.edu.mx\/CheerDance\/\"},{\"@type\":\"ListItem\",\"position\":2,\"name\":\"Presentaci\u00f3n del Equipo Representativo de Porras\"}]},{\"@type\":\"WebSite\",\"@id\":\"https:\/\/blogs.uninter.edu.mx\/CheerDance\/#website\",\"url\":\"https:\/\/blogs.uninter.edu.mx\/CheerDance\/\",\"name\":\"Cheer-Dance\",\"description\":\"\",\"potentialAction\":[{\"@type\":\"SearchAction\",\"target\":{\"@type\":\"EntryPoint\",\"urlTemplate\":\"https:\/\/blogs.uninter.edu.mx\/CheerDance\/?s={search_term_string}\"},\"query-input\":\"required name=search_term_string\"}],\"inLanguage\":\"es-MX\"},{\"@type\":\"Person\",\"@id\":\"https:\/\/blogs.uninter.edu.mx\/CheerDance\/#\/schema\/person\/3e466c5bbde0bcc503de9bbe48f5b3ce\",\"name\":\"abnerperez95\",\"image\":{\"@type\":\"ImageObject\",\"inLanguage\":\"es-MX\",\"@id\":\"https:\/\/blogs.uninter.edu.mx\/CheerDance\/#\/schema\/person\/image\/\",\"url\":\"https:\/\/secure.gravatar.com\/avatar\/44ffac5c1f35653d851da165cd454993c377cf36cd70b8a405416048f96ee902?s=96&d=mm&r=g\",\"contentUrl\":\"https:\/\/secure.gravatar.com\/avatar\/44ffac5c1f35653d851da165cd454993c377cf36cd70b8a405416048f96ee902?s=96&d=mm&r=g\",\"caption\":\"abnerperez95\"},\"url\":\"https:\/\/blogs.uninter.edu.mx\/CheerDance\/index.php\/author\/abnerperez95\/\"}]}<\/script>\r\n<!-- \/ Yoast SEO plugin. -->","yoast_head_json":{"title":"Presentaci\u00f3n del Equipo Representativo de Porras - Cheer-Dance","robots":{"index":"noindex","follow":"follow","max-snippet":"max-snippet:-1","max-image-preview":"max-image-preview:large","max-video-preview":"max-video-preview:-1"},"og_locale":"es_MX","og_type":"article","og_title":"Presentaci\u00f3n del Equipo Representativo de Porras - Cheer-Dance","og_description":"El pasado s\u00e1bado 2 de noviembre, el Equipo Representativo de Porras de UNINTER\u00a0 tuvo una presentaci\u00f3n en el Medio Tiempo del Partido de LEGIONARIOS UNINTER contra Leones de Quer\u00e9taro en el Campo el Salado, en el cual participaron con dos coreograf\u00edas y animaron al p\u00fablico y a nuestro equipo durante todo el encuentro.","og_url":"https:\/\/blogs.uninter.edu.mx\/CheerDance\/index.php\/2019\/11\/05\/presentacion-del-equipo-representativo-de-porras\/","og_site_name":"Cheer-Dance","article_published_time":"2019-11-05T15:38:56+00:00","author":"abnerperez95","twitter_card":"summary_large_image","twitter_misc":{"Escrito por":"abnerperez95"},"schema":{"@context":"https:\/\/schema.org","@graph":[{"@type":"WebPage","@id":"https:\/\/blogs.uninter.edu.mx\/CheerDance\/index.php\/2019\/11\/05\/presentacion-del-equipo-representativo-de-porras\/","url":"https:\/\/blogs.uninter.edu.mx\/CheerDance\/index.php\/2019\/11\/05\/presentacion-del-equipo-representativo-de-porras\/","name":"Presentaci\u00f3n del Equipo Representativo de Porras - Cheer-Dance","isPartOf":{"@id":"https:\/\/blogs.uninter.edu.mx\/CheerDance\/#website"},"primaryImageOfPage":{"@id":"https:\/\/blogs.uninter.edu.mx\/CheerDance\/index.php\/2019\/11\/05\/presentacion-del-equipo-representativo-de-porras\/#primaryimage"},"image":{"@id":"https:\/\/blogs.uninter.edu.mx\/CheerDance\/index.php\/2019\/11\/05\/presentacion-del-equipo-representativo-de-porras\/#primaryimage"},"thumbnailUrl":"","datePublished":"2019-11-05T15:38:56+00:00","dateModified":"2019-11-05T15:38:56+00:00","author":{"@id":"https:\/\/blogs.uninter.edu.mx\/CheerDance\/#\/schema\/person\/3e466c5bbde0bcc503de9bbe48f5b3ce"},"breadcrumb":{"@id":"https:\/\/blogs.uninter.edu.mx\/CheerDance\/index.php\/2019\/11\/05\/presentacion-del-equipo-representativo-de-porras\/#breadcrumb"},"inLanguage":"es-MX","potentialAction":[{"@type":"ReadAction","target":["https:\/\/blogs.uninter.edu.mx\/CheerDance\/index.php\/2019\/11\/05\/presentacion-del-equipo-representativo-de-porras\/"]}]},{"@type":"ImageObject","inLanguage":"es-MX","@id":"https:\/\/blogs.uninter.edu.mx\/CheerDance\/index.php\/2019\/11\/05\/presentacion-del-equipo-representativo-de-porras\/#primaryimage","url":"","contentUrl":""},{"@type":"BreadcrumbList","@id":"https:\/\/blogs.uninter.edu.mx\/CheerDance\/index.php\/2019\/11\/05\/presentacion-del-equipo-representativo-de-porras\/#breadcrumb","itemListElement":[{"@type":"ListItem","position":1,"name":"Inicio","item":"https:\/\/blogs.uninter.edu.mx\/CheerDance\/"},{"@type":"ListItem","position":2,"name":"Presentaci\u00f3n del Equipo Representativo de Porras"}]},{"@type":"WebSite","@id":"https:\/\/blogs.uninter.edu.mx\/CheerDance\/#website","url":"https:\/\/blogs.uninter.edu.mx\/CheerDance\/","name":"Cheer-Dance","description":"","potentialAction":[{"@type":"SearchAction","target":{"@type":"EntryPoint","urlTemplate":"https:\/\/blogs.uninter.edu.mx\/CheerDance\/?s={search_term_string}"},"query-input":"required name=search_term_string"}],"inLanguage":"es-MX"},{"@type":"Person","@id":"https:\/\/blogs.uninter.edu.mx\/CheerDance\/#\/schema\/person\/3e466c5bbde0bcc503de9bbe48f5b3ce","name":"abnerperez95","image":{"@type":"ImageObject","inLanguage":"es-MX","@id":"https:\/\/blogs.uninter.edu.mx\/CheerDance\/#\/schema\/person\/image\/","url":"https:\/\/secure.gravatar.com\/avatar\/44ffac5c1f35653d851da165cd454993c377cf36cd70b8a405416048f96ee902?s=96&d=mm&r=g","contentUrl":"https:\/\/secure.gravatar.com\/avatar\/44ffac5c1f35653d851da165cd454993c377cf36cd70b8a405416048f96ee902?s=96&d=mm&r=g","caption":"abnerperez95"},"url":"https:\/\/blogs.uninter.edu.mx\/CheerDance\/index.php\/author\/abnerperez95\/"}]}},"jetpack_featured_media_url":"","jetpack_sharing_enabled":true,"_links":{"self":[{"href":"https:\/\/blogs.uninter.edu.mx\/CheerDance\/index.php\/wp-json\/wp\/v2\/posts\/3599","targetHints":{"allow":["GET"]}}],"collection":[{"href":"https:\/\/blogs.uninter.edu.mx\/CheerDance\/index.php\/wp-json\/wp\/v2\/posts"}],"about":[{"href":"https:\/\/blogs.uninter.edu.mx\/CheerDance\/index.php\/wp-json\/wp\/v2\/types\/post"}],"author":[{"embeddable":true,"href":"https:\/\/blogs.uninter.edu.mx\/CheerDance\/index.php\/wp-json\/wp\/v2\/users\/20"}],"replies":[{"embeddable":true,"href":"https:\/\/blogs.uninter.edu.mx\/CheerDance\/index.php\/wp-json\/wp\/v2\/comments?post=3599"}],"version-history":[{"count":0,"href":"https:\/\/blogs.uninter.edu.mx\/CheerDance\/index.php\/wp-json\/wp\/v2\/posts\/3599\/revisions"}],"wp:featuredmedia":[{"embeddable":true,"href":"https:\/\/blogs.uninter.edu.mx\/CheerDance\/index.php\/wp-json\/"}],"wp:attachment":[{"href":"https:\/\/blogs.uninter.edu.mx\/CheerDance\/index.php\/wp-json\/wp\/v2\/media?parent=3599"}],"wp:term":[{"taxonomy":"category","embeddable":true,"href":"https:\/\/blogs.uninter.edu.mx\/CheerDance\/index.php\/wp-json\/wp\/v2\/categories?post=3599"},{"taxonomy":"post_tag","embeddable":true,"href":"https:\/\/blogs.uninter.edu.mx\/CheerDance\/index.php\/wp-json\/wp\/v2\/tags?post=3599"}],"curies":[{"name":"wp","href":"https:\/\/api.w.org\/{rel}","templated":true}]}}