{"id":4647,"date":"2022-04-18T14:15:28","date_gmt":"2022-04-18T19:15:28","guid":{"rendered":"https:\/\/porrasuninter.wordpress.com\/?p=4647"},"modified":"2022-04-18T14:15:28","modified_gmt":"2022-04-18T19:15:28","slug":"evento-te-invitamos-a-nuestra-celebracion-canciones-para-mama","status":"publish","type":"post","link":"https:\/\/blogs.uninter.edu.mx\/CheerDance\/index.php\/2022\/04\/18\/evento-te-invitamos-a-nuestra-celebracion-canciones-para-mama\/","title":{"rendered":"Evento: Te invitamos a nuestra celebraci\u00f3n &#8220;Canciones para Mam\u00e1&#8221;"},"content":{"rendered":"\n<p>\u00a1Nuestra mam\u00e1 merece el mejor de los regalos!&nbsp;<img loading=\"lazy\" decoding=\"async\" height=\"16\" width=\"16\" alt=\"\ud83e\udd31\" src=\"https:\/\/static.xx.fbcdn.net\/images\/emoji.php\/v9\/tef\/1\/16\/1f931.png\"><\/p>\n\n\n\n<p>La Filarm\u00f3nica De Cuernavaca UNINTER te invita a nuestra celebraci\u00f3n \u00abCanciones para Mam\u00e1\u00bb que se llevara a cabo desde el Teatro Ocampo el pr\u00f3ximo 13 de mayo en punto de las 18:00 hrs.<\/p>\n\n\n\n<p>Adem\u00e1s contaremos con la presencia de Sarah Salgado, que con su maravillosa voz, nos har\u00e1 pasar la mejor de las noches.&nbsp;<img loading=\"lazy\" decoding=\"async\" height=\"16\" width=\"16\" alt=\"\ud83c\udfbc\" src=\"https:\/\/static.xx.fbcdn.net\/images\/emoji.php\/v9\/tcc\/1\/16\/1f3bc.png\"><\/p>\n\n\n\n<p>D\u00e9mosle el mejor de los regalos a la persona m\u00e1s especial en nuestras vidas.<\/p>\n\n\n\n<p>Reg\u00edstrate:&nbsp;<a href=\"http:\/\/uninter.edu.mx\/conferencias\/?fbclid=IwAR04dO0zKlzflLjo7oHQsgaomXumv1GoqZbSIq8yCTwP5AYaaJcJDUBQuRc\" rel=\"noreferrer noopener\" target=\"_blank\">uninter.edu.mx\/conferencias\/<\/a><img loading=\"lazy\" decoding=\"async\" height=\"16\" width=\"16\" alt=\"\ud83d\udc48\" src=\"https:\/\/static.xx.fbcdn.net\/images\/emoji.php\/v9\/td0\/1\/16\/1f448.png\"><\/p>\n\n\n\n<p><a href=\"https:\/\/www.facebook.com\/hashtag\/uninterteconecta?__eep__=6&amp;__cft__[0]=AZUW3iNMPYfljx8MuGbzxIBXDt0Hr1jINmYzktzre8tjVF9KZnQPWc7ivtdx4nhaH9dqYmpqbfK7K_OPhl1WfP6vdw1vM7A-RQJYdtSzdpjz3nKNoimHmVbekL6mtremgHdCqKZLXFX00osd0c6S-p2E&amp;__tn__=*NK-R\">#UninterTeConecta<\/a>&nbsp;con los mejores eventos.<\/p>\n\n\n\n<figure class=\"wp-block-image size-large is-resized\"><a href=\"https:\/\/porrasuninter.wordpress.com\/wp-content\/uploads\/2022\/04\/278422087_5030569480391145_530747965207477503_n.jpg\"><img loading=\"lazy\" decoding=\"async\" src=\"https:\/\/porrasuninter.wordpress.com\/wp-content\/uploads\/2022\/04\/278422087_5030569480391145_530747965207477503_n.jpg?w=892\" alt=\"\" class=\"wp-image-4649\" width=\"904\" height=\"1037\" \/><\/a><\/figure>\n\n\n\n<figure class=\"wp-block-gallery has-nested-images columns-default is-cropped wp-block-gallery-1 is-layout-flex wp-block-gallery-is-layout-flex\">\n<figure class=\"wp-block-image size-large\"><a href=\"https:\/\/porrasuninter.wordpress.com\/wp-content\/uploads\/2022\/08\/screenshot_20220825_130831.jpg\"><img decoding=\"async\" data-id=\"4742\" src=\"https:\/\/porrasuninter.wordpress.com\/wp-content\/uploads\/2022\/08\/screenshot_20220825_130831.jpg?w=982\" alt=\"\" class=\"wp-image-4742\" \/><\/a><\/figure>\n<\/figure>\n\n\n\n<p>Revisa el horario del taller de <strong>Cheer Dance <\/strong>e inscribete en el horario que mejor te acomode <\/p>\n","protected":false},"excerpt":{"rendered":"<p>\u00a1Nuestra mam\u00e1 merece el mejor de los regalos!&nbsp; La Filarm\u00f3nica De Cuernavaca UNINTER te invita a nuestra celebraci\u00f3n \u00abCanciones para Mam\u00e1\u00bb que se llevara a cabo desde el Teatro Ocampo el pr\u00f3ximo 13 de mayo en punto de las 18:00 hrs. Adem\u00e1s contaremos con la presencia de Sarah Salgado, que con su maravillosa voz, nos&hellip;<\/p>\n","protected":false},"author":9,"featured_media":4649,"comment_status":"closed","ping_status":"open","sticky":true,"template":"","format":"standard","meta":{"_jetpack_memberships_contains_paid_content":false,"footnotes":"","jetpack_publicize_message":"","jetpack_publicize_feature_enabled":true,"jetpack_social_post_already_shared":false,"jetpack_social_options":{"image_generator_settings":{"template":"highway","enabled":false}}},"categories":[5],"tags":[],"class_list":["post-4647","post","type-post","status-publish","format-standard","has-post-thumbnail","hentry","category-eventos"],"jetpack_publicize_connections":[],"yoast_head":"<!-- This site is optimized with the Yoast SEO plugin v22.8 - https:\/\/yoast.com\/wordpress\/plugins\/seo\/ -->\r\n<title>Evento: Te invitamos a nuestra celebraci\u00f3n &quot;Canciones para Mam\u00e1&quot; - Cheer-Dance<\/title>\r\n<meta name=\"robots\" content=\"noindex, follow, max-snippet:-1, max-image-preview:large, max-video-preview:-1\" \/>\r\n<meta property=\"og:locale\" content=\"es_MX\" \/>\r\n<meta property=\"og:type\" content=\"article\" \/>\r\n<meta property=\"og:title\" content=\"Evento: Te invitamos a nuestra celebraci\u00f3n &quot;Canciones para Mam\u00e1&quot; - Cheer-Dance\" \/>\r\n<meta property=\"og:description\" content=\"\u00a1Nuestra mam\u00e1 merece el mejor de los regalos!&nbsp; La Filarm\u00f3nica De Cuernavaca UNINTER te invita a nuestra celebraci\u00f3n \u00abCanciones para Mam\u00e1\u00bb que se llevara a cabo desde el Teatro Ocampo el pr\u00f3ximo 13 de mayo en punto de las 18:00 hrs. Adem\u00e1s contaremos con la presencia de Sarah Salgado, que con su maravillosa voz, nos&hellip;\" \/>\r\n<meta property=\"og:url\" content=\"https:\/\/blogs.uninter.edu.mx\/CheerDance\/index.php\/2022\/04\/18\/evento-te-invitamos-a-nuestra-celebracion-canciones-para-mama\/\" \/>\r\n<meta property=\"og:site_name\" content=\"Cheer-Dance\" \/>\r\n<meta property=\"article:published_time\" content=\"2022-04-18T19:15:28+00:00\" \/>\r\n<meta name=\"author\" content=\"luzgalvez\" \/>\r\n<meta name=\"twitter:card\" content=\"summary_large_image\" \/>\r\n<meta name=\"twitter:label1\" content=\"Escrito por\" \/>\n\t<meta name=\"twitter:data1\" content=\"luzgalvez\" \/>\n\t<meta name=\"twitter:label2\" content=\"Tiempo de lectura\" \/>\n\t<meta name=\"twitter:data2\" content=\"1 minuto\" \/>\r\n<script type=\"application\/ld+json\" class=\"yoast-schema-graph\">{\"@context\":\"https:\/\/schema.org\",\"@graph\":[{\"@type\":\"WebPage\",\"@id\":\"https:\/\/blogs.uninter.edu.mx\/CheerDance\/index.php\/2022\/04\/18\/evento-te-invitamos-a-nuestra-celebracion-canciones-para-mama\/\",\"url\":\"https:\/\/blogs.uninter.edu.mx\/CheerDance\/index.php\/2022\/04\/18\/evento-te-invitamos-a-nuestra-celebracion-canciones-para-mama\/\",\"name\":\"Evento: Te invitamos a nuestra celebraci\u00f3n \\\"Canciones para Mam\u00e1\\\" - Cheer-Dance\",\"isPartOf\":{\"@id\":\"https:\/\/blogs.uninter.edu.mx\/CheerDance\/#website\"},\"primaryImageOfPage\":{\"@id\":\"https:\/\/blogs.uninter.edu.mx\/CheerDance\/index.php\/2022\/04\/18\/evento-te-invitamos-a-nuestra-celebracion-canciones-para-mama\/#primaryimage\"},\"image\":{\"@id\":\"https:\/\/blogs.uninter.edu.mx\/CheerDance\/index.php\/2022\/04\/18\/evento-te-invitamos-a-nuestra-celebracion-canciones-para-mama\/#primaryimage\"},\"thumbnailUrl\":\"\",\"datePublished\":\"2022-04-18T19:15:28+00:00\",\"dateModified\":\"2022-04-18T19:15:28+00:00\",\"author\":{\"@id\":\"https:\/\/blogs.uninter.edu.mx\/CheerDance\/#\/schema\/person\/0f765f51a7be914d757e4a323ddda337\"},\"breadcrumb\":{\"@id\":\"https:\/\/blogs.uninter.edu.mx\/CheerDance\/index.php\/2022\/04\/18\/evento-te-invitamos-a-nuestra-celebracion-canciones-para-mama\/#breadcrumb\"},\"inLanguage\":\"es-MX\",\"potentialAction\":[{\"@type\":\"ReadAction\",\"target\":[\"https:\/\/blogs.uninter.edu.mx\/CheerDance\/index.php\/2022\/04\/18\/evento-te-invitamos-a-nuestra-celebracion-canciones-para-mama\/\"]}]},{\"@type\":\"ImageObject\",\"inLanguage\":\"es-MX\",\"@id\":\"https:\/\/blogs.uninter.edu.mx\/CheerDance\/index.php\/2022\/04\/18\/evento-te-invitamos-a-nuestra-celebracion-canciones-para-mama\/#primaryimage\",\"url\":\"\",\"contentUrl\":\"\"},{\"@type\":\"BreadcrumbList\",\"@id\":\"https:\/\/blogs.uninter.edu.mx\/CheerDance\/index.php\/2022\/04\/18\/evento-te-invitamos-a-nuestra-celebracion-canciones-para-mama\/#breadcrumb\",\"itemListElement\":[{\"@type\":\"ListItem\",\"position\":1,\"name\":\"Inicio\",\"item\":\"https:\/\/blogs.uninter.edu.mx\/CheerDance\/\"},{\"@type\":\"ListItem\",\"position\":2,\"name\":\"Evento: Te invitamos a nuestra celebraci\u00f3n &#8220;Canciones para Mam\u00e1&#8221;\"}]},{\"@type\":\"WebSite\",\"@id\":\"https:\/\/blogs.uninter.edu.mx\/CheerDance\/#website\",\"url\":\"https:\/\/blogs.uninter.edu.mx\/CheerDance\/\",\"name\":\"Cheer-Dance\",\"description\":\"\",\"potentialAction\":[{\"@type\":\"SearchAction\",\"target\":{\"@type\":\"EntryPoint\",\"urlTemplate\":\"https:\/\/blogs.uninter.edu.mx\/CheerDance\/?s={search_term_string}\"},\"query-input\":\"required name=search_term_string\"}],\"inLanguage\":\"es-MX\"},{\"@type\":\"Person\",\"@id\":\"https:\/\/blogs.uninter.edu.mx\/CheerDance\/#\/schema\/person\/0f765f51a7be914d757e4a323ddda337\",\"name\":\"luzgalvez\",\"image\":{\"@type\":\"ImageObject\",\"inLanguage\":\"es-MX\",\"@id\":\"https:\/\/blogs.uninter.edu.mx\/CheerDance\/#\/schema\/person\/image\/\",\"url\":\"https:\/\/secure.gravatar.com\/avatar\/cf42be0541bffe97edcfdd314483f26481497b0a6a32669684590878e1ee0288?s=96&d=mm&r=g\",\"contentUrl\":\"https:\/\/secure.gravatar.com\/avatar\/cf42be0541bffe97edcfdd314483f26481497b0a6a32669684590878e1ee0288?s=96&d=mm&r=g\",\"caption\":\"luzgalvez\"},\"url\":\"https:\/\/blogs.uninter.edu.mx\/CheerDance\/index.php\/author\/luzgalvez\/\"}]}<\/script>\r\n<!-- \/ Yoast SEO plugin. -->","yoast_head_json":{"title":"Evento: Te invitamos a nuestra celebraci\u00f3n \"Canciones para Mam\u00e1\" - Cheer-Dance","robots":{"index":"noindex","follow":"follow","max-snippet":"max-snippet:-1","max-image-preview":"max-image-preview:large","max-video-preview":"max-video-preview:-1"},"og_locale":"es_MX","og_type":"article","og_title":"Evento: Te invitamos a nuestra celebraci\u00f3n \"Canciones para Mam\u00e1\" - Cheer-Dance","og_description":"\u00a1Nuestra mam\u00e1 merece el mejor de los regalos!&nbsp; La Filarm\u00f3nica De Cuernavaca UNINTER te invita a nuestra celebraci\u00f3n \u00abCanciones para Mam\u00e1\u00bb que se llevara a cabo desde el Teatro Ocampo el pr\u00f3ximo 13 de mayo en punto de las 18:00 hrs. Adem\u00e1s contaremos con la presencia de Sarah Salgado, que con su maravillosa voz, nos&hellip;","og_url":"https:\/\/blogs.uninter.edu.mx\/CheerDance\/index.php\/2022\/04\/18\/evento-te-invitamos-a-nuestra-celebracion-canciones-para-mama\/","og_site_name":"Cheer-Dance","article_published_time":"2022-04-18T19:15:28+00:00","author":"luzgalvez","twitter_card":"summary_large_image","twitter_misc":{"Escrito por":"luzgalvez","Tiempo de lectura":"1 minuto"},"schema":{"@context":"https:\/\/schema.org","@graph":[{"@type":"WebPage","@id":"https:\/\/blogs.uninter.edu.mx\/CheerDance\/index.php\/2022\/04\/18\/evento-te-invitamos-a-nuestra-celebracion-canciones-para-mama\/","url":"https:\/\/blogs.uninter.edu.mx\/CheerDance\/index.php\/2022\/04\/18\/evento-te-invitamos-a-nuestra-celebracion-canciones-para-mama\/","name":"Evento: Te invitamos a nuestra celebraci\u00f3n \"Canciones para Mam\u00e1\" - Cheer-Dance","isPartOf":{"@id":"https:\/\/blogs.uninter.edu.mx\/CheerDance\/#website"},"primaryImageOfPage":{"@id":"https:\/\/blogs.uninter.edu.mx\/CheerDance\/index.php\/2022\/04\/18\/evento-te-invitamos-a-nuestra-celebracion-canciones-para-mama\/#primaryimage"},"image":{"@id":"https:\/\/blogs.uninter.edu.mx\/CheerDance\/index.php\/2022\/04\/18\/evento-te-invitamos-a-nuestra-celebracion-canciones-para-mama\/#primaryimage"},"thumbnailUrl":"","datePublished":"2022-04-18T19:15:28+00:00","dateModified":"2022-04-18T19:15:28+00:00","author":{"@id":"https:\/\/blogs.uninter.edu.mx\/CheerDance\/#\/schema\/person\/0f765f51a7be914d757e4a323ddda337"},"breadcrumb":{"@id":"https:\/\/blogs.uninter.edu.mx\/CheerDance\/index.php\/2022\/04\/18\/evento-te-invitamos-a-nuestra-celebracion-canciones-para-mama\/#breadcrumb"},"inLanguage":"es-MX","potentialAction":[{"@type":"ReadAction","target":["https:\/\/blogs.uninter.edu.mx\/CheerDance\/index.php\/2022\/04\/18\/evento-te-invitamos-a-nuestra-celebracion-canciones-para-mama\/"]}]},{"@type":"ImageObject","inLanguage":"es-MX","@id":"https:\/\/blogs.uninter.edu.mx\/CheerDance\/index.php\/2022\/04\/18\/evento-te-invitamos-a-nuestra-celebracion-canciones-para-mama\/#primaryimage","url":"","contentUrl":""},{"@type":"BreadcrumbList","@id":"https:\/\/blogs.uninter.edu.mx\/CheerDance\/index.php\/2022\/04\/18\/evento-te-invitamos-a-nuestra-celebracion-canciones-para-mama\/#breadcrumb","itemListElement":[{"@type":"ListItem","position":1,"name":"Inicio","item":"https:\/\/blogs.uninter.edu.mx\/CheerDance\/"},{"@type":"ListItem","position":2,"name":"Evento: Te invitamos a nuestra celebraci\u00f3n &#8220;Canciones para Mam\u00e1&#8221;"}]},{"@type":"WebSite","@id":"https:\/\/blogs.uninter.edu.mx\/CheerDance\/#website","url":"https:\/\/blogs.uninter.edu.mx\/CheerDance\/","name":"Cheer-Dance","description":"","potentialAction":[{"@type":"SearchAction","target":{"@type":"EntryPoint","urlTemplate":"https:\/\/blogs.uninter.edu.mx\/CheerDance\/?s={search_term_string}"},"query-input":"required name=search_term_string"}],"inLanguage":"es-MX"},{"@type":"Person","@id":"https:\/\/blogs.uninter.edu.mx\/CheerDance\/#\/schema\/person\/0f765f51a7be914d757e4a323ddda337","name":"luzgalvez","image":{"@type":"ImageObject","inLanguage":"es-MX","@id":"https:\/\/blogs.uninter.edu.mx\/CheerDance\/#\/schema\/person\/image\/","url":"https:\/\/secure.gravatar.com\/avatar\/cf42be0541bffe97edcfdd314483f26481497b0a6a32669684590878e1ee0288?s=96&d=mm&r=g","contentUrl":"https:\/\/secure.gravatar.com\/avatar\/cf42be0541bffe97edcfdd314483f26481497b0a6a32669684590878e1ee0288?s=96&d=mm&r=g","caption":"luzgalvez"},"url":"https:\/\/blogs.uninter.edu.mx\/CheerDance\/index.php\/author\/luzgalvez\/"}]}},"jetpack_featured_media_url":"","jetpack_sharing_enabled":true,"_links":{"self":[{"href":"https:\/\/blogs.uninter.edu.mx\/CheerDance\/index.php\/wp-json\/wp\/v2\/posts\/4647","targetHints":{"allow":["GET"]}}],"collection":[{"href":"https:\/\/blogs.uninter.edu.mx\/CheerDance\/index.php\/wp-json\/wp\/v2\/posts"}],"about":[{"href":"https:\/\/blogs.uninter.edu.mx\/CheerDance\/index.php\/wp-json\/wp\/v2\/types\/post"}],"author":[{"embeddable":true,"href":"https:\/\/blogs.uninter.edu.mx\/CheerDance\/index.php\/wp-json\/wp\/v2\/users\/9"}],"replies":[{"embeddable":true,"href":"https:\/\/blogs.uninter.edu.mx\/CheerDance\/index.php\/wp-json\/wp\/v2\/comments?post=4647"}],"version-history":[{"count":0,"href":"https:\/\/blogs.uninter.edu.mx\/CheerDance\/index.php\/wp-json\/wp\/v2\/posts\/4647\/revisions"}],"wp:featuredmedia":[{"embeddable":true,"href":"https:\/\/blogs.uninter.edu.mx\/CheerDance\/index.php\/wp-json\/"}],"wp:attachment":[{"href":"https:\/\/blogs.uninter.edu.mx\/CheerDance\/index.php\/wp-json\/wp\/v2\/media?parent=4647"}],"wp:term":[{"taxonomy":"category","embeddable":true,"href":"https:\/\/blogs.uninter.edu.mx\/CheerDance\/index.php\/wp-json\/wp\/v2\/categories?post=4647"},{"taxonomy":"post_tag","embeddable":true,"href":"https:\/\/blogs.uninter.edu.mx\/CheerDance\/index.php\/wp-json\/wp\/v2\/tags?post=4647"}],"curies":[{"name":"wp","href":"https:\/\/api.w.org\/{rel}","templated":true}]}}