{"id":5298,"date":"2024-05-08T14:12:11","date_gmt":"2024-05-08T20:12:11","guid":{"rendered":"https:\/\/porrasuninter.wordpress.com\/?p=5298"},"modified":"2024-05-08T14:12:11","modified_gmt":"2024-05-08T20:12:11","slug":"este-19-de-mayo-campeonato-regional-de-cheer-dance-uninter","status":"publish","type":"post","link":"https:\/\/blogs.uninter.edu.mx\/CheerDance\/index.php\/2024\/05\/08\/este-19-de-mayo-campeonato-regional-de-cheer-dance-uninter\/","title":{"rendered":"ESTE 19 DE MAYO, CAMPEONATO REGIONAL DE CHEER DANCE UNINTER"},"content":{"rendered":"\n<figure class=\"wp-block-image size-large\"><a href=\"https:\/\/porrasuninter.wordpress.com\/wp-content\/uploads\/2024\/05\/competencia-upa-cheer-y-danza-urbana_mesa-de-trabajo-1.jpg\"><img decoding=\"async\" src=\"https:\/\/porrasuninter.wordpress.com\/wp-content\/uploads\/2024\/05\/competencia-upa-cheer-y-danza-urbana_mesa-de-trabajo-1.jpg?w=1024\" alt=\"\" class=\"wp-image-5299\" \/><\/a><\/figure>\n\n\n\n<p>El d\u00eda 19 de Mayo en punto de las 9:00 am acomp\u00e1\u00f1anos en el Auditorio Teopanzolco al campeonato regional de las Cheer Dance donde participar\u00e1n con m\u00faltiples coreograf\u00edas, esperando tener el pase al internacional en Puerto Vallarta. NO TE LO PUEDES PERDER! <\/p>\n\n\n\n<p><\/p>\n","protected":false},"excerpt":{"rendered":"<p>El d\u00eda 19 de Mayo en punto de las 9:00 am acomp\u00e1\u00f1anos en el Auditorio Teopanzolco al campeonato regional de las Cheer Dance donde participar\u00e1n con m\u00faltiples coreograf\u00edas, esperando tener el pase al internacional en Puerto Vallarta. NO TE LO PUEDES PERDER!<\/p>\n","protected":false},"author":9,"featured_media":0,"comment_status":"closed","ping_status":"open","sticky":false,"template":"","format":"standard","meta":{"_jetpack_memberships_contains_paid_content":false,"footnotes":"","jetpack_publicize_message":"","jetpack_publicize_feature_enabled":true,"jetpack_social_post_already_shared":false,"jetpack_social_options":{"image_generator_settings":{"template":"highway","enabled":false}}},"categories":[3],"tags":[],"class_list":["post-5298","post","type-post","status-publish","format-standard","hentry","category-comunidad-porrista"],"jetpack_publicize_connections":[],"yoast_head":"<!-- This site is optimized with the Yoast SEO plugin v22.8 - https:\/\/yoast.com\/wordpress\/plugins\/seo\/ -->\r\n<title>ESTE 19 DE MAYO, CAMPEONATO REGIONAL DE CHEER DANCE UNINTER - Cheer-Dance<\/title>\r\n<meta name=\"robots\" content=\"noindex, follow, max-snippet:-1, max-image-preview:large, max-video-preview:-1\" \/>\r\n<meta property=\"og:locale\" content=\"es_MX\" \/>\r\n<meta property=\"og:type\" content=\"article\" \/>\r\n<meta property=\"og:title\" content=\"ESTE 19 DE MAYO, CAMPEONATO REGIONAL DE CHEER DANCE UNINTER - Cheer-Dance\" \/>\r\n<meta property=\"og:description\" content=\"El d\u00eda 19 de Mayo en punto de las 9:00 am acomp\u00e1\u00f1anos en el Auditorio Teopanzolco al campeonato regional de las Cheer Dance donde participar\u00e1n con m\u00faltiples coreograf\u00edas, esperando tener el pase al internacional en Puerto Vallarta. NO TE LO PUEDES PERDER!\" \/>\r\n<meta property=\"og:url\" content=\"https:\/\/blogs.uninter.edu.mx\/CheerDance\/index.php\/2024\/05\/08\/este-19-de-mayo-campeonato-regional-de-cheer-dance-uninter\/\" \/>\r\n<meta property=\"og:site_name\" content=\"Cheer-Dance\" \/>\r\n<meta property=\"article:published_time\" content=\"2024-05-08T20:12:11+00:00\" \/>\r\n<meta property=\"og:image\" content=\"https:\/\/porrasuninter.wordpress.com\/wp-content\/uploads\/2024\/05\/competencia-upa-cheer-y-danza-urbana_mesa-de-trabajo-1.jpg?w=1024\" \/>\r\n<meta name=\"author\" content=\"luzgalvez\" \/>\r\n<meta name=\"twitter:card\" content=\"summary_large_image\" \/>\r\n<meta name=\"twitter:label1\" content=\"Escrito por\" \/>\n\t<meta name=\"twitter:data1\" content=\"luzgalvez\" \/>\r\n<script type=\"application\/ld+json\" class=\"yoast-schema-graph\">{\"@context\":\"https:\/\/schema.org\",\"@graph\":[{\"@type\":\"WebPage\",\"@id\":\"https:\/\/blogs.uninter.edu.mx\/CheerDance\/index.php\/2024\/05\/08\/este-19-de-mayo-campeonato-regional-de-cheer-dance-uninter\/\",\"url\":\"https:\/\/blogs.uninter.edu.mx\/CheerDance\/index.php\/2024\/05\/08\/este-19-de-mayo-campeonato-regional-de-cheer-dance-uninter\/\",\"name\":\"ESTE 19 DE MAYO, CAMPEONATO REGIONAL DE CHEER DANCE UNINTER - Cheer-Dance\",\"isPartOf\":{\"@id\":\"https:\/\/blogs.uninter.edu.mx\/CheerDance\/#website\"},\"primaryImageOfPage\":{\"@id\":\"https:\/\/blogs.uninter.edu.mx\/CheerDance\/index.php\/2024\/05\/08\/este-19-de-mayo-campeonato-regional-de-cheer-dance-uninter\/#primaryimage\"},\"image\":{\"@id\":\"https:\/\/blogs.uninter.edu.mx\/CheerDance\/index.php\/2024\/05\/08\/este-19-de-mayo-campeonato-regional-de-cheer-dance-uninter\/#primaryimage\"},\"thumbnailUrl\":\"https:\/\/porrasuninter.wordpress.com\/wp-content\/uploads\/2024\/05\/competencia-upa-cheer-y-danza-urbana_mesa-de-trabajo-1.jpg?w=1024\",\"datePublished\":\"2024-05-08T20:12:11+00:00\",\"dateModified\":\"2024-05-08T20:12:11+00:00\",\"author\":{\"@id\":\"https:\/\/blogs.uninter.edu.mx\/CheerDance\/#\/schema\/person\/0f765f51a7be914d757e4a323ddda337\"},\"breadcrumb\":{\"@id\":\"https:\/\/blogs.uninter.edu.mx\/CheerDance\/index.php\/2024\/05\/08\/este-19-de-mayo-campeonato-regional-de-cheer-dance-uninter\/#breadcrumb\"},\"inLanguage\":\"es-MX\",\"potentialAction\":[{\"@type\":\"ReadAction\",\"target\":[\"https:\/\/blogs.uninter.edu.mx\/CheerDance\/index.php\/2024\/05\/08\/este-19-de-mayo-campeonato-regional-de-cheer-dance-uninter\/\"]}]},{\"@type\":\"ImageObject\",\"inLanguage\":\"es-MX\",\"@id\":\"https:\/\/blogs.uninter.edu.mx\/CheerDance\/index.php\/2024\/05\/08\/este-19-de-mayo-campeonato-regional-de-cheer-dance-uninter\/#primaryimage\",\"url\":\"https:\/\/porrasuninter.wordpress.com\/wp-content\/uploads\/2024\/05\/competencia-upa-cheer-y-danza-urbana_mesa-de-trabajo-1.jpg?w=1024\",\"contentUrl\":\"https:\/\/porrasuninter.wordpress.com\/wp-content\/uploads\/2024\/05\/competencia-upa-cheer-y-danza-urbana_mesa-de-trabajo-1.jpg?w=1024\"},{\"@type\":\"BreadcrumbList\",\"@id\":\"https:\/\/blogs.uninter.edu.mx\/CheerDance\/index.php\/2024\/05\/08\/este-19-de-mayo-campeonato-regional-de-cheer-dance-uninter\/#breadcrumb\",\"itemListElement\":[{\"@type\":\"ListItem\",\"position\":1,\"name\":\"Inicio\",\"item\":\"https:\/\/blogs.uninter.edu.mx\/CheerDance\/\"},{\"@type\":\"ListItem\",\"position\":2,\"name\":\"ESTE 19 DE MAYO, CAMPEONATO REGIONAL DE CHEER DANCE UNINTER\"}]},{\"@type\":\"WebSite\",\"@id\":\"https:\/\/blogs.uninter.edu.mx\/CheerDance\/#website\",\"url\":\"https:\/\/blogs.uninter.edu.mx\/CheerDance\/\",\"name\":\"Cheer-Dance\",\"description\":\"\",\"potentialAction\":[{\"@type\":\"SearchAction\",\"target\":{\"@type\":\"EntryPoint\",\"urlTemplate\":\"https:\/\/blogs.uninter.edu.mx\/CheerDance\/?s={search_term_string}\"},\"query-input\":\"required name=search_term_string\"}],\"inLanguage\":\"es-MX\"},{\"@type\":\"Person\",\"@id\":\"https:\/\/blogs.uninter.edu.mx\/CheerDance\/#\/schema\/person\/0f765f51a7be914d757e4a323ddda337\",\"name\":\"luzgalvez\",\"image\":{\"@type\":\"ImageObject\",\"inLanguage\":\"es-MX\",\"@id\":\"https:\/\/blogs.uninter.edu.mx\/CheerDance\/#\/schema\/person\/image\/\",\"url\":\"https:\/\/secure.gravatar.com\/avatar\/cf42be0541bffe97edcfdd314483f26481497b0a6a32669684590878e1ee0288?s=96&d=mm&r=g\",\"contentUrl\":\"https:\/\/secure.gravatar.com\/avatar\/cf42be0541bffe97edcfdd314483f26481497b0a6a32669684590878e1ee0288?s=96&d=mm&r=g\",\"caption\":\"luzgalvez\"},\"url\":\"https:\/\/blogs.uninter.edu.mx\/CheerDance\/index.php\/author\/luzgalvez\/\"}]}<\/script>\r\n<!-- \/ Yoast SEO plugin. -->","yoast_head_json":{"title":"ESTE 19 DE MAYO, CAMPEONATO REGIONAL DE CHEER DANCE UNINTER - Cheer-Dance","robots":{"index":"noindex","follow":"follow","max-snippet":"max-snippet:-1","max-image-preview":"max-image-preview:large","max-video-preview":"max-video-preview:-1"},"og_locale":"es_MX","og_type":"article","og_title":"ESTE 19 DE MAYO, CAMPEONATO REGIONAL DE CHEER DANCE UNINTER - Cheer-Dance","og_description":"El d\u00eda 19 de Mayo en punto de las 9:00 am acomp\u00e1\u00f1anos en el Auditorio Teopanzolco al campeonato regional de las Cheer Dance donde participar\u00e1n con m\u00faltiples coreograf\u00edas, esperando tener el pase al internacional en Puerto Vallarta. NO TE LO PUEDES PERDER!","og_url":"https:\/\/blogs.uninter.edu.mx\/CheerDance\/index.php\/2024\/05\/08\/este-19-de-mayo-campeonato-regional-de-cheer-dance-uninter\/","og_site_name":"Cheer-Dance","article_published_time":"2024-05-08T20:12:11+00:00","og_image":[{"url":"https:\/\/porrasuninter.wordpress.com\/wp-content\/uploads\/2024\/05\/competencia-upa-cheer-y-danza-urbana_mesa-de-trabajo-1.jpg?w=1024"}],"author":"luzgalvez","twitter_card":"summary_large_image","twitter_misc":{"Escrito por":"luzgalvez"},"schema":{"@context":"https:\/\/schema.org","@graph":[{"@type":"WebPage","@id":"https:\/\/blogs.uninter.edu.mx\/CheerDance\/index.php\/2024\/05\/08\/este-19-de-mayo-campeonato-regional-de-cheer-dance-uninter\/","url":"https:\/\/blogs.uninter.edu.mx\/CheerDance\/index.php\/2024\/05\/08\/este-19-de-mayo-campeonato-regional-de-cheer-dance-uninter\/","name":"ESTE 19 DE MAYO, CAMPEONATO REGIONAL DE CHEER DANCE UNINTER - Cheer-Dance","isPartOf":{"@id":"https:\/\/blogs.uninter.edu.mx\/CheerDance\/#website"},"primaryImageOfPage":{"@id":"https:\/\/blogs.uninter.edu.mx\/CheerDance\/index.php\/2024\/05\/08\/este-19-de-mayo-campeonato-regional-de-cheer-dance-uninter\/#primaryimage"},"image":{"@id":"https:\/\/blogs.uninter.edu.mx\/CheerDance\/index.php\/2024\/05\/08\/este-19-de-mayo-campeonato-regional-de-cheer-dance-uninter\/#primaryimage"},"thumbnailUrl":"https:\/\/porrasuninter.wordpress.com\/wp-content\/uploads\/2024\/05\/competencia-upa-cheer-y-danza-urbana_mesa-de-trabajo-1.jpg?w=1024","datePublished":"2024-05-08T20:12:11+00:00","dateModified":"2024-05-08T20:12:11+00:00","author":{"@id":"https:\/\/blogs.uninter.edu.mx\/CheerDance\/#\/schema\/person\/0f765f51a7be914d757e4a323ddda337"},"breadcrumb":{"@id":"https:\/\/blogs.uninter.edu.mx\/CheerDance\/index.php\/2024\/05\/08\/este-19-de-mayo-campeonato-regional-de-cheer-dance-uninter\/#breadcrumb"},"inLanguage":"es-MX","potentialAction":[{"@type":"ReadAction","target":["https:\/\/blogs.uninter.edu.mx\/CheerDance\/index.php\/2024\/05\/08\/este-19-de-mayo-campeonato-regional-de-cheer-dance-uninter\/"]}]},{"@type":"ImageObject","inLanguage":"es-MX","@id":"https:\/\/blogs.uninter.edu.mx\/CheerDance\/index.php\/2024\/05\/08\/este-19-de-mayo-campeonato-regional-de-cheer-dance-uninter\/#primaryimage","url":"https:\/\/porrasuninter.wordpress.com\/wp-content\/uploads\/2024\/05\/competencia-upa-cheer-y-danza-urbana_mesa-de-trabajo-1.jpg?w=1024","contentUrl":"https:\/\/porrasuninter.wordpress.com\/wp-content\/uploads\/2024\/05\/competencia-upa-cheer-y-danza-urbana_mesa-de-trabajo-1.jpg?w=1024"},{"@type":"BreadcrumbList","@id":"https:\/\/blogs.uninter.edu.mx\/CheerDance\/index.php\/2024\/05\/08\/este-19-de-mayo-campeonato-regional-de-cheer-dance-uninter\/#breadcrumb","itemListElement":[{"@type":"ListItem","position":1,"name":"Inicio","item":"https:\/\/blogs.uninter.edu.mx\/CheerDance\/"},{"@type":"ListItem","position":2,"name":"ESTE 19 DE MAYO, CAMPEONATO REGIONAL DE CHEER DANCE UNINTER"}]},{"@type":"WebSite","@id":"https:\/\/blogs.uninter.edu.mx\/CheerDance\/#website","url":"https:\/\/blogs.uninter.edu.mx\/CheerDance\/","name":"Cheer-Dance","description":"","potentialAction":[{"@type":"SearchAction","target":{"@type":"EntryPoint","urlTemplate":"https:\/\/blogs.uninter.edu.mx\/CheerDance\/?s={search_term_string}"},"query-input":"required name=search_term_string"}],"inLanguage":"es-MX"},{"@type":"Person","@id":"https:\/\/blogs.uninter.edu.mx\/CheerDance\/#\/schema\/person\/0f765f51a7be914d757e4a323ddda337","name":"luzgalvez","image":{"@type":"ImageObject","inLanguage":"es-MX","@id":"https:\/\/blogs.uninter.edu.mx\/CheerDance\/#\/schema\/person\/image\/","url":"https:\/\/secure.gravatar.com\/avatar\/cf42be0541bffe97edcfdd314483f26481497b0a6a32669684590878e1ee0288?s=96&d=mm&r=g","contentUrl":"https:\/\/secure.gravatar.com\/avatar\/cf42be0541bffe97edcfdd314483f26481497b0a6a32669684590878e1ee0288?s=96&d=mm&r=g","caption":"luzgalvez"},"url":"https:\/\/blogs.uninter.edu.mx\/CheerDance\/index.php\/author\/luzgalvez\/"}]}},"jetpack_featured_media_url":"","jetpack_sharing_enabled":true,"_links":{"self":[{"href":"https:\/\/blogs.uninter.edu.mx\/CheerDance\/index.php\/wp-json\/wp\/v2\/posts\/5298","targetHints":{"allow":["GET"]}}],"collection":[{"href":"https:\/\/blogs.uninter.edu.mx\/CheerDance\/index.php\/wp-json\/wp\/v2\/posts"}],"about":[{"href":"https:\/\/blogs.uninter.edu.mx\/CheerDance\/index.php\/wp-json\/wp\/v2\/types\/post"}],"author":[{"embeddable":true,"href":"https:\/\/blogs.uninter.edu.mx\/CheerDance\/index.php\/wp-json\/wp\/v2\/users\/9"}],"replies":[{"embeddable":true,"href":"https:\/\/blogs.uninter.edu.mx\/CheerDance\/index.php\/wp-json\/wp\/v2\/comments?post=5298"}],"version-history":[{"count":0,"href":"https:\/\/blogs.uninter.edu.mx\/CheerDance\/index.php\/wp-json\/wp\/v2\/posts\/5298\/revisions"}],"wp:attachment":[{"href":"https:\/\/blogs.uninter.edu.mx\/CheerDance\/index.php\/wp-json\/wp\/v2\/media?parent=5298"}],"wp:term":[{"taxonomy":"category","embeddable":true,"href":"https:\/\/blogs.uninter.edu.mx\/CheerDance\/index.php\/wp-json\/wp\/v2\/categories?post=5298"},{"taxonomy":"post_tag","embeddable":true,"href":"https:\/\/blogs.uninter.edu.mx\/CheerDance\/index.php\/wp-json\/wp\/v2\/tags?post=5298"}],"curies":[{"name":"wp","href":"https:\/\/api.w.org\/{rel}","templated":true}]}}