{"id":257,"date":"2019-11-06T14:57:17","date_gmt":"2019-11-06T14:57:17","guid":{"rendered":"https:\/\/blogs.uninter.edu.mx\/DAEYA\/?p=257"},"modified":"2019-11-06T15:22:00","modified_gmt":"2019-11-06T15:22:00","slug":"red-foraneos-cereada-ocotepec","status":"publish","type":"post","link":"https:\/\/blogs.uninter.edu.mx\/DAEYA\/index.php\/2019\/11\/06\/red-foraneos-cereada-ocotepec\/","title":{"rendered":"Red For\u00e1neos-Cereada Ocotepec"},"content":{"rendered":"\n<p style=\"text-align:justify\">La Red for\u00e1neos Uninter se encarga de integrar a la comunidad Uninter con el fin de generar identidad y pertenencia con nuestra Alma M\u00e1ter.<\/p>\n\n\n\n<p style=\"text-align:justify\">El pasado viernes 1\u00b0 de noviembre 2019 la <a href=\"https:\/\/blogs.uninter.edu.mx\/DAEYA\/index.php\/category\/foraneosuninter\/\">Red For\u00e1neos Uninter<\/a> invito a la comunidad Uninter a visitar las ofrendas que a\u00f1o con a\u00f1o&nbsp;hace&nbsp;el poblado de Ocotepec para conocer y convivir en esta bonita tradici\u00f3n.<\/p>\n\n\n\n<p style=\"text-align:justify\">Nos acompa\u00f1aron alumnos de otros Municipios, Estados y del pa\u00eds de Honduras.<\/p>\n\n\n\n<ul class=\"wp-block-gallery columns-3 is-cropped wp-block-gallery-1 is-layout-flex wp-block-gallery-is-layout-flex\"><li class=\"blocks-gallery-item\"><figure><img loading=\"lazy\" decoding=\"async\" width=\"1024\" height=\"768\" src=\"https:\/\/blogs.uninter.edu.mx\/DAEYA\/wp-content\/uploads\/2019\/11\/IMG-20191101-WA0022-2-1024x768.jpg\" alt=\"\" data-id=\"267\" data-link=\"https:\/\/blogs.uninter.edu.mx\/DAEYA\/?attachment_id=267#main\" class=\"wp-image-267\" srcset=\"https:\/\/blogs.uninter.edu.mx\/DAEYA\/wp-content\/uploads\/2019\/11\/IMG-20191101-WA0022-2-1024x768.jpg 1024w, https:\/\/blogs.uninter.edu.mx\/DAEYA\/wp-content\/uploads\/2019\/11\/IMG-20191101-WA0022-2-300x225.jpg 300w, https:\/\/blogs.uninter.edu.mx\/DAEYA\/wp-content\/uploads\/2019\/11\/IMG-20191101-WA0022-2-768x576.jpg 768w, https:\/\/blogs.uninter.edu.mx\/DAEYA\/wp-content\/uploads\/2019\/11\/IMG-20191101-WA0022-2.jpg 1280w\" sizes=\"auto, (max-width: 1024px) 100vw, 1024px\" \/><\/figure><\/li><li class=\"blocks-gallery-item\"><figure><img loading=\"lazy\" decoding=\"async\" width=\"768\" height=\"1024\" src=\"https:\/\/blogs.uninter.edu.mx\/DAEYA\/wp-content\/uploads\/2019\/11\/IMG_20191101_173748900-1-768x1024.jpg\" alt=\"\" data-id=\"264\" data-link=\"https:\/\/blogs.uninter.edu.mx\/DAEYA\/?attachment_id=264#main\" class=\"wp-image-264\" srcset=\"https:\/\/blogs.uninter.edu.mx\/DAEYA\/wp-content\/uploads\/2019\/11\/IMG_20191101_173748900-1-768x1024.jpg 768w, https:\/\/blogs.uninter.edu.mx\/DAEYA\/wp-content\/uploads\/2019\/11\/IMG_20191101_173748900-1-225x300.jpg 225w\" sizes=\"auto, (max-width: 768px) 100vw, 768px\" \/><\/figure><\/li><li class=\"blocks-gallery-item\"><figure><img loading=\"lazy\" decoding=\"async\" width=\"1024\" height=\"768\" src=\"https:\/\/blogs.uninter.edu.mx\/DAEYA\/wp-content\/uploads\/2019\/11\/IMG-20191102-WA0001-2-1024x768.jpg\" alt=\"\" data-id=\"266\" data-link=\"https:\/\/blogs.uninter.edu.mx\/DAEYA\/?attachment_id=266#main\" class=\"wp-image-266\" srcset=\"https:\/\/blogs.uninter.edu.mx\/DAEYA\/wp-content\/uploads\/2019\/11\/IMG-20191102-WA0001-2-1024x768.jpg 1024w, https:\/\/blogs.uninter.edu.mx\/DAEYA\/wp-content\/uploads\/2019\/11\/IMG-20191102-WA0001-2-300x225.jpg 300w, https:\/\/blogs.uninter.edu.mx\/DAEYA\/wp-content\/uploads\/2019\/11\/IMG-20191102-WA0001-2-768x576.jpg 768w, https:\/\/blogs.uninter.edu.mx\/DAEYA\/wp-content\/uploads\/2019\/11\/IMG-20191102-WA0001-2.jpg 1280w\" sizes=\"auto, (max-width: 1024px) 100vw, 1024px\" \/><\/figure><\/li><li class=\"blocks-gallery-item\"><figure><img loading=\"lazy\" decoding=\"async\" width=\"1024\" height=\"768\" src=\"https:\/\/blogs.uninter.edu.mx\/DAEYA\/wp-content\/uploads\/2019\/11\/IMG_20191101_170629603-1-1024x768.jpg\" alt=\"\" data-id=\"262\" data-link=\"https:\/\/blogs.uninter.edu.mx\/DAEYA\/?attachment_id=262#main\" class=\"wp-image-262\" srcset=\"https:\/\/blogs.uninter.edu.mx\/DAEYA\/wp-content\/uploads\/2019\/11\/IMG_20191101_170629603-1-1024x768.jpg 1024w, https:\/\/blogs.uninter.edu.mx\/DAEYA\/wp-content\/uploads\/2019\/11\/IMG_20191101_170629603-1-300x225.jpg 300w, https:\/\/blogs.uninter.edu.mx\/DAEYA\/wp-content\/uploads\/2019\/11\/IMG_20191101_170629603-1-768x576.jpg 768w\" sizes=\"auto, (max-width: 1024px) 100vw, 1024px\" \/><\/figure><\/li><\/ul>\n\n\n\n<p><strong>Si te quieres unir a esta Red, reg\u00edstrate en el Edificio 7-101<\/strong><\/p>\n\n\n\n<p><strong>Tel\u00e9fono: 7773171087 ext. 134<\/strong><\/p>\n","protected":false},"excerpt":{"rendered":"<p>El pasado viernes 1\u00b0 de noviembre 2019 la Red For\u00e1neos Uninter invito a la comunidad Uninter a visitar las ofrendas que a\u00f1o con a\u00f1o hace el poblado de Ocotepec para conocer y convivir en esta bonita tradici\u00f3n.<\/p>\n","protected":false},"author":3,"featured_media":262,"comment_status":"open","ping_status":"open","sticky":false,"template":"","format":"standard","meta":{"_jetpack_memberships_contains_paid_content":false,"footnotes":"","jetpack_publicize_message":"","jetpack_publicize_feature_enabled":true,"jetpack_social_post_already_shared":true,"jetpack_social_options":{"image_generator_settings":{"template":"highway","default_image_id":0,"font":"","enabled":false},"version":2}},"categories":[8,5],"tags":[25,72,56,71],"class_list":["post-257","post","type-post","status-publish","format-standard","has-post-thumbnail","hentry","category-foraneosuninter","category-redes-estudiantiles","tag-foraneos","tag-identidad","tag-ocotepec","tag-ofrendas"],"yoast_head":"<!-- This site is optimized with the Yoast SEO plugin v26.0 - https:\/\/yoast.com\/wordpress\/plugins\/seo\/ -->\r\n<title>Red For\u00e1neos-Cereada Ocotepec - Atenci\u00f3n a Estudiantes<\/title>\r\n<meta name=\"robots\" content=\"index, follow, max-snippet:-1, max-image-preview:large, max-video-preview:-1\" \/>\r\n<link rel=\"canonical\" href=\"https:\/\/blogs.uninter.edu.mx\/DAEYA\/index.php\/2019\/11\/06\/red-foraneos-cereada-ocotepec\/\" \/>\r\n<meta property=\"og:locale\" content=\"es_MX\" \/>\r\n<meta property=\"og:type\" content=\"article\" \/>\r\n<meta property=\"og:title\" content=\"Red For\u00e1neos-Cereada Ocotepec - Atenci\u00f3n a Estudiantes\" \/>\r\n<meta property=\"og:description\" content=\"El pasado viernes 1\u00b0 de noviembre 2019 la Red For\u00e1neos Uninter invito a la comunidad Uninter a visitar las ofrendas que a\u00f1o con a\u00f1o hace el poblado de Ocotepec para conocer y convivir en esta bonita tradici\u00f3n.\" \/>\r\n<meta property=\"og:url\" content=\"https:\/\/blogs.uninter.edu.mx\/DAEYA\/index.php\/2019\/11\/06\/red-foraneos-cereada-ocotepec\/\" \/>\r\n<meta property=\"og:site_name\" content=\"Atenci\u00f3n a Estudiantes\" \/>\r\n<meta property=\"article:published_time\" content=\"2019-11-06T14:57:17+00:00\" \/>\r\n<meta property=\"article:modified_time\" content=\"2019-11-06T15:22:00+00:00\" \/>\r\n<meta property=\"og:image\" content=\"https:\/\/blogs.uninter.edu.mx\/DAEYA\/wp-content\/uploads\/2019\/11\/IMG_20191101_170629603-1-1024x768.jpg\" \/>\r\n\t<meta property=\"og:image:width\" content=\"1024\" \/>\r\n\t<meta property=\"og:image:height\" content=\"768\" \/>\r\n\t<meta property=\"og:image:type\" content=\"image\/jpeg\" \/>\r\n<meta name=\"author\" content=\"Michell Donnet Juarez Porcayo\" \/>\r\n<meta name=\"twitter:card\" content=\"summary_large_image\" \/>\r\n<meta name=\"twitter:label1\" content=\"Escrito por\" \/>\n\t<meta name=\"twitter:data1\" content=\"Michell Donnet Juarez Porcayo\" \/>\r\n<script type=\"application\/ld+json\" class=\"yoast-schema-graph\">{\"@context\":\"https:\/\/schema.org\",\"@graph\":[{\"@type\":\"WebPage\",\"@id\":\"https:\/\/blogs.uninter.edu.mx\/DAEYA\/index.php\/2019\/11\/06\/red-foraneos-cereada-ocotepec\/\",\"url\":\"https:\/\/blogs.uninter.edu.mx\/DAEYA\/index.php\/2019\/11\/06\/red-foraneos-cereada-ocotepec\/\",\"name\":\"Red For\u00e1neos-Cereada Ocotepec - Atenci\u00f3n a Estudiantes\",\"isPartOf\":{\"@id\":\"https:\/\/blogs.uninter.edu.mx\/DAEYA\/#website\"},\"primaryImageOfPage\":{\"@id\":\"https:\/\/blogs.uninter.edu.mx\/DAEYA\/index.php\/2019\/11\/06\/red-foraneos-cereada-ocotepec\/#primaryimage\"},\"image\":{\"@id\":\"https:\/\/blogs.uninter.edu.mx\/DAEYA\/index.php\/2019\/11\/06\/red-foraneos-cereada-ocotepec\/#primaryimage\"},\"thumbnailUrl\":\"https:\/\/blogs.uninter.edu.mx\/DAEYA\/wp-content\/uploads\/2019\/11\/IMG_20191101_170629603-1.jpg\",\"datePublished\":\"2019-11-06T14:57:17+00:00\",\"dateModified\":\"2019-11-06T15:22:00+00:00\",\"author\":{\"@id\":\"https:\/\/blogs.uninter.edu.mx\/DAEYA\/#\/schema\/person\/a3c2c5227dda6003d4d250ac62fedf93\"},\"breadcrumb\":{\"@id\":\"https:\/\/blogs.uninter.edu.mx\/DAEYA\/index.php\/2019\/11\/06\/red-foraneos-cereada-ocotepec\/#breadcrumb\"},\"inLanguage\":\"es\",\"potentialAction\":[{\"@type\":\"ReadAction\",\"target\":[\"https:\/\/blogs.uninter.edu.mx\/DAEYA\/index.php\/2019\/11\/06\/red-foraneos-cereada-ocotepec\/\"]}]},{\"@type\":\"ImageObject\",\"inLanguage\":\"es\",\"@id\":\"https:\/\/blogs.uninter.edu.mx\/DAEYA\/index.php\/2019\/11\/06\/red-foraneos-cereada-ocotepec\/#primaryimage\",\"url\":\"https:\/\/blogs.uninter.edu.mx\/DAEYA\/wp-content\/uploads\/2019\/11\/IMG_20191101_170629603-1.jpg\",\"contentUrl\":\"https:\/\/blogs.uninter.edu.mx\/DAEYA\/wp-content\/uploads\/2019\/11\/IMG_20191101_170629603-1.jpg\",\"width\":4160,\"height\":3120},{\"@type\":\"BreadcrumbList\",\"@id\":\"https:\/\/blogs.uninter.edu.mx\/DAEYA\/index.php\/2019\/11\/06\/red-foraneos-cereada-ocotepec\/#breadcrumb\",\"itemListElement\":[{\"@type\":\"ListItem\",\"position\":1,\"name\":\"Inicio\",\"item\":\"https:\/\/blogs.uninter.edu.mx\/DAEYA\/\"},{\"@type\":\"ListItem\",\"position\":2,\"name\":\"Red For\u00e1neos-Cereada Ocotepec\"}]},{\"@type\":\"WebSite\",\"@id\":\"https:\/\/blogs.uninter.edu.mx\/DAEYA\/#website\",\"url\":\"https:\/\/blogs.uninter.edu.mx\/DAEYA\/\",\"name\":\"Atenci\u00f3n a Estudiantes\",\"description\":\"UNINTER\",\"potentialAction\":[{\"@type\":\"SearchAction\",\"target\":{\"@type\":\"EntryPoint\",\"urlTemplate\":\"https:\/\/blogs.uninter.edu.mx\/DAEYA\/?s={search_term_string}\"},\"query-input\":{\"@type\":\"PropertyValueSpecification\",\"valueRequired\":true,\"valueName\":\"search_term_string\"}}],\"inLanguage\":\"es\"},{\"@type\":\"Person\",\"@id\":\"https:\/\/blogs.uninter.edu.mx\/DAEYA\/#\/schema\/person\/a3c2c5227dda6003d4d250ac62fedf93\",\"name\":\"Michell Donnet Juarez Porcayo\",\"image\":{\"@type\":\"ImageObject\",\"inLanguage\":\"es\",\"@id\":\"https:\/\/blogs.uninter.edu.mx\/DAEYA\/#\/schema\/person\/image\/\",\"url\":\"https:\/\/secure.gravatar.com\/avatar\/a90e348bd83b62b392eb59f49b6f09f474de0e8e3bf79dfb04377a2cf1b6d1e3?s=96&d=mm&r=g\",\"contentUrl\":\"https:\/\/secure.gravatar.com\/avatar\/a90e348bd83b62b392eb59f49b6f09f474de0e8e3bf79dfb04377a2cf1b6d1e3?s=96&d=mm&r=g\",\"caption\":\"Michell Donnet Juarez Porcayo\"},\"url\":\"https:\/\/blogs.uninter.edu.mx\/DAEYA\/index.php\/author\/mjuarezporcayo\/\"}]}<\/script>\r\n<!-- \/ Yoast SEO plugin. -->","yoast_head_json":{"title":"Red For\u00e1neos-Cereada Ocotepec - Atenci\u00f3n a Estudiantes","robots":{"index":"index","follow":"follow","max-snippet":"max-snippet:-1","max-image-preview":"max-image-preview:large","max-video-preview":"max-video-preview:-1"},"canonical":"https:\/\/blogs.uninter.edu.mx\/DAEYA\/index.php\/2019\/11\/06\/red-foraneos-cereada-ocotepec\/","og_locale":"es_MX","og_type":"article","og_title":"Red For\u00e1neos-Cereada Ocotepec - Atenci\u00f3n a Estudiantes","og_description":"El pasado viernes 1\u00b0 de noviembre 2019 la Red For\u00e1neos Uninter invito a la comunidad Uninter a visitar las ofrendas que a\u00f1o con a\u00f1o hace el poblado de Ocotepec para conocer y convivir en esta bonita tradici\u00f3n.","og_url":"https:\/\/blogs.uninter.edu.mx\/DAEYA\/index.php\/2019\/11\/06\/red-foraneos-cereada-ocotepec\/","og_site_name":"Atenci\u00f3n a Estudiantes","article_published_time":"2019-11-06T14:57:17+00:00","article_modified_time":"2019-11-06T15:22:00+00:00","og_image":[{"width":1024,"height":768,"url":"https:\/\/blogs.uninter.edu.mx\/DAEYA\/wp-content\/uploads\/2019\/11\/IMG_20191101_170629603-1-1024x768.jpg","type":"image\/jpeg"}],"author":"Michell Donnet Juarez Porcayo","twitter_card":"summary_large_image","twitter_misc":{"Escrito por":"Michell Donnet Juarez Porcayo"},"schema":{"@context":"https:\/\/schema.org","@graph":[{"@type":"WebPage","@id":"https:\/\/blogs.uninter.edu.mx\/DAEYA\/index.php\/2019\/11\/06\/red-foraneos-cereada-ocotepec\/","url":"https:\/\/blogs.uninter.edu.mx\/DAEYA\/index.php\/2019\/11\/06\/red-foraneos-cereada-ocotepec\/","name":"Red For\u00e1neos-Cereada Ocotepec - Atenci\u00f3n a Estudiantes","isPartOf":{"@id":"https:\/\/blogs.uninter.edu.mx\/DAEYA\/#website"},"primaryImageOfPage":{"@id":"https:\/\/blogs.uninter.edu.mx\/DAEYA\/index.php\/2019\/11\/06\/red-foraneos-cereada-ocotepec\/#primaryimage"},"image":{"@id":"https:\/\/blogs.uninter.edu.mx\/DAEYA\/index.php\/2019\/11\/06\/red-foraneos-cereada-ocotepec\/#primaryimage"},"thumbnailUrl":"https:\/\/blogs.uninter.edu.mx\/DAEYA\/wp-content\/uploads\/2019\/11\/IMG_20191101_170629603-1.jpg","datePublished":"2019-11-06T14:57:17+00:00","dateModified":"2019-11-06T15:22:00+00:00","author":{"@id":"https:\/\/blogs.uninter.edu.mx\/DAEYA\/#\/schema\/person\/a3c2c5227dda6003d4d250ac62fedf93"},"breadcrumb":{"@id":"https:\/\/blogs.uninter.edu.mx\/DAEYA\/index.php\/2019\/11\/06\/red-foraneos-cereada-ocotepec\/#breadcrumb"},"inLanguage":"es","potentialAction":[{"@type":"ReadAction","target":["https:\/\/blogs.uninter.edu.mx\/DAEYA\/index.php\/2019\/11\/06\/red-foraneos-cereada-ocotepec\/"]}]},{"@type":"ImageObject","inLanguage":"es","@id":"https:\/\/blogs.uninter.edu.mx\/DAEYA\/index.php\/2019\/11\/06\/red-foraneos-cereada-ocotepec\/#primaryimage","url":"https:\/\/blogs.uninter.edu.mx\/DAEYA\/wp-content\/uploads\/2019\/11\/IMG_20191101_170629603-1.jpg","contentUrl":"https:\/\/blogs.uninter.edu.mx\/DAEYA\/wp-content\/uploads\/2019\/11\/IMG_20191101_170629603-1.jpg","width":4160,"height":3120},{"@type":"BreadcrumbList","@id":"https:\/\/blogs.uninter.edu.mx\/DAEYA\/index.php\/2019\/11\/06\/red-foraneos-cereada-ocotepec\/#breadcrumb","itemListElement":[{"@type":"ListItem","position":1,"name":"Inicio","item":"https:\/\/blogs.uninter.edu.mx\/DAEYA\/"},{"@type":"ListItem","position":2,"name":"Red For\u00e1neos-Cereada Ocotepec"}]},{"@type":"WebSite","@id":"https:\/\/blogs.uninter.edu.mx\/DAEYA\/#website","url":"https:\/\/blogs.uninter.edu.mx\/DAEYA\/","name":"Atenci\u00f3n a Estudiantes","description":"UNINTER","potentialAction":[{"@type":"SearchAction","target":{"@type":"EntryPoint","urlTemplate":"https:\/\/blogs.uninter.edu.mx\/DAEYA\/?s={search_term_string}"},"query-input":{"@type":"PropertyValueSpecification","valueRequired":true,"valueName":"search_term_string"}}],"inLanguage":"es"},{"@type":"Person","@id":"https:\/\/blogs.uninter.edu.mx\/DAEYA\/#\/schema\/person\/a3c2c5227dda6003d4d250ac62fedf93","name":"Michell Donnet Juarez Porcayo","image":{"@type":"ImageObject","inLanguage":"es","@id":"https:\/\/blogs.uninter.edu.mx\/DAEYA\/#\/schema\/person\/image\/","url":"https:\/\/secure.gravatar.com\/avatar\/a90e348bd83b62b392eb59f49b6f09f474de0e8e3bf79dfb04377a2cf1b6d1e3?s=96&d=mm&r=g","contentUrl":"https:\/\/secure.gravatar.com\/avatar\/a90e348bd83b62b392eb59f49b6f09f474de0e8e3bf79dfb04377a2cf1b6d1e3?s=96&d=mm&r=g","caption":"Michell Donnet Juarez Porcayo"},"url":"https:\/\/blogs.uninter.edu.mx\/DAEYA\/index.php\/author\/mjuarezporcayo\/"}]}},"jetpack_publicize_connections":[],"jetpack_featured_media_url":"https:\/\/blogs.uninter.edu.mx\/DAEYA\/wp-content\/uploads\/2019\/11\/IMG_20191101_170629603-1.jpg","jetpack_sharing_enabled":true,"_links":{"self":[{"href":"https:\/\/blogs.uninter.edu.mx\/DAEYA\/index.php\/wp-json\/wp\/v2\/posts\/257","targetHints":{"allow":["GET"]}}],"collection":[{"href":"https:\/\/blogs.uninter.edu.mx\/DAEYA\/index.php\/wp-json\/wp\/v2\/posts"}],"about":[{"href":"https:\/\/blogs.uninter.edu.mx\/DAEYA\/index.php\/wp-json\/wp\/v2\/types\/post"}],"author":[{"embeddable":true,"href":"https:\/\/blogs.uninter.edu.mx\/DAEYA\/index.php\/wp-json\/wp\/v2\/users\/3"}],"replies":[{"embeddable":true,"href":"https:\/\/blogs.uninter.edu.mx\/DAEYA\/index.php\/wp-json\/wp\/v2\/comments?post=257"}],"version-history":[{"count":1,"href":"https:\/\/blogs.uninter.edu.mx\/DAEYA\/index.php\/wp-json\/wp\/v2\/posts\/257\/revisions"}],"predecessor-version":[{"id":268,"href":"https:\/\/blogs.uninter.edu.mx\/DAEYA\/index.php\/wp-json\/wp\/v2\/posts\/257\/revisions\/268"}],"wp:featuredmedia":[{"embeddable":true,"href":"https:\/\/blogs.uninter.edu.mx\/DAEYA\/index.php\/wp-json\/wp\/v2\/media\/262"}],"wp:attachment":[{"href":"https:\/\/blogs.uninter.edu.mx\/DAEYA\/index.php\/wp-json\/wp\/v2\/media?parent=257"}],"wp:term":[{"taxonomy":"category","embeddable":true,"href":"https:\/\/blogs.uninter.edu.mx\/DAEYA\/index.php\/wp-json\/wp\/v2\/categories?post=257"},{"taxonomy":"post_tag","embeddable":true,"href":"https:\/\/blogs.uninter.edu.mx\/DAEYA\/index.php\/wp-json\/wp\/v2\/tags?post=257"}],"curies":[{"name":"wp","href":"https:\/\/api.w.org\/{rel}","templated":true}]}}