{"id":2792,"date":"2024-03-21T17:14:10","date_gmt":"2024-03-21T17:14:10","guid":{"rendered":"https:\/\/blogs.uninter.edu.mx\/DAEYA\/?p=2792"},"modified":"2024-04-18T21:47:37","modified_gmt":"2024-04-18T21:47:37","slug":"2o-edicion-chef-uninter","status":"publish","type":"post","link":"https:\/\/blogs.uninter.edu.mx\/DAEYA\/index.php\/2024\/03\/21\/2o-edicion-chef-uninter\/","title":{"rendered":"| Evento Estudiantil | 2\u00ba Edici\u00f3n Uninter Chef"},"content":{"rendered":"\n<p>El pasado martes 9 de mayo, se llev\u00f3 a cabo la 2da edici\u00f3n de Uninter Chef<\/p>\n\n\n\n<p class=\"has-text-align-justify\">D\u00f3nde 5 equipos participaron con diferentes platillos originarios de distintas partes de M\u00e9xico, cada uno con su toque personal y detalles que hicieron que el jurado tuviera una degustaci\u00f3n muy interesante.<\/p>\n\n\n<div class=\"wp-block-image\">\n<figure class=\"aligncenter size-full is-resized\"><img loading=\"lazy\" decoding=\"async\" src=\"https:\/\/blogs.uninter.edu.mx\/DAEYA\/wp-content\/uploads\/2024\/03\/4-1.png\" alt=\"\" class=\"wp-image-2721\" width=\"450\" height=\"450\"\/><\/figure><\/div>\n\n\n<p><\/p>\n\n\n\n<p class=\"has-text-align-justify\">Fue un evento emocionante y lleno de sabor al igual que la anterior edici\u00f3n, j\u00f3venes talentosos de estudiantes de la Universidad Internacional UNINTER, se reunieron para mostrar sus habilidades culinarias y su creatividad en la elaboraci\u00f3n de platillos tradicionales de la rica gastronom\u00eda mexicana.<\/p>\n\n\n\n<p class=\"has-text-align-justify\">Los participantes presentaron una amplia variedad de platillos, desde tacos al pastor hasta mole poblano, demostrando la diversidad y la riqueza de la cocina mexicana. Los Chefs invitados que formaron parte del jurado, &nbsp;la chef Dzoara Cruz y el chef Juan Gait\u00e1n, expertos en gastronom\u00eda, tuvieron la dif\u00edcil tarea de evaluar cada platillo en base a su sabor, presentaci\u00f3n y originalidad. La competencia fue muy re\u00f1ida, pero en un ambiente de compa\u00f1erismo y respeto por parte de los estudiantes concursantes.<\/p>\n\n\n\n<p class=\"has-text-align-justify\">Al final, el ganador de la segunda edici\u00f3n del concurso de cocina fue anunciado entre aplausos y ovaciones. Este evento no solo promovi\u00f3 el talento culinario de los estudiantes, sino que tambi\u00e9n celebr\u00f3 la cultura y la tradici\u00f3n gastron\u00f3mica de M\u00e9xico, inspirando a los estudiantes a mantener viva la herencia culinaria del pa\u00eds.<\/p>\n","protected":false},"excerpt":{"rendered":"<p>El pasado martes 9 de mayo, se llev\u00f3 a cabo la 2da edici\u00f3n de Uninter Chef D\u00f3nde 5 equipos participaron con diferentes platillos originarios de distintas partes de M\u00e9xico, cada uno con su toque personal y detalles que hicieron que el jurado tuviera una degustaci\u00f3n muy interesante. Fue un evento emocionante y lleno de sabor&hellip;<\/p>\n","protected":false},"author":9,"featured_media":2719,"comment_status":"open","ping_status":"open","sticky":false,"template":"","format":"standard","meta":{"_jetpack_memberships_contains_paid_content":false,"footnotes":"","jetpack_publicize_message":"","jetpack_publicize_feature_enabled":true,"jetpack_social_post_already_shared":true,"jetpack_social_options":{"image_generator_settings":{"template":"highway","default_image_id":0,"font":"","enabled":false},"version":2}},"categories":[17,1],"tags":[],"class_list":["post-2792","post","type-post","status-publish","format-standard","has-post-thumbnail","hentry","category-eventos-uninter","category-sin-categoria"],"yoast_head":"<!-- This site is optimized with the Yoast SEO plugin v26.0 - https:\/\/yoast.com\/wordpress\/plugins\/seo\/ -->\r\n<title>| Evento Estudiantil | 2\u00ba Edici\u00f3n Uninter Chef - Atenci\u00f3n a Estudiantes<\/title>\r\n<meta name=\"robots\" content=\"index, follow, max-snippet:-1, max-image-preview:large, max-video-preview:-1\" \/>\r\n<link rel=\"canonical\" href=\"https:\/\/blogs.uninter.edu.mx\/DAEYA\/index.php\/2024\/03\/21\/2o-edicion-chef-uninter\/\" \/>\r\n<meta property=\"og:locale\" content=\"es_MX\" \/>\r\n<meta property=\"og:type\" content=\"article\" \/>\r\n<meta property=\"og:title\" content=\"| Evento Estudiantil | 2\u00ba Edici\u00f3n Uninter Chef - Atenci\u00f3n a Estudiantes\" \/>\r\n<meta property=\"og:description\" content=\"El pasado martes 9 de mayo, se llev\u00f3 a cabo la 2da edici\u00f3n de Uninter Chef D\u00f3nde 5 equipos participaron con diferentes platillos originarios de distintas partes de M\u00e9xico, cada uno con su toque personal y detalles que hicieron que el jurado tuviera una degustaci\u00f3n muy interesante. Fue un evento emocionante y lleno de sabor&hellip;\" \/>\r\n<meta property=\"og:url\" content=\"https:\/\/blogs.uninter.edu.mx\/DAEYA\/index.php\/2024\/03\/21\/2o-edicion-chef-uninter\/\" \/>\r\n<meta property=\"og:site_name\" content=\"Atenci\u00f3n a Estudiantes\" \/>\r\n<meta property=\"article:published_time\" content=\"2024-03-21T17:14:10+00:00\" \/>\r\n<meta property=\"article:modified_time\" content=\"2024-04-18T21:47:37+00:00\" \/>\r\n<meta property=\"og:image\" content=\"https:\/\/blogs.uninter.edu.mx\/DAEYA\/wp-content\/uploads\/2024\/03\/3-1.png\" \/>\r\n\t<meta property=\"og:image:width\" content=\"1000\" \/>\r\n\t<meta property=\"og:image:height\" content=\"1000\" \/>\r\n\t<meta property=\"og:image:type\" content=\"image\/png\" \/>\r\n<meta name=\"author\" content=\"Alejandra Rivas\" \/>\r\n<meta name=\"twitter:card\" content=\"summary_large_image\" \/>\r\n<meta name=\"twitter:label1\" content=\"Escrito por\" \/>\n\t<meta name=\"twitter:data1\" content=\"Alejandra Rivas\" \/>\n\t<meta name=\"twitter:label2\" content=\"Tiempo de lectura\" \/>\n\t<meta name=\"twitter:data2\" content=\"2 minutos\" \/>\r\n<script type=\"application\/ld+json\" class=\"yoast-schema-graph\">{\"@context\":\"https:\/\/schema.org\",\"@graph\":[{\"@type\":\"WebPage\",\"@id\":\"https:\/\/blogs.uninter.edu.mx\/DAEYA\/index.php\/2024\/03\/21\/2o-edicion-chef-uninter\/\",\"url\":\"https:\/\/blogs.uninter.edu.mx\/DAEYA\/index.php\/2024\/03\/21\/2o-edicion-chef-uninter\/\",\"name\":\"| Evento Estudiantil | 2\u00ba Edici\u00f3n Uninter Chef - Atenci\u00f3n a Estudiantes\",\"isPartOf\":{\"@id\":\"https:\/\/blogs.uninter.edu.mx\/DAEYA\/#website\"},\"primaryImageOfPage\":{\"@id\":\"https:\/\/blogs.uninter.edu.mx\/DAEYA\/index.php\/2024\/03\/21\/2o-edicion-chef-uninter\/#primaryimage\"},\"image\":{\"@id\":\"https:\/\/blogs.uninter.edu.mx\/DAEYA\/index.php\/2024\/03\/21\/2o-edicion-chef-uninter\/#primaryimage\"},\"thumbnailUrl\":\"https:\/\/blogs.uninter.edu.mx\/DAEYA\/wp-content\/uploads\/2024\/03\/3-1.png\",\"datePublished\":\"2024-03-21T17:14:10+00:00\",\"dateModified\":\"2024-04-18T21:47:37+00:00\",\"author\":{\"@id\":\"https:\/\/blogs.uninter.edu.mx\/DAEYA\/#\/schema\/person\/1a67858ede1ca131f3802f48d14a23af\"},\"breadcrumb\":{\"@id\":\"https:\/\/blogs.uninter.edu.mx\/DAEYA\/index.php\/2024\/03\/21\/2o-edicion-chef-uninter\/#breadcrumb\"},\"inLanguage\":\"es\",\"potentialAction\":[{\"@type\":\"ReadAction\",\"target\":[\"https:\/\/blogs.uninter.edu.mx\/DAEYA\/index.php\/2024\/03\/21\/2o-edicion-chef-uninter\/\"]}]},{\"@type\":\"ImageObject\",\"inLanguage\":\"es\",\"@id\":\"https:\/\/blogs.uninter.edu.mx\/DAEYA\/index.php\/2024\/03\/21\/2o-edicion-chef-uninter\/#primaryimage\",\"url\":\"https:\/\/blogs.uninter.edu.mx\/DAEYA\/wp-content\/uploads\/2024\/03\/3-1.png\",\"contentUrl\":\"https:\/\/blogs.uninter.edu.mx\/DAEYA\/wp-content\/uploads\/2024\/03\/3-1.png\",\"width\":1000,\"height\":1000},{\"@type\":\"BreadcrumbList\",\"@id\":\"https:\/\/blogs.uninter.edu.mx\/DAEYA\/index.php\/2024\/03\/21\/2o-edicion-chef-uninter\/#breadcrumb\",\"itemListElement\":[{\"@type\":\"ListItem\",\"position\":1,\"name\":\"Inicio\",\"item\":\"https:\/\/blogs.uninter.edu.mx\/DAEYA\/\"},{\"@type\":\"ListItem\",\"position\":2,\"name\":\"| Evento Estudiantil | 2\u00ba Edici\u00f3n Uninter Chef\"}]},{\"@type\":\"WebSite\",\"@id\":\"https:\/\/blogs.uninter.edu.mx\/DAEYA\/#website\",\"url\":\"https:\/\/blogs.uninter.edu.mx\/DAEYA\/\",\"name\":\"Atenci\u00f3n a Estudiantes\",\"description\":\"UNINTER\",\"potentialAction\":[{\"@type\":\"SearchAction\",\"target\":{\"@type\":\"EntryPoint\",\"urlTemplate\":\"https:\/\/blogs.uninter.edu.mx\/DAEYA\/?s={search_term_string}\"},\"query-input\":{\"@type\":\"PropertyValueSpecification\",\"valueRequired\":true,\"valueName\":\"search_term_string\"}}],\"inLanguage\":\"es\"},{\"@type\":\"Person\",\"@id\":\"https:\/\/blogs.uninter.edu.mx\/DAEYA\/#\/schema\/person\/1a67858ede1ca131f3802f48d14a23af\",\"name\":\"Alejandra Rivas\",\"image\":{\"@type\":\"ImageObject\",\"inLanguage\":\"es\",\"@id\":\"https:\/\/blogs.uninter.edu.mx\/DAEYA\/#\/schema\/person\/image\/\",\"url\":\"https:\/\/secure.gravatar.com\/avatar\/852cf926753d833a2924d4a29dc7725b8491ea6f3e9877bd757336f2a018a4c7?s=96&d=mm&r=g\",\"contentUrl\":\"https:\/\/secure.gravatar.com\/avatar\/852cf926753d833a2924d4a29dc7725b8491ea6f3e9877bd757336f2a018a4c7?s=96&d=mm&r=g\",\"caption\":\"Alejandra Rivas\"},\"url\":\"https:\/\/blogs.uninter.edu.mx\/DAEYA\/index.php\/author\/arivas\/\"}]}<\/script>\r\n<!-- \/ Yoast SEO plugin. -->","yoast_head_json":{"title":"| Evento Estudiantil | 2\u00ba Edici\u00f3n Uninter Chef - Atenci\u00f3n a Estudiantes","robots":{"index":"index","follow":"follow","max-snippet":"max-snippet:-1","max-image-preview":"max-image-preview:large","max-video-preview":"max-video-preview:-1"},"canonical":"https:\/\/blogs.uninter.edu.mx\/DAEYA\/index.php\/2024\/03\/21\/2o-edicion-chef-uninter\/","og_locale":"es_MX","og_type":"article","og_title":"| Evento Estudiantil | 2\u00ba Edici\u00f3n Uninter Chef - Atenci\u00f3n a Estudiantes","og_description":"El pasado martes 9 de mayo, se llev\u00f3 a cabo la 2da edici\u00f3n de Uninter Chef D\u00f3nde 5 equipos participaron con diferentes platillos originarios de distintas partes de M\u00e9xico, cada uno con su toque personal y detalles que hicieron que el jurado tuviera una degustaci\u00f3n muy interesante. Fue un evento emocionante y lleno de sabor&hellip;","og_url":"https:\/\/blogs.uninter.edu.mx\/DAEYA\/index.php\/2024\/03\/21\/2o-edicion-chef-uninter\/","og_site_name":"Atenci\u00f3n a Estudiantes","article_published_time":"2024-03-21T17:14:10+00:00","article_modified_time":"2024-04-18T21:47:37+00:00","og_image":[{"width":1000,"height":1000,"url":"https:\/\/blogs.uninter.edu.mx\/DAEYA\/wp-content\/uploads\/2024\/03\/3-1.png","type":"image\/png"}],"author":"Alejandra Rivas","twitter_card":"summary_large_image","twitter_misc":{"Escrito por":"Alejandra Rivas","Tiempo de lectura":"2 minutos"},"schema":{"@context":"https:\/\/schema.org","@graph":[{"@type":"WebPage","@id":"https:\/\/blogs.uninter.edu.mx\/DAEYA\/index.php\/2024\/03\/21\/2o-edicion-chef-uninter\/","url":"https:\/\/blogs.uninter.edu.mx\/DAEYA\/index.php\/2024\/03\/21\/2o-edicion-chef-uninter\/","name":"| Evento Estudiantil | 2\u00ba Edici\u00f3n Uninter Chef - Atenci\u00f3n a Estudiantes","isPartOf":{"@id":"https:\/\/blogs.uninter.edu.mx\/DAEYA\/#website"},"primaryImageOfPage":{"@id":"https:\/\/blogs.uninter.edu.mx\/DAEYA\/index.php\/2024\/03\/21\/2o-edicion-chef-uninter\/#primaryimage"},"image":{"@id":"https:\/\/blogs.uninter.edu.mx\/DAEYA\/index.php\/2024\/03\/21\/2o-edicion-chef-uninter\/#primaryimage"},"thumbnailUrl":"https:\/\/blogs.uninter.edu.mx\/DAEYA\/wp-content\/uploads\/2024\/03\/3-1.png","datePublished":"2024-03-21T17:14:10+00:00","dateModified":"2024-04-18T21:47:37+00:00","author":{"@id":"https:\/\/blogs.uninter.edu.mx\/DAEYA\/#\/schema\/person\/1a67858ede1ca131f3802f48d14a23af"},"breadcrumb":{"@id":"https:\/\/blogs.uninter.edu.mx\/DAEYA\/index.php\/2024\/03\/21\/2o-edicion-chef-uninter\/#breadcrumb"},"inLanguage":"es","potentialAction":[{"@type":"ReadAction","target":["https:\/\/blogs.uninter.edu.mx\/DAEYA\/index.php\/2024\/03\/21\/2o-edicion-chef-uninter\/"]}]},{"@type":"ImageObject","inLanguage":"es","@id":"https:\/\/blogs.uninter.edu.mx\/DAEYA\/index.php\/2024\/03\/21\/2o-edicion-chef-uninter\/#primaryimage","url":"https:\/\/blogs.uninter.edu.mx\/DAEYA\/wp-content\/uploads\/2024\/03\/3-1.png","contentUrl":"https:\/\/blogs.uninter.edu.mx\/DAEYA\/wp-content\/uploads\/2024\/03\/3-1.png","width":1000,"height":1000},{"@type":"BreadcrumbList","@id":"https:\/\/blogs.uninter.edu.mx\/DAEYA\/index.php\/2024\/03\/21\/2o-edicion-chef-uninter\/#breadcrumb","itemListElement":[{"@type":"ListItem","position":1,"name":"Inicio","item":"https:\/\/blogs.uninter.edu.mx\/DAEYA\/"},{"@type":"ListItem","position":2,"name":"| Evento Estudiantil | 2\u00ba Edici\u00f3n Uninter Chef"}]},{"@type":"WebSite","@id":"https:\/\/blogs.uninter.edu.mx\/DAEYA\/#website","url":"https:\/\/blogs.uninter.edu.mx\/DAEYA\/","name":"Atenci\u00f3n a Estudiantes","description":"UNINTER","potentialAction":[{"@type":"SearchAction","target":{"@type":"EntryPoint","urlTemplate":"https:\/\/blogs.uninter.edu.mx\/DAEYA\/?s={search_term_string}"},"query-input":{"@type":"PropertyValueSpecification","valueRequired":true,"valueName":"search_term_string"}}],"inLanguage":"es"},{"@type":"Person","@id":"https:\/\/blogs.uninter.edu.mx\/DAEYA\/#\/schema\/person\/1a67858ede1ca131f3802f48d14a23af","name":"Alejandra Rivas","image":{"@type":"ImageObject","inLanguage":"es","@id":"https:\/\/blogs.uninter.edu.mx\/DAEYA\/#\/schema\/person\/image\/","url":"https:\/\/secure.gravatar.com\/avatar\/852cf926753d833a2924d4a29dc7725b8491ea6f3e9877bd757336f2a018a4c7?s=96&d=mm&r=g","contentUrl":"https:\/\/secure.gravatar.com\/avatar\/852cf926753d833a2924d4a29dc7725b8491ea6f3e9877bd757336f2a018a4c7?s=96&d=mm&r=g","caption":"Alejandra Rivas"},"url":"https:\/\/blogs.uninter.edu.mx\/DAEYA\/index.php\/author\/arivas\/"}]}},"jetpack_publicize_connections":[],"jetpack_featured_media_url":"https:\/\/blogs.uninter.edu.mx\/DAEYA\/wp-content\/uploads\/2024\/03\/3-1.png","jetpack_sharing_enabled":true,"_links":{"self":[{"href":"https:\/\/blogs.uninter.edu.mx\/DAEYA\/index.php\/wp-json\/wp\/v2\/posts\/2792","targetHints":{"allow":["GET"]}}],"collection":[{"href":"https:\/\/blogs.uninter.edu.mx\/DAEYA\/index.php\/wp-json\/wp\/v2\/posts"}],"about":[{"href":"https:\/\/blogs.uninter.edu.mx\/DAEYA\/index.php\/wp-json\/wp\/v2\/types\/post"}],"author":[{"embeddable":true,"href":"https:\/\/blogs.uninter.edu.mx\/DAEYA\/index.php\/wp-json\/wp\/v2\/users\/9"}],"replies":[{"embeddable":true,"href":"https:\/\/blogs.uninter.edu.mx\/DAEYA\/index.php\/wp-json\/wp\/v2\/comments?post=2792"}],"version-history":[{"count":11,"href":"https:\/\/blogs.uninter.edu.mx\/DAEYA\/index.php\/wp-json\/wp\/v2\/posts\/2792\/revisions"}],"predecessor-version":[{"id":2896,"href":"https:\/\/blogs.uninter.edu.mx\/DAEYA\/index.php\/wp-json\/wp\/v2\/posts\/2792\/revisions\/2896"}],"wp:featuredmedia":[{"embeddable":true,"href":"https:\/\/blogs.uninter.edu.mx\/DAEYA\/index.php\/wp-json\/wp\/v2\/media\/2719"}],"wp:attachment":[{"href":"https:\/\/blogs.uninter.edu.mx\/DAEYA\/index.php\/wp-json\/wp\/v2\/media?parent=2792"}],"wp:term":[{"taxonomy":"category","embeddable":true,"href":"https:\/\/blogs.uninter.edu.mx\/DAEYA\/index.php\/wp-json\/wp\/v2\/categories?post=2792"},{"taxonomy":"post_tag","embeddable":true,"href":"https:\/\/blogs.uninter.edu.mx\/DAEYA\/index.php\/wp-json\/wp\/v2\/tags?post=2792"}],"curies":[{"name":"wp","href":"https:\/\/api.w.org\/{rel}","templated":true}]}}