{"id":3188,"date":"2025-10-19T20:23:56","date_gmt":"2025-10-19T20:23:56","guid":{"rendered":"https:\/\/blogs.uninter.edu.mx\/DAEYA\/?p=3188"},"modified":"2025-10-19T20:24:01","modified_gmt":"2025-10-19T20:24:01","slug":"uninterchef-2024-un-festival-de-sabor-y-tradicion-mexicana","status":"publish","type":"post","link":"https:\/\/blogs.uninter.edu.mx\/DAEYA\/index.php\/2025\/10\/19\/uninterchef-2024-un-festival-de-sabor-y-tradicion-mexicana\/","title":{"rendered":"UninterChef 2024: Un Festival de Sabor y Tradici\u00f3n Mexicana"},"content":{"rendered":"\n<p>El pasado&nbsp;<strong>lunes 25 de noviembre<\/strong>, la&nbsp;<strong>Red de For\u00e1neos UNINTER<\/strong>&nbsp;nos sorprendi\u00f3 con&nbsp;UninterChef 2024: Un Festival de Sabor y Tradici\u00f3n Mexicana, un evento que combin\u00f3 gastronom\u00eda, cultura y comunidad universitaria. Esta experiencia se convirti\u00f3 en un espacio \u00fanico donde los estudiantes mostraron su talento, creatividad y amor por la cocina mexicana, llevando a todos los asistentes a un verdadero&nbsp;<strong>recorrido culinario por M\u00e9xico<\/strong><\/p>\n\n\n\n<p>La\u00a0<strong>Red For\u00e1neos UNINTER<\/strong>\u00a0ha demostrado que la diversidad es sin\u00f3nimo de uni\u00f3n y creatividad. Con su energ\u00eda y entusiasmo, esta red estudiantil dio vida a <strong>UNINTERCHEF<\/strong>, un evento que combina sabor, cultura y diversi\u00f3n. Gracias a la iniciativa de la Red For\u00e1neos,\u00a0<strong>UNINTERCHEF<\/strong>\u00a0se ha transformado en una celebraci\u00f3n que une tradiciones, despierta sentidos y fortalece el esp\u00edritu de comunidad en UNINTER.<\/p>\n\n\n\n<figure class=\"wp-block-image size-full\"><a href=\"https:\/\/www.facebook.com\/100064641493824\/posts\/pfbid0Qk22KCZoeQyeDpLqprTu7g3rFSTN9Kyj6aZjZJ8gkdkoMsNSJdmkbGusSKxtWyV1l\/?d=w\"><img loading=\"lazy\" decoding=\"async\" width=\"1280\" height=\"960\" src=\"https:\/\/blogs.uninter.edu.mx\/DAEYA\/wp-content\/uploads\/2025\/10\/WhatsApp-Image-2025-10-05-at-9.54.39-PM.jpeg\" alt=\"UninterChef 2024: Un Festival de Sabor y Tradici\u00f3n Mexicana\" class=\"wp-image-3189\"\/><\/a><\/figure>\n\n\n\n<h2 class=\"wp-block-heading\"><strong>Un tour gastron\u00f3mico \u00fanico<\/strong><\/h2>\n\n\n\n<p>Desde los primeros chilaquiles hasta los deliciosos tacos de cecina, tradicionales de Morelos, los participantes nos llevaron por un viaje culinario lleno de&nbsp;<strong>colores, aromas y sabores aut\u00e9nticos<\/strong>. Cada platillo no solo era delicioso, sino que tambi\u00e9n contaba una historia: de nuestras ra\u00edces, de la creatividad de los estudiantes y del orgullo por nuestra cultura. <\/p>\n\n\n\n<p>El evento destac\u00f3 la diversidad de la gastronom\u00eda regional y permiti\u00f3 a los asistentes&nbsp;<strong>degustar platillos que representan distintas partes de M\u00e9xico<\/strong>, todo preparado con creatividad y dedicaci\u00f3n por los estudiantes. Este tipo de actividades no solo celebra la comida, sino que tambi\u00e9n fomenta el&nbsp;<strong>orgullo por nuestras tradiciones<\/strong>&nbsp;y el talento joven que las mantiene vivas.<\/p>\n\n\n\n<p>UninterChef no solo se trat\u00f3 de probar deliciosos platillos. Fue un espacio para&nbsp;<strong>trabajar en equipo, compartir experiencias y fortalecer la convivencia universitaria<\/strong>, especialmente entre estudiantes for\u00e1neos y locales. La cocina se convirti\u00f3 en un punto de encuentro donde los alumnos pudieron&nbsp;<strong>aprender unos de otros<\/strong>, intercambiar t\u00e9cnicas y conocimientos, y demostrar que la creatividad y el esfuerzo conjunto producen resultados extraordinarios.<\/p>\n\n\n\n<figure class=\"wp-block-image size-full\"><img loading=\"lazy\" decoding=\"async\" width=\"1280\" height=\"960\" src=\"https:\/\/blogs.uninter.edu.mx\/DAEYA\/wp-content\/uploads\/2025\/10\/WhatsApp-Image-2025-10-05-at-9.54.48-PM-2.jpeg\" alt=\"UninterChef 2024: Un Festival de Sabor y Tradici\u00f3n Mexicana\" class=\"wp-image-3190\"\/><\/figure>\n\n\n\n<p><\/p>\n\n\n\n<p>Eventos como este refuerzan la misi\u00f3n de la universidad de ofrecer&nbsp;<strong>experiencias integrales que trasciendan las aulas<\/strong>, conectando el aprendizaje con la cultura, la tradici\u00f3n y la vida universitaria. El UninterChef demostr\u00f3 que la comida no solo alimenta el cuerpo, sino que tambi\u00e9n&nbsp;<strong>acerca personas, crea comunidad y celebra nuestras ra\u00edces<\/strong>. <\/p>\n\n\n\n<p>Si te perdiste esta edici\u00f3n, \u00a1no te preocupes! La&nbsp;<strong>Red de For\u00e1neos UNINTER<\/strong>&nbsp;siempre est\u00e1 preparando nuevas experiencias para seguir disfrutando, aprendiendo y compartiendo juntos.<\/p>\n","protected":false},"excerpt":{"rendered":"<p>El pasado&nbsp;lunes 25 de noviembre, la&nbsp;Red de For\u00e1neos UNINTER&nbsp;nos sorprendi\u00f3 con&nbsp;UninterChef 2024: Un Festival de Sabor y Tradici\u00f3n Mexicana, un evento que combin\u00f3 gastronom\u00eda, cultura y comunidad universitaria. Esta experiencia se convirti\u00f3 en un espacio \u00fanico donde los estudiantes mostraron su talento, creatividad y amor por la cocina mexicana, llevando a todos los asistentes a&hellip;<\/p>\n","protected":false},"author":17,"featured_media":0,"comment_status":"open","ping_status":"open","sticky":false,"template":"","format":"standard","meta":{"_jetpack_memberships_contains_paid_content":false,"footnotes":"","jetpack_publicize_message":"","jetpack_publicize_feature_enabled":true,"jetpack_social_post_already_shared":true,"jetpack_social_options":{"image_generator_settings":{"template":"highway","default_image_id":0,"font":"","enabled":false},"version":2}},"categories":[1],"tags":[],"class_list":["post-3188","post","type-post","status-publish","format-standard","hentry","category-sin-categoria"],"yoast_head":"<!-- This site is optimized with the Yoast SEO plugin v26.0 - https:\/\/yoast.com\/wordpress\/plugins\/seo\/ -->\r\n<title>UninterChef 2024: Un Festival de Sabor y Tradici\u00f3n Mexicana<\/title>\r\n<meta name=\"description\" content=\"UninterChef 2024: Un Festival de Sabor y comunidad universitaria en un recorrido gastron\u00f3mico lleno de sabor y tradici\u00f3n mexicana.\" \/>\r\n<meta name=\"robots\" content=\"index, follow, max-snippet:-1, max-image-preview:large, max-video-preview:-1\" \/>\r\n<link rel=\"canonical\" href=\"https:\/\/blogs.uninter.edu.mx\/DAEYA\/index.php\/2025\/10\/19\/uninterchef-2024-un-festival-de-sabor-y-tradicion-mexicana\/\" \/>\r\n<meta property=\"og:locale\" content=\"es_MX\" \/>\r\n<meta property=\"og:type\" content=\"article\" \/>\r\n<meta property=\"og:title\" content=\"UninterChef 2024: Un Festival de Sabor y Tradici\u00f3n Mexicana\" \/>\r\n<meta property=\"og:description\" content=\"UninterChef 2024: Un Festival de Sabor y comunidad universitaria en un recorrido gastron\u00f3mico lleno de sabor y tradici\u00f3n mexicana.\" \/>\r\n<meta property=\"og:url\" content=\"https:\/\/blogs.uninter.edu.mx\/DAEYA\/index.php\/2025\/10\/19\/uninterchef-2024-un-festival-de-sabor-y-tradicion-mexicana\/\" \/>\r\n<meta property=\"og:site_name\" content=\"Atenci\u00f3n a Estudiantes\" \/>\r\n<meta property=\"article:published_time\" content=\"2025-10-19T20:23:56+00:00\" \/>\r\n<meta property=\"article:modified_time\" content=\"2025-10-19T20:24:01+00:00\" \/>\r\n<meta property=\"og:image\" content=\"https:\/\/blogs.uninter.edu.mx\/DAEYA\/wp-content\/uploads\/2025\/10\/WhatsApp-Image-2025-10-05-at-9.54.39-PM.jpeg\" \/>\r\n\t<meta property=\"og:image:width\" content=\"1280\" \/>\r\n\t<meta property=\"og:image:height\" content=\"960\" \/>\r\n\t<meta property=\"og:image:type\" content=\"image\/jpeg\" \/>\r\n<meta name=\"author\" content=\"ALICE ARINAYED RONCES RODRIGUEZ\" \/>\r\n<meta name=\"twitter:card\" content=\"summary_large_image\" \/>\r\n<meta name=\"twitter:label1\" content=\"Escrito por\" \/>\n\t<meta name=\"twitter:data1\" content=\"ALICE ARINAYED RONCES RODRIGUEZ\" \/>\n\t<meta name=\"twitter:label2\" content=\"Tiempo de lectura\" \/>\n\t<meta name=\"twitter:data2\" content=\"3 minutos\" \/>\r\n<script type=\"application\/ld+json\" class=\"yoast-schema-graph\">{\"@context\":\"https:\/\/schema.org\",\"@graph\":[{\"@type\":\"WebPage\",\"@id\":\"https:\/\/blogs.uninter.edu.mx\/DAEYA\/index.php\/2025\/10\/19\/uninterchef-2024-un-festival-de-sabor-y-tradicion-mexicana\/\",\"url\":\"https:\/\/blogs.uninter.edu.mx\/DAEYA\/index.php\/2025\/10\/19\/uninterchef-2024-un-festival-de-sabor-y-tradicion-mexicana\/\",\"name\":\"UninterChef 2024: Un Festival de Sabor y Tradici\u00f3n Mexicana\",\"isPartOf\":{\"@id\":\"https:\/\/blogs.uninter.edu.mx\/DAEYA\/#website\"},\"primaryImageOfPage\":{\"@id\":\"https:\/\/blogs.uninter.edu.mx\/DAEYA\/index.php\/2025\/10\/19\/uninterchef-2024-un-festival-de-sabor-y-tradicion-mexicana\/#primaryimage\"},\"image\":{\"@id\":\"https:\/\/blogs.uninter.edu.mx\/DAEYA\/index.php\/2025\/10\/19\/uninterchef-2024-un-festival-de-sabor-y-tradicion-mexicana\/#primaryimage\"},\"thumbnailUrl\":\"https:\/\/blogs.uninter.edu.mx\/DAEYA\/wp-content\/uploads\/2025\/10\/WhatsApp-Image-2025-10-05-at-9.54.39-PM.jpeg\",\"datePublished\":\"2025-10-19T20:23:56+00:00\",\"dateModified\":\"2025-10-19T20:24:01+00:00\",\"author\":{\"@id\":\"https:\/\/blogs.uninter.edu.mx\/DAEYA\/#\/schema\/person\/b296ce292b1e406a7c4bb245c3e9db54\"},\"description\":\"UninterChef 2024: Un Festival de Sabor y comunidad universitaria en un recorrido gastron\u00f3mico lleno de sabor y tradici\u00f3n mexicana.\",\"breadcrumb\":{\"@id\":\"https:\/\/blogs.uninter.edu.mx\/DAEYA\/index.php\/2025\/10\/19\/uninterchef-2024-un-festival-de-sabor-y-tradicion-mexicana\/#breadcrumb\"},\"inLanguage\":\"es\",\"potentialAction\":[{\"@type\":\"ReadAction\",\"target\":[\"https:\/\/blogs.uninter.edu.mx\/DAEYA\/index.php\/2025\/10\/19\/uninterchef-2024-un-festival-de-sabor-y-tradicion-mexicana\/\"]}]},{\"@type\":\"ImageObject\",\"inLanguage\":\"es\",\"@id\":\"https:\/\/blogs.uninter.edu.mx\/DAEYA\/index.php\/2025\/10\/19\/uninterchef-2024-un-festival-de-sabor-y-tradicion-mexicana\/#primaryimage\",\"url\":\"https:\/\/blogs.uninter.edu.mx\/DAEYA\/wp-content\/uploads\/2025\/10\/WhatsApp-Image-2025-10-05-at-9.54.39-PM.jpeg\",\"contentUrl\":\"https:\/\/blogs.uninter.edu.mx\/DAEYA\/wp-content\/uploads\/2025\/10\/WhatsApp-Image-2025-10-05-at-9.54.39-PM.jpeg\",\"width\":1280,\"height\":960},{\"@type\":\"BreadcrumbList\",\"@id\":\"https:\/\/blogs.uninter.edu.mx\/DAEYA\/index.php\/2025\/10\/19\/uninterchef-2024-un-festival-de-sabor-y-tradicion-mexicana\/#breadcrumb\",\"itemListElement\":[{\"@type\":\"ListItem\",\"position\":1,\"name\":\"Inicio\",\"item\":\"https:\/\/blogs.uninter.edu.mx\/DAEYA\/\"},{\"@type\":\"ListItem\",\"position\":2,\"name\":\"UninterChef 2024: Un Festival de Sabor y Tradici\u00f3n Mexicana\"}]},{\"@type\":\"WebSite\",\"@id\":\"https:\/\/blogs.uninter.edu.mx\/DAEYA\/#website\",\"url\":\"https:\/\/blogs.uninter.edu.mx\/DAEYA\/\",\"name\":\"Atenci\u00f3n a Estudiantes\",\"description\":\"UNINTER\",\"potentialAction\":[{\"@type\":\"SearchAction\",\"target\":{\"@type\":\"EntryPoint\",\"urlTemplate\":\"https:\/\/blogs.uninter.edu.mx\/DAEYA\/?s={search_term_string}\"},\"query-input\":{\"@type\":\"PropertyValueSpecification\",\"valueRequired\":true,\"valueName\":\"search_term_string\"}}],\"inLanguage\":\"es\"},{\"@type\":\"Person\",\"@id\":\"https:\/\/blogs.uninter.edu.mx\/DAEYA\/#\/schema\/person\/b296ce292b1e406a7c4bb245c3e9db54\",\"name\":\"ALICE ARINAYED RONCES RODRIGUEZ\",\"image\":{\"@type\":\"ImageObject\",\"inLanguage\":\"es\",\"@id\":\"https:\/\/blogs.uninter.edu.mx\/DAEYA\/#\/schema\/person\/image\/\",\"url\":\"https:\/\/secure.gravatar.com\/avatar\/e28f914a0090f1e49da10299b02f67fa6ab95001c6cd774e29fcd66d80292639?s=96&d=mm&r=g\",\"contentUrl\":\"https:\/\/secure.gravatar.com\/avatar\/e28f914a0090f1e49da10299b02f67fa6ab95001c6cd774e29fcd66d80292639?s=96&d=mm&r=g\",\"caption\":\"ALICE ARINAYED RONCES RODRIGUEZ\"},\"url\":\"https:\/\/blogs.uninter.edu.mx\/DAEYA\/index.php\/author\/aronces\/\"}]}<\/script>\r\n<!-- \/ Yoast SEO plugin. -->","yoast_head_json":{"title":"UninterChef 2024: Un Festival de Sabor y Tradici\u00f3n Mexicana","description":"UninterChef 2024: Un Festival de Sabor y comunidad universitaria en un recorrido gastron\u00f3mico lleno de sabor y tradici\u00f3n mexicana.","robots":{"index":"index","follow":"follow","max-snippet":"max-snippet:-1","max-image-preview":"max-image-preview:large","max-video-preview":"max-video-preview:-1"},"canonical":"https:\/\/blogs.uninter.edu.mx\/DAEYA\/index.php\/2025\/10\/19\/uninterchef-2024-un-festival-de-sabor-y-tradicion-mexicana\/","og_locale":"es_MX","og_type":"article","og_title":"UninterChef 2024: Un Festival de Sabor y Tradici\u00f3n Mexicana","og_description":"UninterChef 2024: Un Festival de Sabor y comunidad universitaria en un recorrido gastron\u00f3mico lleno de sabor y tradici\u00f3n mexicana.","og_url":"https:\/\/blogs.uninter.edu.mx\/DAEYA\/index.php\/2025\/10\/19\/uninterchef-2024-un-festival-de-sabor-y-tradicion-mexicana\/","og_site_name":"Atenci\u00f3n a Estudiantes","article_published_time":"2025-10-19T20:23:56+00:00","article_modified_time":"2025-10-19T20:24:01+00:00","og_image":[{"width":1280,"height":960,"url":"https:\/\/blogs.uninter.edu.mx\/DAEYA\/wp-content\/uploads\/2025\/10\/WhatsApp-Image-2025-10-05-at-9.54.39-PM.jpeg","type":"image\/jpeg"}],"author":"ALICE ARINAYED RONCES RODRIGUEZ","twitter_card":"summary_large_image","twitter_misc":{"Escrito por":"ALICE ARINAYED RONCES RODRIGUEZ","Tiempo de lectura":"3 minutos"},"schema":{"@context":"https:\/\/schema.org","@graph":[{"@type":"WebPage","@id":"https:\/\/blogs.uninter.edu.mx\/DAEYA\/index.php\/2025\/10\/19\/uninterchef-2024-un-festival-de-sabor-y-tradicion-mexicana\/","url":"https:\/\/blogs.uninter.edu.mx\/DAEYA\/index.php\/2025\/10\/19\/uninterchef-2024-un-festival-de-sabor-y-tradicion-mexicana\/","name":"UninterChef 2024: Un Festival de Sabor y Tradici\u00f3n Mexicana","isPartOf":{"@id":"https:\/\/blogs.uninter.edu.mx\/DAEYA\/#website"},"primaryImageOfPage":{"@id":"https:\/\/blogs.uninter.edu.mx\/DAEYA\/index.php\/2025\/10\/19\/uninterchef-2024-un-festival-de-sabor-y-tradicion-mexicana\/#primaryimage"},"image":{"@id":"https:\/\/blogs.uninter.edu.mx\/DAEYA\/index.php\/2025\/10\/19\/uninterchef-2024-un-festival-de-sabor-y-tradicion-mexicana\/#primaryimage"},"thumbnailUrl":"https:\/\/blogs.uninter.edu.mx\/DAEYA\/wp-content\/uploads\/2025\/10\/WhatsApp-Image-2025-10-05-at-9.54.39-PM.jpeg","datePublished":"2025-10-19T20:23:56+00:00","dateModified":"2025-10-19T20:24:01+00:00","author":{"@id":"https:\/\/blogs.uninter.edu.mx\/DAEYA\/#\/schema\/person\/b296ce292b1e406a7c4bb245c3e9db54"},"description":"UninterChef 2024: Un Festival de Sabor y comunidad universitaria en un recorrido gastron\u00f3mico lleno de sabor y tradici\u00f3n mexicana.","breadcrumb":{"@id":"https:\/\/blogs.uninter.edu.mx\/DAEYA\/index.php\/2025\/10\/19\/uninterchef-2024-un-festival-de-sabor-y-tradicion-mexicana\/#breadcrumb"},"inLanguage":"es","potentialAction":[{"@type":"ReadAction","target":["https:\/\/blogs.uninter.edu.mx\/DAEYA\/index.php\/2025\/10\/19\/uninterchef-2024-un-festival-de-sabor-y-tradicion-mexicana\/"]}]},{"@type":"ImageObject","inLanguage":"es","@id":"https:\/\/blogs.uninter.edu.mx\/DAEYA\/index.php\/2025\/10\/19\/uninterchef-2024-un-festival-de-sabor-y-tradicion-mexicana\/#primaryimage","url":"https:\/\/blogs.uninter.edu.mx\/DAEYA\/wp-content\/uploads\/2025\/10\/WhatsApp-Image-2025-10-05-at-9.54.39-PM.jpeg","contentUrl":"https:\/\/blogs.uninter.edu.mx\/DAEYA\/wp-content\/uploads\/2025\/10\/WhatsApp-Image-2025-10-05-at-9.54.39-PM.jpeg","width":1280,"height":960},{"@type":"BreadcrumbList","@id":"https:\/\/blogs.uninter.edu.mx\/DAEYA\/index.php\/2025\/10\/19\/uninterchef-2024-un-festival-de-sabor-y-tradicion-mexicana\/#breadcrumb","itemListElement":[{"@type":"ListItem","position":1,"name":"Inicio","item":"https:\/\/blogs.uninter.edu.mx\/DAEYA\/"},{"@type":"ListItem","position":2,"name":"UninterChef 2024: Un Festival de Sabor y Tradici\u00f3n Mexicana"}]},{"@type":"WebSite","@id":"https:\/\/blogs.uninter.edu.mx\/DAEYA\/#website","url":"https:\/\/blogs.uninter.edu.mx\/DAEYA\/","name":"Atenci\u00f3n a Estudiantes","description":"UNINTER","potentialAction":[{"@type":"SearchAction","target":{"@type":"EntryPoint","urlTemplate":"https:\/\/blogs.uninter.edu.mx\/DAEYA\/?s={search_term_string}"},"query-input":{"@type":"PropertyValueSpecification","valueRequired":true,"valueName":"search_term_string"}}],"inLanguage":"es"},{"@type":"Person","@id":"https:\/\/blogs.uninter.edu.mx\/DAEYA\/#\/schema\/person\/b296ce292b1e406a7c4bb245c3e9db54","name":"ALICE ARINAYED RONCES RODRIGUEZ","image":{"@type":"ImageObject","inLanguage":"es","@id":"https:\/\/blogs.uninter.edu.mx\/DAEYA\/#\/schema\/person\/image\/","url":"https:\/\/secure.gravatar.com\/avatar\/e28f914a0090f1e49da10299b02f67fa6ab95001c6cd774e29fcd66d80292639?s=96&d=mm&r=g","contentUrl":"https:\/\/secure.gravatar.com\/avatar\/e28f914a0090f1e49da10299b02f67fa6ab95001c6cd774e29fcd66d80292639?s=96&d=mm&r=g","caption":"ALICE ARINAYED RONCES RODRIGUEZ"},"url":"https:\/\/blogs.uninter.edu.mx\/DAEYA\/index.php\/author\/aronces\/"}]}},"jetpack_publicize_connections":[],"jetpack_featured_media_url":"","jetpack_sharing_enabled":true,"_links":{"self":[{"href":"https:\/\/blogs.uninter.edu.mx\/DAEYA\/index.php\/wp-json\/wp\/v2\/posts\/3188","targetHints":{"allow":["GET"]}}],"collection":[{"href":"https:\/\/blogs.uninter.edu.mx\/DAEYA\/index.php\/wp-json\/wp\/v2\/posts"}],"about":[{"href":"https:\/\/blogs.uninter.edu.mx\/DAEYA\/index.php\/wp-json\/wp\/v2\/types\/post"}],"author":[{"embeddable":true,"href":"https:\/\/blogs.uninter.edu.mx\/DAEYA\/index.php\/wp-json\/wp\/v2\/users\/17"}],"replies":[{"embeddable":true,"href":"https:\/\/blogs.uninter.edu.mx\/DAEYA\/index.php\/wp-json\/wp\/v2\/comments?post=3188"}],"version-history":[{"count":3,"href":"https:\/\/blogs.uninter.edu.mx\/DAEYA\/index.php\/wp-json\/wp\/v2\/posts\/3188\/revisions"}],"predecessor-version":[{"id":3205,"href":"https:\/\/blogs.uninter.edu.mx\/DAEYA\/index.php\/wp-json\/wp\/v2\/posts\/3188\/revisions\/3205"}],"wp:attachment":[{"href":"https:\/\/blogs.uninter.edu.mx\/DAEYA\/index.php\/wp-json\/wp\/v2\/media?parent=3188"}],"wp:term":[{"taxonomy":"category","embeddable":true,"href":"https:\/\/blogs.uninter.edu.mx\/DAEYA\/index.php\/wp-json\/wp\/v2\/categories?post=3188"},{"taxonomy":"post_tag","embeddable":true,"href":"https:\/\/blogs.uninter.edu.mx\/DAEYA\/index.php\/wp-json\/wp\/v2\/tags?post=3188"}],"curies":[{"name":"wp","href":"https:\/\/api.w.org\/{rel}","templated":true}]}}