{"id":443,"date":"2020-02-19T16:01:48","date_gmt":"2020-02-19T16:01:48","guid":{"rendered":"https:\/\/blogs.uninter.edu.mx\/DAEYA\/?p=443"},"modified":"2020-02-24T16:21:20","modified_gmt":"2020-02-24T16:21:20","slug":"san-valentin-en-uninter","status":"publish","type":"post","link":"https:\/\/blogs.uninter.edu.mx\/DAEYA\/index.php\/2020\/02\/19\/san-valentin-en-uninter\/","title":{"rendered":"\u00a1Feliz San Valent\u00edn!"},"content":{"rendered":"\n<p style=\"text-align:justify\">San Valent\u00edn sol\u00eda ser una personas cari\u00f1osa y amorosa y se le dedica el d\u00eda 14 de febrero para conmemorarlo.<\/p>\n\n\n\n<p style=\"text-align:justify\">Los alumnos que integran el comit\u00e9 estudiantil organizaron en nuestra <a href=\"http:\/\/uninter.edu.mx\">Universidad Internacional<\/a> un evento dedicado a esta celebraci\u00f3n organizando una peque\u00f1a feria de juegos y amenidades.<\/p>\n\n\n\n<div class=\"wp-block-image\"><figure class=\"aligncenter is-resized\"><a href=\"www.uninter.edu.mx\" target=\"_blank\" rel=\"noreferrer noopener\"><img loading=\"lazy\" decoding=\"async\" src=\"https:\/\/blogs.uninter.edu.mx\/DAEYA\/wp-content\/uploads\/2020\/02\/logo-horizontal-a-una-tinta-1024x456.png\" alt=\"\" class=\"wp-image-466\" width=\"256\" height=\"114\" srcset=\"https:\/\/blogs.uninter.edu.mx\/DAEYA\/wp-content\/uploads\/2020\/02\/logo-horizontal-a-una-tinta-1024x456.png 1024w, https:\/\/blogs.uninter.edu.mx\/DAEYA\/wp-content\/uploads\/2020\/02\/logo-horizontal-a-una-tinta-300x133.png 300w, https:\/\/blogs.uninter.edu.mx\/DAEYA\/wp-content\/uploads\/2020\/02\/logo-horizontal-a-una-tinta-768x342.png 768w\" sizes=\"auto, (max-width: 256px) 100vw, 256px\" \/><\/a><\/figure><\/div>\n\n\n\n<ul class=\"wp-block-gallery columns-3 is-cropped wp-block-gallery-1 is-layout-flex wp-block-gallery-is-layout-flex\"><li class=\"blocks-gallery-item\"><figure><img loading=\"lazy\" decoding=\"async\" width=\"768\" height=\"1024\" src=\"https:\/\/blogs.uninter.edu.mx\/DAEYA\/wp-content\/uploads\/2020\/02\/WhatsApp-Image-2020-02-18-at-3.09.08-PM-768x1024.jpeg\" alt=\"\" data-id=\"444\" data-link=\"https:\/\/blogs.uninter.edu.mx\/DAEYA\/?attachment_id=444#main\" class=\"wp-image-444\" srcset=\"https:\/\/blogs.uninter.edu.mx\/DAEYA\/wp-content\/uploads\/2020\/02\/WhatsApp-Image-2020-02-18-at-3.09.08-PM-768x1024.jpeg 768w, https:\/\/blogs.uninter.edu.mx\/DAEYA\/wp-content\/uploads\/2020\/02\/WhatsApp-Image-2020-02-18-at-3.09.08-PM-225x300.jpeg 225w, https:\/\/blogs.uninter.edu.mx\/DAEYA\/wp-content\/uploads\/2020\/02\/WhatsApp-Image-2020-02-18-at-3.09.08-PM.jpeg 960w\" sizes=\"auto, (max-width: 768px) 100vw, 768px\" \/><\/figure><\/li><li class=\"blocks-gallery-item\"><figure><img loading=\"lazy\" decoding=\"async\" width=\"768\" height=\"1024\" src=\"https:\/\/blogs.uninter.edu.mx\/DAEYA\/wp-content\/uploads\/2020\/02\/WhatsApp-Image-2020-02-18-at-3.09.09-PM-768x1024.jpeg\" alt=\"San valent\u00edn\" data-id=\"445\" data-link=\"https:\/\/blogs.uninter.edu.mx\/DAEYA\/?attachment_id=445#main\" class=\"wp-image-445\" srcset=\"https:\/\/blogs.uninter.edu.mx\/DAEYA\/wp-content\/uploads\/2020\/02\/WhatsApp-Image-2020-02-18-at-3.09.09-PM-768x1024.jpeg 768w, https:\/\/blogs.uninter.edu.mx\/DAEYA\/wp-content\/uploads\/2020\/02\/WhatsApp-Image-2020-02-18-at-3.09.09-PM-225x300.jpeg 225w, https:\/\/blogs.uninter.edu.mx\/DAEYA\/wp-content\/uploads\/2020\/02\/WhatsApp-Image-2020-02-18-at-3.09.09-PM.jpeg 960w\" sizes=\"auto, (max-width: 768px) 100vw, 768px\" \/><\/figure><\/li><li class=\"blocks-gallery-item\"><figure><img loading=\"lazy\" decoding=\"async\" width=\"768\" height=\"1024\" src=\"https:\/\/blogs.uninter.edu.mx\/DAEYA\/wp-content\/uploads\/2020\/02\/WhatsApp-Image-2020-02-18-at-3.09.10-PM-768x1024.jpeg\" alt=\"\" data-id=\"446\" data-link=\"https:\/\/blogs.uninter.edu.mx\/DAEYA\/?attachment_id=446#main\" class=\"wp-image-446\" srcset=\"https:\/\/blogs.uninter.edu.mx\/DAEYA\/wp-content\/uploads\/2020\/02\/WhatsApp-Image-2020-02-18-at-3.09.10-PM-768x1024.jpeg 768w, https:\/\/blogs.uninter.edu.mx\/DAEYA\/wp-content\/uploads\/2020\/02\/WhatsApp-Image-2020-02-18-at-3.09.10-PM-225x300.jpeg 225w, https:\/\/blogs.uninter.edu.mx\/DAEYA\/wp-content\/uploads\/2020\/02\/WhatsApp-Image-2020-02-18-at-3.09.10-PM.jpeg 960w\" sizes=\"auto, (max-width: 768px) 100vw, 768px\" \/><\/figure><\/li><li class=\"blocks-gallery-item\"><figure><img loading=\"lazy\" decoding=\"async\" width=\"768\" height=\"1024\" src=\"https:\/\/blogs.uninter.edu.mx\/DAEYA\/wp-content\/uploads\/2020\/02\/WhatsApp-Image-2020-02-18-at-3.09.11-PM-768x1024.jpeg\" alt=\"San valent\u00edn\" data-id=\"447\" data-link=\"https:\/\/blogs.uninter.edu.mx\/DAEYA\/?attachment_id=447#main\" class=\"wp-image-447\" srcset=\"https:\/\/blogs.uninter.edu.mx\/DAEYA\/wp-content\/uploads\/2020\/02\/WhatsApp-Image-2020-02-18-at-3.09.11-PM-768x1024.jpeg 768w, https:\/\/blogs.uninter.edu.mx\/DAEYA\/wp-content\/uploads\/2020\/02\/WhatsApp-Image-2020-02-18-at-3.09.11-PM-225x300.jpeg 225w, https:\/\/blogs.uninter.edu.mx\/DAEYA\/wp-content\/uploads\/2020\/02\/WhatsApp-Image-2020-02-18-at-3.09.11-PM.jpeg 960w\" sizes=\"auto, (max-width: 768px) 100vw, 768px\" \/><\/figure><\/li><li class=\"blocks-gallery-item\"><figure><img loading=\"lazy\" decoding=\"async\" width=\"768\" height=\"1024\" src=\"https:\/\/blogs.uninter.edu.mx\/DAEYA\/wp-content\/uploads\/2020\/02\/WhatsApp-Image-2020-02-18-at-3.09.12-PM-768x1024.jpeg\" alt=\"San valent\u00edn\" data-id=\"448\" data-link=\"https:\/\/blogs.uninter.edu.mx\/DAEYA\/?attachment_id=448#main\" class=\"wp-image-448\" srcset=\"https:\/\/blogs.uninter.edu.mx\/DAEYA\/wp-content\/uploads\/2020\/02\/WhatsApp-Image-2020-02-18-at-3.09.12-PM-768x1024.jpeg 768w, https:\/\/blogs.uninter.edu.mx\/DAEYA\/wp-content\/uploads\/2020\/02\/WhatsApp-Image-2020-02-18-at-3.09.12-PM-225x300.jpeg 225w, https:\/\/blogs.uninter.edu.mx\/DAEYA\/wp-content\/uploads\/2020\/02\/WhatsApp-Image-2020-02-18-at-3.09.12-PM.jpeg 960w\" sizes=\"auto, (max-width: 768px) 100vw, 768px\" \/><\/figure><\/li><li class=\"blocks-gallery-item\"><figure><img loading=\"lazy\" decoding=\"async\" width=\"1024\" height=\"768\" src=\"https:\/\/blogs.uninter.edu.mx\/DAEYA\/wp-content\/uploads\/2020\/02\/WhatsApp-Image-2020-02-18-at-3.09.13-PM-1-1024x768.jpeg\" alt=\"San valent\u00edn\" data-id=\"449\" data-link=\"https:\/\/blogs.uninter.edu.mx\/DAEYA\/?attachment_id=449#main\" class=\"wp-image-449\" srcset=\"https:\/\/blogs.uninter.edu.mx\/DAEYA\/wp-content\/uploads\/2020\/02\/WhatsApp-Image-2020-02-18-at-3.09.13-PM-1-1024x768.jpeg 1024w, https:\/\/blogs.uninter.edu.mx\/DAEYA\/wp-content\/uploads\/2020\/02\/WhatsApp-Image-2020-02-18-at-3.09.13-PM-1-300x225.jpeg 300w, https:\/\/blogs.uninter.edu.mx\/DAEYA\/wp-content\/uploads\/2020\/02\/WhatsApp-Image-2020-02-18-at-3.09.13-PM-1-768x576.jpeg 768w, https:\/\/blogs.uninter.edu.mx\/DAEYA\/wp-content\/uploads\/2020\/02\/WhatsApp-Image-2020-02-18-at-3.09.13-PM-1.jpeg 1280w\" sizes=\"auto, (max-width: 1024px) 100vw, 1024px\" \/><\/figure><\/li><li class=\"blocks-gallery-item\"><figure><img loading=\"lazy\" decoding=\"async\" width=\"1024\" height=\"768\" src=\"https:\/\/blogs.uninter.edu.mx\/DAEYA\/wp-content\/uploads\/2020\/02\/WhatsApp-Image-2020-02-18-at-3.09.13-PM-1024x768.jpeg\" alt=\"San valent\u00edn\" data-id=\"450\" data-link=\"https:\/\/blogs.uninter.edu.mx\/DAEYA\/?attachment_id=450#main\" class=\"wp-image-450\" srcset=\"https:\/\/blogs.uninter.edu.mx\/DAEYA\/wp-content\/uploads\/2020\/02\/WhatsApp-Image-2020-02-18-at-3.09.13-PM-1024x768.jpeg 1024w, https:\/\/blogs.uninter.edu.mx\/DAEYA\/wp-content\/uploads\/2020\/02\/WhatsApp-Image-2020-02-18-at-3.09.13-PM-300x225.jpeg 300w, https:\/\/blogs.uninter.edu.mx\/DAEYA\/wp-content\/uploads\/2020\/02\/WhatsApp-Image-2020-02-18-at-3.09.13-PM-768x576.jpeg 768w, https:\/\/blogs.uninter.edu.mx\/DAEYA\/wp-content\/uploads\/2020\/02\/WhatsApp-Image-2020-02-18-at-3.09.13-PM.jpeg 1280w\" sizes=\"auto, (max-width: 1024px) 100vw, 1024px\" \/><\/figure><\/li><\/ul>\n\n\n\n<p style=\"text-align:justify\">Los alumnos tuvieron la oportunidad de pasar por el registro civil y demostrar su cari\u00f1o a sus amigos mediante el buz\u00f3n del amigo secreto.<\/p>\n\n\n\n<p style=\"text-align:justify\">Si tu tambi\u00e9n quieres formar parte de esta maravillosa comunidad no dudes en contactarnos al (777) 311-10-87<\/p>\n","protected":false},"excerpt":{"rendered":"<p>San Valent\u00edn sol\u00eda ser una personas cari\u00f1osa y amorosa y se le dedica el d\u00eda 14 de febrero para conmemorarlo. Los alumnos que integran el comit\u00e9 estudiantil organizaron en nuestra Universidad Internacional un evento dedicado a esta celebraci\u00f3n organizando una peque\u00f1a feria de juegos y amenidades. Los alumnos tuvieron la oportunidad de pasar por el&hellip;<\/p>\n","protected":false},"author":3,"featured_media":0,"comment_status":"open","ping_status":"open","sticky":false,"template":"","format":"standard","meta":{"_jetpack_memberships_contains_paid_content":false,"footnotes":"","jetpack_publicize_message":"","jetpack_publicize_feature_enabled":true,"jetpack_social_post_already_shared":true,"jetpack_social_options":{"image_generator_settings":{"template":"highway","default_image_id":0,"font":"","enabled":false},"version":2}},"categories":[148,17],"tags":[],"class_list":["post-443","post","type-post","status-publish","format-standard","hentry","category-comite_estudiantil_uninter","category-eventos-uninter"],"yoast_head":"<!-- This site is optimized with the Yoast SEO plugin v26.0 - https:\/\/yoast.com\/wordpress\/plugins\/seo\/ -->\r\n<title>San Valent\u00edn en la Universidad Internacional - Atenci\u00f3n a Estudiantes<\/title>\r\n<meta name=\"description\" content=\"Este 14 de febrero los integrantes del comit\u00e9 estudiantil de la UNINTER organizaron un evento para San Valent\u00edn que involucr\u00f3 a todos los estudiantes...\" \/>\r\n<meta name=\"robots\" content=\"index, follow, max-snippet:-1, max-image-preview:large, max-video-preview:-1\" \/>\r\n<link rel=\"canonical\" href=\"https:\/\/blogs.uninter.edu.mx\/DAEYA\/index.php\/2020\/02\/19\/san-valentin-en-uninter\/\" \/>\r\n<meta property=\"og:locale\" content=\"es_MX\" \/>\r\n<meta property=\"og:type\" content=\"article\" \/>\r\n<meta property=\"og:title\" content=\"San Valent\u00edn en la Universidad Internacional - Atenci\u00f3n a Estudiantes\" \/>\r\n<meta property=\"og:description\" content=\"Este 14 de febrero los integrantes del comit\u00e9 estudiantil de la UNINTER organizaron un evento para San Valent\u00edn que involucr\u00f3 a todos los estudiantes...\" \/>\r\n<meta property=\"og:url\" content=\"https:\/\/blogs.uninter.edu.mx\/DAEYA\/index.php\/2020\/02\/19\/san-valentin-en-uninter\/\" \/>\r\n<meta property=\"og:site_name\" content=\"Atenci\u00f3n a Estudiantes\" \/>\r\n<meta property=\"article:published_time\" content=\"2020-02-19T16:01:48+00:00\" \/>\r\n<meta property=\"article:modified_time\" content=\"2020-02-24T16:21:20+00:00\" \/>\r\n<meta property=\"og:image\" content=\"https:\/\/blogs.uninter.edu.mx\/DAEYA\/wp-content\/uploads\/2020\/02\/logo-horizontal-a-una-tinta-1024x456.png\" \/>\r\n<meta name=\"author\" content=\"Michell Donnet Juarez Porcayo\" \/>\r\n<meta name=\"twitter:card\" content=\"summary_large_image\" \/>\r\n<meta name=\"twitter:label1\" content=\"Escrito por\" \/>\n\t<meta name=\"twitter:data1\" content=\"Michell Donnet Juarez Porcayo\" \/>\r\n<script type=\"application\/ld+json\" class=\"yoast-schema-graph\">{\"@context\":\"https:\/\/schema.org\",\"@graph\":[{\"@type\":\"WebPage\",\"@id\":\"https:\/\/blogs.uninter.edu.mx\/DAEYA\/index.php\/2020\/02\/19\/san-valentin-en-uninter\/\",\"url\":\"https:\/\/blogs.uninter.edu.mx\/DAEYA\/index.php\/2020\/02\/19\/san-valentin-en-uninter\/\",\"name\":\"San Valent\u00edn en la Universidad Internacional - Atenci\u00f3n a Estudiantes\",\"isPartOf\":{\"@id\":\"https:\/\/blogs.uninter.edu.mx\/DAEYA\/#website\"},\"primaryImageOfPage\":{\"@id\":\"https:\/\/blogs.uninter.edu.mx\/DAEYA\/index.php\/2020\/02\/19\/san-valentin-en-uninter\/#primaryimage\"},\"image\":{\"@id\":\"https:\/\/blogs.uninter.edu.mx\/DAEYA\/index.php\/2020\/02\/19\/san-valentin-en-uninter\/#primaryimage\"},\"thumbnailUrl\":\"https:\/\/blogs.uninter.edu.mx\/DAEYA\/wp-content\/uploads\/2020\/02\/logo-horizontal-a-una-tinta-1024x456.png\",\"datePublished\":\"2020-02-19T16:01:48+00:00\",\"dateModified\":\"2020-02-24T16:21:20+00:00\",\"author\":{\"@id\":\"https:\/\/blogs.uninter.edu.mx\/DAEYA\/#\/schema\/person\/a3c2c5227dda6003d4d250ac62fedf93\"},\"description\":\"Este 14 de febrero los integrantes del comit\u00e9 estudiantil de la UNINTER organizaron un evento para San Valent\u00edn que involucr\u00f3 a todos los estudiantes...\",\"breadcrumb\":{\"@id\":\"https:\/\/blogs.uninter.edu.mx\/DAEYA\/index.php\/2020\/02\/19\/san-valentin-en-uninter\/#breadcrumb\"},\"inLanguage\":\"es\",\"potentialAction\":[{\"@type\":\"ReadAction\",\"target\":[\"https:\/\/blogs.uninter.edu.mx\/DAEYA\/index.php\/2020\/02\/19\/san-valentin-en-uninter\/\"]}]},{\"@type\":\"ImageObject\",\"inLanguage\":\"es\",\"@id\":\"https:\/\/blogs.uninter.edu.mx\/DAEYA\/index.php\/2020\/02\/19\/san-valentin-en-uninter\/#primaryimage\",\"url\":\"https:\/\/blogs.uninter.edu.mx\/DAEYA\/wp-content\/uploads\/2020\/02\/logo-horizontal-a-una-tinta.png\",\"contentUrl\":\"https:\/\/blogs.uninter.edu.mx\/DAEYA\/wp-content\/uploads\/2020\/02\/logo-horizontal-a-una-tinta.png\",\"width\":4442,\"height\":1976},{\"@type\":\"BreadcrumbList\",\"@id\":\"https:\/\/blogs.uninter.edu.mx\/DAEYA\/index.php\/2020\/02\/19\/san-valentin-en-uninter\/#breadcrumb\",\"itemListElement\":[{\"@type\":\"ListItem\",\"position\":1,\"name\":\"Inicio\",\"item\":\"https:\/\/blogs.uninter.edu.mx\/DAEYA\/\"},{\"@type\":\"ListItem\",\"position\":2,\"name\":\"\u00a1Feliz San Valent\u00edn!\"}]},{\"@type\":\"WebSite\",\"@id\":\"https:\/\/blogs.uninter.edu.mx\/DAEYA\/#website\",\"url\":\"https:\/\/blogs.uninter.edu.mx\/DAEYA\/\",\"name\":\"Atenci\u00f3n a Estudiantes\",\"description\":\"UNINTER\",\"potentialAction\":[{\"@type\":\"SearchAction\",\"target\":{\"@type\":\"EntryPoint\",\"urlTemplate\":\"https:\/\/blogs.uninter.edu.mx\/DAEYA\/?s={search_term_string}\"},\"query-input\":{\"@type\":\"PropertyValueSpecification\",\"valueRequired\":true,\"valueName\":\"search_term_string\"}}],\"inLanguage\":\"es\"},{\"@type\":\"Person\",\"@id\":\"https:\/\/blogs.uninter.edu.mx\/DAEYA\/#\/schema\/person\/a3c2c5227dda6003d4d250ac62fedf93\",\"name\":\"Michell Donnet Juarez Porcayo\",\"image\":{\"@type\":\"ImageObject\",\"inLanguage\":\"es\",\"@id\":\"https:\/\/blogs.uninter.edu.mx\/DAEYA\/#\/schema\/person\/image\/\",\"url\":\"https:\/\/secure.gravatar.com\/avatar\/a90e348bd83b62b392eb59f49b6f09f474de0e8e3bf79dfb04377a2cf1b6d1e3?s=96&d=mm&r=g\",\"contentUrl\":\"https:\/\/secure.gravatar.com\/avatar\/a90e348bd83b62b392eb59f49b6f09f474de0e8e3bf79dfb04377a2cf1b6d1e3?s=96&d=mm&r=g\",\"caption\":\"Michell Donnet Juarez Porcayo\"},\"url\":\"https:\/\/blogs.uninter.edu.mx\/DAEYA\/index.php\/author\/mjuarezporcayo\/\"}]}<\/script>\r\n<!-- \/ Yoast SEO plugin. -->","yoast_head_json":{"title":"San Valent\u00edn en la Universidad Internacional - Atenci\u00f3n a Estudiantes","description":"Este 14 de febrero los integrantes del comit\u00e9 estudiantil de la UNINTER organizaron un evento para San Valent\u00edn que involucr\u00f3 a todos los estudiantes...","robots":{"index":"index","follow":"follow","max-snippet":"max-snippet:-1","max-image-preview":"max-image-preview:large","max-video-preview":"max-video-preview:-1"},"canonical":"https:\/\/blogs.uninter.edu.mx\/DAEYA\/index.php\/2020\/02\/19\/san-valentin-en-uninter\/","og_locale":"es_MX","og_type":"article","og_title":"San Valent\u00edn en la Universidad Internacional - Atenci\u00f3n a Estudiantes","og_description":"Este 14 de febrero los integrantes del comit\u00e9 estudiantil de la UNINTER organizaron un evento para San Valent\u00edn que involucr\u00f3 a todos los estudiantes...","og_url":"https:\/\/blogs.uninter.edu.mx\/DAEYA\/index.php\/2020\/02\/19\/san-valentin-en-uninter\/","og_site_name":"Atenci\u00f3n a Estudiantes","article_published_time":"2020-02-19T16:01:48+00:00","article_modified_time":"2020-02-24T16:21:20+00:00","og_image":[{"url":"https:\/\/blogs.uninter.edu.mx\/DAEYA\/wp-content\/uploads\/2020\/02\/logo-horizontal-a-una-tinta-1024x456.png","type":"","width":"","height":""}],"author":"Michell Donnet Juarez Porcayo","twitter_card":"summary_large_image","twitter_misc":{"Escrito por":"Michell Donnet Juarez Porcayo"},"schema":{"@context":"https:\/\/schema.org","@graph":[{"@type":"WebPage","@id":"https:\/\/blogs.uninter.edu.mx\/DAEYA\/index.php\/2020\/02\/19\/san-valentin-en-uninter\/","url":"https:\/\/blogs.uninter.edu.mx\/DAEYA\/index.php\/2020\/02\/19\/san-valentin-en-uninter\/","name":"San Valent\u00edn en la Universidad Internacional - Atenci\u00f3n a Estudiantes","isPartOf":{"@id":"https:\/\/blogs.uninter.edu.mx\/DAEYA\/#website"},"primaryImageOfPage":{"@id":"https:\/\/blogs.uninter.edu.mx\/DAEYA\/index.php\/2020\/02\/19\/san-valentin-en-uninter\/#primaryimage"},"image":{"@id":"https:\/\/blogs.uninter.edu.mx\/DAEYA\/index.php\/2020\/02\/19\/san-valentin-en-uninter\/#primaryimage"},"thumbnailUrl":"https:\/\/blogs.uninter.edu.mx\/DAEYA\/wp-content\/uploads\/2020\/02\/logo-horizontal-a-una-tinta-1024x456.png","datePublished":"2020-02-19T16:01:48+00:00","dateModified":"2020-02-24T16:21:20+00:00","author":{"@id":"https:\/\/blogs.uninter.edu.mx\/DAEYA\/#\/schema\/person\/a3c2c5227dda6003d4d250ac62fedf93"},"description":"Este 14 de febrero los integrantes del comit\u00e9 estudiantil de la UNINTER organizaron un evento para San Valent\u00edn que involucr\u00f3 a todos los estudiantes...","breadcrumb":{"@id":"https:\/\/blogs.uninter.edu.mx\/DAEYA\/index.php\/2020\/02\/19\/san-valentin-en-uninter\/#breadcrumb"},"inLanguage":"es","potentialAction":[{"@type":"ReadAction","target":["https:\/\/blogs.uninter.edu.mx\/DAEYA\/index.php\/2020\/02\/19\/san-valentin-en-uninter\/"]}]},{"@type":"ImageObject","inLanguage":"es","@id":"https:\/\/blogs.uninter.edu.mx\/DAEYA\/index.php\/2020\/02\/19\/san-valentin-en-uninter\/#primaryimage","url":"https:\/\/blogs.uninter.edu.mx\/DAEYA\/wp-content\/uploads\/2020\/02\/logo-horizontal-a-una-tinta.png","contentUrl":"https:\/\/blogs.uninter.edu.mx\/DAEYA\/wp-content\/uploads\/2020\/02\/logo-horizontal-a-una-tinta.png","width":4442,"height":1976},{"@type":"BreadcrumbList","@id":"https:\/\/blogs.uninter.edu.mx\/DAEYA\/index.php\/2020\/02\/19\/san-valentin-en-uninter\/#breadcrumb","itemListElement":[{"@type":"ListItem","position":1,"name":"Inicio","item":"https:\/\/blogs.uninter.edu.mx\/DAEYA\/"},{"@type":"ListItem","position":2,"name":"\u00a1Feliz San Valent\u00edn!"}]},{"@type":"WebSite","@id":"https:\/\/blogs.uninter.edu.mx\/DAEYA\/#website","url":"https:\/\/blogs.uninter.edu.mx\/DAEYA\/","name":"Atenci\u00f3n a Estudiantes","description":"UNINTER","potentialAction":[{"@type":"SearchAction","target":{"@type":"EntryPoint","urlTemplate":"https:\/\/blogs.uninter.edu.mx\/DAEYA\/?s={search_term_string}"},"query-input":{"@type":"PropertyValueSpecification","valueRequired":true,"valueName":"search_term_string"}}],"inLanguage":"es"},{"@type":"Person","@id":"https:\/\/blogs.uninter.edu.mx\/DAEYA\/#\/schema\/person\/a3c2c5227dda6003d4d250ac62fedf93","name":"Michell Donnet Juarez Porcayo","image":{"@type":"ImageObject","inLanguage":"es","@id":"https:\/\/blogs.uninter.edu.mx\/DAEYA\/#\/schema\/person\/image\/","url":"https:\/\/secure.gravatar.com\/avatar\/a90e348bd83b62b392eb59f49b6f09f474de0e8e3bf79dfb04377a2cf1b6d1e3?s=96&d=mm&r=g","contentUrl":"https:\/\/secure.gravatar.com\/avatar\/a90e348bd83b62b392eb59f49b6f09f474de0e8e3bf79dfb04377a2cf1b6d1e3?s=96&d=mm&r=g","caption":"Michell Donnet Juarez Porcayo"},"url":"https:\/\/blogs.uninter.edu.mx\/DAEYA\/index.php\/author\/mjuarezporcayo\/"}]}},"jetpack_publicize_connections":[],"jetpack_featured_media_url":"","jetpack_sharing_enabled":true,"_links":{"self":[{"href":"https:\/\/blogs.uninter.edu.mx\/DAEYA\/index.php\/wp-json\/wp\/v2\/posts\/443","targetHints":{"allow":["GET"]}}],"collection":[{"href":"https:\/\/blogs.uninter.edu.mx\/DAEYA\/index.php\/wp-json\/wp\/v2\/posts"}],"about":[{"href":"https:\/\/blogs.uninter.edu.mx\/DAEYA\/index.php\/wp-json\/wp\/v2\/types\/post"}],"author":[{"embeddable":true,"href":"https:\/\/blogs.uninter.edu.mx\/DAEYA\/index.php\/wp-json\/wp\/v2\/users\/3"}],"replies":[{"embeddable":true,"href":"https:\/\/blogs.uninter.edu.mx\/DAEYA\/index.php\/wp-json\/wp\/v2\/comments?post=443"}],"version-history":[{"count":2,"href":"https:\/\/blogs.uninter.edu.mx\/DAEYA\/index.php\/wp-json\/wp\/v2\/posts\/443\/revisions"}],"predecessor-version":[{"id":470,"href":"https:\/\/blogs.uninter.edu.mx\/DAEYA\/index.php\/wp-json\/wp\/v2\/posts\/443\/revisions\/470"}],"wp:attachment":[{"href":"https:\/\/blogs.uninter.edu.mx\/DAEYA\/index.php\/wp-json\/wp\/v2\/media?parent=443"}],"wp:term":[{"taxonomy":"category","embeddable":true,"href":"https:\/\/blogs.uninter.edu.mx\/DAEYA\/index.php\/wp-json\/wp\/v2\/categories?post=443"},{"taxonomy":"post_tag","embeddable":true,"href":"https:\/\/blogs.uninter.edu.mx\/DAEYA\/index.php\/wp-json\/wp\/v2\/tags?post=443"}],"curies":[{"name":"wp","href":"https:\/\/api.w.org\/{rel}","templated":true}]}}