{"id":471,"date":"2020-02-26T00:19:33","date_gmt":"2020-02-26T00:19:33","guid":{"rendered":"https:\/\/blogs.uninter.edu.mx\/DAEYA\/?p=471"},"modified":"2020-02-26T00:19:39","modified_gmt":"2020-02-26T00:19:39","slug":"9-de-marzo-movimiento-undiasinnostras","status":"publish","type":"post","link":"https:\/\/blogs.uninter.edu.mx\/DAEYA\/index.php\/2020\/02\/26\/9-de-marzo-movimiento-undiasinnostras\/","title":{"rendered":"Movimiento 9 de marzo. #UnDiaSinNosotras"},"content":{"rendered":"\n<p style=\"text-align:justify\">Por medio de la siguiente se les informa a todo el personal y comunidad estudiantil que el d\u00eda 9 de marzo la comunidad UNINTER se unir\u00e1 al movimiento #UnDiaSinNosotras, dejando as\u00ed espacio para las mujeres que est\u00e1n en el campus para que puedan faltar.<\/p>\n\n\n\n<figure class=\"wp-block-image\"><img loading=\"lazy\" decoding=\"async\" width=\"764\" height=\"986\" src=\"https:\/\/blogs.uninter.edu.mx\/DAEYA\/wp-content\/uploads\/2020\/02\/WhatsApp-Image-2020-02-21-at-8.32.52-PM.jpeg\" alt=\"Movimiento\" class=\"wp-image-472\" srcset=\"https:\/\/blogs.uninter.edu.mx\/DAEYA\/wp-content\/uploads\/2020\/02\/WhatsApp-Image-2020-02-21-at-8.32.52-PM.jpeg 764w, https:\/\/blogs.uninter.edu.mx\/DAEYA\/wp-content\/uploads\/2020\/02\/WhatsApp-Image-2020-02-21-at-8.32.52-PM-232x300.jpeg 232w\" sizes=\"auto, (max-width: 764px) 100vw, 764px\" \/><\/figure>\n\n\n\n<p style=\"text-align:justify\">Les recordamos que este 9 de marzo va m\u00e1s all\u00e1 de la idea de &#8220;faltar&#8221; a las labores, as\u00ed que se les pide tomar este d\u00eda con responsabilidad y seriedad para dejar la ideolog\u00eda bien marcada y que no sea tomada como broma a la sociedad.<\/p>\n","protected":false},"excerpt":{"rendered":"<p>Por medio de la siguiente se les informa a todo el personal y comunidad estudiantil que el d\u00eda 9 de marzo la comunidad UNINTER se unir\u00e1 al movimiento #UnDiaSinNosotras, dejando as\u00ed espacio para las mujeres que est\u00e1n en el campus para que puedan faltar. Les recordamos que este 9 de marzo va m\u00e1s all\u00e1 de&hellip;<\/p>\n","protected":false},"author":3,"featured_media":0,"comment_status":"open","ping_status":"open","sticky":false,"template":"","format":"standard","meta":{"_jetpack_memberships_contains_paid_content":false,"footnotes":"","jetpack_publicize_message":"","jetpack_publicize_feature_enabled":true,"jetpack_social_post_already_shared":true,"jetpack_social_options":{"image_generator_settings":{"template":"highway","default_image_id":0,"font":"","enabled":false},"version":2}},"categories":[1],"tags":[],"class_list":["post-471","post","type-post","status-publish","format-standard","hentry","category-sin-categoria"],"yoast_head":"<!-- This site is optimized with the Yoast SEO plugin v26.0 - https:\/\/yoast.com\/wordpress\/plugins\/seo\/ -->\r\n<title>Movimiento 9 de marzo. #UnDiaSinNosotras - Atenci\u00f3n a Estudiantes<\/title>\r\n<meta name=\"description\" content=\"El movimiento #UnDiaSinNosotras hace referencia a la fatla que har\u00edan las mujeres en la vida cotidiana de todo ser humano...\" \/>\r\n<meta name=\"robots\" content=\"index, follow, max-snippet:-1, max-image-preview:large, max-video-preview:-1\" \/>\r\n<link rel=\"canonical\" href=\"https:\/\/blogs.uninter.edu.mx\/DAEYA\/index.php\/2020\/02\/26\/9-de-marzo-movimiento-undiasinnostras\/\" \/>\r\n<meta property=\"og:locale\" content=\"es_MX\" \/>\r\n<meta property=\"og:type\" content=\"article\" \/>\r\n<meta property=\"og:title\" content=\"Movimiento 9 de marzo. #UnDiaSinNosotras - Atenci\u00f3n a Estudiantes\" \/>\r\n<meta property=\"og:description\" content=\"El movimiento #UnDiaSinNosotras hace referencia a la fatla que har\u00edan las mujeres en la vida cotidiana de todo ser humano...\" \/>\r\n<meta property=\"og:url\" content=\"https:\/\/blogs.uninter.edu.mx\/DAEYA\/index.php\/2020\/02\/26\/9-de-marzo-movimiento-undiasinnostras\/\" \/>\r\n<meta property=\"og:site_name\" content=\"Atenci\u00f3n a Estudiantes\" \/>\r\n<meta property=\"article:published_time\" content=\"2020-02-26T00:19:33+00:00\" \/>\r\n<meta property=\"article:modified_time\" content=\"2020-02-26T00:19:39+00:00\" \/>\r\n<meta property=\"og:image\" content=\"https:\/\/blogs.uninter.edu.mx\/DAEYA\/wp-content\/uploads\/2020\/02\/WhatsApp-Image-2020-02-21-at-8.32.52-PM.jpeg\" \/>\r\n<meta name=\"author\" content=\"Michell Donnet Juarez Porcayo\" \/>\r\n<meta name=\"twitter:card\" content=\"summary_large_image\" \/>\r\n<meta name=\"twitter:label1\" content=\"Escrito por\" \/>\n\t<meta name=\"twitter:data1\" content=\"Michell Donnet Juarez Porcayo\" \/>\r\n<script type=\"application\/ld+json\" class=\"yoast-schema-graph\">{\"@context\":\"https:\/\/schema.org\",\"@graph\":[{\"@type\":\"WebPage\",\"@id\":\"https:\/\/blogs.uninter.edu.mx\/DAEYA\/index.php\/2020\/02\/26\/9-de-marzo-movimiento-undiasinnostras\/\",\"url\":\"https:\/\/blogs.uninter.edu.mx\/DAEYA\/index.php\/2020\/02\/26\/9-de-marzo-movimiento-undiasinnostras\/\",\"name\":\"Movimiento 9 de marzo. #UnDiaSinNosotras - Atenci\u00f3n a Estudiantes\",\"isPartOf\":{\"@id\":\"https:\/\/blogs.uninter.edu.mx\/DAEYA\/#website\"},\"primaryImageOfPage\":{\"@id\":\"https:\/\/blogs.uninter.edu.mx\/DAEYA\/index.php\/2020\/02\/26\/9-de-marzo-movimiento-undiasinnostras\/#primaryimage\"},\"image\":{\"@id\":\"https:\/\/blogs.uninter.edu.mx\/DAEYA\/index.php\/2020\/02\/26\/9-de-marzo-movimiento-undiasinnostras\/#primaryimage\"},\"thumbnailUrl\":\"https:\/\/blogs.uninter.edu.mx\/DAEYA\/wp-content\/uploads\/2020\/02\/WhatsApp-Image-2020-02-21-at-8.32.52-PM.jpeg\",\"datePublished\":\"2020-02-26T00:19:33+00:00\",\"dateModified\":\"2020-02-26T00:19:39+00:00\",\"author\":{\"@id\":\"https:\/\/blogs.uninter.edu.mx\/DAEYA\/#\/schema\/person\/a3c2c5227dda6003d4d250ac62fedf93\"},\"description\":\"El movimiento #UnDiaSinNosotras hace referencia a la fatla que har\u00edan las mujeres en la vida cotidiana de todo ser humano...\",\"breadcrumb\":{\"@id\":\"https:\/\/blogs.uninter.edu.mx\/DAEYA\/index.php\/2020\/02\/26\/9-de-marzo-movimiento-undiasinnostras\/#breadcrumb\"},\"inLanguage\":\"es\",\"potentialAction\":[{\"@type\":\"ReadAction\",\"target\":[\"https:\/\/blogs.uninter.edu.mx\/DAEYA\/index.php\/2020\/02\/26\/9-de-marzo-movimiento-undiasinnostras\/\"]}]},{\"@type\":\"ImageObject\",\"inLanguage\":\"es\",\"@id\":\"https:\/\/blogs.uninter.edu.mx\/DAEYA\/index.php\/2020\/02\/26\/9-de-marzo-movimiento-undiasinnostras\/#primaryimage\",\"url\":\"https:\/\/blogs.uninter.edu.mx\/DAEYA\/wp-content\/uploads\/2020\/02\/WhatsApp-Image-2020-02-21-at-8.32.52-PM.jpeg\",\"contentUrl\":\"https:\/\/blogs.uninter.edu.mx\/DAEYA\/wp-content\/uploads\/2020\/02\/WhatsApp-Image-2020-02-21-at-8.32.52-PM.jpeg\",\"width\":764,\"height\":986},{\"@type\":\"BreadcrumbList\",\"@id\":\"https:\/\/blogs.uninter.edu.mx\/DAEYA\/index.php\/2020\/02\/26\/9-de-marzo-movimiento-undiasinnostras\/#breadcrumb\",\"itemListElement\":[{\"@type\":\"ListItem\",\"position\":1,\"name\":\"Inicio\",\"item\":\"https:\/\/blogs.uninter.edu.mx\/DAEYA\/\"},{\"@type\":\"ListItem\",\"position\":2,\"name\":\"Movimiento 9 de marzo. #UnDiaSinNosotras\"}]},{\"@type\":\"WebSite\",\"@id\":\"https:\/\/blogs.uninter.edu.mx\/DAEYA\/#website\",\"url\":\"https:\/\/blogs.uninter.edu.mx\/DAEYA\/\",\"name\":\"Atenci\u00f3n a Estudiantes\",\"description\":\"UNINTER\",\"potentialAction\":[{\"@type\":\"SearchAction\",\"target\":{\"@type\":\"EntryPoint\",\"urlTemplate\":\"https:\/\/blogs.uninter.edu.mx\/DAEYA\/?s={search_term_string}\"},\"query-input\":{\"@type\":\"PropertyValueSpecification\",\"valueRequired\":true,\"valueName\":\"search_term_string\"}}],\"inLanguage\":\"es\"},{\"@type\":\"Person\",\"@id\":\"https:\/\/blogs.uninter.edu.mx\/DAEYA\/#\/schema\/person\/a3c2c5227dda6003d4d250ac62fedf93\",\"name\":\"Michell Donnet Juarez Porcayo\",\"image\":{\"@type\":\"ImageObject\",\"inLanguage\":\"es\",\"@id\":\"https:\/\/blogs.uninter.edu.mx\/DAEYA\/#\/schema\/person\/image\/\",\"url\":\"https:\/\/secure.gravatar.com\/avatar\/a90e348bd83b62b392eb59f49b6f09f474de0e8e3bf79dfb04377a2cf1b6d1e3?s=96&d=mm&r=g\",\"contentUrl\":\"https:\/\/secure.gravatar.com\/avatar\/a90e348bd83b62b392eb59f49b6f09f474de0e8e3bf79dfb04377a2cf1b6d1e3?s=96&d=mm&r=g\",\"caption\":\"Michell Donnet Juarez Porcayo\"},\"url\":\"https:\/\/blogs.uninter.edu.mx\/DAEYA\/index.php\/author\/mjuarezporcayo\/\"}]}<\/script>\r\n<!-- \/ Yoast SEO plugin. -->","yoast_head_json":{"title":"Movimiento 9 de marzo. #UnDiaSinNosotras - Atenci\u00f3n a Estudiantes","description":"El movimiento #UnDiaSinNosotras hace referencia a la fatla que har\u00edan las mujeres en la vida cotidiana de todo ser humano...","robots":{"index":"index","follow":"follow","max-snippet":"max-snippet:-1","max-image-preview":"max-image-preview:large","max-video-preview":"max-video-preview:-1"},"canonical":"https:\/\/blogs.uninter.edu.mx\/DAEYA\/index.php\/2020\/02\/26\/9-de-marzo-movimiento-undiasinnostras\/","og_locale":"es_MX","og_type":"article","og_title":"Movimiento 9 de marzo. #UnDiaSinNosotras - Atenci\u00f3n a Estudiantes","og_description":"El movimiento #UnDiaSinNosotras hace referencia a la fatla que har\u00edan las mujeres en la vida cotidiana de todo ser humano...","og_url":"https:\/\/blogs.uninter.edu.mx\/DAEYA\/index.php\/2020\/02\/26\/9-de-marzo-movimiento-undiasinnostras\/","og_site_name":"Atenci\u00f3n a Estudiantes","article_published_time":"2020-02-26T00:19:33+00:00","article_modified_time":"2020-02-26T00:19:39+00:00","og_image":[{"url":"https:\/\/blogs.uninter.edu.mx\/DAEYA\/wp-content\/uploads\/2020\/02\/WhatsApp-Image-2020-02-21-at-8.32.52-PM.jpeg","type":"","width":"","height":""}],"author":"Michell Donnet Juarez Porcayo","twitter_card":"summary_large_image","twitter_misc":{"Escrito por":"Michell Donnet Juarez Porcayo"},"schema":{"@context":"https:\/\/schema.org","@graph":[{"@type":"WebPage","@id":"https:\/\/blogs.uninter.edu.mx\/DAEYA\/index.php\/2020\/02\/26\/9-de-marzo-movimiento-undiasinnostras\/","url":"https:\/\/blogs.uninter.edu.mx\/DAEYA\/index.php\/2020\/02\/26\/9-de-marzo-movimiento-undiasinnostras\/","name":"Movimiento 9 de marzo. #UnDiaSinNosotras - Atenci\u00f3n a Estudiantes","isPartOf":{"@id":"https:\/\/blogs.uninter.edu.mx\/DAEYA\/#website"},"primaryImageOfPage":{"@id":"https:\/\/blogs.uninter.edu.mx\/DAEYA\/index.php\/2020\/02\/26\/9-de-marzo-movimiento-undiasinnostras\/#primaryimage"},"image":{"@id":"https:\/\/blogs.uninter.edu.mx\/DAEYA\/index.php\/2020\/02\/26\/9-de-marzo-movimiento-undiasinnostras\/#primaryimage"},"thumbnailUrl":"https:\/\/blogs.uninter.edu.mx\/DAEYA\/wp-content\/uploads\/2020\/02\/WhatsApp-Image-2020-02-21-at-8.32.52-PM.jpeg","datePublished":"2020-02-26T00:19:33+00:00","dateModified":"2020-02-26T00:19:39+00:00","author":{"@id":"https:\/\/blogs.uninter.edu.mx\/DAEYA\/#\/schema\/person\/a3c2c5227dda6003d4d250ac62fedf93"},"description":"El movimiento #UnDiaSinNosotras hace referencia a la fatla que har\u00edan las mujeres en la vida cotidiana de todo ser humano...","breadcrumb":{"@id":"https:\/\/blogs.uninter.edu.mx\/DAEYA\/index.php\/2020\/02\/26\/9-de-marzo-movimiento-undiasinnostras\/#breadcrumb"},"inLanguage":"es","potentialAction":[{"@type":"ReadAction","target":["https:\/\/blogs.uninter.edu.mx\/DAEYA\/index.php\/2020\/02\/26\/9-de-marzo-movimiento-undiasinnostras\/"]}]},{"@type":"ImageObject","inLanguage":"es","@id":"https:\/\/blogs.uninter.edu.mx\/DAEYA\/index.php\/2020\/02\/26\/9-de-marzo-movimiento-undiasinnostras\/#primaryimage","url":"https:\/\/blogs.uninter.edu.mx\/DAEYA\/wp-content\/uploads\/2020\/02\/WhatsApp-Image-2020-02-21-at-8.32.52-PM.jpeg","contentUrl":"https:\/\/blogs.uninter.edu.mx\/DAEYA\/wp-content\/uploads\/2020\/02\/WhatsApp-Image-2020-02-21-at-8.32.52-PM.jpeg","width":764,"height":986},{"@type":"BreadcrumbList","@id":"https:\/\/blogs.uninter.edu.mx\/DAEYA\/index.php\/2020\/02\/26\/9-de-marzo-movimiento-undiasinnostras\/#breadcrumb","itemListElement":[{"@type":"ListItem","position":1,"name":"Inicio","item":"https:\/\/blogs.uninter.edu.mx\/DAEYA\/"},{"@type":"ListItem","position":2,"name":"Movimiento 9 de marzo. #UnDiaSinNosotras"}]},{"@type":"WebSite","@id":"https:\/\/blogs.uninter.edu.mx\/DAEYA\/#website","url":"https:\/\/blogs.uninter.edu.mx\/DAEYA\/","name":"Atenci\u00f3n a Estudiantes","description":"UNINTER","potentialAction":[{"@type":"SearchAction","target":{"@type":"EntryPoint","urlTemplate":"https:\/\/blogs.uninter.edu.mx\/DAEYA\/?s={search_term_string}"},"query-input":{"@type":"PropertyValueSpecification","valueRequired":true,"valueName":"search_term_string"}}],"inLanguage":"es"},{"@type":"Person","@id":"https:\/\/blogs.uninter.edu.mx\/DAEYA\/#\/schema\/person\/a3c2c5227dda6003d4d250ac62fedf93","name":"Michell Donnet Juarez Porcayo","image":{"@type":"ImageObject","inLanguage":"es","@id":"https:\/\/blogs.uninter.edu.mx\/DAEYA\/#\/schema\/person\/image\/","url":"https:\/\/secure.gravatar.com\/avatar\/a90e348bd83b62b392eb59f49b6f09f474de0e8e3bf79dfb04377a2cf1b6d1e3?s=96&d=mm&r=g","contentUrl":"https:\/\/secure.gravatar.com\/avatar\/a90e348bd83b62b392eb59f49b6f09f474de0e8e3bf79dfb04377a2cf1b6d1e3?s=96&d=mm&r=g","caption":"Michell Donnet Juarez Porcayo"},"url":"https:\/\/blogs.uninter.edu.mx\/DAEYA\/index.php\/author\/mjuarezporcayo\/"}]}},"jetpack_publicize_connections":[],"jetpack_featured_media_url":"","jetpack_sharing_enabled":true,"_links":{"self":[{"href":"https:\/\/blogs.uninter.edu.mx\/DAEYA\/index.php\/wp-json\/wp\/v2\/posts\/471","targetHints":{"allow":["GET"]}}],"collection":[{"href":"https:\/\/blogs.uninter.edu.mx\/DAEYA\/index.php\/wp-json\/wp\/v2\/posts"}],"about":[{"href":"https:\/\/blogs.uninter.edu.mx\/DAEYA\/index.php\/wp-json\/wp\/v2\/types\/post"}],"author":[{"embeddable":true,"href":"https:\/\/blogs.uninter.edu.mx\/DAEYA\/index.php\/wp-json\/wp\/v2\/users\/3"}],"replies":[{"embeddable":true,"href":"https:\/\/blogs.uninter.edu.mx\/DAEYA\/index.php\/wp-json\/wp\/v2\/comments?post=471"}],"version-history":[{"count":1,"href":"https:\/\/blogs.uninter.edu.mx\/DAEYA\/index.php\/wp-json\/wp\/v2\/posts\/471\/revisions"}],"predecessor-version":[{"id":473,"href":"https:\/\/blogs.uninter.edu.mx\/DAEYA\/index.php\/wp-json\/wp\/v2\/posts\/471\/revisions\/473"}],"wp:attachment":[{"href":"https:\/\/blogs.uninter.edu.mx\/DAEYA\/index.php\/wp-json\/wp\/v2\/media?parent=471"}],"wp:term":[{"taxonomy":"category","embeddable":true,"href":"https:\/\/blogs.uninter.edu.mx\/DAEYA\/index.php\/wp-json\/wp\/v2\/categories?post=471"},{"taxonomy":"post_tag","embeddable":true,"href":"https:\/\/blogs.uninter.edu.mx\/DAEYA\/index.php\/wp-json\/wp\/v2\/tags?post=471"}],"curies":[{"name":"wp","href":"https:\/\/api.w.org\/{rel}","templated":true}]}}