{"id":621,"date":"2020-04-21T20:17:17","date_gmt":"2020-04-21T20:17:17","guid":{"rendered":"https:\/\/blogs.uninter.edu.mx\/DAEYA\/?p=621"},"modified":"2023-05-30T15:42:18","modified_gmt":"2023-05-30T15:42:18","slug":"la-curva-del-olvido","status":"publish","type":"post","link":"https:\/\/blogs.uninter.edu.mx\/DAEYA\/index.php\/2020\/04\/21\/la-curva-del-olvido\/","title":{"rendered":"La curva del olvido"},"content":{"rendered":"\n<p class=\"has-text-align-justify\">La curva del olvido est\u00e1 relacionada enteramente con la memoria, muestra como las cosas que no utilizamos en nuestra vida cotidiana suelen abandonar nuestra memoria y a continuaci\u00f3n en el blog de estudiantes <a href=\"http:\/\/uninter.edu.mx\">UNINTER <\/a>te explicamos porque.<\/p>\n\n\n\n<p class=\"has-text-align-justify\">La&nbsp;<a rel=\"noreferrer noopener\" href=\"https:\/\/psicologiaymente.com\/psicologia\/tipos-de-memoria\" target=\"_blank\">memoria<\/a>&nbsp;y la p\u00e9rdida de informaci\u00f3n retenida en ella con el tiempo han sido objeto de estudio. Las huellas de memoria se deterioran con el tiempo, provocando que la informaci\u00f3n se vaya perdiendo. Esto puede ser, entre otras posibles explicaciones, a que la nueva informaci\u00f3n que se va adquiriendo se va superponiendo a las antiguas.<\/p>\n\n\n<div class=\"wp-block-image\">\n<figure class=\"aligncenter is-resized\"><img loading=\"lazy\" decoding=\"async\" src=\"https:\/\/www.wikihow.com\/images\/thumb\/5\/57\/Tell-if-You-Are-Self-Absorbed-Step-5-Version-2.jpg\/aid18988-v4-728px-Tell-if-You-Are-Self-Absorbed-Step-5-Version-2.jpg\" alt=\"Curva del olvido\" width=\"394\" height=\"295\"\/><\/figure><\/div>\n\n\n<p class=\"has-text-align-justify\"><strong>Herman Ebbinghaus es famoso por sus estudios relacionados con la memoria<\/strong>. A partir de sus investigaciones cre\u00f3 lo que hoy en d\u00eda se conoce como la <em>curva del olvido<\/em>, o lo que es igual, la p\u00e9rdida de informaci\u00f3n retentiva en el tiempo. <\/p>\n\n\n\n<div class=\"wp-block-media-text alignwide has-media-on-the-right is-stacked-on-mobile\"><div class=\"wp-block-media-text__content\">\n<p class=\"has-text-align-justify\">\n\nSeg\u00fan dicha gr\u00e1fica, describe el proceso de <strong>olvido de la informaci\u00f3n en ausencia de un repaso consistente de \u00e9sta<\/strong>, la cantidad de material retenido va ir disminuyendo exponencialmente.\n\n<\/p>\n<\/div><figure class=\"wp-block-media-text__media\"><img decoding=\"async\" src=\"https:\/\/www.wikihow.com\/images\/thumb\/e\/e7\/Be-a-Badass-Girl-Step-10.jpg\/aid4328719-v4-728px-Be-a-Badass-Girl-Step-10.jpg\" alt=\"Ver las im\u00e1genes de origen\"\/><\/figure><\/div>\n\n\n\n<p class=\"has-text-align-justify\"><strong>Si el primer d\u00eda se retiene un 100% del material, el segundo se podr\u00eda reducir a la mitad<\/strong>, y tras varios d\u00edas m\u00e1s la cantidad de material retenido es cercano a cero. Cuanto m\u00e1s se acerquen en el tiempo el momento del aprendizaje y el repaso de \u00e9ste menos inversi\u00f3n de tiempo ser\u00e1 necesaria para recuperar el material almacenado.<\/p>\n\n\n\n<p class=\"has-text-align-justify\">As\u00ed que ya lo sabes; estudia todos los d\u00edas y crece tu memoria en los temas que te interesan, si ves muchos memes todos los d\u00edas entonces vas a saber mucho sobre memes. <\/p>\n\n\n\n<p class=\"has-text-align-justify\">Si quieres enterarte sobre m\u00e1s informaci\u00f3n; te recomendamos visitar nuestro <a href=\"http:\/\/blogs.uninter.edu.mx\">blog <\/a>o nuestras <a href=\"http:\/\/facebook.com\/Uninterinforma\">redes sociales<\/a> donde podr\u00e1s ver nuestros talleres en l\u00ednea en estos tiempos de contingencia. \u00a1No te los pierdas!<\/p>\n\n\n\n<p><\/p>\n","protected":false},"excerpt":{"rendered":"<p>La curva del olvido est\u00e1 relacionada enteramente con la memoria, muestra como las cosas que no utilizamos en nuestra vida cotidiana suelen abandonar nuestra memoria y a continuaci\u00f3n en el blog de estudiantes UNINTER te explicamos porque. La&nbsp;memoria&nbsp;y la p\u00e9rdida de informaci\u00f3n retenida en ella con el tiempo han sido objeto de estudio. Las huellas&hellip;<\/p>\n","protected":false},"author":3,"featured_media":0,"comment_status":"open","ping_status":"open","sticky":false,"template":"","format":"standard","meta":{"_jetpack_memberships_contains_paid_content":false,"footnotes":"","jetpack_publicize_message":"","jetpack_publicize_feature_enabled":true,"jetpack_social_post_already_shared":true,"jetpack_social_options":{"image_generator_settings":{"template":"highway","default_image_id":0,"font":"","enabled":false},"version":2}},"categories":[146,148],"tags":[],"class_list":["post-621","post","type-post","status-publish","format-standard","hentry","category-comite-estudiantil","category-comite_estudiantil_uninter"],"yoast_head":"<!-- This site is optimized with the Yoast SEO plugin v26.0 - https:\/\/yoast.com\/wordpress\/plugins\/seo\/ -->\r\n<title>La curva del olvido - Atenci\u00f3n a Estudiantes - estudiantes<\/title>\r\n<meta name=\"description\" content=\"Si quieres enterar de porque se te olvidan las cosas aqu\u00ed en el blog de estudiantes nos dimos a la tarea de investigar un poco, \u00a1Vamos a conocer!\" \/>\r\n<meta name=\"robots\" content=\"index, follow, max-snippet:-1, max-image-preview:large, max-video-preview:-1\" \/>\r\n<link rel=\"canonical\" href=\"https:\/\/blogs.uninter.edu.mx\/DAEYA\/index.php\/2020\/04\/21\/la-curva-del-olvido\/\" \/>\r\n<meta property=\"og:locale\" content=\"es_MX\" \/>\r\n<meta property=\"og:type\" content=\"article\" \/>\r\n<meta property=\"og:title\" content=\"La curva del olvido - Atenci\u00f3n a Estudiantes - estudiantes\" \/>\r\n<meta property=\"og:description\" content=\"Si quieres enterar de porque se te olvidan las cosas aqu\u00ed en el blog de estudiantes nos dimos a la tarea de investigar un poco, \u00a1Vamos a conocer!\" \/>\r\n<meta property=\"og:url\" content=\"https:\/\/blogs.uninter.edu.mx\/DAEYA\/index.php\/2020\/04\/21\/la-curva-del-olvido\/\" \/>\r\n<meta property=\"og:site_name\" content=\"Atenci\u00f3n a Estudiantes\" \/>\r\n<meta property=\"article:published_time\" content=\"2020-04-21T20:17:17+00:00\" \/>\r\n<meta property=\"article:modified_time\" content=\"2023-05-30T15:42:18+00:00\" \/>\r\n<meta property=\"og:image\" content=\"https:\/\/www.wikihow.com\/images\/thumb\/5\/57\/Tell-if-You-Are-Self-Absorbed-Step-5-Version-2.jpg\/aid18988-v4-728px-Tell-if-You-Are-Self-Absorbed-Step-5-Version-2.jpg\" \/>\r\n<meta name=\"author\" content=\"Michell Donnet Juarez Porcayo\" \/>\r\n<meta name=\"twitter:card\" content=\"summary_large_image\" \/>\r\n<meta name=\"twitter:label1\" content=\"Escrito por\" \/>\n\t<meta name=\"twitter:data1\" content=\"Michell Donnet Juarez Porcayo\" \/>\n\t<meta name=\"twitter:label2\" content=\"Tiempo de lectura\" \/>\n\t<meta name=\"twitter:data2\" content=\"2 minutos\" \/>\r\n<script type=\"application\/ld+json\" class=\"yoast-schema-graph\">{\"@context\":\"https:\/\/schema.org\",\"@graph\":[{\"@type\":\"WebPage\",\"@id\":\"https:\/\/blogs.uninter.edu.mx\/DAEYA\/index.php\/2020\/04\/21\/la-curva-del-olvido\/\",\"url\":\"https:\/\/blogs.uninter.edu.mx\/DAEYA\/index.php\/2020\/04\/21\/la-curva-del-olvido\/\",\"name\":\"La curva del olvido - Atenci\u00f3n a Estudiantes - estudiantes\",\"isPartOf\":{\"@id\":\"https:\/\/blogs.uninter.edu.mx\/DAEYA\/#website\"},\"primaryImageOfPage\":{\"@id\":\"https:\/\/blogs.uninter.edu.mx\/DAEYA\/index.php\/2020\/04\/21\/la-curva-del-olvido\/#primaryimage\"},\"image\":{\"@id\":\"https:\/\/blogs.uninter.edu.mx\/DAEYA\/index.php\/2020\/04\/21\/la-curva-del-olvido\/#primaryimage\"},\"thumbnailUrl\":\"https:\/\/www.wikihow.com\/images\/thumb\/5\/57\/Tell-if-You-Are-Self-Absorbed-Step-5-Version-2.jpg\/aid18988-v4-728px-Tell-if-You-Are-Self-Absorbed-Step-5-Version-2.jpg\",\"datePublished\":\"2020-04-21T20:17:17+00:00\",\"dateModified\":\"2023-05-30T15:42:18+00:00\",\"author\":{\"@id\":\"https:\/\/blogs.uninter.edu.mx\/DAEYA\/#\/schema\/person\/a3c2c5227dda6003d4d250ac62fedf93\"},\"description\":\"Si quieres enterar de porque se te olvidan las cosas aqu\u00ed en el blog de estudiantes nos dimos a la tarea de investigar un poco, \u00a1Vamos a conocer!\",\"breadcrumb\":{\"@id\":\"https:\/\/blogs.uninter.edu.mx\/DAEYA\/index.php\/2020\/04\/21\/la-curva-del-olvido\/#breadcrumb\"},\"inLanguage\":\"es\",\"potentialAction\":[{\"@type\":\"ReadAction\",\"target\":[\"https:\/\/blogs.uninter.edu.mx\/DAEYA\/index.php\/2020\/04\/21\/la-curva-del-olvido\/\"]}]},{\"@type\":\"ImageObject\",\"inLanguage\":\"es\",\"@id\":\"https:\/\/blogs.uninter.edu.mx\/DAEYA\/index.php\/2020\/04\/21\/la-curva-del-olvido\/#primaryimage\",\"url\":\"https:\/\/www.wikihow.com\/images\/thumb\/5\/57\/Tell-if-You-Are-Self-Absorbed-Step-5-Version-2.jpg\/aid18988-v4-728px-Tell-if-You-Are-Self-Absorbed-Step-5-Version-2.jpg\",\"contentUrl\":\"https:\/\/www.wikihow.com\/images\/thumb\/5\/57\/Tell-if-You-Are-Self-Absorbed-Step-5-Version-2.jpg\/aid18988-v4-728px-Tell-if-You-Are-Self-Absorbed-Step-5-Version-2.jpg\"},{\"@type\":\"BreadcrumbList\",\"@id\":\"https:\/\/blogs.uninter.edu.mx\/DAEYA\/index.php\/2020\/04\/21\/la-curva-del-olvido\/#breadcrumb\",\"itemListElement\":[{\"@type\":\"ListItem\",\"position\":1,\"name\":\"Inicio\",\"item\":\"https:\/\/blogs.uninter.edu.mx\/DAEYA\/\"},{\"@type\":\"ListItem\",\"position\":2,\"name\":\"La curva del olvido\"}]},{\"@type\":\"WebSite\",\"@id\":\"https:\/\/blogs.uninter.edu.mx\/DAEYA\/#website\",\"url\":\"https:\/\/blogs.uninter.edu.mx\/DAEYA\/\",\"name\":\"Atenci\u00f3n a Estudiantes\",\"description\":\"UNINTER\",\"potentialAction\":[{\"@type\":\"SearchAction\",\"target\":{\"@type\":\"EntryPoint\",\"urlTemplate\":\"https:\/\/blogs.uninter.edu.mx\/DAEYA\/?s={search_term_string}\"},\"query-input\":{\"@type\":\"PropertyValueSpecification\",\"valueRequired\":true,\"valueName\":\"search_term_string\"}}],\"inLanguage\":\"es\"},{\"@type\":\"Person\",\"@id\":\"https:\/\/blogs.uninter.edu.mx\/DAEYA\/#\/schema\/person\/a3c2c5227dda6003d4d250ac62fedf93\",\"name\":\"Michell Donnet Juarez Porcayo\",\"image\":{\"@type\":\"ImageObject\",\"inLanguage\":\"es\",\"@id\":\"https:\/\/blogs.uninter.edu.mx\/DAEYA\/#\/schema\/person\/image\/\",\"url\":\"https:\/\/secure.gravatar.com\/avatar\/a90e348bd83b62b392eb59f49b6f09f474de0e8e3bf79dfb04377a2cf1b6d1e3?s=96&d=mm&r=g\",\"contentUrl\":\"https:\/\/secure.gravatar.com\/avatar\/a90e348bd83b62b392eb59f49b6f09f474de0e8e3bf79dfb04377a2cf1b6d1e3?s=96&d=mm&r=g\",\"caption\":\"Michell Donnet Juarez Porcayo\"},\"url\":\"https:\/\/blogs.uninter.edu.mx\/DAEYA\/index.php\/author\/mjuarezporcayo\/\"}]}<\/script>\r\n<!-- \/ Yoast SEO plugin. -->","yoast_head_json":{"title":"La curva del olvido - Atenci\u00f3n a Estudiantes - estudiantes","description":"Si quieres enterar de porque se te olvidan las cosas aqu\u00ed en el blog de estudiantes nos dimos a la tarea de investigar un poco, \u00a1Vamos a conocer!","robots":{"index":"index","follow":"follow","max-snippet":"max-snippet:-1","max-image-preview":"max-image-preview:large","max-video-preview":"max-video-preview:-1"},"canonical":"https:\/\/blogs.uninter.edu.mx\/DAEYA\/index.php\/2020\/04\/21\/la-curva-del-olvido\/","og_locale":"es_MX","og_type":"article","og_title":"La curva del olvido - Atenci\u00f3n a Estudiantes - estudiantes","og_description":"Si quieres enterar de porque se te olvidan las cosas aqu\u00ed en el blog de estudiantes nos dimos a la tarea de investigar un poco, \u00a1Vamos a conocer!","og_url":"https:\/\/blogs.uninter.edu.mx\/DAEYA\/index.php\/2020\/04\/21\/la-curva-del-olvido\/","og_site_name":"Atenci\u00f3n a Estudiantes","article_published_time":"2020-04-21T20:17:17+00:00","article_modified_time":"2023-05-30T15:42:18+00:00","og_image":[{"url":"https:\/\/www.wikihow.com\/images\/thumb\/5\/57\/Tell-if-You-Are-Self-Absorbed-Step-5-Version-2.jpg\/aid18988-v4-728px-Tell-if-You-Are-Self-Absorbed-Step-5-Version-2.jpg","type":"","width":"","height":""}],"author":"Michell Donnet Juarez Porcayo","twitter_card":"summary_large_image","twitter_misc":{"Escrito por":"Michell Donnet Juarez Porcayo","Tiempo de lectura":"2 minutos"},"schema":{"@context":"https:\/\/schema.org","@graph":[{"@type":"WebPage","@id":"https:\/\/blogs.uninter.edu.mx\/DAEYA\/index.php\/2020\/04\/21\/la-curva-del-olvido\/","url":"https:\/\/blogs.uninter.edu.mx\/DAEYA\/index.php\/2020\/04\/21\/la-curva-del-olvido\/","name":"La curva del olvido - Atenci\u00f3n a Estudiantes - estudiantes","isPartOf":{"@id":"https:\/\/blogs.uninter.edu.mx\/DAEYA\/#website"},"primaryImageOfPage":{"@id":"https:\/\/blogs.uninter.edu.mx\/DAEYA\/index.php\/2020\/04\/21\/la-curva-del-olvido\/#primaryimage"},"image":{"@id":"https:\/\/blogs.uninter.edu.mx\/DAEYA\/index.php\/2020\/04\/21\/la-curva-del-olvido\/#primaryimage"},"thumbnailUrl":"https:\/\/www.wikihow.com\/images\/thumb\/5\/57\/Tell-if-You-Are-Self-Absorbed-Step-5-Version-2.jpg\/aid18988-v4-728px-Tell-if-You-Are-Self-Absorbed-Step-5-Version-2.jpg","datePublished":"2020-04-21T20:17:17+00:00","dateModified":"2023-05-30T15:42:18+00:00","author":{"@id":"https:\/\/blogs.uninter.edu.mx\/DAEYA\/#\/schema\/person\/a3c2c5227dda6003d4d250ac62fedf93"},"description":"Si quieres enterar de porque se te olvidan las cosas aqu\u00ed en el blog de estudiantes nos dimos a la tarea de investigar un poco, \u00a1Vamos a conocer!","breadcrumb":{"@id":"https:\/\/blogs.uninter.edu.mx\/DAEYA\/index.php\/2020\/04\/21\/la-curva-del-olvido\/#breadcrumb"},"inLanguage":"es","potentialAction":[{"@type":"ReadAction","target":["https:\/\/blogs.uninter.edu.mx\/DAEYA\/index.php\/2020\/04\/21\/la-curva-del-olvido\/"]}]},{"@type":"ImageObject","inLanguage":"es","@id":"https:\/\/blogs.uninter.edu.mx\/DAEYA\/index.php\/2020\/04\/21\/la-curva-del-olvido\/#primaryimage","url":"https:\/\/www.wikihow.com\/images\/thumb\/5\/57\/Tell-if-You-Are-Self-Absorbed-Step-5-Version-2.jpg\/aid18988-v4-728px-Tell-if-You-Are-Self-Absorbed-Step-5-Version-2.jpg","contentUrl":"https:\/\/www.wikihow.com\/images\/thumb\/5\/57\/Tell-if-You-Are-Self-Absorbed-Step-5-Version-2.jpg\/aid18988-v4-728px-Tell-if-You-Are-Self-Absorbed-Step-5-Version-2.jpg"},{"@type":"BreadcrumbList","@id":"https:\/\/blogs.uninter.edu.mx\/DAEYA\/index.php\/2020\/04\/21\/la-curva-del-olvido\/#breadcrumb","itemListElement":[{"@type":"ListItem","position":1,"name":"Inicio","item":"https:\/\/blogs.uninter.edu.mx\/DAEYA\/"},{"@type":"ListItem","position":2,"name":"La curva del olvido"}]},{"@type":"WebSite","@id":"https:\/\/blogs.uninter.edu.mx\/DAEYA\/#website","url":"https:\/\/blogs.uninter.edu.mx\/DAEYA\/","name":"Atenci\u00f3n a Estudiantes","description":"UNINTER","potentialAction":[{"@type":"SearchAction","target":{"@type":"EntryPoint","urlTemplate":"https:\/\/blogs.uninter.edu.mx\/DAEYA\/?s={search_term_string}"},"query-input":{"@type":"PropertyValueSpecification","valueRequired":true,"valueName":"search_term_string"}}],"inLanguage":"es"},{"@type":"Person","@id":"https:\/\/blogs.uninter.edu.mx\/DAEYA\/#\/schema\/person\/a3c2c5227dda6003d4d250ac62fedf93","name":"Michell Donnet Juarez Porcayo","image":{"@type":"ImageObject","inLanguage":"es","@id":"https:\/\/blogs.uninter.edu.mx\/DAEYA\/#\/schema\/person\/image\/","url":"https:\/\/secure.gravatar.com\/avatar\/a90e348bd83b62b392eb59f49b6f09f474de0e8e3bf79dfb04377a2cf1b6d1e3?s=96&d=mm&r=g","contentUrl":"https:\/\/secure.gravatar.com\/avatar\/a90e348bd83b62b392eb59f49b6f09f474de0e8e3bf79dfb04377a2cf1b6d1e3?s=96&d=mm&r=g","caption":"Michell Donnet Juarez Porcayo"},"url":"https:\/\/blogs.uninter.edu.mx\/DAEYA\/index.php\/author\/mjuarezporcayo\/"}]}},"jetpack_publicize_connections":[],"jetpack_featured_media_url":"","jetpack_sharing_enabled":true,"_links":{"self":[{"href":"https:\/\/blogs.uninter.edu.mx\/DAEYA\/index.php\/wp-json\/wp\/v2\/posts\/621","targetHints":{"allow":["GET"]}}],"collection":[{"href":"https:\/\/blogs.uninter.edu.mx\/DAEYA\/index.php\/wp-json\/wp\/v2\/posts"}],"about":[{"href":"https:\/\/blogs.uninter.edu.mx\/DAEYA\/index.php\/wp-json\/wp\/v2\/types\/post"}],"author":[{"embeddable":true,"href":"https:\/\/blogs.uninter.edu.mx\/DAEYA\/index.php\/wp-json\/wp\/v2\/users\/3"}],"replies":[{"embeddable":true,"href":"https:\/\/blogs.uninter.edu.mx\/DAEYA\/index.php\/wp-json\/wp\/v2\/comments?post=621"}],"version-history":[{"count":3,"href":"https:\/\/blogs.uninter.edu.mx\/DAEYA\/index.php\/wp-json\/wp\/v2\/posts\/621\/revisions"}],"predecessor-version":[{"id":2508,"href":"https:\/\/blogs.uninter.edu.mx\/DAEYA\/index.php\/wp-json\/wp\/v2\/posts\/621\/revisions\/2508"}],"wp:attachment":[{"href":"https:\/\/blogs.uninter.edu.mx\/DAEYA\/index.php\/wp-json\/wp\/v2\/media?parent=621"}],"wp:term":[{"taxonomy":"category","embeddable":true,"href":"https:\/\/blogs.uninter.edu.mx\/DAEYA\/index.php\/wp-json\/wp\/v2\/categories?post=621"},{"taxonomy":"post_tag","embeddable":true,"href":"https:\/\/blogs.uninter.edu.mx\/DAEYA\/index.php\/wp-json\/wp\/v2\/tags?post=621"}],"curies":[{"name":"wp","href":"https:\/\/api.w.org\/{rel}","templated":true}]}}