{"id":1085,"date":"2022-08-15T10:00:00","date_gmt":"2022-08-15T15:00:00","guid":{"rendered":"https:\/\/blogs.uninter.edu.mx\/DTIP\/?p=1085"},"modified":"2022-08-03T08:40:25","modified_gmt":"2022-08-03T13:40:25","slug":"como-saber-el-tamano-minimo-de-un-logo","status":"publish","type":"post","link":"https:\/\/blogs.uninter.edu.mx\/DTIP\/index.php\/2022\/08\/15\/como-saber-el-tamano-minimo-de-un-logo\/","title":{"rendered":"\u00bfC\u00f3mo saber el tama\u00f1o m\u00ednimo de un logo?"},"content":{"rendered":"\n<h2 class=\"has-text-color wp-block-heading\" style=\"color:#0d3357;font-size:22px\">\u00bfCu\u00e1ndo es muy peque\u00f1o un logo?<\/h2>\n\n\n\n<p class=\"has-text-align-justify\">Cuando aplicamos un logo en los diversos medios digitales o f\u00edsico, es com\u00fan tener la duda del tama\u00f1o.<\/p>\n\n\n\n<p class=\"has-text-align-justify\">La reducci\u00f3n del logotipo se define como el menor tama\u00f1o al que puede ser reproducido un logo, conservando su adecuada visibilidad. Este es algo diferente de usarlo digital a usarlo en papel, pero la variaci\u00f3n de tama\u00f1o repente de los pixeles en que lo trabajes.<\/p>\n\n\n\n<p class=\"has-text-align-justify\">Esto te deja saber que tan legible o entendible es, de ah\u00ed la importancia del tama\u00f1o al crear un logo.<\/p>\n\n\n\n<p>Aqui te muestro como saber el tama\u00f1o de reduccion minimo de un logo o como puedes guiarte:<\/p>\n\n\n\n<div class=\"wp-block-media-text alignwide is-stacked-on-mobile\"><figure class=\"wp-block-media-text__media\"><img loading=\"lazy\" decoding=\"async\" width=\"541\" height=\"330\" src=\"https:\/\/blogs.uninter.edu.mx\/DTIP\/wp-content\/uploads\/2022\/08\/t1.jpg\" alt=\"imagen problemas logo\" class=\"wp-image-1115 size-full\"\/><\/figure><div class=\"wp-block-media-text__content\">\n<p class=\"has-text-color\" style=\"color:#0d3357\"><strong>Problemas<\/strong>:<\/p>\n\n\n\n<p class=\"has-text-align-justify\">El problema de equivocarnos con el tama\u00f1o de nuestro logo, es precisamente que corremos el riesgo de que las personas no lo vean correctamente y no seamos reconocidos.<\/p>\n<\/div><\/div>\n\n\n\n<div class=\"wp-block-media-text alignwide has-media-on-the-right is-stacked-on-mobile\"><figure class=\"wp-block-media-text__media\"><img loading=\"lazy\" decoding=\"async\" width=\"541\" height=\"331\" src=\"https:\/\/blogs.uninter.edu.mx\/DTIP\/wp-content\/uploads\/2022\/08\/t2.jpg\" alt=\"Imagen indicacion de logo\" class=\"wp-image-1116 size-full\"\/><\/figure><div class=\"wp-block-media-text__content\">\n<p class=\"has-text-color\" style=\"color:#0d3357\"><strong>\u00bfD\u00f3nde deber\u00eda estar la indicaci\u00f3n?<\/strong><\/p>\n\n\n\n<p class=\"has-text-align-justify\">El tama\u00f1o ideal de un log, deber\u00eda estar plasmado exactamente en el manual de la marca que hayas desarrollado.<\/p>\n<\/div><\/div>\n\n\n\n<div class=\"wp-block-media-text alignwide is-stacked-on-mobile\"><figure class=\"wp-block-media-text__media\"><img loading=\"lazy\" decoding=\"async\" width=\"541\" height=\"331\" src=\"https:\/\/blogs.uninter.edu.mx\/DTIP\/wp-content\/uploads\/2022\/08\/t3.jpg\" alt=\"\" class=\"wp-image-1117 size-full\"\/><\/figure><div class=\"wp-block-media-text__content\">\n<p class=\"has-text-color\" style=\"color:#0d3357\"><strong><strong>\u00bfy si no?<\/strong><\/strong><\/p>\n\n\n\n<p class=\"has-text-align-justify\">Es ese caso, deber\u00eda hacer el c\u00e1lculo. Para ello te contare el punto de referencia que tomamos algunas veces los dise\u00f1adores.<\/p>\n<\/div><\/div>\n\n\n\n<div class=\"wp-block-media-text alignwide has-media-on-the-right is-stacked-on-mobile\"><figure class=\"wp-block-media-text__media\"><img loading=\"lazy\" decoding=\"async\" width=\"541\" height=\"331\" src=\"https:\/\/blogs.uninter.edu.mx\/DTIP\/wp-content\/uploads\/2022\/08\/t4.jpg\" alt=\"Imagen Tama\u00f1o logo\" class=\"wp-image-1118 size-full\"\/><\/figure><div class=\"wp-block-media-text__content\">\n<p class=\"has-text-color\" style=\"color:#0d3357\"><strong><strong>Tama\u00f1o del texto<\/strong><\/strong>:<\/p>\n\n\n\n<p class=\"has-text-align-justify\">Por lo general, un tama\u00f1o de fuente de 6pt es el m\u00ednimo viable para la reducci\u00f3n de un logo, as\u00ed que cuando no sepas de que tama\u00f1o colocarlo, usa esa medida para guiarte.<\/p>\n<\/div><\/div>\n\n\n\n<p class=\"has-text-align-justify\">Entonces si vas a trabajar desarrollando un logotipo piensa en estos tips para que al entregarlo aclares el m\u00ednimo de reducci\u00f3n del logo que creaste.<\/p>\n\n\n\n<p class=\"has-text-align-center has-background\" style=\"background-color:#f9f4ef\"><strong>\u00a1Espero que te sirva y puedas usar cada consejo en tus proyectos!<\/strong><\/p>\n\n\n\n<p class=\"has-text-align-justify\">Entra a nuestro blog para conocer m\u00e1s tips, consejos, reglas sobre dise\u00f1o, hay mucho que puede ayudarte o te puede interesar para aplicarlo, siempre siguiendo tu instinto creativo y no olvides siempre mantenerte inspirado, si deseas verlo \u00a1solo da click y entra te esperamos!<\/p>\n\n\n<div class=\"wp-block-image\">\n<figure class=\"alignleft size-full is-resized\"><a href=\"https:\/\/uninter.edu.mx\/\"><img loading=\"lazy\" decoding=\"async\" src=\"https:\/\/blogs.uninter.edu.mx\/DTIP\/wp-content\/uploads\/2022\/04\/logouninter-1.png\" alt=\"\" class=\"wp-image-744\" width=\"80\" height=\"86\"\/><\/a><\/figure><\/div>\n\n<div class=\"wp-block-image\">\n<figure class=\"alignright size-full is-resized\"><a href=\"https:\/\/blogs.uninter.edu.mx\/DTIP\/\"><img loading=\"lazy\" decoding=\"async\" src=\"https:\/\/blogs.uninter.edu.mx\/DTIP\/wp-content\/uploads\/2022\/04\/LogoDTIP-2.png\" alt=\"\" class=\"wp-image-743\" width=\"86\" height=\"87\"\/><\/a><\/figure><\/div>","protected":false},"excerpt":{"rendered":"<p>\u00bfCu\u00e1ndo es muy peque\u00f1o un logo? Cuando aplicamos un logo en los diversos medios digitales o f\u00edsico, es com\u00fan tener la duda del tama\u00f1o. La reducci\u00f3n del logotipo se define como el menor tama\u00f1o al que puede ser reproducido un logo, conservando su adecuada visibilidad. Este es algo diferente de usarlo digital a usarlo en&hellip;<\/p>\n","protected":false},"author":2,"featured_media":1119,"comment_status":"open","ping_status":"open","sticky":false,"template":"","format":"standard","meta":{"_jetpack_memberships_contains_paid_content":false,"footnotes":"","jetpack_publicize_message":"","jetpack_publicize_feature_enabled":true,"jetpack_social_post_already_shared":true,"jetpack_social_options":{"image_generator_settings":{"template":"highway","default_image_id":0,"font":"","enabled":false},"version":2}},"categories":[80],"tags":[106,144,103,90,142,143,145],"class_list":["post-1085","post","type-post","status-publish","format-standard","has-post-thumbnail","hentry","category-diseno","tag-colores","tag-consejos","tag-diseno","tag-logo","tag-tamano","tag-texto","tag-tipografia"],"yoast_head":"<!-- This site is optimized with the Yoast SEO plugin v26.0 - https:\/\/yoast.com\/wordpress\/plugins\/seo\/ -->\r\n<title>\u00bfC\u00f3mo saber el tama\u00f1o m\u00ednimo de un logo? - DTIP<\/title>\r\n<meta name=\"description\" content=\"La reducci\u00f3n del logotipo se define como el menor tama\u00f1o al que puede ser reproducido un logo, si nos equivocamos con el tama\u00f1o...\" \/>\r\n<meta name=\"robots\" content=\"index, follow, max-snippet:-1, max-image-preview:large, max-video-preview:-1\" \/>\r\n<link rel=\"canonical\" href=\"https:\/\/blogs.uninter.edu.mx\/DTIP\/index.php\/2022\/08\/15\/como-saber-el-tamano-minimo-de-un-logo\/\" \/>\r\n<meta property=\"og:locale\" content=\"es_MX\" \/>\r\n<meta property=\"og:type\" content=\"article\" \/>\r\n<meta property=\"og:title\" content=\"\u00bfC\u00f3mo saber el tama\u00f1o m\u00ednimo de un logo? - DTIP\" \/>\r\n<meta property=\"og:description\" content=\"La reducci\u00f3n del logotipo se define como el menor tama\u00f1o al que puede ser reproducido un logo, si nos equivocamos con el tama\u00f1o...\" \/>\r\n<meta property=\"og:url\" content=\"https:\/\/blogs.uninter.edu.mx\/DTIP\/index.php\/2022\/08\/15\/como-saber-el-tamano-minimo-de-un-logo\/\" \/>\r\n<meta property=\"og:site_name\" content=\"DTIP\" \/>\r\n<meta property=\"article:published_time\" content=\"2022-08-15T15:00:00+00:00\" \/>\r\n<meta property=\"og:image\" content=\"https:\/\/blogs.uninter.edu.mx\/DTIP\/wp-content\/uploads\/2022\/08\/DisenoMinimoF.jpg\" \/>\r\n\t<meta property=\"og:image:width\" content=\"1201\" \/>\r\n\t<meta property=\"og:image:height\" content=\"621\" \/>\r\n\t<meta property=\"og:image:type\" content=\"image\/jpeg\" \/>\r\n<meta name=\"author\" content=\"Alejandro Navarro\" \/>\r\n<meta name=\"twitter:card\" content=\"summary_large_image\" \/>\r\n<meta name=\"twitter:label1\" content=\"Escrito por\" \/>\n\t<meta name=\"twitter:data1\" content=\"Alejandro Navarro\" \/>\n\t<meta name=\"twitter:label2\" content=\"Tiempo de lectura\" \/>\n\t<meta name=\"twitter:data2\" content=\"3 minutos\" \/>\r\n<script type=\"application\/ld+json\" class=\"yoast-schema-graph\">{\"@context\":\"https:\/\/schema.org\",\"@graph\":[{\"@type\":\"WebPage\",\"@id\":\"https:\/\/blogs.uninter.edu.mx\/DTIP\/index.php\/2022\/08\/15\/como-saber-el-tamano-minimo-de-un-logo\/\",\"url\":\"https:\/\/blogs.uninter.edu.mx\/DTIP\/index.php\/2022\/08\/15\/como-saber-el-tamano-minimo-de-un-logo\/\",\"name\":\"\u00bfC\u00f3mo saber el tama\u00f1o m\u00ednimo de un logo? - DTIP\",\"isPartOf\":{\"@id\":\"https:\/\/blogs.uninter.edu.mx\/DTIP\/#website\"},\"primaryImageOfPage\":{\"@id\":\"https:\/\/blogs.uninter.edu.mx\/DTIP\/index.php\/2022\/08\/15\/como-saber-el-tamano-minimo-de-un-logo\/#primaryimage\"},\"image\":{\"@id\":\"https:\/\/blogs.uninter.edu.mx\/DTIP\/index.php\/2022\/08\/15\/como-saber-el-tamano-minimo-de-un-logo\/#primaryimage\"},\"thumbnailUrl\":\"https:\/\/blogs.uninter.edu.mx\/DTIP\/wp-content\/uploads\/2022\/08\/Disenominimo.jpg\",\"datePublished\":\"2022-08-15T15:00:00+00:00\",\"author\":{\"@id\":\"https:\/\/blogs.uninter.edu.mx\/DTIP\/#\/schema\/person\/4fb1c915f41fffa4fde5651cfab88e3a\"},\"description\":\"La reducci\u00f3n del logotipo se define como el menor tama\u00f1o al que puede ser reproducido un logo, si nos equivocamos con el tama\u00f1o...\",\"breadcrumb\":{\"@id\":\"https:\/\/blogs.uninter.edu.mx\/DTIP\/index.php\/2022\/08\/15\/como-saber-el-tamano-minimo-de-un-logo\/#breadcrumb\"},\"inLanguage\":\"es\",\"potentialAction\":[{\"@type\":\"ReadAction\",\"target\":[\"https:\/\/blogs.uninter.edu.mx\/DTIP\/index.php\/2022\/08\/15\/como-saber-el-tamano-minimo-de-un-logo\/\"]}]},{\"@type\":\"ImageObject\",\"inLanguage\":\"es\",\"@id\":\"https:\/\/blogs.uninter.edu.mx\/DTIP\/index.php\/2022\/08\/15\/como-saber-el-tamano-minimo-de-un-logo\/#primaryimage\",\"url\":\"https:\/\/blogs.uninter.edu.mx\/DTIP\/wp-content\/uploads\/2022\/08\/Disenominimo.jpg\",\"contentUrl\":\"https:\/\/blogs.uninter.edu.mx\/DTIP\/wp-content\/uploads\/2022\/08\/Disenominimo.jpg\",\"width\":460,\"height\":261},{\"@type\":\"BreadcrumbList\",\"@id\":\"https:\/\/blogs.uninter.edu.mx\/DTIP\/index.php\/2022\/08\/15\/como-saber-el-tamano-minimo-de-un-logo\/#breadcrumb\",\"itemListElement\":[{\"@type\":\"ListItem\",\"position\":1,\"name\":\"Inicio\",\"item\":\"https:\/\/blogs.uninter.edu.mx\/DTIP\/\"},{\"@type\":\"ListItem\",\"position\":2,\"name\":\"\u00bfC\u00f3mo saber el tama\u00f1o m\u00ednimo de un logo?\"}]},{\"@type\":\"WebSite\",\"@id\":\"https:\/\/blogs.uninter.edu.mx\/DTIP\/#website\",\"url\":\"https:\/\/blogs.uninter.edu.mx\/DTIP\/\",\"name\":\"DTIP\",\"description\":\"Direcci\u00f3n de Tecnolog\u00edas y Publicidad\",\"potentialAction\":[{\"@type\":\"SearchAction\",\"target\":{\"@type\":\"EntryPoint\",\"urlTemplate\":\"https:\/\/blogs.uninter.edu.mx\/DTIP\/?s={search_term_string}\"},\"query-input\":{\"@type\":\"PropertyValueSpecification\",\"valueRequired\":true,\"valueName\":\"search_term_string\"}}],\"inLanguage\":\"es\"},{\"@type\":\"Person\",\"@id\":\"https:\/\/blogs.uninter.edu.mx\/DTIP\/#\/schema\/person\/4fb1c915f41fffa4fde5651cfab88e3a\",\"name\":\"Alejandro Navarro\",\"image\":{\"@type\":\"ImageObject\",\"inLanguage\":\"es\",\"@id\":\"https:\/\/blogs.uninter.edu.mx\/DTIP\/#\/schema\/person\/image\/\",\"url\":\"https:\/\/secure.gravatar.com\/avatar\/bf2c65c0900ca2ec69daf572d5da8dc41dece9a6a90e483f9b8464cb37c15c6c?s=96&d=mm&r=g\",\"contentUrl\":\"https:\/\/secure.gravatar.com\/avatar\/bf2c65c0900ca2ec69daf572d5da8dc41dece9a6a90e483f9b8464cb37c15c6c?s=96&d=mm&r=g\",\"caption\":\"Alejandro Navarro\"},\"url\":\"https:\/\/blogs.uninter.edu.mx\/DTIP\/index.php\/author\/anavarro\/\"}]}<\/script>\r\n<!-- \/ Yoast SEO plugin. -->","yoast_head_json":{"title":"\u00bfC\u00f3mo saber el tama\u00f1o m\u00ednimo de un logo? - DTIP","description":"La reducci\u00f3n del logotipo se define como el menor tama\u00f1o al que puede ser reproducido un logo, si nos equivocamos con el tama\u00f1o...","robots":{"index":"index","follow":"follow","max-snippet":"max-snippet:-1","max-image-preview":"max-image-preview:large","max-video-preview":"max-video-preview:-1"},"canonical":"https:\/\/blogs.uninter.edu.mx\/DTIP\/index.php\/2022\/08\/15\/como-saber-el-tamano-minimo-de-un-logo\/","og_locale":"es_MX","og_type":"article","og_title":"\u00bfC\u00f3mo saber el tama\u00f1o m\u00ednimo de un logo? - DTIP","og_description":"La reducci\u00f3n del logotipo se define como el menor tama\u00f1o al que puede ser reproducido un logo, si nos equivocamos con el tama\u00f1o...","og_url":"https:\/\/blogs.uninter.edu.mx\/DTIP\/index.php\/2022\/08\/15\/como-saber-el-tamano-minimo-de-un-logo\/","og_site_name":"DTIP","article_published_time":"2022-08-15T15:00:00+00:00","og_image":[{"width":1201,"height":621,"url":"https:\/\/blogs.uninter.edu.mx\/DTIP\/wp-content\/uploads\/2022\/08\/DisenoMinimoF.jpg","type":"image\/jpeg"}],"author":"Alejandro Navarro","twitter_card":"summary_large_image","twitter_misc":{"Escrito por":"Alejandro Navarro","Tiempo de lectura":"3 minutos"},"schema":{"@context":"https:\/\/schema.org","@graph":[{"@type":"WebPage","@id":"https:\/\/blogs.uninter.edu.mx\/DTIP\/index.php\/2022\/08\/15\/como-saber-el-tamano-minimo-de-un-logo\/","url":"https:\/\/blogs.uninter.edu.mx\/DTIP\/index.php\/2022\/08\/15\/como-saber-el-tamano-minimo-de-un-logo\/","name":"\u00bfC\u00f3mo saber el tama\u00f1o m\u00ednimo de un logo? - DTIP","isPartOf":{"@id":"https:\/\/blogs.uninter.edu.mx\/DTIP\/#website"},"primaryImageOfPage":{"@id":"https:\/\/blogs.uninter.edu.mx\/DTIP\/index.php\/2022\/08\/15\/como-saber-el-tamano-minimo-de-un-logo\/#primaryimage"},"image":{"@id":"https:\/\/blogs.uninter.edu.mx\/DTIP\/index.php\/2022\/08\/15\/como-saber-el-tamano-minimo-de-un-logo\/#primaryimage"},"thumbnailUrl":"https:\/\/blogs.uninter.edu.mx\/DTIP\/wp-content\/uploads\/2022\/08\/Disenominimo.jpg","datePublished":"2022-08-15T15:00:00+00:00","author":{"@id":"https:\/\/blogs.uninter.edu.mx\/DTIP\/#\/schema\/person\/4fb1c915f41fffa4fde5651cfab88e3a"},"description":"La reducci\u00f3n del logotipo se define como el menor tama\u00f1o al que puede ser reproducido un logo, si nos equivocamos con el tama\u00f1o...","breadcrumb":{"@id":"https:\/\/blogs.uninter.edu.mx\/DTIP\/index.php\/2022\/08\/15\/como-saber-el-tamano-minimo-de-un-logo\/#breadcrumb"},"inLanguage":"es","potentialAction":[{"@type":"ReadAction","target":["https:\/\/blogs.uninter.edu.mx\/DTIP\/index.php\/2022\/08\/15\/como-saber-el-tamano-minimo-de-un-logo\/"]}]},{"@type":"ImageObject","inLanguage":"es","@id":"https:\/\/blogs.uninter.edu.mx\/DTIP\/index.php\/2022\/08\/15\/como-saber-el-tamano-minimo-de-un-logo\/#primaryimage","url":"https:\/\/blogs.uninter.edu.mx\/DTIP\/wp-content\/uploads\/2022\/08\/Disenominimo.jpg","contentUrl":"https:\/\/blogs.uninter.edu.mx\/DTIP\/wp-content\/uploads\/2022\/08\/Disenominimo.jpg","width":460,"height":261},{"@type":"BreadcrumbList","@id":"https:\/\/blogs.uninter.edu.mx\/DTIP\/index.php\/2022\/08\/15\/como-saber-el-tamano-minimo-de-un-logo\/#breadcrumb","itemListElement":[{"@type":"ListItem","position":1,"name":"Inicio","item":"https:\/\/blogs.uninter.edu.mx\/DTIP\/"},{"@type":"ListItem","position":2,"name":"\u00bfC\u00f3mo saber el tama\u00f1o m\u00ednimo de un logo?"}]},{"@type":"WebSite","@id":"https:\/\/blogs.uninter.edu.mx\/DTIP\/#website","url":"https:\/\/blogs.uninter.edu.mx\/DTIP\/","name":"DTIP","description":"Direcci\u00f3n de Tecnolog\u00edas y Publicidad","potentialAction":[{"@type":"SearchAction","target":{"@type":"EntryPoint","urlTemplate":"https:\/\/blogs.uninter.edu.mx\/DTIP\/?s={search_term_string}"},"query-input":{"@type":"PropertyValueSpecification","valueRequired":true,"valueName":"search_term_string"}}],"inLanguage":"es"},{"@type":"Person","@id":"https:\/\/blogs.uninter.edu.mx\/DTIP\/#\/schema\/person\/4fb1c915f41fffa4fde5651cfab88e3a","name":"Alejandro Navarro","image":{"@type":"ImageObject","inLanguage":"es","@id":"https:\/\/blogs.uninter.edu.mx\/DTIP\/#\/schema\/person\/image\/","url":"https:\/\/secure.gravatar.com\/avatar\/bf2c65c0900ca2ec69daf572d5da8dc41dece9a6a90e483f9b8464cb37c15c6c?s=96&d=mm&r=g","contentUrl":"https:\/\/secure.gravatar.com\/avatar\/bf2c65c0900ca2ec69daf572d5da8dc41dece9a6a90e483f9b8464cb37c15c6c?s=96&d=mm&r=g","caption":"Alejandro Navarro"},"url":"https:\/\/blogs.uninter.edu.mx\/DTIP\/index.php\/author\/anavarro\/"}]}},"jetpack_publicize_connections":[],"jetpack_featured_media_url":"https:\/\/blogs.uninter.edu.mx\/DTIP\/wp-content\/uploads\/2022\/08\/Disenominimo.jpg","jetpack_sharing_enabled":true,"_links":{"self":[{"href":"https:\/\/blogs.uninter.edu.mx\/DTIP\/index.php\/wp-json\/wp\/v2\/posts\/1085","targetHints":{"allow":["GET"]}}],"collection":[{"href":"https:\/\/blogs.uninter.edu.mx\/DTIP\/index.php\/wp-json\/wp\/v2\/posts"}],"about":[{"href":"https:\/\/blogs.uninter.edu.mx\/DTIP\/index.php\/wp-json\/wp\/v2\/types\/post"}],"author":[{"embeddable":true,"href":"https:\/\/blogs.uninter.edu.mx\/DTIP\/index.php\/wp-json\/wp\/v2\/users\/2"}],"replies":[{"embeddable":true,"href":"https:\/\/blogs.uninter.edu.mx\/DTIP\/index.php\/wp-json\/wp\/v2\/comments?post=1085"}],"version-history":[{"count":9,"href":"https:\/\/blogs.uninter.edu.mx\/DTIP\/index.php\/wp-json\/wp\/v2\/posts\/1085\/revisions"}],"predecessor-version":[{"id":1214,"href":"https:\/\/blogs.uninter.edu.mx\/DTIP\/index.php\/wp-json\/wp\/v2\/posts\/1085\/revisions\/1214"}],"wp:featuredmedia":[{"embeddable":true,"href":"https:\/\/blogs.uninter.edu.mx\/DTIP\/index.php\/wp-json\/wp\/v2\/media\/1119"}],"wp:attachment":[{"href":"https:\/\/blogs.uninter.edu.mx\/DTIP\/index.php\/wp-json\/wp\/v2\/media?parent=1085"}],"wp:term":[{"taxonomy":"category","embeddable":true,"href":"https:\/\/blogs.uninter.edu.mx\/DTIP\/index.php\/wp-json\/wp\/v2\/categories?post=1085"},{"taxonomy":"post_tag","embeddable":true,"href":"https:\/\/blogs.uninter.edu.mx\/DTIP\/index.php\/wp-json\/wp\/v2\/tags?post=1085"}],"curies":[{"name":"wp","href":"https:\/\/api.w.org\/{rel}","templated":true}]}}