{"id":707,"date":"2022-05-16T08:39:08","date_gmt":"2022-05-16T13:39:08","guid":{"rendered":"https:\/\/blogs.uninter.edu.mx\/DTIP\/?p=707"},"modified":"2022-06-03T12:48:12","modified_gmt":"2022-06-03T17:48:12","slug":"como-escoger-la-paleta-de-color-perfecta","status":"publish","type":"post","link":"https:\/\/blogs.uninter.edu.mx\/DTIP\/index.php\/2022\/05\/16\/como-escoger-la-paleta-de-color-perfecta\/","title":{"rendered":"Como escoger la paleta de color perfecta"},"content":{"rendered":"\n<h2 class=\"has-text-color wp-block-heading\" style=\"color:#0d3357\"><strong>Escoge la paleta de color perfecta para tus proyectos sin morir en el intento<\/strong><\/h2>\n\n\n\n<p class=\"has-text-align-justify\">\u00bfA qui\u00e9n no le ha pasado tener dudas a la hora de elegir un color? Ya sea para nuestra empresa, incluso para su imagen corporativa, Alguna vez en nuestras vidas hemos estado entre la espada y la pared porque no pod\u00edamos decidir una combinaci\u00f3n de colores perfecta para la creaci\u00f3n de nuestros proyectos. Sea para lo que sea.<\/p>\n\n\n\n<p class=\"has-text-align-center has-text-color has-background\" style=\"background-color:#f9f4ef;color:#1f1d1f\"><em>A LA HORA DE CREAR LA IMAGEN CORPORATIVA DE UNA EMPRESA, LA ELECCI\u00d3N DEL COLOR CORPORATIVO TIENE UN PAPEL FUNDAMENTAL.<\/em><\/p>\n\n\n\n<p class=\"has-text-color\" style=\"color:#0d3357;font-size:22px\"><strong>\u00bfPero que es una paleta de colores?<\/strong><\/p>\n\n\n\n<p class=\"has-text-align-justify\">el concepto de paleta de colores se define como aquel que se utiliza para designar un conjunto de colores y tonalidades existentes o elegidas para decorar, pintar, colorear alg\u00fan objeto o superficie.<\/p>\n\n\n\n<p class=\"has-text-align-justify\">Cuando hablamos de un dise\u00f1o gr\u00e1fico, el color supone un elemento fundamental. La elecci\u00f3n del color correcto es la base de un buen dise\u00f1o, as\u00ed como la elecci\u00f3n de un mal color puede da\u00f1arlo.<\/p>\n\n\n\n<p class=\"has-text-color\" style=\"color:#0d3357;font-size:22px\"><strong>Pero entonces&#8230; \u00bfComo escoger la paleta de colores perfecta para tus proyectos?<\/strong><\/p>\n\n\n\n<p class=\"has-text-align-justify\">Debemos tener claro que todos los colores transmiten algo y que esto es gracias a la percepci\u00f3n humana, as\u00ed que a la vez tienen un significado emocional que podemos usar a nuestro favor.<\/p>\n\n\n\n<p><em>Aqu\u00ed van 5 tips sobre el color que debes saber a la hora de crear tu paleta de colores.<\/em><\/p>\n\n\n\n<p class=\"has-medium-font-size\"><strong>TIP #1<\/strong>  <strong>Armon\u00eda de colores<\/strong><\/p>\n\n\n\n<p>La mejor manera de comenzar en el mundo del color es a trav\u00e9s de las armon\u00edas de colores, existen 3 armon\u00edas:<\/p>\n\n\n\n<div class=\"wp-block-media-text alignwide has-media-on-the-right is-stacked-on-mobile\"><figure class=\"wp-block-media-text__media\"><img loading=\"lazy\" decoding=\"async\" width=\"540\" height=\"330\" src=\"https:\/\/blogs.uninter.edu.mx\/DTIP\/wp-content\/uploads\/2022\/04\/Post-Comple.jpg\" alt=\"Imagen de Paleta de color complementarios\" class=\"wp-image-714 size-full\"\/><\/figure><div class=\"wp-block-media-text__content\">\n<p class=\"has-text-color\" style=\"color:#433f3f;font-size:18px\"><strong>\u00a1Escoge un solo color y luego solo el que este frente a el en el circulo!<\/strong><\/p>\n<\/div><\/div>\n\n\n\n<div class=\"wp-block-media-text alignwide is-stacked-on-mobile\"><figure class=\"wp-block-media-text__media\"><img loading=\"lazy\" decoding=\"async\" width=\"540\" height=\"330\" src=\"https:\/\/blogs.uninter.edu.mx\/DTIP\/wp-content\/uploads\/2022\/04\/Post-Analogas-4.jpg\" alt=\"Imagen de Paleta de color An\u00e1logo\" class=\"wp-image-723 size-full\"\/><\/figure><div class=\"wp-block-media-text__content\">\n<p class=\"has-text-color\" style=\"color:#433f3f;font-size:18px\"><strong>\u00a1En esta selecciona igual el color de tu preferencia y 2 colores a sus lados! \u00bfF\u00e1cil no lo crees? <\/strong><\/p>\n<\/div><\/div>\n\n\n\n<div class=\"wp-block-media-text alignwide has-media-on-the-right is-stacked-on-mobile\"><figure class=\"wp-block-media-text__media\"><img loading=\"lazy\" decoding=\"async\" width=\"540\" height=\"330\" src=\"https:\/\/blogs.uninter.edu.mx\/DTIP\/wp-content\/uploads\/2022\/04\/Post-Triada.jpg\" alt=\"Imagen de Paleta de color Tr\u00edada\" class=\"wp-image-724 size-full\"\/><\/figure><div class=\"wp-block-media-text__content\">\n<p class=\"has-text-color\" style=\"color:#433f3f;font-size:18px\"><strong>Aqu\u00ed se complica un poco, pero te explico, selecciona un color y luego dibuja un tri\u00e1ngulo imaginario que con sus esquinas tocara los colores<\/strong><\/p>\n\n\n\n<p class=\"has-text-color\" style=\"color:#433f3f;font-size:18px\"><strong>\u00a1Que mejor lo complementan en el circulo crom\u00e1tico! <\/strong><\/p>\n<\/div><\/div>\n\n\n\n<p class=\"has-medium-font-size\"><strong>TIP #2<\/strong>  <strong>Colores neutros<\/strong><\/p>\n\n\n\n<p>Los colores neutrales son el apoyo perfecto para tu color principal. Pueden ser c\u00e1lidos, fr\u00edos, claros u oscuros, tambi\u00e9n a estos puedes darle un sub tono que inclina tu paleta a estos 2 polos. As\u00ed:<\/p>\n\n\n\n<div class=\"wp-block-media-text alignwide is-stacked-on-mobile\"><figure class=\"wp-block-media-text__media\"><img loading=\"lazy\" decoding=\"async\" width=\"540\" height=\"330\" src=\"https:\/\/blogs.uninter.edu.mx\/DTIP\/wp-content\/uploads\/2022\/04\/Post-Neutros.jpg\" alt=\"Imagen de Paleta de color base\" class=\"wp-image-725 size-full\"\/><\/figure><div class=\"wp-block-media-text__content\">\n<p class=\"has-text-color\" style=\"color:#433f3f;font-size:18px\"><strong>Los colores neutros m\u00e1s frecuentes son negros, blancos, grises y marrones.<\/strong><\/p>\n<\/div><\/div>\n\n\n\n<p class=\"has-medium-font-size\"><strong>TIP #3<\/strong>  <strong>Menos, es m\u00e1s<\/strong><\/p>\n\n\n\n<p>Escoge no m\u00e1s de 3 colores para empezar tu paleta. Cuantos m\u00e1s colores uses, m\u00e1s dif\u00edcil ser\u00e1 combinarlos, piensa que con solo esos puedes hacer cosas incre\u00edbles, por ejemplo:<\/p>\n\n\n\n<p><\/p>\n\n\n\n<div class=\"wp-block-image\"><figure class=\"aligncenter size-full\"><img loading=\"lazy\" decoding=\"async\" width=\"382\" height=\"127\" src=\"https:\/\/blogs.uninter.edu.mx\/DTIP\/wp-content\/uploads\/2022\/04\/paleta.png\" alt=\"Imagen de Paleta de color\" class=\"wp-image-726\"\/><figcaption>Paleta de Color<\/figcaption><\/figure><\/div>\n\n\n\n<p class=\"has-medium-font-size\"><strong>TIP #4<\/strong>  <strong>Contraste<\/strong><\/p>\n\n\n\n<p>El contraste es fundamental. Un buen consejo para saber si existe un buen contraste es convertir tu dise\u00f1o a la escala de grises mira este ejemplo:<\/p>\n\n\n\n<div class=\"wp-block-columns is-layout-flex wp-container-core-columns-is-layout-9d6595d7 wp-block-columns-is-layout-flex\">\n<div class=\"wp-block-column is-layout-flow wp-block-column-is-layout-flow\">\n<div class=\"wp-block-image\"><figure class=\"aligncenter size-full is-resized\"><img loading=\"lazy\" decoding=\"async\" src=\"https:\/\/blogs.uninter.edu.mx\/DTIP\/wp-content\/uploads\/2022\/04\/Post-EjemBueno-3.jpg\" alt=\"Imagen de ejemplo de buen contraste\" class=\"wp-image-732\" width=\"279\" height=\"279\"\/><figcaption>Aplicado con colores contrastantes<\/figcaption><\/figure><\/div>\n\n\n\n<div class=\"wp-block-image\"><figure class=\"aligncenter size-full is-resized\"><img loading=\"lazy\" decoding=\"async\" src=\"https:\/\/blogs.uninter.edu.mx\/DTIP\/wp-content\/uploads\/2022\/04\/Post-EjemError-4.jpg\" alt=\"Imagen de ejemplo de mal contraste \" class=\"wp-image-738\" width=\"274\" height=\"274\"\/><figcaption>Aplicado sin colores contrastantes<\/figcaption><\/figure><\/div>\n<\/div>\n\n\n\n<div class=\"wp-block-column is-layout-flow wp-block-column-is-layout-flow\">\n<div class=\"wp-block-image\"><figure class=\"aligncenter size-full is-resized\"><img loading=\"lazy\" decoding=\"async\" src=\"https:\/\/blogs.uninter.edu.mx\/DTIP\/wp-content\/uploads\/2022\/04\/Post-EjemBuenoBN.jpg\" alt=\"Imagen de ejemplo de buen contraste BN\" class=\"wp-image-734\" width=\"283\" height=\"283\"\/><figcaption>Aplicacion de BN para Comprobar<\/figcaption><\/figure><\/div>\n\n\n\n<div class=\"wp-block-image\"><figure class=\"aligncenter size-full is-resized\"><img loading=\"lazy\" decoding=\"async\" src=\"https:\/\/blogs.uninter.edu.mx\/DTIP\/wp-content\/uploads\/2022\/04\/Post-EjemErrorBN-3.jpg\" alt=\"Imagen de ejemplo de mal contraste BN\" class=\"wp-image-740\" width=\"275\" height=\"275\"\/><figcaption>Aplicacion de BN para Comprobar<\/figcaption><\/figure><\/div>\n<\/div>\n<\/div>\n\n\n\n<p class=\"has-medium-font-size\"><strong>TIP #5<\/strong>  <strong>Busca el equilibrio y Cuidado con saturar<\/strong><\/p>\n\n\n\n<p>Trabajar con colores es como componer m\u00fasica. Si toda la canci\u00f3n tiene la misma melod\u00eda, mismos vol\u00famenes, mismos ritmos\u2026<\/p>\n\n\n\n<p>\u00a1Se convierte en ruido!<\/p>\n\n\n\n<p>Los dos errores m\u00e1s comunes a la hora de trabajar con colores son:<\/p>\n\n\n\n<div class=\"wp-block-media-text alignwide has-media-on-the-right is-stacked-on-mobile\"><figure class=\"wp-block-media-text__media\"><img loading=\"lazy\" decoding=\"async\" width=\"540\" height=\"330\" src=\"https:\/\/blogs.uninter.edu.mx\/DTIP\/wp-content\/uploads\/2022\/04\/Post-Equilibrio.jpg\" alt=\"\" class=\"wp-image-741 size-full\"\/><\/figure><div class=\"wp-block-media-text__content\">\n<ul class=\"has-text-color wp-block-list\" style=\"color:#433f3f;font-size:18px\"><li><strong>Sobresaturaci\u00f3n<\/strong><\/li><li><strong>Uso de demasiados colores.<\/strong><\/li><\/ul>\n<\/div><\/div>\n\n\n\n<p>Espero que te sirva y puedas usar cada tip en tus composiciones y proyectos.<\/p>\n\n\n\n<p>Te dejo aqu\u00ed el link a un <a href=\"https:\/\/editorialgg.com.mx\/psicologia-del-color-libro.html\"><strong>libro<\/strong><\/a> muy bueno que podr\u00eda servirte y \u00a1conoce m\u00e1s de nuestra secci\u00f3n de dise\u00f1o entrando al blog!  <\/p>\n\n\n\n<div class=\"wp-block-columns are-vertically-aligned-center is-layout-flex wp-container-core-columns-is-layout-9d6595d7 wp-block-columns-is-layout-flex\">\n<div class=\"wp-block-column is-vertically-aligned-center is-layout-flow wp-block-column-is-layout-flow\" style=\"flex-basis:100%\">\n<div class=\"wp-block-image\"><figure class=\"alignleft size-full is-resized\"><a href=\"https:\/\/uninter.edu.mx\/\"><img loading=\"lazy\" decoding=\"async\" src=\"https:\/\/blogs.uninter.edu.mx\/DTIP\/wp-content\/uploads\/2022\/04\/logouninter-1.png\" alt=\"\" class=\"wp-image-744\" width=\"120\" height=\"130\"\/><\/a><\/figure><\/div>\n\n\n\n<div class=\"wp-block-image\"><figure class=\"alignright size-full is-resized\"><a href=\"https:\/\/blogs.uninter.edu.mx\/DTIP\/\"><img loading=\"lazy\" decoding=\"async\" src=\"https:\/\/blogs.uninter.edu.mx\/DTIP\/wp-content\/uploads\/2022\/04\/LogoDTIP-2.png\" alt=\"\" class=\"wp-image-743\" width=\"120\" height=\"120\"\/><\/a><\/figure><\/div>\n<\/div>\n<\/div>\n\n\n\n<div class=\"wp-block-columns is-layout-flex wp-container-core-columns-is-layout-9d6595d7 wp-block-columns-is-layout-flex\">\n<div class=\"wp-block-column is-layout-flow wp-block-column-is-layout-flow\" style=\"flex-basis:100%\"><\/div>\n<\/div>\n","protected":false},"excerpt":{"rendered":"<p>Escoge la paleta de color perfecta para tus proyectos sin morir en el intento \u00bfA qui\u00e9n no le ha pasado tener dudas a la hora de elegir un color? Ya sea para nuestra empresa, incluso para su imagen corporativa, Alguna vez en nuestras vidas hemos estado entre la espada y la pared porque no pod\u00edamos&hellip;<\/p>\n","protected":false},"author":9,"featured_media":912,"comment_status":"open","ping_status":"open","sticky":false,"template":"","format":"standard","meta":{"_jetpack_memberships_contains_paid_content":false,"footnotes":"","jetpack_publicize_message":"","jetpack_publicize_feature_enabled":true,"jetpack_social_post_already_shared":true,"jetpack_social_options":{"image_generator_settings":{"template":"highway","default_image_id":0,"font":"","enabled":false},"version":2}},"categories":[80],"tags":[82,81,84,83],"class_list":["post-707","post","type-post","status-publish","format-standard","has-post-thumbnail","hentry","category-diseno","tag-branding","tag-color","tag-paleta-de-color","tag-proyectos"],"yoast_head":"<!-- This site is optimized with the Yoast SEO plugin v26.0 - https:\/\/yoast.com\/wordpress\/plugins\/seo\/ -->\r\n<title>Como escoger la paleta de color perfecta - DTIP<\/title>\r\n<meta name=\"description\" content=\"\u00bfA qui\u00e9n no le ha pasado tener dudas a la hora de elegir un color? Ya sea para nuestra empresa, incluso para su imagen corporativa....\" \/>\r\n<meta name=\"robots\" content=\"index, follow, max-snippet:-1, max-image-preview:large, max-video-preview:-1\" \/>\r\n<link rel=\"canonical\" href=\"https:\/\/blogs.uninter.edu.mx\/DTIP\/index.php\/2022\/05\/16\/como-escoger-la-paleta-de-color-perfecta\/\" \/>\r\n<meta property=\"og:locale\" content=\"es_MX\" \/>\r\n<meta property=\"og:type\" content=\"article\" \/>\r\n<meta property=\"og:title\" content=\"Como escoger la paleta de color perfecta - DTIP\" \/>\r\n<meta property=\"og:description\" content=\"\u00bfA qui\u00e9n no le ha pasado tener dudas a la hora de elegir un color? Ya sea para nuestra empresa, incluso para su imagen corporativa....\" \/>\r\n<meta property=\"og:url\" content=\"https:\/\/blogs.uninter.edu.mx\/DTIP\/index.php\/2022\/05\/16\/como-escoger-la-paleta-de-color-perfecta\/\" \/>\r\n<meta property=\"og:site_name\" content=\"DTIP\" \/>\r\n<meta property=\"article:published_time\" content=\"2022-05-16T13:39:08+00:00\" \/>\r\n<meta property=\"article:modified_time\" content=\"2022-06-03T17:48:12+00:00\" \/>\r\n<meta property=\"og:image\" content=\"https:\/\/blogs.uninter.edu.mx\/DTIP\/wp-content\/uploads\/2022\/05\/paleta_1-1.jpg\" \/>\r\n\t<meta property=\"og:image:width\" content=\"1201\" \/>\r\n\t<meta property=\"og:image:height\" content=\"621\" \/>\r\n\t<meta property=\"og:image:type\" content=\"image\/jpeg\" \/>\r\n<meta name=\"author\" content=\"SuperAdmin\" \/>\r\n<meta name=\"twitter:card\" content=\"summary_large_image\" \/>\r\n<meta name=\"twitter:label1\" content=\"Escrito por\" \/>\n\t<meta name=\"twitter:data1\" content=\"SuperAdmin\" \/>\n\t<meta name=\"twitter:label2\" content=\"Tiempo de lectura\" \/>\n\t<meta name=\"twitter:data2\" content=\"5 minutos\" \/>\r\n<script type=\"application\/ld+json\" class=\"yoast-schema-graph\">{\"@context\":\"https:\/\/schema.org\",\"@graph\":[{\"@type\":\"WebPage\",\"@id\":\"https:\/\/blogs.uninter.edu.mx\/DTIP\/index.php\/2022\/05\/16\/como-escoger-la-paleta-de-color-perfecta\/\",\"url\":\"https:\/\/blogs.uninter.edu.mx\/DTIP\/index.php\/2022\/05\/16\/como-escoger-la-paleta-de-color-perfecta\/\",\"name\":\"Como escoger la paleta de color perfecta - DTIP\",\"isPartOf\":{\"@id\":\"https:\/\/blogs.uninter.edu.mx\/DTIP\/#website\"},\"primaryImageOfPage\":{\"@id\":\"https:\/\/blogs.uninter.edu.mx\/DTIP\/index.php\/2022\/05\/16\/como-escoger-la-paleta-de-color-perfecta\/#primaryimage\"},\"image\":{\"@id\":\"https:\/\/blogs.uninter.edu.mx\/DTIP\/index.php\/2022\/05\/16\/como-escoger-la-paleta-de-color-perfecta\/#primaryimage\"},\"thumbnailUrl\":\"https:\/\/blogs.uninter.edu.mx\/DTIP\/wp-content\/uploads\/2022\/06\/paleta-1.jpg\",\"datePublished\":\"2022-05-16T13:39:08+00:00\",\"dateModified\":\"2022-06-03T17:48:12+00:00\",\"author\":{\"@id\":\"https:\/\/blogs.uninter.edu.mx\/DTIP\/#\/schema\/person\/6a979e9568fce7a09eae5f753fab1a96\"},\"description\":\"\u00bfA qui\u00e9n no le ha pasado tener dudas a la hora de elegir un color? Ya sea para nuestra empresa, incluso para su imagen corporativa....\",\"breadcrumb\":{\"@id\":\"https:\/\/blogs.uninter.edu.mx\/DTIP\/index.php\/2022\/05\/16\/como-escoger-la-paleta-de-color-perfecta\/#breadcrumb\"},\"inLanguage\":\"es\",\"potentialAction\":[{\"@type\":\"ReadAction\",\"target\":[\"https:\/\/blogs.uninter.edu.mx\/DTIP\/index.php\/2022\/05\/16\/como-escoger-la-paleta-de-color-perfecta\/\"]}]},{\"@type\":\"ImageObject\",\"inLanguage\":\"es\",\"@id\":\"https:\/\/blogs.uninter.edu.mx\/DTIP\/index.php\/2022\/05\/16\/como-escoger-la-paleta-de-color-perfecta\/#primaryimage\",\"url\":\"https:\/\/blogs.uninter.edu.mx\/DTIP\/wp-content\/uploads\/2022\/06\/paleta-1.jpg\",\"contentUrl\":\"https:\/\/blogs.uninter.edu.mx\/DTIP\/wp-content\/uploads\/2022\/06\/paleta-1.jpg\",\"width\":460,\"height\":261},{\"@type\":\"BreadcrumbList\",\"@id\":\"https:\/\/blogs.uninter.edu.mx\/DTIP\/index.php\/2022\/05\/16\/como-escoger-la-paleta-de-color-perfecta\/#breadcrumb\",\"itemListElement\":[{\"@type\":\"ListItem\",\"position\":1,\"name\":\"Inicio\",\"item\":\"https:\/\/blogs.uninter.edu.mx\/DTIP\/\"},{\"@type\":\"ListItem\",\"position\":2,\"name\":\"Como escoger la paleta de color perfecta\"}]},{\"@type\":\"WebSite\",\"@id\":\"https:\/\/blogs.uninter.edu.mx\/DTIP\/#website\",\"url\":\"https:\/\/blogs.uninter.edu.mx\/DTIP\/\",\"name\":\"DTIP\",\"description\":\"Direcci\u00f3n de Tecnolog\u00edas y Publicidad\",\"potentialAction\":[{\"@type\":\"SearchAction\",\"target\":{\"@type\":\"EntryPoint\",\"urlTemplate\":\"https:\/\/blogs.uninter.edu.mx\/DTIP\/?s={search_term_string}\"},\"query-input\":{\"@type\":\"PropertyValueSpecification\",\"valueRequired\":true,\"valueName\":\"search_term_string\"}}],\"inLanguage\":\"es\"},{\"@type\":\"Person\",\"@id\":\"https:\/\/blogs.uninter.edu.mx\/DTIP\/#\/schema\/person\/6a979e9568fce7a09eae5f753fab1a96\",\"name\":\"SuperAdmin\",\"image\":{\"@type\":\"ImageObject\",\"inLanguage\":\"es\",\"@id\":\"https:\/\/blogs.uninter.edu.mx\/DTIP\/#\/schema\/person\/image\/\",\"url\":\"https:\/\/secure.gravatar.com\/avatar\/a59c276b01147463ef3aab4118e3137ebc5e1ad6700deb39ccdf8b89e517f7dc?s=96&d=mm&r=g\",\"contentUrl\":\"https:\/\/secure.gravatar.com\/avatar\/a59c276b01147463ef3aab4118e3137ebc5e1ad6700deb39ccdf8b89e517f7dc?s=96&d=mm&r=g\",\"caption\":\"SuperAdmin\"},\"url\":\"https:\/\/blogs.uninter.edu.mx\/DTIP\/index.php\/author\/webmaster\/\"}]}<\/script>\r\n<!-- \/ Yoast SEO plugin. -->","yoast_head_json":{"title":"Como escoger la paleta de color perfecta - DTIP","description":"\u00bfA qui\u00e9n no le ha pasado tener dudas a la hora de elegir un color? Ya sea para nuestra empresa, incluso para su imagen corporativa....","robots":{"index":"index","follow":"follow","max-snippet":"max-snippet:-1","max-image-preview":"max-image-preview:large","max-video-preview":"max-video-preview:-1"},"canonical":"https:\/\/blogs.uninter.edu.mx\/DTIP\/index.php\/2022\/05\/16\/como-escoger-la-paleta-de-color-perfecta\/","og_locale":"es_MX","og_type":"article","og_title":"Como escoger la paleta de color perfecta - DTIP","og_description":"\u00bfA qui\u00e9n no le ha pasado tener dudas a la hora de elegir un color? Ya sea para nuestra empresa, incluso para su imagen corporativa....","og_url":"https:\/\/blogs.uninter.edu.mx\/DTIP\/index.php\/2022\/05\/16\/como-escoger-la-paleta-de-color-perfecta\/","og_site_name":"DTIP","article_published_time":"2022-05-16T13:39:08+00:00","article_modified_time":"2022-06-03T17:48:12+00:00","og_image":[{"width":1201,"height":621,"url":"https:\/\/blogs.uninter.edu.mx\/DTIP\/wp-content\/uploads\/2022\/05\/paleta_1-1.jpg","type":"image\/jpeg"}],"author":"SuperAdmin","twitter_card":"summary_large_image","twitter_misc":{"Escrito por":"SuperAdmin","Tiempo de lectura":"5 minutos"},"schema":{"@context":"https:\/\/schema.org","@graph":[{"@type":"WebPage","@id":"https:\/\/blogs.uninter.edu.mx\/DTIP\/index.php\/2022\/05\/16\/como-escoger-la-paleta-de-color-perfecta\/","url":"https:\/\/blogs.uninter.edu.mx\/DTIP\/index.php\/2022\/05\/16\/como-escoger-la-paleta-de-color-perfecta\/","name":"Como escoger la paleta de color perfecta - DTIP","isPartOf":{"@id":"https:\/\/blogs.uninter.edu.mx\/DTIP\/#website"},"primaryImageOfPage":{"@id":"https:\/\/blogs.uninter.edu.mx\/DTIP\/index.php\/2022\/05\/16\/como-escoger-la-paleta-de-color-perfecta\/#primaryimage"},"image":{"@id":"https:\/\/blogs.uninter.edu.mx\/DTIP\/index.php\/2022\/05\/16\/como-escoger-la-paleta-de-color-perfecta\/#primaryimage"},"thumbnailUrl":"https:\/\/blogs.uninter.edu.mx\/DTIP\/wp-content\/uploads\/2022\/06\/paleta-1.jpg","datePublished":"2022-05-16T13:39:08+00:00","dateModified":"2022-06-03T17:48:12+00:00","author":{"@id":"https:\/\/blogs.uninter.edu.mx\/DTIP\/#\/schema\/person\/6a979e9568fce7a09eae5f753fab1a96"},"description":"\u00bfA qui\u00e9n no le ha pasado tener dudas a la hora de elegir un color? Ya sea para nuestra empresa, incluso para su imagen corporativa....","breadcrumb":{"@id":"https:\/\/blogs.uninter.edu.mx\/DTIP\/index.php\/2022\/05\/16\/como-escoger-la-paleta-de-color-perfecta\/#breadcrumb"},"inLanguage":"es","potentialAction":[{"@type":"ReadAction","target":["https:\/\/blogs.uninter.edu.mx\/DTIP\/index.php\/2022\/05\/16\/como-escoger-la-paleta-de-color-perfecta\/"]}]},{"@type":"ImageObject","inLanguage":"es","@id":"https:\/\/blogs.uninter.edu.mx\/DTIP\/index.php\/2022\/05\/16\/como-escoger-la-paleta-de-color-perfecta\/#primaryimage","url":"https:\/\/blogs.uninter.edu.mx\/DTIP\/wp-content\/uploads\/2022\/06\/paleta-1.jpg","contentUrl":"https:\/\/blogs.uninter.edu.mx\/DTIP\/wp-content\/uploads\/2022\/06\/paleta-1.jpg","width":460,"height":261},{"@type":"BreadcrumbList","@id":"https:\/\/blogs.uninter.edu.mx\/DTIP\/index.php\/2022\/05\/16\/como-escoger-la-paleta-de-color-perfecta\/#breadcrumb","itemListElement":[{"@type":"ListItem","position":1,"name":"Inicio","item":"https:\/\/blogs.uninter.edu.mx\/DTIP\/"},{"@type":"ListItem","position":2,"name":"Como escoger la paleta de color perfecta"}]},{"@type":"WebSite","@id":"https:\/\/blogs.uninter.edu.mx\/DTIP\/#website","url":"https:\/\/blogs.uninter.edu.mx\/DTIP\/","name":"DTIP","description":"Direcci\u00f3n de Tecnolog\u00edas y Publicidad","potentialAction":[{"@type":"SearchAction","target":{"@type":"EntryPoint","urlTemplate":"https:\/\/blogs.uninter.edu.mx\/DTIP\/?s={search_term_string}"},"query-input":{"@type":"PropertyValueSpecification","valueRequired":true,"valueName":"search_term_string"}}],"inLanguage":"es"},{"@type":"Person","@id":"https:\/\/blogs.uninter.edu.mx\/DTIP\/#\/schema\/person\/6a979e9568fce7a09eae5f753fab1a96","name":"SuperAdmin","image":{"@type":"ImageObject","inLanguage":"es","@id":"https:\/\/blogs.uninter.edu.mx\/DTIP\/#\/schema\/person\/image\/","url":"https:\/\/secure.gravatar.com\/avatar\/a59c276b01147463ef3aab4118e3137ebc5e1ad6700deb39ccdf8b89e517f7dc?s=96&d=mm&r=g","contentUrl":"https:\/\/secure.gravatar.com\/avatar\/a59c276b01147463ef3aab4118e3137ebc5e1ad6700deb39ccdf8b89e517f7dc?s=96&d=mm&r=g","caption":"SuperAdmin"},"url":"https:\/\/blogs.uninter.edu.mx\/DTIP\/index.php\/author\/webmaster\/"}]}},"jetpack_publicize_connections":[],"jetpack_featured_media_url":"https:\/\/blogs.uninter.edu.mx\/DTIP\/wp-content\/uploads\/2022\/06\/paleta-1.jpg","jetpack_sharing_enabled":true,"_links":{"self":[{"href":"https:\/\/blogs.uninter.edu.mx\/DTIP\/index.php\/wp-json\/wp\/v2\/posts\/707","targetHints":{"allow":["GET"]}}],"collection":[{"href":"https:\/\/blogs.uninter.edu.mx\/DTIP\/index.php\/wp-json\/wp\/v2\/posts"}],"about":[{"href":"https:\/\/blogs.uninter.edu.mx\/DTIP\/index.php\/wp-json\/wp\/v2\/types\/post"}],"author":[{"embeddable":true,"href":"https:\/\/blogs.uninter.edu.mx\/DTIP\/index.php\/wp-json\/wp\/v2\/users\/9"}],"replies":[{"embeddable":true,"href":"https:\/\/blogs.uninter.edu.mx\/DTIP\/index.php\/wp-json\/wp\/v2\/comments?post=707"}],"version-history":[{"count":6,"href":"https:\/\/blogs.uninter.edu.mx\/DTIP\/index.php\/wp-json\/wp\/v2\/posts\/707\/revisions"}],"predecessor-version":[{"id":958,"href":"https:\/\/blogs.uninter.edu.mx\/DTIP\/index.php\/wp-json\/wp\/v2\/posts\/707\/revisions\/958"}],"wp:featuredmedia":[{"embeddable":true,"href":"https:\/\/blogs.uninter.edu.mx\/DTIP\/index.php\/wp-json\/wp\/v2\/media\/912"}],"wp:attachment":[{"href":"https:\/\/blogs.uninter.edu.mx\/DTIP\/index.php\/wp-json\/wp\/v2\/media?parent=707"}],"wp:term":[{"taxonomy":"category","embeddable":true,"href":"https:\/\/blogs.uninter.edu.mx\/DTIP\/index.php\/wp-json\/wp\/v2\/categories?post=707"},{"taxonomy":"post_tag","embeddable":true,"href":"https:\/\/blogs.uninter.edu.mx\/DTIP\/index.php\/wp-json\/wp\/v2\/tags?post=707"}],"curies":[{"name":"wp","href":"https:\/\/api.w.org\/{rel}","templated":true}]}}