{"id":792,"date":"2022-04-27T10:15:30","date_gmt":"2022-04-27T15:15:30","guid":{"rendered":"https:\/\/blogs.uninter.edu.mx\/DTIP\/?p=792"},"modified":"2022-06-03T13:11:25","modified_gmt":"2022-06-03T18:11:25","slug":"branding-basico-para-una-marca","status":"publish","type":"post","link":"https:\/\/blogs.uninter.edu.mx\/DTIP\/index.php\/2022\/04\/27\/branding-basico-para-una-marca\/","title":{"rendered":"\u00bfQu\u00e9 deber\u00eda contener un Branding b\u00e1sico?"},"content":{"rendered":"\n<h2 class=\"has-black-color has-text-color wp-block-heading\"><strong>Contenido de la imagen visual o branding de una marca<\/strong><\/h2>\n\n\n\n<p>\u00bfAlguna vez has pensado en crear la Branding de una marca? O te gustar\u00eda hacerlo, pero no sabes que debe contener y que tanto puedes desarrollar para un paquete base para tu cliente.<\/p>\n\n\n\n<p>Hoy te dejamos esta peque\u00f1a gu\u00eda de que puedes incluirle a tu cliente en su proyecto.<\/p>\n\n\n\n<p class=\"has-text-color has-medium-font-size\" style=\"color:#0d3357\"><strong>1.- Se Claro<\/strong><\/p>\n\n\n\n<p class=\"has-text-align-justify\">Trata de siempre estar en contacto con tu cliente y tener facilidad de comunicaci\u00f3n con \u00e9l<\/p>\n\n\n\n<p class=\"has-text-align-justify\">Necesitaras adentrarte a la marca para poder representarla bien al crear el branding, en este caso no queremos confusiones y que en alg\u00fan momento pida m\u00e1s de lo que ya acordaron, de ser necesario entrega un formato escrito donde t\u00fa, escribas claro que planeas entregarle (formatos, editables y papeler\u00eda). As\u00ed si llega a pedir algo m\u00e1s podr\u00e1s justificar tu cambio de precio al mostrarle este documento.<\/p>\n\n\n\n<div class=\"wp-block-media-text alignwide is-stacked-on-mobile\"><figure class=\"wp-block-media-text__media\"><img loading=\"lazy\" decoding=\"async\" width=\"540\" height=\"330\" src=\"https:\/\/blogs.uninter.edu.mx\/DTIP\/wp-content\/uploads\/2022\/04\/mesas.jpg\" alt=\"Imagen sobre el acomodo de las mesas de trabajo\" class=\"wp-image-793 size-full\"\/><\/figure><div class=\"wp-block-media-text__content\">\n<p class=\"has-text-color\" style=\"color:#433f3f;font-size:18px\"><strong>Esto te deja tambi\u00e9n a ti ya una check list de los pendientes que debes entregarle. <\/strong><\/p>\n<\/div><\/div>\n\n\n\n<p class=\"has-text-color has-medium-font-size\" style=\"color:#0d3357\"><strong>2.- Piezas clave que puedes incluir<\/strong><\/p>\n\n\n\n<div class=\"wp-block-media-text alignwide has-media-on-the-right is-stacked-on-mobile\"><figure class=\"wp-block-media-text__media\"><img loading=\"lazy\" decoding=\"async\" width=\"540\" height=\"330\" src=\"https:\/\/blogs.uninter.edu.mx\/DTIP\/wp-content\/uploads\/2022\/04\/l1-1.jpg\" alt=\"Imagen ejemplo del logo principal para branding\" class=\"wp-image-795 size-full\"\/><\/figure><div class=\"wp-block-media-text__content\">\n<p class=\"has-text-align-justify has-text-color\" style=\"color:#433f3f;font-size:18px\"><strong>Inicia siempre mostrando en logo<\/strong> <strong>principal, la forma de presentarlo es tu elecci\u00f3n, puedes hacerlo creando una composici\u00f3n o solo colocarlo de base.<\/strong><\/p>\n\n\n\n<p class=\"has-text-align-justify has-text-color\" style=\"color:#433f3f;font-size:18px\"><strong>mira este ejemplo de esta dise\u00f1adora<\/strong>.<\/p>\n<\/div><\/div>\n\n\n\n<div class=\"wp-block-media-text alignwide is-stacked-on-mobile\"><figure class=\"wp-block-media-text__media\"><img loading=\"lazy\" decoding=\"async\" width=\"540\" height=\"330\" src=\"https:\/\/blogs.uninter.edu.mx\/DTIP\/wp-content\/uploads\/2022\/04\/muckup.jpg\" alt=\"Imagen ejemplo de mockup para branding\" class=\"wp-image-796 size-full\"\/><\/figure><div class=\"wp-block-media-text__content\">\n<p class=\"has-text-align-justify has-text-color\" style=\"color:#433f3f;font-size:18px\"><strong>Muestra siempre a tu cliente formas de aplicaci\u00f3n de lo creaste, esto motiva al cliente y le brinda ideas de uso, que puede crear a futuro, adem\u00e1s que brinda al cliente un despeje de lo que hiciste.<\/strong><\/p>\n\n\n\n<p class=\"has-text-align-justify has-text-color\" style=\"color:#433f3f;font-size:18px\"><strong>Mira estos ejemplos de c\u00f3mo puedes presentarlo<\/strong><\/p>\n<\/div><\/div>\n\n\n\n<div class=\"wp-block-media-text alignwide has-media-on-the-right is-stacked-on-mobile\"><figure class=\"wp-block-media-text__media\"><img loading=\"lazy\" decoding=\"async\" width=\"540\" height=\"330\" src=\"https:\/\/blogs.uninter.edu.mx\/DTIP\/wp-content\/uploads\/2022\/04\/patrones.jpg\" alt=\"Imagen ejemplo de patrones para branding\" class=\"wp-image-797 size-full\"\/><\/figure><div class=\"wp-block-media-text__content\">\n<p class=\"has-text-align-justify has-text-color\" style=\"color:#433f3f;font-size:18px\"><strong>Siempre busca inspirar al cliente y simplificar lo que hiciste, ya que un logo que a futuro es identificable para el p\u00fablico de la marca, podr\u00e1 explotarse de estas formas para futuros proyectos<\/strong>.<\/p>\n\n\n\n<p class=\"has-text-align-justify has-text-color\" style=\"color:#433f3f;font-size:18px\"><strong>mira esta forma de aplicarlo<\/strong>.<\/p>\n<\/div><\/div>\n\n\n\n<div class=\"wp-block-media-text alignwide is-stacked-on-mobile\"><figure class=\"wp-block-media-text__media\"><img loading=\"lazy\" decoding=\"async\" width=\"540\" height=\"330\" src=\"https:\/\/blogs.uninter.edu.mx\/DTIP\/wp-content\/uploads\/2022\/04\/ilustracion.jpg\" alt=\"Imagen ejemplo de ilustraciones para branding\" class=\"wp-image-798 size-full\"\/><\/figure><div class=\"wp-block-media-text__content\">\n<p class=\"has-text-align-justify has-text-color\" style=\"color:#433f3f;font-size:18px\"><strong>Las ilustraciones son elementos gr\u00e1ficos simples, pero identificables, que permiten usarlos para diferentes actividades que realiza la marca en redes o impresos.<\/strong><\/p>\n\n\n\n<p class=\"has-text-align-justify has-text-color\" style=\"color:#433f3f;font-size:18px\"><strong>Siempre deben ser representativos totalmente de lo que trate la marca<\/strong><\/p>\n<\/div><\/div>\n\n\n\n<div class=\"wp-block-media-text alignwide has-media-on-the-right is-stacked-on-mobile\"><figure class=\"wp-block-media-text__media\"><img loading=\"lazy\" decoding=\"async\" width=\"540\" height=\"330\" src=\"https:\/\/blogs.uninter.edu.mx\/DTIP\/wp-content\/uploads\/2022\/04\/l2.jpg\" alt=\"Imagen ejemplo de logo secundario para branding\" class=\"wp-image-799 size-full\"\/><\/figure><div class=\"wp-block-media-text__content\">\n<p class=\"has-text-align-justify has-text-color\" style=\"color:#433f3f;font-size:18px\"><strong>Cuando decimos segundo, es una<\/strong> <strong>simplificaci\u00f3n de lo que ya creaste, como un Isotipo o isologo, que puede explotarse en mas cosas que quiera implantar la marca.<\/strong><\/p>\n<\/div><\/div>\n\n\n\n<div class=\"wp-block-media-text alignwide is-stacked-on-mobile\"><figure class=\"wp-block-media-text__media\"><img loading=\"lazy\" decoding=\"async\" width=\"540\" height=\"330\" src=\"https:\/\/blogs.uninter.edu.mx\/DTIP\/wp-content\/uploads\/2022\/04\/color-1.jpg\" alt=\"Imagen ejemplo de paleta de color para branding\" class=\"wp-image-800 size-full\"\/><\/figure><div class=\"wp-block-media-text__content\">\n<p class=\"has-text-color\" style=\"color:#433f3f;font-size:18px\"><strong>Te recomendamos a\u00f1adirlo en la primera composici\u00f3n junto con el logo, pero sino puedes implementarlo directamente en una composici\u00f3n aparte.<\/strong> <\/p>\n<\/div><\/div>\n\n\n\n<div class=\"wp-block-media-text alignwide has-media-on-the-right is-stacked-on-mobile\"><figure class=\"wp-block-media-text__media\"><img loading=\"lazy\" decoding=\"async\" width=\"540\" height=\"330\" src=\"https:\/\/blogs.uninter.edu.mx\/DTIP\/wp-content\/uploads\/2022\/04\/pape.jpg\" alt=\"Imagen ejemplo de la papeleria para branding\" class=\"wp-image-801 size-full\"\/><\/figure><div class=\"wp-block-media-text__content\">\n<p class=\"has-text-color\" style=\"color:#433f3f;font-size:18px\"><strong>Esto incluye hoja membretada, tarjetas de presentaci\u00f3n de ser posible presentadas en un Mockus y un folleto igual en mockup.<\/strong> <\/p>\n<\/div><\/div>\n\n\n\n<p>No olvides que todo esto es para explorar tu imaginaci\u00f3n y presentarle posibles aplicaciones a tu cliente, t\u00fa puedes armar, cambiar o agregar, lo que tu desees y crear tus propios paquetes.<\/p>\n\n\n\n<p>\u00a1Espero que te sirva y puedas usar cada consejo en tus proyectos!<\/p>\n\n\n\n<p class=\"has-background\" style=\"background-color:#f9f4ef\">\u00a1Te dejo aqu\u00ed el perfil de la chica creadora de todo este contenido de branding! <strong><em><a href=\"https:\/\/instagram.com\/marquis__media?igshid=YmMyMTA2M2Y=\">@marquis_media<\/a><\/em><\/strong><\/p>\n\n\n\n<div class=\"wp-block-image\"><figure class=\"alignright size-full is-resized\"><a href=\"https:\/\/uninter.edu.mx\/\"><img loading=\"lazy\" decoding=\"async\" src=\"https:\/\/blogs.uninter.edu.mx\/DTIP\/wp-content\/uploads\/2022\/04\/logouninter-4.png\" alt=\"Logo UNINTER\" class=\"wp-image-803\" width=\"129\" height=\"139\"\/><\/a><\/figure><\/div>\n\n\n\n<div class=\"wp-block-image\"><figure class=\"alignleft size-full is-resized\"><a href=\"https:\/\/blogs.uninter.edu.mx\/DTIP\/\"><img loading=\"lazy\" decoding=\"async\" src=\"https:\/\/blogs.uninter.edu.mx\/DTIP\/wp-content\/uploads\/2022\/04\/LogoDTIP-4.png\" alt=\"Logo DTIP\" class=\"wp-image-802\" width=\"131\" height=\"131\"\/><\/a><\/figure><\/div>\n","protected":false},"excerpt":{"rendered":"<p>Contenido de la imagen visual o branding de una marca \u00bfAlguna vez has pensado en crear la Branding de una marca? O te gustar\u00eda hacerlo, pero no sabes que debe contener y que tanto puedes desarrollar para un paquete base para tu cliente. Hoy te dejamos esta peque\u00f1a gu\u00eda de que puedes incluirle a tu&hellip;<\/p>\n","protected":false},"author":2,"featured_media":916,"comment_status":"open","ping_status":"open","sticky":false,"template":"","format":"standard","meta":{"_jetpack_memberships_contains_paid_content":false,"footnotes":"","jetpack_publicize_message":"","jetpack_publicize_feature_enabled":true,"jetpack_social_post_already_shared":true,"jetpack_social_options":{"image_generator_settings":{"template":"highway","default_image_id":0,"font":"","enabled":false},"version":2}},"categories":[80,1],"tags":[],"class_list":["post-792","post","type-post","status-publish","format-standard","has-post-thumbnail","hentry","category-diseno","category-sin-categoria"],"yoast_head":"<!-- This site is optimized with the Yoast SEO plugin v26.0 - https:\/\/yoast.com\/wordpress\/plugins\/seo\/ -->\r\n<title>\u00bfQu\u00e9 deber\u00eda contener un Branding b\u00e1sico? - DTIP<\/title>\r\n<meta name=\"description\" content=\"\u00bfCrear el Branding para una marca? hoy te mostramos que puedes desarrollar para un paquete base para tu cliente\" \/>\r\n<meta name=\"robots\" content=\"index, follow, max-snippet:-1, max-image-preview:large, max-video-preview:-1\" \/>\r\n<link rel=\"canonical\" href=\"https:\/\/blogs.uninter.edu.mx\/DTIP\/index.php\/2022\/04\/27\/branding-basico-para-una-marca\/\" \/>\r\n<meta property=\"og:locale\" content=\"es_MX\" \/>\r\n<meta property=\"og:type\" content=\"article\" \/>\r\n<meta property=\"og:title\" content=\"\u00bfQu\u00e9 deber\u00eda contener un Branding b\u00e1sico? - DTIP\" \/>\r\n<meta property=\"og:description\" content=\"\u00bfCrear el Branding para una marca? hoy te mostramos que puedes desarrollar para un paquete base para tu cliente\" \/>\r\n<meta property=\"og:url\" content=\"https:\/\/blogs.uninter.edu.mx\/DTIP\/index.php\/2022\/04\/27\/branding-basico-para-una-marca\/\" \/>\r\n<meta property=\"og:site_name\" content=\"DTIP\" \/>\r\n<meta property=\"article:published_time\" content=\"2022-04-27T15:15:30+00:00\" \/>\r\n<meta property=\"article:modified_time\" content=\"2022-06-03T18:11:25+00:00\" \/>\r\n<meta property=\"og:image\" content=\"https:\/\/blogs.uninter.edu.mx\/DTIP\/wp-content\/uploads\/2022\/04\/contebrandingF.jpg\" \/>\r\n\t<meta property=\"og:image:width\" content=\"1201\" \/>\r\n\t<meta property=\"og:image:height\" content=\"621\" \/>\r\n\t<meta property=\"og:image:type\" content=\"image\/jpeg\" \/>\r\n<meta name=\"author\" content=\"Alejandro Navarro\" \/>\r\n<meta name=\"twitter:card\" content=\"summary_large_image\" \/>\r\n<meta name=\"twitter:label1\" content=\"Escrito por\" \/>\n\t<meta name=\"twitter:data1\" content=\"Alejandro Navarro\" \/>\n\t<meta name=\"twitter:label2\" content=\"Tiempo de lectura\" \/>\n\t<meta name=\"twitter:data2\" content=\"4 minutos\" \/>\r\n<script type=\"application\/ld+json\" class=\"yoast-schema-graph\">{\"@context\":\"https:\/\/schema.org\",\"@graph\":[{\"@type\":\"WebPage\",\"@id\":\"https:\/\/blogs.uninter.edu.mx\/DTIP\/index.php\/2022\/04\/27\/branding-basico-para-una-marca\/\",\"url\":\"https:\/\/blogs.uninter.edu.mx\/DTIP\/index.php\/2022\/04\/27\/branding-basico-para-una-marca\/\",\"name\":\"\u00bfQu\u00e9 deber\u00eda contener un Branding b\u00e1sico? - DTIP\",\"isPartOf\":{\"@id\":\"https:\/\/blogs.uninter.edu.mx\/DTIP\/#website\"},\"primaryImageOfPage\":{\"@id\":\"https:\/\/blogs.uninter.edu.mx\/DTIP\/index.php\/2022\/04\/27\/branding-basico-para-una-marca\/#primaryimage\"},\"image\":{\"@id\":\"https:\/\/blogs.uninter.edu.mx\/DTIP\/index.php\/2022\/04\/27\/branding-basico-para-una-marca\/#primaryimage\"},\"thumbnailUrl\":\"https:\/\/blogs.uninter.edu.mx\/DTIP\/wp-content\/uploads\/2022\/06\/contebranding.jpg\",\"datePublished\":\"2022-04-27T15:15:30+00:00\",\"dateModified\":\"2022-06-03T18:11:25+00:00\",\"author\":{\"@id\":\"https:\/\/blogs.uninter.edu.mx\/DTIP\/#\/schema\/person\/4fb1c915f41fffa4fde5651cfab88e3a\"},\"description\":\"\u00bfCrear el Branding para una marca? hoy te mostramos que puedes desarrollar para un paquete base para tu cliente\",\"breadcrumb\":{\"@id\":\"https:\/\/blogs.uninter.edu.mx\/DTIP\/index.php\/2022\/04\/27\/branding-basico-para-una-marca\/#breadcrumb\"},\"inLanguage\":\"es\",\"potentialAction\":[{\"@type\":\"ReadAction\",\"target\":[\"https:\/\/blogs.uninter.edu.mx\/DTIP\/index.php\/2022\/04\/27\/branding-basico-para-una-marca\/\"]}]},{\"@type\":\"ImageObject\",\"inLanguage\":\"es\",\"@id\":\"https:\/\/blogs.uninter.edu.mx\/DTIP\/index.php\/2022\/04\/27\/branding-basico-para-una-marca\/#primaryimage\",\"url\":\"https:\/\/blogs.uninter.edu.mx\/DTIP\/wp-content\/uploads\/2022\/06\/contebranding.jpg\",\"contentUrl\":\"https:\/\/blogs.uninter.edu.mx\/DTIP\/wp-content\/uploads\/2022\/06\/contebranding.jpg\",\"width\":460,\"height\":261},{\"@type\":\"BreadcrumbList\",\"@id\":\"https:\/\/blogs.uninter.edu.mx\/DTIP\/index.php\/2022\/04\/27\/branding-basico-para-una-marca\/#breadcrumb\",\"itemListElement\":[{\"@type\":\"ListItem\",\"position\":1,\"name\":\"Inicio\",\"item\":\"https:\/\/blogs.uninter.edu.mx\/DTIP\/\"},{\"@type\":\"ListItem\",\"position\":2,\"name\":\"\u00bfQu\u00e9 deber\u00eda contener un Branding b\u00e1sico?\"}]},{\"@type\":\"WebSite\",\"@id\":\"https:\/\/blogs.uninter.edu.mx\/DTIP\/#website\",\"url\":\"https:\/\/blogs.uninter.edu.mx\/DTIP\/\",\"name\":\"DTIP\",\"description\":\"Direcci\u00f3n de Tecnolog\u00edas y Publicidad\",\"potentialAction\":[{\"@type\":\"SearchAction\",\"target\":{\"@type\":\"EntryPoint\",\"urlTemplate\":\"https:\/\/blogs.uninter.edu.mx\/DTIP\/?s={search_term_string}\"},\"query-input\":{\"@type\":\"PropertyValueSpecification\",\"valueRequired\":true,\"valueName\":\"search_term_string\"}}],\"inLanguage\":\"es\"},{\"@type\":\"Person\",\"@id\":\"https:\/\/blogs.uninter.edu.mx\/DTIP\/#\/schema\/person\/4fb1c915f41fffa4fde5651cfab88e3a\",\"name\":\"Alejandro Navarro\",\"image\":{\"@type\":\"ImageObject\",\"inLanguage\":\"es\",\"@id\":\"https:\/\/blogs.uninter.edu.mx\/DTIP\/#\/schema\/person\/image\/\",\"url\":\"https:\/\/secure.gravatar.com\/avatar\/bf2c65c0900ca2ec69daf572d5da8dc41dece9a6a90e483f9b8464cb37c15c6c?s=96&d=mm&r=g\",\"contentUrl\":\"https:\/\/secure.gravatar.com\/avatar\/bf2c65c0900ca2ec69daf572d5da8dc41dece9a6a90e483f9b8464cb37c15c6c?s=96&d=mm&r=g\",\"caption\":\"Alejandro Navarro\"},\"url\":\"https:\/\/blogs.uninter.edu.mx\/DTIP\/index.php\/author\/anavarro\/\"}]}<\/script>\r\n<!-- \/ Yoast SEO plugin. -->","yoast_head_json":{"title":"\u00bfQu\u00e9 deber\u00eda contener un Branding b\u00e1sico? - DTIP","description":"\u00bfCrear el Branding para una marca? hoy te mostramos que puedes desarrollar para un paquete base para tu cliente","robots":{"index":"index","follow":"follow","max-snippet":"max-snippet:-1","max-image-preview":"max-image-preview:large","max-video-preview":"max-video-preview:-1"},"canonical":"https:\/\/blogs.uninter.edu.mx\/DTIP\/index.php\/2022\/04\/27\/branding-basico-para-una-marca\/","og_locale":"es_MX","og_type":"article","og_title":"\u00bfQu\u00e9 deber\u00eda contener un Branding b\u00e1sico? - DTIP","og_description":"\u00bfCrear el Branding para una marca? hoy te mostramos que puedes desarrollar para un paquete base para tu cliente","og_url":"https:\/\/blogs.uninter.edu.mx\/DTIP\/index.php\/2022\/04\/27\/branding-basico-para-una-marca\/","og_site_name":"DTIP","article_published_time":"2022-04-27T15:15:30+00:00","article_modified_time":"2022-06-03T18:11:25+00:00","og_image":[{"width":1201,"height":621,"url":"https:\/\/blogs.uninter.edu.mx\/DTIP\/wp-content\/uploads\/2022\/04\/contebrandingF.jpg","type":"image\/jpeg"}],"author":"Alejandro Navarro","twitter_card":"summary_large_image","twitter_misc":{"Escrito por":"Alejandro Navarro","Tiempo de lectura":"4 minutos"},"schema":{"@context":"https:\/\/schema.org","@graph":[{"@type":"WebPage","@id":"https:\/\/blogs.uninter.edu.mx\/DTIP\/index.php\/2022\/04\/27\/branding-basico-para-una-marca\/","url":"https:\/\/blogs.uninter.edu.mx\/DTIP\/index.php\/2022\/04\/27\/branding-basico-para-una-marca\/","name":"\u00bfQu\u00e9 deber\u00eda contener un Branding b\u00e1sico? - DTIP","isPartOf":{"@id":"https:\/\/blogs.uninter.edu.mx\/DTIP\/#website"},"primaryImageOfPage":{"@id":"https:\/\/blogs.uninter.edu.mx\/DTIP\/index.php\/2022\/04\/27\/branding-basico-para-una-marca\/#primaryimage"},"image":{"@id":"https:\/\/blogs.uninter.edu.mx\/DTIP\/index.php\/2022\/04\/27\/branding-basico-para-una-marca\/#primaryimage"},"thumbnailUrl":"https:\/\/blogs.uninter.edu.mx\/DTIP\/wp-content\/uploads\/2022\/06\/contebranding.jpg","datePublished":"2022-04-27T15:15:30+00:00","dateModified":"2022-06-03T18:11:25+00:00","author":{"@id":"https:\/\/blogs.uninter.edu.mx\/DTIP\/#\/schema\/person\/4fb1c915f41fffa4fde5651cfab88e3a"},"description":"\u00bfCrear el Branding para una marca? hoy te mostramos que puedes desarrollar para un paquete base para tu cliente","breadcrumb":{"@id":"https:\/\/blogs.uninter.edu.mx\/DTIP\/index.php\/2022\/04\/27\/branding-basico-para-una-marca\/#breadcrumb"},"inLanguage":"es","potentialAction":[{"@type":"ReadAction","target":["https:\/\/blogs.uninter.edu.mx\/DTIP\/index.php\/2022\/04\/27\/branding-basico-para-una-marca\/"]}]},{"@type":"ImageObject","inLanguage":"es","@id":"https:\/\/blogs.uninter.edu.mx\/DTIP\/index.php\/2022\/04\/27\/branding-basico-para-una-marca\/#primaryimage","url":"https:\/\/blogs.uninter.edu.mx\/DTIP\/wp-content\/uploads\/2022\/06\/contebranding.jpg","contentUrl":"https:\/\/blogs.uninter.edu.mx\/DTIP\/wp-content\/uploads\/2022\/06\/contebranding.jpg","width":460,"height":261},{"@type":"BreadcrumbList","@id":"https:\/\/blogs.uninter.edu.mx\/DTIP\/index.php\/2022\/04\/27\/branding-basico-para-una-marca\/#breadcrumb","itemListElement":[{"@type":"ListItem","position":1,"name":"Inicio","item":"https:\/\/blogs.uninter.edu.mx\/DTIP\/"},{"@type":"ListItem","position":2,"name":"\u00bfQu\u00e9 deber\u00eda contener un Branding b\u00e1sico?"}]},{"@type":"WebSite","@id":"https:\/\/blogs.uninter.edu.mx\/DTIP\/#website","url":"https:\/\/blogs.uninter.edu.mx\/DTIP\/","name":"DTIP","description":"Direcci\u00f3n de Tecnolog\u00edas y Publicidad","potentialAction":[{"@type":"SearchAction","target":{"@type":"EntryPoint","urlTemplate":"https:\/\/blogs.uninter.edu.mx\/DTIP\/?s={search_term_string}"},"query-input":{"@type":"PropertyValueSpecification","valueRequired":true,"valueName":"search_term_string"}}],"inLanguage":"es"},{"@type":"Person","@id":"https:\/\/blogs.uninter.edu.mx\/DTIP\/#\/schema\/person\/4fb1c915f41fffa4fde5651cfab88e3a","name":"Alejandro Navarro","image":{"@type":"ImageObject","inLanguage":"es","@id":"https:\/\/blogs.uninter.edu.mx\/DTIP\/#\/schema\/person\/image\/","url":"https:\/\/secure.gravatar.com\/avatar\/bf2c65c0900ca2ec69daf572d5da8dc41dece9a6a90e483f9b8464cb37c15c6c?s=96&d=mm&r=g","contentUrl":"https:\/\/secure.gravatar.com\/avatar\/bf2c65c0900ca2ec69daf572d5da8dc41dece9a6a90e483f9b8464cb37c15c6c?s=96&d=mm&r=g","caption":"Alejandro Navarro"},"url":"https:\/\/blogs.uninter.edu.mx\/DTIP\/index.php\/author\/anavarro\/"}]}},"jetpack_publicize_connections":[],"jetpack_featured_media_url":"https:\/\/blogs.uninter.edu.mx\/DTIP\/wp-content\/uploads\/2022\/06\/contebranding.jpg","jetpack_sharing_enabled":true,"_links":{"self":[{"href":"https:\/\/blogs.uninter.edu.mx\/DTIP\/index.php\/wp-json\/wp\/v2\/posts\/792","targetHints":{"allow":["GET"]}}],"collection":[{"href":"https:\/\/blogs.uninter.edu.mx\/DTIP\/index.php\/wp-json\/wp\/v2\/posts"}],"about":[{"href":"https:\/\/blogs.uninter.edu.mx\/DTIP\/index.php\/wp-json\/wp\/v2\/types\/post"}],"author":[{"embeddable":true,"href":"https:\/\/blogs.uninter.edu.mx\/DTIP\/index.php\/wp-json\/wp\/v2\/users\/2"}],"replies":[{"embeddable":true,"href":"https:\/\/blogs.uninter.edu.mx\/DTIP\/index.php\/wp-json\/wp\/v2\/comments?post=792"}],"version-history":[{"count":7,"href":"https:\/\/blogs.uninter.edu.mx\/DTIP\/index.php\/wp-json\/wp\/v2\/posts\/792\/revisions"}],"predecessor-version":[{"id":843,"href":"https:\/\/blogs.uninter.edu.mx\/DTIP\/index.php\/wp-json\/wp\/v2\/posts\/792\/revisions\/843"}],"wp:featuredmedia":[{"embeddable":true,"href":"https:\/\/blogs.uninter.edu.mx\/DTIP\/index.php\/wp-json\/wp\/v2\/media\/916"}],"wp:attachment":[{"href":"https:\/\/blogs.uninter.edu.mx\/DTIP\/index.php\/wp-json\/wp\/v2\/media?parent=792"}],"wp:term":[{"taxonomy":"category","embeddable":true,"href":"https:\/\/blogs.uninter.edu.mx\/DTIP\/index.php\/wp-json\/wp\/v2\/categories?post=792"},{"taxonomy":"post_tag","embeddable":true,"href":"https:\/\/blogs.uninter.edu.mx\/DTIP\/index.php\/wp-json\/wp\/v2\/tags?post=792"}],"curies":[{"name":"wp","href":"https:\/\/api.w.org\/{rel}","templated":true}]}}