{"id":1129,"date":"2019-11-13T17:46:56","date_gmt":"2019-11-13T23:46:56","guid":{"rendered":"https:\/\/blogs.uninter.edu.mx\/ENDECS\/?p=1129"},"modified":"2019-11-13T17:47:02","modified_gmt":"2019-11-13T23:47:02","slug":"la-importancia-del-plastico","status":"publish","type":"post","link":"https:\/\/blogs.uninter.edu.mx\/ENDECS\/index.php\/2019\/11\/13\/la-importancia-del-plastico\/","title":{"rendered":"Restricci\u00f3n del uso de pl\u00e1stico: \u00bfUna verdadera soluci\u00f3n?"},"content":{"rendered":"\n<p style=\"font-size:17px;text-align:justify\">Actualmente, gran parte de la poblaci\u00f3n ha cambiado su perspectiva hacia el pl\u00e1stico, pues poco a poco ha sido tomado de una forma no muy agradable; esto gracias a la difusi\u00f3n de los da\u00f1os causados a la fauna por parte de los diversos medios.<\/p>\n\n\n\n<div class=\"wp-block-image\"><figure class=\"aligncenter\"><img decoding=\"async\" src=\"https:\/\/encrypted-tbn0.gstatic.com\/images?q=tbn%3AANd9GcT2C8I_dlWC4GrIlmWY3wDVaT47XehHABx4aa4jnkV_MxFZkQ3X\" alt=\"\" \/><figcaption>Fuente: <a href=\"https:\/\/geoinnova.org\/blog-territorio\/author\/geoinnova\/\">Asociaci\u00f3n Geoinnova<\/a> <\/figcaption><\/figure><\/div>\n\n\n\n<p style=\"font-size:17px;text-align:justify\">Esto ha tra\u00eddo como consecuencia que diferentes estados de la Rep\u00fablica Mexicana hayan prohibido el consumo del pl\u00e1stico.  Pero algo a considerar al tomar esta decisi\u00f3n es las consecuencias econ\u00f3micas que traer\u00e1 consigo el tomar una postura m\u00e1s amigable con el ambiente.<\/p>\n\n\n\n<div class=\"wp-block-image\"><figure class=\"aligncenter\"><img decoding=\"async\" src=\"https:\/\/encrypted-tbn0.gstatic.com\/images?q=tbn%3AANd9GcTFIg1FNYiwCO7ZM49dKS0RDTv5_c0bEBg6L5JyYqnDooq-aN9z\" alt=\"\" \/><figcaption>Fuente: Ecoosfera<\/figcaption><\/figure><\/div>\n\n\n\n<h2 class=\"wp-block-heading\"><strong>\u00bfQu\u00e9 pasar\u00eda si el pl\u00e1stico dejara de existir en M\u00e9xico?<\/strong><\/h2>\n\n\n\n<p style=\"font-size:17px;text-align:justify\">Inicialmente, m\u00e1s de un mill\u00f3n de personas perder\u00edan sus empleos, esto generar\u00eda una perdida del 3.5% del PIB (Producto Interno Bruto); pues se tendr\u00eda que terminar con al menos 4100 empresas nacionales relacionadas a la producci\u00f3n del pl\u00e1stico, estas aportan 30,000 millones de d\u00f3lares a la econom\u00eda mexicana. Posteriormente, se afectar\u00eda a miles de comerciantes relacionados a dicho producto.<\/p>\n\n\n\n<div class=\"wp-block-image\"><figure class=\"aligncenter\"><img decoding=\"async\" src=\"https:\/\/encrypted-tbn0.gstatic.com\/images?q=tbn%3AANd9GcQQUdyjOO1VmCuGt--sDlSdRoIoQLLRcSwqmIVdKjH3-vNvhFAh\" alt=\"\" \/><figcaption>Fuente: Xataka M\u00e9xico<\/figcaption><\/figure><\/div>\n\n\n\n<p style=\"font-size:17px;text-align:justify\">As\u00ed mismo, se supone otra consecuencia en torno al manejo de desechos; pues millones de mexicanos se quedar\u00edan sin medio de empaque para la basura, generando dificultades en el transporte de la misma.<\/p>\n\n\n\n<h2 class=\"wp-block-heading\"><strong>\u00bfRealmente se genera un cambio al prohibir el uso del pl\u00e1stico?<\/strong><\/h2>\n\n\n\n<p style=\"font-size:17px;text-align:justify\">Si se toma el caso concreto de las bolsas de pl\u00e1stico, se debe tomar en cuenta que estas deber\u00e1n ser sustituidas por algo m\u00e1s; si el sustituto fueran cajas de cart\u00f3n, se debe tener en cuenta que esto implicar\u00eda un aumento considerable en los indices de la tala de \u00e1rboles, generando a su vez un mayor consumo de agua.<\/p>\n\n\n\n<div class=\"wp-block-image\"><figure class=\"aligncenter\"><img decoding=\"async\" src=\"https:\/\/encrypted-tbn0.gstatic.com\/images?q=tbn%3AANd9GcRJSvRWhoe7yUUsEk5Puk2CbHVMlWexqQ3A32VU0Ocay_o2s8EB\" alt=\"\" \/><figcaption>Fuente: Eltiempo.es<\/figcaption><\/figure><\/div>\n\n\n\n<p style=\"font-size:17px;text-align:justify\">Se estima que el 97% de las personas en M\u00e9xico le dan un doble uso a las bolsas de pl\u00e1stico, mientras que las bolsas de papel son usadas solo una vez.<br>De igual manera, aumentar\u00eda el uso de metales y envases de vidrio, pero a su vez la extracci\u00f3n de minerales escasos y el transporte de dichos envases requiere de un mayor consumo de energ\u00eda.<\/p>\n\n\n\n<figure class=\"wp-block-image\"><img decoding=\"async\" src=\"https:\/\/encrypted-tbn0.gstatic.com\/images?q=tbn%3AANd9GcRPrsdIDW1bHgEUftwN1aR-uZJ47Bv7LzVzHF_-9nv6XGbIe6kM\" alt=\"\" \/><figcaption>Fuente: OVACEN<\/figcaption><\/figure>\n\n\n\n<h2 class=\"wp-block-heading\"><strong>\u00bfCu\u00e1l es el verdadero problema?<\/strong><\/h2>\n\n\n\n<p style=\"font-size:17px;text-align:justify\">Al analizar el empleo del pl\u00e1stico y sus consecuencias se suele llegar a la conclusi\u00f3n de que el problema real no es el pl\u00e1stico en s\u00ed mismo, sino el uso desmedido que se le ha dado en los \u00faltimos a\u00f1os.<\/p>\n\n\n\n<p style=\"font-size:17px;text-align:justify\">Por esto se sugiere que una soluci\u00f3n no sea la erradicaci\u00f3n completa de dicho material, sino optar por reusarlo; pues se trata de un material 100% reciclable que no requiere de la tala de arboles para su producci\u00f3n, generando una disminuci\u00f3n en la emisi\u00f3n de gases de invernaderos y en el consumo de agua.<\/p>\n\n\n\n<p style=\"font-size:17px;text-align:justify\">De igual manera, el manejo de el pl\u00e1stico como desecho es parte de la problem\u00e1tica, pues este termina en los oc\u00e9anos la mayor parte de las veces. Aunque este es solo uno de los pocos desechos que tienen este fin, pues tambi\u00e9n existen muchos m\u00e1s tales como  pa\u00f1ales, toallas femeninas, bater\u00edas, cigarros. <\/p>\n\n\n\n<div class=\"wp-block-image\"><figure class=\"aligncenter\"><img decoding=\"async\" src=\"https:\/\/encrypted-tbn0.gstatic.com\/images?q=tbn%3AANd9GcS7vkfc3vBQgBigPuuLh3ZEkRhxz59Otj1Rnoz5V9X5hByO241X\" alt=\"\" \/><figcaption>Fuente: Ecoticas<\/figcaption><\/figure><\/div>\n\n\n\n<h2 class=\"wp-block-heading\"><strong>\u00bfCu\u00e1l ser\u00eda la soluci\u00f3n?<\/strong><\/h2>\n\n\n\n<p style=\"font-size:17px;text-align:justify\">Gran parte de la soluci\u00f3n radica en darle un mejor manejo a todos los desechos, y no solo usar al pl\u00e1stico como chivo expiatorio como parte de las diversas campa\u00f1as ecol\u00f3gicas. <br>Este proceso no solo es responsabilidad de los basureros municipales o sus similares, ni se soluciona con solo separar la basura. Esto va m\u00e1s a una cuesti\u00f3n de cultura, en la que la sociedad se vuelve irresponsable despu\u00e9s de haber hecho uso de diversos productos y se desentiende del proceso este seguir\u00e1 una vez est\u00e9 fuera de sus manos.<\/p>\n\n\n\n<p style=\"font-size:17px;text-align:justify\">Es por esto que se invita al lector a analizar m\u00e1s all\u00e1 del uso de pl\u00e1stico, sino observar las conductas de consumo individuales y ver como estas impactan los desechos que salen de nuestros hogares.<\/p>\n\n\n\n<div class=\"wp-block-image\"><figure class=\"aligncenter\"><img decoding=\"async\" src=\"https:\/\/encrypted-tbn0.gstatic.com\/images?q=tbn%3AANd9GcQrQS692EBDIhCAIpv8SXoixVn4Gfx0fT3olukyUJr6qT-0AMM_\" alt=\"\" \/><figcaption>Fuente: Green Drinks C\u00f3rdoba<\/figcaption><\/figure><\/div>\n\n\n\n<figure class=\"wp-block-image\"><img loading=\"lazy\" decoding=\"async\" width=\"1024\" height=\"821\" src=\"https:\/\/blogs.uninter.edu.mx\/ENDECS\/wp-content\/uploads\/2019\/09\/LOGO-Transparente-1024x821.png\" alt=\"ENDECS\" class=\"wp-image-911\" srcset=\"https:\/\/blogs.uninter.edu.mx\/ENDECS\/wp-content\/uploads\/2019\/09\/LOGO-Transparente-1024x821.png 1024w, https:\/\/blogs.uninter.edu.mx\/ENDECS\/wp-content\/uploads\/2019\/09\/LOGO-Transparente-300x241.png 300w, https:\/\/blogs.uninter.edu.mx\/ENDECS\/wp-content\/uploads\/2019\/09\/LOGO-Transparente-768x616.png 768w, https:\/\/blogs.uninter.edu.mx\/ENDECS\/wp-content\/uploads\/2019\/09\/LOGO-Transparente.png 1486w\" sizes=\"auto, (max-width: 1024px) 100vw, 1024px\" \/><figcaption><a href=\"http:\/\/ https:\/\/blogs.uninter.edu.mx\/ENDECS\/\">http:\/\/ https:\/\/blogs.uninter.edu.mx\/ENDECS\/ <\/a><\/figcaption><\/figure>\n","protected":false},"excerpt":{"rendered":"<p>\u00bfEs la prohibici\u00f3n del pl\u00e1stico de un solo uso una soluci\u00f3n a los problemas ecol\u00f3gicos? \u00bfCu\u00e1les son los efectos econ\u00f3micos que tendr\u00e1 a nivel nacional?<\/p>\n","protected":false},"author":10,"featured_media":1130,"comment_status":"open","ping_status":"open","sticky":false,"template":"","format":"standard","meta":{"_jetpack_memberships_contains_paid_content":false,"footnotes":"","jetpack_publicize_message":"","jetpack_publicize_feature_enabled":true,"jetpack_social_post_already_shared":true,"jetpack_social_options":{"image_generator_settings":{"template":"highway","default_image_id":0,"font":"","enabled":false},"version":2}},"categories":[1,30],"tags":[21,242,22,23,241],"class_list":["post-1129","post","type-post","status-publish","format-standard","has-post-thumbnail","hentry","category-endecs","category-investigaciones","tag-endecs","tag-medio-ambiente","tag-uninter","tag-universidad-internacional","tag-uso-del-pastico"],"yoast_head":"<!-- This site is optimized with the Yoast SEO plugin v26.0 - https:\/\/yoast.com\/wordpress\/plugins\/seo\/ -->\r\n<title>Restricci\u00f3n del uso de pl\u00e1stico: \u00bfUna verdadera soluci\u00f3n? - ENDECS<\/title>\r\n<meta name=\"description\" content=\"\u00bfEs la prohibici\u00f3n del pl\u00e1stico de un solo uso una soluci\u00f3n a los problemas ecol\u00f3gicos? \u00bfCu\u00e1les son los efectos econ\u00f3micos a nivel nacional?\" \/>\r\n<meta name=\"robots\" content=\"index, follow, max-snippet:-1, max-image-preview:large, max-video-preview:-1\" \/>\r\n<link rel=\"canonical\" href=\"https:\/\/blogs.uninter.edu.mx\/ENDECS\/index.php\/2019\/11\/13\/la-importancia-del-plastico\/\" \/>\r\n<meta property=\"og:locale\" content=\"es_MX\" \/>\r\n<meta property=\"og:type\" content=\"article\" \/>\r\n<meta property=\"og:title\" content=\"Restricci\u00f3n del uso de pl\u00e1stico: \u00bfUna verdadera soluci\u00f3n? - ENDECS\" \/>\r\n<meta property=\"og:description\" content=\"\u00bfEs la prohibici\u00f3n del pl\u00e1stico de un solo uso una soluci\u00f3n a los problemas ecol\u00f3gicos? \u00bfCu\u00e1les son los efectos econ\u00f3micos a nivel nacional?\" \/>\r\n<meta property=\"og:url\" content=\"https:\/\/blogs.uninter.edu.mx\/ENDECS\/index.php\/2019\/11\/13\/la-importancia-del-plastico\/\" \/>\r\n<meta property=\"og:site_name\" content=\"ENDECS\" \/>\r\n<meta property=\"article:published_time\" content=\"2019-11-13T23:46:56+00:00\" \/>\r\n<meta property=\"article:modified_time\" content=\"2019-11-13T23:47:02+00:00\" \/>\r\n<meta property=\"og:image\" content=\"https:\/\/blogs.uninter.edu.mx\/ENDECS\/wp-content\/uploads\/2019\/11\/plastico.jpg\" \/>\r\n\t<meta property=\"og:image:width\" content=\"774\" \/>\r\n\t<meta property=\"og:image:height\" content=\"396\" \/>\r\n\t<meta property=\"og:image:type\" content=\"image\/jpeg\" \/>\r\n<meta name=\"author\" content=\"Ldelvalle\" \/>\r\n<meta name=\"twitter:card\" content=\"summary_large_image\" \/>\r\n<meta name=\"twitter:label1\" content=\"Escrito por\" \/>\n\t<meta name=\"twitter:data1\" content=\"Ldelvalle\" \/>\n\t<meta name=\"twitter:label2\" content=\"Tiempo de lectura\" \/>\n\t<meta name=\"twitter:data2\" content=\"3 minutos\" \/>\r\n<script type=\"application\/ld+json\" class=\"yoast-schema-graph\">{\"@context\":\"https:\/\/schema.org\",\"@graph\":[{\"@type\":\"Article\",\"@id\":\"https:\/\/blogs.uninter.edu.mx\/ENDECS\/index.php\/2019\/11\/13\/la-importancia-del-plastico\/#article\",\"isPartOf\":{\"@id\":\"https:\/\/blogs.uninter.edu.mx\/ENDECS\/index.php\/2019\/11\/13\/la-importancia-del-plastico\/\"},\"author\":{\"name\":\"Ldelvalle\",\"@id\":\"https:\/\/blogs.uninter.edu.mx\/ENDECS\/#\/schema\/person\/97ca43ad49f1da4098be6d057658e37d\"},\"headline\":\"Restricci\u00f3n del uso de pl\u00e1stico: \u00bfUna verdadera soluci\u00f3n?\",\"datePublished\":\"2019-11-13T23:46:56+00:00\",\"dateModified\":\"2019-11-13T23:47:02+00:00\",\"mainEntityOfPage\":{\"@id\":\"https:\/\/blogs.uninter.edu.mx\/ENDECS\/index.php\/2019\/11\/13\/la-importancia-del-plastico\/\"},\"wordCount\":702,\"commentCount\":0,\"publisher\":{\"@id\":\"https:\/\/blogs.uninter.edu.mx\/ENDECS\/#organization\"},\"image\":{\"@id\":\"https:\/\/blogs.uninter.edu.mx\/ENDECS\/index.php\/2019\/11\/13\/la-importancia-del-plastico\/#primaryimage\"},\"thumbnailUrl\":\"https:\/\/blogs.uninter.edu.mx\/ENDECS\/wp-content\/uploads\/2019\/11\/plastico.jpg\",\"keywords\":[\"ENDECS\",\"Medio ambiente\",\"UNINTER\",\"Universidad Internacional\",\"Uso del p\u00e1stico\"],\"articleSection\":[\"ENDECS\",\"Investigaciones\"],\"inLanguage\":\"es\",\"potentialAction\":[{\"@type\":\"CommentAction\",\"name\":\"Comment\",\"target\":[\"https:\/\/blogs.uninter.edu.mx\/ENDECS\/index.php\/2019\/11\/13\/la-importancia-del-plastico\/#respond\"]}]},{\"@type\":\"WebPage\",\"@id\":\"https:\/\/blogs.uninter.edu.mx\/ENDECS\/index.php\/2019\/11\/13\/la-importancia-del-plastico\/\",\"url\":\"https:\/\/blogs.uninter.edu.mx\/ENDECS\/index.php\/2019\/11\/13\/la-importancia-del-plastico\/\",\"name\":\"Restricci\u00f3n del uso de pl\u00e1stico: \u00bfUna verdadera soluci\u00f3n? - ENDECS\",\"isPartOf\":{\"@id\":\"https:\/\/blogs.uninter.edu.mx\/ENDECS\/#website\"},\"primaryImageOfPage\":{\"@id\":\"https:\/\/blogs.uninter.edu.mx\/ENDECS\/index.php\/2019\/11\/13\/la-importancia-del-plastico\/#primaryimage\"},\"image\":{\"@id\":\"https:\/\/blogs.uninter.edu.mx\/ENDECS\/index.php\/2019\/11\/13\/la-importancia-del-plastico\/#primaryimage\"},\"thumbnailUrl\":\"https:\/\/blogs.uninter.edu.mx\/ENDECS\/wp-content\/uploads\/2019\/11\/plastico.jpg\",\"datePublished\":\"2019-11-13T23:46:56+00:00\",\"dateModified\":\"2019-11-13T23:47:02+00:00\",\"description\":\"\u00bfEs la prohibici\u00f3n del pl\u00e1stico de un solo uso una soluci\u00f3n a los problemas ecol\u00f3gicos? \u00bfCu\u00e1les son los efectos econ\u00f3micos a nivel nacional?\",\"breadcrumb\":{\"@id\":\"https:\/\/blogs.uninter.edu.mx\/ENDECS\/index.php\/2019\/11\/13\/la-importancia-del-plastico\/#breadcrumb\"},\"inLanguage\":\"es\",\"potentialAction\":[{\"@type\":\"ReadAction\",\"target\":[\"https:\/\/blogs.uninter.edu.mx\/ENDECS\/index.php\/2019\/11\/13\/la-importancia-del-plastico\/\"]}]},{\"@type\":\"ImageObject\",\"inLanguage\":\"es\",\"@id\":\"https:\/\/blogs.uninter.edu.mx\/ENDECS\/index.php\/2019\/11\/13\/la-importancia-del-plastico\/#primaryimage\",\"url\":\"https:\/\/blogs.uninter.edu.mx\/ENDECS\/wp-content\/uploads\/2019\/11\/plastico.jpg\",\"contentUrl\":\"https:\/\/blogs.uninter.edu.mx\/ENDECS\/wp-content\/uploads\/2019\/11\/plastico.jpg\",\"width\":774,\"height\":396},{\"@type\":\"BreadcrumbList\",\"@id\":\"https:\/\/blogs.uninter.edu.mx\/ENDECS\/index.php\/2019\/11\/13\/la-importancia-del-plastico\/#breadcrumb\",\"itemListElement\":[{\"@type\":\"ListItem\",\"position\":1,\"name\":\"Inicio\",\"item\":\"https:\/\/blogs.uninter.edu.mx\/ENDECS\/\"},{\"@type\":\"ListItem\",\"position\":2,\"name\":\"Restricci\u00f3n del uso de pl\u00e1stico: \u00bfUna verdadera soluci\u00f3n?\"}]},{\"@type\":\"WebSite\",\"@id\":\"https:\/\/blogs.uninter.edu.mx\/ENDECS\/#website\",\"url\":\"https:\/\/blogs.uninter.edu.mx\/ENDECS\/\",\"name\":\"ENDECS\",\"description\":\"Escuela de Negocios Derecho y Ciencias Sociales\",\"publisher\":{\"@id\":\"https:\/\/blogs.uninter.edu.mx\/ENDECS\/#organization\"},\"potentialAction\":[{\"@type\":\"SearchAction\",\"target\":{\"@type\":\"EntryPoint\",\"urlTemplate\":\"https:\/\/blogs.uninter.edu.mx\/ENDECS\/?s={search_term_string}\"},\"query-input\":{\"@type\":\"PropertyValueSpecification\",\"valueRequired\":true,\"valueName\":\"search_term_string\"}}],\"inLanguage\":\"es\"},{\"@type\":\"Organization\",\"@id\":\"https:\/\/blogs.uninter.edu.mx\/ENDECS\/#organization\",\"name\":\"ENDECS - UNINTER\",\"url\":\"https:\/\/blogs.uninter.edu.mx\/ENDECS\/\",\"logo\":{\"@type\":\"ImageObject\",\"inLanguage\":\"es\",\"@id\":\"https:\/\/blogs.uninter.edu.mx\/ENDECS\/#\/schema\/logo\/image\/\",\"url\":\"https:\/\/blogs.uninter.edu.mx\/ENDECS\/wp-content\/uploads\/2019\/06\/Blog-ENDECS.jpg\",\"contentUrl\":\"https:\/\/blogs.uninter.edu.mx\/ENDECS\/wp-content\/uploads\/2019\/06\/Blog-ENDECS.jpg\",\"width\":1020,\"height\":317,\"caption\":\"ENDECS - UNINTER\"},\"image\":{\"@id\":\"https:\/\/blogs.uninter.edu.mx\/ENDECS\/#\/schema\/logo\/image\/\"}},{\"@type\":\"Person\",\"@id\":\"https:\/\/blogs.uninter.edu.mx\/ENDECS\/#\/schema\/person\/97ca43ad49f1da4098be6d057658e37d\",\"name\":\"Ldelvalle\",\"image\":{\"@type\":\"ImageObject\",\"inLanguage\":\"es\",\"@id\":\"https:\/\/blogs.uninter.edu.mx\/ENDECS\/#\/schema\/person\/image\/\",\"url\":\"https:\/\/secure.gravatar.com\/avatar\/499a46f05e3934f48bb5380318572e8a1b0351da9478f4c0d5976cf9bb96dbf3?s=96&d=mm&r=g\",\"contentUrl\":\"https:\/\/secure.gravatar.com\/avatar\/499a46f05e3934f48bb5380318572e8a1b0351da9478f4c0d5976cf9bb96dbf3?s=96&d=mm&r=g\",\"caption\":\"Ldelvalle\"},\"url\":\"https:\/\/blogs.uninter.edu.mx\/ENDECS\/index.php\/author\/ldelvalle\/\"}]}<\/script>\r\n<!-- \/ Yoast SEO plugin. -->","yoast_head_json":{"title":"Restricci\u00f3n del uso de pl\u00e1stico: \u00bfUna verdadera soluci\u00f3n? - ENDECS","description":"\u00bfEs la prohibici\u00f3n del pl\u00e1stico de un solo uso una soluci\u00f3n a los problemas ecol\u00f3gicos? \u00bfCu\u00e1les son los efectos econ\u00f3micos a nivel nacional?","robots":{"index":"index","follow":"follow","max-snippet":"max-snippet:-1","max-image-preview":"max-image-preview:large","max-video-preview":"max-video-preview:-1"},"canonical":"https:\/\/blogs.uninter.edu.mx\/ENDECS\/index.php\/2019\/11\/13\/la-importancia-del-plastico\/","og_locale":"es_MX","og_type":"article","og_title":"Restricci\u00f3n del uso de pl\u00e1stico: \u00bfUna verdadera soluci\u00f3n? - ENDECS","og_description":"\u00bfEs la prohibici\u00f3n del pl\u00e1stico de un solo uso una soluci\u00f3n a los problemas ecol\u00f3gicos? \u00bfCu\u00e1les son los efectos econ\u00f3micos a nivel nacional?","og_url":"https:\/\/blogs.uninter.edu.mx\/ENDECS\/index.php\/2019\/11\/13\/la-importancia-del-plastico\/","og_site_name":"ENDECS","article_published_time":"2019-11-13T23:46:56+00:00","article_modified_time":"2019-11-13T23:47:02+00:00","og_image":[{"width":774,"height":396,"url":"https:\/\/blogs.uninter.edu.mx\/ENDECS\/wp-content\/uploads\/2019\/11\/plastico.jpg","type":"image\/jpeg"}],"author":"Ldelvalle","twitter_card":"summary_large_image","twitter_misc":{"Escrito por":"Ldelvalle","Tiempo de lectura":"3 minutos"},"schema":{"@context":"https:\/\/schema.org","@graph":[{"@type":"Article","@id":"https:\/\/blogs.uninter.edu.mx\/ENDECS\/index.php\/2019\/11\/13\/la-importancia-del-plastico\/#article","isPartOf":{"@id":"https:\/\/blogs.uninter.edu.mx\/ENDECS\/index.php\/2019\/11\/13\/la-importancia-del-plastico\/"},"author":{"name":"Ldelvalle","@id":"https:\/\/blogs.uninter.edu.mx\/ENDECS\/#\/schema\/person\/97ca43ad49f1da4098be6d057658e37d"},"headline":"Restricci\u00f3n del uso de pl\u00e1stico: \u00bfUna verdadera soluci\u00f3n?","datePublished":"2019-11-13T23:46:56+00:00","dateModified":"2019-11-13T23:47:02+00:00","mainEntityOfPage":{"@id":"https:\/\/blogs.uninter.edu.mx\/ENDECS\/index.php\/2019\/11\/13\/la-importancia-del-plastico\/"},"wordCount":702,"commentCount":0,"publisher":{"@id":"https:\/\/blogs.uninter.edu.mx\/ENDECS\/#organization"},"image":{"@id":"https:\/\/blogs.uninter.edu.mx\/ENDECS\/index.php\/2019\/11\/13\/la-importancia-del-plastico\/#primaryimage"},"thumbnailUrl":"https:\/\/blogs.uninter.edu.mx\/ENDECS\/wp-content\/uploads\/2019\/11\/plastico.jpg","keywords":["ENDECS","Medio ambiente","UNINTER","Universidad Internacional","Uso del p\u00e1stico"],"articleSection":["ENDECS","Investigaciones"],"inLanguage":"es","potentialAction":[{"@type":"CommentAction","name":"Comment","target":["https:\/\/blogs.uninter.edu.mx\/ENDECS\/index.php\/2019\/11\/13\/la-importancia-del-plastico\/#respond"]}]},{"@type":"WebPage","@id":"https:\/\/blogs.uninter.edu.mx\/ENDECS\/index.php\/2019\/11\/13\/la-importancia-del-plastico\/","url":"https:\/\/blogs.uninter.edu.mx\/ENDECS\/index.php\/2019\/11\/13\/la-importancia-del-plastico\/","name":"Restricci\u00f3n del uso de pl\u00e1stico: \u00bfUna verdadera soluci\u00f3n? - ENDECS","isPartOf":{"@id":"https:\/\/blogs.uninter.edu.mx\/ENDECS\/#website"},"primaryImageOfPage":{"@id":"https:\/\/blogs.uninter.edu.mx\/ENDECS\/index.php\/2019\/11\/13\/la-importancia-del-plastico\/#primaryimage"},"image":{"@id":"https:\/\/blogs.uninter.edu.mx\/ENDECS\/index.php\/2019\/11\/13\/la-importancia-del-plastico\/#primaryimage"},"thumbnailUrl":"https:\/\/blogs.uninter.edu.mx\/ENDECS\/wp-content\/uploads\/2019\/11\/plastico.jpg","datePublished":"2019-11-13T23:46:56+00:00","dateModified":"2019-11-13T23:47:02+00:00","description":"\u00bfEs la prohibici\u00f3n del pl\u00e1stico de un solo uso una soluci\u00f3n a los problemas ecol\u00f3gicos? \u00bfCu\u00e1les son los efectos econ\u00f3micos a nivel nacional?","breadcrumb":{"@id":"https:\/\/blogs.uninter.edu.mx\/ENDECS\/index.php\/2019\/11\/13\/la-importancia-del-plastico\/#breadcrumb"},"inLanguage":"es","potentialAction":[{"@type":"ReadAction","target":["https:\/\/blogs.uninter.edu.mx\/ENDECS\/index.php\/2019\/11\/13\/la-importancia-del-plastico\/"]}]},{"@type":"ImageObject","inLanguage":"es","@id":"https:\/\/blogs.uninter.edu.mx\/ENDECS\/index.php\/2019\/11\/13\/la-importancia-del-plastico\/#primaryimage","url":"https:\/\/blogs.uninter.edu.mx\/ENDECS\/wp-content\/uploads\/2019\/11\/plastico.jpg","contentUrl":"https:\/\/blogs.uninter.edu.mx\/ENDECS\/wp-content\/uploads\/2019\/11\/plastico.jpg","width":774,"height":396},{"@type":"BreadcrumbList","@id":"https:\/\/blogs.uninter.edu.mx\/ENDECS\/index.php\/2019\/11\/13\/la-importancia-del-plastico\/#breadcrumb","itemListElement":[{"@type":"ListItem","position":1,"name":"Inicio","item":"https:\/\/blogs.uninter.edu.mx\/ENDECS\/"},{"@type":"ListItem","position":2,"name":"Restricci\u00f3n del uso de pl\u00e1stico: \u00bfUna verdadera soluci\u00f3n?"}]},{"@type":"WebSite","@id":"https:\/\/blogs.uninter.edu.mx\/ENDECS\/#website","url":"https:\/\/blogs.uninter.edu.mx\/ENDECS\/","name":"ENDECS","description":"Escuela de Negocios Derecho y Ciencias Sociales","publisher":{"@id":"https:\/\/blogs.uninter.edu.mx\/ENDECS\/#organization"},"potentialAction":[{"@type":"SearchAction","target":{"@type":"EntryPoint","urlTemplate":"https:\/\/blogs.uninter.edu.mx\/ENDECS\/?s={search_term_string}"},"query-input":{"@type":"PropertyValueSpecification","valueRequired":true,"valueName":"search_term_string"}}],"inLanguage":"es"},{"@type":"Organization","@id":"https:\/\/blogs.uninter.edu.mx\/ENDECS\/#organization","name":"ENDECS - UNINTER","url":"https:\/\/blogs.uninter.edu.mx\/ENDECS\/","logo":{"@type":"ImageObject","inLanguage":"es","@id":"https:\/\/blogs.uninter.edu.mx\/ENDECS\/#\/schema\/logo\/image\/","url":"https:\/\/blogs.uninter.edu.mx\/ENDECS\/wp-content\/uploads\/2019\/06\/Blog-ENDECS.jpg","contentUrl":"https:\/\/blogs.uninter.edu.mx\/ENDECS\/wp-content\/uploads\/2019\/06\/Blog-ENDECS.jpg","width":1020,"height":317,"caption":"ENDECS - UNINTER"},"image":{"@id":"https:\/\/blogs.uninter.edu.mx\/ENDECS\/#\/schema\/logo\/image\/"}},{"@type":"Person","@id":"https:\/\/blogs.uninter.edu.mx\/ENDECS\/#\/schema\/person\/97ca43ad49f1da4098be6d057658e37d","name":"Ldelvalle","image":{"@type":"ImageObject","inLanguage":"es","@id":"https:\/\/blogs.uninter.edu.mx\/ENDECS\/#\/schema\/person\/image\/","url":"https:\/\/secure.gravatar.com\/avatar\/499a46f05e3934f48bb5380318572e8a1b0351da9478f4c0d5976cf9bb96dbf3?s=96&d=mm&r=g","contentUrl":"https:\/\/secure.gravatar.com\/avatar\/499a46f05e3934f48bb5380318572e8a1b0351da9478f4c0d5976cf9bb96dbf3?s=96&d=mm&r=g","caption":"Ldelvalle"},"url":"https:\/\/blogs.uninter.edu.mx\/ENDECS\/index.php\/author\/ldelvalle\/"}]}},"jetpack_publicize_connections":[],"jetpack_featured_media_url":"https:\/\/blogs.uninter.edu.mx\/ENDECS\/wp-content\/uploads\/2019\/11\/plastico.jpg","jetpack_sharing_enabled":true,"_links":{"self":[{"href":"https:\/\/blogs.uninter.edu.mx\/ENDECS\/index.php\/wp-json\/wp\/v2\/posts\/1129","targetHints":{"allow":["GET"]}}],"collection":[{"href":"https:\/\/blogs.uninter.edu.mx\/ENDECS\/index.php\/wp-json\/wp\/v2\/posts"}],"about":[{"href":"https:\/\/blogs.uninter.edu.mx\/ENDECS\/index.php\/wp-json\/wp\/v2\/types\/post"}],"author":[{"embeddable":true,"href":"https:\/\/blogs.uninter.edu.mx\/ENDECS\/index.php\/wp-json\/wp\/v2\/users\/10"}],"replies":[{"embeddable":true,"href":"https:\/\/blogs.uninter.edu.mx\/ENDECS\/index.php\/wp-json\/wp\/v2\/comments?post=1129"}],"version-history":[{"count":1,"href":"https:\/\/blogs.uninter.edu.mx\/ENDECS\/index.php\/wp-json\/wp\/v2\/posts\/1129\/revisions"}],"predecessor-version":[{"id":1131,"href":"https:\/\/blogs.uninter.edu.mx\/ENDECS\/index.php\/wp-json\/wp\/v2\/posts\/1129\/revisions\/1131"}],"wp:featuredmedia":[{"embeddable":true,"href":"https:\/\/blogs.uninter.edu.mx\/ENDECS\/index.php\/wp-json\/wp\/v2\/media\/1130"}],"wp:attachment":[{"href":"https:\/\/blogs.uninter.edu.mx\/ENDECS\/index.php\/wp-json\/wp\/v2\/media?parent=1129"}],"wp:term":[{"taxonomy":"category","embeddable":true,"href":"https:\/\/blogs.uninter.edu.mx\/ENDECS\/index.php\/wp-json\/wp\/v2\/categories?post=1129"},{"taxonomy":"post_tag","embeddable":true,"href":"https:\/\/blogs.uninter.edu.mx\/ENDECS\/index.php\/wp-json\/wp\/v2\/tags?post=1129"}],"curies":[{"name":"wp","href":"https:\/\/api.w.org\/{rel}","templated":true}]}}