{"id":1190,"date":"2020-01-11T15:00:58","date_gmt":"2020-01-11T21:00:58","guid":{"rendered":"https:\/\/blogs.uninter.edu.mx\/ENDECS\/?p=1190"},"modified":"2020-01-16T14:42:36","modified_gmt":"2020-01-16T20:42:36","slug":"excursion-a-centro-de-estudios-superiores-navales-onu-habitat-y-congreso-de-la-union","status":"publish","type":"post","link":"https:\/\/blogs.uninter.edu.mx\/ENDECS\/index.php\/2020\/01\/11\/excursion-a-centro-de-estudios-superiores-navales-onu-habitat-y-congreso-de-la-union\/","title":{"rendered":"Excursi\u00f3n a Centro de Estudios Superiores Navales; ONU H\u00e1bitat y Congreso de la Uni\u00f3n."},"content":{"rendered":"\n<figure class=\"wp-block-image\"><a href=\"https:\/\/uninter.edu.mx\/\" target=\"_blank\" rel=\"noreferrer noopener\"><img loading=\"lazy\" decoding=\"async\" width=\"720\" height=\"109\" src=\"https:\/\/blogs.uninter.edu.mx\/ENDECS\/wp-content\/uploads\/2019\/07\/Imagen1.gif\" alt=\"LOGO UI\" class=\"wp-image-446\"\/><\/a><\/figure>\n\n\n\n<p style=\"text-align:justify\">Alumnos de la Licenciatura en <a rel=\"noreferrer noopener\" aria-label=\"Derecho (opens in a new tab)\" href=\"https:\/\/universidad.uninter.edu.mx\/carreras\/LED\" target=\"_blank\">Derecho<\/a> y <a rel=\"noreferrer noopener\" aria-label=\"Ciencias Pol\u00edticas y Gesti\u00f3n P\u00fablica (opens in a new tab)\" href=\"https:\/\/universidad.uninter.edu.mx\/carreras\/LCP\" target=\"_blank\">Ciencias Pol\u00edticas y Gesti\u00f3n P\u00fablica<\/a> de la Universidad Internacional, realizaron una visita acad\u00e9mica a diversas instituciones que son indispensables para su crecimiento tanto acad\u00e9mico como profesional. Actividad realizada dentro del curso denominado: Derecho Municipal. Acompa\u00f1ados de nuestro docente <strong>Pablo Aguilar<\/strong>.<\/p>\n\n\n\n<figure class=\"wp-block-image\"><img loading=\"lazy\" decoding=\"async\" width=\"960\" height=\"840\" src=\"https:\/\/blogs.uninter.edu.mx\/ENDECS\/wp-content\/uploads\/2019\/11\/Marina-5.jpg\" alt=\"Centro de Estudios Superiores Navales\" class=\"wp-image-1191\" srcset=\"https:\/\/blogs.uninter.edu.mx\/ENDECS\/wp-content\/uploads\/2019\/11\/Marina-5.jpg 960w, https:\/\/blogs.uninter.edu.mx\/ENDECS\/wp-content\/uploads\/2019\/11\/Marina-5-300x263.jpg 300w, https:\/\/blogs.uninter.edu.mx\/ENDECS\/wp-content\/uploads\/2019\/11\/Marina-5-768x672.jpg 768w\" sizes=\"auto, (max-width: 960px) 100vw, 960px\" \/><\/figure>\n\n\n\n<h5 class=\"wp-block-heading\" style=\"text-align:center\">Los lugares que fueron visitados por nuestros estudiantes en su excursi\u00f3n: <strong><a rel=\"noreferrer noopener\" href=\"https:\/\/cesnav.uninav.edu.mx\/cesnav\/index_inicio.html\" target=\"_blank\">CESNAV<\/a>, <a rel=\"noreferrer noopener\" href=\"https:\/\/www.onuhabitat.org.mx\/\" target=\"_blank\">ONU H\u00e1bitat <\/a>y <a rel=\"noreferrer noopener\" href=\"http:\/\/www.congreso.gob.mx\/\" target=\"_blank\">Congreso de la Uni\u00f3n<\/a>. <\/strong> <\/h5>\n\n\n\n<p style=\"text-align:justify\">El <strong>Centro de Estudios Superiores Navales<\/strong> (<em>CESNAV<\/em>) es un centro educativo naval que imparte estudios de postgrado, relacionados con las operaciones navales y la seguridad y defensa nacional al personal de la Armada de M\u00e9xico.<\/p>\n\n\n\n<figure class=\"wp-block-image\"><img loading=\"lazy\" decoding=\"async\" width=\"960\" height=\"544\" src=\"https:\/\/blogs.uninter.edu.mx\/ENDECS\/wp-content\/uploads\/2019\/11\/Marina-3.jpg\" alt=\"Visita al Centro de Estudios Superiores Navales\" class=\"wp-image-1192\" srcset=\"https:\/\/blogs.uninter.edu.mx\/ENDECS\/wp-content\/uploads\/2019\/11\/Marina-3.jpg 960w, https:\/\/blogs.uninter.edu.mx\/ENDECS\/wp-content\/uploads\/2019\/11\/Marina-3-300x170.jpg 300w, https:\/\/blogs.uninter.edu.mx\/ENDECS\/wp-content\/uploads\/2019\/11\/Marina-3-768x435.jpg 768w, https:\/\/blogs.uninter.edu.mx\/ENDECS\/wp-content\/uploads\/2019\/11\/Marina-3-220x126.jpg 220w, https:\/\/blogs.uninter.edu.mx\/ENDECS\/wp-content\/uploads\/2019\/11\/Marina-3-460x260.jpg 460w\" sizes=\"auto, (max-width: 960px) 100vw, 960px\" \/><\/figure>\n\n\n\n<p style=\"text-align:justify\">El<a rel=\"noreferrer noopener\" aria-label=\"El Centro de Estudios Superiores Navales (opens in a new tab)\" href=\"https:\/\/cesnav.uninav.edu.mx\/cesnav\/index_inicio.html\" target=\"_blank\"> CESNAV<\/a> es un Establecimiento Educativo Naval que imparte estudios a nivel de posgrado relacionados con las operaciones navales. Proporciona servicios acad\u00e9micos de calidad para la preparaci\u00f3n de Almirantes, Capitanes y Oficiales de la Armada de M\u00e9xico; como especialistas, maestros y doctores que la instituci\u00f3n demanda.<\/p>\n\n\n\n<figure class=\"wp-block-image\"><img loading=\"lazy\" decoding=\"async\" width=\"960\" height=\"678\" src=\"https:\/\/blogs.uninter.edu.mx\/ENDECS\/wp-content\/uploads\/2019\/11\/Marina-4.jpg\" alt=\"Tour en el Centro de Estudios Superiores Navales\" class=\"wp-image-1194\" srcset=\"https:\/\/blogs.uninter.edu.mx\/ENDECS\/wp-content\/uploads\/2019\/11\/Marina-4.jpg 960w, https:\/\/blogs.uninter.edu.mx\/ENDECS\/wp-content\/uploads\/2019\/11\/Marina-4-300x212.jpg 300w, https:\/\/blogs.uninter.edu.mx\/ENDECS\/wp-content\/uploads\/2019\/11\/Marina-4-768x542.jpg 768w\" sizes=\"auto, (max-width: 960px) 100vw, 960px\" \/><\/figure>\n\n\n\n<p style=\"text-align:justify\">Imparte estudios de postgrado, relacionados con las operaciones navales y la seguridad y defensa nacionales; al personal de la Secretar\u00eda de Marina Armada de M\u00e9xico. Invitados militares nacionales y extranjeros, y de la Administraci\u00f3n P\u00fablica Federal.<\/p>\n\n\n\n<h2 class=\"wp-block-heading\">ONU H\u00e1bitat <\/h2>\n\n\n\n<figure class=\"wp-block-image\"><img loading=\"lazy\" decoding=\"async\" width=\"960\" height=\"752\" src=\"https:\/\/blogs.uninter.edu.mx\/ENDECS\/wp-content\/uploads\/2019\/11\/Marina-9.jpg\" alt=\"Visita a ONU Habitat \" class=\"wp-image-1195\" srcset=\"https:\/\/blogs.uninter.edu.mx\/ENDECS\/wp-content\/uploads\/2019\/11\/Marina-9.jpg 960w, https:\/\/blogs.uninter.edu.mx\/ENDECS\/wp-content\/uploads\/2019\/11\/Marina-9-300x235.jpg 300w, https:\/\/blogs.uninter.edu.mx\/ENDECS\/wp-content\/uploads\/2019\/11\/Marina-9-768x602.jpg 768w\" sizes=\"auto, (max-width: 960px) 100vw, 960px\" \/><\/figure>\n\n\n\n<p style=\"text-align:justify\">El Programa de Naciones Unidas para los Asentamientos Humanos es una agencia de las Naciones Unidas, con sede en Nairobi, que tiene el objetivo de promover ciudades y pueblos sociales y ecol\u00f3gicamente sostenibles. \u200bLa agencia fue establecida en 1978 despu\u00e9s de la conferencia H\u00e1bitat I, desarrollada en Vancouver, Canad\u00e1.<\/p>\n\n\n\n<figure class=\"wp-block-image\"><img loading=\"lazy\" decoding=\"async\" width=\"960\" height=\"538\" src=\"https:\/\/blogs.uninter.edu.mx\/ENDECS\/wp-content\/uploads\/2019\/11\/Marina-6.jpg\" alt=\"Platica en ONU Habitat \" class=\"wp-image-1196\" srcset=\"https:\/\/blogs.uninter.edu.mx\/ENDECS\/wp-content\/uploads\/2019\/11\/Marina-6.jpg 960w, https:\/\/blogs.uninter.edu.mx\/ENDECS\/wp-content\/uploads\/2019\/11\/Marina-6-300x168.jpg 300w, https:\/\/blogs.uninter.edu.mx\/ENDECS\/wp-content\/uploads\/2019\/11\/Marina-6-768x430.jpg 768w\" sizes=\"auto, (max-width: 960px) 100vw, 960px\" \/><\/figure>\n\n\n\n<p style=\"text-align:justify\">En <a rel=\"noreferrer noopener\" aria-label=\"ONU-H\u00e1bitat  (opens in a new tab)\" href=\"https:\/\/www.onuhabitat.org.mx\/\" target=\"_blank\">ONU-H\u00e1bitat <\/a>trabajan por un mejor futuro urbano. Con oficinas en m\u00e1s de 90 pa\u00edses, promueven el desarrollo de asentamientos humanos social y ambientalmente sostenibles, y se esfuerzan por lograr una mejor calidad de vida para todas las personas en las ciudades y comunidades.  <\/p>\n\n\n\n<figure class=\"wp-block-image\"><img loading=\"lazy\" decoding=\"async\" width=\"960\" height=\"698\" src=\"https:\/\/blogs.uninter.edu.mx\/ENDECS\/wp-content\/uploads\/2019\/11\/Marina-7.jpg\" alt=\"Estudiantes en ONU Habitat \" class=\"wp-image-1197\" srcset=\"https:\/\/blogs.uninter.edu.mx\/ENDECS\/wp-content\/uploads\/2019\/11\/Marina-7.jpg 960w, https:\/\/blogs.uninter.edu.mx\/ENDECS\/wp-content\/uploads\/2019\/11\/Marina-7-300x218.jpg 300w, https:\/\/blogs.uninter.edu.mx\/ENDECS\/wp-content\/uploads\/2019\/11\/Marina-7-768x558.jpg 768w\" sizes=\"auto, (max-width: 960px) 100vw, 960px\" \/><\/figure>\n\n\n\n<p style=\"text-align:justify\">En <strong>ONU-H\u00e1bitat<\/strong>, creen que las ciudades pueden resolver muchos de los desaf\u00edos que enfrenta nuestro mundo. Como centro de excelencia e innovaci\u00f3n, ayudan a los pa\u00edses y ciudades a aprovechar las oportunidades que ofrece la urbanizaci\u00f3n.<\/p>\n\n\n\n<h2 class=\"wp-block-heading\">Congreso de La Uni\u00f3n <\/h2>\n\n\n\n<figure class=\"wp-block-image\"><img loading=\"lazy\" decoding=\"async\" width=\"960\" height=\"720\" src=\"https:\/\/blogs.uninter.edu.mx\/ENDECS\/wp-content\/uploads\/2019\/11\/Marina-11.jpg\" alt=\"Visita Congreso de la Uni\u00f3n \" class=\"wp-image-1198\" srcset=\"https:\/\/blogs.uninter.edu.mx\/ENDECS\/wp-content\/uploads\/2019\/11\/Marina-11.jpg 960w, https:\/\/blogs.uninter.edu.mx\/ENDECS\/wp-content\/uploads\/2019\/11\/Marina-11-300x225.jpg 300w, https:\/\/blogs.uninter.edu.mx\/ENDECS\/wp-content\/uploads\/2019\/11\/Marina-11-768x576.jpg 768w\" sizes=\"auto, (max-width: 960px) 100vw, 960px\" \/><\/figure>\n\n\n\n<p style=\"text-align:justify\"><a rel=\"noreferrer noopener\" aria-label=\"El Congreso de la Uni\u00f3n (opens in a new tab)\" href=\"http:\/\/www.congreso.gob.mx\/\" target=\"_blank\">El Congreso de la Uni\u00f3n<\/a> es el \u00f3rgano depositario del Poder Legislativo federal de M\u00e9xico. Este se conforma por una asamblea bicameral, dividida entre el Senado (constituido por 128 integrantes) y la C\u00e1mara de Diputados, que consta de 500 legisladores.<\/p>\n\n\n\n<figure class=\"wp-block-image\"><img loading=\"lazy\" decoding=\"async\" width=\"900\" height=\"550\" src=\"https:\/\/blogs.uninter.edu.mx\/ENDECS\/wp-content\/uploads\/2019\/11\/Congreso-de-La-Uni\u00f3n-por-fuera.jpg\" alt=\"Visita al Congreso de La Uni\u00f3n\" class=\"wp-image-1199\" srcset=\"https:\/\/blogs.uninter.edu.mx\/ENDECS\/wp-content\/uploads\/2019\/11\/Congreso-de-La-Uni\u00f3n-por-fuera.jpg 900w, https:\/\/blogs.uninter.edu.mx\/ENDECS\/wp-content\/uploads\/2019\/11\/Congreso-de-La-Uni\u00f3n-por-fuera-300x183.jpg 300w, https:\/\/blogs.uninter.edu.mx\/ENDECS\/wp-content\/uploads\/2019\/11\/Congreso-de-La-Uni\u00f3n-por-fuera-768x469.jpg 768w\" sizes=\"auto, (max-width: 900px) 100vw, 900px\" \/><\/figure>\n\n\n\n<p style=\"text-align:justify\">Las obligaciones, facultades, requisitos y restricciones del aparato legislativo; principalmente la facultad exclusiva entre los poderes de la uni\u00f3n (y repartida entre las dos c\u00e1maras) para estudiar, discutir, votar y emitir las iniciativas de leyes, reglamentos, c\u00f3digos, normas y las reformas a todo ello, que se le presenten durante sus per\u00edodos de sesiones, es decir, posee la acci\u00f3n deliberativa para legislar en todos los asuntos del Estado mexicano.<\/p>\n\n\n\n<figure class=\"wp-block-image\"><img loading=\"lazy\" decoding=\"async\" width=\"720\" height=\"960\" src=\"https:\/\/blogs.uninter.edu.mx\/ENDECS\/wp-content\/uploads\/2019\/11\/Marina-2.jpg\" alt=\"Selfie de la Visita a CDMX \" class=\"wp-image-1200\" srcset=\"https:\/\/blogs.uninter.edu.mx\/ENDECS\/wp-content\/uploads\/2019\/11\/Marina-2.jpg 720w, https:\/\/blogs.uninter.edu.mx\/ENDECS\/wp-content\/uploads\/2019\/11\/Marina-2-225x300.jpg 225w\" sizes=\"auto, (max-width: 720px) 100vw, 720px\" \/><\/figure>\n\n\n\n<p style=\"text-align:justify\">Tambi\u00e9n sus deberes incluyen determinar la composici\u00f3n de la divisi\u00f3n pol\u00edtica del territorio nacional; la facultad para cambiar de sede los poderes de la uni\u00f3n; aprobar la declaratoria de guerra del Presidente; la recepci\u00f3n y glosa (an\u00e1lisis) del informe de gobierno que debe rendir el jefe del ejecutivo; entre otras. <\/p>\n\n\n\n<div class=\"wp-block-button alignleft is-style-outline is-style-outline--1\"><a class=\"wp-block-button__link\" href=\"https:\/\/blogs.uninter.edu.mx\/ENDECS\">M\u00e1s de la ENDECS<\/a><\/div>\n\n\n\n<div class=\"wp-block-button alignleft is-style-outline is-style-outline--2\"><a class=\"wp-block-button__link\" href=\"https:\/\/universidad.uninter.edu.mx\/carreras\/LED\">M\u00e1s sobre Derecho<\/a><\/div>\n\n\n\n<div class=\"wp-block-button alignleft is-style-outline is-style-outline--3\"><a class=\"wp-block-button__link\" href=\"https:\/\/blogs.uninter.edu.mx\/\">Comunidad Uninter<\/a><\/div>\n\n\n\n<figure class=\"wp-block-image\"><a href=\"https:\/\/www.facebook.com\/dacsuninter1\/\" target=\"_blank\" rel=\"noreferrer noopener\"><img loading=\"lazy\" decoding=\"async\" width=\"1020\" height=\"317\" src=\"https:\/\/blogs.uninter.edu.mx\/ENDECS\/wp-content\/uploads\/2019\/06\/Blog-ENDECS.jpg\" alt=\"Escuela de Negocios, Derecho y Ciencias Sociales\" class=\"wp-image-6\" srcset=\"https:\/\/blogs.uninter.edu.mx\/ENDECS\/wp-content\/uploads\/2019\/06\/Blog-ENDECS.jpg 1020w, https:\/\/blogs.uninter.edu.mx\/ENDECS\/wp-content\/uploads\/2019\/06\/Blog-ENDECS-300x93.jpg 300w, https:\/\/blogs.uninter.edu.mx\/ENDECS\/wp-content\/uploads\/2019\/06\/Blog-ENDECS-768x239.jpg 768w\" sizes=\"auto, (max-width: 1020px) 100vw, 1020px\" \/><\/a><figcaption><a href=\"https:\/\/www.facebook.com\/dacsuninter1\/\" target=\"_blank\" rel=\"noreferrer noopener\" aria-label=\"ENDECS (opens in a new tab)\">ENDECS<\/a><\/figcaption><\/figure>\n","protected":false},"excerpt":{"rendered":"<p>Alumnos de la Licenciatura en Derecho y Ciencias Pol\u00edticas y Gesti\u00f3n P\u00fablica de la Universidad Internacional, realizaron una visita acad\u00e9mica a diversas instituciones que son indispensables para su crecimiento tanto acad\u00e9mico como profesional. Actividad realizada dentro del curso denominado: Derecho Municipal. Acompa\u00f1ados de nuestro docente Pablo Aguilar. Los lugares que fueron visitados por nuestros estudiantes&hellip;<\/p>\n","protected":false},"author":17,"featured_media":1191,"comment_status":"open","ping_status":"open","sticky":false,"template":"","format":"standard","meta":{"_jetpack_memberships_contains_paid_content":false,"footnotes":"","jetpack_publicize_message":"","jetpack_publicize_feature_enabled":true,"jetpack_social_post_already_shared":true,"jetpack_social_options":{"image_generator_settings":{"template":"highway","default_image_id":0,"font":"","enabled":false},"version":2}},"categories":[1,5,20],"tags":[24,21,244,22,23],"class_list":["post-1190","post","type-post","status-publish","format-standard","has-post-thumbnail","hentry","category-endecs","category-estudiantes-destacados","category-profesores-destacados","tag-comunidaduninter","tag-endecs","tag-escuela-de-negocios-derecho-y-ciencias-sociales","tag-uninter","tag-universidad-internacional"],"yoast_head":"<!-- This site is optimized with the Yoast SEO plugin v26.0 - https:\/\/yoast.com\/wordpress\/plugins\/seo\/ -->\r\n<title>Excursi\u00f3n a Centro de Estudios Superiores Navales; ONU H\u00e1bitat y Congreso de la Uni\u00f3n. - ENDECS<\/title>\r\n<meta name=\"description\" content=\"Excursi\u00f3n a Centro de Estudios Superiores Navales; ONU H\u00e1bitat y Congreso de la Uni\u00f3n. Alumnos de la Licenciatura en Derecho y Ciencias Pol\u00edticas...\" \/>\r\n<meta name=\"robots\" content=\"index, follow, max-snippet:-1, max-image-preview:large, max-video-preview:-1\" \/>\r\n<link rel=\"canonical\" href=\"https:\/\/blogs.uninter.edu.mx\/ENDECS\/index.php\/2020\/01\/11\/excursion-a-centro-de-estudios-superiores-navales-onu-habitat-y-congreso-de-la-union\/\" \/>\r\n<meta property=\"og:locale\" content=\"es_MX\" \/>\r\n<meta property=\"og:type\" content=\"article\" \/>\r\n<meta property=\"og:title\" content=\"Excursi\u00f3n a CESNAV; ONU H\u00e1bitat y Congreso de la Uni\u00f3n\" \/>\r\n<meta property=\"og:description\" content=\"Alumnos de la Licenciatura en Derecho y Ciencias Pol\u00edticas y Gesti\u00f3n P\u00fablica de la Universidad Internacional, realizaron una visita acad\u00e9mica a diversas instituciones que son indispensables para su crecimiento tanto acad\u00e9mico como profesional, actividad realizada dentro del curso denominado Derecho Municipal, acompa\u00f1ados de nuestro docente Pablo Aguilar.\" \/>\r\n<meta property=\"og:url\" content=\"https:\/\/blogs.uninter.edu.mx\/ENDECS\/index.php\/2020\/01\/11\/excursion-a-centro-de-estudios-superiores-navales-onu-habitat-y-congreso-de-la-union\/\" \/>\r\n<meta property=\"og:site_name\" content=\"ENDECS\" \/>\r\n<meta property=\"article:published_time\" content=\"2020-01-11T21:00:58+00:00\" \/>\r\n<meta property=\"article:modified_time\" content=\"2020-01-16T20:42:36+00:00\" \/>\r\n<meta property=\"og:image\" content=\"https:\/\/blogs.uninter.edu.mx\/ENDECS\/wp-content\/uploads\/2019\/11\/Marina-5.jpg\" \/>\r\n\t<meta property=\"og:image:width\" content=\"960\" \/>\r\n\t<meta property=\"og:image:height\" content=\"840\" \/>\r\n\t<meta property=\"og:image:type\" content=\"image\/jpeg\" \/>\r\n<meta name=\"author\" content=\"Alexis Andrade\" \/>\r\n<meta name=\"twitter:card\" content=\"summary_large_image\" \/>\r\n<meta name=\"twitter:title\" content=\"Excursi\u00f3n a CESNAV; ONU H\u00e1bitat y Congreso de la Uni\u00f3n\" \/>\r\n<meta name=\"twitter:description\" content=\"Alumnos de la Licenciatura en Derecho y Ciencias Pol\u00edticas y Gesti\u00f3n P\u00fablica de la Universidad Internacional, realizaron una visita acad\u00e9mica a diversas instituciones que son indispensables para su crecimiento tanto acad\u00e9mico como profesional, actividad realizada dentro del curso denominado Derecho Municipal, acompa\u00f1ados de nuestro docente Pablo Aguilar.\" \/>\r\n<meta name=\"twitter:image\" content=\"https:\/\/blogs.uninter.edu.mx\/ENDECS\/wp-content\/uploads\/2019\/11\/Marina-9.jpg\" \/>\r\n<meta name=\"twitter:label1\" content=\"Escrito por\" \/>\n\t<meta name=\"twitter:data1\" content=\"Alexis Andrade\" \/>\n\t<meta name=\"twitter:label2\" content=\"Tiempo de lectura\" \/>\n\t<meta name=\"twitter:data2\" content=\"3 minutos\" \/>\r\n<script type=\"application\/ld+json\" class=\"yoast-schema-graph\">{\"@context\":\"https:\/\/schema.org\",\"@graph\":[{\"@type\":\"Article\",\"@id\":\"https:\/\/blogs.uninter.edu.mx\/ENDECS\/index.php\/2020\/01\/11\/excursion-a-centro-de-estudios-superiores-navales-onu-habitat-y-congreso-de-la-union\/#article\",\"isPartOf\":{\"@id\":\"https:\/\/blogs.uninter.edu.mx\/ENDECS\/index.php\/2020\/01\/11\/excursion-a-centro-de-estudios-superiores-navales-onu-habitat-y-congreso-de-la-union\/\"},\"author\":{\"name\":\"Alexis Andrade\",\"@id\":\"https:\/\/blogs.uninter.edu.mx\/ENDECS\/#\/schema\/person\/9015536974bedab498c004a7d50ee73c\"},\"headline\":\"Excursi\u00f3n a Centro de Estudios Superiores Navales; ONU H\u00e1bitat y Congreso de la Uni\u00f3n.\",\"datePublished\":\"2020-01-11T21:00:58+00:00\",\"dateModified\":\"2020-01-16T20:42:36+00:00\",\"mainEntityOfPage\":{\"@id\":\"https:\/\/blogs.uninter.edu.mx\/ENDECS\/index.php\/2020\/01\/11\/excursion-a-centro-de-estudios-superiores-navales-onu-habitat-y-congreso-de-la-union\/\"},\"wordCount\":547,\"commentCount\":0,\"publisher\":{\"@id\":\"https:\/\/blogs.uninter.edu.mx\/ENDECS\/#organization\"},\"image\":{\"@id\":\"https:\/\/blogs.uninter.edu.mx\/ENDECS\/index.php\/2020\/01\/11\/excursion-a-centro-de-estudios-superiores-navales-onu-habitat-y-congreso-de-la-union\/#primaryimage\"},\"thumbnailUrl\":\"https:\/\/blogs.uninter.edu.mx\/ENDECS\/wp-content\/uploads\/2019\/11\/Marina-5.jpg\",\"keywords\":[\"ComunidadUninter\",\"ENDECS\",\"Escuela de Negocios Derecho y Ciencias Sociales\",\"UNINTER\",\"Universidad Internacional\"],\"articleSection\":[\"ENDECS\",\"Estudiantes destacados\",\"Profesores destacados\"],\"inLanguage\":\"es\",\"potentialAction\":[{\"@type\":\"CommentAction\",\"name\":\"Comment\",\"target\":[\"https:\/\/blogs.uninter.edu.mx\/ENDECS\/index.php\/2020\/01\/11\/excursion-a-centro-de-estudios-superiores-navales-onu-habitat-y-congreso-de-la-union\/#respond\"]}]},{\"@type\":\"WebPage\",\"@id\":\"https:\/\/blogs.uninter.edu.mx\/ENDECS\/index.php\/2020\/01\/11\/excursion-a-centro-de-estudios-superiores-navales-onu-habitat-y-congreso-de-la-union\/\",\"url\":\"https:\/\/blogs.uninter.edu.mx\/ENDECS\/index.php\/2020\/01\/11\/excursion-a-centro-de-estudios-superiores-navales-onu-habitat-y-congreso-de-la-union\/\",\"name\":\"Excursi\u00f3n a Centro de Estudios Superiores Navales; ONU H\u00e1bitat y Congreso de la Uni\u00f3n. - ENDECS\",\"isPartOf\":{\"@id\":\"https:\/\/blogs.uninter.edu.mx\/ENDECS\/#website\"},\"primaryImageOfPage\":{\"@id\":\"https:\/\/blogs.uninter.edu.mx\/ENDECS\/index.php\/2020\/01\/11\/excursion-a-centro-de-estudios-superiores-navales-onu-habitat-y-congreso-de-la-union\/#primaryimage\"},\"image\":{\"@id\":\"https:\/\/blogs.uninter.edu.mx\/ENDECS\/index.php\/2020\/01\/11\/excursion-a-centro-de-estudios-superiores-navales-onu-habitat-y-congreso-de-la-union\/#primaryimage\"},\"thumbnailUrl\":\"https:\/\/blogs.uninter.edu.mx\/ENDECS\/wp-content\/uploads\/2019\/11\/Marina-5.jpg\",\"datePublished\":\"2020-01-11T21:00:58+00:00\",\"dateModified\":\"2020-01-16T20:42:36+00:00\",\"description\":\"Excursi\u00f3n a Centro de Estudios Superiores Navales; ONU H\u00e1bitat y Congreso de la Uni\u00f3n. Alumnos de la Licenciatura en Derecho y Ciencias Pol\u00edticas...\",\"breadcrumb\":{\"@id\":\"https:\/\/blogs.uninter.edu.mx\/ENDECS\/index.php\/2020\/01\/11\/excursion-a-centro-de-estudios-superiores-navales-onu-habitat-y-congreso-de-la-union\/#breadcrumb\"},\"inLanguage\":\"es\",\"potentialAction\":[{\"@type\":\"ReadAction\",\"target\":[\"https:\/\/blogs.uninter.edu.mx\/ENDECS\/index.php\/2020\/01\/11\/excursion-a-centro-de-estudios-superiores-navales-onu-habitat-y-congreso-de-la-union\/\"]}]},{\"@type\":\"ImageObject\",\"inLanguage\":\"es\",\"@id\":\"https:\/\/blogs.uninter.edu.mx\/ENDECS\/index.php\/2020\/01\/11\/excursion-a-centro-de-estudios-superiores-navales-onu-habitat-y-congreso-de-la-union\/#primaryimage\",\"url\":\"https:\/\/blogs.uninter.edu.mx\/ENDECS\/wp-content\/uploads\/2019\/11\/Marina-5.jpg\",\"contentUrl\":\"https:\/\/blogs.uninter.edu.mx\/ENDECS\/wp-content\/uploads\/2019\/11\/Marina-5.jpg\",\"width\":960,\"height\":840,\"caption\":\"Centro de Estudios Superiores Navales\"},{\"@type\":\"BreadcrumbList\",\"@id\":\"https:\/\/blogs.uninter.edu.mx\/ENDECS\/index.php\/2020\/01\/11\/excursion-a-centro-de-estudios-superiores-navales-onu-habitat-y-congreso-de-la-union\/#breadcrumb\",\"itemListElement\":[{\"@type\":\"ListItem\",\"position\":1,\"name\":\"Inicio\",\"item\":\"https:\/\/blogs.uninter.edu.mx\/ENDECS\/\"},{\"@type\":\"ListItem\",\"position\":2,\"name\":\"Excursi\u00f3n a Centro de Estudios Superiores Navales; ONU H\u00e1bitat y Congreso de la Uni\u00f3n.\"}]},{\"@type\":\"WebSite\",\"@id\":\"https:\/\/blogs.uninter.edu.mx\/ENDECS\/#website\",\"url\":\"https:\/\/blogs.uninter.edu.mx\/ENDECS\/\",\"name\":\"ENDECS\",\"description\":\"Escuela de Negocios Derecho y Ciencias Sociales\",\"publisher\":{\"@id\":\"https:\/\/blogs.uninter.edu.mx\/ENDECS\/#organization\"},\"potentialAction\":[{\"@type\":\"SearchAction\",\"target\":{\"@type\":\"EntryPoint\",\"urlTemplate\":\"https:\/\/blogs.uninter.edu.mx\/ENDECS\/?s={search_term_string}\"},\"query-input\":{\"@type\":\"PropertyValueSpecification\",\"valueRequired\":true,\"valueName\":\"search_term_string\"}}],\"inLanguage\":\"es\"},{\"@type\":\"Organization\",\"@id\":\"https:\/\/blogs.uninter.edu.mx\/ENDECS\/#organization\",\"name\":\"ENDECS - UNINTER\",\"url\":\"https:\/\/blogs.uninter.edu.mx\/ENDECS\/\",\"logo\":{\"@type\":\"ImageObject\",\"inLanguage\":\"es\",\"@id\":\"https:\/\/blogs.uninter.edu.mx\/ENDECS\/#\/schema\/logo\/image\/\",\"url\":\"https:\/\/blogs.uninter.edu.mx\/ENDECS\/wp-content\/uploads\/2019\/06\/Blog-ENDECS.jpg\",\"contentUrl\":\"https:\/\/blogs.uninter.edu.mx\/ENDECS\/wp-content\/uploads\/2019\/06\/Blog-ENDECS.jpg\",\"width\":1020,\"height\":317,\"caption\":\"ENDECS - UNINTER\"},\"image\":{\"@id\":\"https:\/\/blogs.uninter.edu.mx\/ENDECS\/#\/schema\/logo\/image\/\"}},{\"@type\":\"Person\",\"@id\":\"https:\/\/blogs.uninter.edu.mx\/ENDECS\/#\/schema\/person\/9015536974bedab498c004a7d50ee73c\",\"name\":\"Alexis Andrade\",\"image\":{\"@type\":\"ImageObject\",\"inLanguage\":\"es\",\"@id\":\"https:\/\/blogs.uninter.edu.mx\/ENDECS\/#\/schema\/person\/image\/\",\"url\":\"https:\/\/secure.gravatar.com\/avatar\/b4c422a086e48773ab64b57f3e01501bec116afcc90a32d4a7f71e7c34f6d693?s=96&d=mm&r=g\",\"contentUrl\":\"https:\/\/secure.gravatar.com\/avatar\/b4c422a086e48773ab64b57f3e01501bec116afcc90a32d4a7f71e7c34f6d693?s=96&d=mm&r=g\",\"caption\":\"Alexis Andrade\"},\"url\":\"https:\/\/blogs.uninter.edu.mx\/ENDECS\/index.php\/author\/aandrade\/\"}]}<\/script>\r\n<!-- \/ Yoast SEO plugin. -->","yoast_head_json":{"title":"Excursi\u00f3n a Centro de Estudios Superiores Navales; ONU H\u00e1bitat y Congreso de la Uni\u00f3n. - ENDECS","description":"Excursi\u00f3n a Centro de Estudios Superiores Navales; ONU H\u00e1bitat y Congreso de la Uni\u00f3n. Alumnos de la Licenciatura en Derecho y Ciencias Pol\u00edticas...","robots":{"index":"index","follow":"follow","max-snippet":"max-snippet:-1","max-image-preview":"max-image-preview:large","max-video-preview":"max-video-preview:-1"},"canonical":"https:\/\/blogs.uninter.edu.mx\/ENDECS\/index.php\/2020\/01\/11\/excursion-a-centro-de-estudios-superiores-navales-onu-habitat-y-congreso-de-la-union\/","og_locale":"es_MX","og_type":"article","og_title":"Excursi\u00f3n a CESNAV; ONU H\u00e1bitat y Congreso de la Uni\u00f3n","og_description":"Alumnos de la Licenciatura en Derecho y Ciencias Pol\u00edticas y Gesti\u00f3n P\u00fablica de la Universidad Internacional, realizaron una visita acad\u00e9mica a diversas instituciones que son indispensables para su crecimiento tanto acad\u00e9mico como profesional, actividad realizada dentro del curso denominado Derecho Municipal, acompa\u00f1ados de nuestro docente Pablo Aguilar.","og_url":"https:\/\/blogs.uninter.edu.mx\/ENDECS\/index.php\/2020\/01\/11\/excursion-a-centro-de-estudios-superiores-navales-onu-habitat-y-congreso-de-la-union\/","og_site_name":"ENDECS","article_published_time":"2020-01-11T21:00:58+00:00","article_modified_time":"2020-01-16T20:42:36+00:00","og_image":[{"width":960,"height":840,"url":"https:\/\/blogs.uninter.edu.mx\/ENDECS\/wp-content\/uploads\/2019\/11\/Marina-5.jpg","type":"image\/jpeg"}],"author":"Alexis Andrade","twitter_card":"summary_large_image","twitter_title":"Excursi\u00f3n a CESNAV; ONU H\u00e1bitat y Congreso de la Uni\u00f3n","twitter_description":"Alumnos de la Licenciatura en Derecho y Ciencias Pol\u00edticas y Gesti\u00f3n P\u00fablica de la Universidad Internacional, realizaron una visita acad\u00e9mica a diversas instituciones que son indispensables para su crecimiento tanto acad\u00e9mico como profesional, actividad realizada dentro del curso denominado Derecho Municipal, acompa\u00f1ados de nuestro docente Pablo Aguilar.","twitter_image":"https:\/\/blogs.uninter.edu.mx\/ENDECS\/wp-content\/uploads\/2019\/11\/Marina-9.jpg","twitter_misc":{"Escrito por":"Alexis Andrade","Tiempo de lectura":"3 minutos"},"schema":{"@context":"https:\/\/schema.org","@graph":[{"@type":"Article","@id":"https:\/\/blogs.uninter.edu.mx\/ENDECS\/index.php\/2020\/01\/11\/excursion-a-centro-de-estudios-superiores-navales-onu-habitat-y-congreso-de-la-union\/#article","isPartOf":{"@id":"https:\/\/blogs.uninter.edu.mx\/ENDECS\/index.php\/2020\/01\/11\/excursion-a-centro-de-estudios-superiores-navales-onu-habitat-y-congreso-de-la-union\/"},"author":{"name":"Alexis Andrade","@id":"https:\/\/blogs.uninter.edu.mx\/ENDECS\/#\/schema\/person\/9015536974bedab498c004a7d50ee73c"},"headline":"Excursi\u00f3n a Centro de Estudios Superiores Navales; ONU H\u00e1bitat y Congreso de la Uni\u00f3n.","datePublished":"2020-01-11T21:00:58+00:00","dateModified":"2020-01-16T20:42:36+00:00","mainEntityOfPage":{"@id":"https:\/\/blogs.uninter.edu.mx\/ENDECS\/index.php\/2020\/01\/11\/excursion-a-centro-de-estudios-superiores-navales-onu-habitat-y-congreso-de-la-union\/"},"wordCount":547,"commentCount":0,"publisher":{"@id":"https:\/\/blogs.uninter.edu.mx\/ENDECS\/#organization"},"image":{"@id":"https:\/\/blogs.uninter.edu.mx\/ENDECS\/index.php\/2020\/01\/11\/excursion-a-centro-de-estudios-superiores-navales-onu-habitat-y-congreso-de-la-union\/#primaryimage"},"thumbnailUrl":"https:\/\/blogs.uninter.edu.mx\/ENDECS\/wp-content\/uploads\/2019\/11\/Marina-5.jpg","keywords":["ComunidadUninter","ENDECS","Escuela de Negocios Derecho y Ciencias Sociales","UNINTER","Universidad Internacional"],"articleSection":["ENDECS","Estudiantes destacados","Profesores destacados"],"inLanguage":"es","potentialAction":[{"@type":"CommentAction","name":"Comment","target":["https:\/\/blogs.uninter.edu.mx\/ENDECS\/index.php\/2020\/01\/11\/excursion-a-centro-de-estudios-superiores-navales-onu-habitat-y-congreso-de-la-union\/#respond"]}]},{"@type":"WebPage","@id":"https:\/\/blogs.uninter.edu.mx\/ENDECS\/index.php\/2020\/01\/11\/excursion-a-centro-de-estudios-superiores-navales-onu-habitat-y-congreso-de-la-union\/","url":"https:\/\/blogs.uninter.edu.mx\/ENDECS\/index.php\/2020\/01\/11\/excursion-a-centro-de-estudios-superiores-navales-onu-habitat-y-congreso-de-la-union\/","name":"Excursi\u00f3n a Centro de Estudios Superiores Navales; ONU H\u00e1bitat y Congreso de la Uni\u00f3n. - ENDECS","isPartOf":{"@id":"https:\/\/blogs.uninter.edu.mx\/ENDECS\/#website"},"primaryImageOfPage":{"@id":"https:\/\/blogs.uninter.edu.mx\/ENDECS\/index.php\/2020\/01\/11\/excursion-a-centro-de-estudios-superiores-navales-onu-habitat-y-congreso-de-la-union\/#primaryimage"},"image":{"@id":"https:\/\/blogs.uninter.edu.mx\/ENDECS\/index.php\/2020\/01\/11\/excursion-a-centro-de-estudios-superiores-navales-onu-habitat-y-congreso-de-la-union\/#primaryimage"},"thumbnailUrl":"https:\/\/blogs.uninter.edu.mx\/ENDECS\/wp-content\/uploads\/2019\/11\/Marina-5.jpg","datePublished":"2020-01-11T21:00:58+00:00","dateModified":"2020-01-16T20:42:36+00:00","description":"Excursi\u00f3n a Centro de Estudios Superiores Navales; ONU H\u00e1bitat y Congreso de la Uni\u00f3n. Alumnos de la Licenciatura en Derecho y Ciencias Pol\u00edticas...","breadcrumb":{"@id":"https:\/\/blogs.uninter.edu.mx\/ENDECS\/index.php\/2020\/01\/11\/excursion-a-centro-de-estudios-superiores-navales-onu-habitat-y-congreso-de-la-union\/#breadcrumb"},"inLanguage":"es","potentialAction":[{"@type":"ReadAction","target":["https:\/\/blogs.uninter.edu.mx\/ENDECS\/index.php\/2020\/01\/11\/excursion-a-centro-de-estudios-superiores-navales-onu-habitat-y-congreso-de-la-union\/"]}]},{"@type":"ImageObject","inLanguage":"es","@id":"https:\/\/blogs.uninter.edu.mx\/ENDECS\/index.php\/2020\/01\/11\/excursion-a-centro-de-estudios-superiores-navales-onu-habitat-y-congreso-de-la-union\/#primaryimage","url":"https:\/\/blogs.uninter.edu.mx\/ENDECS\/wp-content\/uploads\/2019\/11\/Marina-5.jpg","contentUrl":"https:\/\/blogs.uninter.edu.mx\/ENDECS\/wp-content\/uploads\/2019\/11\/Marina-5.jpg","width":960,"height":840,"caption":"Centro de Estudios Superiores Navales"},{"@type":"BreadcrumbList","@id":"https:\/\/blogs.uninter.edu.mx\/ENDECS\/index.php\/2020\/01\/11\/excursion-a-centro-de-estudios-superiores-navales-onu-habitat-y-congreso-de-la-union\/#breadcrumb","itemListElement":[{"@type":"ListItem","position":1,"name":"Inicio","item":"https:\/\/blogs.uninter.edu.mx\/ENDECS\/"},{"@type":"ListItem","position":2,"name":"Excursi\u00f3n a Centro de Estudios Superiores Navales; ONU H\u00e1bitat y Congreso de la Uni\u00f3n."}]},{"@type":"WebSite","@id":"https:\/\/blogs.uninter.edu.mx\/ENDECS\/#website","url":"https:\/\/blogs.uninter.edu.mx\/ENDECS\/","name":"ENDECS","description":"Escuela de Negocios Derecho y Ciencias Sociales","publisher":{"@id":"https:\/\/blogs.uninter.edu.mx\/ENDECS\/#organization"},"potentialAction":[{"@type":"SearchAction","target":{"@type":"EntryPoint","urlTemplate":"https:\/\/blogs.uninter.edu.mx\/ENDECS\/?s={search_term_string}"},"query-input":{"@type":"PropertyValueSpecification","valueRequired":true,"valueName":"search_term_string"}}],"inLanguage":"es"},{"@type":"Organization","@id":"https:\/\/blogs.uninter.edu.mx\/ENDECS\/#organization","name":"ENDECS - UNINTER","url":"https:\/\/blogs.uninter.edu.mx\/ENDECS\/","logo":{"@type":"ImageObject","inLanguage":"es","@id":"https:\/\/blogs.uninter.edu.mx\/ENDECS\/#\/schema\/logo\/image\/","url":"https:\/\/blogs.uninter.edu.mx\/ENDECS\/wp-content\/uploads\/2019\/06\/Blog-ENDECS.jpg","contentUrl":"https:\/\/blogs.uninter.edu.mx\/ENDECS\/wp-content\/uploads\/2019\/06\/Blog-ENDECS.jpg","width":1020,"height":317,"caption":"ENDECS - UNINTER"},"image":{"@id":"https:\/\/blogs.uninter.edu.mx\/ENDECS\/#\/schema\/logo\/image\/"}},{"@type":"Person","@id":"https:\/\/blogs.uninter.edu.mx\/ENDECS\/#\/schema\/person\/9015536974bedab498c004a7d50ee73c","name":"Alexis Andrade","image":{"@type":"ImageObject","inLanguage":"es","@id":"https:\/\/blogs.uninter.edu.mx\/ENDECS\/#\/schema\/person\/image\/","url":"https:\/\/secure.gravatar.com\/avatar\/b4c422a086e48773ab64b57f3e01501bec116afcc90a32d4a7f71e7c34f6d693?s=96&d=mm&r=g","contentUrl":"https:\/\/secure.gravatar.com\/avatar\/b4c422a086e48773ab64b57f3e01501bec116afcc90a32d4a7f71e7c34f6d693?s=96&d=mm&r=g","caption":"Alexis Andrade"},"url":"https:\/\/blogs.uninter.edu.mx\/ENDECS\/index.php\/author\/aandrade\/"}]}},"jetpack_publicize_connections":[],"jetpack_featured_media_url":"https:\/\/blogs.uninter.edu.mx\/ENDECS\/wp-content\/uploads\/2019\/11\/Marina-5.jpg","jetpack_sharing_enabled":true,"_links":{"self":[{"href":"https:\/\/blogs.uninter.edu.mx\/ENDECS\/index.php\/wp-json\/wp\/v2\/posts\/1190","targetHints":{"allow":["GET"]}}],"collection":[{"href":"https:\/\/blogs.uninter.edu.mx\/ENDECS\/index.php\/wp-json\/wp\/v2\/posts"}],"about":[{"href":"https:\/\/blogs.uninter.edu.mx\/ENDECS\/index.php\/wp-json\/wp\/v2\/types\/post"}],"author":[{"embeddable":true,"href":"https:\/\/blogs.uninter.edu.mx\/ENDECS\/index.php\/wp-json\/wp\/v2\/users\/17"}],"replies":[{"embeddable":true,"href":"https:\/\/blogs.uninter.edu.mx\/ENDECS\/index.php\/wp-json\/wp\/v2\/comments?post=1190"}],"version-history":[{"count":17,"href":"https:\/\/blogs.uninter.edu.mx\/ENDECS\/index.php\/wp-json\/wp\/v2\/posts\/1190\/revisions"}],"predecessor-version":[{"id":1760,"href":"https:\/\/blogs.uninter.edu.mx\/ENDECS\/index.php\/wp-json\/wp\/v2\/posts\/1190\/revisions\/1760"}],"wp:featuredmedia":[{"embeddable":true,"href":"https:\/\/blogs.uninter.edu.mx\/ENDECS\/index.php\/wp-json\/wp\/v2\/media\/1191"}],"wp:attachment":[{"href":"https:\/\/blogs.uninter.edu.mx\/ENDECS\/index.php\/wp-json\/wp\/v2\/media?parent=1190"}],"wp:term":[{"taxonomy":"category","embeddable":true,"href":"https:\/\/blogs.uninter.edu.mx\/ENDECS\/index.php\/wp-json\/wp\/v2\/categories?post=1190"},{"taxonomy":"post_tag","embeddable":true,"href":"https:\/\/blogs.uninter.edu.mx\/ENDECS\/index.php\/wp-json\/wp\/v2\/tags?post=1190"}],"curies":[{"name":"wp","href":"https:\/\/api.w.org\/{rel}","templated":true}]}}