{"id":12612,"date":"2026-05-01T13:00:00","date_gmt":"2026-05-01T19:00:00","guid":{"rendered":"https:\/\/blogs.uninter.edu.mx\/ENDECS\/?p=12612"},"modified":"2026-04-28T10:12:29","modified_gmt":"2026-04-28T16:12:29","slug":"pension-alimenticia-alimentos","status":"publish","type":"post","link":"https:\/\/blogs.uninter.edu.mx\/ENDECS\/index.php\/2026\/05\/01\/pension-alimenticia-alimentos\/","title":{"rendered":"La pensi\u00f3n alimenticia"},"content":{"rendered":"\n<h2 class=\"wp-block-heading\">\u00bfQu\u00e9 es la familia?<\/h2>\n\n\n\n<div class=\"wp-block-columns is-layout-flex wp-container-core-columns-is-layout-9d6595d7 wp-block-columns-is-layout-flex\">\n<div class=\"wp-block-column is-vertically-aligned-center is-layout-flow wp-block-column-is-layout-flow\">\n<p>La familia es la base de la sociedad, y en el <a href=\"https:\/\/universidad.uninter.edu.mx\/carreras\/LED\">derecho <\/a>familiar se encarga de regular las relaciones entre sus integrantes para garantizar su bienestar. Dentro de este \u00e1mbito, la pensi\u00f3n alimenticia es una figura fundamental, ya que asegura que las personas que lo necesiten cuenten con los recursos necesarios para su desarrollo y subsistencia.<\/p>\n<\/div>\n\n\n\n<div class=\"wp-block-column is-layout-flow wp-block-column-is-layout-flow\">\n<figure class=\"wp-block-image size-large\"><img decoding=\"async\" src=\"https:\/\/tse1.mm.bing.net\/th\/id\/OIP.jNYWOBPijA5YqM30UjJhJQHaHa?rs=1&amp;pid=ImgDetMain&amp;o=7&amp;rm=3\" alt=\"\" \/><\/figure>\n<\/div>\n<\/div>\n\n\n\n<h2 class=\"wp-block-heading\">\u00bfQu\u00e9 son los alimentos?<\/h2>\n\n\n\n<div class=\"wp-block-columns is-layout-flex wp-container-core-columns-is-layout-9d6595d7 wp-block-columns-is-layout-flex\">\n<div class=\"wp-block-column is-layout-flow wp-block-column-is-layout-flow\">\n<div class=\"wp-block-columns is-layout-flex wp-container-core-columns-is-layout-9d6595d7 wp-block-columns-is-layout-flex\">\n<div class=\"wp-block-column is-layout-flow wp-block-column-is-layout-flow\">\n<p>De acuerdo con el Art\u00edculo 43 del C\u00f3digo Familiar del Estado de Morelos, &#8220;los alimentos comprenden la casa, la comida, el vestido, atenci\u00f3n m\u00e9dica y psicol\u00f3gica preventiva integrada a la salud, asistencia en caso de enfermedad, el esparcimiento, los gastos de embarazo y parto en cuanto no est\u00e9n cubiertos de otra forma, los gastos necesarios para la educaci\u00f3n b\u00e1sica del alimentista, y para proporcionarle alg\u00fan oficio, arte o profesi\u00f3n honestos y adecuados a sus circunstancias personales, y con relaci\u00f3n a los menores con alg\u00fan tipo de discapacidad o declarados en estado de interdicci\u00f3n, lo necesario para lograr, en lo posible, su habilitaci\u00f3n o rehabilitaci\u00f3n y su desarrollo.&#8221;<\/p>\n<\/div>\n<\/div>\n<\/div>\n<\/div>\n\n\n\n<h2 class=\"wp-block-heading\">Derecho a alimentos<\/h2>\n\n\n\n<p>El <a href=\"https:\/\/universidad.uninter.edu.mx\/carreras\/LED\">derecho<\/a> a alimentos es un derecho fundamental que garantiza la satisfacci\u00f3n de necesidades b\u00e1sicas como comida, vivienda, educaci\u00f3n y atenci\u00f3n m\u00e9dica, necesarias para el desarrollo y la dignidad de las personas.<\/p>\n\n\n\n<div class=\"wp-block-columns is-layout-flex wp-container-core-columns-is-layout-9d6595d7 wp-block-columns-is-layout-flex\">\n<div class=\"wp-block-column is-layout-flow wp-block-column-is-layout-flow\">\n<figure class=\"wp-block-image size-large\"><img decoding=\"async\" src=\"https:\/\/th.bing.com\/th\/id\/R.c3edf9269882f0c90b1c1c8007c1907c?rik=hl9xLOrjJHjBhg&amp;pid=ImgRaw&amp;r=0\" alt=\"\" \/><\/figure>\n<\/div>\n\n\n\n<div class=\"wp-block-column is-vertically-aligned-center is-layout-flow wp-block-column-is-layout-flow\">\n<p>Este <a href=\"https:\/\/universidad.uninter.edu.mx\/carreras\/LED\">derecho<\/a> surge de las relaciones familiares, por lo que todos los miembros de la familia tienen tanto la obligaci\u00f3n de proporcionarlos como el derecho de recibirlos, siendo una obligaci\u00f3n rec\u00edproca.<\/p>\n<\/div>\n<\/div>\n\n\n\n<p>La pensi\u00f3n alimenticia es el monto que debe cubrir el deudo alimentario al acreedor, el cual se fija considerando las necesidades de quien la recibe y las posibilidades econ\u00f3micas de quien la otorga, ya sea por acuerdo o por decisi\u00f3n judicial.<\/p>\n\n\n\n<p>En conclusi\u00f3n, el <a href=\"https:\/\/universidad.uninter.edu.mx\/carreras\/LED\">derecho<\/a> a alimentos es fundamental para garantizar el bienestar y la dignidad de las personas, ya que permite cubrir sus necesidades b\u00e1sicas. Su cumplimiento es esencial para asegurar el desarrollo integral de los miembros de la familia y mant\u00e9n una convivencia justa.<\/p>\n\n\n\n<p>Informaci\u00f3n recopilada por Diego Alberto Ledezma Jacobo<\/p>\n\n\n<h5>Bibliograf\u00eda<\/h5>\n\n\n<p>Jurista M\u00e9xico. (s. f.). Pensi\u00f3n alimenticia. <a href=\"https:\/\/mexico.justia.com\/derecho-defamilia\/pension-alimenticia\/\">https:\/\/mexico.justia.com\/derecho-defamilia\/pension-alimenticia\/<\/a><\/p>\n\n\n\n<p>Legislatura, X., Oficial, P., Secci\u00f3n, S., &amp; Tierra. (s\/f). Art. 43 &#8211;\u00a0<em>C\u00d3DIGO FAMILIAR PARA EL ESTADO LIBRE Y SOBERANO DE MORELOS<\/em>. Gob.mx. Recuperado el 17 de abril de 2026, de <a href=\"http:\/\/marcojuridico.morelos.gob.mx\/archivos\/codigos\/pdf\/CFAMILIAREM.pdf\">http:\/\/marcojuridico.morelos.gob.mx\/archivos\/codigos\/pdf\/CFAMILIAREM.pdf<\/a><\/p>\n\n\n<h5>Entradas recientes<\/h5>\n\n<ul class=\"wp-block-latest-posts__list wp-block-latest-posts\"><li><a class=\"wp-block-latest-posts__post-title\" href=\"https:\/\/blogs.uninter.edu.mx\/ENDECS\/index.php\/2026\/05\/01\/pension-alimenticia-alimentos\/\">La pensi\u00f3n alimenticia<\/a><\/li>\n<li><a class=\"wp-block-latest-posts__post-title\" href=\"https:\/\/blogs.uninter.edu.mx\/ENDECS\/index.php\/2026\/04\/28\/federacion-estado-federal\/\">\u00bfQu\u00e9 es una federaci\u00f3n?<\/a><\/li>\n<li><a class=\"wp-block-latest-posts__post-title\" href=\"https:\/\/blogs.uninter.edu.mx\/ENDECS\/index.php\/2026\/04\/28\/divisas-comercio\/\">Influencia de las divisas para el Comercio Exterior<\/a><\/li>\n<li><a class=\"wp-block-latest-posts__post-title\" href=\"https:\/\/blogs.uninter.edu.mx\/ENDECS\/index.php\/2026\/04\/21\/la-revolucion-digital\/\">La Revoluci\u00f3n Digital<\/a><\/li>\n<li><a class=\"wp-block-latest-posts__post-title\" href=\"https:\/\/blogs.uninter.edu.mx\/ENDECS\/index.php\/2026\/04\/17\/ux-ui-negocios-conferencia-diana-mejia\/\">UX y UI en los Negocios: Conferencia con Diana Mej\u00eda<\/a><\/li>\n<\/ul>","protected":false},"excerpt":{"rendered":"<p>\u00bfQu\u00e9 es la familia? La familia es la base de la sociedad, y en el derecho familiar se encarga de regular las relaciones entre sus integrantes para garantizar su bienestar. Dentro de este \u00e1mbito, la pensi\u00f3n alimenticia es una figura fundamental, ya que asegura que las personas que lo necesiten cuenten con los recursos necesarios&hellip;<\/p>\n","protected":false},"author":8,"featured_media":12613,"comment_status":"open","ping_status":"open","sticky":false,"template":"","format":"standard","meta":{"_jetpack_memberships_contains_paid_content":false,"footnotes":"","jetpack_publicize_message":"","jetpack_publicize_feature_enabled":true,"jetpack_social_post_already_shared":true,"jetpack_social_options":{"image_generator_settings":{"template":"highway","default_image_id":0,"font":"","enabled":false},"version":2}},"categories":[17],"tags":[98,21,244,22,23],"class_list":["post-12612","post","type-post","status-publish","format-standard","has-post-thumbnail","hentry","category-licenciatura-en-derecho","tag-derecho","tag-endecs","tag-escuela-de-negocios-derecho-y-ciencias-sociales","tag-uninter","tag-universidad-internacional"],"yoast_head":"<!-- This site is optimized with the Yoast SEO plugin v26.0 - https:\/\/yoast.com\/wordpress\/plugins\/seo\/ -->\r\n<title>La pensi\u00f3n alimenticia - ENDECS<\/title>\r\n<meta name=\"description\" content=\"La pensi\u00f3n alimenticia es el monto que debe cubrir el deudo alimentario al acreedor, el cual se fija considerando las necesidades de quien la recibe y las posibilidades econ\u00f3micas de quien la otorga, ya sea por acuerdo o por decisi\u00f3n judicial.\" \/>\r\n<meta name=\"robots\" content=\"index, follow, max-snippet:-1, max-image-preview:large, max-video-preview:-1\" \/>\r\n<link rel=\"canonical\" href=\"https:\/\/blogs.uninter.edu.mx\/ENDECS\/index.php\/2026\/05\/01\/pension-alimenticia-alimentos\/\" \/>\r\n<meta property=\"og:locale\" content=\"es_MX\" \/>\r\n<meta property=\"og:type\" content=\"article\" \/>\r\n<meta property=\"og:title\" content=\"La pensi\u00f3n alimenticia - ENDECS\" \/>\r\n<meta property=\"og:description\" content=\"La pensi\u00f3n alimenticia es el monto que debe cubrir el deudo alimentario al acreedor, el cual se fija considerando las necesidades de quien la recibe y las posibilidades econ\u00f3micas de quien la otorga, ya sea por acuerdo o por decisi\u00f3n judicial.\" \/>\r\n<meta property=\"og:url\" content=\"https:\/\/blogs.uninter.edu.mx\/ENDECS\/index.php\/2026\/05\/01\/pension-alimenticia-alimentos\/\" \/>\r\n<meta property=\"og:site_name\" content=\"ENDECS\" \/>\r\n<meta property=\"article:published_time\" content=\"2026-05-01T19:00:00+00:00\" \/>\r\n<meta property=\"og:image\" content=\"https:\/\/blogs.uninter.edu.mx\/ENDECS\/wp-content\/uploads\/2026\/04\/istockphoto-932176142-170667a.jpg\" \/>\r\n\t<meta property=\"og:image:width\" content=\"416\" \/>\r\n\t<meta property=\"og:image:height\" content=\"416\" \/>\r\n\t<meta property=\"og:image:type\" content=\"image\/jpeg\" \/>\r\n<meta name=\"author\" content=\"Ian Gles\" \/>\r\n<meta name=\"twitter:card\" content=\"summary_large_image\" \/>\r\n<meta name=\"twitter:label1\" content=\"Escrito por\" \/>\n\t<meta name=\"twitter:data1\" content=\"Ian Gles\" \/>\n\t<meta name=\"twitter:label2\" content=\"Tiempo de lectura\" \/>\n\t<meta name=\"twitter:data2\" content=\"3 minutos\" \/>\r\n<script type=\"application\/ld+json\" class=\"yoast-schema-graph\">{\"@context\":\"https:\/\/schema.org\",\"@graph\":[{\"@type\":\"Article\",\"@id\":\"https:\/\/blogs.uninter.edu.mx\/ENDECS\/index.php\/2026\/05\/01\/pension-alimenticia-alimentos\/#article\",\"isPartOf\":{\"@id\":\"https:\/\/blogs.uninter.edu.mx\/ENDECS\/index.php\/2026\/05\/01\/pension-alimenticia-alimentos\/\"},\"author\":{\"name\":\"Ian Gles\",\"@id\":\"https:\/\/blogs.uninter.edu.mx\/ENDECS\/#\/schema\/person\/222d91d341f9f04093234b9dbd57a749\"},\"headline\":\"La pensi\u00f3n alimenticia\",\"datePublished\":\"2026-05-01T19:00:00+00:00\",\"mainEntityOfPage\":{\"@id\":\"https:\/\/blogs.uninter.edu.mx\/ENDECS\/index.php\/2026\/05\/01\/pension-alimenticia-alimentos\/\"},\"wordCount\":424,\"commentCount\":0,\"publisher\":{\"@id\":\"https:\/\/blogs.uninter.edu.mx\/ENDECS\/#organization\"},\"image\":{\"@id\":\"https:\/\/blogs.uninter.edu.mx\/ENDECS\/index.php\/2026\/05\/01\/pension-alimenticia-alimentos\/#primaryimage\"},\"thumbnailUrl\":\"https:\/\/blogs.uninter.edu.mx\/ENDECS\/wp-content\/uploads\/2026\/04\/istockphoto-932176142-170667a.jpg\",\"keywords\":[\"Derecho\",\"ENDECS\",\"Escuela de Negocios Derecho y Ciencias Sociales\",\"UNINTER\",\"Universidad Internacional\"],\"articleSection\":[\"Licenciatura en Derecho\"],\"inLanguage\":\"es\",\"potentialAction\":[{\"@type\":\"CommentAction\",\"name\":\"Comment\",\"target\":[\"https:\/\/blogs.uninter.edu.mx\/ENDECS\/index.php\/2026\/05\/01\/pension-alimenticia-alimentos\/#respond\"]}]},{\"@type\":\"WebPage\",\"@id\":\"https:\/\/blogs.uninter.edu.mx\/ENDECS\/index.php\/2026\/05\/01\/pension-alimenticia-alimentos\/\",\"url\":\"https:\/\/blogs.uninter.edu.mx\/ENDECS\/index.php\/2026\/05\/01\/pension-alimenticia-alimentos\/\",\"name\":\"La pensi\u00f3n alimenticia - ENDECS\",\"isPartOf\":{\"@id\":\"https:\/\/blogs.uninter.edu.mx\/ENDECS\/#website\"},\"primaryImageOfPage\":{\"@id\":\"https:\/\/blogs.uninter.edu.mx\/ENDECS\/index.php\/2026\/05\/01\/pension-alimenticia-alimentos\/#primaryimage\"},\"image\":{\"@id\":\"https:\/\/blogs.uninter.edu.mx\/ENDECS\/index.php\/2026\/05\/01\/pension-alimenticia-alimentos\/#primaryimage\"},\"thumbnailUrl\":\"https:\/\/blogs.uninter.edu.mx\/ENDECS\/wp-content\/uploads\/2026\/04\/istockphoto-932176142-170667a.jpg\",\"datePublished\":\"2026-05-01T19:00:00+00:00\",\"description\":\"La pensi\u00f3n alimenticia es el monto que debe cubrir el deudo alimentario al acreedor, el cual se fija considerando las necesidades de quien la recibe y las posibilidades econ\u00f3micas de quien la otorga, ya sea por acuerdo o por decisi\u00f3n judicial.\",\"breadcrumb\":{\"@id\":\"https:\/\/blogs.uninter.edu.mx\/ENDECS\/index.php\/2026\/05\/01\/pension-alimenticia-alimentos\/#breadcrumb\"},\"inLanguage\":\"es\",\"potentialAction\":[{\"@type\":\"ReadAction\",\"target\":[\"https:\/\/blogs.uninter.edu.mx\/ENDECS\/index.php\/2026\/05\/01\/pension-alimenticia-alimentos\/\"]}]},{\"@type\":\"ImageObject\",\"inLanguage\":\"es\",\"@id\":\"https:\/\/blogs.uninter.edu.mx\/ENDECS\/index.php\/2026\/05\/01\/pension-alimenticia-alimentos\/#primaryimage\",\"url\":\"https:\/\/blogs.uninter.edu.mx\/ENDECS\/wp-content\/uploads\/2026\/04\/istockphoto-932176142-170667a.jpg\",\"contentUrl\":\"https:\/\/blogs.uninter.edu.mx\/ENDECS\/wp-content\/uploads\/2026\/04\/istockphoto-932176142-170667a.jpg\",\"width\":416,\"height\":416,\"caption\":\"Stick figure family icon set. Vector illustration of people in different age on white\"},{\"@type\":\"BreadcrumbList\",\"@id\":\"https:\/\/blogs.uninter.edu.mx\/ENDECS\/index.php\/2026\/05\/01\/pension-alimenticia-alimentos\/#breadcrumb\",\"itemListElement\":[{\"@type\":\"ListItem\",\"position\":1,\"name\":\"Inicio\",\"item\":\"https:\/\/blogs.uninter.edu.mx\/ENDECS\/\"},{\"@type\":\"ListItem\",\"position\":2,\"name\":\"La pensi\u00f3n alimenticia\"}]},{\"@type\":\"WebSite\",\"@id\":\"https:\/\/blogs.uninter.edu.mx\/ENDECS\/#website\",\"url\":\"https:\/\/blogs.uninter.edu.mx\/ENDECS\/\",\"name\":\"ENDECS\",\"description\":\"Escuela de Negocios Derecho y Ciencias Sociales\",\"publisher\":{\"@id\":\"https:\/\/blogs.uninter.edu.mx\/ENDECS\/#organization\"},\"potentialAction\":[{\"@type\":\"SearchAction\",\"target\":{\"@type\":\"EntryPoint\",\"urlTemplate\":\"https:\/\/blogs.uninter.edu.mx\/ENDECS\/?s={search_term_string}\"},\"query-input\":{\"@type\":\"PropertyValueSpecification\",\"valueRequired\":true,\"valueName\":\"search_term_string\"}}],\"inLanguage\":\"es\"},{\"@type\":\"Organization\",\"@id\":\"https:\/\/blogs.uninter.edu.mx\/ENDECS\/#organization\",\"name\":\"ENDECS - UNINTER\",\"url\":\"https:\/\/blogs.uninter.edu.mx\/ENDECS\/\",\"logo\":{\"@type\":\"ImageObject\",\"inLanguage\":\"es\",\"@id\":\"https:\/\/blogs.uninter.edu.mx\/ENDECS\/#\/schema\/logo\/image\/\",\"url\":\"https:\/\/blogs.uninter.edu.mx\/ENDECS\/wp-content\/uploads\/2019\/06\/Blog-ENDECS.jpg\",\"contentUrl\":\"https:\/\/blogs.uninter.edu.mx\/ENDECS\/wp-content\/uploads\/2019\/06\/Blog-ENDECS.jpg\",\"width\":1020,\"height\":317,\"caption\":\"ENDECS - UNINTER\"},\"image\":{\"@id\":\"https:\/\/blogs.uninter.edu.mx\/ENDECS\/#\/schema\/logo\/image\/\"}},{\"@type\":\"Person\",\"@id\":\"https:\/\/blogs.uninter.edu.mx\/ENDECS\/#\/schema\/person\/222d91d341f9f04093234b9dbd57a749\",\"name\":\"Ian Gles\",\"image\":{\"@type\":\"ImageObject\",\"inLanguage\":\"es\",\"@id\":\"https:\/\/blogs.uninter.edu.mx\/ENDECS\/#\/schema\/person\/image\/\",\"url\":\"https:\/\/secure.gravatar.com\/avatar\/dd400278fa641f907f4557c2c55a9449262521ce4d3324869231a3886b99849f?s=96&d=mm&r=g\",\"contentUrl\":\"https:\/\/secure.gravatar.com\/avatar\/dd400278fa641f907f4557c2c55a9449262521ce4d3324869231a3886b99849f?s=96&d=mm&r=g\",\"caption\":\"Ian Gles\"},\"url\":\"https:\/\/blogs.uninter.edu.mx\/ENDECS\/index.php\/author\/iguadarrama\/\"}]}<\/script>\r\n<!-- \/ Yoast SEO plugin. -->","yoast_head_json":{"title":"La pensi\u00f3n alimenticia - ENDECS","description":"La pensi\u00f3n alimenticia es el monto que debe cubrir el deudo alimentario al acreedor, el cual se fija considerando las necesidades de quien la recibe y las posibilidades econ\u00f3micas de quien la otorga, ya sea por acuerdo o por decisi\u00f3n judicial.","robots":{"index":"index","follow":"follow","max-snippet":"max-snippet:-1","max-image-preview":"max-image-preview:large","max-video-preview":"max-video-preview:-1"},"canonical":"https:\/\/blogs.uninter.edu.mx\/ENDECS\/index.php\/2026\/05\/01\/pension-alimenticia-alimentos\/","og_locale":"es_MX","og_type":"article","og_title":"La pensi\u00f3n alimenticia - ENDECS","og_description":"La pensi\u00f3n alimenticia es el monto que debe cubrir el deudo alimentario al acreedor, el cual se fija considerando las necesidades de quien la recibe y las posibilidades econ\u00f3micas de quien la otorga, ya sea por acuerdo o por decisi\u00f3n judicial.","og_url":"https:\/\/blogs.uninter.edu.mx\/ENDECS\/index.php\/2026\/05\/01\/pension-alimenticia-alimentos\/","og_site_name":"ENDECS","article_published_time":"2026-05-01T19:00:00+00:00","og_image":[{"width":416,"height":416,"url":"https:\/\/blogs.uninter.edu.mx\/ENDECS\/wp-content\/uploads\/2026\/04\/istockphoto-932176142-170667a.jpg","type":"image\/jpeg"}],"author":"Ian Gles","twitter_card":"summary_large_image","twitter_misc":{"Escrito por":"Ian Gles","Tiempo de lectura":"3 minutos"},"schema":{"@context":"https:\/\/schema.org","@graph":[{"@type":"Article","@id":"https:\/\/blogs.uninter.edu.mx\/ENDECS\/index.php\/2026\/05\/01\/pension-alimenticia-alimentos\/#article","isPartOf":{"@id":"https:\/\/blogs.uninter.edu.mx\/ENDECS\/index.php\/2026\/05\/01\/pension-alimenticia-alimentos\/"},"author":{"name":"Ian Gles","@id":"https:\/\/blogs.uninter.edu.mx\/ENDECS\/#\/schema\/person\/222d91d341f9f04093234b9dbd57a749"},"headline":"La pensi\u00f3n alimenticia","datePublished":"2026-05-01T19:00:00+00:00","mainEntityOfPage":{"@id":"https:\/\/blogs.uninter.edu.mx\/ENDECS\/index.php\/2026\/05\/01\/pension-alimenticia-alimentos\/"},"wordCount":424,"commentCount":0,"publisher":{"@id":"https:\/\/blogs.uninter.edu.mx\/ENDECS\/#organization"},"image":{"@id":"https:\/\/blogs.uninter.edu.mx\/ENDECS\/index.php\/2026\/05\/01\/pension-alimenticia-alimentos\/#primaryimage"},"thumbnailUrl":"https:\/\/blogs.uninter.edu.mx\/ENDECS\/wp-content\/uploads\/2026\/04\/istockphoto-932176142-170667a.jpg","keywords":["Derecho","ENDECS","Escuela de Negocios Derecho y Ciencias Sociales","UNINTER","Universidad Internacional"],"articleSection":["Licenciatura en Derecho"],"inLanguage":"es","potentialAction":[{"@type":"CommentAction","name":"Comment","target":["https:\/\/blogs.uninter.edu.mx\/ENDECS\/index.php\/2026\/05\/01\/pension-alimenticia-alimentos\/#respond"]}]},{"@type":"WebPage","@id":"https:\/\/blogs.uninter.edu.mx\/ENDECS\/index.php\/2026\/05\/01\/pension-alimenticia-alimentos\/","url":"https:\/\/blogs.uninter.edu.mx\/ENDECS\/index.php\/2026\/05\/01\/pension-alimenticia-alimentos\/","name":"La pensi\u00f3n alimenticia - ENDECS","isPartOf":{"@id":"https:\/\/blogs.uninter.edu.mx\/ENDECS\/#website"},"primaryImageOfPage":{"@id":"https:\/\/blogs.uninter.edu.mx\/ENDECS\/index.php\/2026\/05\/01\/pension-alimenticia-alimentos\/#primaryimage"},"image":{"@id":"https:\/\/blogs.uninter.edu.mx\/ENDECS\/index.php\/2026\/05\/01\/pension-alimenticia-alimentos\/#primaryimage"},"thumbnailUrl":"https:\/\/blogs.uninter.edu.mx\/ENDECS\/wp-content\/uploads\/2026\/04\/istockphoto-932176142-170667a.jpg","datePublished":"2026-05-01T19:00:00+00:00","description":"La pensi\u00f3n alimenticia es el monto que debe cubrir el deudo alimentario al acreedor, el cual se fija considerando las necesidades de quien la recibe y las posibilidades econ\u00f3micas de quien la otorga, ya sea por acuerdo o por decisi\u00f3n judicial.","breadcrumb":{"@id":"https:\/\/blogs.uninter.edu.mx\/ENDECS\/index.php\/2026\/05\/01\/pension-alimenticia-alimentos\/#breadcrumb"},"inLanguage":"es","potentialAction":[{"@type":"ReadAction","target":["https:\/\/blogs.uninter.edu.mx\/ENDECS\/index.php\/2026\/05\/01\/pension-alimenticia-alimentos\/"]}]},{"@type":"ImageObject","inLanguage":"es","@id":"https:\/\/blogs.uninter.edu.mx\/ENDECS\/index.php\/2026\/05\/01\/pension-alimenticia-alimentos\/#primaryimage","url":"https:\/\/blogs.uninter.edu.mx\/ENDECS\/wp-content\/uploads\/2026\/04\/istockphoto-932176142-170667a.jpg","contentUrl":"https:\/\/blogs.uninter.edu.mx\/ENDECS\/wp-content\/uploads\/2026\/04\/istockphoto-932176142-170667a.jpg","width":416,"height":416,"caption":"Stick figure family icon set. Vector illustration of people in different age on white"},{"@type":"BreadcrumbList","@id":"https:\/\/blogs.uninter.edu.mx\/ENDECS\/index.php\/2026\/05\/01\/pension-alimenticia-alimentos\/#breadcrumb","itemListElement":[{"@type":"ListItem","position":1,"name":"Inicio","item":"https:\/\/blogs.uninter.edu.mx\/ENDECS\/"},{"@type":"ListItem","position":2,"name":"La pensi\u00f3n alimenticia"}]},{"@type":"WebSite","@id":"https:\/\/blogs.uninter.edu.mx\/ENDECS\/#website","url":"https:\/\/blogs.uninter.edu.mx\/ENDECS\/","name":"ENDECS","description":"Escuela de Negocios Derecho y Ciencias Sociales","publisher":{"@id":"https:\/\/blogs.uninter.edu.mx\/ENDECS\/#organization"},"potentialAction":[{"@type":"SearchAction","target":{"@type":"EntryPoint","urlTemplate":"https:\/\/blogs.uninter.edu.mx\/ENDECS\/?s={search_term_string}"},"query-input":{"@type":"PropertyValueSpecification","valueRequired":true,"valueName":"search_term_string"}}],"inLanguage":"es"},{"@type":"Organization","@id":"https:\/\/blogs.uninter.edu.mx\/ENDECS\/#organization","name":"ENDECS - UNINTER","url":"https:\/\/blogs.uninter.edu.mx\/ENDECS\/","logo":{"@type":"ImageObject","inLanguage":"es","@id":"https:\/\/blogs.uninter.edu.mx\/ENDECS\/#\/schema\/logo\/image\/","url":"https:\/\/blogs.uninter.edu.mx\/ENDECS\/wp-content\/uploads\/2019\/06\/Blog-ENDECS.jpg","contentUrl":"https:\/\/blogs.uninter.edu.mx\/ENDECS\/wp-content\/uploads\/2019\/06\/Blog-ENDECS.jpg","width":1020,"height":317,"caption":"ENDECS - UNINTER"},"image":{"@id":"https:\/\/blogs.uninter.edu.mx\/ENDECS\/#\/schema\/logo\/image\/"}},{"@type":"Person","@id":"https:\/\/blogs.uninter.edu.mx\/ENDECS\/#\/schema\/person\/222d91d341f9f04093234b9dbd57a749","name":"Ian Gles","image":{"@type":"ImageObject","inLanguage":"es","@id":"https:\/\/blogs.uninter.edu.mx\/ENDECS\/#\/schema\/person\/image\/","url":"https:\/\/secure.gravatar.com\/avatar\/dd400278fa641f907f4557c2c55a9449262521ce4d3324869231a3886b99849f?s=96&d=mm&r=g","contentUrl":"https:\/\/secure.gravatar.com\/avatar\/dd400278fa641f907f4557c2c55a9449262521ce4d3324869231a3886b99849f?s=96&d=mm&r=g","caption":"Ian Gles"},"url":"https:\/\/blogs.uninter.edu.mx\/ENDECS\/index.php\/author\/iguadarrama\/"}]}},"jetpack_publicize_connections":[],"jetpack_featured_media_url":"https:\/\/blogs.uninter.edu.mx\/ENDECS\/wp-content\/uploads\/2026\/04\/istockphoto-932176142-170667a.jpg","jetpack_sharing_enabled":true,"_links":{"self":[{"href":"https:\/\/blogs.uninter.edu.mx\/ENDECS\/index.php\/wp-json\/wp\/v2\/posts\/12612","targetHints":{"allow":["GET"]}}],"collection":[{"href":"https:\/\/blogs.uninter.edu.mx\/ENDECS\/index.php\/wp-json\/wp\/v2\/posts"}],"about":[{"href":"https:\/\/blogs.uninter.edu.mx\/ENDECS\/index.php\/wp-json\/wp\/v2\/types\/post"}],"author":[{"embeddable":true,"href":"https:\/\/blogs.uninter.edu.mx\/ENDECS\/index.php\/wp-json\/wp\/v2\/users\/8"}],"replies":[{"embeddable":true,"href":"https:\/\/blogs.uninter.edu.mx\/ENDECS\/index.php\/wp-json\/wp\/v2\/comments?post=12612"}],"version-history":[{"count":2,"href":"https:\/\/blogs.uninter.edu.mx\/ENDECS\/index.php\/wp-json\/wp\/v2\/posts\/12612\/revisions"}],"predecessor-version":[{"id":12615,"href":"https:\/\/blogs.uninter.edu.mx\/ENDECS\/index.php\/wp-json\/wp\/v2\/posts\/12612\/revisions\/12615"}],"wp:featuredmedia":[{"embeddable":true,"href":"https:\/\/blogs.uninter.edu.mx\/ENDECS\/index.php\/wp-json\/wp\/v2\/media\/12613"}],"wp:attachment":[{"href":"https:\/\/blogs.uninter.edu.mx\/ENDECS\/index.php\/wp-json\/wp\/v2\/media?parent=12612"}],"wp:term":[{"taxonomy":"category","embeddable":true,"href":"https:\/\/blogs.uninter.edu.mx\/ENDECS\/index.php\/wp-json\/wp\/v2\/categories?post=12612"},{"taxonomy":"post_tag","embeddable":true,"href":"https:\/\/blogs.uninter.edu.mx\/ENDECS\/index.php\/wp-json\/wp\/v2\/tags?post=12612"}],"curies":[{"name":"wp","href":"https:\/\/api.w.org\/{rel}","templated":true}]}}