{"id":12636,"date":"2026-04-28T12:11:16","date_gmt":"2026-04-28T18:11:16","guid":{"rendered":"https:\/\/blogs.uninter.edu.mx\/ENDECS\/?p=12636"},"modified":"2026-04-28T12:11:24","modified_gmt":"2026-04-28T18:11:24","slug":"federacion-estado-federal","status":"publish","type":"post","link":"https:\/\/blogs.uninter.edu.mx\/ENDECS\/index.php\/2026\/04\/28\/federacion-estado-federal\/","title":{"rendered":"\u00bfQu\u00e9 es una federaci\u00f3n?"},"content":{"rendered":"\n<p>Derivada del Lat\u00edn foederatio-onis, siendo foederatio alianza, uni\u00f3n o federaci\u00f3n.<\/p>\n\n\n\n<p>Derivada del Lat\u00edn foederatio-onis, siendo foederatio alianza, uni\u00f3n o federaci\u00f3n. Por la misma ra\u00edz etimol\u00f3gica de la palabra podemos entender que una Federaci\u00f3n es una forma de organizaci\u00f3n del Estado que busca unir divisiones territoriales con el objetivo de otorgarle a cada entidad cierta autonom\u00eda, evitando as\u00ed la centralizaci\u00f3n.<\/p>\n\n\n\n<div class=\"wp-block-columns is-layout-flex wp-container-core-columns-is-layout-9d6595d7 wp-block-columns-is-layout-flex\">\n<div class=\"wp-block-column is-layout-flow wp-block-column-is-layout-flow\">\n<p>De acuerdo con Norberto Bobbio, qui\u00e9n define al federalismo \u201cla federaci\u00f3n es un sistema que equilibra la existencia de entidades aut\u00f3nomas con la creaci\u00f3n de una entidad superior\u201d. Entendiendo que para que exista un federalismo, o federaci\u00f3n, debe existir una divisi\u00f3n notoria entre entidades, pero que de forma activa apoyan los intereses del Estado, encuentra apoyado en la existencia de entidades aut\u00f3nomas.<\/p>\n<\/div>\n\n\n\n<div class=\"wp-block-column is-layout-flow wp-block-column-is-layout-flow\">\n<figure class=\"wp-block-image size-large\"><img decoding=\"async\" src=\"https:\/\/th.bing.com\/th\/id\/OIP.OXN670pFzKWG9xXbNSdzXwHaE6?o=7rm=3&amp;rs=1&amp;pid=ImgDetMain&amp;o=7&amp;rm=3\" alt=\"\" \/><\/figure>\n<\/div>\n<\/div>\n\n\n\n<h2 class=\"wp-block-heading\">Tipos de federaci\u00f3n<\/h2>\n\n\n\n<ul class=\"wp-block-list\">\n<li><strong>Federalismo Sim\u00e9trico:<\/strong> Todas las unidades componentes (estados\/provincias) tienen las mismas competencias y poderes.<\/li>\n\n\n\n<li><strong>Federalismo Asim\u00e9trico:<\/strong> Algunas unidades aut\u00f3nomas poseen mayores competencias o privilegios que otras, reconociendo particularidades culturales o hist\u00f3ricas.<\/li>\n\n\n\n<li><strong>Federaci\u00f3n de Cohesi\u00f3n:<\/strong> El poder central se comparte con las partes constituyentes para manejar la diversidad, a menudo concentrando m\u00e1s autoridad inicial.<\/li>\n\n\n\n<li><strong>Federaci\u00f3n de Integraci\u00f3n:<\/strong> Estados previamente soberanos deciden unirse para formar una nueva entidad federal.<\/li>\n\n\n\n<li><strong>Federalismo Dual:<\/strong> Existe una separaci\u00f3n clara y r\u00edgida de competencias entre el gobierno federal y los gobiernos locales.<\/li>\n\n\n\n<li><strong>Federalismo Cooperativo:<\/strong> El gobierno federal y los locales colaboran estrechamente en la gesti\u00f3n de pol\u00edticas p\u00fablicas.<\/li>\n<\/ul>\n\n\n\n<h2 class=\"wp-block-heading\">Conclusi\u00f3n<\/h2>\n\n\n\n<p>Con esto podemos entender que una federaci\u00f3n es mucho m\u00e1s que una simple descentralizaci\u00f3n administrativa ya que presenta un modelo de Estado que busca armonizar dos principios aparentemente opuestos. La autonom\u00eda de las entidades territoriales y la unidad de una naci\u00f3n. Como se\u00f1ala Bobbio, su esencia radica en un equilibrio din\u00e1mico entre las partes y el todo.<\/p>\n\n\n\n<p>Informaci\u00f3n Recopilada por Axel Josu\u00e9 Sanabria Escobar<\/p>\n\n\n<h5>Bibliograf\u00eda<\/h5>\n\n\n<ol class=\"wp-block-list\">\n<li>Anotaciones sobre el sistema federal (2003) (S\/f). Unam.mx. Recuperado el 26 de abril de 2026, de <a href=\"https:\/\/archivos.juridicas.unam.mx\/www\/bjv\/libros\/2\/919\/5.pdf\">https:\/\/archivos.juridicas.unam.mx\/www\/bjv\/libros\/2\/919\/5.pdf<\/a><\/li>\n\n\n\n<li>Briebrich Torres, Carlos Armando y Sp\u00edndola Y\u00e1\u00f1ez, Alejandro, \u201cEstado Federal\u201d, Diccionario de la Constituci\u00f3n Mexicana. Jerarqu\u00eda y vinculaci\u00f3n de sus conceptos, M\u00e9xico, C\u00e1mara de Diputados-LX Legislatura-Instituto Mexicano de EstrategiasMiguel \u00c1ngel Porr\u00faa, 2009, p. 336.<\/li>\n\n\n\n<li>Graff Zivin, E. (2022). De la naturaleza de las cosas de Lezra. Res Publica Revistade Historia de las Ideas Pol\u00edticas, 25(1), 3\u20139. <a href=\"https:\/\/doi.org\/10.5209\/rpub.7574\">https:\/\/doi.org\/10.5209\/rpub.7574<\/a><\/li>\n<\/ol>\n\n\n<h5>Entradas recientes<\/h5>\n\n<ul class=\"wp-block-latest-posts__list wp-block-latest-posts\"><li><a class=\"wp-block-latest-posts__post-title\" href=\"https:\/\/blogs.uninter.edu.mx\/ENDECS\/index.php\/2026\/04\/28\/federacion-estado-federal\/\">\u00bfQu\u00e9 es una federaci\u00f3n?<\/a><\/li>\n<li><a class=\"wp-block-latest-posts__post-title\" href=\"https:\/\/blogs.uninter.edu.mx\/ENDECS\/index.php\/2026\/04\/28\/divisas-comercio\/\">Influencia de las divisas para el Comercio Exterior<\/a><\/li>\n<li><a class=\"wp-block-latest-posts__post-title\" href=\"https:\/\/blogs.uninter.edu.mx\/ENDECS\/index.php\/2026\/04\/21\/la-revolucion-digital\/\">La Revoluci\u00f3n Digital<\/a><\/li>\n<li><a class=\"wp-block-latest-posts__post-title\" href=\"https:\/\/blogs.uninter.edu.mx\/ENDECS\/index.php\/2026\/04\/17\/ux-ui-negocios-conferencia-diana-mejia\/\">UX y UI en los Negocios: Conferencia con Diana Mej\u00eda<\/a><\/li>\n<li><a class=\"wp-block-latest-posts__post-title\" href=\"https:\/\/blogs.uninter.edu.mx\/ENDECS\/index.php\/2026\/04\/03\/gestion-reputacion-marca-2026\/\">Gesti\u00f3n De La Reputaci\u00f3n De Marca En Un Entorno Digital y Socialmente Exigente<\/a><\/li>\n<\/ul>\n\n\n<p><\/p>\n","protected":false},"excerpt":{"rendered":"<p>Derivada del Lat\u00edn foederatio-onis, siendo foederatio alianza, uni\u00f3n o federaci\u00f3n. Derivada del Lat\u00edn foederatio-onis, siendo foederatio alianza, uni\u00f3n o federaci\u00f3n. Por la misma ra\u00edz etimol\u00f3gica de la palabra podemos entender que una Federaci\u00f3n es una forma de organizaci\u00f3n del Estado que busca unir divisiones territoriales con el objetivo de otorgarle a cada entidad cierta autonom\u00eda,&hellip;<\/p>\n","protected":false},"author":8,"featured_media":12637,"comment_status":"open","ping_status":"open","sticky":false,"template":"","format":"standard","meta":{"_jetpack_memberships_contains_paid_content":false,"footnotes":"","jetpack_publicize_message":"","jetpack_publicize_feature_enabled":true,"jetpack_social_post_already_shared":true,"jetpack_social_options":{"image_generator_settings":{"template":"highway","default_image_id":0,"font":"","enabled":false},"version":2}},"categories":[1,15],"tags":[279,21,244,22,23],"class_list":["post-12636","post","type-post","status-publish","format-standard","has-post-thumbnail","hentry","category-endecs","category-licenciatura-en-ciencias-politicas-y-gestion-publica","tag-ciencia","tag-endecs","tag-escuela-de-negocios-derecho-y-ciencias-sociales","tag-uninter","tag-universidad-internacional"],"yoast_head":"<!-- This site is optimized with the Yoast SEO plugin v26.0 - https:\/\/yoast.com\/wordpress\/plugins\/seo\/ -->\r\n<title>\u00bfQu\u00e9 es una federaci\u00f3n? - ENDECS<\/title>\r\n<meta name=\"description\" content=\"Federaci\u00f3n es una forma de organizaci\u00f3n del Estado que busca unir divisiones territoriales con el objetivo de otorgarle a cada entidad cierta autonom\u00eda, evitando as\u00ed la centralizaci\u00f3n.\" \/>\r\n<meta name=\"robots\" content=\"index, follow, max-snippet:-1, max-image-preview:large, max-video-preview:-1\" \/>\r\n<link rel=\"canonical\" href=\"https:\/\/blogs.uninter.edu.mx\/ENDECS\/index.php\/2026\/04\/28\/federacion-estado-federal\/\" \/>\r\n<meta property=\"og:locale\" content=\"es_MX\" \/>\r\n<meta property=\"og:type\" content=\"article\" \/>\r\n<meta property=\"og:title\" content=\"\u00bfQu\u00e9 es una federaci\u00f3n? - ENDECS\" \/>\r\n<meta property=\"og:description\" content=\"Federaci\u00f3n es una forma de organizaci\u00f3n del Estado que busca unir divisiones territoriales con el objetivo de otorgarle a cada entidad cierta autonom\u00eda, evitando as\u00ed la centralizaci\u00f3n.\" \/>\r\n<meta property=\"og:url\" content=\"https:\/\/blogs.uninter.edu.mx\/ENDECS\/index.php\/2026\/04\/28\/federacion-estado-federal\/\" \/>\r\n<meta property=\"og:site_name\" content=\"ENDECS\" \/>\r\n<meta property=\"article:published_time\" content=\"2026-04-28T18:11:16+00:00\" \/>\r\n<meta property=\"article:modified_time\" content=\"2026-04-28T18:11:24+00:00\" \/>\r\n<meta property=\"og:image\" content=\"https:\/\/blogs.uninter.edu.mx\/ENDECS\/wp-content\/uploads\/2026\/04\/codigo-fiscal-federacion.jpg\" \/>\r\n\t<meta property=\"og:image:width\" content=\"1920\" \/>\r\n\t<meta property=\"og:image:height\" content=\"1080\" \/>\r\n\t<meta property=\"og:image:type\" content=\"image\/jpeg\" \/>\r\n<meta name=\"author\" content=\"Ian Gles\" \/>\r\n<meta name=\"twitter:card\" content=\"summary_large_image\" \/>\r\n<meta name=\"twitter:label1\" content=\"Escrito por\" \/>\n\t<meta name=\"twitter:data1\" content=\"Ian Gles\" \/>\n\t<meta name=\"twitter:label2\" content=\"Tiempo de lectura\" \/>\n\t<meta name=\"twitter:data2\" content=\"3 minutos\" \/>\r\n<script type=\"application\/ld+json\" class=\"yoast-schema-graph\">{\"@context\":\"https:\/\/schema.org\",\"@graph\":[{\"@type\":\"Article\",\"@id\":\"https:\/\/blogs.uninter.edu.mx\/ENDECS\/index.php\/2026\/04\/28\/federacion-estado-federal\/#article\",\"isPartOf\":{\"@id\":\"https:\/\/blogs.uninter.edu.mx\/ENDECS\/index.php\/2026\/04\/28\/federacion-estado-federal\/\"},\"author\":{\"name\":\"Ian Gles\",\"@id\":\"https:\/\/blogs.uninter.edu.mx\/ENDECS\/#\/schema\/person\/222d91d341f9f04093234b9dbd57a749\"},\"headline\":\"\u00bfQu\u00e9 es una federaci\u00f3n?\",\"datePublished\":\"2026-04-28T18:11:16+00:00\",\"dateModified\":\"2026-04-28T18:11:24+00:00\",\"mainEntityOfPage\":{\"@id\":\"https:\/\/blogs.uninter.edu.mx\/ENDECS\/index.php\/2026\/04\/28\/federacion-estado-federal\/\"},\"wordCount\":430,\"commentCount\":0,\"publisher\":{\"@id\":\"https:\/\/blogs.uninter.edu.mx\/ENDECS\/#organization\"},\"image\":{\"@id\":\"https:\/\/blogs.uninter.edu.mx\/ENDECS\/index.php\/2026\/04\/28\/federacion-estado-federal\/#primaryimage\"},\"thumbnailUrl\":\"https:\/\/blogs.uninter.edu.mx\/ENDECS\/wp-content\/uploads\/2026\/04\/codigo-fiscal-federacion.jpg\",\"keywords\":[\"Ciencia\",\"ENDECS\",\"Escuela de Negocios Derecho y Ciencias Sociales\",\"UNINTER\",\"Universidad Internacional\"],\"articleSection\":[\"ENDECS\",\"Licenciatura en Ciencias Pol\u00edticas y Gesti\u00f3n P\u00fablica\"],\"inLanguage\":\"es\",\"potentialAction\":[{\"@type\":\"CommentAction\",\"name\":\"Comment\",\"target\":[\"https:\/\/blogs.uninter.edu.mx\/ENDECS\/index.php\/2026\/04\/28\/federacion-estado-federal\/#respond\"]}]},{\"@type\":\"WebPage\",\"@id\":\"https:\/\/blogs.uninter.edu.mx\/ENDECS\/index.php\/2026\/04\/28\/federacion-estado-federal\/\",\"url\":\"https:\/\/blogs.uninter.edu.mx\/ENDECS\/index.php\/2026\/04\/28\/federacion-estado-federal\/\",\"name\":\"\u00bfQu\u00e9 es una federaci\u00f3n? - ENDECS\",\"isPartOf\":{\"@id\":\"https:\/\/blogs.uninter.edu.mx\/ENDECS\/#website\"},\"primaryImageOfPage\":{\"@id\":\"https:\/\/blogs.uninter.edu.mx\/ENDECS\/index.php\/2026\/04\/28\/federacion-estado-federal\/#primaryimage\"},\"image\":{\"@id\":\"https:\/\/blogs.uninter.edu.mx\/ENDECS\/index.php\/2026\/04\/28\/federacion-estado-federal\/#primaryimage\"},\"thumbnailUrl\":\"https:\/\/blogs.uninter.edu.mx\/ENDECS\/wp-content\/uploads\/2026\/04\/codigo-fiscal-federacion.jpg\",\"datePublished\":\"2026-04-28T18:11:16+00:00\",\"dateModified\":\"2026-04-28T18:11:24+00:00\",\"description\":\"Federaci\u00f3n es una forma de organizaci\u00f3n del Estado que busca unir divisiones territoriales con el objetivo de otorgarle a cada entidad cierta autonom\u00eda, evitando as\u00ed la centralizaci\u00f3n.\",\"breadcrumb\":{\"@id\":\"https:\/\/blogs.uninter.edu.mx\/ENDECS\/index.php\/2026\/04\/28\/federacion-estado-federal\/#breadcrumb\"},\"inLanguage\":\"es\",\"potentialAction\":[{\"@type\":\"ReadAction\",\"target\":[\"https:\/\/blogs.uninter.edu.mx\/ENDECS\/index.php\/2026\/04\/28\/federacion-estado-federal\/\"]}]},{\"@type\":\"ImageObject\",\"inLanguage\":\"es\",\"@id\":\"https:\/\/blogs.uninter.edu.mx\/ENDECS\/index.php\/2026\/04\/28\/federacion-estado-federal\/#primaryimage\",\"url\":\"https:\/\/blogs.uninter.edu.mx\/ENDECS\/wp-content\/uploads\/2026\/04\/codigo-fiscal-federacion.jpg\",\"contentUrl\":\"https:\/\/blogs.uninter.edu.mx\/ENDECS\/wp-content\/uploads\/2026\/04\/codigo-fiscal-federacion.jpg\",\"width\":1920,\"height\":1080},{\"@type\":\"BreadcrumbList\",\"@id\":\"https:\/\/blogs.uninter.edu.mx\/ENDECS\/index.php\/2026\/04\/28\/federacion-estado-federal\/#breadcrumb\",\"itemListElement\":[{\"@type\":\"ListItem\",\"position\":1,\"name\":\"Inicio\",\"item\":\"https:\/\/blogs.uninter.edu.mx\/ENDECS\/\"},{\"@type\":\"ListItem\",\"position\":2,\"name\":\"\u00bfQu\u00e9 es una federaci\u00f3n?\"}]},{\"@type\":\"WebSite\",\"@id\":\"https:\/\/blogs.uninter.edu.mx\/ENDECS\/#website\",\"url\":\"https:\/\/blogs.uninter.edu.mx\/ENDECS\/\",\"name\":\"ENDECS\",\"description\":\"Escuela de Negocios Derecho y Ciencias Sociales\",\"publisher\":{\"@id\":\"https:\/\/blogs.uninter.edu.mx\/ENDECS\/#organization\"},\"potentialAction\":[{\"@type\":\"SearchAction\",\"target\":{\"@type\":\"EntryPoint\",\"urlTemplate\":\"https:\/\/blogs.uninter.edu.mx\/ENDECS\/?s={search_term_string}\"},\"query-input\":{\"@type\":\"PropertyValueSpecification\",\"valueRequired\":true,\"valueName\":\"search_term_string\"}}],\"inLanguage\":\"es\"},{\"@type\":\"Organization\",\"@id\":\"https:\/\/blogs.uninter.edu.mx\/ENDECS\/#organization\",\"name\":\"ENDECS - UNINTER\",\"url\":\"https:\/\/blogs.uninter.edu.mx\/ENDECS\/\",\"logo\":{\"@type\":\"ImageObject\",\"inLanguage\":\"es\",\"@id\":\"https:\/\/blogs.uninter.edu.mx\/ENDECS\/#\/schema\/logo\/image\/\",\"url\":\"https:\/\/blogs.uninter.edu.mx\/ENDECS\/wp-content\/uploads\/2019\/06\/Blog-ENDECS.jpg\",\"contentUrl\":\"https:\/\/blogs.uninter.edu.mx\/ENDECS\/wp-content\/uploads\/2019\/06\/Blog-ENDECS.jpg\",\"width\":1020,\"height\":317,\"caption\":\"ENDECS - UNINTER\"},\"image\":{\"@id\":\"https:\/\/blogs.uninter.edu.mx\/ENDECS\/#\/schema\/logo\/image\/\"}},{\"@type\":\"Person\",\"@id\":\"https:\/\/blogs.uninter.edu.mx\/ENDECS\/#\/schema\/person\/222d91d341f9f04093234b9dbd57a749\",\"name\":\"Ian Gles\",\"image\":{\"@type\":\"ImageObject\",\"inLanguage\":\"es\",\"@id\":\"https:\/\/blogs.uninter.edu.mx\/ENDECS\/#\/schema\/person\/image\/\",\"url\":\"https:\/\/secure.gravatar.com\/avatar\/dd400278fa641f907f4557c2c55a9449262521ce4d3324869231a3886b99849f?s=96&d=mm&r=g\",\"contentUrl\":\"https:\/\/secure.gravatar.com\/avatar\/dd400278fa641f907f4557c2c55a9449262521ce4d3324869231a3886b99849f?s=96&d=mm&r=g\",\"caption\":\"Ian Gles\"},\"url\":\"https:\/\/blogs.uninter.edu.mx\/ENDECS\/index.php\/author\/iguadarrama\/\"}]}<\/script>\r\n<!-- \/ Yoast SEO plugin. -->","yoast_head_json":{"title":"\u00bfQu\u00e9 es una federaci\u00f3n? - ENDECS","description":"Federaci\u00f3n es una forma de organizaci\u00f3n del Estado que busca unir divisiones territoriales con el objetivo de otorgarle a cada entidad cierta autonom\u00eda, evitando as\u00ed la centralizaci\u00f3n.","robots":{"index":"index","follow":"follow","max-snippet":"max-snippet:-1","max-image-preview":"max-image-preview:large","max-video-preview":"max-video-preview:-1"},"canonical":"https:\/\/blogs.uninter.edu.mx\/ENDECS\/index.php\/2026\/04\/28\/federacion-estado-federal\/","og_locale":"es_MX","og_type":"article","og_title":"\u00bfQu\u00e9 es una federaci\u00f3n? - ENDECS","og_description":"Federaci\u00f3n es una forma de organizaci\u00f3n del Estado que busca unir divisiones territoriales con el objetivo de otorgarle a cada entidad cierta autonom\u00eda, evitando as\u00ed la centralizaci\u00f3n.","og_url":"https:\/\/blogs.uninter.edu.mx\/ENDECS\/index.php\/2026\/04\/28\/federacion-estado-federal\/","og_site_name":"ENDECS","article_published_time":"2026-04-28T18:11:16+00:00","article_modified_time":"2026-04-28T18:11:24+00:00","og_image":[{"width":1920,"height":1080,"url":"https:\/\/blogs.uninter.edu.mx\/ENDECS\/wp-content\/uploads\/2026\/04\/codigo-fiscal-federacion.jpg","type":"image\/jpeg"}],"author":"Ian Gles","twitter_card":"summary_large_image","twitter_misc":{"Escrito por":"Ian Gles","Tiempo de lectura":"3 minutos"},"schema":{"@context":"https:\/\/schema.org","@graph":[{"@type":"Article","@id":"https:\/\/blogs.uninter.edu.mx\/ENDECS\/index.php\/2026\/04\/28\/federacion-estado-federal\/#article","isPartOf":{"@id":"https:\/\/blogs.uninter.edu.mx\/ENDECS\/index.php\/2026\/04\/28\/federacion-estado-federal\/"},"author":{"name":"Ian Gles","@id":"https:\/\/blogs.uninter.edu.mx\/ENDECS\/#\/schema\/person\/222d91d341f9f04093234b9dbd57a749"},"headline":"\u00bfQu\u00e9 es una federaci\u00f3n?","datePublished":"2026-04-28T18:11:16+00:00","dateModified":"2026-04-28T18:11:24+00:00","mainEntityOfPage":{"@id":"https:\/\/blogs.uninter.edu.mx\/ENDECS\/index.php\/2026\/04\/28\/federacion-estado-federal\/"},"wordCount":430,"commentCount":0,"publisher":{"@id":"https:\/\/blogs.uninter.edu.mx\/ENDECS\/#organization"},"image":{"@id":"https:\/\/blogs.uninter.edu.mx\/ENDECS\/index.php\/2026\/04\/28\/federacion-estado-federal\/#primaryimage"},"thumbnailUrl":"https:\/\/blogs.uninter.edu.mx\/ENDECS\/wp-content\/uploads\/2026\/04\/codigo-fiscal-federacion.jpg","keywords":["Ciencia","ENDECS","Escuela de Negocios Derecho y Ciencias Sociales","UNINTER","Universidad Internacional"],"articleSection":["ENDECS","Licenciatura en Ciencias Pol\u00edticas y Gesti\u00f3n P\u00fablica"],"inLanguage":"es","potentialAction":[{"@type":"CommentAction","name":"Comment","target":["https:\/\/blogs.uninter.edu.mx\/ENDECS\/index.php\/2026\/04\/28\/federacion-estado-federal\/#respond"]}]},{"@type":"WebPage","@id":"https:\/\/blogs.uninter.edu.mx\/ENDECS\/index.php\/2026\/04\/28\/federacion-estado-federal\/","url":"https:\/\/blogs.uninter.edu.mx\/ENDECS\/index.php\/2026\/04\/28\/federacion-estado-federal\/","name":"\u00bfQu\u00e9 es una federaci\u00f3n? - ENDECS","isPartOf":{"@id":"https:\/\/blogs.uninter.edu.mx\/ENDECS\/#website"},"primaryImageOfPage":{"@id":"https:\/\/blogs.uninter.edu.mx\/ENDECS\/index.php\/2026\/04\/28\/federacion-estado-federal\/#primaryimage"},"image":{"@id":"https:\/\/blogs.uninter.edu.mx\/ENDECS\/index.php\/2026\/04\/28\/federacion-estado-federal\/#primaryimage"},"thumbnailUrl":"https:\/\/blogs.uninter.edu.mx\/ENDECS\/wp-content\/uploads\/2026\/04\/codigo-fiscal-federacion.jpg","datePublished":"2026-04-28T18:11:16+00:00","dateModified":"2026-04-28T18:11:24+00:00","description":"Federaci\u00f3n es una forma de organizaci\u00f3n del Estado que busca unir divisiones territoriales con el objetivo de otorgarle a cada entidad cierta autonom\u00eda, evitando as\u00ed la centralizaci\u00f3n.","breadcrumb":{"@id":"https:\/\/blogs.uninter.edu.mx\/ENDECS\/index.php\/2026\/04\/28\/federacion-estado-federal\/#breadcrumb"},"inLanguage":"es","potentialAction":[{"@type":"ReadAction","target":["https:\/\/blogs.uninter.edu.mx\/ENDECS\/index.php\/2026\/04\/28\/federacion-estado-federal\/"]}]},{"@type":"ImageObject","inLanguage":"es","@id":"https:\/\/blogs.uninter.edu.mx\/ENDECS\/index.php\/2026\/04\/28\/federacion-estado-federal\/#primaryimage","url":"https:\/\/blogs.uninter.edu.mx\/ENDECS\/wp-content\/uploads\/2026\/04\/codigo-fiscal-federacion.jpg","contentUrl":"https:\/\/blogs.uninter.edu.mx\/ENDECS\/wp-content\/uploads\/2026\/04\/codigo-fiscal-federacion.jpg","width":1920,"height":1080},{"@type":"BreadcrumbList","@id":"https:\/\/blogs.uninter.edu.mx\/ENDECS\/index.php\/2026\/04\/28\/federacion-estado-federal\/#breadcrumb","itemListElement":[{"@type":"ListItem","position":1,"name":"Inicio","item":"https:\/\/blogs.uninter.edu.mx\/ENDECS\/"},{"@type":"ListItem","position":2,"name":"\u00bfQu\u00e9 es una federaci\u00f3n?"}]},{"@type":"WebSite","@id":"https:\/\/blogs.uninter.edu.mx\/ENDECS\/#website","url":"https:\/\/blogs.uninter.edu.mx\/ENDECS\/","name":"ENDECS","description":"Escuela de Negocios Derecho y Ciencias Sociales","publisher":{"@id":"https:\/\/blogs.uninter.edu.mx\/ENDECS\/#organization"},"potentialAction":[{"@type":"SearchAction","target":{"@type":"EntryPoint","urlTemplate":"https:\/\/blogs.uninter.edu.mx\/ENDECS\/?s={search_term_string}"},"query-input":{"@type":"PropertyValueSpecification","valueRequired":true,"valueName":"search_term_string"}}],"inLanguage":"es"},{"@type":"Organization","@id":"https:\/\/blogs.uninter.edu.mx\/ENDECS\/#organization","name":"ENDECS - UNINTER","url":"https:\/\/blogs.uninter.edu.mx\/ENDECS\/","logo":{"@type":"ImageObject","inLanguage":"es","@id":"https:\/\/blogs.uninter.edu.mx\/ENDECS\/#\/schema\/logo\/image\/","url":"https:\/\/blogs.uninter.edu.mx\/ENDECS\/wp-content\/uploads\/2019\/06\/Blog-ENDECS.jpg","contentUrl":"https:\/\/blogs.uninter.edu.mx\/ENDECS\/wp-content\/uploads\/2019\/06\/Blog-ENDECS.jpg","width":1020,"height":317,"caption":"ENDECS - UNINTER"},"image":{"@id":"https:\/\/blogs.uninter.edu.mx\/ENDECS\/#\/schema\/logo\/image\/"}},{"@type":"Person","@id":"https:\/\/blogs.uninter.edu.mx\/ENDECS\/#\/schema\/person\/222d91d341f9f04093234b9dbd57a749","name":"Ian Gles","image":{"@type":"ImageObject","inLanguage":"es","@id":"https:\/\/blogs.uninter.edu.mx\/ENDECS\/#\/schema\/person\/image\/","url":"https:\/\/secure.gravatar.com\/avatar\/dd400278fa641f907f4557c2c55a9449262521ce4d3324869231a3886b99849f?s=96&d=mm&r=g","contentUrl":"https:\/\/secure.gravatar.com\/avatar\/dd400278fa641f907f4557c2c55a9449262521ce4d3324869231a3886b99849f?s=96&d=mm&r=g","caption":"Ian Gles"},"url":"https:\/\/blogs.uninter.edu.mx\/ENDECS\/index.php\/author\/iguadarrama\/"}]}},"jetpack_publicize_connections":[],"jetpack_featured_media_url":"https:\/\/blogs.uninter.edu.mx\/ENDECS\/wp-content\/uploads\/2026\/04\/codigo-fiscal-federacion.jpg","jetpack_sharing_enabled":true,"_links":{"self":[{"href":"https:\/\/blogs.uninter.edu.mx\/ENDECS\/index.php\/wp-json\/wp\/v2\/posts\/12636","targetHints":{"allow":["GET"]}}],"collection":[{"href":"https:\/\/blogs.uninter.edu.mx\/ENDECS\/index.php\/wp-json\/wp\/v2\/posts"}],"about":[{"href":"https:\/\/blogs.uninter.edu.mx\/ENDECS\/index.php\/wp-json\/wp\/v2\/types\/post"}],"author":[{"embeddable":true,"href":"https:\/\/blogs.uninter.edu.mx\/ENDECS\/index.php\/wp-json\/wp\/v2\/users\/8"}],"replies":[{"embeddable":true,"href":"https:\/\/blogs.uninter.edu.mx\/ENDECS\/index.php\/wp-json\/wp\/v2\/comments?post=12636"}],"version-history":[{"count":1,"href":"https:\/\/blogs.uninter.edu.mx\/ENDECS\/index.php\/wp-json\/wp\/v2\/posts\/12636\/revisions"}],"predecessor-version":[{"id":12638,"href":"https:\/\/blogs.uninter.edu.mx\/ENDECS\/index.php\/wp-json\/wp\/v2\/posts\/12636\/revisions\/12638"}],"wp:featuredmedia":[{"embeddable":true,"href":"https:\/\/blogs.uninter.edu.mx\/ENDECS\/index.php\/wp-json\/wp\/v2\/media\/12637"}],"wp:attachment":[{"href":"https:\/\/blogs.uninter.edu.mx\/ENDECS\/index.php\/wp-json\/wp\/v2\/media?parent=12636"}],"wp:term":[{"taxonomy":"category","embeddable":true,"href":"https:\/\/blogs.uninter.edu.mx\/ENDECS\/index.php\/wp-json\/wp\/v2\/categories?post=12636"},{"taxonomy":"post_tag","embeddable":true,"href":"https:\/\/blogs.uninter.edu.mx\/ENDECS\/index.php\/wp-json\/wp\/v2\/tags?post=12636"}],"curies":[{"name":"wp","href":"https:\/\/api.w.org\/{rel}","templated":true}]}}