{"id":219,"date":"2020-01-25T13:00:04","date_gmt":"2020-01-25T19:00:04","guid":{"rendered":"https:\/\/blogs.uninter.edu.mx\/ENDECS\/?p=219"},"modified":"2020-01-20T15:49:31","modified_gmt":"2020-01-20T21:49:31","slug":"lcp-cesar-bautista-millan-informe-en-la-practica","status":"publish","type":"post","link":"https:\/\/blogs.uninter.edu.mx\/ENDECS\/index.php\/2020\/01\/25\/lcp-cesar-bautista-millan-informe-en-la-practica\/","title":{"rendered":"Desarrollo de la evaluaci\u00f3n y planeaci\u00f3n fiscal y administrativa vinculados con la responsabilidad social"},"content":{"rendered":"\n<div class=\"wp-block-image\"><figure class=\"aligncenter\"><a href=\"https:\/\/uninter.edu.mx\/\" target=\"_blank\" rel=\"noreferrer noopener\"><img decoding=\"async\" src=\"https:\/\/blogs.uninter.edu.mx\/ENDECS\/wp-content\/uploads\/2019\/06\/Imagen1.gif\" alt=\"\" class=\"wp-image-179\"\/><\/a><\/figure><\/div>\n\n\n\n<h2 class=\"wp-block-heading\" style=\"text-align:center\">Informe en la Pr\u00e1ctica<\/h2>\n\n\n\n<div class=\"wp-block-image\"><figure class=\"alignright\"><img loading=\"lazy\" decoding=\"async\" width=\"281\" height=\"180\" src=\"https:\/\/blogs.uninter.edu.mx\/ENDECS\/wp-content\/uploads\/2019\/06\/impuestos.jpg\" alt=\"tesina\" class=\"wp-image-221\"\/><\/figure><\/div>\n\n\n\n<p style=\"text-align:justify\">Este informe en la pr\u00e1ctica inicia con las exigencias por parte de la Secretar\u00eda de Hacienda en el cumplimiento de las obligaciones fiscales hacia los contribuyentes. El desarrollo tan avanzado de su plataforma tecnol\u00f3gica, as\u00ed como el desarrollo y empuje del entorno profesional y comercial, han provocado que los contadores se vean en la necesidad de seguirse preparando y capacitando.\u00a0Para despu\u00e9s estar en competencia y con los conocimientos suficientes para cumplir con las expectativas solicitadas en el desarrollo de sus funciones. <\/p>\n\n\n\n<p style=\"text-align:justify\">La investigaci\u00f3n fue presentada por el  L.C.P. C\u00c9SAR BAUTISTA MILL\u00c1N  para obtener el grado de Maestro en <a href=\"https:\/\/posgrados.uninter.edu.mx\/Maes-Admin-Direc\">Impuestos<\/a><\/p>\n\n\n\n<div class=\"wp-block-image\"><figure class=\"alignleft\"><img loading=\"lazy\" decoding=\"async\" width=\"300\" height=\"192\" src=\"https:\/\/blogs.uninter.edu.mx\/ENDECS\/wp-content\/uploads\/2019\/06\/planeacion-fiscal-300x192.png\" alt=\"tesina\" class=\"wp-image-222\" srcset=\"https:\/\/blogs.uninter.edu.mx\/ENDECS\/wp-content\/uploads\/2019\/06\/planeacion-fiscal-300x192.png 300w, https:\/\/blogs.uninter.edu.mx\/ENDECS\/wp-content\/uploads\/2019\/06\/planeacion-fiscal-768x492.png 768w, https:\/\/blogs.uninter.edu.mx\/ENDECS\/wp-content\/uploads\/2019\/06\/planeacion-fiscal.png 1000w\" sizes=\"auto, (max-width: 300px) 100vw, 300px\" \/><\/figure><\/div>\n\n\n\n<p style=\"text-align:justify\">As\u00ed tambi\u00e9n en la actualidad se ha distorsionado la imagen de los contadores ya que los tienen considerados como una carga econ\u00f3mica en las empresas y negocios. Al ser un factor de desembolso de dinero, por ello existe la necesidad de hacerles ver a los empresarios y clientes que no es as\u00ed, y que pueden contribuir a cuidar y hacer crecer su patrimonio; estableciendo estrategias y controles que van m\u00e1s all\u00e1 que la simple determinaci\u00f3n de los impuestos. <\/p>\n\n\n\n<div class=\"wp-block-image\"><figure class=\"alignright\"><img loading=\"lazy\" decoding=\"async\" width=\"275\" height=\"183\" src=\"https:\/\/blogs.uninter.edu.mx\/ENDECS\/wp-content\/uploads\/2019\/06\/Microfinanciera.jpg\" alt=\"Tesina\" class=\"wp-image-206\"\/><\/figure><\/div>\n\n\n\n<p style=\"text-align:justify\">Es as\u00ed como ser\u00e1n tomados casos reales de las operaciones fiscales y administrativas que ha vivido la empresa; en otras palabras, que demuestre que alternativas de soluci\u00f3n fueron consideradas y los resultados obtenidos en base a estas decisiones.<\/p>\n\n\n\n<p style=\"text-align:justify\"><strong>Si quieres seguir leyendo, ingresa al siguiente link<\/strong><\/p>\n\n\n\n<div class=\"wp-block-button alignleft is-style-outline is-style-outline--1\"><a class=\"wp-block-button__link has-background has-very-light-gray-background-color\" href=\"https:\/\/uninteredumx-my.sharepoint.com\/:w:\/g\/personal\/endecs_uninter_edu_mx\/Eb03CWvvLFVErX8YekvXTkwB2HAjGr3UftSdzM-zn_ac4w?e=lGRii4\"><strong>Descarga aqu\u00ed<\/strong><\/a><\/div>\n\n\n\n<div class=\"wp-block-button alignleft is-style-outline is-style-outline--2\"><a class=\"wp-block-button__link has-background has-very-light-gray-background-color\" href=\"https:\/\/www.facebook.com\/dacsuninter1\/\"><strong>M\u00e1s de la ENDECS<\/strong><\/a><\/div>\n\n\n\n<div class=\"wp-block-button alignleft is-style-outline is-style-outline--3\"><a class=\"wp-block-button__link has-background has-very-light-gray-background-color\" href=\"https:\/\/blogs.uninter.edu.mx\/ENDECS\/index.php\/category\/posgrados\/\"><strong>Otras publicaciones<\/strong><\/a><\/div>\n\n\n\n<figure class=\"wp-block-image\"><a href=\"https:\/\/www.facebook.com\/dacsuninter1\/\" target=\"_blank\" rel=\"noreferrer noopener\"><img loading=\"lazy\" decoding=\"async\" width=\"1020\" height=\"317\" src=\"https:\/\/blogs.uninter.edu.mx\/ENDECS\/wp-content\/uploads\/2019\/06\/Blog-ENDECS.jpg\" alt=\"Escuela de Negocios, Derecho y Ciencias Sociales\" class=\"wp-image-6\" srcset=\"https:\/\/blogs.uninter.edu.mx\/ENDECS\/wp-content\/uploads\/2019\/06\/Blog-ENDECS.jpg 1020w, https:\/\/blogs.uninter.edu.mx\/ENDECS\/wp-content\/uploads\/2019\/06\/Blog-ENDECS-300x93.jpg 300w, https:\/\/blogs.uninter.edu.mx\/ENDECS\/wp-content\/uploads\/2019\/06\/Blog-ENDECS-768x239.jpg 768w\" sizes=\"auto, (max-width: 1020px) 100vw, 1020px\" \/><\/a><figcaption><a href=\"https:\/\/www.facebook.com\/dacsuninter1\/\" target=\"_blank\" rel=\"noreferrer noopener\" aria-label=\"ENDECS (opens in a new tab)\">ENDECS<\/a><\/figcaption><\/figure>\n","protected":false},"excerpt":{"rendered":"<p>Informe en la Pr\u00e1ctica sobre el Desarrollo de la evaluaci\u00f3n y planeaci\u00f3n fiscal y administrativa vinculados con la responsabilidad social. presentada por el  L.C.P. C\u00c9SAR BAUTISTA MILL\u00c1N  para obtener el grado de Maestro en Impuestos.<\/p>\n","protected":false},"author":17,"featured_media":373,"comment_status":"open","ping_status":"open","sticky":false,"template":"","format":"standard","meta":{"_jetpack_memberships_contains_paid_content":false,"footnotes":"","jetpack_publicize_message":"","jetpack_publicize_feature_enabled":true,"jetpack_social_post_already_shared":true,"jetpack_social_options":{"image_generator_settings":{"template":"highway","default_image_id":0,"font":"","enabled":false},"version":2}},"categories":[1,30,4],"tags":[21,244,53,40,54,22,23],"class_list":["post-219","post","type-post","status-publish","format-standard","has-post-thumbnail","hentry","category-endecs","category-investigaciones","category-posgrados-uninter","tag-endecs","tag-escuela-de-negocios-derecho-y-ciencias-sociales","tag-impuestos","tag-investigaciones","tag-planeacion-fiscal","tag-uninter","tag-universidad-internacional"],"yoast_head":"<!-- This site is optimized with the Yoast SEO plugin v26.0 - https:\/\/yoast.com\/wordpress\/plugins\/seo\/ -->\r\n<title>Informe en la pr\u00e1ctica del L.C.P. C\u00e9sar Bautista Mill\u00e1n - ENDECS<\/title>\r\n<meta name=\"description\" content=\"El informe en la pr\u00e1ctica como informe en la practica fue presentada por el L.C.P. C\u00c9SAR BAUTISTA MILL\u00c1N para obtener el grado de Maestro en Impuestos\" \/>\r\n<meta name=\"robots\" content=\"index, follow, max-snippet:-1, max-image-preview:large, max-video-preview:-1\" \/>\r\n<link rel=\"canonical\" href=\"https:\/\/blogs.uninter.edu.mx\/ENDECS\/index.php\/2020\/01\/25\/lcp-cesar-bautista-millan-informe-en-la-practica\/\" \/>\r\n<meta property=\"og:locale\" content=\"es_MX\" \/>\r\n<meta property=\"og:type\" content=\"article\" \/>\r\n<meta property=\"og:title\" content=\"Desarrollo de la evaluaci\u00f3n y planeaci\u00f3n fiscal y administrativa vinculados con la responsabilidad social\" \/>\r\n<meta property=\"og:description\" content=\"La investigaci\u00f3n fue presentada por el L.C.P. C\u00c9SAR BAUTISTA MILL\u00c1N para obtener el grado de Maestro en Impuestos\" \/>\r\n<meta property=\"og:url\" content=\"https:\/\/blogs.uninter.edu.mx\/ENDECS\/index.php\/2020\/01\/25\/lcp-cesar-bautista-millan-informe-en-la-practica\/\" \/>\r\n<meta property=\"og:site_name\" content=\"ENDECS\" \/>\r\n<meta property=\"article:published_time\" content=\"2020-01-25T19:00:04+00:00\" \/>\r\n<meta property=\"og:image\" content=\"https:\/\/blogs.uninter.edu.mx\/ENDECS\/wp-content\/uploads\/2019\/06\/tesis-endecs-1.png\" \/>\r\n\t<meta property=\"og:image:width\" content=\"1200\" \/>\r\n\t<meta property=\"og:image:height\" content=\"800\" \/>\r\n\t<meta property=\"og:image:type\" content=\"image\/png\" \/>\r\n<meta name=\"author\" content=\"Alexis Andrade\" \/>\r\n<meta name=\"twitter:card\" content=\"summary_large_image\" \/>\r\n<meta name=\"twitter:title\" content=\"Desarrollo de la evaluaci\u00f3n y planeaci\u00f3n fiscal y administrativa vinculados con la responsabilidad social\" \/>\r\n<meta name=\"twitter:description\" content=\"La investigaci\u00f3n fue presentada por el L.C.P. C\u00c9SAR BAUTISTA MILL\u00c1N para obtener el grado de Maestro en Impuestos\" \/>\r\n<meta name=\"twitter:image\" content=\"https:\/\/blogs.uninter.edu.mx\/ENDECS\/wp-content\/uploads\/2019\/06\/tesis-endecs-1.png\" \/>\r\n<meta name=\"twitter:label1\" content=\"Escrito por\" \/>\n\t<meta name=\"twitter:data1\" content=\"Alexis Andrade\" \/>\n\t<meta name=\"twitter:label2\" content=\"Tiempo de lectura\" \/>\n\t<meta name=\"twitter:data2\" content=\"1 minuto\" \/>\r\n<script type=\"application\/ld+json\" class=\"yoast-schema-graph\">{\"@context\":\"https:\/\/schema.org\",\"@graph\":[{\"@type\":\"Article\",\"@id\":\"https:\/\/blogs.uninter.edu.mx\/ENDECS\/index.php\/2020\/01\/25\/lcp-cesar-bautista-millan-informe-en-la-practica\/#article\",\"isPartOf\":{\"@id\":\"https:\/\/blogs.uninter.edu.mx\/ENDECS\/index.php\/2020\/01\/25\/lcp-cesar-bautista-millan-informe-en-la-practica\/\"},\"author\":{\"name\":\"Alexis Andrade\",\"@id\":\"https:\/\/blogs.uninter.edu.mx\/ENDECS\/#\/schema\/person\/9015536974bedab498c004a7d50ee73c\"},\"headline\":\"Desarrollo de la evaluaci\u00f3n y planeaci\u00f3n fiscal y administrativa vinculados con la responsabilidad social\",\"datePublished\":\"2020-01-25T19:00:04+00:00\",\"mainEntityOfPage\":{\"@id\":\"https:\/\/blogs.uninter.edu.mx\/ENDECS\/index.php\/2020\/01\/25\/lcp-cesar-bautista-millan-informe-en-la-practica\/\"},\"wordCount\":270,\"commentCount\":0,\"publisher\":{\"@id\":\"https:\/\/blogs.uninter.edu.mx\/ENDECS\/#organization\"},\"image\":{\"@id\":\"https:\/\/blogs.uninter.edu.mx\/ENDECS\/index.php\/2020\/01\/25\/lcp-cesar-bautista-millan-informe-en-la-practica\/#primaryimage\"},\"thumbnailUrl\":\"https:\/\/blogs.uninter.edu.mx\/ENDECS\/wp-content\/uploads\/2019\/07\/bautista-millan.png\",\"keywords\":[\"ENDECS\",\"Escuela de Negocios Derecho y Ciencias Sociales\",\"impuestos\",\"investigaciones\",\"planeaci\u00f3n fiscal\",\"UNINTER\",\"Universidad Internacional\"],\"articleSection\":[\"ENDECS\",\"Investigaciones\",\"Posgrados ENDECS\"],\"inLanguage\":\"es\",\"potentialAction\":[{\"@type\":\"CommentAction\",\"name\":\"Comment\",\"target\":[\"https:\/\/blogs.uninter.edu.mx\/ENDECS\/index.php\/2020\/01\/25\/lcp-cesar-bautista-millan-informe-en-la-practica\/#respond\"]}]},{\"@type\":\"WebPage\",\"@id\":\"https:\/\/blogs.uninter.edu.mx\/ENDECS\/index.php\/2020\/01\/25\/lcp-cesar-bautista-millan-informe-en-la-practica\/\",\"url\":\"https:\/\/blogs.uninter.edu.mx\/ENDECS\/index.php\/2020\/01\/25\/lcp-cesar-bautista-millan-informe-en-la-practica\/\",\"name\":\"Informe en la pr\u00e1ctica del L.C.P. C\u00e9sar Bautista Mill\u00e1n - ENDECS\",\"isPartOf\":{\"@id\":\"https:\/\/blogs.uninter.edu.mx\/ENDECS\/#website\"},\"primaryImageOfPage\":{\"@id\":\"https:\/\/blogs.uninter.edu.mx\/ENDECS\/index.php\/2020\/01\/25\/lcp-cesar-bautista-millan-informe-en-la-practica\/#primaryimage\"},\"image\":{\"@id\":\"https:\/\/blogs.uninter.edu.mx\/ENDECS\/index.php\/2020\/01\/25\/lcp-cesar-bautista-millan-informe-en-la-practica\/#primaryimage\"},\"thumbnailUrl\":\"https:\/\/blogs.uninter.edu.mx\/ENDECS\/wp-content\/uploads\/2019\/07\/bautista-millan.png\",\"datePublished\":\"2020-01-25T19:00:04+00:00\",\"description\":\"El informe en la pr\u00e1ctica como informe en la practica fue presentada por el L.C.P. C\u00c9SAR BAUTISTA MILL\u00c1N para obtener el grado de Maestro en Impuestos\",\"breadcrumb\":{\"@id\":\"https:\/\/blogs.uninter.edu.mx\/ENDECS\/index.php\/2020\/01\/25\/lcp-cesar-bautista-millan-informe-en-la-practica\/#breadcrumb\"},\"inLanguage\":\"es\",\"potentialAction\":[{\"@type\":\"ReadAction\",\"target\":[\"https:\/\/blogs.uninter.edu.mx\/ENDECS\/index.php\/2020\/01\/25\/lcp-cesar-bautista-millan-informe-en-la-practica\/\"]}]},{\"@type\":\"ImageObject\",\"inLanguage\":\"es\",\"@id\":\"https:\/\/blogs.uninter.edu.mx\/ENDECS\/index.php\/2020\/01\/25\/lcp-cesar-bautista-millan-informe-en-la-practica\/#primaryimage\",\"url\":\"https:\/\/blogs.uninter.edu.mx\/ENDECS\/wp-content\/uploads\/2019\/07\/bautista-millan.png\",\"contentUrl\":\"https:\/\/blogs.uninter.edu.mx\/ENDECS\/wp-content\/uploads\/2019\/07\/bautista-millan.png\",\"width\":1200,\"height\":800},{\"@type\":\"BreadcrumbList\",\"@id\":\"https:\/\/blogs.uninter.edu.mx\/ENDECS\/index.php\/2020\/01\/25\/lcp-cesar-bautista-millan-informe-en-la-practica\/#breadcrumb\",\"itemListElement\":[{\"@type\":\"ListItem\",\"position\":1,\"name\":\"Inicio\",\"item\":\"https:\/\/blogs.uninter.edu.mx\/ENDECS\/\"},{\"@type\":\"ListItem\",\"position\":2,\"name\":\"Desarrollo de la evaluaci\u00f3n y planeaci\u00f3n fiscal y administrativa vinculados con la responsabilidad social\"}]},{\"@type\":\"WebSite\",\"@id\":\"https:\/\/blogs.uninter.edu.mx\/ENDECS\/#website\",\"url\":\"https:\/\/blogs.uninter.edu.mx\/ENDECS\/\",\"name\":\"ENDECS\",\"description\":\"Escuela de Negocios Derecho y Ciencias Sociales\",\"publisher\":{\"@id\":\"https:\/\/blogs.uninter.edu.mx\/ENDECS\/#organization\"},\"potentialAction\":[{\"@type\":\"SearchAction\",\"target\":{\"@type\":\"EntryPoint\",\"urlTemplate\":\"https:\/\/blogs.uninter.edu.mx\/ENDECS\/?s={search_term_string}\"},\"query-input\":{\"@type\":\"PropertyValueSpecification\",\"valueRequired\":true,\"valueName\":\"search_term_string\"}}],\"inLanguage\":\"es\"},{\"@type\":\"Organization\",\"@id\":\"https:\/\/blogs.uninter.edu.mx\/ENDECS\/#organization\",\"name\":\"ENDECS - UNINTER\",\"url\":\"https:\/\/blogs.uninter.edu.mx\/ENDECS\/\",\"logo\":{\"@type\":\"ImageObject\",\"inLanguage\":\"es\",\"@id\":\"https:\/\/blogs.uninter.edu.mx\/ENDECS\/#\/schema\/logo\/image\/\",\"url\":\"https:\/\/blogs.uninter.edu.mx\/ENDECS\/wp-content\/uploads\/2019\/06\/Blog-ENDECS.jpg\",\"contentUrl\":\"https:\/\/blogs.uninter.edu.mx\/ENDECS\/wp-content\/uploads\/2019\/06\/Blog-ENDECS.jpg\",\"width\":1020,\"height\":317,\"caption\":\"ENDECS - UNINTER\"},\"image\":{\"@id\":\"https:\/\/blogs.uninter.edu.mx\/ENDECS\/#\/schema\/logo\/image\/\"}},{\"@type\":\"Person\",\"@id\":\"https:\/\/blogs.uninter.edu.mx\/ENDECS\/#\/schema\/person\/9015536974bedab498c004a7d50ee73c\",\"name\":\"Alexis Andrade\",\"image\":{\"@type\":\"ImageObject\",\"inLanguage\":\"es\",\"@id\":\"https:\/\/blogs.uninter.edu.mx\/ENDECS\/#\/schema\/person\/image\/\",\"url\":\"https:\/\/secure.gravatar.com\/avatar\/b4c422a086e48773ab64b57f3e01501bec116afcc90a32d4a7f71e7c34f6d693?s=96&d=mm&r=g\",\"contentUrl\":\"https:\/\/secure.gravatar.com\/avatar\/b4c422a086e48773ab64b57f3e01501bec116afcc90a32d4a7f71e7c34f6d693?s=96&d=mm&r=g\",\"caption\":\"Alexis Andrade\"},\"url\":\"https:\/\/blogs.uninter.edu.mx\/ENDECS\/index.php\/author\/aandrade\/\"}]}<\/script>\r\n<!-- \/ Yoast SEO plugin. -->","yoast_head_json":{"title":"Informe en la pr\u00e1ctica del L.C.P. C\u00e9sar Bautista Mill\u00e1n - ENDECS","description":"El informe en la pr\u00e1ctica como informe en la practica fue presentada por el L.C.P. C\u00c9SAR BAUTISTA MILL\u00c1N para obtener el grado de Maestro en Impuestos","robots":{"index":"index","follow":"follow","max-snippet":"max-snippet:-1","max-image-preview":"max-image-preview:large","max-video-preview":"max-video-preview:-1"},"canonical":"https:\/\/blogs.uninter.edu.mx\/ENDECS\/index.php\/2020\/01\/25\/lcp-cesar-bautista-millan-informe-en-la-practica\/","og_locale":"es_MX","og_type":"article","og_title":"Desarrollo de la evaluaci\u00f3n y planeaci\u00f3n fiscal y administrativa vinculados con la responsabilidad social","og_description":"La investigaci\u00f3n fue presentada por el L.C.P. C\u00c9SAR BAUTISTA MILL\u00c1N para obtener el grado de Maestro en Impuestos","og_url":"https:\/\/blogs.uninter.edu.mx\/ENDECS\/index.php\/2020\/01\/25\/lcp-cesar-bautista-millan-informe-en-la-practica\/","og_site_name":"ENDECS","article_published_time":"2020-01-25T19:00:04+00:00","og_image":[{"width":1200,"height":800,"url":"https:\/\/blogs.uninter.edu.mx\/ENDECS\/wp-content\/uploads\/2019\/06\/tesis-endecs-1.png","type":"image\/png"}],"author":"Alexis Andrade","twitter_card":"summary_large_image","twitter_title":"Desarrollo de la evaluaci\u00f3n y planeaci\u00f3n fiscal y administrativa vinculados con la responsabilidad social","twitter_description":"La investigaci\u00f3n fue presentada por el L.C.P. C\u00c9SAR BAUTISTA MILL\u00c1N para obtener el grado de Maestro en Impuestos","twitter_image":"https:\/\/blogs.uninter.edu.mx\/ENDECS\/wp-content\/uploads\/2019\/06\/tesis-endecs-1.png","twitter_misc":{"Escrito por":"Alexis Andrade","Tiempo de lectura":"1 minuto"},"schema":{"@context":"https:\/\/schema.org","@graph":[{"@type":"Article","@id":"https:\/\/blogs.uninter.edu.mx\/ENDECS\/index.php\/2020\/01\/25\/lcp-cesar-bautista-millan-informe-en-la-practica\/#article","isPartOf":{"@id":"https:\/\/blogs.uninter.edu.mx\/ENDECS\/index.php\/2020\/01\/25\/lcp-cesar-bautista-millan-informe-en-la-practica\/"},"author":{"name":"Alexis Andrade","@id":"https:\/\/blogs.uninter.edu.mx\/ENDECS\/#\/schema\/person\/9015536974bedab498c004a7d50ee73c"},"headline":"Desarrollo de la evaluaci\u00f3n y planeaci\u00f3n fiscal y administrativa vinculados con la responsabilidad social","datePublished":"2020-01-25T19:00:04+00:00","mainEntityOfPage":{"@id":"https:\/\/blogs.uninter.edu.mx\/ENDECS\/index.php\/2020\/01\/25\/lcp-cesar-bautista-millan-informe-en-la-practica\/"},"wordCount":270,"commentCount":0,"publisher":{"@id":"https:\/\/blogs.uninter.edu.mx\/ENDECS\/#organization"},"image":{"@id":"https:\/\/blogs.uninter.edu.mx\/ENDECS\/index.php\/2020\/01\/25\/lcp-cesar-bautista-millan-informe-en-la-practica\/#primaryimage"},"thumbnailUrl":"https:\/\/blogs.uninter.edu.mx\/ENDECS\/wp-content\/uploads\/2019\/07\/bautista-millan.png","keywords":["ENDECS","Escuela de Negocios Derecho y Ciencias Sociales","impuestos","investigaciones","planeaci\u00f3n fiscal","UNINTER","Universidad Internacional"],"articleSection":["ENDECS","Investigaciones","Posgrados ENDECS"],"inLanguage":"es","potentialAction":[{"@type":"CommentAction","name":"Comment","target":["https:\/\/blogs.uninter.edu.mx\/ENDECS\/index.php\/2020\/01\/25\/lcp-cesar-bautista-millan-informe-en-la-practica\/#respond"]}]},{"@type":"WebPage","@id":"https:\/\/blogs.uninter.edu.mx\/ENDECS\/index.php\/2020\/01\/25\/lcp-cesar-bautista-millan-informe-en-la-practica\/","url":"https:\/\/blogs.uninter.edu.mx\/ENDECS\/index.php\/2020\/01\/25\/lcp-cesar-bautista-millan-informe-en-la-practica\/","name":"Informe en la pr\u00e1ctica del L.C.P. C\u00e9sar Bautista Mill\u00e1n - ENDECS","isPartOf":{"@id":"https:\/\/blogs.uninter.edu.mx\/ENDECS\/#website"},"primaryImageOfPage":{"@id":"https:\/\/blogs.uninter.edu.mx\/ENDECS\/index.php\/2020\/01\/25\/lcp-cesar-bautista-millan-informe-en-la-practica\/#primaryimage"},"image":{"@id":"https:\/\/blogs.uninter.edu.mx\/ENDECS\/index.php\/2020\/01\/25\/lcp-cesar-bautista-millan-informe-en-la-practica\/#primaryimage"},"thumbnailUrl":"https:\/\/blogs.uninter.edu.mx\/ENDECS\/wp-content\/uploads\/2019\/07\/bautista-millan.png","datePublished":"2020-01-25T19:00:04+00:00","description":"El informe en la pr\u00e1ctica como informe en la practica fue presentada por el L.C.P. C\u00c9SAR BAUTISTA MILL\u00c1N para obtener el grado de Maestro en Impuestos","breadcrumb":{"@id":"https:\/\/blogs.uninter.edu.mx\/ENDECS\/index.php\/2020\/01\/25\/lcp-cesar-bautista-millan-informe-en-la-practica\/#breadcrumb"},"inLanguage":"es","potentialAction":[{"@type":"ReadAction","target":["https:\/\/blogs.uninter.edu.mx\/ENDECS\/index.php\/2020\/01\/25\/lcp-cesar-bautista-millan-informe-en-la-practica\/"]}]},{"@type":"ImageObject","inLanguage":"es","@id":"https:\/\/blogs.uninter.edu.mx\/ENDECS\/index.php\/2020\/01\/25\/lcp-cesar-bautista-millan-informe-en-la-practica\/#primaryimage","url":"https:\/\/blogs.uninter.edu.mx\/ENDECS\/wp-content\/uploads\/2019\/07\/bautista-millan.png","contentUrl":"https:\/\/blogs.uninter.edu.mx\/ENDECS\/wp-content\/uploads\/2019\/07\/bautista-millan.png","width":1200,"height":800},{"@type":"BreadcrumbList","@id":"https:\/\/blogs.uninter.edu.mx\/ENDECS\/index.php\/2020\/01\/25\/lcp-cesar-bautista-millan-informe-en-la-practica\/#breadcrumb","itemListElement":[{"@type":"ListItem","position":1,"name":"Inicio","item":"https:\/\/blogs.uninter.edu.mx\/ENDECS\/"},{"@type":"ListItem","position":2,"name":"Desarrollo de la evaluaci\u00f3n y planeaci\u00f3n fiscal y administrativa vinculados con la responsabilidad social"}]},{"@type":"WebSite","@id":"https:\/\/blogs.uninter.edu.mx\/ENDECS\/#website","url":"https:\/\/blogs.uninter.edu.mx\/ENDECS\/","name":"ENDECS","description":"Escuela de Negocios Derecho y Ciencias Sociales","publisher":{"@id":"https:\/\/blogs.uninter.edu.mx\/ENDECS\/#organization"},"potentialAction":[{"@type":"SearchAction","target":{"@type":"EntryPoint","urlTemplate":"https:\/\/blogs.uninter.edu.mx\/ENDECS\/?s={search_term_string}"},"query-input":{"@type":"PropertyValueSpecification","valueRequired":true,"valueName":"search_term_string"}}],"inLanguage":"es"},{"@type":"Organization","@id":"https:\/\/blogs.uninter.edu.mx\/ENDECS\/#organization","name":"ENDECS - UNINTER","url":"https:\/\/blogs.uninter.edu.mx\/ENDECS\/","logo":{"@type":"ImageObject","inLanguage":"es","@id":"https:\/\/blogs.uninter.edu.mx\/ENDECS\/#\/schema\/logo\/image\/","url":"https:\/\/blogs.uninter.edu.mx\/ENDECS\/wp-content\/uploads\/2019\/06\/Blog-ENDECS.jpg","contentUrl":"https:\/\/blogs.uninter.edu.mx\/ENDECS\/wp-content\/uploads\/2019\/06\/Blog-ENDECS.jpg","width":1020,"height":317,"caption":"ENDECS - UNINTER"},"image":{"@id":"https:\/\/blogs.uninter.edu.mx\/ENDECS\/#\/schema\/logo\/image\/"}},{"@type":"Person","@id":"https:\/\/blogs.uninter.edu.mx\/ENDECS\/#\/schema\/person\/9015536974bedab498c004a7d50ee73c","name":"Alexis Andrade","image":{"@type":"ImageObject","inLanguage":"es","@id":"https:\/\/blogs.uninter.edu.mx\/ENDECS\/#\/schema\/person\/image\/","url":"https:\/\/secure.gravatar.com\/avatar\/b4c422a086e48773ab64b57f3e01501bec116afcc90a32d4a7f71e7c34f6d693?s=96&d=mm&r=g","contentUrl":"https:\/\/secure.gravatar.com\/avatar\/b4c422a086e48773ab64b57f3e01501bec116afcc90a32d4a7f71e7c34f6d693?s=96&d=mm&r=g","caption":"Alexis Andrade"},"url":"https:\/\/blogs.uninter.edu.mx\/ENDECS\/index.php\/author\/aandrade\/"}]}},"jetpack_publicize_connections":[],"jetpack_featured_media_url":"https:\/\/blogs.uninter.edu.mx\/ENDECS\/wp-content\/uploads\/2019\/07\/bautista-millan.png","jetpack_sharing_enabled":true,"_links":{"self":[{"href":"https:\/\/blogs.uninter.edu.mx\/ENDECS\/index.php\/wp-json\/wp\/v2\/posts\/219","targetHints":{"allow":["GET"]}}],"collection":[{"href":"https:\/\/blogs.uninter.edu.mx\/ENDECS\/index.php\/wp-json\/wp\/v2\/posts"}],"about":[{"href":"https:\/\/blogs.uninter.edu.mx\/ENDECS\/index.php\/wp-json\/wp\/v2\/types\/post"}],"author":[{"embeddable":true,"href":"https:\/\/blogs.uninter.edu.mx\/ENDECS\/index.php\/wp-json\/wp\/v2\/users\/17"}],"replies":[{"embeddable":true,"href":"https:\/\/blogs.uninter.edu.mx\/ENDECS\/index.php\/wp-json\/wp\/v2\/comments?post=219"}],"version-history":[{"count":9,"href":"https:\/\/blogs.uninter.edu.mx\/ENDECS\/index.php\/wp-json\/wp\/v2\/posts\/219\/revisions"}],"predecessor-version":[{"id":1865,"href":"https:\/\/blogs.uninter.edu.mx\/ENDECS\/index.php\/wp-json\/wp\/v2\/posts\/219\/revisions\/1865"}],"wp:featuredmedia":[{"embeddable":true,"href":"https:\/\/blogs.uninter.edu.mx\/ENDECS\/index.php\/wp-json\/wp\/v2\/media\/373"}],"wp:attachment":[{"href":"https:\/\/blogs.uninter.edu.mx\/ENDECS\/index.php\/wp-json\/wp\/v2\/media?parent=219"}],"wp:term":[{"taxonomy":"category","embeddable":true,"href":"https:\/\/blogs.uninter.edu.mx\/ENDECS\/index.php\/wp-json\/wp\/v2\/categories?post=219"},{"taxonomy":"post_tag","embeddable":true,"href":"https:\/\/blogs.uninter.edu.mx\/ENDECS\/index.php\/wp-json\/wp\/v2\/tags?post=219"}],"curies":[{"name":"wp","href":"https:\/\/api.w.org\/{rel}","templated":true}]}}