{"id":2274,"date":"2020-03-09T14:00:13","date_gmt":"2020-03-09T20:00:13","guid":{"rendered":"https:\/\/blogs.uninter.edu.mx\/ENDECS\/?p=2274"},"modified":"2020-03-04T12:18:06","modified_gmt":"2020-03-04T18:18:06","slug":"coronavirus-de-wuhan-el-impacto-que-el-brote-ya-esta-teniendo-en-la-economia-de-china-y-sus-efectos-a-nivel-global","status":"publish","type":"post","link":"https:\/\/blogs.uninter.edu.mx\/ENDECS\/index.php\/2020\/03\/09\/coronavirus-de-wuhan-el-impacto-que-el-brote-ya-esta-teniendo-en-la-economia-de-china-y-sus-efectos-a-nivel-global\/","title":{"rendered":"Coronavirus de Wuhan: el impacto que el brote ya est\u00e1 teniendo en la econom\u00eda de China (y sus efectos a nivel global)"},"content":{"rendered":"\n<div class=\"wp-block-image\"><figure class=\"aligncenter\"><img loading=\"lazy\" decoding=\"async\" width=\"720\" height=\"109\" src=\"https:\/\/blogs.uninter.edu.mx\/ENDECS\/wp-content\/uploads\/2019\/07\/Imagen1.gif\" alt=\"LOGO UI\" class=\"wp-image-446\"\/><\/figure><\/div>\n\n\n\n<p style=\"text-align:justify\">El coronavirus est\u00e1 dejando en China im\u00e1genes realmente inusuales para un pa\u00eds de 1.300 millones de personas acostumbrado a calles abarrotadas; comercios llenos y ajetreada actividad.<\/p>\n\n\n\n<figure class=\"wp-block-image\"><img decoding=\"async\" src=\"https:\/\/blogs.uninter.edu.mx\/ENDECS\/wp-content\/uploads\/2020\/02\/CORONAVIRUSCHINA6-1-1024x510.png\" alt=\"\"\/><\/figure>\n\n\n\n<p style=\"text-align:justify\">Ya hay alrededor de 10.000 casos confirmados; m\u00e1s de 360 fallecidos y&nbsp;<strong>el brote se extiende por una veintena de pa\u00edses;<\/strong>&nbsp;haciendo temer una pandemia dado su poder de r\u00e1pida propagaci\u00f3n. Esto se produce en un&nbsp;<strong>momento del a\u00f1o clave&nbsp;para la&nbsp;econom\u00eda&nbsp;<\/strong>del gigante asi\u00e1tico y los efectos ya se han dejado sentir a nivel internacional.<\/p>\n\n\n\n<div class=\"wp-block-image\"><figure class=\"aligncenter\"><img decoding=\"async\" src=\"https:\/\/blogs.uninter.edu.mx\/ENDECS\/wp-content\/uploads\/2020\/02\/CORONAVIRUSCHINA8.png\" alt=\"\"\/><\/figure><\/div>\n\n\n\n<h3 class=\"wp-block-heading\" style=\"text-align:center\"><strong>Ca\u00edda del gasto<\/strong><\/h3>\n\n\n\n<p style=\"text-align:justify\">Las autoridades han impuesto medidas<strong>&nbsp;excepcionales de&nbsp;cuarentena&nbsp;en&nbsp;diez&nbsp;ciudades<\/strong>; incluida Wuhan la ciudad d\u00f3nde se origin\u00f3 el brote y unos 40 millones de habitantes permanecen encerrados en sus casas.<\/p>\n\n\n\n<p style=\"text-align:justify\">As\u00ed que desde que el pasado 31 de diciembre se lanz\u00f3 la alerta sanitaria sobre el mortal virus;&nbsp;<strong>millones de familias<\/strong>&nbsp;se aprovisionan de v\u00edveres designando a uno solo de sus miembros sanos como el \u00fanico habilitado para cruzar la puerta del hogar. <\/p>\n\n\n\n<p style=\"text-align:justify\">El <strong>elegido<\/strong> se equipa con todas las medidas de seguridad que tenga disponibles y sale al exterior a hacer la compra en el supermercado abierto m\u00e1s pr\u00f3ximo. Tambi\u00e9n puede suceder que la tienda est\u00e9 funcionando, pero est\u00e1 desabastecida.<\/p>\n\n\n\n<p style=\"text-align:justify\">En plenas celebraciones de A\u00f1o Nuevo Lunar, las m\u00e1s importantes del calendario chino,&nbsp;<strong>nadie est\u00e1 comprando regalos; gastando dinero&nbsp;<\/strong>y pocos salen a cenar en estas ciudades.<\/p>\n\n\n\n<div class=\"wp-block-image\"><figure class=\"alignright\"><img decoding=\"async\" src=\"https:\/\/blogs.uninter.edu.mx\/ENDECS\/wp-content\/uploads\/2020\/02\/CORONAVIRUSCHINA2.jpg\" alt=\"\"\/><\/figure><\/div>\n\n\n\n<p style=\"text-align:justify\">El menor gasto en esta temporada festiva&nbsp;<strong>da\u00f1ar\u00e1 los resultados de muchas empresas<\/strong>, dicen los expertos.<\/p>\n\n\n\n<p style=\"text-align:justify\">Parte de la <strong>&#8220;f\u00e1brica global&#8221;<\/strong>, como se conoce a China por su poder exportador; est\u00e1&nbsp;<strong>virtualmente parada y la actividad econ\u00f3mica,<\/strong>&nbsp;en varias zonas del pa\u00eds, tiene el freno echado.<\/p>\n\n\n\n<p style=\"text-align:justify\">Como consecuencia, adelantan los analistas,&nbsp;<strong>la factura va a ser grave o muy grave<\/strong><strong>,<\/strong>&nbsp;dependiendo de lo que las autoridades tarden en contener la crisis sanitaria.<\/p>\n\n\n\n<p style=\"text-align:justify\">El \u00edndice compuesto de Shangh\u00e1i registr\u00f3 al cierre del lunes -la primera sesi\u00f3n despu\u00e9s del periodo de vacaciones- su mayor ca\u00edda en 4 a\u00f1os.&nbsp;<strong>Retrocedi\u00f3 un 8%.<\/strong><\/p>\n\n\n\n<p style=\"text-align:justify\">Con el p\u00e1nico apoder\u00e1ndose de los mercados chinos; el <strong>Banco Popular<\/strong> de China (PBOC) se vio obligado a adoptar medidas excepcionales; como la rebaja de los tipos de inter\u00e9s y la inyecci\u00f3n en el sistema financiero de unos <strong>US<\/strong>$22.000 millones (150.000 millones de yuanes).<\/p>\n\n\n\n<h2 class=\"wp-block-heading\"><strong>Vientos en contra<\/strong><\/h2>\n\n\n\n<ul class=\"wp-block-list\"><li>&#8220;El da\u00f1o econ\u00f3mico del brote ya est\u00e1 comenzando a notarse&#8221;, explica David Lafferty, estratega jefe de la gestora francesa Natixis IM<\/li><\/ul>\n\n\n\n<p style=\"text-align:justify\">Esto se ve ahora mismo sobre todo en los&nbsp;<strong>indicadores de consumo y de actividad<\/strong>;&nbsp;y advierte que, aunque por ahora China ha contenido la p\u00e9rdida econ\u00f3mica &#8220;probablemente se ampliar\u00e1 en las pr\u00f3ximas semanas&#8221;.<\/p>\n\n\n\n<p style=\"text-align:justify\">Para el experto; &#8220;el brote est\u00e1 afectando a China en un momento inoportuno&#8221; ya que su crecimiento est\u00e1 en fase de desaceleraci\u00f3n y calcula que; &#8220;probablemente la emergencia sanitaria&nbsp;<strong>restar\u00e1 entre un 1% y un 2%&nbsp;al&nbsp;PIB<\/strong>&nbsp;<strong>anual<\/strong>&#8220;.<\/p>\n\n\n\n<div class=\"wp-block-image\"><figure class=\"alignleft\"><img decoding=\"async\" src=\"https:\/\/blogs.uninter.edu.mx\/ENDECS\/wp-content\/uploads\/2020\/02\/CORONAVIRUSCHINA3.jpg\" alt=\"\"\/><\/figure><\/div>\n\n\n\n<p style=\"text-align:justify\">&#8220;Esto supone un serio viento en contra&#8221; y no s\u00f3lo para el gigante asi\u00e1tico.<\/p>\n\n\n\n<p style=\"text-align:justify\">China se desacelera, el impacto se deja sentir tambi\u00e9n en el<strong>&nbsp;crecimiento econ\u00f3mico global.<\/strong><\/p>\n\n\n\n<p style=\"text-align:justify\">Hay que tener en cuenta que en los \u00faltimos 20 a\u00f1os el peso de China en la <strong>econom\u00eda mundial<\/strong> ha crecido significativamente.<\/p>\n\n\n\n<p style=\"text-align:justify\">Si en 2003 la contribuci\u00f3n era de <strong>US$1,6 billones<\/strong>, en 2019 fue de <strong>US$14 billones.<\/strong> Adem\u00e1s, Lafferty advierte que si los responsables pol\u00edticos y los funcionarios sanitarios no pueden frenar la propagaci\u00f3n y la crisis sanitaria se alarga, sus previsiones podr\u00edan quedarse cortas.<\/p>\n\n\n\n<h2 class=\"wp-block-heading\" style=\"text-align:center\"><strong> Producci\u00f3n paralizada<\/strong><\/h2>\n\n\n\n<div class=\"wp-block-image\"><figure class=\"alignright\"><img decoding=\"async\" src=\"https:\/\/blogs.uninter.edu.mx\/ENDECS\/wp-content\/uploads\/2020\/02\/CORONAVIRUSCHINA4-300x169.jpg\" alt=\"\"\/><\/figure><\/div>\n\n\n\n<p style=\"text-align:justify\">Los expertos consultados tienen claro que&nbsp;<strong>los mercados est\u00e1n asustados.<\/strong><\/p>\n\n\n\n<p style=\"text-align:justify\">Muchas f\u00e1bricas permanecen clausuradas y la producci\u00f3n paralizada.<\/p>\n\n\n\n<p style=\"text-align:justify\">Como ejemplo,&nbsp;<strong>Google<\/strong>&nbsp;se sum\u00f3 estos d\u00edas a la decisi\u00f3n de otras grandes tecnol\u00f3gicas como&nbsp;<strong>Amazon o Microsoft&nbsp;<\/strong>de <strong>cerrar<\/strong> sus oficinas en China, Hong Kong y Taiw\u00e1n.<\/p>\n\n\n\n<p style=\"text-align:justify\">Fabricantes de autos como<strong>&nbsp;General Motors (GMC) o Toyota<\/strong>&nbsp;han pedido a sus trabajadores que alargan sus vacaciones por el A\u00f1o Nuevo chino ya que sus factor\u00edas estar\u00e1n cerradas al menos hasta el 9 de febrero.<\/p>\n\n\n\n<p style=\"text-align:justify\">Y por si fuera poco, el turismo interno y externo est\u00e1 en m\u00ednimos despu\u00e9s de que las principales aerol\u00edneas del mundo hayan decidido congelar sus vuelos con destino al pa\u00eds.<\/p>\n\n\n\n<h2 class=\"wp-block-heading\"> <strong>Datos hist\u00f3ricos<\/strong><\/h2>\n\n\n\n<p style=\"text-align:justify\">Si acudimos a lo sucedido con anteriores pandemias, la experiencia nos muestra que las enfermedades infecciosas nunca son buenas para los datos <strong>macroecon\u00f3micos<\/strong>. <\/p>\n\n\n\n<p style=\"text-align:justify\">&#8220;Es demasiado pronto para cuantificar el impacto econ\u00f3mico del coronavirus; pero a la hora de afrontar&nbsp;<em>shocks&nbsp;<\/em>inesperados como este; la aproximaci\u00f3n m\u00e1s razonable parece la de&nbsp;<strong>evaluar los precedentes&#8221;;&nbsp;<\/strong>explica <strong>Gilles Mo\u00ebc<\/strong>, economista de AXA IM, en referencia un brote al brote de otro coronavirus, del <strong>SARS<\/strong> (o s\u00edndrome respiratorio agudo severo) que dej\u00f3 cientos de muertos. <\/p>\n\n\n\n<p style=\"text-align:justify\">&#8220;En este sentido, la crisis ocasionada por&nbsp;<strong>el SARS en 2003 rebaj\u00f3 el PIB de China un 1,1%<\/strong>&nbsp;y un 2,5% el de Hong Kong, mientras que solo supuso un impacto del <strong>0,1%<\/strong> en el PIB de EE.UU.&#8221;, subraya el economista de AXA IM. <\/p>\n\n\n\n<h3 class=\"wp-block-heading\"><strong>Contagio mundial<\/strong><\/h3>\n\n\n\n<p style=\"text-align:justify\">Pero en lo que coinciden los expertos es que la&nbsp;<strong>presencia de China en los mercados internacionales<\/strong>&nbsp;ahora, no es la misma que hace 17 a\u00f1os.<\/p>\n\n\n\n<p style=\"text-align:justify\">&#8220;As\u00ed que el contagio en la econom\u00eda mundial probablemente deber\u00eda ser mayor&#8221;, a\u00f1ade Mo\u00ebc.<\/p>\n\n\n\n<div class=\"wp-block-image\"><figure class=\"alignright\"><img decoding=\"async\" src=\"https:\/\/blogs.uninter.edu.mx\/ENDECS\/wp-content\/uploads\/2020\/02\/CORONAVIRUSCHINA5.jpg\" alt=\"\"\/><\/figure><\/div>\n\n\n\n<p style=\"text-align:justify\">En el mismo sentido opina Erick Muller, director de Estrategia de la firma de inversi\u00f3n Muzinich &amp; Co.<\/p>\n\n\n\n<p style=\"text-align:justify\">&#8220;La universalizaci\u00f3n de un impacto en la econom\u00eda china no debe subestimarse.&nbsp;<strong>El pa\u00eds representa el 18% del PIB mundial<\/strong>; supone una parte equivalente de las exportaciones mundiales y hoy est\u00e1 m\u00e1s entrelazada con el turismo mundial que en 2003&#8243;.<\/p>\n\n\n\n<p style=\"text-align:justify\">Mark Haefele, del banco suizo UBS AG, estima que &#8220;dados los informes iniciales sobre el virus; anticipamos que&nbsp;<strong>las consecuencias econ\u00f3micas<\/strong>&nbsp;ser\u00e1n menores que durante la epidemia de SARS en 2003&#8243;.<\/p>\n\n\n\n<p style=\"text-align:justify\">&#8220;<strong>El SARS dur\u00f3 ocho meses,<\/strong> pero provoc\u00f3 una fuerte ca\u00edda en el crecimiento econ\u00f3mico de China en s\u00f3lo un trimestre, seguido de una r\u00e1pida recuperaci\u00f3n. El MERS en Corea del Sur en 2015 sigui\u00f3 un patr\u00f3n similar&#8221;, dice.<\/p>\n\n\n\n<h3 class=\"wp-block-heading\"> Tambi\u00e9n el petr\u00f3leo <\/h3>\n\n\n\n<div class=\"wp-block-image\"><figure class=\"alignright\"><img decoding=\"async\" src=\"https:\/\/blogs.uninter.edu.mx\/ENDECS\/wp-content\/uploads\/2020\/02\/CORONAVIRUSCHINA6-300x195.png\" alt=\"\"\/><\/figure><\/div>\n\n\n\n<p style=\"text-align:justify\">Harry Richards y Matthew Pigott, de la firma de inversiones Jupiter AM; recuerdan que el&nbsp;<strong>desplome del precio del petr\u00f3leo<\/strong>&nbsp;visto estos d\u00edas se debe a que el gigante asi\u00e1tico consume alrededor de tres veces m\u00e1s crudo ahora que en 2003.<\/p>\n\n\n\n<p style=\"text-align:justify\">Y es que la propagaci\u00f3n del brote de coronavirus y las estrictas medidas de cuarentena introducidas para contenerlo; as\u00ed como el&nbsp;<strong>menor consumo de empresas&nbsp;<\/strong>y particulares, generan dudas sobre el momento y la fuerza de cualquier recuperaci\u00f3n c\u00edclica.<\/p>\n\n\n\n<div class=\"wp-block-image\"><figure class=\"alignleft\"><img decoding=\"async\" src=\"https:\/\/blogs.uninter.edu.mx\/ENDECS\/wp-content\/uploads\/2020\/02\/CORONAVIRUSCHINA9-222x300.png\" alt=\"\"\/><\/figure><\/div>\n\n\n\n<p style=\"text-align:justify\">Los datos de actividad econ\u00f3mica mundial hab\u00edan se\u00f1alado \u00faltimamente&nbsp;<strong>una &#8220;moderada recuperaci\u00f3n<\/strong>; gracias a que la primera fase del acuerdo comercial entre China y EE UU fue m\u00e1s amplia de lo esperado&#8221;.<\/p>\n\n\n\n<p style=\"text-align:justify\">&#8220;La&nbsp;<strong>epidemia de Wuhan podr\u00eda paralizar este impulso<\/strong>&nbsp;que estaba ganando la econom\u00eda global&#8221;, dice Philipp Immenk\u00f6tter, analista de Flossbach von Storch Research Institute.<br><\/p>\n\n\n\n<div class=\"wp-block-button alignleft is-style-outline is-style-outline--1\"><a class=\"wp-block-button__link\" href=\"https:\/\/blogs.uninter.edu.mx\/\">Comunidad Uninter<\/a><\/div>\n\n\n\n<div class=\"wp-block-button alignleft is-style-outline is-style-outline--2\"><a class=\"wp-block-button__link\" href=\"https:\/\/blogs.uninter.edu.mx\/ENDECS\">M\u00e1s de la ENDECS<\/a><\/div>\n\n\n\n<figure class=\"wp-block-image\"><a href=\"https:\/\/www.facebook.com\/dacsuninter1\/\" target=\"_blank\" rel=\"noreferrer noopener\"><img loading=\"lazy\" decoding=\"async\" width=\"1020\" height=\"317\" src=\"https:\/\/blogs.uninter.edu.mx\/ENDECS\/wp-content\/uploads\/2019\/06\/Blog-ENDECS.jpg\" alt=\"Escuela de Negocios, Derecho y Ciencias Sociales\" class=\"wp-image-6\" srcset=\"https:\/\/blogs.uninter.edu.mx\/ENDECS\/wp-content\/uploads\/2019\/06\/Blog-ENDECS.jpg 1020w, https:\/\/blogs.uninter.edu.mx\/ENDECS\/wp-content\/uploads\/2019\/06\/Blog-ENDECS-300x93.jpg 300w, https:\/\/blogs.uninter.edu.mx\/ENDECS\/wp-content\/uploads\/2019\/06\/Blog-ENDECS-768x239.jpg 768w\" sizes=\"auto, (max-width: 1020px) 100vw, 1020px\" \/><\/a><figcaption><a href=\"https:\/\/www.facebook.com\/dacsuninter1\/\" target=\"_blank\" rel=\"noreferrer noopener\" aria-label=\"ENDECS (opens in a new tab)\">ENDECS<\/a><\/figcaption><\/figure>\n","protected":false},"excerpt":{"rendered":"<p>El coronavirus est\u00e1 dejando en China im\u00e1genes realmente inusuales para un pa\u00eds de 1.300 millones de personas acostumbrado a calles abarrotadas; comercios llenos y ajetreada actividad. Ya hay alrededor de 10.000 casos confirmados; m\u00e1s de 360 fallecidos y&nbsp;el brote se extiende por una veintena de pa\u00edses;&nbsp;haciendo temer una pandemia dado su poder de r\u00e1pida propagaci\u00f3n.&hellip;<\/p>\n","protected":false},"author":17,"featured_media":2298,"comment_status":"open","ping_status":"open","sticky":false,"template":"","format":"standard","meta":{"_jetpack_memberships_contains_paid_content":false,"footnotes":"","jetpack_publicize_message":"","jetpack_publicize_feature_enabled":true,"jetpack_social_post_already_shared":true,"jetpack_social_options":{"image_generator_settings":{"template":"highway","default_image_id":0,"font":"","enabled":false},"version":2}},"categories":[260,1],"tags":[21,244,156,22,23],"class_list":["post-2274","post","type-post","status-publish","format-standard","has-post-thumbnail","hentry","category-articulos-de-interes-social","category-endecs","tag-endecs","tag-escuela-de-negocios-derecho-y-ciencias-sociales","tag-noticias","tag-uninter","tag-universidad-internacional"],"yoast_head":"<!-- This site is optimized with the Yoast SEO plugin v26.0 - https:\/\/yoast.com\/wordpress\/plugins\/seo\/ -->\r\n<title>Coronavirus de Wuhan: el impacto que el brote ya est\u00e1 teniendo en la econom\u00eda de China (y sus efectos a nivel global) - ENDECS<\/title>\r\n<meta name=\"description\" content=\"El coronavirus est\u00e1 dejando en China im\u00e1genes realmente inusuales para un pa\u00eds de 1.300 millones de personas acostumbrado a calles abarrotadas; comercios llenos y ajetreada actividad.\" \/>\r\n<meta name=\"robots\" content=\"index, follow, max-snippet:-1, max-image-preview:large, max-video-preview:-1\" \/>\r\n<link rel=\"canonical\" href=\"https:\/\/blogs.uninter.edu.mx\/ENDECS\/index.php\/2020\/03\/09\/coronavirus-de-wuhan-el-impacto-que-el-brote-ya-esta-teniendo-en-la-economia-de-china-y-sus-efectos-a-nivel-global\/\" \/>\r\n<meta property=\"og:locale\" content=\"es_MX\" \/>\r\n<meta property=\"og:type\" content=\"article\" \/>\r\n<meta property=\"og:title\" content=\"Coronavirus de Wuhan: el impacto que el brote ya est\u00e1 teniendo en la econom\u00eda de China (y sus efectos a nivel global)\" \/>\r\n<meta property=\"og:description\" content=\"El coronavirus est\u00e1 dejando en China im\u00e1genes realmente inusuales para un pa\u00eds de 1.300 millones de personas acostumbrado a calles abarrotadas; comercios llenos y ajetreada actividad. Ya hay alrededor de 10.000 casos confirmados; m\u00e1s de 360 fallecidos y el brote se extiende por una veintena de pa\u00edses; haciendo temer una pandemia dado su poder de r\u00e1pida propagaci\u00f3n. Esto se produce en un momento del a\u00f1o clave para la econom\u00eda del gigante asi\u00e1tico y los efectos ya se han dejado sentir a nivel internacional.\" \/>\r\n<meta property=\"og:url\" content=\"https:\/\/blogs.uninter.edu.mx\/ENDECS\/index.php\/2020\/03\/09\/coronavirus-de-wuhan-el-impacto-que-el-brote-ya-esta-teniendo-en-la-economia-de-china-y-sus-efectos-a-nivel-global\/\" \/>\r\n<meta property=\"og:site_name\" content=\"ENDECS\" \/>\r\n<meta property=\"article:published_time\" content=\"2020-03-09T20:00:13+00:00\" \/>\r\n<meta property=\"og:image\" content=\"https:\/\/blogs.uninter.edu.mx\/ENDECS\/wp-content\/uploads\/2020\/02\/CORONAVIRUSCHINA1.jpg\" \/>\r\n\t<meta property=\"og:image:width\" content=\"354\" \/>\r\n\t<meta property=\"og:image:height\" content=\"142\" \/>\r\n\t<meta property=\"og:image:type\" content=\"image\/jpeg\" \/>\r\n<meta name=\"author\" content=\"Alexis Andrade\" \/>\r\n<meta name=\"twitter:card\" content=\"summary_large_image\" \/>\r\n<meta name=\"twitter:title\" content=\"Coronavirus de Wuhan: el impacto que el brote ya est\u00e1 teniendo en la econom\u00eda de China (y sus efectos a nivel global)\" \/>\r\n<meta name=\"twitter:description\" content=\"El coronavirus est\u00e1 dejando en China im\u00e1genes realmente inusuales para un pa\u00eds de 1.300 millones de personas acostumbrado a calles abarrotadas; comercios llenos y ajetreada actividad. Ya hay alrededor de 10.000 casos confirmados; m\u00e1s de 360 fallecidos y el brote se extiende por una veintena de pa\u00edses; haciendo temer una pandemia dado su poder de r\u00e1pida propagaci\u00f3n. Esto se produce en un momento del a\u00f1o clave para la econom\u00eda del gigante asi\u00e1tico y los efectos ya se han dejado sentir a nivel internacional.\" \/>\r\n<meta name=\"twitter:image\" content=\"https:\/\/blogs.uninter.edu.mx\/ENDECS\/wp-content\/uploads\/2020\/02\/CORONAVIRUSCHINA1.jpg\" \/>\r\n<meta name=\"twitter:label1\" content=\"Escrito por\" \/>\n\t<meta name=\"twitter:data1\" content=\"Alexis Andrade\" \/>\n\t<meta name=\"twitter:label2\" content=\"Tiempo de lectura\" \/>\n\t<meta name=\"twitter:data2\" content=\"6 minutos\" \/>\r\n<script type=\"application\/ld+json\" class=\"yoast-schema-graph\">{\"@context\":\"https:\/\/schema.org\",\"@graph\":[{\"@type\":\"Article\",\"@id\":\"https:\/\/blogs.uninter.edu.mx\/ENDECS\/index.php\/2020\/03\/09\/coronavirus-de-wuhan-el-impacto-que-el-brote-ya-esta-teniendo-en-la-economia-de-china-y-sus-efectos-a-nivel-global\/#article\",\"isPartOf\":{\"@id\":\"https:\/\/blogs.uninter.edu.mx\/ENDECS\/index.php\/2020\/03\/09\/coronavirus-de-wuhan-el-impacto-que-el-brote-ya-esta-teniendo-en-la-economia-de-china-y-sus-efectos-a-nivel-global\/\"},\"author\":{\"name\":\"Alexis Andrade\",\"@id\":\"https:\/\/blogs.uninter.edu.mx\/ENDECS\/#\/schema\/person\/9015536974bedab498c004a7d50ee73c\"},\"headline\":\"Coronavirus de Wuhan: el impacto que el brote ya est\u00e1 teniendo en la econom\u00eda de China (y sus efectos a nivel global)\",\"datePublished\":\"2020-03-09T20:00:13+00:00\",\"mainEntityOfPage\":{\"@id\":\"https:\/\/blogs.uninter.edu.mx\/ENDECS\/index.php\/2020\/03\/09\/coronavirus-de-wuhan-el-impacto-que-el-brote-ya-esta-teniendo-en-la-economia-de-china-y-sus-efectos-a-nivel-global\/\"},\"wordCount\":1272,\"commentCount\":0,\"publisher\":{\"@id\":\"https:\/\/blogs.uninter.edu.mx\/ENDECS\/#organization\"},\"image\":{\"@id\":\"https:\/\/blogs.uninter.edu.mx\/ENDECS\/index.php\/2020\/03\/09\/coronavirus-de-wuhan-el-impacto-que-el-brote-ya-esta-teniendo-en-la-economia-de-china-y-sus-efectos-a-nivel-global\/#primaryimage\"},\"thumbnailUrl\":\"https:\/\/blogs.uninter.edu.mx\/ENDECS\/wp-content\/uploads\/2020\/02\/CORONAVIRUSCHINA2.jpg\",\"keywords\":[\"ENDECS\",\"Escuela de Negocios Derecho y Ciencias Sociales\",\"Noticias\",\"UNINTER\",\"Universidad Internacional\"],\"articleSection\":[\"Art\u00edculos de Inter\u00e9s Social\",\"ENDECS\"],\"inLanguage\":\"es\",\"potentialAction\":[{\"@type\":\"CommentAction\",\"name\":\"Comment\",\"target\":[\"https:\/\/blogs.uninter.edu.mx\/ENDECS\/index.php\/2020\/03\/09\/coronavirus-de-wuhan-el-impacto-que-el-brote-ya-esta-teniendo-en-la-economia-de-china-y-sus-efectos-a-nivel-global\/#respond\"]}]},{\"@type\":\"WebPage\",\"@id\":\"https:\/\/blogs.uninter.edu.mx\/ENDECS\/index.php\/2020\/03\/09\/coronavirus-de-wuhan-el-impacto-que-el-brote-ya-esta-teniendo-en-la-economia-de-china-y-sus-efectos-a-nivel-global\/\",\"url\":\"https:\/\/blogs.uninter.edu.mx\/ENDECS\/index.php\/2020\/03\/09\/coronavirus-de-wuhan-el-impacto-que-el-brote-ya-esta-teniendo-en-la-economia-de-china-y-sus-efectos-a-nivel-global\/\",\"name\":\"Coronavirus de Wuhan: el impacto que el brote ya est\u00e1 teniendo en la econom\u00eda de China (y sus efectos a nivel global) - ENDECS\",\"isPartOf\":{\"@id\":\"https:\/\/blogs.uninter.edu.mx\/ENDECS\/#website\"},\"primaryImageOfPage\":{\"@id\":\"https:\/\/blogs.uninter.edu.mx\/ENDECS\/index.php\/2020\/03\/09\/coronavirus-de-wuhan-el-impacto-que-el-brote-ya-esta-teniendo-en-la-economia-de-china-y-sus-efectos-a-nivel-global\/#primaryimage\"},\"image\":{\"@id\":\"https:\/\/blogs.uninter.edu.mx\/ENDECS\/index.php\/2020\/03\/09\/coronavirus-de-wuhan-el-impacto-que-el-brote-ya-esta-teniendo-en-la-economia-de-china-y-sus-efectos-a-nivel-global\/#primaryimage\"},\"thumbnailUrl\":\"https:\/\/blogs.uninter.edu.mx\/ENDECS\/wp-content\/uploads\/2020\/02\/CORONAVIRUSCHINA2.jpg\",\"datePublished\":\"2020-03-09T20:00:13+00:00\",\"description\":\"El coronavirus est\u00e1 dejando en China im\u00e1genes realmente inusuales para un pa\u00eds de 1.300 millones de personas acostumbrado a calles abarrotadas; comercios llenos y ajetreada actividad.\",\"breadcrumb\":{\"@id\":\"https:\/\/blogs.uninter.edu.mx\/ENDECS\/index.php\/2020\/03\/09\/coronavirus-de-wuhan-el-impacto-que-el-brote-ya-esta-teniendo-en-la-economia-de-china-y-sus-efectos-a-nivel-global\/#breadcrumb\"},\"inLanguage\":\"es\",\"potentialAction\":[{\"@type\":\"ReadAction\",\"target\":[\"https:\/\/blogs.uninter.edu.mx\/ENDECS\/index.php\/2020\/03\/09\/coronavirus-de-wuhan-el-impacto-que-el-brote-ya-esta-teniendo-en-la-economia-de-china-y-sus-efectos-a-nivel-global\/\"]}]},{\"@type\":\"ImageObject\",\"inLanguage\":\"es\",\"@id\":\"https:\/\/blogs.uninter.edu.mx\/ENDECS\/index.php\/2020\/03\/09\/coronavirus-de-wuhan-el-impacto-que-el-brote-ya-esta-teniendo-en-la-economia-de-china-y-sus-efectos-a-nivel-global\/#primaryimage\",\"url\":\"https:\/\/blogs.uninter.edu.mx\/ENDECS\/wp-content\/uploads\/2020\/02\/CORONAVIRUSCHINA2.jpg\",\"contentUrl\":\"https:\/\/blogs.uninter.edu.mx\/ENDECS\/wp-content\/uploads\/2020\/02\/CORONAVIRUSCHINA2.jpg\",\"width\":259,\"height\":194,\"caption\":\"Coronavirus WP ENDECS\"},{\"@type\":\"BreadcrumbList\",\"@id\":\"https:\/\/blogs.uninter.edu.mx\/ENDECS\/index.php\/2020\/03\/09\/coronavirus-de-wuhan-el-impacto-que-el-brote-ya-esta-teniendo-en-la-economia-de-china-y-sus-efectos-a-nivel-global\/#breadcrumb\",\"itemListElement\":[{\"@type\":\"ListItem\",\"position\":1,\"name\":\"Inicio\",\"item\":\"https:\/\/blogs.uninter.edu.mx\/ENDECS\/\"},{\"@type\":\"ListItem\",\"position\":2,\"name\":\"Coronavirus de Wuhan: el impacto que el brote ya est\u00e1 teniendo en la econom\u00eda de China (y sus efectos a nivel global)\"}]},{\"@type\":\"WebSite\",\"@id\":\"https:\/\/blogs.uninter.edu.mx\/ENDECS\/#website\",\"url\":\"https:\/\/blogs.uninter.edu.mx\/ENDECS\/\",\"name\":\"ENDECS\",\"description\":\"Escuela de Negocios Derecho y Ciencias Sociales\",\"publisher\":{\"@id\":\"https:\/\/blogs.uninter.edu.mx\/ENDECS\/#organization\"},\"potentialAction\":[{\"@type\":\"SearchAction\",\"target\":{\"@type\":\"EntryPoint\",\"urlTemplate\":\"https:\/\/blogs.uninter.edu.mx\/ENDECS\/?s={search_term_string}\"},\"query-input\":{\"@type\":\"PropertyValueSpecification\",\"valueRequired\":true,\"valueName\":\"search_term_string\"}}],\"inLanguage\":\"es\"},{\"@type\":\"Organization\",\"@id\":\"https:\/\/blogs.uninter.edu.mx\/ENDECS\/#organization\",\"name\":\"ENDECS - UNINTER\",\"url\":\"https:\/\/blogs.uninter.edu.mx\/ENDECS\/\",\"logo\":{\"@type\":\"ImageObject\",\"inLanguage\":\"es\",\"@id\":\"https:\/\/blogs.uninter.edu.mx\/ENDECS\/#\/schema\/logo\/image\/\",\"url\":\"https:\/\/blogs.uninter.edu.mx\/ENDECS\/wp-content\/uploads\/2019\/06\/Blog-ENDECS.jpg\",\"contentUrl\":\"https:\/\/blogs.uninter.edu.mx\/ENDECS\/wp-content\/uploads\/2019\/06\/Blog-ENDECS.jpg\",\"width\":1020,\"height\":317,\"caption\":\"ENDECS - UNINTER\"},\"image\":{\"@id\":\"https:\/\/blogs.uninter.edu.mx\/ENDECS\/#\/schema\/logo\/image\/\"}},{\"@type\":\"Person\",\"@id\":\"https:\/\/blogs.uninter.edu.mx\/ENDECS\/#\/schema\/person\/9015536974bedab498c004a7d50ee73c\",\"name\":\"Alexis Andrade\",\"image\":{\"@type\":\"ImageObject\",\"inLanguage\":\"es\",\"@id\":\"https:\/\/blogs.uninter.edu.mx\/ENDECS\/#\/schema\/person\/image\/\",\"url\":\"https:\/\/secure.gravatar.com\/avatar\/b4c422a086e48773ab64b57f3e01501bec116afcc90a32d4a7f71e7c34f6d693?s=96&d=mm&r=g\",\"contentUrl\":\"https:\/\/secure.gravatar.com\/avatar\/b4c422a086e48773ab64b57f3e01501bec116afcc90a32d4a7f71e7c34f6d693?s=96&d=mm&r=g\",\"caption\":\"Alexis Andrade\"},\"url\":\"https:\/\/blogs.uninter.edu.mx\/ENDECS\/index.php\/author\/aandrade\/\"}]}<\/script>\r\n<!-- \/ Yoast SEO plugin. -->","yoast_head_json":{"title":"Coronavirus de Wuhan: el impacto que el brote ya est\u00e1 teniendo en la econom\u00eda de China (y sus efectos a nivel global) - ENDECS","description":"El coronavirus est\u00e1 dejando en China im\u00e1genes realmente inusuales para un pa\u00eds de 1.300 millones de personas acostumbrado a calles abarrotadas; comercios llenos y ajetreada actividad.","robots":{"index":"index","follow":"follow","max-snippet":"max-snippet:-1","max-image-preview":"max-image-preview:large","max-video-preview":"max-video-preview:-1"},"canonical":"https:\/\/blogs.uninter.edu.mx\/ENDECS\/index.php\/2020\/03\/09\/coronavirus-de-wuhan-el-impacto-que-el-brote-ya-esta-teniendo-en-la-economia-de-china-y-sus-efectos-a-nivel-global\/","og_locale":"es_MX","og_type":"article","og_title":"Coronavirus de Wuhan: el impacto que el brote ya est\u00e1 teniendo en la econom\u00eda de China (y sus efectos a nivel global)","og_description":"El coronavirus est\u00e1 dejando en China im\u00e1genes realmente inusuales para un pa\u00eds de 1.300 millones de personas acostumbrado a calles abarrotadas; comercios llenos y ajetreada actividad. Ya hay alrededor de 10.000 casos confirmados; m\u00e1s de 360 fallecidos y el brote se extiende por una veintena de pa\u00edses; haciendo temer una pandemia dado su poder de r\u00e1pida propagaci\u00f3n. Esto se produce en un momento del a\u00f1o clave para la econom\u00eda del gigante asi\u00e1tico y los efectos ya se han dejado sentir a nivel internacional.","og_url":"https:\/\/blogs.uninter.edu.mx\/ENDECS\/index.php\/2020\/03\/09\/coronavirus-de-wuhan-el-impacto-que-el-brote-ya-esta-teniendo-en-la-economia-de-china-y-sus-efectos-a-nivel-global\/","og_site_name":"ENDECS","article_published_time":"2020-03-09T20:00:13+00:00","og_image":[{"width":354,"height":142,"url":"https:\/\/blogs.uninter.edu.mx\/ENDECS\/wp-content\/uploads\/2020\/02\/CORONAVIRUSCHINA1.jpg","type":"image\/jpeg"}],"author":"Alexis Andrade","twitter_card":"summary_large_image","twitter_title":"Coronavirus de Wuhan: el impacto que el brote ya est\u00e1 teniendo en la econom\u00eda de China (y sus efectos a nivel global)","twitter_description":"El coronavirus est\u00e1 dejando en China im\u00e1genes realmente inusuales para un pa\u00eds de 1.300 millones de personas acostumbrado a calles abarrotadas; comercios llenos y ajetreada actividad. Ya hay alrededor de 10.000 casos confirmados; m\u00e1s de 360 fallecidos y el brote se extiende por una veintena de pa\u00edses; haciendo temer una pandemia dado su poder de r\u00e1pida propagaci\u00f3n. Esto se produce en un momento del a\u00f1o clave para la econom\u00eda del gigante asi\u00e1tico y los efectos ya se han dejado sentir a nivel internacional.","twitter_image":"https:\/\/blogs.uninter.edu.mx\/ENDECS\/wp-content\/uploads\/2020\/02\/CORONAVIRUSCHINA1.jpg","twitter_misc":{"Escrito por":"Alexis Andrade","Tiempo de lectura":"6 minutos"},"schema":{"@context":"https:\/\/schema.org","@graph":[{"@type":"Article","@id":"https:\/\/blogs.uninter.edu.mx\/ENDECS\/index.php\/2020\/03\/09\/coronavirus-de-wuhan-el-impacto-que-el-brote-ya-esta-teniendo-en-la-economia-de-china-y-sus-efectos-a-nivel-global\/#article","isPartOf":{"@id":"https:\/\/blogs.uninter.edu.mx\/ENDECS\/index.php\/2020\/03\/09\/coronavirus-de-wuhan-el-impacto-que-el-brote-ya-esta-teniendo-en-la-economia-de-china-y-sus-efectos-a-nivel-global\/"},"author":{"name":"Alexis Andrade","@id":"https:\/\/blogs.uninter.edu.mx\/ENDECS\/#\/schema\/person\/9015536974bedab498c004a7d50ee73c"},"headline":"Coronavirus de Wuhan: el impacto que el brote ya est\u00e1 teniendo en la econom\u00eda de China (y sus efectos a nivel global)","datePublished":"2020-03-09T20:00:13+00:00","mainEntityOfPage":{"@id":"https:\/\/blogs.uninter.edu.mx\/ENDECS\/index.php\/2020\/03\/09\/coronavirus-de-wuhan-el-impacto-que-el-brote-ya-esta-teniendo-en-la-economia-de-china-y-sus-efectos-a-nivel-global\/"},"wordCount":1272,"commentCount":0,"publisher":{"@id":"https:\/\/blogs.uninter.edu.mx\/ENDECS\/#organization"},"image":{"@id":"https:\/\/blogs.uninter.edu.mx\/ENDECS\/index.php\/2020\/03\/09\/coronavirus-de-wuhan-el-impacto-que-el-brote-ya-esta-teniendo-en-la-economia-de-china-y-sus-efectos-a-nivel-global\/#primaryimage"},"thumbnailUrl":"https:\/\/blogs.uninter.edu.mx\/ENDECS\/wp-content\/uploads\/2020\/02\/CORONAVIRUSCHINA2.jpg","keywords":["ENDECS","Escuela de Negocios Derecho y Ciencias Sociales","Noticias","UNINTER","Universidad Internacional"],"articleSection":["Art\u00edculos de Inter\u00e9s Social","ENDECS"],"inLanguage":"es","potentialAction":[{"@type":"CommentAction","name":"Comment","target":["https:\/\/blogs.uninter.edu.mx\/ENDECS\/index.php\/2020\/03\/09\/coronavirus-de-wuhan-el-impacto-que-el-brote-ya-esta-teniendo-en-la-economia-de-china-y-sus-efectos-a-nivel-global\/#respond"]}]},{"@type":"WebPage","@id":"https:\/\/blogs.uninter.edu.mx\/ENDECS\/index.php\/2020\/03\/09\/coronavirus-de-wuhan-el-impacto-que-el-brote-ya-esta-teniendo-en-la-economia-de-china-y-sus-efectos-a-nivel-global\/","url":"https:\/\/blogs.uninter.edu.mx\/ENDECS\/index.php\/2020\/03\/09\/coronavirus-de-wuhan-el-impacto-que-el-brote-ya-esta-teniendo-en-la-economia-de-china-y-sus-efectos-a-nivel-global\/","name":"Coronavirus de Wuhan: el impacto que el brote ya est\u00e1 teniendo en la econom\u00eda de China (y sus efectos a nivel global) - ENDECS","isPartOf":{"@id":"https:\/\/blogs.uninter.edu.mx\/ENDECS\/#website"},"primaryImageOfPage":{"@id":"https:\/\/blogs.uninter.edu.mx\/ENDECS\/index.php\/2020\/03\/09\/coronavirus-de-wuhan-el-impacto-que-el-brote-ya-esta-teniendo-en-la-economia-de-china-y-sus-efectos-a-nivel-global\/#primaryimage"},"image":{"@id":"https:\/\/blogs.uninter.edu.mx\/ENDECS\/index.php\/2020\/03\/09\/coronavirus-de-wuhan-el-impacto-que-el-brote-ya-esta-teniendo-en-la-economia-de-china-y-sus-efectos-a-nivel-global\/#primaryimage"},"thumbnailUrl":"https:\/\/blogs.uninter.edu.mx\/ENDECS\/wp-content\/uploads\/2020\/02\/CORONAVIRUSCHINA2.jpg","datePublished":"2020-03-09T20:00:13+00:00","description":"El coronavirus est\u00e1 dejando en China im\u00e1genes realmente inusuales para un pa\u00eds de 1.300 millones de personas acostumbrado a calles abarrotadas; comercios llenos y ajetreada actividad.","breadcrumb":{"@id":"https:\/\/blogs.uninter.edu.mx\/ENDECS\/index.php\/2020\/03\/09\/coronavirus-de-wuhan-el-impacto-que-el-brote-ya-esta-teniendo-en-la-economia-de-china-y-sus-efectos-a-nivel-global\/#breadcrumb"},"inLanguage":"es","potentialAction":[{"@type":"ReadAction","target":["https:\/\/blogs.uninter.edu.mx\/ENDECS\/index.php\/2020\/03\/09\/coronavirus-de-wuhan-el-impacto-que-el-brote-ya-esta-teniendo-en-la-economia-de-china-y-sus-efectos-a-nivel-global\/"]}]},{"@type":"ImageObject","inLanguage":"es","@id":"https:\/\/blogs.uninter.edu.mx\/ENDECS\/index.php\/2020\/03\/09\/coronavirus-de-wuhan-el-impacto-que-el-brote-ya-esta-teniendo-en-la-economia-de-china-y-sus-efectos-a-nivel-global\/#primaryimage","url":"https:\/\/blogs.uninter.edu.mx\/ENDECS\/wp-content\/uploads\/2020\/02\/CORONAVIRUSCHINA2.jpg","contentUrl":"https:\/\/blogs.uninter.edu.mx\/ENDECS\/wp-content\/uploads\/2020\/02\/CORONAVIRUSCHINA2.jpg","width":259,"height":194,"caption":"Coronavirus WP ENDECS"},{"@type":"BreadcrumbList","@id":"https:\/\/blogs.uninter.edu.mx\/ENDECS\/index.php\/2020\/03\/09\/coronavirus-de-wuhan-el-impacto-que-el-brote-ya-esta-teniendo-en-la-economia-de-china-y-sus-efectos-a-nivel-global\/#breadcrumb","itemListElement":[{"@type":"ListItem","position":1,"name":"Inicio","item":"https:\/\/blogs.uninter.edu.mx\/ENDECS\/"},{"@type":"ListItem","position":2,"name":"Coronavirus de Wuhan: el impacto que el brote ya est\u00e1 teniendo en la econom\u00eda de China (y sus efectos a nivel global)"}]},{"@type":"WebSite","@id":"https:\/\/blogs.uninter.edu.mx\/ENDECS\/#website","url":"https:\/\/blogs.uninter.edu.mx\/ENDECS\/","name":"ENDECS","description":"Escuela de Negocios Derecho y Ciencias Sociales","publisher":{"@id":"https:\/\/blogs.uninter.edu.mx\/ENDECS\/#organization"},"potentialAction":[{"@type":"SearchAction","target":{"@type":"EntryPoint","urlTemplate":"https:\/\/blogs.uninter.edu.mx\/ENDECS\/?s={search_term_string}"},"query-input":{"@type":"PropertyValueSpecification","valueRequired":true,"valueName":"search_term_string"}}],"inLanguage":"es"},{"@type":"Organization","@id":"https:\/\/blogs.uninter.edu.mx\/ENDECS\/#organization","name":"ENDECS - UNINTER","url":"https:\/\/blogs.uninter.edu.mx\/ENDECS\/","logo":{"@type":"ImageObject","inLanguage":"es","@id":"https:\/\/blogs.uninter.edu.mx\/ENDECS\/#\/schema\/logo\/image\/","url":"https:\/\/blogs.uninter.edu.mx\/ENDECS\/wp-content\/uploads\/2019\/06\/Blog-ENDECS.jpg","contentUrl":"https:\/\/blogs.uninter.edu.mx\/ENDECS\/wp-content\/uploads\/2019\/06\/Blog-ENDECS.jpg","width":1020,"height":317,"caption":"ENDECS - UNINTER"},"image":{"@id":"https:\/\/blogs.uninter.edu.mx\/ENDECS\/#\/schema\/logo\/image\/"}},{"@type":"Person","@id":"https:\/\/blogs.uninter.edu.mx\/ENDECS\/#\/schema\/person\/9015536974bedab498c004a7d50ee73c","name":"Alexis Andrade","image":{"@type":"ImageObject","inLanguage":"es","@id":"https:\/\/blogs.uninter.edu.mx\/ENDECS\/#\/schema\/person\/image\/","url":"https:\/\/secure.gravatar.com\/avatar\/b4c422a086e48773ab64b57f3e01501bec116afcc90a32d4a7f71e7c34f6d693?s=96&d=mm&r=g","contentUrl":"https:\/\/secure.gravatar.com\/avatar\/b4c422a086e48773ab64b57f3e01501bec116afcc90a32d4a7f71e7c34f6d693?s=96&d=mm&r=g","caption":"Alexis Andrade"},"url":"https:\/\/blogs.uninter.edu.mx\/ENDECS\/index.php\/author\/aandrade\/"}]}},"jetpack_publicize_connections":[],"jetpack_featured_media_url":"https:\/\/blogs.uninter.edu.mx\/ENDECS\/wp-content\/uploads\/2020\/02\/CORONAVIRUSCHINA2.jpg","jetpack_sharing_enabled":true,"_links":{"self":[{"href":"https:\/\/blogs.uninter.edu.mx\/ENDECS\/index.php\/wp-json\/wp\/v2\/posts\/2274","targetHints":{"allow":["GET"]}}],"collection":[{"href":"https:\/\/blogs.uninter.edu.mx\/ENDECS\/index.php\/wp-json\/wp\/v2\/posts"}],"about":[{"href":"https:\/\/blogs.uninter.edu.mx\/ENDECS\/index.php\/wp-json\/wp\/v2\/types\/post"}],"author":[{"embeddable":true,"href":"https:\/\/blogs.uninter.edu.mx\/ENDECS\/index.php\/wp-json\/wp\/v2\/users\/17"}],"replies":[{"embeddable":true,"href":"https:\/\/blogs.uninter.edu.mx\/ENDECS\/index.php\/wp-json\/wp\/v2\/comments?post=2274"}],"version-history":[{"count":11,"href":"https:\/\/blogs.uninter.edu.mx\/ENDECS\/index.php\/wp-json\/wp\/v2\/posts\/2274\/revisions"}],"predecessor-version":[{"id":2576,"href":"https:\/\/blogs.uninter.edu.mx\/ENDECS\/index.php\/wp-json\/wp\/v2\/posts\/2274\/revisions\/2576"}],"wp:featuredmedia":[{"embeddable":true,"href":"https:\/\/blogs.uninter.edu.mx\/ENDECS\/index.php\/wp-json\/wp\/v2\/media\/2298"}],"wp:attachment":[{"href":"https:\/\/blogs.uninter.edu.mx\/ENDECS\/index.php\/wp-json\/wp\/v2\/media?parent=2274"}],"wp:term":[{"taxonomy":"category","embeddable":true,"href":"https:\/\/blogs.uninter.edu.mx\/ENDECS\/index.php\/wp-json\/wp\/v2\/categories?post=2274"},{"taxonomy":"post_tag","embeddable":true,"href":"https:\/\/blogs.uninter.edu.mx\/ENDECS\/index.php\/wp-json\/wp\/v2\/tags?post=2274"}],"curies":[{"name":"wp","href":"https:\/\/api.w.org\/{rel}","templated":true}]}}