{"id":231,"date":"2020-01-23T13:00:06","date_gmt":"2020-01-23T19:00:06","guid":{"rendered":"https:\/\/blogs.uninter.edu.mx\/ENDECS\/?p=231"},"modified":"2020-01-21T19:12:22","modified_gmt":"2020-01-22T01:12:22","slug":"tesian-de-grado-lic-danel-cajiga-miranda-tesina-de-grado","status":"publish","type":"post","link":"https:\/\/blogs.uninter.edu.mx\/ENDECS\/index.php\/2020\/01\/23\/tesian-de-grado-lic-danel-cajiga-miranda-tesina-de-grado\/","title":{"rendered":"Impacto de la din\u00e1mica de la econom\u00eda mexicana en el comportamiento de la bolsa mexicana de valores del 2006 al 2015"},"content":{"rendered":"\n<figure class=\"wp-block-image\"><a href=\"https:\/\/uninter.edu.mx\/\" target=\"_blank\" rel=\"noreferrer noopener\"><img decoding=\"async\" src=\"https:\/\/blogs.uninter.edu.mx\/ENDECS\/wp-content\/uploads\/2019\/06\/Imagen1.gif\" alt=\"\" class=\"wp-image-179\"\/><\/a><\/figure>\n\n\n\n<h2 class=\"wp-block-heading\" style=\"text-align:center\">Tesina de Grado<\/h2>\n\n\n\n<p style=\"text-align:justify\">Tesina de grado habla de los altibajos en la econom\u00eda de M\u00e9xico; durante la crisis econ\u00f3mica mundial del 2009 y los riesgos econ\u00f3micos actuales, han llevado a las empresas que cotizan en la Bolsa Mexicana de Valores asumir mayores riesgos debido a la inestabilidad del mercado.<\/p>\n\n\n\n<div class=\"wp-block-image\"><figure class=\"alignright\"><img loading=\"lazy\" decoding=\"async\" width=\"287\" height=\"175\" src=\"https:\/\/blogs.uninter.edu.mx\/ENDECS\/wp-content\/uploads\/2019\/06\/economia.jpg\" alt=\"tesina de grado\" class=\"wp-image-234\"\/><\/figure><\/div>\n\n\n\n<p style=\"text-align:justify\">La investigaci\u00f3n fue presentada por el LIC. DANIEL CAJIGAL MIRANDA para obtener el grado de Maestro en <a href=\"https:\/\/posgrados.uninter.edu.mx\/Maes-Admin-Direc\">Finanzas Corporativas.<\/a><\/p>\n\n\n\n<h2 class=\"wp-block-heading\">Resumen<\/h2>\n\n\n\n<p style=\"text-align:justify\">Este trabajo desea conocer si el comportamiento de la Bolsa Mexicana de\nValores est\u00e1 asociado al desempe\u00f1o de la econom\u00eda\nde M\u00e9xico, ya que el riesgo\nde mercado, tambi\u00e9n conocido como riesgo sist\u00e9mico, est\u00e1 asociado con la volatilidad del mercado en general,\nrelacionado a los ciclos econ\u00f3micos, condiciones pol\u00edticas y tendencias que\nafectan los movimientos del mercado acentuando el riesgo.<\/p>\n\n\n\n<p style=\"text-align:justify\">Con la finalidad de generar estrategias burs\u00e1tiles basados en el comportamiento del mercado de valores con respecto al desempe\u00f1o de la econom\u00eda nacional, observando las principales variables macroecon\u00f3micas y las fluctuaciones de las acciones burs\u00e1tiles en la Bolsa Mexicana de Valores a trav\u00e9s de un modelo econom\u00e9trico.<\/p>\n\n\n\n<div class=\"wp-block-image\"><figure class=\"alignleft\"><img loading=\"lazy\" decoding=\"async\" width=\"308\" height=\"164\" src=\"https:\/\/blogs.uninter.edu.mx\/ENDECS\/wp-content\/uploads\/2019\/06\/economia-mex.jpg\" alt=\"tesina de grado\" class=\"wp-image-233\" srcset=\"https:\/\/blogs.uninter.edu.mx\/ENDECS\/wp-content\/uploads\/2019\/06\/economia-mex.jpg 308w, https:\/\/blogs.uninter.edu.mx\/ENDECS\/wp-content\/uploads\/2019\/06\/economia-mex-300x160.jpg 300w\" sizes=\"auto, (max-width: 308px) 100vw, 308px\" \/><\/figure><\/div>\n\n\n\n<p style=\"text-align:justify\">Como resultado, el primer cap\u00edtulo habla de los antecedentes de la problem\u00e1tica en la d\u00e9cada del 2006 al 2015, donde M\u00e9xico present\u00f3 altibajos en su econom\u00eda que pudieron haber generado alteraciones en el comportamiento de la Bolsa Mexicana de Valores.<\/p>\n\n\n\n<p style=\"text-align:justify\">El apartado II hace referencia a lo establecido por Keynes en <em>La Teor\u00eda General de la ocupaci\u00f3n, el inter\u00e9s y el dinero<\/em>, bas\u00e1ndose como principio para el an\u00e1lisis realizado en este trabajo.<\/p>\n\n\n\n<p style=\"text-align:justify\">En el siguiente se realiza un marco referencial con respecto algunos conceptos b\u00e1sicos de la econometr\u00eda y el an\u00e1lisis burs\u00e1til.<\/p>\n\n\n\n<div class=\"wp-block-image\"><figure class=\"aligncenter\"><img loading=\"lazy\" decoding=\"async\" width=\"850\" height=\"478\" src=\"https:\/\/blogs.uninter.edu.mx\/ENDECS\/wp-content\/uploads\/2019\/06\/Bolsa-de-valores.jpg\" alt=\"tesina de grado\" class=\"wp-image-232\" srcset=\"https:\/\/blogs.uninter.edu.mx\/ENDECS\/wp-content\/uploads\/2019\/06\/Bolsa-de-valores.jpg 850w, https:\/\/blogs.uninter.edu.mx\/ENDECS\/wp-content\/uploads\/2019\/06\/Bolsa-de-valores-300x169.jpg 300w, https:\/\/blogs.uninter.edu.mx\/ENDECS\/wp-content\/uploads\/2019\/06\/Bolsa-de-valores-768x432.jpg 768w, https:\/\/blogs.uninter.edu.mx\/ENDECS\/wp-content\/uploads\/2019\/06\/Bolsa-de-valores-460x260.jpg 460w\" sizes=\"auto, (max-width: 850px) 100vw, 850px\" \/><\/figure><\/div>\n\n\n\n<p style=\"text-align:justify\">Adem\u00e1s, el Cap\u00edtulo IV es un diagn\u00f3stico de la econom\u00eda de M\u00e9xico en la d\u00e9cada del 2006 al 2015 de acuerdo a las principales variables macroecon\u00f3micas, planteando el panorama para la continuaci\u00f3n del an\u00e1lisis de dicho estudio. En el Cap\u00edtulo V especifica el modelo econom\u00e9trico usado para el an\u00e1lisis de los estad\u00edsticos investigados de las diferentes variables macroecon\u00f3micas, exponiendo los resultados obtenidos.<\/p>\n\n\n\n<p style=\"text-align:justify\"><strong>Si quieres seguir leyendo, ingresa al siguiente link <\/strong><\/p>\n\n\n\n<div class=\"wp-block-button alignleft is-style-outline is-style-outline--1\"><a class=\"wp-block-button__link has-background has-very-light-gray-background-color\" href=\"https:\/\/uninteredumx-my.sharepoint.com\/:b:\/g\/personal\/endecs_uninter_edu_mx\/EWEnohUN0D5Glk8LMCZdnWQBWdkkjm_uM2loMfQbUE7sXw?e=DFYkYs\"><strong>Descarga aqu\u00ed<\/strong><\/a><\/div>\n\n\n\n<div class=\"wp-block-button alignleft is-style-outline is-style-outline--2\"><a class=\"wp-block-button__link has-background has-very-light-gray-background-color\" href=\"https:\/\/blogs.uninter.edu.mx\/ENDECS\"><strong>M\u00e1s de la ENDECS<\/strong><\/a><\/div>\n\n\n\n<div class=\"wp-block-button alignleft is-style-outline is-style-outline--3\"><a class=\"wp-block-button__link has-background has-very-light-gray-background-color\" href=\"https:\/\/blogs.uninter.edu.mx\/ENDECS\/index.php\/category\/posgrados\/\"><strong>Otras publicaciones<\/strong><\/a><\/div>\n\n\n\n<figure class=\"wp-block-image\"><a href=\"https:\/\/www.facebook.com\/dacsuninter1\/\" target=\"_blank\" rel=\"noreferrer noopener\"><img loading=\"lazy\" decoding=\"async\" width=\"1020\" height=\"317\" src=\"https:\/\/blogs.uninter.edu.mx\/ENDECS\/wp-content\/uploads\/2019\/06\/Blog-ENDECS.jpg\" alt=\"Escuela de Negocios, Derecho y Ciencias Sociales\" class=\"wp-image-6\" srcset=\"https:\/\/blogs.uninter.edu.mx\/ENDECS\/wp-content\/uploads\/2019\/06\/Blog-ENDECS.jpg 1020w, https:\/\/blogs.uninter.edu.mx\/ENDECS\/wp-content\/uploads\/2019\/06\/Blog-ENDECS-300x93.jpg 300w, https:\/\/blogs.uninter.edu.mx\/ENDECS\/wp-content\/uploads\/2019\/06\/Blog-ENDECS-768x239.jpg 768w\" sizes=\"auto, (max-width: 1020px) 100vw, 1020px\" \/><\/a><figcaption><a href=\"https:\/\/www.facebook.com\/dacsuninter1\/\" target=\"_blank\" rel=\"noreferrer noopener\" aria-label=\"ENDECS (opens in a new tab)\">ENDECS<\/a><\/figcaption><\/figure>\n","protected":false},"excerpt":{"rendered":"<p>Tesina de Grado, Impacto de la din\u00e1mica de la econom\u00eda mexicana en el comportamiento de la bolsa mexicana de valores del 2006 al 2015. presentada por el LIC. DANIEL MIRANDA CAJIGAL para obtener el grado de Maestro en Finanzas Corporativas.<\/p>\n","protected":false},"author":17,"featured_media":375,"comment_status":"open","ping_status":"open","sticky":false,"template":"","format":"standard","meta":{"_jetpack_memberships_contains_paid_content":false,"footnotes":"","jetpack_publicize_message":"","jetpack_publicize_feature_enabled":true,"jetpack_social_post_already_shared":true,"jetpack_social_options":{"image_generator_settings":{"template":"highway","default_image_id":0,"font":"","enabled":false},"version":2}},"categories":[1,30,4],"tags":[21,244,22,23],"class_list":["post-231","post","type-post","status-publish","format-standard","has-post-thumbnail","hentry","category-endecs","category-investigaciones","category-posgrados-uninter","tag-endecs","tag-escuela-de-negocios-derecho-y-ciencias-sociales","tag-uninter","tag-universidad-internacional"],"yoast_head":"<!-- This site is optimized with the Yoast SEO plugin v26.0 - https:\/\/yoast.com\/wordpress\/plugins\/seo\/ -->\r\n<title>Tesina de Grado del Lic. Danel Cajigal Miranda - ENDECS<\/title>\r\n<meta name=\"description\" content=\"La tesina de grado fue presentada por el LIC. DANIEL CAJIGAL MIRANDA para obtener el grado de Maestro en Finanzas Corporativas.\" \/>\r\n<meta name=\"robots\" content=\"index, follow, max-snippet:-1, max-image-preview:large, max-video-preview:-1\" \/>\r\n<link rel=\"canonical\" href=\"https:\/\/blogs.uninter.edu.mx\/ENDECS\/index.php\/2020\/01\/23\/tesian-de-grado-lic-danel-cajiga-miranda-tesina-de-grado\/\" \/>\r\n<meta property=\"og:locale\" content=\"es_MX\" \/>\r\n<meta property=\"og:type\" content=\"article\" \/>\r\n<meta property=\"og:title\" content=\"Impacto de la din\u00e1mica de la econom\u00eda mexicana en el comportamiento de la bolsa mexicana de valores del 2006 al 2015\" \/>\r\n<meta property=\"og:description\" content=\"La investigaci\u00f3n fue presentada por el LIC. DANIEL MIRANDA CAJIGAL para obtener el grado de Maestro en Finanzas Corporativas.\" \/>\r\n<meta property=\"og:url\" content=\"https:\/\/blogs.uninter.edu.mx\/ENDECS\/index.php\/2020\/01\/23\/tesian-de-grado-lic-danel-cajiga-miranda-tesina-de-grado\/\" \/>\r\n<meta property=\"og:site_name\" content=\"ENDECS\" \/>\r\n<meta property=\"article:published_time\" content=\"2020-01-23T19:00:06+00:00\" \/>\r\n<meta property=\"og:image\" content=\"https:\/\/blogs.uninter.edu.mx\/ENDECS\/wp-content\/uploads\/2019\/06\/tesis-endecs-1.png\" \/>\r\n\t<meta property=\"og:image:width\" content=\"1200\" \/>\r\n\t<meta property=\"og:image:height\" content=\"800\" \/>\r\n\t<meta property=\"og:image:type\" content=\"image\/png\" \/>\r\n<meta name=\"author\" content=\"Alexis Andrade\" \/>\r\n<meta name=\"twitter:card\" content=\"summary_large_image\" \/>\r\n<meta name=\"twitter:title\" content=\"Impacto de la din\u00e1mica de la econom\u00eda mexicana en el comportamiento de la bolsa mexicana de valores del 2006 al 2015\" \/>\r\n<meta name=\"twitter:description\" content=\"La investigaci\u00f3n fue presentada por el LIC. DANIEL MIRANDA CAJIGAL para obtener el grado de Maestro en Finanzas Corporativas.\" \/>\r\n<meta name=\"twitter:image\" content=\"https:\/\/blogs.uninter.edu.mx\/ENDECS\/wp-content\/uploads\/2019\/06\/tesis-endecs-1.png\" \/>\r\n<meta name=\"twitter:label1\" content=\"Escrito por\" \/>\n\t<meta name=\"twitter:data1\" content=\"Alexis Andrade\" \/>\n\t<meta name=\"twitter:label2\" content=\"Tiempo de lectura\" \/>\n\t<meta name=\"twitter:data2\" content=\"2 minutos\" \/>\r\n<script type=\"application\/ld+json\" class=\"yoast-schema-graph\">{\"@context\":\"https:\/\/schema.org\",\"@graph\":[{\"@type\":\"Article\",\"@id\":\"https:\/\/blogs.uninter.edu.mx\/ENDECS\/index.php\/2020\/01\/23\/tesian-de-grado-lic-danel-cajiga-miranda-tesina-de-grado\/#article\",\"isPartOf\":{\"@id\":\"https:\/\/blogs.uninter.edu.mx\/ENDECS\/index.php\/2020\/01\/23\/tesian-de-grado-lic-danel-cajiga-miranda-tesina-de-grado\/\"},\"author\":{\"name\":\"Alexis Andrade\",\"@id\":\"https:\/\/blogs.uninter.edu.mx\/ENDECS\/#\/schema\/person\/9015536974bedab498c004a7d50ee73c\"},\"headline\":\"Impacto de la din\u00e1mica de la econom\u00eda mexicana en el comportamiento de la bolsa mexicana de valores del 2006 al 2015\",\"datePublished\":\"2020-01-23T19:00:06+00:00\",\"mainEntityOfPage\":{\"@id\":\"https:\/\/blogs.uninter.edu.mx\/ENDECS\/index.php\/2020\/01\/23\/tesian-de-grado-lic-danel-cajiga-miranda-tesina-de-grado\/\"},\"wordCount\":411,\"commentCount\":0,\"publisher\":{\"@id\":\"https:\/\/blogs.uninter.edu.mx\/ENDECS\/#organization\"},\"image\":{\"@id\":\"https:\/\/blogs.uninter.edu.mx\/ENDECS\/index.php\/2020\/01\/23\/tesian-de-grado-lic-danel-cajiga-miranda-tesina-de-grado\/#primaryimage\"},\"thumbnailUrl\":\"https:\/\/blogs.uninter.edu.mx\/ENDECS\/wp-content\/uploads\/2019\/07\/cajigal-miranda.png\",\"keywords\":[\"ENDECS\",\"Escuela de Negocios Derecho y Ciencias Sociales\",\"UNINTER\",\"Universidad Internacional\"],\"articleSection\":[\"ENDECS\",\"Investigaciones\",\"Posgrados ENDECS\"],\"inLanguage\":\"es\",\"potentialAction\":[{\"@type\":\"CommentAction\",\"name\":\"Comment\",\"target\":[\"https:\/\/blogs.uninter.edu.mx\/ENDECS\/index.php\/2020\/01\/23\/tesian-de-grado-lic-danel-cajiga-miranda-tesina-de-grado\/#respond\"]}]},{\"@type\":\"WebPage\",\"@id\":\"https:\/\/blogs.uninter.edu.mx\/ENDECS\/index.php\/2020\/01\/23\/tesian-de-grado-lic-danel-cajiga-miranda-tesina-de-grado\/\",\"url\":\"https:\/\/blogs.uninter.edu.mx\/ENDECS\/index.php\/2020\/01\/23\/tesian-de-grado-lic-danel-cajiga-miranda-tesina-de-grado\/\",\"name\":\"Tesina de Grado del Lic. Danel Cajigal Miranda - ENDECS\",\"isPartOf\":{\"@id\":\"https:\/\/blogs.uninter.edu.mx\/ENDECS\/#website\"},\"primaryImageOfPage\":{\"@id\":\"https:\/\/blogs.uninter.edu.mx\/ENDECS\/index.php\/2020\/01\/23\/tesian-de-grado-lic-danel-cajiga-miranda-tesina-de-grado\/#primaryimage\"},\"image\":{\"@id\":\"https:\/\/blogs.uninter.edu.mx\/ENDECS\/index.php\/2020\/01\/23\/tesian-de-grado-lic-danel-cajiga-miranda-tesina-de-grado\/#primaryimage\"},\"thumbnailUrl\":\"https:\/\/blogs.uninter.edu.mx\/ENDECS\/wp-content\/uploads\/2019\/07\/cajigal-miranda.png\",\"datePublished\":\"2020-01-23T19:00:06+00:00\",\"description\":\"La tesina de grado fue presentada por el LIC. DANIEL CAJIGAL MIRANDA para obtener el grado de Maestro en Finanzas Corporativas.\",\"breadcrumb\":{\"@id\":\"https:\/\/blogs.uninter.edu.mx\/ENDECS\/index.php\/2020\/01\/23\/tesian-de-grado-lic-danel-cajiga-miranda-tesina-de-grado\/#breadcrumb\"},\"inLanguage\":\"es\",\"potentialAction\":[{\"@type\":\"ReadAction\",\"target\":[\"https:\/\/blogs.uninter.edu.mx\/ENDECS\/index.php\/2020\/01\/23\/tesian-de-grado-lic-danel-cajiga-miranda-tesina-de-grado\/\"]}]},{\"@type\":\"ImageObject\",\"inLanguage\":\"es\",\"@id\":\"https:\/\/blogs.uninter.edu.mx\/ENDECS\/index.php\/2020\/01\/23\/tesian-de-grado-lic-danel-cajiga-miranda-tesina-de-grado\/#primaryimage\",\"url\":\"https:\/\/blogs.uninter.edu.mx\/ENDECS\/wp-content\/uploads\/2019\/07\/cajigal-miranda.png\",\"contentUrl\":\"https:\/\/blogs.uninter.edu.mx\/ENDECS\/wp-content\/uploads\/2019\/07\/cajigal-miranda.png\",\"width\":1200,\"height\":800},{\"@type\":\"BreadcrumbList\",\"@id\":\"https:\/\/blogs.uninter.edu.mx\/ENDECS\/index.php\/2020\/01\/23\/tesian-de-grado-lic-danel-cajiga-miranda-tesina-de-grado\/#breadcrumb\",\"itemListElement\":[{\"@type\":\"ListItem\",\"position\":1,\"name\":\"Inicio\",\"item\":\"https:\/\/blogs.uninter.edu.mx\/ENDECS\/\"},{\"@type\":\"ListItem\",\"position\":2,\"name\":\"Impacto de la din\u00e1mica de la econom\u00eda mexicana en el comportamiento de la bolsa mexicana de valores del 2006 al 2015\"}]},{\"@type\":\"WebSite\",\"@id\":\"https:\/\/blogs.uninter.edu.mx\/ENDECS\/#website\",\"url\":\"https:\/\/blogs.uninter.edu.mx\/ENDECS\/\",\"name\":\"ENDECS\",\"description\":\"Escuela de Negocios Derecho y Ciencias Sociales\",\"publisher\":{\"@id\":\"https:\/\/blogs.uninter.edu.mx\/ENDECS\/#organization\"},\"potentialAction\":[{\"@type\":\"SearchAction\",\"target\":{\"@type\":\"EntryPoint\",\"urlTemplate\":\"https:\/\/blogs.uninter.edu.mx\/ENDECS\/?s={search_term_string}\"},\"query-input\":{\"@type\":\"PropertyValueSpecification\",\"valueRequired\":true,\"valueName\":\"search_term_string\"}}],\"inLanguage\":\"es\"},{\"@type\":\"Organization\",\"@id\":\"https:\/\/blogs.uninter.edu.mx\/ENDECS\/#organization\",\"name\":\"ENDECS - UNINTER\",\"url\":\"https:\/\/blogs.uninter.edu.mx\/ENDECS\/\",\"logo\":{\"@type\":\"ImageObject\",\"inLanguage\":\"es\",\"@id\":\"https:\/\/blogs.uninter.edu.mx\/ENDECS\/#\/schema\/logo\/image\/\",\"url\":\"https:\/\/blogs.uninter.edu.mx\/ENDECS\/wp-content\/uploads\/2019\/06\/Blog-ENDECS.jpg\",\"contentUrl\":\"https:\/\/blogs.uninter.edu.mx\/ENDECS\/wp-content\/uploads\/2019\/06\/Blog-ENDECS.jpg\",\"width\":1020,\"height\":317,\"caption\":\"ENDECS - UNINTER\"},\"image\":{\"@id\":\"https:\/\/blogs.uninter.edu.mx\/ENDECS\/#\/schema\/logo\/image\/\"}},{\"@type\":\"Person\",\"@id\":\"https:\/\/blogs.uninter.edu.mx\/ENDECS\/#\/schema\/person\/9015536974bedab498c004a7d50ee73c\",\"name\":\"Alexis Andrade\",\"image\":{\"@type\":\"ImageObject\",\"inLanguage\":\"es\",\"@id\":\"https:\/\/blogs.uninter.edu.mx\/ENDECS\/#\/schema\/person\/image\/\",\"url\":\"https:\/\/secure.gravatar.com\/avatar\/b4c422a086e48773ab64b57f3e01501bec116afcc90a32d4a7f71e7c34f6d693?s=96&d=mm&r=g\",\"contentUrl\":\"https:\/\/secure.gravatar.com\/avatar\/b4c422a086e48773ab64b57f3e01501bec116afcc90a32d4a7f71e7c34f6d693?s=96&d=mm&r=g\",\"caption\":\"Alexis Andrade\"},\"url\":\"https:\/\/blogs.uninter.edu.mx\/ENDECS\/index.php\/author\/aandrade\/\"}]}<\/script>\r\n<!-- \/ Yoast SEO plugin. -->","yoast_head_json":{"title":"Tesina de Grado del Lic. Danel Cajigal Miranda - ENDECS","description":"La tesina de grado fue presentada por el LIC. DANIEL CAJIGAL MIRANDA para obtener el grado de Maestro en Finanzas Corporativas.","robots":{"index":"index","follow":"follow","max-snippet":"max-snippet:-1","max-image-preview":"max-image-preview:large","max-video-preview":"max-video-preview:-1"},"canonical":"https:\/\/blogs.uninter.edu.mx\/ENDECS\/index.php\/2020\/01\/23\/tesian-de-grado-lic-danel-cajiga-miranda-tesina-de-grado\/","og_locale":"es_MX","og_type":"article","og_title":"Impacto de la din\u00e1mica de la econom\u00eda mexicana en el comportamiento de la bolsa mexicana de valores del 2006 al 2015","og_description":"La investigaci\u00f3n fue presentada por el LIC. DANIEL MIRANDA CAJIGAL para obtener el grado de Maestro en Finanzas Corporativas.","og_url":"https:\/\/blogs.uninter.edu.mx\/ENDECS\/index.php\/2020\/01\/23\/tesian-de-grado-lic-danel-cajiga-miranda-tesina-de-grado\/","og_site_name":"ENDECS","article_published_time":"2020-01-23T19:00:06+00:00","og_image":[{"width":1200,"height":800,"url":"https:\/\/blogs.uninter.edu.mx\/ENDECS\/wp-content\/uploads\/2019\/06\/tesis-endecs-1.png","type":"image\/png"}],"author":"Alexis Andrade","twitter_card":"summary_large_image","twitter_title":"Impacto de la din\u00e1mica de la econom\u00eda mexicana en el comportamiento de la bolsa mexicana de valores del 2006 al 2015","twitter_description":"La investigaci\u00f3n fue presentada por el LIC. DANIEL MIRANDA CAJIGAL para obtener el grado de Maestro en Finanzas Corporativas.","twitter_image":"https:\/\/blogs.uninter.edu.mx\/ENDECS\/wp-content\/uploads\/2019\/06\/tesis-endecs-1.png","twitter_misc":{"Escrito por":"Alexis Andrade","Tiempo de lectura":"2 minutos"},"schema":{"@context":"https:\/\/schema.org","@graph":[{"@type":"Article","@id":"https:\/\/blogs.uninter.edu.mx\/ENDECS\/index.php\/2020\/01\/23\/tesian-de-grado-lic-danel-cajiga-miranda-tesina-de-grado\/#article","isPartOf":{"@id":"https:\/\/blogs.uninter.edu.mx\/ENDECS\/index.php\/2020\/01\/23\/tesian-de-grado-lic-danel-cajiga-miranda-tesina-de-grado\/"},"author":{"name":"Alexis Andrade","@id":"https:\/\/blogs.uninter.edu.mx\/ENDECS\/#\/schema\/person\/9015536974bedab498c004a7d50ee73c"},"headline":"Impacto de la din\u00e1mica de la econom\u00eda mexicana en el comportamiento de la bolsa mexicana de valores del 2006 al 2015","datePublished":"2020-01-23T19:00:06+00:00","mainEntityOfPage":{"@id":"https:\/\/blogs.uninter.edu.mx\/ENDECS\/index.php\/2020\/01\/23\/tesian-de-grado-lic-danel-cajiga-miranda-tesina-de-grado\/"},"wordCount":411,"commentCount":0,"publisher":{"@id":"https:\/\/blogs.uninter.edu.mx\/ENDECS\/#organization"},"image":{"@id":"https:\/\/blogs.uninter.edu.mx\/ENDECS\/index.php\/2020\/01\/23\/tesian-de-grado-lic-danel-cajiga-miranda-tesina-de-grado\/#primaryimage"},"thumbnailUrl":"https:\/\/blogs.uninter.edu.mx\/ENDECS\/wp-content\/uploads\/2019\/07\/cajigal-miranda.png","keywords":["ENDECS","Escuela de Negocios Derecho y Ciencias Sociales","UNINTER","Universidad Internacional"],"articleSection":["ENDECS","Investigaciones","Posgrados ENDECS"],"inLanguage":"es","potentialAction":[{"@type":"CommentAction","name":"Comment","target":["https:\/\/blogs.uninter.edu.mx\/ENDECS\/index.php\/2020\/01\/23\/tesian-de-grado-lic-danel-cajiga-miranda-tesina-de-grado\/#respond"]}]},{"@type":"WebPage","@id":"https:\/\/blogs.uninter.edu.mx\/ENDECS\/index.php\/2020\/01\/23\/tesian-de-grado-lic-danel-cajiga-miranda-tesina-de-grado\/","url":"https:\/\/blogs.uninter.edu.mx\/ENDECS\/index.php\/2020\/01\/23\/tesian-de-grado-lic-danel-cajiga-miranda-tesina-de-grado\/","name":"Tesina de Grado del Lic. Danel Cajigal Miranda - ENDECS","isPartOf":{"@id":"https:\/\/blogs.uninter.edu.mx\/ENDECS\/#website"},"primaryImageOfPage":{"@id":"https:\/\/blogs.uninter.edu.mx\/ENDECS\/index.php\/2020\/01\/23\/tesian-de-grado-lic-danel-cajiga-miranda-tesina-de-grado\/#primaryimage"},"image":{"@id":"https:\/\/blogs.uninter.edu.mx\/ENDECS\/index.php\/2020\/01\/23\/tesian-de-grado-lic-danel-cajiga-miranda-tesina-de-grado\/#primaryimage"},"thumbnailUrl":"https:\/\/blogs.uninter.edu.mx\/ENDECS\/wp-content\/uploads\/2019\/07\/cajigal-miranda.png","datePublished":"2020-01-23T19:00:06+00:00","description":"La tesina de grado fue presentada por el LIC. DANIEL CAJIGAL MIRANDA para obtener el grado de Maestro en Finanzas Corporativas.","breadcrumb":{"@id":"https:\/\/blogs.uninter.edu.mx\/ENDECS\/index.php\/2020\/01\/23\/tesian-de-grado-lic-danel-cajiga-miranda-tesina-de-grado\/#breadcrumb"},"inLanguage":"es","potentialAction":[{"@type":"ReadAction","target":["https:\/\/blogs.uninter.edu.mx\/ENDECS\/index.php\/2020\/01\/23\/tesian-de-grado-lic-danel-cajiga-miranda-tesina-de-grado\/"]}]},{"@type":"ImageObject","inLanguage":"es","@id":"https:\/\/blogs.uninter.edu.mx\/ENDECS\/index.php\/2020\/01\/23\/tesian-de-grado-lic-danel-cajiga-miranda-tesina-de-grado\/#primaryimage","url":"https:\/\/blogs.uninter.edu.mx\/ENDECS\/wp-content\/uploads\/2019\/07\/cajigal-miranda.png","contentUrl":"https:\/\/blogs.uninter.edu.mx\/ENDECS\/wp-content\/uploads\/2019\/07\/cajigal-miranda.png","width":1200,"height":800},{"@type":"BreadcrumbList","@id":"https:\/\/blogs.uninter.edu.mx\/ENDECS\/index.php\/2020\/01\/23\/tesian-de-grado-lic-danel-cajiga-miranda-tesina-de-grado\/#breadcrumb","itemListElement":[{"@type":"ListItem","position":1,"name":"Inicio","item":"https:\/\/blogs.uninter.edu.mx\/ENDECS\/"},{"@type":"ListItem","position":2,"name":"Impacto de la din\u00e1mica de la econom\u00eda mexicana en el comportamiento de la bolsa mexicana de valores del 2006 al 2015"}]},{"@type":"WebSite","@id":"https:\/\/blogs.uninter.edu.mx\/ENDECS\/#website","url":"https:\/\/blogs.uninter.edu.mx\/ENDECS\/","name":"ENDECS","description":"Escuela de Negocios Derecho y Ciencias Sociales","publisher":{"@id":"https:\/\/blogs.uninter.edu.mx\/ENDECS\/#organization"},"potentialAction":[{"@type":"SearchAction","target":{"@type":"EntryPoint","urlTemplate":"https:\/\/blogs.uninter.edu.mx\/ENDECS\/?s={search_term_string}"},"query-input":{"@type":"PropertyValueSpecification","valueRequired":true,"valueName":"search_term_string"}}],"inLanguage":"es"},{"@type":"Organization","@id":"https:\/\/blogs.uninter.edu.mx\/ENDECS\/#organization","name":"ENDECS - UNINTER","url":"https:\/\/blogs.uninter.edu.mx\/ENDECS\/","logo":{"@type":"ImageObject","inLanguage":"es","@id":"https:\/\/blogs.uninter.edu.mx\/ENDECS\/#\/schema\/logo\/image\/","url":"https:\/\/blogs.uninter.edu.mx\/ENDECS\/wp-content\/uploads\/2019\/06\/Blog-ENDECS.jpg","contentUrl":"https:\/\/blogs.uninter.edu.mx\/ENDECS\/wp-content\/uploads\/2019\/06\/Blog-ENDECS.jpg","width":1020,"height":317,"caption":"ENDECS - UNINTER"},"image":{"@id":"https:\/\/blogs.uninter.edu.mx\/ENDECS\/#\/schema\/logo\/image\/"}},{"@type":"Person","@id":"https:\/\/blogs.uninter.edu.mx\/ENDECS\/#\/schema\/person\/9015536974bedab498c004a7d50ee73c","name":"Alexis Andrade","image":{"@type":"ImageObject","inLanguage":"es","@id":"https:\/\/blogs.uninter.edu.mx\/ENDECS\/#\/schema\/person\/image\/","url":"https:\/\/secure.gravatar.com\/avatar\/b4c422a086e48773ab64b57f3e01501bec116afcc90a32d4a7f71e7c34f6d693?s=96&d=mm&r=g","contentUrl":"https:\/\/secure.gravatar.com\/avatar\/b4c422a086e48773ab64b57f3e01501bec116afcc90a32d4a7f71e7c34f6d693?s=96&d=mm&r=g","caption":"Alexis Andrade"},"url":"https:\/\/blogs.uninter.edu.mx\/ENDECS\/index.php\/author\/aandrade\/"}]}},"jetpack_publicize_connections":[],"jetpack_featured_media_url":"https:\/\/blogs.uninter.edu.mx\/ENDECS\/wp-content\/uploads\/2019\/07\/cajigal-miranda.png","jetpack_sharing_enabled":true,"_links":{"self":[{"href":"https:\/\/blogs.uninter.edu.mx\/ENDECS\/index.php\/wp-json\/wp\/v2\/posts\/231","targetHints":{"allow":["GET"]}}],"collection":[{"href":"https:\/\/blogs.uninter.edu.mx\/ENDECS\/index.php\/wp-json\/wp\/v2\/posts"}],"about":[{"href":"https:\/\/blogs.uninter.edu.mx\/ENDECS\/index.php\/wp-json\/wp\/v2\/types\/post"}],"author":[{"embeddable":true,"href":"https:\/\/blogs.uninter.edu.mx\/ENDECS\/index.php\/wp-json\/wp\/v2\/users\/17"}],"replies":[{"embeddable":true,"href":"https:\/\/blogs.uninter.edu.mx\/ENDECS\/index.php\/wp-json\/wp\/v2\/comments?post=231"}],"version-history":[{"count":10,"href":"https:\/\/blogs.uninter.edu.mx\/ENDECS\/index.php\/wp-json\/wp\/v2\/posts\/231\/revisions"}],"predecessor-version":[{"id":1858,"href":"https:\/\/blogs.uninter.edu.mx\/ENDECS\/index.php\/wp-json\/wp\/v2\/posts\/231\/revisions\/1858"}],"wp:featuredmedia":[{"embeddable":true,"href":"https:\/\/blogs.uninter.edu.mx\/ENDECS\/index.php\/wp-json\/wp\/v2\/media\/375"}],"wp:attachment":[{"href":"https:\/\/blogs.uninter.edu.mx\/ENDECS\/index.php\/wp-json\/wp\/v2\/media?parent=231"}],"wp:term":[{"taxonomy":"category","embeddable":true,"href":"https:\/\/blogs.uninter.edu.mx\/ENDECS\/index.php\/wp-json\/wp\/v2\/categories?post=231"},{"taxonomy":"post_tag","embeddable":true,"href":"https:\/\/blogs.uninter.edu.mx\/ENDECS\/index.php\/wp-json\/wp\/v2\/tags?post=231"}],"curies":[{"name":"wp","href":"https:\/\/api.w.org\/{rel}","templated":true}]}}