{"id":3931,"date":"2020-07-03T15:30:00","date_gmt":"2020-07-03T20:30:00","guid":{"rendered":"https:\/\/blogs.uninter.edu.mx\/ENDECS\/?p=3931"},"modified":"2020-07-03T15:24:55","modified_gmt":"2020-07-03T20:24:55","slug":"grupo-lala-leche-con-historia-100-mexicana","status":"publish","type":"post","link":"https:\/\/blogs.uninter.edu.mx\/ENDECS\/index.php\/2020\/07\/03\/grupo-lala-leche-con-historia-100-mexicana\/","title":{"rendered":"Grupo Lala, leche con historia 100% mexicana"},"content":{"rendered":"\n<div class=\"wp-block-image\"><figure class=\"aligncenter\"><a href=\"uninter.edu.mx\" target=\"_blank\" rel=\"noreferrer noopener\"><img loading=\"lazy\" decoding=\"async\" width=\"720\" height=\"109\" src=\"https:\/\/blogs.uninter.edu.mx\/ENDECS\/wp-content\/uploads\/2019\/07\/Imagen1.gif\" alt=\"LOGO UNINTER\" class=\"wp-image-446\"\/><\/a><\/figure><\/div>\n\n\n\n<ul class=\"wp-block-list\"><li>Al inicio de sus operaciones, <strong>Lala<\/strong> produc\u00eda 35, 000 litros de leche al d\u00eda. Hoy, la empresa mexicana produce <strong>7 millones diarios<\/strong><\/li><\/ul>\n\n\n\n<p class=\"has-text-align-justify\">Desde el nacimiento de <strong>Lala<\/strong>, en 1949, la empresa de productos l\u00e1cteos ha  conservado valores como calidad y trabajo en equipo. La esencia de esta  <strong>firma mexicana<\/strong> le ha permitido llevar alimentos saludables y nutritivos  hasta la mesa de los consumidores por m\u00e1s de <strong>70 a\u00f1os<\/strong>. <\/p>\n\n\n\n<div class=\"wp-block-image\"><figure class=\"aligncenter\"><img loading=\"lazy\" decoding=\"async\" width=\"400\" height=\"250\" src=\"https:\/\/blogs.uninter.edu.mx\/ENDECS\/wp-content\/uploads\/2020\/05\/Lala-3.jpg\" alt=\"Lala WP ENDECS\" class=\"wp-image-3934\" srcset=\"https:\/\/blogs.uninter.edu.mx\/ENDECS\/wp-content\/uploads\/2020\/05\/Lala-3.jpg 400w, https:\/\/blogs.uninter.edu.mx\/ENDECS\/wp-content\/uploads\/2020\/05\/Lala-3-300x188.jpg 300w\" sizes=\"auto, (max-width: 400px) 100vw, 400px\" \/><\/figure><\/div>\n\n\n\n<p class=\"has-text-align-justify\">Durante su trayectoria, <strong>Lala<\/strong> ha recorrido una trayectoria dirigida por la innovaci\u00f3n y la visi\u00f3n por superarse a s\u00ed misma cada d\u00eda para mantenerse en la preferencia de los consumidores en <strong>M\u00e9xico y  Latinoam\u00e9rica<\/strong>. <\/p>\n\n\n\n<h4 class=\"has-text-align-center wp-block-heading\"><strong>L\u00e1cteos con valor ancestral <\/strong><\/h4>\n\n\n\n<p class=\"has-text-align-justify\">La empresa mexicana se cre\u00f3 bajo el nombre de la <em><strong>Uni\u00f3n de cr\u00e9ditos de productores de leche de Torre\u00f3n<\/strong><\/em>, con 114 socios. Un a\u00f1o m\u00e1s tarde, en 1950, inici\u00f3 operaciones en la planta pasteurizadora:<strong> Laguna<\/strong>, en Coahuila.<\/p>\n\n\n\n<p>Esa fue una de las primeras plantas de Am\u00e9rica Latina que proces\u00f3 la  leche. Eran tiempos en los que se consum\u00eda leche <strong>&#8220;bronca&#8221;<\/strong> (es decir, sin  pasteurizar) y exist\u00edan problemas sanitarios entre la poblaci\u00f3n con casos de <strong>brucelosis<\/strong> a causa de bacterias. <\/p>\n\n\n\n<p class=\"has-text-align-justify\">Sin embargo, la  suma de esfuerzos hizo posible la apertura de la planta que permiti\u00f3,  entre otras cosas, solucionar los temas de salud en la regi\u00f3n  relacionados con el consumo de ese producto.<\/p>\n\n\n\n<p>El nacimiento de esa primera planta dio origen a una nueva manera de  vivir pues no solamente fue posible beber leche saludable, sino que los  consumidores la comenzaron a comprar en envases limpios y confiables.  <\/p>\n\n\n\n<ul class=\"wp-block-list\"><li><strong>Pues antes el l\u00edquido se serv\u00eda en garrafas o contenedores que las amas de casa llevaban de madrugada a los carritos que distribu\u00edan leche<\/strong><\/li><\/ul>\n\n\n\n<div class=\"wp-block-image\"><figure class=\"aligncenter\"><img loading=\"lazy\" decoding=\"async\" width=\"700\" height=\"467\" src=\"https:\/\/blogs.uninter.edu.mx\/ENDECS\/wp-content\/uploads\/2020\/05\/Lala-5.jpg\" alt=\"Lala WP ENDECS\" class=\"wp-image-3939\" srcset=\"https:\/\/blogs.uninter.edu.mx\/ENDECS\/wp-content\/uploads\/2020\/05\/Lala-5.jpg 700w, https:\/\/blogs.uninter.edu.mx\/ENDECS\/wp-content\/uploads\/2020\/05\/Lala-5-300x200.jpg 300w\" sizes=\"auto, (max-width: 700px) 100vw, 700px\" \/><\/figure><\/div>\n\n\n\n<h4 class=\"has-text-align-center wp-block-heading\"><strong>Pasos firmes hacia el \u00e9xito <\/strong><\/h4>\n\n\n\n<p class=\"has-text-align-justify\">En <strong>1967<\/strong>, la empresa inaugur\u00f3 su planta en la <strong>Ciudad de M\u00e9xico<\/strong> e  implement\u00f3 tambi\u00e9n uno de los cambios m\u00e1s importantes de la industria,  al sustituir el <strong>vidrio<\/strong> por el cart\u00f3n y comenzar la comercializaci\u00f3n de la leche en envases de cart\u00f3n <strong>PurePak<\/strong>.<\/p>\n\n\n\n<p class=\"has-text-align-justify\">Al inicio de sus operaciones, <strong>Lala<\/strong> produc\u00eda <strong>35,000 litros<\/strong> de leche al d\u00eda. En la d\u00e9cada de los <strong>70<\/strong>, ese n\u00famero increment\u00f3 a <strong>363,000 litros<\/strong> diarios y ese patr\u00f3n de crecimiento se ha mantenido a lo largo de toda su historia; hasta llegar a los <strong>7 millones de leche<\/strong> que procesa actualmente.<\/p>\n\n\n\n<figure class=\"wp-block-embed-youtube aligncenter wp-block-embed is-type-video is-provider-youtube wp-embed-aspect-16-9 wp-has-aspect-ratio\"><div class=\"wp-block-embed__wrapper\">\n<iframe loading=\"lazy\" title=\"Con Lala Suprema\u00ae pasa de un pastel a un pastel Supremo.\" width=\"700\" height=\"394\" src=\"https:\/\/www.youtube.com\/embed\/xpx54BSfjPs?feature=oembed\" frameborder=\"0\" allow=\"accelerometer; autoplay; encrypted-media; gyroscope; picture-in-picture\" allowfullscreen><\/iframe>\n<\/div><\/figure>\n\n\n\n<h4 class=\"has-text-align-center wp-block-heading\"><strong>Mexicana con visi\u00f3n global <\/strong><\/h4>\n\n\n\n<p class=\"has-text-align-justify\"><strong>Lala<\/strong> es la empresa l\u00e1ctea n\u00famero uno de M\u00e9xico, pero sus l\u00edmites est\u00e1n m\u00e1s all\u00e1. En 2008, <strong>Grupo Lala<\/strong> inici\u00f3 su expansi\u00f3n hacia Estados Unidos, al comprar una f\u00e1brica en Nebraska, y ese mismo a\u00f1o adquiri\u00f3  <em>Pasteurizadora Foremost<\/em>, en Guatemala. <\/p>\n\n\n\n<p class=\"has-text-align-justify\">Un a\u00f1o m\u00e1s tarde comprar\u00eda <em>National Dairy Holdings LP<\/em>, mientras que la \u00faltima adquisici\u00f3n de Lala fue la empresa l\u00e1ctea brasile\u00f1a: <strong>Vigor Alimentos<\/strong>, en 2017.<\/p>\n\n\n\n<p>En <strong>2013<\/strong>, la empresa entr\u00f3 a la Bolsa Mexicana de Valores para hacer  ofertas p\u00fablicas y su expansi\u00f3n internacional se catapult\u00f3 al adquirir  activos de marcas hermanas en <strong>Centroam\u00e9rica y Estados Unidos<\/strong>.<\/p>\n\n\n\n<p class=\"has-text-align-justify\"><strong>\u201cSomos una empresa orgullosamente mexicana que ha evolucionado con el  pa\u00eds impulsando su desarrollo. Tenemos una posici\u00f3n \u00fanica que nos ayuda  a inspirar a todas nuestras audiencias y que nos compromete a fijarnos  l\u00edmites cada vez m\u00e1s grandes\u201d<\/strong> mencion\u00f3 Miguel \u00c1ngel Fuertes, Vicepresidente de L\u00e1cteos del Grupo Lala.<\/p>\n\n\n\n<div class=\"wp-block-image\"><figure class=\"aligncenter\"><img loading=\"lazy\" decoding=\"async\" width=\"874\" height=\"455\" src=\"https:\/\/blogs.uninter.edu.mx\/ENDECS\/wp-content\/uploads\/2020\/05\/Lala-1.png\" alt=\"Lala WP ENDECS\" class=\"wp-image-3949\" srcset=\"https:\/\/blogs.uninter.edu.mx\/ENDECS\/wp-content\/uploads\/2020\/05\/Lala-1.png 874w, https:\/\/blogs.uninter.edu.mx\/ENDECS\/wp-content\/uploads\/2020\/05\/Lala-1-300x156.png 300w, https:\/\/blogs.uninter.edu.mx\/ENDECS\/wp-content\/uploads\/2020\/05\/Lala-1-768x400.png 768w\" sizes=\"auto, (max-width: 874px) 100vw, 874px\" \/><\/figure><\/div>\n\n\n\n<h4 class=\"has-text-align-center wp-block-heading\"><strong>La primera leche sin lactosa<\/strong><\/h4>\n\n\n\n<p class=\"has-text-align-justify\">Innovaci\u00f3n y calidad son los valores primarios de<strong> Lala<\/strong>. En 2019, por ejemplo, la empresa mexicana present\u00f3 <a href=\"https:\/\/www.lala.com.mx\/lala100\/\">Lala 100<\/a>, un producto \u00fanico en el mercado gracias a su proceso de ultra-filtraci\u00f3n (UF) 100% libre de lactosa con el mismo sabor natural de la leche.<\/p>\n\n\n\n<p class=\"has-text-align-justify\">Esta nueva l\u00ednea ofrece beneficios funcionales como <strong>70%<\/strong> m\u00e1s prote\u00edna de leche y <strong>30%<\/strong> m\u00e1s calcio que las leches convencionales, lo cual la convierte en una leche de alto desempe\u00f1o.<\/p>\n\n\n\n<h4 class=\"has-text-align-center wp-block-heading\">Con este lanzamiento, <strong>Lala<\/strong> reafirm\u00f3 su preocupaci\u00f3n por mantenerse  como la empresa l\u00edder en la industria de alimentos l\u00e1cteos<\/h4>\n\n\n\n<figure class=\"wp-block-image\"><img loading=\"lazy\" decoding=\"async\" width=\"1280\" height=\"1027\" src=\"https:\/\/blogs.uninter.edu.mx\/ENDECS\/wp-content\/uploads\/2020\/05\/Lala-9.jpg\" alt=\"Lala WP ENDECS\" class=\"wp-image-3952\" srcset=\"https:\/\/blogs.uninter.edu.mx\/ENDECS\/wp-content\/uploads\/2020\/05\/Lala-9.jpg 1280w, https:\/\/blogs.uninter.edu.mx\/ENDECS\/wp-content\/uploads\/2020\/05\/Lala-9-300x241.jpg 300w, https:\/\/blogs.uninter.edu.mx\/ENDECS\/wp-content\/uploads\/2020\/05\/Lala-9-768x616.jpg 768w, https:\/\/blogs.uninter.edu.mx\/ENDECS\/wp-content\/uploads\/2020\/05\/Lala-9-1024x822.jpg 1024w\" sizes=\"auto, (max-width: 1280px) 100vw, 1280px\" \/><\/figure>\n\n\n\n<p class=\"has-text-align-justify\"><em>\u201cTenemos la  firme intenci\u00f3n de llevar la industria a otro nivel, no s\u00f3lo en M\u00e9xico sino en el resto de los mercados donde tenemos presencia\u201d<\/em>, se\u00f1ala Miguel  \u00c1ngel Fuertes.<\/p>\n\n\n\n<p>Actualmente la empresa tiene presencia en Estados Unidos, Centroam\u00e9rica y Brasil. Cuenta con <strong>31 f\u00e1bricas<\/strong> en Am\u00e9rica, <strong>172 centros<\/strong> de distribuci\u00f3n y cerca de <strong>40,000 colaboradores<\/strong>; este equipo hace posible llevar casi <strong>nueve millones de litros de leche<\/strong> diariamente a los hogares.<\/p>\n\n\n\n<p class=\"has-text-align-justify\"><strong>\u201cHoy m\u00e1s que nunca estamos evolucionando con nuestros consumidores  para atender las necesidades de su estilo de vida y as\u00ed mantenernos a su  lado. Somos la empresa que ofrece la mayor gama de productos  deslactosados en el mercado, adem\u00e1s de ser los \u00fanicos que llegan a todos  los rincones de M\u00e9xico\u201d<\/strong> concluye el directivo.<\/p>\n\n\n\n<figure class=\"wp-block-embed-youtube aligncenter wp-block-embed is-type-video is-provider-youtube wp-embed-aspect-16-9 wp-has-aspect-ratio\"><div class=\"wp-block-embed__wrapper\">\n<iframe loading=\"lazy\" title=\"Comercial Lala con Chris Evans (completo)\" width=\"700\" height=\"394\" src=\"https:\/\/www.youtube.com\/embed\/JBSi4HA3e1w?feature=oembed\" frameborder=\"0\" allow=\"accelerometer; autoplay; encrypted-media; gyroscope; picture-in-picture\" allowfullscreen><\/iframe>\n<\/div><figcaption><strong>Capit\u00e1n America con LALA<\/strong><\/figcaption><\/figure>\n\n\n\n<div class=\"wp-block-button alignleft is-style-outline is-style-outline--1\"><a class=\"wp-block-button__link\" href=\"https:\/\/blogs.uninter.edu.mx\/\">Comunidad Uninter<\/a><\/div>\n\n\n\n<div class=\"wp-block-button alignleft is-style-outline is-style-outline--2\"><a class=\"wp-block-button__link\" href=\"https:\/\/blogs.uninter.edu.mx\/ENDECS\/\">M\u00e1s de la ENDECS<\/a><\/div>\n\n\n\n<figure class=\"wp-block-image\"><a href=\"https:\/\/www.facebook.com\/ENDECS1\/\" target=\"_blank\" rel=\"noreferrer noopener\"><img loading=\"lazy\" decoding=\"async\" width=\"1020\" height=\"317\" src=\"https:\/\/blogs.uninter.edu.mx\/ENDECS\/wp-content\/uploads\/2019\/06\/Blog-ENDECS.jpg\" alt=\"LOGO Escuela de Negocios, Derecho y Ciencias Sociales\" class=\"wp-image-6\" srcset=\"https:\/\/blogs.uninter.edu.mx\/ENDECS\/wp-content\/uploads\/2019\/06\/Blog-ENDECS.jpg 1020w, https:\/\/blogs.uninter.edu.mx\/ENDECS\/wp-content\/uploads\/2019\/06\/Blog-ENDECS-300x93.jpg 300w, https:\/\/blogs.uninter.edu.mx\/ENDECS\/wp-content\/uploads\/2019\/06\/Blog-ENDECS-768x239.jpg 768w\" sizes=\"auto, (max-width: 1020px) 100vw, 1020px\" \/><\/a><figcaption><a href=\"https:\/\/www.facebook.com\/ENDECS1\/\" target=\"_blank\" rel=\"noreferrer noopener\" aria-label=\"ENDECS (abre en una nueva pesta\u00f1a)\">ENDECS<\/a><\/figcaption><\/figure>\n","protected":false},"excerpt":{"rendered":"<p>Al inicio de sus operaciones, Lala produc\u00eda 35, 000 litros de leche al d\u00eda. Hoy, la empresa mexicana produce 7 millones diarios Desde el nacimiento de Lala, en 1949, la empresa de productos l\u00e1cteos ha conservado valores como calidad y trabajo en equipo. La esencia de esta firma mexicana le ha permitido llevar alimentos saludables&hellip;<\/p>\n","protected":false},"author":17,"featured_media":3952,"comment_status":"open","ping_status":"open","sticky":false,"template":"","format":"standard","meta":{"_jetpack_memberships_contains_paid_content":false,"footnotes":"","jetpack_publicize_message":"","jetpack_publicize_feature_enabled":true,"jetpack_social_post_already_shared":true,"jetpack_social_options":{"image_generator_settings":{"template":"highway","default_image_id":0,"font":"","enabled":false},"version":2}},"categories":[260,1],"tags":[21,244,68,22,23],"class_list":["post-3931","post","type-post","status-publish","format-standard","has-post-thumbnail","hentry","category-articulos-de-interes-social","category-endecs","tag-endecs","tag-escuela-de-negocios-derecho-y-ciencias-sociales","tag-mexico","tag-uninter","tag-universidad-internacional"],"yoast_head":"<!-- This site is optimized with the Yoast SEO plugin v26.0 - https:\/\/yoast.com\/wordpress\/plugins\/seo\/ -->\r\n<title>Grupo Lala, leche con historia 100% mexicana - ENDECS<\/title>\r\n<meta name=\"description\" content=\"Grupo Lala, leche con historia 100% mexicana. Al inicio de sus operaciones, Lala produc\u00eda 35, 000 litros de leche al d\u00eda. Hoy, la empresa mexicana produce 7 millones de litros diarios...\" \/>\r\n<meta name=\"robots\" content=\"index, follow, max-snippet:-1, max-image-preview:large, max-video-preview:-1\" \/>\r\n<link rel=\"canonical\" href=\"https:\/\/blogs.uninter.edu.mx\/ENDECS\/index.php\/2020\/07\/03\/grupo-lala-leche-con-historia-100-mexicana\/\" \/>\r\n<meta property=\"og:locale\" content=\"es_MX\" \/>\r\n<meta property=\"og:type\" content=\"article\" \/>\r\n<meta property=\"og:title\" content=\"Grupo Lala, leche con historia 100% mexicana\" \/>\r\n<meta property=\"og:description\" content=\"Desde el nacimiento de Lala, en 1949, la empresa de productos l\u00e1cteos ha conservado valores como calidad y trabajo en equipo. La esencia de esta firma mexicana le ha permitido llevar alimentos saludables y nutritivos hasta la mesa de los consumidores a nivel mundial por m\u00e1s de 70 a\u00f1os.\" \/>\r\n<meta property=\"og:url\" content=\"https:\/\/blogs.uninter.edu.mx\/ENDECS\/index.php\/2020\/07\/03\/grupo-lala-leche-con-historia-100-mexicana\/\" \/>\r\n<meta property=\"og:site_name\" content=\"ENDECS\" \/>\r\n<meta property=\"article:published_time\" content=\"2020-07-03T20:30:00+00:00\" \/>\r\n<meta property=\"og:image\" content=\"https:\/\/blogs.uninter.edu.mx\/ENDECS\/wp-content\/uploads\/2020\/05\/Lala-10.jpg\" \/>\r\n\t<meta property=\"og:image:width\" content=\"640\" \/>\r\n\t<meta property=\"og:image:height\" content=\"360\" \/>\r\n\t<meta property=\"og:image:type\" content=\"image\/jpeg\" \/>\r\n<meta name=\"author\" content=\"Alexis Andrade\" \/>\r\n<meta name=\"twitter:card\" content=\"summary_large_image\" \/>\r\n<meta name=\"twitter:title\" content=\"Grupo Lala, leche con historia 100% mexicana\" \/>\r\n<meta name=\"twitter:description\" content=\"Desde el nacimiento de Lala, en 1949, la empresa de productos l\u00e1cteos ha conservado valores como calidad y trabajo en equipo. La esencia de esta firma mexicana le ha permitido llevar alimentos saludables y nutritivos hasta la mesa de los consumidores a nivel mundial por m\u00e1s de 70 a\u00f1os.\" \/>\r\n<meta name=\"twitter:image\" content=\"https:\/\/blogs.uninter.edu.mx\/ENDECS\/wp-content\/uploads\/2020\/05\/Lala-6.jpg\" \/>\r\n<meta name=\"twitter:label1\" content=\"Escrito por\" \/>\n\t<meta name=\"twitter:data1\" content=\"Alexis Andrade\" \/>\n\t<meta name=\"twitter:label2\" content=\"Tiempo de lectura\" \/>\n\t<meta name=\"twitter:data2\" content=\"4 minutos\" \/>\r\n<script type=\"application\/ld+json\" class=\"yoast-schema-graph\">{\"@context\":\"https:\/\/schema.org\",\"@graph\":[{\"@type\":\"Article\",\"@id\":\"https:\/\/blogs.uninter.edu.mx\/ENDECS\/index.php\/2020\/07\/03\/grupo-lala-leche-con-historia-100-mexicana\/#article\",\"isPartOf\":{\"@id\":\"https:\/\/blogs.uninter.edu.mx\/ENDECS\/index.php\/2020\/07\/03\/grupo-lala-leche-con-historia-100-mexicana\/\"},\"author\":{\"name\":\"Alexis Andrade\",\"@id\":\"https:\/\/blogs.uninter.edu.mx\/ENDECS\/#\/schema\/person\/9015536974bedab498c004a7d50ee73c\"},\"headline\":\"Grupo Lala, leche con historia 100% mexicana\",\"datePublished\":\"2020-07-03T20:30:00+00:00\",\"mainEntityOfPage\":{\"@id\":\"https:\/\/blogs.uninter.edu.mx\/ENDECS\/index.php\/2020\/07\/03\/grupo-lala-leche-con-historia-100-mexicana\/\"},\"wordCount\":840,\"commentCount\":0,\"publisher\":{\"@id\":\"https:\/\/blogs.uninter.edu.mx\/ENDECS\/#organization\"},\"image\":{\"@id\":\"https:\/\/blogs.uninter.edu.mx\/ENDECS\/index.php\/2020\/07\/03\/grupo-lala-leche-con-historia-100-mexicana\/#primaryimage\"},\"thumbnailUrl\":\"https:\/\/blogs.uninter.edu.mx\/ENDECS\/wp-content\/uploads\/2020\/05\/Lala-9.jpg\",\"keywords\":[\"ENDECS\",\"Escuela de Negocios Derecho y Ciencias Sociales\",\"mexico\",\"UNINTER\",\"Universidad Internacional\"],\"articleSection\":[\"Art\u00edculos de Inter\u00e9s Social\",\"ENDECS\"],\"inLanguage\":\"es\",\"potentialAction\":[{\"@type\":\"CommentAction\",\"name\":\"Comment\",\"target\":[\"https:\/\/blogs.uninter.edu.mx\/ENDECS\/index.php\/2020\/07\/03\/grupo-lala-leche-con-historia-100-mexicana\/#respond\"]}]},{\"@type\":\"WebPage\",\"@id\":\"https:\/\/blogs.uninter.edu.mx\/ENDECS\/index.php\/2020\/07\/03\/grupo-lala-leche-con-historia-100-mexicana\/\",\"url\":\"https:\/\/blogs.uninter.edu.mx\/ENDECS\/index.php\/2020\/07\/03\/grupo-lala-leche-con-historia-100-mexicana\/\",\"name\":\"Grupo Lala, leche con historia 100% mexicana - ENDECS\",\"isPartOf\":{\"@id\":\"https:\/\/blogs.uninter.edu.mx\/ENDECS\/#website\"},\"primaryImageOfPage\":{\"@id\":\"https:\/\/blogs.uninter.edu.mx\/ENDECS\/index.php\/2020\/07\/03\/grupo-lala-leche-con-historia-100-mexicana\/#primaryimage\"},\"image\":{\"@id\":\"https:\/\/blogs.uninter.edu.mx\/ENDECS\/index.php\/2020\/07\/03\/grupo-lala-leche-con-historia-100-mexicana\/#primaryimage\"},\"thumbnailUrl\":\"https:\/\/blogs.uninter.edu.mx\/ENDECS\/wp-content\/uploads\/2020\/05\/Lala-9.jpg\",\"datePublished\":\"2020-07-03T20:30:00+00:00\",\"description\":\"Grupo Lala, leche con historia 100% mexicana. Al inicio de sus operaciones, Lala produc\u00eda 35, 000 litros de leche al d\u00eda. Hoy, la empresa mexicana produce 7 millones de litros diarios...\",\"breadcrumb\":{\"@id\":\"https:\/\/blogs.uninter.edu.mx\/ENDECS\/index.php\/2020\/07\/03\/grupo-lala-leche-con-historia-100-mexicana\/#breadcrumb\"},\"inLanguage\":\"es\",\"potentialAction\":[{\"@type\":\"ReadAction\",\"target\":[\"https:\/\/blogs.uninter.edu.mx\/ENDECS\/index.php\/2020\/07\/03\/grupo-lala-leche-con-historia-100-mexicana\/\"]}]},{\"@type\":\"ImageObject\",\"inLanguage\":\"es\",\"@id\":\"https:\/\/blogs.uninter.edu.mx\/ENDECS\/index.php\/2020\/07\/03\/grupo-lala-leche-con-historia-100-mexicana\/#primaryimage\",\"url\":\"https:\/\/blogs.uninter.edu.mx\/ENDECS\/wp-content\/uploads\/2020\/05\/Lala-9.jpg\",\"contentUrl\":\"https:\/\/blogs.uninter.edu.mx\/ENDECS\/wp-content\/uploads\/2020\/05\/Lala-9.jpg\",\"width\":1280,\"height\":1027,\"caption\":\"Lala WP ENDECS\"},{\"@type\":\"BreadcrumbList\",\"@id\":\"https:\/\/blogs.uninter.edu.mx\/ENDECS\/index.php\/2020\/07\/03\/grupo-lala-leche-con-historia-100-mexicana\/#breadcrumb\",\"itemListElement\":[{\"@type\":\"ListItem\",\"position\":1,\"name\":\"Inicio\",\"item\":\"https:\/\/blogs.uninter.edu.mx\/ENDECS\/\"},{\"@type\":\"ListItem\",\"position\":2,\"name\":\"Grupo Lala, leche con historia 100% mexicana\"}]},{\"@type\":\"WebSite\",\"@id\":\"https:\/\/blogs.uninter.edu.mx\/ENDECS\/#website\",\"url\":\"https:\/\/blogs.uninter.edu.mx\/ENDECS\/\",\"name\":\"ENDECS\",\"description\":\"Escuela de Negocios Derecho y Ciencias Sociales\",\"publisher\":{\"@id\":\"https:\/\/blogs.uninter.edu.mx\/ENDECS\/#organization\"},\"potentialAction\":[{\"@type\":\"SearchAction\",\"target\":{\"@type\":\"EntryPoint\",\"urlTemplate\":\"https:\/\/blogs.uninter.edu.mx\/ENDECS\/?s={search_term_string}\"},\"query-input\":{\"@type\":\"PropertyValueSpecification\",\"valueRequired\":true,\"valueName\":\"search_term_string\"}}],\"inLanguage\":\"es\"},{\"@type\":\"Organization\",\"@id\":\"https:\/\/blogs.uninter.edu.mx\/ENDECS\/#organization\",\"name\":\"ENDECS - UNINTER\",\"url\":\"https:\/\/blogs.uninter.edu.mx\/ENDECS\/\",\"logo\":{\"@type\":\"ImageObject\",\"inLanguage\":\"es\",\"@id\":\"https:\/\/blogs.uninter.edu.mx\/ENDECS\/#\/schema\/logo\/image\/\",\"url\":\"https:\/\/blogs.uninter.edu.mx\/ENDECS\/wp-content\/uploads\/2019\/06\/Blog-ENDECS.jpg\",\"contentUrl\":\"https:\/\/blogs.uninter.edu.mx\/ENDECS\/wp-content\/uploads\/2019\/06\/Blog-ENDECS.jpg\",\"width\":1020,\"height\":317,\"caption\":\"ENDECS - UNINTER\"},\"image\":{\"@id\":\"https:\/\/blogs.uninter.edu.mx\/ENDECS\/#\/schema\/logo\/image\/\"}},{\"@type\":\"Person\",\"@id\":\"https:\/\/blogs.uninter.edu.mx\/ENDECS\/#\/schema\/person\/9015536974bedab498c004a7d50ee73c\",\"name\":\"Alexis Andrade\",\"image\":{\"@type\":\"ImageObject\",\"inLanguage\":\"es\",\"@id\":\"https:\/\/blogs.uninter.edu.mx\/ENDECS\/#\/schema\/person\/image\/\",\"url\":\"https:\/\/secure.gravatar.com\/avatar\/b4c422a086e48773ab64b57f3e01501bec116afcc90a32d4a7f71e7c34f6d693?s=96&d=mm&r=g\",\"contentUrl\":\"https:\/\/secure.gravatar.com\/avatar\/b4c422a086e48773ab64b57f3e01501bec116afcc90a32d4a7f71e7c34f6d693?s=96&d=mm&r=g\",\"caption\":\"Alexis Andrade\"},\"url\":\"https:\/\/blogs.uninter.edu.mx\/ENDECS\/index.php\/author\/aandrade\/\"}]}<\/script>\r\n<!-- \/ Yoast SEO plugin. -->","yoast_head_json":{"title":"Grupo Lala, leche con historia 100% mexicana - ENDECS","description":"Grupo Lala, leche con historia 100% mexicana. Al inicio de sus operaciones, Lala produc\u00eda 35, 000 litros de leche al d\u00eda. Hoy, la empresa mexicana produce 7 millones de litros diarios...","robots":{"index":"index","follow":"follow","max-snippet":"max-snippet:-1","max-image-preview":"max-image-preview:large","max-video-preview":"max-video-preview:-1"},"canonical":"https:\/\/blogs.uninter.edu.mx\/ENDECS\/index.php\/2020\/07\/03\/grupo-lala-leche-con-historia-100-mexicana\/","og_locale":"es_MX","og_type":"article","og_title":"Grupo Lala, leche con historia 100% mexicana","og_description":"Desde el nacimiento de Lala, en 1949, la empresa de productos l\u00e1cteos ha conservado valores como calidad y trabajo en equipo. La esencia de esta firma mexicana le ha permitido llevar alimentos saludables y nutritivos hasta la mesa de los consumidores a nivel mundial por m\u00e1s de 70 a\u00f1os.","og_url":"https:\/\/blogs.uninter.edu.mx\/ENDECS\/index.php\/2020\/07\/03\/grupo-lala-leche-con-historia-100-mexicana\/","og_site_name":"ENDECS","article_published_time":"2020-07-03T20:30:00+00:00","og_image":[{"width":640,"height":360,"url":"https:\/\/blogs.uninter.edu.mx\/ENDECS\/wp-content\/uploads\/2020\/05\/Lala-10.jpg","type":"image\/jpeg"}],"author":"Alexis Andrade","twitter_card":"summary_large_image","twitter_title":"Grupo Lala, leche con historia 100% mexicana","twitter_description":"Desde el nacimiento de Lala, en 1949, la empresa de productos l\u00e1cteos ha conservado valores como calidad y trabajo en equipo. La esencia de esta firma mexicana le ha permitido llevar alimentos saludables y nutritivos hasta la mesa de los consumidores a nivel mundial por m\u00e1s de 70 a\u00f1os.","twitter_image":"https:\/\/blogs.uninter.edu.mx\/ENDECS\/wp-content\/uploads\/2020\/05\/Lala-6.jpg","twitter_misc":{"Escrito por":"Alexis Andrade","Tiempo de lectura":"4 minutos"},"schema":{"@context":"https:\/\/schema.org","@graph":[{"@type":"Article","@id":"https:\/\/blogs.uninter.edu.mx\/ENDECS\/index.php\/2020\/07\/03\/grupo-lala-leche-con-historia-100-mexicana\/#article","isPartOf":{"@id":"https:\/\/blogs.uninter.edu.mx\/ENDECS\/index.php\/2020\/07\/03\/grupo-lala-leche-con-historia-100-mexicana\/"},"author":{"name":"Alexis Andrade","@id":"https:\/\/blogs.uninter.edu.mx\/ENDECS\/#\/schema\/person\/9015536974bedab498c004a7d50ee73c"},"headline":"Grupo Lala, leche con historia 100% mexicana","datePublished":"2020-07-03T20:30:00+00:00","mainEntityOfPage":{"@id":"https:\/\/blogs.uninter.edu.mx\/ENDECS\/index.php\/2020\/07\/03\/grupo-lala-leche-con-historia-100-mexicana\/"},"wordCount":840,"commentCount":0,"publisher":{"@id":"https:\/\/blogs.uninter.edu.mx\/ENDECS\/#organization"},"image":{"@id":"https:\/\/blogs.uninter.edu.mx\/ENDECS\/index.php\/2020\/07\/03\/grupo-lala-leche-con-historia-100-mexicana\/#primaryimage"},"thumbnailUrl":"https:\/\/blogs.uninter.edu.mx\/ENDECS\/wp-content\/uploads\/2020\/05\/Lala-9.jpg","keywords":["ENDECS","Escuela de Negocios Derecho y Ciencias Sociales","mexico","UNINTER","Universidad Internacional"],"articleSection":["Art\u00edculos de Inter\u00e9s Social","ENDECS"],"inLanguage":"es","potentialAction":[{"@type":"CommentAction","name":"Comment","target":["https:\/\/blogs.uninter.edu.mx\/ENDECS\/index.php\/2020\/07\/03\/grupo-lala-leche-con-historia-100-mexicana\/#respond"]}]},{"@type":"WebPage","@id":"https:\/\/blogs.uninter.edu.mx\/ENDECS\/index.php\/2020\/07\/03\/grupo-lala-leche-con-historia-100-mexicana\/","url":"https:\/\/blogs.uninter.edu.mx\/ENDECS\/index.php\/2020\/07\/03\/grupo-lala-leche-con-historia-100-mexicana\/","name":"Grupo Lala, leche con historia 100% mexicana - ENDECS","isPartOf":{"@id":"https:\/\/blogs.uninter.edu.mx\/ENDECS\/#website"},"primaryImageOfPage":{"@id":"https:\/\/blogs.uninter.edu.mx\/ENDECS\/index.php\/2020\/07\/03\/grupo-lala-leche-con-historia-100-mexicana\/#primaryimage"},"image":{"@id":"https:\/\/blogs.uninter.edu.mx\/ENDECS\/index.php\/2020\/07\/03\/grupo-lala-leche-con-historia-100-mexicana\/#primaryimage"},"thumbnailUrl":"https:\/\/blogs.uninter.edu.mx\/ENDECS\/wp-content\/uploads\/2020\/05\/Lala-9.jpg","datePublished":"2020-07-03T20:30:00+00:00","description":"Grupo Lala, leche con historia 100% mexicana. Al inicio de sus operaciones, Lala produc\u00eda 35, 000 litros de leche al d\u00eda. Hoy, la empresa mexicana produce 7 millones de litros diarios...","breadcrumb":{"@id":"https:\/\/blogs.uninter.edu.mx\/ENDECS\/index.php\/2020\/07\/03\/grupo-lala-leche-con-historia-100-mexicana\/#breadcrumb"},"inLanguage":"es","potentialAction":[{"@type":"ReadAction","target":["https:\/\/blogs.uninter.edu.mx\/ENDECS\/index.php\/2020\/07\/03\/grupo-lala-leche-con-historia-100-mexicana\/"]}]},{"@type":"ImageObject","inLanguage":"es","@id":"https:\/\/blogs.uninter.edu.mx\/ENDECS\/index.php\/2020\/07\/03\/grupo-lala-leche-con-historia-100-mexicana\/#primaryimage","url":"https:\/\/blogs.uninter.edu.mx\/ENDECS\/wp-content\/uploads\/2020\/05\/Lala-9.jpg","contentUrl":"https:\/\/blogs.uninter.edu.mx\/ENDECS\/wp-content\/uploads\/2020\/05\/Lala-9.jpg","width":1280,"height":1027,"caption":"Lala WP ENDECS"},{"@type":"BreadcrumbList","@id":"https:\/\/blogs.uninter.edu.mx\/ENDECS\/index.php\/2020\/07\/03\/grupo-lala-leche-con-historia-100-mexicana\/#breadcrumb","itemListElement":[{"@type":"ListItem","position":1,"name":"Inicio","item":"https:\/\/blogs.uninter.edu.mx\/ENDECS\/"},{"@type":"ListItem","position":2,"name":"Grupo Lala, leche con historia 100% mexicana"}]},{"@type":"WebSite","@id":"https:\/\/blogs.uninter.edu.mx\/ENDECS\/#website","url":"https:\/\/blogs.uninter.edu.mx\/ENDECS\/","name":"ENDECS","description":"Escuela de Negocios Derecho y Ciencias Sociales","publisher":{"@id":"https:\/\/blogs.uninter.edu.mx\/ENDECS\/#organization"},"potentialAction":[{"@type":"SearchAction","target":{"@type":"EntryPoint","urlTemplate":"https:\/\/blogs.uninter.edu.mx\/ENDECS\/?s={search_term_string}"},"query-input":{"@type":"PropertyValueSpecification","valueRequired":true,"valueName":"search_term_string"}}],"inLanguage":"es"},{"@type":"Organization","@id":"https:\/\/blogs.uninter.edu.mx\/ENDECS\/#organization","name":"ENDECS - UNINTER","url":"https:\/\/blogs.uninter.edu.mx\/ENDECS\/","logo":{"@type":"ImageObject","inLanguage":"es","@id":"https:\/\/blogs.uninter.edu.mx\/ENDECS\/#\/schema\/logo\/image\/","url":"https:\/\/blogs.uninter.edu.mx\/ENDECS\/wp-content\/uploads\/2019\/06\/Blog-ENDECS.jpg","contentUrl":"https:\/\/blogs.uninter.edu.mx\/ENDECS\/wp-content\/uploads\/2019\/06\/Blog-ENDECS.jpg","width":1020,"height":317,"caption":"ENDECS - UNINTER"},"image":{"@id":"https:\/\/blogs.uninter.edu.mx\/ENDECS\/#\/schema\/logo\/image\/"}},{"@type":"Person","@id":"https:\/\/blogs.uninter.edu.mx\/ENDECS\/#\/schema\/person\/9015536974bedab498c004a7d50ee73c","name":"Alexis Andrade","image":{"@type":"ImageObject","inLanguage":"es","@id":"https:\/\/blogs.uninter.edu.mx\/ENDECS\/#\/schema\/person\/image\/","url":"https:\/\/secure.gravatar.com\/avatar\/b4c422a086e48773ab64b57f3e01501bec116afcc90a32d4a7f71e7c34f6d693?s=96&d=mm&r=g","contentUrl":"https:\/\/secure.gravatar.com\/avatar\/b4c422a086e48773ab64b57f3e01501bec116afcc90a32d4a7f71e7c34f6d693?s=96&d=mm&r=g","caption":"Alexis Andrade"},"url":"https:\/\/blogs.uninter.edu.mx\/ENDECS\/index.php\/author\/aandrade\/"}]}},"jetpack_publicize_connections":[],"jetpack_featured_media_url":"https:\/\/blogs.uninter.edu.mx\/ENDECS\/wp-content\/uploads\/2020\/05\/Lala-9.jpg","jetpack_sharing_enabled":true,"_links":{"self":[{"href":"https:\/\/blogs.uninter.edu.mx\/ENDECS\/index.php\/wp-json\/wp\/v2\/posts\/3931","targetHints":{"allow":["GET"]}}],"collection":[{"href":"https:\/\/blogs.uninter.edu.mx\/ENDECS\/index.php\/wp-json\/wp\/v2\/posts"}],"about":[{"href":"https:\/\/blogs.uninter.edu.mx\/ENDECS\/index.php\/wp-json\/wp\/v2\/types\/post"}],"author":[{"embeddable":true,"href":"https:\/\/blogs.uninter.edu.mx\/ENDECS\/index.php\/wp-json\/wp\/v2\/users\/17"}],"replies":[{"embeddable":true,"href":"https:\/\/blogs.uninter.edu.mx\/ENDECS\/index.php\/wp-json\/wp\/v2\/comments?post=3931"}],"version-history":[{"count":18,"href":"https:\/\/blogs.uninter.edu.mx\/ENDECS\/index.php\/wp-json\/wp\/v2\/posts\/3931\/revisions"}],"predecessor-version":[{"id":4707,"href":"https:\/\/blogs.uninter.edu.mx\/ENDECS\/index.php\/wp-json\/wp\/v2\/posts\/3931\/revisions\/4707"}],"wp:featuredmedia":[{"embeddable":true,"href":"https:\/\/blogs.uninter.edu.mx\/ENDECS\/index.php\/wp-json\/wp\/v2\/media\/3952"}],"wp:attachment":[{"href":"https:\/\/blogs.uninter.edu.mx\/ENDECS\/index.php\/wp-json\/wp\/v2\/media?parent=3931"}],"wp:term":[{"taxonomy":"category","embeddable":true,"href":"https:\/\/blogs.uninter.edu.mx\/ENDECS\/index.php\/wp-json\/wp\/v2\/categories?post=3931"},{"taxonomy":"post_tag","embeddable":true,"href":"https:\/\/blogs.uninter.edu.mx\/ENDECS\/index.php\/wp-json\/wp\/v2\/tags?post=3931"}],"curies":[{"name":"wp","href":"https:\/\/api.w.org\/{rel}","templated":true}]}}