{"id":4544,"date":"2020-07-27T09:30:00","date_gmt":"2020-07-27T14:30:00","guid":{"rendered":"https:\/\/blogs.uninter.edu.mx\/ENDECS\/?p=4544"},"modified":"2020-07-01T13:37:18","modified_gmt":"2020-07-01T18:37:18","slug":"hitler-como-murio-realmente-el-lider-nazi","status":"publish","type":"post","link":"https:\/\/blogs.uninter.edu.mx\/ENDECS\/index.php\/2020\/07\/27\/hitler-como-murio-realmente-el-lider-nazi\/","title":{"rendered":"Hitler: c\u00f3mo muri\u00f3 realmente el l\u00edder nazi y por qu\u00e9 hubo tanto misterio sobre el destino final de su cuerpo"},"content":{"rendered":"\n<div class=\"wp-block-image\"><figure class=\"aligncenter size-full\"><a href=\"https:\/\/uninter.edu.mx\/\" target=\"_blank\" rel=\"noopener noreferrer\"><img loading=\"lazy\" decoding=\"async\" width=\"720\" height=\"109\" src=\"https:\/\/blogs.uninter.edu.mx\/ENDECS\/wp-content\/uploads\/2019\/07\/Imagen1.gif\" alt=\"LOGO UNINTER\" class=\"wp-image-446\"\/><\/a><\/figure><\/div>\n\n\n\n<p class=\"has-text-align-center\"><strong>La impactante noticia que parec\u00eda anunciar el inminente fin de la Segunda Guerra Mundial, la desaparici\u00f3n del hombre que &#8220;se hab\u00eda convertido ante los ojos de pr\u00e1cticamente todo el mundo en la encarnaci\u00f3n del mal absoluto&#8221; (seg\u00fan el Times de Londres), fue recibida con una incredulidad que durar\u00eda d\u00e9cadas.<\/strong><\/p>\n\n\n\n<div class=\"wp-block-image\"><figure class=\"aligncenter size-full\"><img loading=\"lazy\" decoding=\"async\" width=\"1920\" height=\"1080\" src=\"https:\/\/blogs.uninter.edu.mx\/ENDECS\/wp-content\/uploads\/2020\/06\/Hitler-6.jpg\" alt=\"Hitler WP ENDECS\" class=\"wp-image-4547\" srcset=\"https:\/\/blogs.uninter.edu.mx\/ENDECS\/wp-content\/uploads\/2020\/06\/Hitler-6.jpg 1920w, https:\/\/blogs.uninter.edu.mx\/ENDECS\/wp-content\/uploads\/2020\/06\/Hitler-6-300x169.jpg 300w, https:\/\/blogs.uninter.edu.mx\/ENDECS\/wp-content\/uploads\/2020\/06\/Hitler-6-1024x576.jpg 1024w, https:\/\/blogs.uninter.edu.mx\/ENDECS\/wp-content\/uploads\/2020\/06\/Hitler-6-768x432.jpg 768w, https:\/\/blogs.uninter.edu.mx\/ENDECS\/wp-content\/uploads\/2020\/06\/Hitler-6-1536x864.jpg 1536w, https:\/\/blogs.uninter.edu.mx\/ENDECS\/wp-content\/uploads\/2020\/06\/Hitler-6-460x260.jpg 460w\" sizes=\"auto, (max-width: 1920px) 100vw, 1920px\" \/><\/figure><\/div>\n\n\n\n<p class=\"has-text-align-justify\">A las <strong>21:30 horas<\/strong> del 1 de mayo de <strong>1945<\/strong>, hace ahora <strong>75 a\u00f1os<\/strong>, la radio de Hamburgo inform\u00f3 que en breve har\u00eda &#8220;<strong>un anuncio grave e importante para el pueblo alem\u00e1n<\/strong>&#8220;, tras lo cual comenz\u00f3 a transmitir m\u00fasica solemne de Richard Wagner, el compositor predilecto del l\u00edder nazi Adolf Hitler, seguido de un fragmento de la S\u00e9ptima sinfon\u00eda de Anton Bruckner.<\/p>\n\n\n\n<p class=\"has-text-align-justify\">&#8220;<strong>Nuestro F\u00fchrer, Adolf Hitler, ha ca\u00eddo esta tarde en su puesto de comando en la Canciller\u00eda del Reich<\/strong> luchando hasta su \u00faltimo aliento en contra del bolchevismo y por Alemania&#8221;, dijo a las 22:20 un locutor antes de dar la palabra al comandante en jefe de la Armada alemana, <strong>Karl D\u00f6nitz<\/strong>, quien afirm\u00f3 que el l\u00edder nazi hab\u00eda tenido &#8220;<strong><em>la muerte de un h\u00e9roe<\/em><\/strong>&#8221; y que previamente le hab\u00eda nombrado como su sucesor.<\/p>\n\n\n\n<h3 class=\"has-text-align-center wp-block-heading\">La informaci\u00f3n oficial despert\u00f3 muchas dudas<\/h3>\n\n\n\n<p class=\"has-text-align-justify\">&#8220;Los nazis han usado tanto la <strong>mentira<\/strong> como parte de su pol\u00edtica y los informes sobre los <strong>supuestos dobles<\/strong> de Hitler est\u00e1n tan extendidos que esos anuncios van a dejar en muchas mentes, <strong>la sospecha de que el maestro de la mentira intenta cometer un gran fraude final ante el mundo, en un esfuerzo por salvarse<\/strong>&#8220;, advirti\u00f3 <em>The New York Times<\/em> (NYT) en una nota publicada al d\u00eda siguiente.<\/p>\n\n\n\n<p class=\"has-text-align-justify\">En esa misma edici\u00f3n del peri\u00f3dico estadounidense se daba cuenta de c\u00f3mo los habitantes de la ciudad alemana de <strong>Weimar<\/strong>, as\u00ed como los ex-prisioneros del cercano campo de concentraci\u00f3n de <strong>Buchenwald<\/strong>, cuestionaban la noticia.<\/p>\n\n\n\n<p class=\"has-text-align-justify\">&#8220;Los presos pol\u00edticos alemanes con los que convers\u00e9, en general, no conf\u00edan en la informaci\u00f3n. Sospechan que hay un truco detr\u00e1s del anuncio. <strong>Hitler hab\u00eda sido tan bandido que algunos creen que era incluso incapaz de morir honestamente<\/strong>&#8220;, rese\u00f1\u00f3 el corresponsal.<\/p>\n\n\n\n<h3 class=\"has-text-align-center wp-block-heading\">Las muchas muertes del <em>F\u00fchrer<\/em><\/h3>\n\n\n\n<p class=\"has-text-align-justify\">Con la ocupaci\u00f3n sovi\u00e9tica de Berl\u00edn, afloraron distintas versiones sobre lo ocurrido. Las historias cambiaban y se contradec\u00edan entre s\u00ed.<\/p>\n\n\n\n<p class=\"has-text-align-justify\">El <strong>3 de mayo de 1945<\/strong>, el Ej\u00e9rcito Rojo inform\u00f3 que <strong>Hans Fritzsche<\/strong>, el n\u00famero dos del ministro nazi de propaganda,  <strong>Joseph Goebbels<\/strong>, hab\u00eda dicho que que este y Hitler se hab\u00edan suicidado en el b\u00fanker del l\u00edder nazi en la sede de la canciller\u00eda en Berl\u00edn.<\/p>\n\n\n\n<div class=\"wp-block-image\"><figure class=\"aligncenter size-full\"><img loading=\"lazy\" decoding=\"async\" width=\"420\" height=\"320\" src=\"https:\/\/blogs.uninter.edu.mx\/ENDECS\/wp-content\/uploads\/2020\/06\/Hitler-1.jpg\" alt=\"Hitler WP ENDECS\" class=\"wp-image-4555\" srcset=\"https:\/\/blogs.uninter.edu.mx\/ENDECS\/wp-content\/uploads\/2020\/06\/Hitler-1.jpg 420w, https:\/\/blogs.uninter.edu.mx\/ENDECS\/wp-content\/uploads\/2020\/06\/Hitler-1-300x229.jpg 300w\" sizes=\"auto, (max-width: 420px) 100vw, 420px\" \/><\/figure><\/div>\n\n\n\n<p class=\"has-text-align-justify\">Ese mismo d\u00eda, una emisora de radio en Par\u00eds afirm\u00f3 haber recibido reportes seg\u00fan los cuales <strong>el F\u00fchrer hab\u00eda sido asesinado la noche del 21 de abril<\/strong>, tras una disputa con sus <strong>propios generales<\/strong>, sobre la conveniencia de continuar la guerra.<\/p>\n\n\n\n<h3 class=\"has-text-align-center wp-block-heading\">Las versiones se multiplicaban con los d\u00edas<\/h3>\n\n\n\n<p>La agencia de noticias japonesa <strong><em>Domei<\/em><\/strong>, inform\u00f3 que <strong>hab\u00eda muerto durante un ataque de artiller\u00eda sovi\u00e9tica<\/strong> sobre su residencia.<\/p>\n\n\n\n<p class=\"has-text-align-justify\">Un despacho de la agencia informativa <strong>UP<\/strong> citaba a un ex alto funcionario del Ministerio de Exteriores nazi, que cre\u00eda que Hitler hab\u00eda fallecido varios d\u00edas antes a causa de una hemorragia cerebral y que hab\u00eda sido llevado a la capital alemana para morir como un h\u00e9roe. <\/p>\n\n\n\n<ul class=\"wp-block-list\"><li>&#8220;Pueden estar seguros de que el cuerpo de Hitler no ser\u00e1 descubierto&#8221;, vaticin\u00f3.<\/li><\/ul>\n\n\n\n<h3 class=\"has-text-align-center wp-block-heading\">Los esfuerzos por encontrar el cad\u00e1ver parec\u00edan fracasar<\/h3>\n\n\n\n<p class=\"has-text-align-justify\">El <strong>4 de mayo<\/strong>, la prensa sovi\u00e9tica indic\u00f3 que el Ej\u00e9rcito Rojo no hab\u00eda logrado entrar en la sede de la Canciller\u00eda alemana (donde estaban las oficinas de Hitler) pues se encontraba en llamas y sus estructuras estaban al borde del colapso.<\/p>\n\n\n\n<p>Dos d\u00edas m\u00e1s tarde, los sovi\u00e9ticos afirmaron que <strong>hab\u00edan hallado gran cantidad de cad\u00e1veres en la Canciller\u00eda, pero ninguno coincid\u00eda con Hitler<\/strong> ni con <strong>Goebbels<\/strong>. <\/p>\n\n\n\n<p class=\"has-text-align-justify\">&#8220;Entre los rusos persiste la creencia de que la informaci\u00f3n sobre sus muertes es otro <strong>truco nazi<\/strong> y que <strong>Hitler<\/strong> y sus allegados est\u00e1n vivos y ocultos&#8221;, se\u00f1alaba desde Mosc\u00fa la agencia AP.<\/p>\n\n\n\n<div class=\"wp-block-image\"><figure class=\"aligncenter size-full\"><img loading=\"lazy\" decoding=\"async\" width=\"624\" height=\"351\" src=\"https:\/\/blogs.uninter.edu.mx\/ENDECS\/wp-content\/uploads\/2020\/06\/Hitler-11.jpg\" alt=\"Hitler WP ENDECS\" class=\"wp-image-4560\" srcset=\"https:\/\/blogs.uninter.edu.mx\/ENDECS\/wp-content\/uploads\/2020\/06\/Hitler-11.jpg 624w, https:\/\/blogs.uninter.edu.mx\/ENDECS\/wp-content\/uploads\/2020\/06\/Hitler-11-300x169.jpg 300w, https:\/\/blogs.uninter.edu.mx\/ENDECS\/wp-content\/uploads\/2020\/06\/Hitler-11-460x260.jpg 460w\" sizes=\"auto, (max-width: 624px) 100vw, 624px\" \/><figcaption>El bunker de Hitler dentro de la Canciller\u00eda alemana<\/figcaption><\/figure><\/div>\n\n\n\n<p class=\"has-text-align-justify\">El <strong>8 de mayo<\/strong>, un general ruso anunci\u00f3 el hallazgo en las ruinas de Berl\u00edn de un cuerpo abaleado que fue identificado como <strong>Hitler<\/strong> por miembros de su propio servicio dom\u00e9stico, aunque un ch\u00f3fer aseguraba que <strong>era el cad\u00e1ver de uno de los cocineros que tambi\u00e9n serv\u00eda como &#8220;doble&#8221; del <em>F\u00fchrer<\/em><\/strong>.<\/p>\n\n\n\n<p class=\"has-text-align-justify\">Dos semanas m\u00e1s tarde, la <strong>inteligencia sovi\u00e9tica<\/strong> revel\u00f3 que de acuerdo con el personal que atend\u00eda a <strong>Hitler<\/strong>, este hab\u00eda recibido la eutanasia el <strong>1 de mayo <\/strong>a manos de un m\u00e9dico de nombre <strong>Morel<\/strong>, debido a que se hallaba <strong>medio paralizado y sufr\u00eda mucho dolor<\/strong>.<\/p>\n\n\n\n<h3 class=\"has-text-align-center wp-block-heading\">De Berl\u00edn a Argentina<\/h3>\n\n\n\n<p class=\"has-text-align-justify\">En junio de 1945, <strong>las autoridades sovi\u00e9ticas informaron que los restos de Hitler no hab\u00edan sido encontrados<\/strong> y que, probablemente, \u00e9l a\u00fan estaba con vida.<\/p>\n\n\n\n<p class=\"has-text-align-justify\">Ese mismo verano, empezaron a circular informaciones seg\u00fan las cuales el l\u00edder nazi hab\u00eda sido visto en diferentes lugares y muy distantes entre s\u00ed.<\/p>\n\n\n\n<p class=\"has-text-align-justify\">&#8220;Se inform\u00f3 que <strong>Hitler estaba viviendo como ermita\u00f1o en una cueva cerca del lago Garda, en el norte de Italia<\/strong>. Otro reporte dec\u00eda que ahora era pastor en los Alpes suizos. Una <strong>tercera versi\u00f3n<\/strong> apuntaba que era <em>croupier<\/em> en un casino en Evian (Francia)&#8221;. <\/p>\n\n\n\n<p class=\"has-text-align-justify\">&#8220;Fue visto en Grenoble, en St. Gallen (Suiza) e incluso frente a las costas de Irlanda&#8221;, escribieron los historiadores <strong>Ada Petrova <\/strong>y <strong>Peter Watson <\/strong>en el libro &#8220;<strong><em>La muerte de Hitler<\/em><\/strong>&#8220;.<\/p>\n\n\n\n<p class=\"has-text-align-justify\">Las autoridades estadounidenses interceptaron, en <strong>julio de 1945<\/strong>, una carta en la que se aseguraba que Hitler viv\u00eda en una hacienda en <strong>Argentina<\/strong>, ubicada a unos <strong>700 kil\u00f3metros <\/strong>de Buenos Aires. El caso lleg\u00f3 hasta las manos del jefe del <strong>FBI<\/strong>, <strong>Edgar J. Hoover<\/strong>, quien termin\u00f3 por desestimarlo.<\/p>\n\n\n\n<p class=\"has-text-align-justify\">Una <strong>d\u00e9cada m\u00e1s tarde<\/strong>, un informe del jefe de la oficina de la CIA en Venezuela daba cuenta de que una fuente de la agencia hab\u00eda sido contactada por un ex-soldado de las SS que <strong>dec\u00eda haberse encontrado con Hitler un mes antes en Colombia<\/strong>. <\/p>\n\n\n\n<p class=\"has-text-align-justify\">El documento aclaraba que esa oficina <strong>no estaba en condiciones<\/strong> de verificar la veracidad de la informaci\u00f3n y adjuntaba una foto del ex <strong>SS<\/strong> junto al supuesto F\u00fchrer.<\/p>\n\n\n\n<div class=\"wp-block-image\"><figure class=\"aligncenter size-full\"><img loading=\"lazy\" decoding=\"async\" width=\"746\" height=\"497\" src=\"https:\/\/blogs.uninter.edu.mx\/ENDECS\/wp-content\/uploads\/2020\/06\/Hitler-10.jpg\" alt=\"Hitler WP ENDECS\" class=\"wp-image-4569\" srcset=\"https:\/\/blogs.uninter.edu.mx\/ENDECS\/wp-content\/uploads\/2020\/06\/Hitler-10.jpg 746w, https:\/\/blogs.uninter.edu.mx\/ENDECS\/wp-content\/uploads\/2020\/06\/Hitler-10-300x200.jpg 300w\" sizes=\"auto, (max-width: 746px) 100vw, 746px\" \/><\/figure><\/div>\n\n\n\n<h3 class=\"has-text-align-center wp-block-heading\">El enga\u00f1o sovi\u00e9tico<\/h3>\n\n\n\n<p class=\"has-text-align-justify\">Pero <strong>\u00bfQu\u00e9 sucedi\u00f3 en realidad con Hitler?<\/strong><\/p>\n\n\n\n<p class=\"has-text-align-justify\">Tras el \u00e9xito de su ofensiva sobre Berl\u00edn en <strong>abril de 1945<\/strong>, las fuerzas sovi\u00e9ticas se hicieron con el control del refugio que el <strong><em>F\u00fchrer<\/em><\/strong> ten\u00eda en la sede de la Canciller\u00eda alemana.<\/p>\n\n\n\n<p class=\"has-text-align-justify\">El <strong>2 de mayo<\/strong>, miembros del cuerpo de contrai-nteligencia sovi\u00e9tica (conocido como Smersh) sellaron el <strong>jard\u00edn de la Canciller\u00eda <\/strong>y el b\u00fanker donde el l\u00edder nazi se hab\u00eda <strong>instalado desde enero<\/strong> cuando el Ej\u00e9rcito Rojo avanzaba sobre Polonia rumbo a Alemania.<\/p>\n\n\n\n<p class=\"has-text-align-justify\">La operaci\u00f3n de b\u00fasqueda del cad\u00e1ver fue ejecutada bajo el m\u00e1s absoluto secreto al punto de que, seg\u00fan el historiador <strong>Anthony Beevor<\/strong>, incluso al mariscal <strong>Georgy Zh\u00fakov<\/strong>, comandante de las fuerzas sovi\u00e9ticas que ejecutaron el asalto sobre Berl\u00edn, le fue negado el acceso con el argumento de que &#8220;<strong><em>el lugar no era seguro<\/em><\/strong>&#8220;.<\/p>\n\n\n\n<p class=\"has-text-align-justify\">Al mismo tiempo, iniciaron los interrogatorios a todo el personal que lograron identificar. De acuerdo con <strong>Beevor<\/strong>, el proceso era seguido con mucha atenci\u00f3n e inter\u00e9s desde Mosc\u00fa.<\/p>\n\n\n\n<h3 class=\"has-text-align-center wp-block-heading\"><em>El lugar no es seguro<\/em><\/h3>\n\n\n\n<ul class=\"wp-block-list\"><li>&#8220;(Josef) <strong>Stalin estaba tan desesperado por recibir noticias que un general del NKVD, predecesor de la KGB, fue enviado a supervisar los interrogatorios<\/strong>.&#8221;<\/li><\/ul>\n\n\n\n<p class=\"has-text-align-justify\">&#8220;\u00c9l recibi\u00f3 una l\u00ednea telef\u00f3nica segura con un codificador para que pudiera informar a Mosc\u00fa despu\u00e9s de cada entrevista&#8221;, cont\u00f3 <strong>Beevor<\/strong> en un art\u00edculo publicado en <em>The New York Times.<\/em><\/p>\n\n\n\n<p class=\"has-text-align-justify\">El <strong>5 de mayo<\/strong>, los agentes del <strong><em>Smersh<\/em><\/strong> hallaron el cad\u00e1ver de <strong>Hitler<\/strong> y de su pareja, Eva Braun, enterrados en un <strong>hueco abierto<\/strong> por una bomba en el jard\u00edn de la Canciller\u00eda.<\/p>\n\n\n\n<p class=\"has-text-align-justify\">Los cuerpos hab\u00edan sido rociados con gasolina y estaban parcialmente quemados. El de<strong> Hitler<\/strong> era dif\u00edcil de reconocer, por lo que una vez en la morgue <strong>le removieron la mand\u00edbula para intentar identificarlo a partir de la dentadura<\/strong>. <\/p>\n\n\n\n<p class=\"has-text-align-justify\">Esto pudo hacerse pocos d\u00edas despu\u00e9s, cuando los sovi\u00e9ticos ubicaron a <strong>K\u00e4the Heusermann<\/strong>, asistente del dentista del <strong><em>F\u00fchrer<\/em><\/strong>, quien les facilit\u00f3 su historial m\u00e9dico y los datos requeridos con los que confirmaron que, en efecto, <strong>se trataba de \u00e9l<\/strong>.<\/p>\n\n\n\n<div class=\"wp-block-image\"><figure class=\"aligncenter size-full\"><img loading=\"lazy\" decoding=\"async\" width=\"800\" height=\"998\" src=\"https:\/\/blogs.uninter.edu.mx\/ENDECS\/wp-content\/uploads\/2020\/06\/Hitler-8.jpg\" alt=\"Hitler WP ENDECS\" class=\"wp-image-4581\" srcset=\"https:\/\/blogs.uninter.edu.mx\/ENDECS\/wp-content\/uploads\/2020\/06\/Hitler-8.jpg 800w, https:\/\/blogs.uninter.edu.mx\/ENDECS\/wp-content\/uploads\/2020\/06\/Hitler-8-240x300.jpg 240w, https:\/\/blogs.uninter.edu.mx\/ENDECS\/wp-content\/uploads\/2020\/06\/Hitler-8-768x958.jpg 768w\" sizes=\"auto, (max-width: 800px) 100vw, 800px\" \/><\/figure><\/div>\n\n\n\n<p class=\"has-text-align-justify\">Posteriormente, un estudio de odontolog\u00eda forense realizado por los Doctores <strong>Reidar F. Sognnaes<\/strong>, de la Escuela de Odontolog\u00eda de UCLA (California), y <strong>Ferdinand Str\u00f6m<\/strong>, de la Universidad de Oslo, ratific\u00f3 en <strong>1973<\/strong> que el cad\u00e1ver recuperado era, en efecto, el de <strong>Adolf Hitler<\/strong>.<\/p>\n\n\n\n<h3 class=\"has-text-align-center wp-block-heading\">De una tumba a otra<\/h3>\n\n\n\n<p class=\"has-text-align-justify\">Dado que los sovi\u00e9ticos hab\u00edan confirmado desde el principio la muerte del l\u00edder nazi, \u00bfpor qu\u00e9 siguieron alimentando durante a\u00f1os la idea de que estaba vivo?<\/p>\n\n\n\n<p class=\"has-text-align-justify\">&#8220;<strong>La estrategia de Stalin, evidentemente, era asociar a Occidente con el nazismo<\/strong> y hacer ver que los brit\u00e1nicos o los estadounidenses deb\u00edan estar ocult\u00e1ndolo&#8221;, escribi\u00f3 <strong>Beevor <\/strong>en su libro &#8220;<strong><em>Berl\u00edn, la ca\u00edda 1945<\/em><\/strong>&#8220;.<\/p>\n\n\n\n<p class=\"has-text-align-justify\"><strong>Luke Daly-Groves<\/strong>, historiador en la Universidad de Leeds, considera que era una jugada pol\u00edtica del dirigente comunista.<\/p>\n\n\n\n<p class=\"has-text-align-justify\">&#8220;\u00c9l sab\u00eda que los sovi\u00e9ticos hab\u00edan hallado los restos del <strong><em>F\u00fchrer<\/em><\/strong> cuando dec\u00eda que <strong>Hitler<\/strong> pod\u00eda haber escapado a Espa\u00f1a o a Argentina. Pero diciendo esto ayudaba a debilitar a sus oponentes pol\u00edticos y fortalec\u00eda su posici\u00f3n en las disputas territoriales&#8221;, escribi\u00f3 <strong>Daly-Groves<\/strong> en la revista <em>NewStatesman<\/em>.<\/p>\n\n\n\n<h4 class=\"has-text-align-center wp-block-heading\">Al final de cuentas, la derrota del nazismo abri\u00f3 las puertas al inicio de la Guerra Fr\u00eda<\/h4>\n\n\n\n<p class=\"has-text-align-justify\">Mosc\u00fa contaba con una gran ventaja para defender su versi\u00f3n: <strong>tomaron y controlaron Berl\u00edn de forma exclusiva de mayo a comienzos de julio de 1945<\/strong>, cuando se establecieron las zonas de ocupaci\u00f3n.<\/p>\n\n\n\n<p class=\"has-text-align-justify\">Adem\u00e1s, detuvieron y mantuvieron cautivos por a\u00f1os a varios de los <strong>sobrevivientes<\/strong> del b\u00fanker, incluyendo al ayudante de c\u00e1mara de <strong>Hitler<\/strong>, <strong>Heinz Linge<\/strong>; a su asistente de campo, <strong>Otto G\u00fcnsch<\/strong>, y a su piloto, <strong>Hans Baur<\/strong>.<\/p>\n\n\n\n<p class=\"has-text-align-justify\">En su empe\u00f1o por ocultar la verdad, detuvieron en secreto a <strong>K\u00e4the Heusermann<\/strong>, la asistenta dental que les ayud\u00f3 a identificar el cad\u00e1ver. Tras seis a\u00f1os en aislamiento, la condenaron por haber participado voluntariamente en el tratamiento odontol\u00f3gico del <strong><em>F\u00fchrer<\/em><\/strong>.<\/p>\n\n\n\n<p class=\"has-text-align-justify\">Los restos de <strong>Hitler<\/strong> permanecieron al cuidado de la unidad <strong><em>Smersh<\/em><\/strong> que los encontr\u00f3. Cada vez que esta se trasladaba, los llevaba consigo.<\/p>\n\n\n\n<div class=\"wp-block-image\"><figure class=\"aligncenter size-full\"><img loading=\"lazy\" decoding=\"async\" width=\"976\" height=\"549\" src=\"https:\/\/blogs.uninter.edu.mx\/ENDECS\/wp-content\/uploads\/2020\/07\/Hitler-3.jpg\" alt=\"Hitler WP ENDECS\" class=\"wp-image-4587\" srcset=\"https:\/\/blogs.uninter.edu.mx\/ENDECS\/wp-content\/uploads\/2020\/07\/Hitler-3.jpg 976w, https:\/\/blogs.uninter.edu.mx\/ENDECS\/wp-content\/uploads\/2020\/07\/Hitler-3-300x169.jpg 300w, https:\/\/blogs.uninter.edu.mx\/ENDECS\/wp-content\/uploads\/2020\/07\/Hitler-3-768x432.jpg 768w, https:\/\/blogs.uninter.edu.mx\/ENDECS\/wp-content\/uploads\/2020\/07\/Hitler-3-460x260.jpg 460w\" sizes=\"auto, (max-width: 976px) 100vw, 976px\" \/><\/figure><\/div>\n\n\n\n<p class=\"has-text-align-justify\">As\u00ed, estuvo enterrado en un bosque a las afueras de Berl\u00edn, luego en la localidad de <strong>Rathenow<\/strong> (en el estado de <strong>Brandemburgo<\/strong>) y finalmente en una base que los sovi\u00e9ticos instalaron en <strong>1946<\/strong> en <strong>Magdeburgo<\/strong>, en el centro-este de Alemania.<\/p>\n\n\n\n<p class=\"has-text-align-justify\">No fue sino hasta <strong>1968 <\/strong>cuando en un libro escrito por <strong>Lev Bezymenski<\/strong>, un periodista y agente de inteligencia sovi\u00e9tico que particip\u00f3 en el asalto final a Berl\u00edn, <strong>se dieron a conocer p\u00fablicamente detalles de los archivos que Mosc\u00fa ten\u00eda sobre Hitler, as\u00ed como de su autopsia.<\/strong><\/p>\n\n\n\n<p class=\"has-text-align-justify\">Unas tres d\u00e9cadas m\u00e1s tarde, en <strong>2009<\/strong>, el entonces jefe de Archivo de la polic\u00eda secreta FSB (sucesora de la KGB), <strong>Vasily Khristoforov<\/strong>, inform\u00f3 que <strong>los restos de Hitler fueron incinerados en 1970 y las cenizas lanzadas al r\u00edo Biederitz.<\/strong><\/p>\n\n\n\n<h3 class=\"has-text-align-center wp-block-heading\">Incineraci\u00f3n y cenizas<\/h3>\n\n\n\n<p class=\"has-text-align-justify\">La medida fue recomendada por el entonces jefe de la KGB, <strong>Yuri Andropov<\/strong>, despu\u00e9s de que la Uni\u00f3n Sovi\u00e9tica acord\u00f3 traspasar a Alemania oriental el control de la base en <strong>Magdeburgo<\/strong>.<\/p>\n\n\n\n<p class=\"has-text-align-justify\">Seg\u00fan explic\u00f3 Khristoforov, los restos de <strong>Hitler<\/strong> fueron convertidos en ceniza para evitar que su tumba se convirtiera en un <strong>santuario nazi<\/strong>.<\/p>\n\n\n\n<p class=\"has-text-align-justify\">Mosc\u00fa, sin embargo, conserv\u00f3 en la sede de la <strong>FSB<\/strong>, la mand\u00edbula con la dentadura de Hitler y en el Archivo del Estado, un fragmento de su cr\u00e1neo.<\/p>\n\n\n\n<h3 class=\"has-text-align-center wp-block-heading\">Entre el veneno y la bala<\/h3>\n\n\n\n<p class=\"has-text-align-justify\">Un informe presentado en noviembre de <strong>1945<\/strong> por el historiador <strong>Hugh Trevor-Roper<\/strong>, quien durante la Segunda Guerra Mundial sirvi\u00f3 como oficial de inteligencia brit\u00e1nica y estuvo a cargo de investigar la muerte de <strong><em>F\u00fchrer<\/em><\/strong>; sostuvo que este <strong>se suicid\u00f3 en torno a las 15:30 del 30 de abril de 1945, junto a Eva Braun<\/strong>, con quien se hab\u00eda casado el d\u00eda anterior. <\/p>\n\n\n\n<h4 class=\"has-text-align-center wp-block-heading\">\u00c9l se quit\u00f3 la vida detonando una pistola en su boca, mientras que ella habr\u00eda ingerido una c\u00e1psula de cianuro<\/h4>\n\n\n\n<p class=\"has-text-align-justify\">Esta versi\u00f3n fue puesta en duda en el libro de <strong>Bezymenski<\/strong>, en el que se menciona adem\u00e1s que al cad\u00e1ver de <strong>Hitler<\/strong> le &#8220;<strong><em>faltaba una parte del cr\u00e1neo<\/em><\/strong>&#8220;.<\/p>\n\n\n\n<p class=\"has-text-align-justify\">Los periodistas <strong>Jean-Christophe Brisard<\/strong> y <strong>Lana Parshina<\/strong>, a quienes el gobierno de <strong>Vladimir Putin<\/strong> dio acceso parcial y controlado en <strong>2016<\/strong> a los <strong>archivos de Estado<\/strong> de la Federaci\u00f3n Rusa, as\u00ed como a archivos militares y de la polic\u00eda secreta relacionados con el caso; se\u00f1alaron que en la dentadura de <strong>Hitler<\/strong> se hallaron trozos de vidrio (<strong>lo que sugerir\u00eda que \u00e9l tom\u00f3 cianuro<\/strong>) y pusieron en duda que se haya pegado un tiro.<\/p>\n\n\n\n<div class=\"wp-block-image\"><figure class=\"aligncenter size-full\"><img loading=\"lazy\" decoding=\"async\" width=\"1499\" height=\"864\" src=\"https:\/\/blogs.uninter.edu.mx\/ENDECS\/wp-content\/uploads\/2020\/07\/Hitler-5.jpg\" alt=\"Hitler WP ENDECS\" class=\"wp-image-4593\" srcset=\"https:\/\/blogs.uninter.edu.mx\/ENDECS\/wp-content\/uploads\/2020\/07\/Hitler-5.jpg 1499w, https:\/\/blogs.uninter.edu.mx\/ENDECS\/wp-content\/uploads\/2020\/07\/Hitler-5-300x173.jpg 300w, https:\/\/blogs.uninter.edu.mx\/ENDECS\/wp-content\/uploads\/2020\/07\/Hitler-5-1024x590.jpg 1024w, https:\/\/blogs.uninter.edu.mx\/ENDECS\/wp-content\/uploads\/2020\/07\/Hitler-5-768x443.jpg 768w, https:\/\/blogs.uninter.edu.mx\/ENDECS\/wp-content\/uploads\/2020\/07\/Hitler-5-220x126.jpg 220w\" sizes=\"auto, (max-width: 1499px) 100vw, 1499px\" \/><\/figure><\/div>\n\n\n\n<p class=\"has-text-align-justify\">En una entrevista en <strong>2018<\/strong> con el diario <em>Times of Israel<\/em>, <strong>Parshina<\/strong> refiri\u00f3 que <strong>el l\u00edder nazi daba muestras de sufrir Parkinson durante sus \u00faltimos d\u00edas<\/strong>, por lo que se preguntaba c\u00f3mo pudo dispararse con su mano derecha en esas condiciones.<\/p>\n\n\n\n<p class=\"has-text-align-justify\"><strong>Brisard<\/strong>, por su parte, destac\u00f3 que no hallaron rastros de bala en la boca de <strong>Hitler<\/strong>, aunque cree posible que \u00e9l haya pedido a alguien de confianza (como su asistente <strong>Heinz Linge<\/strong>) que le diera un tiro de gracia tras tomarse el veneno.<\/p>\n\n\n\n<h4 class=\"has-text-align-center wp-block-heading\">Otras versiones sugieren que se suicid\u00f3 ingiriendo veneno y, luego, dispar\u00e1ndose en la sien<\/h4>\n\n\n\n<p class=\"has-text-align-justify\"><strong>Brisard<\/strong> y <strong>Parshina<\/strong> creen que Putin est\u00e1 utilizando la historia de la muerte de <strong>Hitler<\/strong> como un instrumento pol\u00edtico para sus propios fines, como hizo en su momento <strong>Stalin<\/strong>.<\/p>\n\n\n\n<p class=\"has-text-align-justify\">En todo caso, en general, los expertos coinciden en que el cad\u00e1ver hallado por las <strong>fuerzas sovi\u00e9ticas<\/strong> es el de <strong>Hitler <\/strong>y en que la versi\u00f3n que ofreci\u00f3 la radio de <strong>Hamburgo<\/strong> y el almirante <strong>D\u00f6nitz<\/strong> aquel 1 de mayo de 1945 erraba en dos cuestiones centrales: <strong>el l\u00edder nazi no hab\u00eda muerto aquel d\u00eda y, m\u00e1s importante a\u00fan, no lo hizo en combate.<\/strong><\/p>\n\n\n\n<p class=\"has-text-align-justify\">No estaba en la vanguardia sino, m\u00e1s bien, se bat\u00eda en retirada para evitar sufrir la suerte de <strong>Benito Mussolini<\/strong> (de cuya ejecuci\u00f3n sumaria hab\u00eda sido informado dos d\u00edas antes) o tener que rendir cuentas por sus actos ante la justicia.<\/p>\n\n\n\n<p class=\"has-text-align-justify\">El hombre que hab\u00eda prometido construir un imperio que <strong>durar\u00eda un milenio<\/strong>, abandonaba la carrera tras pasar en el poder <strong>12 a\u00f1os<\/strong>, en los que sacudi\u00f3 al mundo a <strong>sangre y fuego<\/strong>, dejando una Europa en ruinas y una Alemania destruida y ocupada.<\/p>\n\n\n\n<figure class=\"wp-block-embed-youtube aligncenter wp-block-embed is-type-video is-provider-youtube wp-embed-aspect-16-9 wp-has-aspect-ratio\"><div class=\"wp-block-embed__wrapper\">\n<iframe loading=\"lazy\" title=\"JOJO RABBIT | Official Trailer [HD] | FOX Searchlight\" width=\"700\" height=\"394\" src=\"https:\/\/www.youtube.com\/embed\/tL4McUzXfFI?feature=oembed\" frameborder=\"0\" allow=\"accelerometer; autoplay; encrypted-media; gyroscope; picture-in-picture\" allowfullscreen><\/iframe>\n<\/div><\/figure>\n\n\n\n<div class=\"wp-block-buttons is-layout-flex wp-block-buttons-is-layout-flex\">\n<div class=\"wp-block-button is-style-outline is-style-outline--1\"><a class=\"wp-block-button__link\" href=\"https:\/\/blogs.uninter.edu.mx\/ENDECS\/\" target=\"_blank\" rel=\"noreferrer noopener\">M\u00e1s de la ENDECS<\/a><\/div>\n\n\n\n<div class=\"wp-block-button is-style-outline is-style-outline--2\"><a class=\"wp-block-button__link\" href=\"https:\/\/blogs.uninter.edu.mx\/\" target=\"_blank\" rel=\"noreferrer noopener\">Comunidad Uninter<\/a><\/div>\n<\/div>\n\n\n\n<figure class=\"wp-block-image size-full\"><a href=\"https:\/\/www.facebook.com\/ENDECS1\/\" target=\"_blank\" rel=\"noopener noreferrer\"><img loading=\"lazy\" decoding=\"async\" width=\"1020\" height=\"317\" src=\"https:\/\/blogs.uninter.edu.mx\/ENDECS\/wp-content\/uploads\/2019\/06\/Blog-ENDECS.jpg\" alt=\"LOGO Escuela de Negocios, Derecho y Ciencias Sociales\" class=\"wp-image-6\" srcset=\"https:\/\/blogs.uninter.edu.mx\/ENDECS\/wp-content\/uploads\/2019\/06\/Blog-ENDECS.jpg 1020w, https:\/\/blogs.uninter.edu.mx\/ENDECS\/wp-content\/uploads\/2019\/06\/Blog-ENDECS-300x93.jpg 300w, https:\/\/blogs.uninter.edu.mx\/ENDECS\/wp-content\/uploads\/2019\/06\/Blog-ENDECS-768x239.jpg 768w\" sizes=\"auto, (max-width: 1020px) 100vw, 1020px\" \/><\/a><figcaption><a href=\"https:\/\/www.facebook.com\/ENDECS1\/\" target=\"_blank\" rel=\"noreferrer noopener\">ENDECS<\/a><\/figcaption><\/figure>\n","protected":false},"excerpt":{"rendered":"<p>La impactante noticia que parec\u00eda anunciar el inminente fin de la Segunda Guerra Mundial, la desaparici\u00f3n del hombre que &#8220;se hab\u00eda convertido ante los ojos de pr\u00e1cticamente todo el mundo en la encarnaci\u00f3n del mal absoluto&#8221; (seg\u00fan el Times de Londres), fue recibida con una incredulidad que durar\u00eda d\u00e9cadas. A las 21:30 horas del 1&hellip;<\/p>\n","protected":false},"author":17,"featured_media":4547,"comment_status":"open","ping_status":"open","sticky":false,"template":"","format":"standard","meta":{"_jetpack_memberships_contains_paid_content":false,"footnotes":"","jetpack_publicize_message":"","jetpack_publicize_feature_enabled":true,"jetpack_social_post_already_shared":true,"jetpack_social_options":{"image_generator_settings":{"template":"highway","default_image_id":0,"font":"","enabled":false},"version":2}},"categories":[260,1],"tags":[135,21,244,273,272,22,23],"class_list":["post-4544","post","type-post","status-publish","format-standard","has-post-thumbnail","hentry","category-articulos-de-interes-social","category-endecs","tag-cultura","tag-endecs","tag-escuela-de-negocios-derecho-y-ciencias-sociales","tag-historia","tag-mundo","tag-uninter","tag-universidad-internacional"],"yoast_head":"<!-- This site is optimized with the Yoast SEO plugin v26.0 - https:\/\/yoast.com\/wordpress\/plugins\/seo\/ -->\r\n<title>Hitler: c\u00f3mo muri\u00f3 realmente el l\u00edder nazi y por qu\u00e9 hubo tanto misterio sobre el destino final de su cuerpo - ENDECS<\/title>\r\n<meta name=\"description\" content=\"Hitler: La impactante noticia que parec\u00eda anunciar el inminente fin de la Segunda Guerra Mundial, la desaparici\u00f3n del hombre que &quot;se hab\u00eda convertido ante los ojos de pr\u00e1cticamente todo el mundo en la encarnaci\u00f3n del mal absoluto&quot;\" \/>\r\n<meta name=\"robots\" content=\"index, follow, max-snippet:-1, max-image-preview:large, max-video-preview:-1\" \/>\r\n<link rel=\"canonical\" href=\"https:\/\/blogs.uninter.edu.mx\/ENDECS\/index.php\/2020\/07\/27\/hitler-como-murio-realmente-el-lider-nazi\/\" \/>\r\n<meta property=\"og:locale\" content=\"es_MX\" \/>\r\n<meta property=\"og:type\" content=\"article\" \/>\r\n<meta property=\"og:title\" content=\"Hitler: c\u00f3mo muri\u00f3 realmente el l\u00edder nazi y por qu\u00e9 hubo tanto misterio sobre el destino final de su cuerpo\" \/>\r\n<meta property=\"og:description\" content=\"A las 21:30 horas del 1 de mayo de 1945, hace ahora 75 a\u00f1os, la radio de Hamburgo inform\u00f3 que en breve har\u00eda &quot;un anuncio grave e importante para el pueblo alem\u00e1n&quot;, tras lo cual comenz\u00f3 a transmitir m\u00fasica solemne de Richard Wagner, el compositor predilecto del l\u00edder nazi Adolf Hitler, seguido de un fragmento de la S\u00e9ptima sinfon\u00eda de Anton Bruckner.\" \/>\r\n<meta property=\"og:url\" content=\"https:\/\/blogs.uninter.edu.mx\/ENDECS\/index.php\/2020\/07\/27\/hitler-como-murio-realmente-el-lider-nazi\/\" \/>\r\n<meta property=\"og:site_name\" content=\"ENDECS\" \/>\r\n<meta property=\"article:published_time\" content=\"2020-07-27T14:30:00+00:00\" \/>\r\n<meta property=\"og:image\" content=\"https:\/\/blogs.uninter.edu.mx\/ENDECS\/wp-content\/uploads\/2020\/07\/Hitler-9.jpeg\" \/>\r\n\t<meta property=\"og:image:width\" content=\"459\" \/>\r\n\t<meta property=\"og:image:height\" content=\"303\" \/>\r\n\t<meta property=\"og:image:type\" content=\"image\/jpeg\" \/>\r\n<meta name=\"author\" content=\"Alexis Andrade\" \/>\r\n<meta name=\"twitter:card\" content=\"summary_large_image\" \/>\r\n<meta name=\"twitter:title\" content=\"Hitler: c\u00f3mo muri\u00f3 realmente el l\u00edder nazi y por qu\u00e9 hubo tanto misterio sobre el destino final de su cuerpo\" \/>\r\n<meta name=\"twitter:description\" content=\"A las 21:30 horas del 1 de mayo de 1945, hace ahora 75 a\u00f1os, la radio de Hamburgo inform\u00f3 que en breve har\u00eda &quot;un anuncio grave e importante para el pueblo alem\u00e1n&quot;, tras lo cual comenz\u00f3 a transmitir m\u00fasica solemne de Richard Wagner, el compositor predilecto del l\u00edder nazi Adolf Hitler, seguido de un fragmento de la S\u00e9ptima sinfon\u00eda de Anton Bruckner.\" \/>\r\n<meta name=\"twitter:image\" content=\"https:\/\/blogs.uninter.edu.mx\/ENDECS\/wp-content\/uploads\/2020\/07\/Hitler-7.jpg\" \/>\r\n<meta name=\"twitter:label1\" content=\"Escrito por\" \/>\n\t<meta name=\"twitter:data1\" content=\"Alexis Andrade\" \/>\n\t<meta name=\"twitter:label2\" content=\"Tiempo de lectura\" \/>\n\t<meta name=\"twitter:data2\" content=\"13 minutos\" \/>\r\n<script type=\"application\/ld+json\" class=\"yoast-schema-graph\">{\"@context\":\"https:\/\/schema.org\",\"@graph\":[{\"@type\":\"Article\",\"@id\":\"https:\/\/blogs.uninter.edu.mx\/ENDECS\/index.php\/2020\/07\/27\/hitler-como-murio-realmente-el-lider-nazi\/#article\",\"isPartOf\":{\"@id\":\"https:\/\/blogs.uninter.edu.mx\/ENDECS\/index.php\/2020\/07\/27\/hitler-como-murio-realmente-el-lider-nazi\/\"},\"author\":{\"name\":\"Alexis Andrade\",\"@id\":\"https:\/\/blogs.uninter.edu.mx\/ENDECS\/#\/schema\/person\/9015536974bedab498c004a7d50ee73c\"},\"headline\":\"Hitler: c\u00f3mo muri\u00f3 realmente el l\u00edder nazi y por qu\u00e9 hubo tanto misterio sobre el destino final de su cuerpo\",\"datePublished\":\"2020-07-27T14:30:00+00:00\",\"mainEntityOfPage\":{\"@id\":\"https:\/\/blogs.uninter.edu.mx\/ENDECS\/index.php\/2020\/07\/27\/hitler-como-murio-realmente-el-lider-nazi\/\"},\"wordCount\":2568,\"commentCount\":0,\"publisher\":{\"@id\":\"https:\/\/blogs.uninter.edu.mx\/ENDECS\/#organization\"},\"image\":{\"@id\":\"https:\/\/blogs.uninter.edu.mx\/ENDECS\/index.php\/2020\/07\/27\/hitler-como-murio-realmente-el-lider-nazi\/#primaryimage\"},\"thumbnailUrl\":\"https:\/\/blogs.uninter.edu.mx\/ENDECS\/wp-content\/uploads\/2020\/06\/Hitler-6.jpg\",\"keywords\":[\"Cultura\",\"ENDECS\",\"Escuela de Negocios Derecho y Ciencias Sociales\",\"Historia\",\"Mundo\",\"UNINTER\",\"Universidad Internacional\"],\"articleSection\":[\"Art\u00edculos de Inter\u00e9s Social\",\"ENDECS\"],\"inLanguage\":\"es\",\"potentialAction\":[{\"@type\":\"CommentAction\",\"name\":\"Comment\",\"target\":[\"https:\/\/blogs.uninter.edu.mx\/ENDECS\/index.php\/2020\/07\/27\/hitler-como-murio-realmente-el-lider-nazi\/#respond\"]}]},{\"@type\":\"WebPage\",\"@id\":\"https:\/\/blogs.uninter.edu.mx\/ENDECS\/index.php\/2020\/07\/27\/hitler-como-murio-realmente-el-lider-nazi\/\",\"url\":\"https:\/\/blogs.uninter.edu.mx\/ENDECS\/index.php\/2020\/07\/27\/hitler-como-murio-realmente-el-lider-nazi\/\",\"name\":\"Hitler: c\u00f3mo muri\u00f3 realmente el l\u00edder nazi y por qu\u00e9 hubo tanto misterio sobre el destino final de su cuerpo - ENDECS\",\"isPartOf\":{\"@id\":\"https:\/\/blogs.uninter.edu.mx\/ENDECS\/#website\"},\"primaryImageOfPage\":{\"@id\":\"https:\/\/blogs.uninter.edu.mx\/ENDECS\/index.php\/2020\/07\/27\/hitler-como-murio-realmente-el-lider-nazi\/#primaryimage\"},\"image\":{\"@id\":\"https:\/\/blogs.uninter.edu.mx\/ENDECS\/index.php\/2020\/07\/27\/hitler-como-murio-realmente-el-lider-nazi\/#primaryimage\"},\"thumbnailUrl\":\"https:\/\/blogs.uninter.edu.mx\/ENDECS\/wp-content\/uploads\/2020\/06\/Hitler-6.jpg\",\"datePublished\":\"2020-07-27T14:30:00+00:00\",\"description\":\"Hitler: La impactante noticia que parec\u00eda anunciar el inminente fin de la Segunda Guerra Mundial, la desaparici\u00f3n del hombre que \\\"se hab\u00eda convertido ante los ojos de pr\u00e1cticamente todo el mundo en la encarnaci\u00f3n del mal absoluto\\\"\",\"breadcrumb\":{\"@id\":\"https:\/\/blogs.uninter.edu.mx\/ENDECS\/index.php\/2020\/07\/27\/hitler-como-murio-realmente-el-lider-nazi\/#breadcrumb\"},\"inLanguage\":\"es\",\"potentialAction\":[{\"@type\":\"ReadAction\",\"target\":[\"https:\/\/blogs.uninter.edu.mx\/ENDECS\/index.php\/2020\/07\/27\/hitler-como-murio-realmente-el-lider-nazi\/\"]}]},{\"@type\":\"ImageObject\",\"inLanguage\":\"es\",\"@id\":\"https:\/\/blogs.uninter.edu.mx\/ENDECS\/index.php\/2020\/07\/27\/hitler-como-murio-realmente-el-lider-nazi\/#primaryimage\",\"url\":\"https:\/\/blogs.uninter.edu.mx\/ENDECS\/wp-content\/uploads\/2020\/06\/Hitler-6.jpg\",\"contentUrl\":\"https:\/\/blogs.uninter.edu.mx\/ENDECS\/wp-content\/uploads\/2020\/06\/Hitler-6.jpg\",\"width\":1920,\"height\":1080,\"caption\":\"Hitler WP ENDECS\"},{\"@type\":\"BreadcrumbList\",\"@id\":\"https:\/\/blogs.uninter.edu.mx\/ENDECS\/index.php\/2020\/07\/27\/hitler-como-murio-realmente-el-lider-nazi\/#breadcrumb\",\"itemListElement\":[{\"@type\":\"ListItem\",\"position\":1,\"name\":\"Inicio\",\"item\":\"https:\/\/blogs.uninter.edu.mx\/ENDECS\/\"},{\"@type\":\"ListItem\",\"position\":2,\"name\":\"Hitler: c\u00f3mo muri\u00f3 realmente el l\u00edder nazi y por qu\u00e9 hubo tanto misterio sobre el destino final de su cuerpo\"}]},{\"@type\":\"WebSite\",\"@id\":\"https:\/\/blogs.uninter.edu.mx\/ENDECS\/#website\",\"url\":\"https:\/\/blogs.uninter.edu.mx\/ENDECS\/\",\"name\":\"ENDECS\",\"description\":\"Escuela de Negocios Derecho y Ciencias Sociales\",\"publisher\":{\"@id\":\"https:\/\/blogs.uninter.edu.mx\/ENDECS\/#organization\"},\"potentialAction\":[{\"@type\":\"SearchAction\",\"target\":{\"@type\":\"EntryPoint\",\"urlTemplate\":\"https:\/\/blogs.uninter.edu.mx\/ENDECS\/?s={search_term_string}\"},\"query-input\":{\"@type\":\"PropertyValueSpecification\",\"valueRequired\":true,\"valueName\":\"search_term_string\"}}],\"inLanguage\":\"es\"},{\"@type\":\"Organization\",\"@id\":\"https:\/\/blogs.uninter.edu.mx\/ENDECS\/#organization\",\"name\":\"ENDECS - UNINTER\",\"url\":\"https:\/\/blogs.uninter.edu.mx\/ENDECS\/\",\"logo\":{\"@type\":\"ImageObject\",\"inLanguage\":\"es\",\"@id\":\"https:\/\/blogs.uninter.edu.mx\/ENDECS\/#\/schema\/logo\/image\/\",\"url\":\"https:\/\/blogs.uninter.edu.mx\/ENDECS\/wp-content\/uploads\/2019\/06\/Blog-ENDECS.jpg\",\"contentUrl\":\"https:\/\/blogs.uninter.edu.mx\/ENDECS\/wp-content\/uploads\/2019\/06\/Blog-ENDECS.jpg\",\"width\":1020,\"height\":317,\"caption\":\"ENDECS - UNINTER\"},\"image\":{\"@id\":\"https:\/\/blogs.uninter.edu.mx\/ENDECS\/#\/schema\/logo\/image\/\"}},{\"@type\":\"Person\",\"@id\":\"https:\/\/blogs.uninter.edu.mx\/ENDECS\/#\/schema\/person\/9015536974bedab498c004a7d50ee73c\",\"name\":\"Alexis Andrade\",\"image\":{\"@type\":\"ImageObject\",\"inLanguage\":\"es\",\"@id\":\"https:\/\/blogs.uninter.edu.mx\/ENDECS\/#\/schema\/person\/image\/\",\"url\":\"https:\/\/secure.gravatar.com\/avatar\/b4c422a086e48773ab64b57f3e01501bec116afcc90a32d4a7f71e7c34f6d693?s=96&d=mm&r=g\",\"contentUrl\":\"https:\/\/secure.gravatar.com\/avatar\/b4c422a086e48773ab64b57f3e01501bec116afcc90a32d4a7f71e7c34f6d693?s=96&d=mm&r=g\",\"caption\":\"Alexis Andrade\"},\"url\":\"https:\/\/blogs.uninter.edu.mx\/ENDECS\/index.php\/author\/aandrade\/\"}]}<\/script>\r\n<!-- \/ Yoast SEO plugin. -->","yoast_head_json":{"title":"Hitler: c\u00f3mo muri\u00f3 realmente el l\u00edder nazi y por qu\u00e9 hubo tanto misterio sobre el destino final de su cuerpo - ENDECS","description":"Hitler: La impactante noticia que parec\u00eda anunciar el inminente fin de la Segunda Guerra Mundial, la desaparici\u00f3n del hombre que \"se hab\u00eda convertido ante los ojos de pr\u00e1cticamente todo el mundo en la encarnaci\u00f3n del mal absoluto\"","robots":{"index":"index","follow":"follow","max-snippet":"max-snippet:-1","max-image-preview":"max-image-preview:large","max-video-preview":"max-video-preview:-1"},"canonical":"https:\/\/blogs.uninter.edu.mx\/ENDECS\/index.php\/2020\/07\/27\/hitler-como-murio-realmente-el-lider-nazi\/","og_locale":"es_MX","og_type":"article","og_title":"Hitler: c\u00f3mo muri\u00f3 realmente el l\u00edder nazi y por qu\u00e9 hubo tanto misterio sobre el destino final de su cuerpo","og_description":"A las 21:30 horas del 1 de mayo de 1945, hace ahora 75 a\u00f1os, la radio de Hamburgo inform\u00f3 que en breve har\u00eda \"un anuncio grave e importante para el pueblo alem\u00e1n\", tras lo cual comenz\u00f3 a transmitir m\u00fasica solemne de Richard Wagner, el compositor predilecto del l\u00edder nazi Adolf Hitler, seguido de un fragmento de la S\u00e9ptima sinfon\u00eda de Anton Bruckner.","og_url":"https:\/\/blogs.uninter.edu.mx\/ENDECS\/index.php\/2020\/07\/27\/hitler-como-murio-realmente-el-lider-nazi\/","og_site_name":"ENDECS","article_published_time":"2020-07-27T14:30:00+00:00","og_image":[{"width":459,"height":303,"url":"https:\/\/blogs.uninter.edu.mx\/ENDECS\/wp-content\/uploads\/2020\/07\/Hitler-9.jpeg","type":"image\/jpeg"}],"author":"Alexis Andrade","twitter_card":"summary_large_image","twitter_title":"Hitler: c\u00f3mo muri\u00f3 realmente el l\u00edder nazi y por qu\u00e9 hubo tanto misterio sobre el destino final de su cuerpo","twitter_description":"A las 21:30 horas del 1 de mayo de 1945, hace ahora 75 a\u00f1os, la radio de Hamburgo inform\u00f3 que en breve har\u00eda \"un anuncio grave e importante para el pueblo alem\u00e1n\", tras lo cual comenz\u00f3 a transmitir m\u00fasica solemne de Richard Wagner, el compositor predilecto del l\u00edder nazi Adolf Hitler, seguido de un fragmento de la S\u00e9ptima sinfon\u00eda de Anton Bruckner.","twitter_image":"https:\/\/blogs.uninter.edu.mx\/ENDECS\/wp-content\/uploads\/2020\/07\/Hitler-7.jpg","twitter_misc":{"Escrito por":"Alexis Andrade","Tiempo de lectura":"13 minutos"},"schema":{"@context":"https:\/\/schema.org","@graph":[{"@type":"Article","@id":"https:\/\/blogs.uninter.edu.mx\/ENDECS\/index.php\/2020\/07\/27\/hitler-como-murio-realmente-el-lider-nazi\/#article","isPartOf":{"@id":"https:\/\/blogs.uninter.edu.mx\/ENDECS\/index.php\/2020\/07\/27\/hitler-como-murio-realmente-el-lider-nazi\/"},"author":{"name":"Alexis Andrade","@id":"https:\/\/blogs.uninter.edu.mx\/ENDECS\/#\/schema\/person\/9015536974bedab498c004a7d50ee73c"},"headline":"Hitler: c\u00f3mo muri\u00f3 realmente el l\u00edder nazi y por qu\u00e9 hubo tanto misterio sobre el destino final de su cuerpo","datePublished":"2020-07-27T14:30:00+00:00","mainEntityOfPage":{"@id":"https:\/\/blogs.uninter.edu.mx\/ENDECS\/index.php\/2020\/07\/27\/hitler-como-murio-realmente-el-lider-nazi\/"},"wordCount":2568,"commentCount":0,"publisher":{"@id":"https:\/\/blogs.uninter.edu.mx\/ENDECS\/#organization"},"image":{"@id":"https:\/\/blogs.uninter.edu.mx\/ENDECS\/index.php\/2020\/07\/27\/hitler-como-murio-realmente-el-lider-nazi\/#primaryimage"},"thumbnailUrl":"https:\/\/blogs.uninter.edu.mx\/ENDECS\/wp-content\/uploads\/2020\/06\/Hitler-6.jpg","keywords":["Cultura","ENDECS","Escuela de Negocios Derecho y Ciencias Sociales","Historia","Mundo","UNINTER","Universidad Internacional"],"articleSection":["Art\u00edculos de Inter\u00e9s Social","ENDECS"],"inLanguage":"es","potentialAction":[{"@type":"CommentAction","name":"Comment","target":["https:\/\/blogs.uninter.edu.mx\/ENDECS\/index.php\/2020\/07\/27\/hitler-como-murio-realmente-el-lider-nazi\/#respond"]}]},{"@type":"WebPage","@id":"https:\/\/blogs.uninter.edu.mx\/ENDECS\/index.php\/2020\/07\/27\/hitler-como-murio-realmente-el-lider-nazi\/","url":"https:\/\/blogs.uninter.edu.mx\/ENDECS\/index.php\/2020\/07\/27\/hitler-como-murio-realmente-el-lider-nazi\/","name":"Hitler: c\u00f3mo muri\u00f3 realmente el l\u00edder nazi y por qu\u00e9 hubo tanto misterio sobre el destino final de su cuerpo - ENDECS","isPartOf":{"@id":"https:\/\/blogs.uninter.edu.mx\/ENDECS\/#website"},"primaryImageOfPage":{"@id":"https:\/\/blogs.uninter.edu.mx\/ENDECS\/index.php\/2020\/07\/27\/hitler-como-murio-realmente-el-lider-nazi\/#primaryimage"},"image":{"@id":"https:\/\/blogs.uninter.edu.mx\/ENDECS\/index.php\/2020\/07\/27\/hitler-como-murio-realmente-el-lider-nazi\/#primaryimage"},"thumbnailUrl":"https:\/\/blogs.uninter.edu.mx\/ENDECS\/wp-content\/uploads\/2020\/06\/Hitler-6.jpg","datePublished":"2020-07-27T14:30:00+00:00","description":"Hitler: La impactante noticia que parec\u00eda anunciar el inminente fin de la Segunda Guerra Mundial, la desaparici\u00f3n del hombre que \"se hab\u00eda convertido ante los ojos de pr\u00e1cticamente todo el mundo en la encarnaci\u00f3n del mal absoluto\"","breadcrumb":{"@id":"https:\/\/blogs.uninter.edu.mx\/ENDECS\/index.php\/2020\/07\/27\/hitler-como-murio-realmente-el-lider-nazi\/#breadcrumb"},"inLanguage":"es","potentialAction":[{"@type":"ReadAction","target":["https:\/\/blogs.uninter.edu.mx\/ENDECS\/index.php\/2020\/07\/27\/hitler-como-murio-realmente-el-lider-nazi\/"]}]},{"@type":"ImageObject","inLanguage":"es","@id":"https:\/\/blogs.uninter.edu.mx\/ENDECS\/index.php\/2020\/07\/27\/hitler-como-murio-realmente-el-lider-nazi\/#primaryimage","url":"https:\/\/blogs.uninter.edu.mx\/ENDECS\/wp-content\/uploads\/2020\/06\/Hitler-6.jpg","contentUrl":"https:\/\/blogs.uninter.edu.mx\/ENDECS\/wp-content\/uploads\/2020\/06\/Hitler-6.jpg","width":1920,"height":1080,"caption":"Hitler WP ENDECS"},{"@type":"BreadcrumbList","@id":"https:\/\/blogs.uninter.edu.mx\/ENDECS\/index.php\/2020\/07\/27\/hitler-como-murio-realmente-el-lider-nazi\/#breadcrumb","itemListElement":[{"@type":"ListItem","position":1,"name":"Inicio","item":"https:\/\/blogs.uninter.edu.mx\/ENDECS\/"},{"@type":"ListItem","position":2,"name":"Hitler: c\u00f3mo muri\u00f3 realmente el l\u00edder nazi y por qu\u00e9 hubo tanto misterio sobre el destino final de su cuerpo"}]},{"@type":"WebSite","@id":"https:\/\/blogs.uninter.edu.mx\/ENDECS\/#website","url":"https:\/\/blogs.uninter.edu.mx\/ENDECS\/","name":"ENDECS","description":"Escuela de Negocios Derecho y Ciencias Sociales","publisher":{"@id":"https:\/\/blogs.uninter.edu.mx\/ENDECS\/#organization"},"potentialAction":[{"@type":"SearchAction","target":{"@type":"EntryPoint","urlTemplate":"https:\/\/blogs.uninter.edu.mx\/ENDECS\/?s={search_term_string}"},"query-input":{"@type":"PropertyValueSpecification","valueRequired":true,"valueName":"search_term_string"}}],"inLanguage":"es"},{"@type":"Organization","@id":"https:\/\/blogs.uninter.edu.mx\/ENDECS\/#organization","name":"ENDECS - UNINTER","url":"https:\/\/blogs.uninter.edu.mx\/ENDECS\/","logo":{"@type":"ImageObject","inLanguage":"es","@id":"https:\/\/blogs.uninter.edu.mx\/ENDECS\/#\/schema\/logo\/image\/","url":"https:\/\/blogs.uninter.edu.mx\/ENDECS\/wp-content\/uploads\/2019\/06\/Blog-ENDECS.jpg","contentUrl":"https:\/\/blogs.uninter.edu.mx\/ENDECS\/wp-content\/uploads\/2019\/06\/Blog-ENDECS.jpg","width":1020,"height":317,"caption":"ENDECS - UNINTER"},"image":{"@id":"https:\/\/blogs.uninter.edu.mx\/ENDECS\/#\/schema\/logo\/image\/"}},{"@type":"Person","@id":"https:\/\/blogs.uninter.edu.mx\/ENDECS\/#\/schema\/person\/9015536974bedab498c004a7d50ee73c","name":"Alexis Andrade","image":{"@type":"ImageObject","inLanguage":"es","@id":"https:\/\/blogs.uninter.edu.mx\/ENDECS\/#\/schema\/person\/image\/","url":"https:\/\/secure.gravatar.com\/avatar\/b4c422a086e48773ab64b57f3e01501bec116afcc90a32d4a7f71e7c34f6d693?s=96&d=mm&r=g","contentUrl":"https:\/\/secure.gravatar.com\/avatar\/b4c422a086e48773ab64b57f3e01501bec116afcc90a32d4a7f71e7c34f6d693?s=96&d=mm&r=g","caption":"Alexis Andrade"},"url":"https:\/\/blogs.uninter.edu.mx\/ENDECS\/index.php\/author\/aandrade\/"}]}},"jetpack_publicize_connections":[],"jetpack_featured_media_url":"https:\/\/blogs.uninter.edu.mx\/ENDECS\/wp-content\/uploads\/2020\/06\/Hitler-6.jpg","jetpack_sharing_enabled":true,"_links":{"self":[{"href":"https:\/\/blogs.uninter.edu.mx\/ENDECS\/index.php\/wp-json\/wp\/v2\/posts\/4544","targetHints":{"allow":["GET"]}}],"collection":[{"href":"https:\/\/blogs.uninter.edu.mx\/ENDECS\/index.php\/wp-json\/wp\/v2\/posts"}],"about":[{"href":"https:\/\/blogs.uninter.edu.mx\/ENDECS\/index.php\/wp-json\/wp\/v2\/types\/post"}],"author":[{"embeddable":true,"href":"https:\/\/blogs.uninter.edu.mx\/ENDECS\/index.php\/wp-json\/wp\/v2\/users\/17"}],"replies":[{"embeddable":true,"href":"https:\/\/blogs.uninter.edu.mx\/ENDECS\/index.php\/wp-json\/wp\/v2\/comments?post=4544"}],"version-history":[{"count":40,"href":"https:\/\/blogs.uninter.edu.mx\/ENDECS\/index.php\/wp-json\/wp\/v2\/posts\/4544\/revisions"}],"predecessor-version":[{"id":4602,"href":"https:\/\/blogs.uninter.edu.mx\/ENDECS\/index.php\/wp-json\/wp\/v2\/posts\/4544\/revisions\/4602"}],"wp:featuredmedia":[{"embeddable":true,"href":"https:\/\/blogs.uninter.edu.mx\/ENDECS\/index.php\/wp-json\/wp\/v2\/media\/4547"}],"wp:attachment":[{"href":"https:\/\/blogs.uninter.edu.mx\/ENDECS\/index.php\/wp-json\/wp\/v2\/media?parent=4544"}],"wp:term":[{"taxonomy":"category","embeddable":true,"href":"https:\/\/blogs.uninter.edu.mx\/ENDECS\/index.php\/wp-json\/wp\/v2\/categories?post=4544"},{"taxonomy":"post_tag","embeddable":true,"href":"https:\/\/blogs.uninter.edu.mx\/ENDECS\/index.php\/wp-json\/wp\/v2\/tags?post=4544"}],"curies":[{"name":"wp","href":"https:\/\/api.w.org\/{rel}","templated":true}]}}