{"id":4863,"date":"2020-08-07T09:30:00","date_gmt":"2020-08-07T14:30:00","guid":{"rendered":"https:\/\/blogs.uninter.edu.mx\/ENDECS\/?p=4863"},"modified":"2020-07-09T17:05:12","modified_gmt":"2020-07-09T22:05:12","slug":"la-guerra-mas-corta-de-la-historia-y-la-paz-mas-duradera","status":"publish","type":"post","link":"https:\/\/blogs.uninter.edu.mx\/ENDECS\/index.php\/2020\/08\/07\/la-guerra-mas-corta-de-la-historia-y-la-paz-mas-duradera\/","title":{"rendered":"La guerra m\u00e1s corta de la historia y la paz m\u00e1s duradera"},"content":{"rendered":"\n<figure class=\"wp-block-image size-full\"><a href=\"https:\/\/uninter.edu.mx\/\" target=\"_blank\" rel=\"noopener noreferrer\"><img loading=\"lazy\" decoding=\"async\" width=\"720\" height=\"109\" src=\"https:\/\/blogs.uninter.edu.mx\/ENDECS\/wp-content\/uploads\/2019\/07\/Imagen1.gif\" alt=\"LOGO UNINTER\" class=\"wp-image-446\"\/><\/a><\/figure>\n\n\n\n<p class=\"has-text-align-center\"><strong>37 minutos, aunque algunos informes dicen que fueron 25 y otros, m\u00e1ximo 45. Pero definitivamente, la guerra m\u00e1s corta de la historia conocida dur\u00f3 menos de una hora<\/strong><\/p>\n\n\n\n<p class=\"has-text-align-justify\">Ocurri\u00f3 en <strong>Zanz\u00edbar<\/strong>, ese archipi\u00e9lago en el <strong>Oc\u00e9ano \u00cdndico<\/strong> que hoy es una regi\u00f3n semi-aut\u00f3noma de <strong>Tanzania<\/strong>, y que por mucho tiempo ha formado parte de las <strong>&#8220;Islas de las especies&#8221;<\/strong>, una tierra de clavos y canela, de pimienta y nuez moscada.<\/p>\n\n\n\n<div class=\"wp-block-image\"><figure class=\"aligncenter size-full\"><img loading=\"lazy\" decoding=\"async\" width=\"1770\" height=\"702\" src=\"https:\/\/blogs.uninter.edu.mx\/ENDECS\/wp-content\/uploads\/2020\/07\/Guerra-y-paz-8.jpg\" alt=\"Guerra y paz WP ENDECS\" class=\"wp-image-4867\" srcset=\"https:\/\/blogs.uninter.edu.mx\/ENDECS\/wp-content\/uploads\/2020\/07\/Guerra-y-paz-8.jpg 1770w, https:\/\/blogs.uninter.edu.mx\/ENDECS\/wp-content\/uploads\/2020\/07\/Guerra-y-paz-8-300x119.jpg 300w, https:\/\/blogs.uninter.edu.mx\/ENDECS\/wp-content\/uploads\/2020\/07\/Guerra-y-paz-8-1024x406.jpg 1024w, https:\/\/blogs.uninter.edu.mx\/ENDECS\/wp-content\/uploads\/2020\/07\/Guerra-y-paz-8-768x305.jpg 768w, https:\/\/blogs.uninter.edu.mx\/ENDECS\/wp-content\/uploads\/2020\/07\/Guerra-y-paz-8-1536x609.jpg 1536w\" sizes=\"auto, (max-width: 1770px) 100vw, 1770px\" \/><\/figure><\/div>\n\n\n\n<p class=\"has-text-align-justify\">En ese momento del enfrentamiento b\u00e9lico que hizo historia, estaba gobernada por <strong>Sayyid Khalid Bin Barghash al-Basaid<\/strong>, quien <strong>fue su sult\u00e1n por unas 42 horas<\/strong>, tras suceder a su primo <strong>Hamad ibn Thuwaini<\/strong>.<\/p>\n\n\n\n<p class=\"has-text-align-justify\">Este \u00faltimo hab\u00eda muerto s\u00fabitamente en su palacio el <strong>25 de agosto de 1896<\/strong> en circunstancias algo turbias; aunque nunca se pudo confirmar, se cre\u00eda que <strong>Khalid<\/strong> (quien ya hab\u00eda intentado arrebatarle el trono) lo hab\u00eda envenenado.<\/p>\n\n\n\n<p class=\"has-text-align-justify\">De lo que s\u00ed se tiene certeza es que en cuesti\u00f3n de pocas horas, <strong>Khalid<\/strong> ya estaba instalado en el palacio, a pesar de no haber recibido el visto bueno de los brit\u00e1nicos.<\/p>\n\n\n\n<h3 class=\"has-text-align-center wp-block-heading\">42 horas<\/h3>\n\n\n\n<p class=\"has-text-align-justify\">Lo necesitaba porque aunque en ese momento <strong>Zanz\u00edbar<\/strong> era t\u00e9cnicamente independiente, los brit\u00e1nicos hab\u00edan establecido un protectorado en la regi\u00f3n y ten\u00edan <strong>derecho de veto<\/strong> sobre el nombramiento de sultanes.<\/p>\n\n\n\n<ul class=\"wp-block-list\"><li>Y <strong>Khalid ciertamente no era de su gusto<\/strong>.<\/li><\/ul>\n\n\n\n<p class=\"has-text-align-justify\">El Imperio brit\u00e1nico hab\u00eda estado tratando de ponerle punto final a la esclavitud y en <strong>Zanz\u00edbar<\/strong> hab\u00eda logrado algunos avances, a pesar de la resistencia de los muchos zanzibar\u00edes, pues se hab\u00eda convertido en parte integral de su estilo de vida a medida que las plantaciones de especias aumentaron de valor a lo largo del <strong>siglo XIX<\/strong>.<\/p>\n\n\n\n<div class=\"wp-block-image\"><figure class=\"aligncenter size-full\"><img loading=\"lazy\" decoding=\"async\" width=\"624\" height=\"548\" src=\"https:\/\/blogs.uninter.edu.mx\/ENDECS\/wp-content\/uploads\/2020\/07\/Guerra-y-paz-10.jpg\" alt=\"Guerra y paz WP ENDECS\" class=\"wp-image-4873\" srcset=\"https:\/\/blogs.uninter.edu.mx\/ENDECS\/wp-content\/uploads\/2020\/07\/Guerra-y-paz-10.jpg 624w, https:\/\/blogs.uninter.edu.mx\/ENDECS\/wp-content\/uploads\/2020\/07\/Guerra-y-paz-10-300x263.jpg 300w\" sizes=\"auto, (max-width: 624px) 100vw, 624px\" \/><\/figure><\/div>\n\n\n\n<ul class=\"wp-block-list\"><li><strong>Londres hab\u00eda expresado claramente que quer\u00eda un sult\u00e1n af\u00edn con la abolici\u00f3n de la esclavitud, y ese no era Khalid<\/strong><\/li><\/ul>\n\n\n\n<p class=\"has-text-align-justify\">As\u00ed que cuando los desafi\u00f3 reclamando el poder que alegaba le hab\u00edan robado tras la muerte de su padre, el sult\u00e1n anterior a su reci\u00e9n muerto primo, <strong>Basil Cave<\/strong>, el diplom\u00e1tico en jefe del \u00e1rea, le advirti\u00f3 que su declaraci\u00f3n de soberan\u00eda constitu\u00eda un <strong>acto de rebeli\u00f3n<\/strong>.<\/p>\n\n\n\n<h3 class=\"has-text-align-center wp-block-heading\"><strong>Las situaci\u00f3n escal\u00f3 a mayores r\u00e1pidamente<\/strong><\/h3>\n\n\n\n<p class=\"has-text-align-justify\">&#8220;\u00bf<em>Estamos autorizados, en caso de que todos los intentos de una soluci\u00f3n pac\u00edfica resulten in\u00fatiles, para disparar contra el Palacio desde los buques de guerra<\/em>?&#8221;, le pregunt\u00f3 por telegrama, <strong>Cave<\/strong>, al primer ministro brit\u00e1nico, <strong>Lord Salisbury<\/strong>.<\/p>\n\n\n\n<ul class=\"wp-block-list\"><li><strong>Mientras tanto, ambas partes se fueron preparando para el enfrentamiento<\/strong><\/li><\/ul>\n\n\n\n<p class=\"has-text-align-justify\"><strong>Khalid<\/strong> asegur\u00f3 su palacio con casi <strong>3.000 hombres<\/strong>, varias armas de artiller\u00eda e incluso un barco real modestamente armado en el puerto cercano.<\/p>\n\n\n\n<p class=\"has-text-align-justify\">De los dos barcos de guerra que brit\u00e1nicos ya ten\u00edan anclados en el puerto, bajaron tropas a tierra para proteger el consulado y evitar disturbios, y <strong>Cave<\/strong> solicit\u00f3 refuerzos de otro barco que estaba en el \u00e1rea y que atrac\u00f3 en la noche de ese mismo <strong>25 de agosto<\/strong>.<\/p>\n\n\n\n<div class=\"wp-block-image\"><figure class=\"aligncenter size-full\"><img loading=\"lazy\" decoding=\"async\" width=\"1600\" height=\"900\" src=\"https:\/\/blogs.uninter.edu.mx\/ENDECS\/wp-content\/uploads\/2020\/07\/Guerra-y-paz-2.jpg\" alt=\"Guerra y paz WP ENDECS\" class=\"wp-image-4878\" srcset=\"https:\/\/blogs.uninter.edu.mx\/ENDECS\/wp-content\/uploads\/2020\/07\/Guerra-y-paz-2.jpg 1600w, https:\/\/blogs.uninter.edu.mx\/ENDECS\/wp-content\/uploads\/2020\/07\/Guerra-y-paz-2-300x169.jpg 300w, https:\/\/blogs.uninter.edu.mx\/ENDECS\/wp-content\/uploads\/2020\/07\/Guerra-y-paz-2-1024x576.jpg 1024w, https:\/\/blogs.uninter.edu.mx\/ENDECS\/wp-content\/uploads\/2020\/07\/Guerra-y-paz-2-768x432.jpg 768w, https:\/\/blogs.uninter.edu.mx\/ENDECS\/wp-content\/uploads\/2020\/07\/Guerra-y-paz-2-1536x864.jpg 1536w, https:\/\/blogs.uninter.edu.mx\/ENDECS\/wp-content\/uploads\/2020\/07\/Guerra-y-paz-2-460x260.jpg 460w\" sizes=\"auto, (max-width: 1600px) 100vw, 1600px\" \/><\/figure><\/div>\n\n\n\n<p class=\"has-text-align-justify\">&#8220;<em>Est\u00e1 autorizado a adoptar las medidas que considere necesarias, y ser\u00e1 respaldado en su acci\u00f3n por el Gobierno de Su Majestad. Sin embargo, no intente realizar ninguna acci\u00f3n que no est\u00e9 seguro de poder llevar a cabo con \u00e9xito<\/em>&#8220;, fue la respuesta de <strong>Londres <\/strong>para el diplom\u00e1tico.<\/p>\n\n\n\n<p class=\"has-text-align-justify\">El 26 de agosto, <strong>Khalid<\/strong> recibi\u00f3 un ultim\u00e1tum: deb\u00eda dejar el palacio antes de las 9 de la ma\u00f1ana del d\u00eda siguiente.<\/p>\n\n\n\n<p class=\"has-text-align-justify\">A las 8 de la ma\u00f1ana del 27 de agosto, solo una hora antes de que expirara el ultim\u00e1tum, un mensajero del palacio zanzibari le dijo a los brit\u00e1nicos: &#8220;<strong><em>No tenemos intenci\u00f3n de arriar nuestra bandera y no creemos que abrir\u00e1n fuego en nuestra contra<\/em><\/strong>&#8220;.<\/p>\n\n\n\n<h3 class=\"has-text-align-center wp-block-heading\">Orden de los hechos<\/h3>\n\n\n\n<p class=\"has-text-align-justify\">En una breve respuesta brit\u00e1nica, <strong>Cave<\/strong> respondi\u00f3: &#8220;<em>No queremos abrir fuego, pero a menos que haga lo que le dijimos,<\/em><strong><em> ciertamente lo haremos<\/em><\/strong>&#8220;.<\/p>\n\n\n\n<p class=\"has-text-align-justify\">Lo que sucedi\u00f3 despu\u00e9s fue, <strong>t\u00e9cnicamente<\/strong>, una guerra: <\/p>\n\n\n\n<ul class=\"wp-block-list\"><li>A las <strong>9 de la ma<\/strong>\u00f1ana se dio la orden de que los barcos brit\u00e1nicos en el puerto comenzaran a <strong>bombardear el palacio<\/strong>.<\/li><li>A las <strong>09:02<\/strong> la mayor\u00eda de la artiller\u00eda de <strong>Khalid<\/strong> hab\u00eda sido destruida, y la estructura de madera de los palacios hab\u00eda comenzado a derrumbarse con <strong>3.000 defensores dentro<\/strong>.<\/li><li>En ese mismo momento, dos minutos despu\u00e9s de comenzado el bombardeo, <strong>Khalid<\/strong> escap\u00f3 por una salida trasera del palacio, dejando a sus sirvientes y combatientes defendi\u00e9ndolo.<\/li><li><strong>El barco del sult\u00e1n fue hundido casi instant\u00e1neamente<\/strong>.<\/li><li>A las 09:40 cesaron los bombardeos, la bandera del Sult\u00e1n se desplom\u00f3 y la guerra m\u00e1s corta de la historia termin\u00f3 oficialmente despu\u00e9s de solo <strong>38 minutos<\/strong>&#8230; o un poco menos o m\u00e1s.<\/li><\/ul>\n\n\n\n<div class=\"wp-block-image\"><figure class=\"aligncenter size-full\"><img loading=\"lazy\" decoding=\"async\" width=\"624\" height=\"351\" src=\"https:\/\/blogs.uninter.edu.mx\/ENDECS\/wp-content\/uploads\/2020\/07\/Guerra-y-paz-11.jpg\" alt=\"Guerra y paz WP ENDECS\" class=\"wp-image-4882\" srcset=\"https:\/\/blogs.uninter.edu.mx\/ENDECS\/wp-content\/uploads\/2020\/07\/Guerra-y-paz-11.jpg 624w, https:\/\/blogs.uninter.edu.mx\/ENDECS\/wp-content\/uploads\/2020\/07\/Guerra-y-paz-11-300x169.jpg 300w, https:\/\/blogs.uninter.edu.mx\/ENDECS\/wp-content\/uploads\/2020\/07\/Guerra-y-paz-11-460x260.jpg 460w\" sizes=\"auto, (max-width: 624px) 100vw, 624px\" \/><\/figure><\/div>\n\n\n\n<p class=\"has-text-align-justify\">Los tiempos son dif\u00edciles de precisar, pues el bombardeo tumb\u00f3 la torre del reloj de la ciudad y la mayor\u00eda de la poblaci\u00f3n no ten\u00eda relojes.<\/p>\n\n\n\n<p class=\"has-text-align-justify\">Pero sabemos que dur\u00f3 <strong>cien veces menos<\/strong> que la que le sigue en la lista de las guerras m\u00e1s cortas de la historia: aquella conocida como <strong>la guerra de las Cien Horas o guerra de Leg\u00edtima Defensa o guerra del F\u00fatbol<\/strong> que estall\u00f3 entre <strong>El Salvador<\/strong> y <strong>Honduras<\/strong> en <strong>1969<\/strong>.<\/p>\n\n\n\n<h3 class=\"has-text-align-center wp-block-heading\">Derrotado<\/h3>\n\n\n\n<p class=\"has-text-align-justify\">No obstante su brevedad, en esa poco m\u00e1s de media hora de la ma\u00f1ana del <strong>27 de agosto de 1896<\/strong>, unos 500 soldados y civiles de <strong>Zanz\u00edbar<\/strong> murieron o resultaron heridos (<strong>solo un marinero brit\u00e1nico qued\u00f3 herido<\/strong>).<\/p>\n\n\n\n<p class=\"has-text-align-justify\">Lo que contrasta fuertemente con la guerra <strong>m\u00e1s larga de la historia<\/strong>, entre los <strong>Pa\u00edses Bajos<\/strong> y las Islas Sorlingas (al sudeste de la costa de Reino Unido), en la que no hubo <strong>ni un s\u00f3lo disparo<\/strong>. Empez\u00f3 en <strong>1651<\/strong> y termin\u00f3 en <strong>1986<\/strong>. \u00bfSu nombre? <strong>La guerra de los Trescientos Treinta y Cinco A\u00f1os<\/strong>.<\/p>\n\n\n\n<p class=\"has-text-align-justify\">Aunque, <strong>te\u00f3ricamente<\/strong>, hubo una guerra a\u00fan m\u00e1s larga entre <strong>Roma<\/strong> y <strong>Cartago<\/strong>, que comenz\u00f3 en <strong>264 a.C.<\/strong> con el estallido de las <strong>Guerras P\u00fanicas<\/strong> y <strong>&#8220;termin\u00f3&#8221;<\/strong> con un tratado de paz firmado en <strong>1985<\/strong>.<\/p>\n\n\n\n<p class=\"has-text-align-justify\">Eso suma <strong>2.248 a\u00f1os en estado de guerra<\/strong>, s\u00f3lo que Cartago fue completamente destruida y su territorio completamente anexado por los romanos, de manera que en <strong>146 a.C.<\/strong> dej\u00f3 de existir como Estado independiente.<\/p>\n\n\n\n<div class=\"wp-block-image\"><figure class=\"aligncenter size-full\"><img loading=\"lazy\" decoding=\"async\" width=\"700\" height=\"394\" src=\"https:\/\/blogs.uninter.edu.mx\/ENDECS\/wp-content\/uploads\/2020\/07\/Guerra-y-paz-4.jpg\" alt=\"Guerra y paz WP ENDECS\" class=\"wp-image-4887\" srcset=\"https:\/\/blogs.uninter.edu.mx\/ENDECS\/wp-content\/uploads\/2020\/07\/Guerra-y-paz-4.jpg 700w, https:\/\/blogs.uninter.edu.mx\/ENDECS\/wp-content\/uploads\/2020\/07\/Guerra-y-paz-4-300x169.jpg 300w, https:\/\/blogs.uninter.edu.mx\/ENDECS\/wp-content\/uploads\/2020\/07\/Guerra-y-paz-4-460x260.jpg 460w\" sizes=\"auto, (max-width: 700px) 100vw, 700px\" \/><\/figure><\/div>\n\n\n\n<h3 class=\"has-text-align-center wp-block-heading\">Hagamos la paz&#8230;<\/h3>\n\n\n\n<p class=\"has-text-align-justify\">Los ingleses tambi\u00e9n est\u00e1n involucrados en la alianza m\u00e1s perdurable de la historia:<strong> la alianza anglo-portuguesa<\/strong> o luso-brit\u00e1nica <strong>todav\u00eda en vigencia<\/strong>.<\/p>\n\n\n\n<p class=\"has-text-align-justify\">La amistad entre Inglaterra y Portugal se remonta a <strong>1147<\/strong> cuando los cruzados ingleses ayudaron al rey <strong>Alfonso I <\/strong>a capturar Lisboa de los <strong>musulmanes<\/strong>.<\/p>\n\n\n\n<p class=\"has-text-align-justify\">Eso condujo a una colonia inglesa en Lisboa y a contactos frecuentes entre los nobles de los dos reinos. <\/p>\n\n\n\n<p class=\"has-text-align-justify\">En <strong>1386<\/strong>, Ricardo II de Inglaterra acord\u00f3 el Tratado de Windsor con Juan I de Portugal.<\/p>\n\n\n\n<h3 class=\"has-text-align-center wp-block-heading\">Amistad inigualable <\/h3>\n\n\n\n<p class=\"has-text-align-justify\">Las tropas inglesas hab\u00edan ayudado recientemente al rey portugu\u00e9s a expulsar una <strong>invasi\u00f3n espa\u00f1ola<\/strong> y se decidi\u00f3 convertir la amistad en una alianza formal.<\/p>\n\n\n\n<p class=\"has-text-align-justify\">La secci\u00f3n clave del tratado dice: &#8220;<strong><em>Si, en el futuro, uno de los reyes o su heredero necesitar\u00e1 el apoyo del otro, el aliado estar\u00e1 obligado a brindar ayuda<\/em><\/strong><em> y socorro al otro, en la medida requerida por el peligro para los reinos, tierras, dominios y s\u00fabditos de su aliado<\/em>&#8220;.<\/p>\n\n\n\n<p class=\"has-text-align-justify\">Adem\u00e1s de medidas para garantizar la <strong>seguridad mutua<\/strong> de ambas naciones. Los t\u00e9rminos del tratado inclu\u00edan disposiciones para fortalecer los lazos comerciales, como el derecho de ambos pa\u00edses a comerciar en los t\u00e9rminos que disfrutaban los s\u00fabditos de cada reino.<\/p>\n\n\n\n<div class=\"wp-block-image\"><figure class=\"aligncenter size-full\"><img loading=\"lazy\" decoding=\"async\" width=\"768\" height=\"450\" src=\"https:\/\/blogs.uninter.edu.mx\/ENDECS\/wp-content\/uploads\/2020\/07\/Guerra-y-paz-6.jpg\" alt=\"Guerra y paz WP ENDECS\" class=\"wp-image-4894\" srcset=\"https:\/\/blogs.uninter.edu.mx\/ENDECS\/wp-content\/uploads\/2020\/07\/Guerra-y-paz-6.jpg 768w, https:\/\/blogs.uninter.edu.mx\/ENDECS\/wp-content\/uploads\/2020\/07\/Guerra-y-paz-6-300x176.jpg 300w\" sizes=\"auto, (max-width: 768px) 100vw, 768px\" \/><\/figure><\/div>\n\n\n\n<p class=\"has-text-align-justify\">Incluso hab\u00eda cl\u00e1usulas que fomentaban la <strong>libertad de movimiento<\/strong> y asentamiento entre los dos pa\u00edses, ya que los sujetos de cada pa\u00eds ten\u00edan derecho a residir en los dominios del otro.<\/p>\n\n\n\n<p class=\"has-text-align-justify\">En <strong>1580<\/strong>, Portugal fue invadido por Espa\u00f1a, pero cuando Portugal recuper\u00f3 la independencia en <strong>1640<\/strong>, su primer acto fue reconfirmar el <strong>Tratado de Windsor<\/strong>.<\/p>\n\n\n\n<h4 class=\"has-text-align-center wp-block-heading\">El tratado ha sido invocado varias veces, entre ellas:<\/h4>\n\n\n\n<ul class=\"wp-block-list\"><li>Portugal se uni\u00f3 a Reino Unido en la <strong>Guerra de Sucesi\u00f3n<\/strong> espa\u00f1ola en 1704;<\/li><li><strong>1808<\/strong> Reino Unido envi\u00f3 tropas para expulsar una invasi\u00f3n francesa;<\/li><li>Dentro de la <strong>Primera Guerra Mundial<\/strong>, Portugal declar\u00f3 la guerra a Alemania;<\/li><li>Ya en la <strong>Segunda Guerra Mundial<\/strong>, Portugal (aunque neutral) le permiti\u00f3 a Reino Unido usar bases en las Azores,<\/li><li>Y repiti\u00f3 el favor en la <strong>Guerra de las Malvinas<\/strong> de 1982.<\/li><\/ul>\n\n\n\n<div class=\"wp-block-image\"><figure class=\"aligncenter size-full\"><img loading=\"lazy\" decoding=\"async\" width=\"626\" height=\"455\" src=\"https:\/\/blogs.uninter.edu.mx\/ENDECS\/wp-content\/uploads\/2020\/07\/Guerra-y-paz-7.jpg\" alt=\"Guerra y paz WP ENDECS\" class=\"wp-image-4899\" srcset=\"https:\/\/blogs.uninter.edu.mx\/ENDECS\/wp-content\/uploads\/2020\/07\/Guerra-y-paz-7.jpg 626w, https:\/\/blogs.uninter.edu.mx\/ENDECS\/wp-content\/uploads\/2020\/07\/Guerra-y-paz-7-300x218.jpg 300w\" sizes=\"auto, (max-width: 626px) 100vw, 626px\" \/><\/figure><\/div>\n\n\n\n<h4 class=\"has-text-align-center wp-block-heading\">Sin embargo, no todo ha sido sencillo<\/h4>\n\n\n\n<p class=\"has-text-align-justify\">En 1890, las dos naciones estuvieron a punto de enfrentarse por lo que ahora es <strong>Zambia<\/strong> y en <strong>1961<\/strong> Reino Unido se neg\u00f3 a ayudar a Portugal cuando India invadi\u00f3 Goa.<\/p>\n\n\n\n<p class=\"has-text-align-justify\">No obstante, hist\u00f3ricamente, el Reino de Portugal y el Reino de Inglaterra, y m\u00e1s tarde el moderno Portugal y Reino Unido, nunca han librado guerras entre s\u00ed, ni han participado en guerras en lados opuestos como estados independientes desde la firma del Tratado de Windsor <strong>hace m\u00e1s de seis siglos<\/strong>.<\/p>\n\n\n\n<div class=\"wp-block-buttons is-layout-flex wp-block-buttons-is-layout-flex\">\n<div class=\"wp-block-button is-style-outline is-style-outline--1\"><a class=\"wp-block-button__link\" href=\"https:\/\/blogs.uninter.edu.mx\/ENDECS\/\" target=\"_blank\" rel=\"noreferrer noopener\">M\u00e1s de la ENDECS<\/a><\/div>\n\n\n\n<div class=\"wp-block-button is-style-outline is-style-outline--2\"><a class=\"wp-block-button__link\" href=\"https:\/\/blogs.uninter.edu.mx\/\" target=\"_blank\" rel=\"noreferrer noopener\">Comunidad Uninter<\/a><\/div>\n<\/div>\n\n\n\n<figure class=\"wp-block-image size-full\"><a href=\"https:\/\/www.facebook.com\/ENDECS1\/\" target=\"_blank\" rel=\"noopener noreferrer\"><img loading=\"lazy\" decoding=\"async\" width=\"1020\" height=\"317\" src=\"https:\/\/blogs.uninter.edu.mx\/ENDECS\/wp-content\/uploads\/2019\/06\/Blog-ENDECS.jpg\" alt=\"LOGO Escuela de Negocios, Derecho y Ciencias Sociales\" class=\"wp-image-6\" srcset=\"https:\/\/blogs.uninter.edu.mx\/ENDECS\/wp-content\/uploads\/2019\/06\/Blog-ENDECS.jpg 1020w, https:\/\/blogs.uninter.edu.mx\/ENDECS\/wp-content\/uploads\/2019\/06\/Blog-ENDECS-300x93.jpg 300w, https:\/\/blogs.uninter.edu.mx\/ENDECS\/wp-content\/uploads\/2019\/06\/Blog-ENDECS-768x239.jpg 768w\" sizes=\"auto, (max-width: 1020px) 100vw, 1020px\" \/><\/a><figcaption><a href=\"https:\/\/www.facebook.com\/ENDECS1\/\" target=\"_blank\" rel=\"noreferrer noopener\">ENDECS<\/a><\/figcaption><\/figure>\n","protected":false},"excerpt":{"rendered":"<p>37 minutos, aunque algunos informes dicen que fueron 25 y otros, m\u00e1ximo 45. Pero definitivamente, la guerra m\u00e1s corta de la historia conocida dur\u00f3 menos de una hora Ocurri\u00f3 en Zanz\u00edbar, ese archipi\u00e9lago en el Oc\u00e9ano \u00cdndico que hoy es una regi\u00f3n semi-aut\u00f3noma de Tanzania, y que por mucho tiempo ha formado parte de las&hellip;<\/p>\n","protected":false},"author":17,"featured_media":4887,"comment_status":"open","ping_status":"open","sticky":false,"template":"","format":"standard","meta":{"_jetpack_memberships_contains_paid_content":false,"footnotes":"","jetpack_publicize_message":"","jetpack_publicize_feature_enabled":true,"jetpack_social_post_already_shared":true,"jetpack_social_options":{"image_generator_settings":{"template":"highway","default_image_id":0,"font":"","enabled":false},"version":2}},"categories":[260,1],"tags":[135,21,244,273,272,22,23],"class_list":["post-4863","post","type-post","status-publish","format-standard","has-post-thumbnail","hentry","category-articulos-de-interes-social","category-endecs","tag-cultura","tag-endecs","tag-escuela-de-negocios-derecho-y-ciencias-sociales","tag-historia","tag-mundo","tag-uninter","tag-universidad-internacional"],"yoast_head":"<!-- This site is optimized with the Yoast SEO plugin v26.0 - https:\/\/yoast.com\/wordpress\/plugins\/seo\/ -->\r\n<title>La guerra m\u00e1s corta de la historia y la paz m\u00e1s duradera - ENDECS<\/title>\r\n<meta name=\"description\" content=\"37 minutos, aunque algunos informes dicen que fueron 25 y otros, m\u00e1ximo 45. Pero definitivamente, la guerra m\u00e1s corta de la historia conocida dur\u00f3 menos...\" \/>\r\n<meta name=\"robots\" content=\"index, follow, max-snippet:-1, max-image-preview:large, max-video-preview:-1\" \/>\r\n<link rel=\"canonical\" href=\"https:\/\/blogs.uninter.edu.mx\/ENDECS\/index.php\/2020\/08\/07\/la-guerra-mas-corta-de-la-historia-y-la-paz-mas-duradera\/\" \/>\r\n<meta property=\"og:locale\" content=\"es_MX\" \/>\r\n<meta property=\"og:type\" content=\"article\" \/>\r\n<meta property=\"og:title\" content=\"La guerra m\u00e1s corta de la historia y la paz m\u00e1s duradera\" \/>\r\n<meta property=\"og:description\" content=\"Ocurri\u00f3 en Zanz\u00edbar, ese archipi\u00e9lago en el Oc\u00e9ano \u00cdndico que hoy es una regi\u00f3n semi-aut\u00f3noma de Tanzania, y que por mucho tiempo ha formado parte de las &quot;Islas de las especies&quot;, una tierra de clavos y canela, de pimienta y nuez moscada. En ese momento del enfrentamiento b\u00e9lico que hizo historia, estaba gobernada por Sayyid Khalid Bin Barghash al-Basaid, quien fue su sult\u00e1n por unas 42 horas.\" \/>\r\n<meta property=\"og:url\" content=\"https:\/\/blogs.uninter.edu.mx\/ENDECS\/index.php\/2020\/08\/07\/la-guerra-mas-corta-de-la-historia-y-la-paz-mas-duradera\/\" \/>\r\n<meta property=\"og:site_name\" content=\"ENDECS\" \/>\r\n<meta property=\"article:published_time\" content=\"2020-08-07T14:30:00+00:00\" \/>\r\n<meta property=\"og:image\" content=\"https:\/\/blogs.uninter.edu.mx\/ENDECS\/wp-content\/uploads\/2020\/07\/Guerra-y-paz-3.jpg\" \/>\r\n\t<meta property=\"og:image:width\" content=\"1440\" \/>\r\n\t<meta property=\"og:image:height\" content=\"600\" \/>\r\n\t<meta property=\"og:image:type\" content=\"image\/jpeg\" \/>\r\n<meta name=\"author\" content=\"Alexis Andrade\" \/>\r\n<meta name=\"twitter:card\" content=\"summary_large_image\" \/>\r\n<meta name=\"twitter:title\" content=\"La guerra m\u00e1s corta de la historia y la paz m\u00e1s duradera\" \/>\r\n<meta name=\"twitter:description\" content=\"Ocurri\u00f3 en Zanz\u00edbar, ese archipi\u00e9lago en el Oc\u00e9ano \u00cdndico que hoy es una regi\u00f3n semi-aut\u00f3noma de Tanzania, y que por mucho tiempo ha formado parte de las &quot;Islas de las especies&quot;, una tierra de clavos y canela, de pimienta y nuez moscada. En ese momento del enfrentamiento b\u00e9lico que hizo historia, estaba gobernada por Sayyid Khalid Bin Barghash al-Basaid, quien fue su sult\u00e1n por unas 42 horas.\" \/>\r\n<meta name=\"twitter:image\" content=\"https:\/\/blogs.uninter.edu.mx\/ENDECS\/wp-content\/uploads\/2020\/07\/Guerra-y-paz-10.jpeg\" \/>\r\n<meta name=\"twitter:label1\" content=\"Escrito por\" \/>\n\t<meta name=\"twitter:data1\" content=\"Alexis Andrade\" \/>\n\t<meta name=\"twitter:label2\" content=\"Tiempo de lectura\" \/>\n\t<meta name=\"twitter:data2\" content=\"7 minutos\" \/>\r\n<script type=\"application\/ld+json\" class=\"yoast-schema-graph\">{\"@context\":\"https:\/\/schema.org\",\"@graph\":[{\"@type\":\"Article\",\"@id\":\"https:\/\/blogs.uninter.edu.mx\/ENDECS\/index.php\/2020\/08\/07\/la-guerra-mas-corta-de-la-historia-y-la-paz-mas-duradera\/#article\",\"isPartOf\":{\"@id\":\"https:\/\/blogs.uninter.edu.mx\/ENDECS\/index.php\/2020\/08\/07\/la-guerra-mas-corta-de-la-historia-y-la-paz-mas-duradera\/\"},\"author\":{\"name\":\"Alexis Andrade\",\"@id\":\"https:\/\/blogs.uninter.edu.mx\/ENDECS\/#\/schema\/person\/9015536974bedab498c004a7d50ee73c\"},\"headline\":\"La guerra m\u00e1s corta de la historia y la paz m\u00e1s duradera\",\"datePublished\":\"2020-08-07T14:30:00+00:00\",\"mainEntityOfPage\":{\"@id\":\"https:\/\/blogs.uninter.edu.mx\/ENDECS\/index.php\/2020\/08\/07\/la-guerra-mas-corta-de-la-historia-y-la-paz-mas-duradera\/\"},\"wordCount\":1501,\"commentCount\":0,\"publisher\":{\"@id\":\"https:\/\/blogs.uninter.edu.mx\/ENDECS\/#organization\"},\"image\":{\"@id\":\"https:\/\/blogs.uninter.edu.mx\/ENDECS\/index.php\/2020\/08\/07\/la-guerra-mas-corta-de-la-historia-y-la-paz-mas-duradera\/#primaryimage\"},\"thumbnailUrl\":\"https:\/\/blogs.uninter.edu.mx\/ENDECS\/wp-content\/uploads\/2020\/07\/Guerra-y-paz-4.jpg\",\"keywords\":[\"Cultura\",\"ENDECS\",\"Escuela de Negocios Derecho y Ciencias Sociales\",\"Historia\",\"Mundo\",\"UNINTER\",\"Universidad Internacional\"],\"articleSection\":[\"Art\u00edculos de Inter\u00e9s Social\",\"ENDECS\"],\"inLanguage\":\"es\",\"potentialAction\":[{\"@type\":\"CommentAction\",\"name\":\"Comment\",\"target\":[\"https:\/\/blogs.uninter.edu.mx\/ENDECS\/index.php\/2020\/08\/07\/la-guerra-mas-corta-de-la-historia-y-la-paz-mas-duradera\/#respond\"]}]},{\"@type\":\"WebPage\",\"@id\":\"https:\/\/blogs.uninter.edu.mx\/ENDECS\/index.php\/2020\/08\/07\/la-guerra-mas-corta-de-la-historia-y-la-paz-mas-duradera\/\",\"url\":\"https:\/\/blogs.uninter.edu.mx\/ENDECS\/index.php\/2020\/08\/07\/la-guerra-mas-corta-de-la-historia-y-la-paz-mas-duradera\/\",\"name\":\"La guerra m\u00e1s corta de la historia y la paz m\u00e1s duradera - ENDECS\",\"isPartOf\":{\"@id\":\"https:\/\/blogs.uninter.edu.mx\/ENDECS\/#website\"},\"primaryImageOfPage\":{\"@id\":\"https:\/\/blogs.uninter.edu.mx\/ENDECS\/index.php\/2020\/08\/07\/la-guerra-mas-corta-de-la-historia-y-la-paz-mas-duradera\/#primaryimage\"},\"image\":{\"@id\":\"https:\/\/blogs.uninter.edu.mx\/ENDECS\/index.php\/2020\/08\/07\/la-guerra-mas-corta-de-la-historia-y-la-paz-mas-duradera\/#primaryimage\"},\"thumbnailUrl\":\"https:\/\/blogs.uninter.edu.mx\/ENDECS\/wp-content\/uploads\/2020\/07\/Guerra-y-paz-4.jpg\",\"datePublished\":\"2020-08-07T14:30:00+00:00\",\"description\":\"37 minutos, aunque algunos informes dicen que fueron 25 y otros, m\u00e1ximo 45. Pero definitivamente, la guerra m\u00e1s corta de la historia conocida dur\u00f3 menos...\",\"breadcrumb\":{\"@id\":\"https:\/\/blogs.uninter.edu.mx\/ENDECS\/index.php\/2020\/08\/07\/la-guerra-mas-corta-de-la-historia-y-la-paz-mas-duradera\/#breadcrumb\"},\"inLanguage\":\"es\",\"potentialAction\":[{\"@type\":\"ReadAction\",\"target\":[\"https:\/\/blogs.uninter.edu.mx\/ENDECS\/index.php\/2020\/08\/07\/la-guerra-mas-corta-de-la-historia-y-la-paz-mas-duradera\/\"]}]},{\"@type\":\"ImageObject\",\"inLanguage\":\"es\",\"@id\":\"https:\/\/blogs.uninter.edu.mx\/ENDECS\/index.php\/2020\/08\/07\/la-guerra-mas-corta-de-la-historia-y-la-paz-mas-duradera\/#primaryimage\",\"url\":\"https:\/\/blogs.uninter.edu.mx\/ENDECS\/wp-content\/uploads\/2020\/07\/Guerra-y-paz-4.jpg\",\"contentUrl\":\"https:\/\/blogs.uninter.edu.mx\/ENDECS\/wp-content\/uploads\/2020\/07\/Guerra-y-paz-4.jpg\",\"width\":700,\"height\":394,\"caption\":\"Guerra y paz WP ENDECS\"},{\"@type\":\"BreadcrumbList\",\"@id\":\"https:\/\/blogs.uninter.edu.mx\/ENDECS\/index.php\/2020\/08\/07\/la-guerra-mas-corta-de-la-historia-y-la-paz-mas-duradera\/#breadcrumb\",\"itemListElement\":[{\"@type\":\"ListItem\",\"position\":1,\"name\":\"Inicio\",\"item\":\"https:\/\/blogs.uninter.edu.mx\/ENDECS\/\"},{\"@type\":\"ListItem\",\"position\":2,\"name\":\"La guerra m\u00e1s corta de la historia y la paz m\u00e1s duradera\"}]},{\"@type\":\"WebSite\",\"@id\":\"https:\/\/blogs.uninter.edu.mx\/ENDECS\/#website\",\"url\":\"https:\/\/blogs.uninter.edu.mx\/ENDECS\/\",\"name\":\"ENDECS\",\"description\":\"Escuela de Negocios Derecho y Ciencias Sociales\",\"publisher\":{\"@id\":\"https:\/\/blogs.uninter.edu.mx\/ENDECS\/#organization\"},\"potentialAction\":[{\"@type\":\"SearchAction\",\"target\":{\"@type\":\"EntryPoint\",\"urlTemplate\":\"https:\/\/blogs.uninter.edu.mx\/ENDECS\/?s={search_term_string}\"},\"query-input\":{\"@type\":\"PropertyValueSpecification\",\"valueRequired\":true,\"valueName\":\"search_term_string\"}}],\"inLanguage\":\"es\"},{\"@type\":\"Organization\",\"@id\":\"https:\/\/blogs.uninter.edu.mx\/ENDECS\/#organization\",\"name\":\"ENDECS - UNINTER\",\"url\":\"https:\/\/blogs.uninter.edu.mx\/ENDECS\/\",\"logo\":{\"@type\":\"ImageObject\",\"inLanguage\":\"es\",\"@id\":\"https:\/\/blogs.uninter.edu.mx\/ENDECS\/#\/schema\/logo\/image\/\",\"url\":\"https:\/\/blogs.uninter.edu.mx\/ENDECS\/wp-content\/uploads\/2019\/06\/Blog-ENDECS.jpg\",\"contentUrl\":\"https:\/\/blogs.uninter.edu.mx\/ENDECS\/wp-content\/uploads\/2019\/06\/Blog-ENDECS.jpg\",\"width\":1020,\"height\":317,\"caption\":\"ENDECS - UNINTER\"},\"image\":{\"@id\":\"https:\/\/blogs.uninter.edu.mx\/ENDECS\/#\/schema\/logo\/image\/\"}},{\"@type\":\"Person\",\"@id\":\"https:\/\/blogs.uninter.edu.mx\/ENDECS\/#\/schema\/person\/9015536974bedab498c004a7d50ee73c\",\"name\":\"Alexis Andrade\",\"image\":{\"@type\":\"ImageObject\",\"inLanguage\":\"es\",\"@id\":\"https:\/\/blogs.uninter.edu.mx\/ENDECS\/#\/schema\/person\/image\/\",\"url\":\"https:\/\/secure.gravatar.com\/avatar\/b4c422a086e48773ab64b57f3e01501bec116afcc90a32d4a7f71e7c34f6d693?s=96&d=mm&r=g\",\"contentUrl\":\"https:\/\/secure.gravatar.com\/avatar\/b4c422a086e48773ab64b57f3e01501bec116afcc90a32d4a7f71e7c34f6d693?s=96&d=mm&r=g\",\"caption\":\"Alexis Andrade\"},\"url\":\"https:\/\/blogs.uninter.edu.mx\/ENDECS\/index.php\/author\/aandrade\/\"}]}<\/script>\r\n<!-- \/ Yoast SEO plugin. -->","yoast_head_json":{"title":"La guerra m\u00e1s corta de la historia y la paz m\u00e1s duradera - ENDECS","description":"37 minutos, aunque algunos informes dicen que fueron 25 y otros, m\u00e1ximo 45. Pero definitivamente, la guerra m\u00e1s corta de la historia conocida dur\u00f3 menos...","robots":{"index":"index","follow":"follow","max-snippet":"max-snippet:-1","max-image-preview":"max-image-preview:large","max-video-preview":"max-video-preview:-1"},"canonical":"https:\/\/blogs.uninter.edu.mx\/ENDECS\/index.php\/2020\/08\/07\/la-guerra-mas-corta-de-la-historia-y-la-paz-mas-duradera\/","og_locale":"es_MX","og_type":"article","og_title":"La guerra m\u00e1s corta de la historia y la paz m\u00e1s duradera","og_description":"Ocurri\u00f3 en Zanz\u00edbar, ese archipi\u00e9lago en el Oc\u00e9ano \u00cdndico que hoy es una regi\u00f3n semi-aut\u00f3noma de Tanzania, y que por mucho tiempo ha formado parte de las \"Islas de las especies\", una tierra de clavos y canela, de pimienta y nuez moscada. En ese momento del enfrentamiento b\u00e9lico que hizo historia, estaba gobernada por Sayyid Khalid Bin Barghash al-Basaid, quien fue su sult\u00e1n por unas 42 horas.","og_url":"https:\/\/blogs.uninter.edu.mx\/ENDECS\/index.php\/2020\/08\/07\/la-guerra-mas-corta-de-la-historia-y-la-paz-mas-duradera\/","og_site_name":"ENDECS","article_published_time":"2020-08-07T14:30:00+00:00","og_image":[{"width":1440,"height":600,"url":"https:\/\/blogs.uninter.edu.mx\/ENDECS\/wp-content\/uploads\/2020\/07\/Guerra-y-paz-3.jpg","type":"image\/jpeg"}],"author":"Alexis Andrade","twitter_card":"summary_large_image","twitter_title":"La guerra m\u00e1s corta de la historia y la paz m\u00e1s duradera","twitter_description":"Ocurri\u00f3 en Zanz\u00edbar, ese archipi\u00e9lago en el Oc\u00e9ano \u00cdndico que hoy es una regi\u00f3n semi-aut\u00f3noma de Tanzania, y que por mucho tiempo ha formado parte de las \"Islas de las especies\", una tierra de clavos y canela, de pimienta y nuez moscada. En ese momento del enfrentamiento b\u00e9lico que hizo historia, estaba gobernada por Sayyid Khalid Bin Barghash al-Basaid, quien fue su sult\u00e1n por unas 42 horas.","twitter_image":"https:\/\/blogs.uninter.edu.mx\/ENDECS\/wp-content\/uploads\/2020\/07\/Guerra-y-paz-10.jpeg","twitter_misc":{"Escrito por":"Alexis Andrade","Tiempo de lectura":"7 minutos"},"schema":{"@context":"https:\/\/schema.org","@graph":[{"@type":"Article","@id":"https:\/\/blogs.uninter.edu.mx\/ENDECS\/index.php\/2020\/08\/07\/la-guerra-mas-corta-de-la-historia-y-la-paz-mas-duradera\/#article","isPartOf":{"@id":"https:\/\/blogs.uninter.edu.mx\/ENDECS\/index.php\/2020\/08\/07\/la-guerra-mas-corta-de-la-historia-y-la-paz-mas-duradera\/"},"author":{"name":"Alexis Andrade","@id":"https:\/\/blogs.uninter.edu.mx\/ENDECS\/#\/schema\/person\/9015536974bedab498c004a7d50ee73c"},"headline":"La guerra m\u00e1s corta de la historia y la paz m\u00e1s duradera","datePublished":"2020-08-07T14:30:00+00:00","mainEntityOfPage":{"@id":"https:\/\/blogs.uninter.edu.mx\/ENDECS\/index.php\/2020\/08\/07\/la-guerra-mas-corta-de-la-historia-y-la-paz-mas-duradera\/"},"wordCount":1501,"commentCount":0,"publisher":{"@id":"https:\/\/blogs.uninter.edu.mx\/ENDECS\/#organization"},"image":{"@id":"https:\/\/blogs.uninter.edu.mx\/ENDECS\/index.php\/2020\/08\/07\/la-guerra-mas-corta-de-la-historia-y-la-paz-mas-duradera\/#primaryimage"},"thumbnailUrl":"https:\/\/blogs.uninter.edu.mx\/ENDECS\/wp-content\/uploads\/2020\/07\/Guerra-y-paz-4.jpg","keywords":["Cultura","ENDECS","Escuela de Negocios Derecho y Ciencias Sociales","Historia","Mundo","UNINTER","Universidad Internacional"],"articleSection":["Art\u00edculos de Inter\u00e9s Social","ENDECS"],"inLanguage":"es","potentialAction":[{"@type":"CommentAction","name":"Comment","target":["https:\/\/blogs.uninter.edu.mx\/ENDECS\/index.php\/2020\/08\/07\/la-guerra-mas-corta-de-la-historia-y-la-paz-mas-duradera\/#respond"]}]},{"@type":"WebPage","@id":"https:\/\/blogs.uninter.edu.mx\/ENDECS\/index.php\/2020\/08\/07\/la-guerra-mas-corta-de-la-historia-y-la-paz-mas-duradera\/","url":"https:\/\/blogs.uninter.edu.mx\/ENDECS\/index.php\/2020\/08\/07\/la-guerra-mas-corta-de-la-historia-y-la-paz-mas-duradera\/","name":"La guerra m\u00e1s corta de la historia y la paz m\u00e1s duradera - ENDECS","isPartOf":{"@id":"https:\/\/blogs.uninter.edu.mx\/ENDECS\/#website"},"primaryImageOfPage":{"@id":"https:\/\/blogs.uninter.edu.mx\/ENDECS\/index.php\/2020\/08\/07\/la-guerra-mas-corta-de-la-historia-y-la-paz-mas-duradera\/#primaryimage"},"image":{"@id":"https:\/\/blogs.uninter.edu.mx\/ENDECS\/index.php\/2020\/08\/07\/la-guerra-mas-corta-de-la-historia-y-la-paz-mas-duradera\/#primaryimage"},"thumbnailUrl":"https:\/\/blogs.uninter.edu.mx\/ENDECS\/wp-content\/uploads\/2020\/07\/Guerra-y-paz-4.jpg","datePublished":"2020-08-07T14:30:00+00:00","description":"37 minutos, aunque algunos informes dicen que fueron 25 y otros, m\u00e1ximo 45. Pero definitivamente, la guerra m\u00e1s corta de la historia conocida dur\u00f3 menos...","breadcrumb":{"@id":"https:\/\/blogs.uninter.edu.mx\/ENDECS\/index.php\/2020\/08\/07\/la-guerra-mas-corta-de-la-historia-y-la-paz-mas-duradera\/#breadcrumb"},"inLanguage":"es","potentialAction":[{"@type":"ReadAction","target":["https:\/\/blogs.uninter.edu.mx\/ENDECS\/index.php\/2020\/08\/07\/la-guerra-mas-corta-de-la-historia-y-la-paz-mas-duradera\/"]}]},{"@type":"ImageObject","inLanguage":"es","@id":"https:\/\/blogs.uninter.edu.mx\/ENDECS\/index.php\/2020\/08\/07\/la-guerra-mas-corta-de-la-historia-y-la-paz-mas-duradera\/#primaryimage","url":"https:\/\/blogs.uninter.edu.mx\/ENDECS\/wp-content\/uploads\/2020\/07\/Guerra-y-paz-4.jpg","contentUrl":"https:\/\/blogs.uninter.edu.mx\/ENDECS\/wp-content\/uploads\/2020\/07\/Guerra-y-paz-4.jpg","width":700,"height":394,"caption":"Guerra y paz WP ENDECS"},{"@type":"BreadcrumbList","@id":"https:\/\/blogs.uninter.edu.mx\/ENDECS\/index.php\/2020\/08\/07\/la-guerra-mas-corta-de-la-historia-y-la-paz-mas-duradera\/#breadcrumb","itemListElement":[{"@type":"ListItem","position":1,"name":"Inicio","item":"https:\/\/blogs.uninter.edu.mx\/ENDECS\/"},{"@type":"ListItem","position":2,"name":"La guerra m\u00e1s corta de la historia y la paz m\u00e1s duradera"}]},{"@type":"WebSite","@id":"https:\/\/blogs.uninter.edu.mx\/ENDECS\/#website","url":"https:\/\/blogs.uninter.edu.mx\/ENDECS\/","name":"ENDECS","description":"Escuela de Negocios Derecho y Ciencias Sociales","publisher":{"@id":"https:\/\/blogs.uninter.edu.mx\/ENDECS\/#organization"},"potentialAction":[{"@type":"SearchAction","target":{"@type":"EntryPoint","urlTemplate":"https:\/\/blogs.uninter.edu.mx\/ENDECS\/?s={search_term_string}"},"query-input":{"@type":"PropertyValueSpecification","valueRequired":true,"valueName":"search_term_string"}}],"inLanguage":"es"},{"@type":"Organization","@id":"https:\/\/blogs.uninter.edu.mx\/ENDECS\/#organization","name":"ENDECS - UNINTER","url":"https:\/\/blogs.uninter.edu.mx\/ENDECS\/","logo":{"@type":"ImageObject","inLanguage":"es","@id":"https:\/\/blogs.uninter.edu.mx\/ENDECS\/#\/schema\/logo\/image\/","url":"https:\/\/blogs.uninter.edu.mx\/ENDECS\/wp-content\/uploads\/2019\/06\/Blog-ENDECS.jpg","contentUrl":"https:\/\/blogs.uninter.edu.mx\/ENDECS\/wp-content\/uploads\/2019\/06\/Blog-ENDECS.jpg","width":1020,"height":317,"caption":"ENDECS - UNINTER"},"image":{"@id":"https:\/\/blogs.uninter.edu.mx\/ENDECS\/#\/schema\/logo\/image\/"}},{"@type":"Person","@id":"https:\/\/blogs.uninter.edu.mx\/ENDECS\/#\/schema\/person\/9015536974bedab498c004a7d50ee73c","name":"Alexis Andrade","image":{"@type":"ImageObject","inLanguage":"es","@id":"https:\/\/blogs.uninter.edu.mx\/ENDECS\/#\/schema\/person\/image\/","url":"https:\/\/secure.gravatar.com\/avatar\/b4c422a086e48773ab64b57f3e01501bec116afcc90a32d4a7f71e7c34f6d693?s=96&d=mm&r=g","contentUrl":"https:\/\/secure.gravatar.com\/avatar\/b4c422a086e48773ab64b57f3e01501bec116afcc90a32d4a7f71e7c34f6d693?s=96&d=mm&r=g","caption":"Alexis Andrade"},"url":"https:\/\/blogs.uninter.edu.mx\/ENDECS\/index.php\/author\/aandrade\/"}]}},"jetpack_publicize_connections":[],"jetpack_featured_media_url":"https:\/\/blogs.uninter.edu.mx\/ENDECS\/wp-content\/uploads\/2020\/07\/Guerra-y-paz-4.jpg","jetpack_sharing_enabled":true,"_links":{"self":[{"href":"https:\/\/blogs.uninter.edu.mx\/ENDECS\/index.php\/wp-json\/wp\/v2\/posts\/4863","targetHints":{"allow":["GET"]}}],"collection":[{"href":"https:\/\/blogs.uninter.edu.mx\/ENDECS\/index.php\/wp-json\/wp\/v2\/posts"}],"about":[{"href":"https:\/\/blogs.uninter.edu.mx\/ENDECS\/index.php\/wp-json\/wp\/v2\/types\/post"}],"author":[{"embeddable":true,"href":"https:\/\/blogs.uninter.edu.mx\/ENDECS\/index.php\/wp-json\/wp\/v2\/users\/17"}],"replies":[{"embeddable":true,"href":"https:\/\/blogs.uninter.edu.mx\/ENDECS\/index.php\/wp-json\/wp\/v2\/comments?post=4863"}],"version-history":[{"count":34,"href":"https:\/\/blogs.uninter.edu.mx\/ENDECS\/index.php\/wp-json\/wp\/v2\/posts\/4863\/revisions"}],"predecessor-version":[{"id":4904,"href":"https:\/\/blogs.uninter.edu.mx\/ENDECS\/index.php\/wp-json\/wp\/v2\/posts\/4863\/revisions\/4904"}],"wp:featuredmedia":[{"embeddable":true,"href":"https:\/\/blogs.uninter.edu.mx\/ENDECS\/index.php\/wp-json\/wp\/v2\/media\/4887"}],"wp:attachment":[{"href":"https:\/\/blogs.uninter.edu.mx\/ENDECS\/index.php\/wp-json\/wp\/v2\/media?parent=4863"}],"wp:term":[{"taxonomy":"category","embeddable":true,"href":"https:\/\/blogs.uninter.edu.mx\/ENDECS\/index.php\/wp-json\/wp\/v2\/categories?post=4863"},{"taxonomy":"post_tag","embeddable":true,"href":"https:\/\/blogs.uninter.edu.mx\/ENDECS\/index.php\/wp-json\/wp\/v2\/tags?post=4863"}],"curies":[{"name":"wp","href":"https:\/\/api.w.org\/{rel}","templated":true}]}}