{"id":566,"date":"2019-07-11T18:00:34","date_gmt":"2019-07-11T23:00:34","guid":{"rendered":"https:\/\/blogs.uninter.edu.mx\/ENDECS\/?p=566"},"modified":"2019-07-12T13:19:54","modified_gmt":"2019-07-12T18:19:54","slug":"unete-a-la-excursion-a-la-ciudad-de-nuevayork","status":"publish","type":"post","link":"https:\/\/blogs.uninter.edu.mx\/ENDECS\/index.php\/2019\/07\/11\/unete-a-la-excursion-a-la-ciudad-de-nuevayork\/","title":{"rendered":"\u00danete al viaje acad\u00e9mico a Nueva York con #Uninter"},"content":{"rendered":"\n<p style=\"text-align:justify\">La<a href=\"https:\/\/www.facebook.com\/dacsuninter1\/\"> Escuela de Negocios, Derecho y Ciencias Sociales<\/a> en coordinaci\u00f3n con el <a href=\"https:\/\/www.facebook.com\/Internacionalizaci%C3%B3n-Uninter-198700376947202\/\">Departamento de Internacionalizaci\u00f3n<\/a>, de la <a href=\"https:\/\/uninter.edu.mx\/\">Universidad Internacional<\/a>, tiene el agrado de invitar a la #ComunidadUninter a su primer viaje acad\u00e9mico a Nueva York.<\/p>\n\n\n\n<p style=\"text-align:justify\">Conocida como la \u201cCiudad que nunca duerme\u201d, NCY es la metr\u00f3poli m\u00e1s grande del mundo y su \u00e9xito llev\u00f3 a que adoptara al t\u00edtulo de <strong>capital de mundo<\/strong>, donde se encuentran las sedes de importantes organizaciones mundiales como la de<strong> <a href=\"https:\/\/www.un.org\/es\/\">Las Naciones Unidas<\/a><\/strong>. <\/p>\n\n\n\n<div class=\"wp-block-image\"><figure class=\"aligncenter is-resized\"><img loading=\"lazy\" decoding=\"async\" src=\"https:\/\/blogs.uninter.edu.mx\/ENDECS\/wp-content\/uploads\/2019\/07\/Naciones-Unidas-1.jpg\" alt=\"\" class=\"wp-image-563\" width=\"420\" height=\"281\" srcset=\"https:\/\/blogs.uninter.edu.mx\/ENDECS\/wp-content\/uploads\/2019\/07\/Naciones-Unidas-1.jpg 612w, https:\/\/blogs.uninter.edu.mx\/ENDECS\/wp-content\/uploads\/2019\/07\/Naciones-Unidas-1-300x201.jpg 300w\" sizes=\"auto, (max-width: 420px) 100vw, 420px\" \/><figcaption><em>New York, USA: United State Headquarters with the members flags erected on the poles.<\/em><br>Oficinas Centrales de las Naciones Unidas<\/figcaption><\/figure><\/div>\n\n\n\n<p style=\"text-align:justify\">Asimismo, la Ciudad de Nueva York es un centro de las finanzas internacionales, de cultura y atracci\u00f3n. NYC alberga una gran cantidad de museos, entre ellos el<a href=\"https:\/\/www.moma.org\/\"> <\/a><strong><a href=\"https:\/\/www.moma.org\/\">Museo de Arte Moderno<\/a><\/strong> y el <strong><a href=\"https:\/\/www.amnh.org\/\">Museo Americano de Historia Natural<\/a><\/strong>. <\/p>\n\n\n\n<div class=\"wp-block-image\"><figure class=\"aligncenter is-resized\"><img loading=\"lazy\" decoding=\"async\" src=\"https:\/\/blogs.uninter.edu.mx\/ENDECS\/wp-content\/uploads\/2019\/07\/MoMA.jpg\" alt=\"\" class=\"wp-image-562\" width=\"414\" height=\"226\" srcset=\"https:\/\/blogs.uninter.edu.mx\/ENDECS\/wp-content\/uploads\/2019\/07\/MoMA.jpg 600w, https:\/\/blogs.uninter.edu.mx\/ENDECS\/wp-content\/uploads\/2019\/07\/MoMA-300x164.jpg 300w\" sizes=\"auto, (max-width: 414px) 100vw, 414px\" \/><figcaption><em>Museo de Arte Moderno : MoMa<\/em><\/figcaption><\/figure><\/div>\n\n\n\n<p style=\"text-align:justify\">Como sede de las econom\u00eda y finanzas internacionales se encuentra la ic\u00f3nica <strong>Wall Street<\/strong>, <strong><a href=\"https:\/\/new.nasdaq.com\/\">Nasdaq<\/a><\/strong> y bancos internacionales importantes, mismos que podr\u00e1s visitar en esta aventura que se emprender\u00e1 el pr\u00f3ximo diciembre.<\/p>\n\n\n\n<div class=\"wp-block-image\"><figure class=\"aligncenter is-resized\"><img loading=\"lazy\" decoding=\"async\" src=\"https:\/\/blogs.uninter.edu.mx\/ENDECS\/wp-content\/uploads\/2019\/07\/Wall-Street.jpg\" alt=\"\" class=\"wp-image-565\" width=\"412\" height=\"274\" srcset=\"https:\/\/blogs.uninter.edu.mx\/ENDECS\/wp-content\/uploads\/2019\/07\/Wall-Street.jpg 1000w, https:\/\/blogs.uninter.edu.mx\/ENDECS\/wp-content\/uploads\/2019\/07\/Wall-Street-300x200.jpg 300w, https:\/\/blogs.uninter.edu.mx\/ENDECS\/wp-content\/uploads\/2019\/07\/Wall-Street-768x511.jpg 768w\" sizes=\"auto, (max-width: 412px) 100vw, 412px\" \/><figcaption> <em>Fearless Girl stands facing the Charging Bull sculpture in the Financial District of New York. <\/em><br> Photographer: Jeenah Moon\/Bloomberg <\/figcaption><\/figure><\/div>\n\n\n\n<p style=\"text-align:justify\">En este viaje, adem\u00e1s de los lugares antes mencionados, podr\u00e1s conocer el emblem\u00e1tico <strong>Times Square<\/strong>, el parque m\u00e1s popular: <strong>Central Park<\/strong>, el <strong><a href=\"https:\/\/www.911memorial.org\/\">9\/11<\/a><\/strong><a href=\"https:\/\/www.911memorial.org\/\"> <\/a><strong><a href=\"https:\/\/www.911memorial.org\/\">Memorial<\/a><\/strong>, y uno de los edificios ic\u00f3nicos de la ciudad: el <strong><a href=\"https:\/\/www.esbnyc.com\/es\">Empire State<\/a><\/strong>.<\/p>\n\n\n\n<div class=\"wp-block-image\"><figure class=\"aligncenter is-resized\"><img loading=\"lazy\" decoding=\"async\" src=\"https:\/\/blogs.uninter.edu.mx\/ENDECS\/wp-content\/uploads\/2019\/07\/New-York-Central-Park-bridge-river-trees-autumn_-1024x640.jpg\" alt=\"\" class=\"wp-image-568\" width=\"404\" height=\"252\" srcset=\"https:\/\/blogs.uninter.edu.mx\/ENDECS\/wp-content\/uploads\/2019\/07\/New-York-Central-Park-bridge-river-trees-autumn_-1024x640.jpg 1024w, https:\/\/blogs.uninter.edu.mx\/ENDECS\/wp-content\/uploads\/2019\/07\/New-York-Central-Park-bridge-river-trees-autumn_-300x188.jpg 300w, https:\/\/blogs.uninter.edu.mx\/ENDECS\/wp-content\/uploads\/2019\/07\/New-York-Central-Park-bridge-river-trees-autumn_-768x480.jpg 768w, https:\/\/blogs.uninter.edu.mx\/ENDECS\/wp-content\/uploads\/2019\/07\/New-York-Central-Park-bridge-river-trees-autumn_.jpg 1920w\" sizes=\"auto, (max-width: 404px) 100vw, 404px\" \/><figcaption><em>Central Park en oto\u00f1o<\/em><\/figcaption><\/figure><\/div>\n\n\n\n<p style=\"text-align:justify\">El viaje acad\u00e9mico a Nueva York est\u00e1 pensado principalmente para las carreras de <a href=\"https:\/\/universidad.uninter.edu.mx\/carreras\/LEF\">Econom\u00eda y Finanzas<\/a>, <a href=\"https:\/\/universidad.uninter.edu.mx\/carreras\/LAE\">Administraci\u00f3n de Empresas<\/a>, <a href=\"https:\/\/universidad.uninter.edu.mx\/carreras\/LANI\">Administraci\u00f3n de Negocios Internacionales<\/a>, <a href=\"https:\/\/universidad.uninter.edu.mx\/carreras\/LEM\">Mercadotecnia<\/a>, <a href=\"https:\/\/universidad.uninter.edu.mx\/carreras\/LCE\">Comercio Exterior<\/a> , <a href=\"https:\/\/universidad.uninter.edu.mx\/carreras\/LCP\">Ciencias Pol\u00edticas y Gesti\u00f3n P\u00fablica<\/a>  y  <a href=\"https:\/\/posgrados.uninter.edu.mx\/\">Posgrados en Negocios<\/a>. Adem\u00e1s, si eres parte de la #ComunidadUninter tambi\u00e9n eres bienvenid@!<\/p>\n\n\n\n<p>\u00a1No dejes pasar la oportunidad de unirte a esta gran experiencia que te ofrece la <a href=\"https:\/\/www.facebook.com\/uninteredu\/\">Universidad Internacional<\/a>! <\/p>\n\n\n\n<h4 class=\"wp-block-heading\">Informes:<\/h4>\n\n\n\n<p>Para m\u00e1s informaci\u00f3n, favor de contactarnos por los siguientes medios:<\/p>\n\n\n\n<p>En la <a href=\"https:\/\/blogs.uninter.edu.mx\/ENDECS\/index.php\/contactanos\/\">ENDECS<\/a>, al correo  endecs@uninter.edu.mx o en el edificios 2-302 y en el Departamento de Internacionalizaci\u00f3n de Uninter en el edificio 4.<\/p>\n\n\n\n<figure class=\"wp-block-image\"><img loading=\"lazy\" decoding=\"async\" width=\"1024\" height=\"1024\" src=\"https:\/\/blogs.uninter.edu.mx\/ENDECS\/wp-content\/uploads\/2019\/07\/Postal-NUEVA-YORK_nueva-1024x1024.jpg\" alt=\"\" class=\"wp-image-610\" srcset=\"https:\/\/blogs.uninter.edu.mx\/ENDECS\/wp-content\/uploads\/2019\/07\/Postal-NUEVA-YORK_nueva-1024x1024.jpg 1024w, https:\/\/blogs.uninter.edu.mx\/ENDECS\/wp-content\/uploads\/2019\/07\/Postal-NUEVA-YORK_nueva-150x150.jpg 150w, https:\/\/blogs.uninter.edu.mx\/ENDECS\/wp-content\/uploads\/2019\/07\/Postal-NUEVA-YORK_nueva-300x300.jpg 300w, https:\/\/blogs.uninter.edu.mx\/ENDECS\/wp-content\/uploads\/2019\/07\/Postal-NUEVA-YORK_nueva-768x768.jpg 768w, https:\/\/blogs.uninter.edu.mx\/ENDECS\/wp-content\/uploads\/2019\/07\/Postal-NUEVA-YORK_nueva-50x50.jpg 50w, https:\/\/blogs.uninter.edu.mx\/ENDECS\/wp-content\/uploads\/2019\/07\/Postal-NUEVA-YORK_nueva.jpg 1875w\" sizes=\"auto, (max-width: 1024px) 100vw, 1024px\" \/><\/figure>\n\n\n\n<div class=\"wp-block-image\"><figure class=\"aligncenter\"><img loading=\"lazy\" decoding=\"async\" width=\"533\" height=\"86\" src=\"https:\/\/blogs.uninter.edu.mx\/ENDECS\/wp-content\/uploads\/2019\/07\/logo_con_sec.png\" alt=\"Uninter\" class=\"wp-image-447\" srcset=\"https:\/\/blogs.uninter.edu.mx\/ENDECS\/wp-content\/uploads\/2019\/07\/logo_con_sec.png 533w, https:\/\/blogs.uninter.edu.mx\/ENDECS\/wp-content\/uploads\/2019\/07\/logo_con_sec-300x48.png 300w\" sizes=\"auto, (max-width: 533px) 100vw, 533px\" \/><\/figure><\/div>\n\n\n\n<div class=\"wp-block-image\"><figure class=\"aligncenter is-resized\"><img loading=\"lazy\" decoding=\"async\" src=\"https:\/\/blogs.uninter.edu.mx\/ENDECS\/wp-content\/uploads\/2019\/07\/LOGO-Transparente-1024x821.png\" alt=\"\" class=\"wp-image-611\" width=\"175\" height=\"140\" \/><figcaption><a href=\"https:\/\/blogs.uninter.edu.mx\/ENDECS\/\">Escuela de Negocios, Derecho y Ciencias Sociales<\/a><\/figcaption><\/figure><\/div>\n","protected":false},"excerpt":{"rendered":"<p>La Escuela de Negocios, Derecho y Ciencias Sociales en coordinaci\u00f3n con el Departamento de Internacionalizaci\u00f3n, de la Universidad Internacional, tiene el agrado de invitar a la #ComunidadUninter a su primer viaje acad\u00e9mico a Nueva York. Conocida como la \u201cCiudad que nunca duerme\u201d, NCY es la metr\u00f3poli m\u00e1s grande del mundo y su \u00e9xito llev\u00f3 a&hellip;<\/p>\n","protected":false},"author":10,"featured_media":610,"comment_status":"open","ping_status":"open","sticky":false,"template":"","format":"standard","meta":{"_jetpack_memberships_contains_paid_content":false,"footnotes":"","jetpack_publicize_message":"","jetpack_publicize_feature_enabled":true,"jetpack_social_post_already_shared":true,"jetpack_social_options":{"image_generator_settings":{"template":"highway","default_image_id":0,"font":"","enabled":false},"version":2}},"categories":[1],"tags":[135,21,137,136,134,133,44,126,23,132],"class_list":["post-566","post","type-post","status-publish","format-standard","has-post-thumbnail","hentry","category-endecs","tag-cultura","tag-endecs","tag-experienciasuninter","tag-finanzas","tag-lae","tag-lef","tag-negocios","tag-nueva-york","tag-universidad-internacional","tag-viaje-nyc"],"yoast_head":"<!-- This site is optimized with the Yoast SEO plugin v26.0 - https:\/\/yoast.com\/wordpress\/plugins\/seo\/ -->\r\n<title>\u00danete al viaje acad\u00e9mico a Nueva York con #Uninter - ENDECS<\/title>\r\n<meta name=\"description\" content=\"No pierdas la oportunidad de conocer una de las ciudades m\u00e1s cosmopolitas. \u00danete al viaje acad\u00e9mico a Nueva York con la #ComuinidadUninter\" \/>\r\n<meta name=\"robots\" content=\"index, follow, max-snippet:-1, max-image-preview:large, max-video-preview:-1\" \/>\r\n<link rel=\"canonical\" href=\"https:\/\/blogs.uninter.edu.mx\/ENDECS\/index.php\/2019\/07\/11\/unete-a-la-excursion-a-la-ciudad-de-nuevayork\/\" \/>\r\n<meta property=\"og:locale\" content=\"es_MX\" \/>\r\n<meta property=\"og:type\" content=\"article\" \/>\r\n<meta property=\"og:title\" content=\"\u00danete al viaje acad\u00e9mico a Nueva York con #Uninter - ENDECS\" \/>\r\n<meta property=\"og:description\" content=\"No pierdas la oportunidad de conocer una de las ciudades m\u00e1s cosmopolitas. \u00danete al viaje acad\u00e9mico a Nueva York con la #ComuinidadUninter\" \/>\r\n<meta property=\"og:url\" content=\"https:\/\/blogs.uninter.edu.mx\/ENDECS\/index.php\/2019\/07\/11\/unete-a-la-excursion-a-la-ciudad-de-nuevayork\/\" \/>\r\n<meta property=\"og:site_name\" content=\"ENDECS\" \/>\r\n<meta property=\"article:published_time\" content=\"2019-07-11T23:00:34+00:00\" \/>\r\n<meta property=\"article:modified_time\" content=\"2019-07-12T18:19:54+00:00\" \/>\r\n<meta property=\"og:image\" content=\"https:\/\/blogs.uninter.edu.mx\/ENDECS\/wp-content\/uploads\/2019\/07\/Postal-NUEVA-YORK_nueva.jpg\" \/>\r\n\t<meta property=\"og:image:width\" content=\"1875\" \/>\r\n\t<meta property=\"og:image:height\" content=\"1875\" \/>\r\n\t<meta property=\"og:image:type\" content=\"image\/jpeg\" \/>\r\n<meta name=\"author\" content=\"Ldelvalle\" \/>\r\n<meta name=\"twitter:card\" content=\"summary_large_image\" \/>\r\n<meta name=\"twitter:label1\" content=\"Escrito por\" \/>\n\t<meta name=\"twitter:data1\" content=\"Ldelvalle\" \/>\n\t<meta name=\"twitter:label2\" content=\"Tiempo de lectura\" \/>\n\t<meta name=\"twitter:data2\" content=\"2 minutos\" \/>\r\n<script type=\"application\/ld+json\" class=\"yoast-schema-graph\">{\"@context\":\"https:\/\/schema.org\",\"@graph\":[{\"@type\":\"Article\",\"@id\":\"https:\/\/blogs.uninter.edu.mx\/ENDECS\/index.php\/2019\/07\/11\/unete-a-la-excursion-a-la-ciudad-de-nuevayork\/#article\",\"isPartOf\":{\"@id\":\"https:\/\/blogs.uninter.edu.mx\/ENDECS\/index.php\/2019\/07\/11\/unete-a-la-excursion-a-la-ciudad-de-nuevayork\/\"},\"author\":{\"name\":\"Ldelvalle\",\"@id\":\"https:\/\/blogs.uninter.edu.mx\/ENDECS\/#\/schema\/person\/97ca43ad49f1da4098be6d057658e37d\"},\"headline\":\"\u00danete al viaje acad\u00e9mico a Nueva York con #Uninter\",\"datePublished\":\"2019-07-11T23:00:34+00:00\",\"dateModified\":\"2019-07-12T18:19:54+00:00\",\"mainEntityOfPage\":{\"@id\":\"https:\/\/blogs.uninter.edu.mx\/ENDECS\/index.php\/2019\/07\/11\/unete-a-la-excursion-a-la-ciudad-de-nuevayork\/\"},\"wordCount\":375,\"commentCount\":0,\"publisher\":{\"@id\":\"https:\/\/blogs.uninter.edu.mx\/ENDECS\/#organization\"},\"image\":{\"@id\":\"https:\/\/blogs.uninter.edu.mx\/ENDECS\/index.php\/2019\/07\/11\/unete-a-la-excursion-a-la-ciudad-de-nuevayork\/#primaryimage\"},\"thumbnailUrl\":\"https:\/\/blogs.uninter.edu.mx\/ENDECS\/wp-content\/uploads\/2019\/07\/Postal-NUEVA-YORK_nueva.jpg\",\"keywords\":[\"Cultura\",\"ENDECS\",\"ExperienciasUninter\",\"Finanzas\",\"LAE\",\"LEF\",\"negocios\",\"NUEVA YORK\",\"Universidad Internacional\",\"Viaje NYC\"],\"articleSection\":[\"ENDECS\"],\"inLanguage\":\"es\",\"potentialAction\":[{\"@type\":\"CommentAction\",\"name\":\"Comment\",\"target\":[\"https:\/\/blogs.uninter.edu.mx\/ENDECS\/index.php\/2019\/07\/11\/unete-a-la-excursion-a-la-ciudad-de-nuevayork\/#respond\"]}]},{\"@type\":\"WebPage\",\"@id\":\"https:\/\/blogs.uninter.edu.mx\/ENDECS\/index.php\/2019\/07\/11\/unete-a-la-excursion-a-la-ciudad-de-nuevayork\/\",\"url\":\"https:\/\/blogs.uninter.edu.mx\/ENDECS\/index.php\/2019\/07\/11\/unete-a-la-excursion-a-la-ciudad-de-nuevayork\/\",\"name\":\"\u00danete al viaje acad\u00e9mico a Nueva York con #Uninter - ENDECS\",\"isPartOf\":{\"@id\":\"https:\/\/blogs.uninter.edu.mx\/ENDECS\/#website\"},\"primaryImageOfPage\":{\"@id\":\"https:\/\/blogs.uninter.edu.mx\/ENDECS\/index.php\/2019\/07\/11\/unete-a-la-excursion-a-la-ciudad-de-nuevayork\/#primaryimage\"},\"image\":{\"@id\":\"https:\/\/blogs.uninter.edu.mx\/ENDECS\/index.php\/2019\/07\/11\/unete-a-la-excursion-a-la-ciudad-de-nuevayork\/#primaryimage\"},\"thumbnailUrl\":\"https:\/\/blogs.uninter.edu.mx\/ENDECS\/wp-content\/uploads\/2019\/07\/Postal-NUEVA-YORK_nueva.jpg\",\"datePublished\":\"2019-07-11T23:00:34+00:00\",\"dateModified\":\"2019-07-12T18:19:54+00:00\",\"description\":\"No pierdas la oportunidad de conocer una de las ciudades m\u00e1s cosmopolitas. \u00danete al viaje acad\u00e9mico a Nueva York con la #ComuinidadUninter\",\"breadcrumb\":{\"@id\":\"https:\/\/blogs.uninter.edu.mx\/ENDECS\/index.php\/2019\/07\/11\/unete-a-la-excursion-a-la-ciudad-de-nuevayork\/#breadcrumb\"},\"inLanguage\":\"es\",\"potentialAction\":[{\"@type\":\"ReadAction\",\"target\":[\"https:\/\/blogs.uninter.edu.mx\/ENDECS\/index.php\/2019\/07\/11\/unete-a-la-excursion-a-la-ciudad-de-nuevayork\/\"]}]},{\"@type\":\"ImageObject\",\"inLanguage\":\"es\",\"@id\":\"https:\/\/blogs.uninter.edu.mx\/ENDECS\/index.php\/2019\/07\/11\/unete-a-la-excursion-a-la-ciudad-de-nuevayork\/#primaryimage\",\"url\":\"https:\/\/blogs.uninter.edu.mx\/ENDECS\/wp-content\/uploads\/2019\/07\/Postal-NUEVA-YORK_nueva.jpg\",\"contentUrl\":\"https:\/\/blogs.uninter.edu.mx\/ENDECS\/wp-content\/uploads\/2019\/07\/Postal-NUEVA-YORK_nueva.jpg\",\"width\":1875,\"height\":1875,\"caption\":\"Viaje acad\u00e9mico a NYC con Uninter\"},{\"@type\":\"BreadcrumbList\",\"@id\":\"https:\/\/blogs.uninter.edu.mx\/ENDECS\/index.php\/2019\/07\/11\/unete-a-la-excursion-a-la-ciudad-de-nuevayork\/#breadcrumb\",\"itemListElement\":[{\"@type\":\"ListItem\",\"position\":1,\"name\":\"Inicio\",\"item\":\"https:\/\/blogs.uninter.edu.mx\/ENDECS\/\"},{\"@type\":\"ListItem\",\"position\":2,\"name\":\"\u00danete al viaje acad\u00e9mico a Nueva York con #Uninter\"}]},{\"@type\":\"WebSite\",\"@id\":\"https:\/\/blogs.uninter.edu.mx\/ENDECS\/#website\",\"url\":\"https:\/\/blogs.uninter.edu.mx\/ENDECS\/\",\"name\":\"ENDECS\",\"description\":\"Escuela de Negocios Derecho y Ciencias Sociales\",\"publisher\":{\"@id\":\"https:\/\/blogs.uninter.edu.mx\/ENDECS\/#organization\"},\"potentialAction\":[{\"@type\":\"SearchAction\",\"target\":{\"@type\":\"EntryPoint\",\"urlTemplate\":\"https:\/\/blogs.uninter.edu.mx\/ENDECS\/?s={search_term_string}\"},\"query-input\":{\"@type\":\"PropertyValueSpecification\",\"valueRequired\":true,\"valueName\":\"search_term_string\"}}],\"inLanguage\":\"es\"},{\"@type\":\"Organization\",\"@id\":\"https:\/\/blogs.uninter.edu.mx\/ENDECS\/#organization\",\"name\":\"ENDECS - UNINTER\",\"url\":\"https:\/\/blogs.uninter.edu.mx\/ENDECS\/\",\"logo\":{\"@type\":\"ImageObject\",\"inLanguage\":\"es\",\"@id\":\"https:\/\/blogs.uninter.edu.mx\/ENDECS\/#\/schema\/logo\/image\/\",\"url\":\"https:\/\/blogs.uninter.edu.mx\/ENDECS\/wp-content\/uploads\/2019\/06\/Blog-ENDECS.jpg\",\"contentUrl\":\"https:\/\/blogs.uninter.edu.mx\/ENDECS\/wp-content\/uploads\/2019\/06\/Blog-ENDECS.jpg\",\"width\":1020,\"height\":317,\"caption\":\"ENDECS - UNINTER\"},\"image\":{\"@id\":\"https:\/\/blogs.uninter.edu.mx\/ENDECS\/#\/schema\/logo\/image\/\"}},{\"@type\":\"Person\",\"@id\":\"https:\/\/blogs.uninter.edu.mx\/ENDECS\/#\/schema\/person\/97ca43ad49f1da4098be6d057658e37d\",\"name\":\"Ldelvalle\",\"image\":{\"@type\":\"ImageObject\",\"inLanguage\":\"es\",\"@id\":\"https:\/\/blogs.uninter.edu.mx\/ENDECS\/#\/schema\/person\/image\/\",\"url\":\"https:\/\/secure.gravatar.com\/avatar\/499a46f05e3934f48bb5380318572e8a1b0351da9478f4c0d5976cf9bb96dbf3?s=96&d=mm&r=g\",\"contentUrl\":\"https:\/\/secure.gravatar.com\/avatar\/499a46f05e3934f48bb5380318572e8a1b0351da9478f4c0d5976cf9bb96dbf3?s=96&d=mm&r=g\",\"caption\":\"Ldelvalle\"},\"url\":\"https:\/\/blogs.uninter.edu.mx\/ENDECS\/index.php\/author\/ldelvalle\/\"}]}<\/script>\r\n<!-- \/ Yoast SEO plugin. -->","yoast_head_json":{"title":"\u00danete al viaje acad\u00e9mico a Nueva York con #Uninter - ENDECS","description":"No pierdas la oportunidad de conocer una de las ciudades m\u00e1s cosmopolitas. \u00danete al viaje acad\u00e9mico a Nueva York con la #ComuinidadUninter","robots":{"index":"index","follow":"follow","max-snippet":"max-snippet:-1","max-image-preview":"max-image-preview:large","max-video-preview":"max-video-preview:-1"},"canonical":"https:\/\/blogs.uninter.edu.mx\/ENDECS\/index.php\/2019\/07\/11\/unete-a-la-excursion-a-la-ciudad-de-nuevayork\/","og_locale":"es_MX","og_type":"article","og_title":"\u00danete al viaje acad\u00e9mico a Nueva York con #Uninter - ENDECS","og_description":"No pierdas la oportunidad de conocer una de las ciudades m\u00e1s cosmopolitas. \u00danete al viaje acad\u00e9mico a Nueva York con la #ComuinidadUninter","og_url":"https:\/\/blogs.uninter.edu.mx\/ENDECS\/index.php\/2019\/07\/11\/unete-a-la-excursion-a-la-ciudad-de-nuevayork\/","og_site_name":"ENDECS","article_published_time":"2019-07-11T23:00:34+00:00","article_modified_time":"2019-07-12T18:19:54+00:00","og_image":[{"width":1875,"height":1875,"url":"https:\/\/blogs.uninter.edu.mx\/ENDECS\/wp-content\/uploads\/2019\/07\/Postal-NUEVA-YORK_nueva.jpg","type":"image\/jpeg"}],"author":"Ldelvalle","twitter_card":"summary_large_image","twitter_misc":{"Escrito por":"Ldelvalle","Tiempo de lectura":"2 minutos"},"schema":{"@context":"https:\/\/schema.org","@graph":[{"@type":"Article","@id":"https:\/\/blogs.uninter.edu.mx\/ENDECS\/index.php\/2019\/07\/11\/unete-a-la-excursion-a-la-ciudad-de-nuevayork\/#article","isPartOf":{"@id":"https:\/\/blogs.uninter.edu.mx\/ENDECS\/index.php\/2019\/07\/11\/unete-a-la-excursion-a-la-ciudad-de-nuevayork\/"},"author":{"name":"Ldelvalle","@id":"https:\/\/blogs.uninter.edu.mx\/ENDECS\/#\/schema\/person\/97ca43ad49f1da4098be6d057658e37d"},"headline":"\u00danete al viaje acad\u00e9mico a Nueva York con #Uninter","datePublished":"2019-07-11T23:00:34+00:00","dateModified":"2019-07-12T18:19:54+00:00","mainEntityOfPage":{"@id":"https:\/\/blogs.uninter.edu.mx\/ENDECS\/index.php\/2019\/07\/11\/unete-a-la-excursion-a-la-ciudad-de-nuevayork\/"},"wordCount":375,"commentCount":0,"publisher":{"@id":"https:\/\/blogs.uninter.edu.mx\/ENDECS\/#organization"},"image":{"@id":"https:\/\/blogs.uninter.edu.mx\/ENDECS\/index.php\/2019\/07\/11\/unete-a-la-excursion-a-la-ciudad-de-nuevayork\/#primaryimage"},"thumbnailUrl":"https:\/\/blogs.uninter.edu.mx\/ENDECS\/wp-content\/uploads\/2019\/07\/Postal-NUEVA-YORK_nueva.jpg","keywords":["Cultura","ENDECS","ExperienciasUninter","Finanzas","LAE","LEF","negocios","NUEVA YORK","Universidad Internacional","Viaje NYC"],"articleSection":["ENDECS"],"inLanguage":"es","potentialAction":[{"@type":"CommentAction","name":"Comment","target":["https:\/\/blogs.uninter.edu.mx\/ENDECS\/index.php\/2019\/07\/11\/unete-a-la-excursion-a-la-ciudad-de-nuevayork\/#respond"]}]},{"@type":"WebPage","@id":"https:\/\/blogs.uninter.edu.mx\/ENDECS\/index.php\/2019\/07\/11\/unete-a-la-excursion-a-la-ciudad-de-nuevayork\/","url":"https:\/\/blogs.uninter.edu.mx\/ENDECS\/index.php\/2019\/07\/11\/unete-a-la-excursion-a-la-ciudad-de-nuevayork\/","name":"\u00danete al viaje acad\u00e9mico a Nueva York con #Uninter - ENDECS","isPartOf":{"@id":"https:\/\/blogs.uninter.edu.mx\/ENDECS\/#website"},"primaryImageOfPage":{"@id":"https:\/\/blogs.uninter.edu.mx\/ENDECS\/index.php\/2019\/07\/11\/unete-a-la-excursion-a-la-ciudad-de-nuevayork\/#primaryimage"},"image":{"@id":"https:\/\/blogs.uninter.edu.mx\/ENDECS\/index.php\/2019\/07\/11\/unete-a-la-excursion-a-la-ciudad-de-nuevayork\/#primaryimage"},"thumbnailUrl":"https:\/\/blogs.uninter.edu.mx\/ENDECS\/wp-content\/uploads\/2019\/07\/Postal-NUEVA-YORK_nueva.jpg","datePublished":"2019-07-11T23:00:34+00:00","dateModified":"2019-07-12T18:19:54+00:00","description":"No pierdas la oportunidad de conocer una de las ciudades m\u00e1s cosmopolitas. \u00danete al viaje acad\u00e9mico a Nueva York con la #ComuinidadUninter","breadcrumb":{"@id":"https:\/\/blogs.uninter.edu.mx\/ENDECS\/index.php\/2019\/07\/11\/unete-a-la-excursion-a-la-ciudad-de-nuevayork\/#breadcrumb"},"inLanguage":"es","potentialAction":[{"@type":"ReadAction","target":["https:\/\/blogs.uninter.edu.mx\/ENDECS\/index.php\/2019\/07\/11\/unete-a-la-excursion-a-la-ciudad-de-nuevayork\/"]}]},{"@type":"ImageObject","inLanguage":"es","@id":"https:\/\/blogs.uninter.edu.mx\/ENDECS\/index.php\/2019\/07\/11\/unete-a-la-excursion-a-la-ciudad-de-nuevayork\/#primaryimage","url":"https:\/\/blogs.uninter.edu.mx\/ENDECS\/wp-content\/uploads\/2019\/07\/Postal-NUEVA-YORK_nueva.jpg","contentUrl":"https:\/\/blogs.uninter.edu.mx\/ENDECS\/wp-content\/uploads\/2019\/07\/Postal-NUEVA-YORK_nueva.jpg","width":1875,"height":1875,"caption":"Viaje acad\u00e9mico a NYC con Uninter"},{"@type":"BreadcrumbList","@id":"https:\/\/blogs.uninter.edu.mx\/ENDECS\/index.php\/2019\/07\/11\/unete-a-la-excursion-a-la-ciudad-de-nuevayork\/#breadcrumb","itemListElement":[{"@type":"ListItem","position":1,"name":"Inicio","item":"https:\/\/blogs.uninter.edu.mx\/ENDECS\/"},{"@type":"ListItem","position":2,"name":"\u00danete al viaje acad\u00e9mico a Nueva York con #Uninter"}]},{"@type":"WebSite","@id":"https:\/\/blogs.uninter.edu.mx\/ENDECS\/#website","url":"https:\/\/blogs.uninter.edu.mx\/ENDECS\/","name":"ENDECS","description":"Escuela de Negocios Derecho y Ciencias Sociales","publisher":{"@id":"https:\/\/blogs.uninter.edu.mx\/ENDECS\/#organization"},"potentialAction":[{"@type":"SearchAction","target":{"@type":"EntryPoint","urlTemplate":"https:\/\/blogs.uninter.edu.mx\/ENDECS\/?s={search_term_string}"},"query-input":{"@type":"PropertyValueSpecification","valueRequired":true,"valueName":"search_term_string"}}],"inLanguage":"es"},{"@type":"Organization","@id":"https:\/\/blogs.uninter.edu.mx\/ENDECS\/#organization","name":"ENDECS - UNINTER","url":"https:\/\/blogs.uninter.edu.mx\/ENDECS\/","logo":{"@type":"ImageObject","inLanguage":"es","@id":"https:\/\/blogs.uninter.edu.mx\/ENDECS\/#\/schema\/logo\/image\/","url":"https:\/\/blogs.uninter.edu.mx\/ENDECS\/wp-content\/uploads\/2019\/06\/Blog-ENDECS.jpg","contentUrl":"https:\/\/blogs.uninter.edu.mx\/ENDECS\/wp-content\/uploads\/2019\/06\/Blog-ENDECS.jpg","width":1020,"height":317,"caption":"ENDECS - UNINTER"},"image":{"@id":"https:\/\/blogs.uninter.edu.mx\/ENDECS\/#\/schema\/logo\/image\/"}},{"@type":"Person","@id":"https:\/\/blogs.uninter.edu.mx\/ENDECS\/#\/schema\/person\/97ca43ad49f1da4098be6d057658e37d","name":"Ldelvalle","image":{"@type":"ImageObject","inLanguage":"es","@id":"https:\/\/blogs.uninter.edu.mx\/ENDECS\/#\/schema\/person\/image\/","url":"https:\/\/secure.gravatar.com\/avatar\/499a46f05e3934f48bb5380318572e8a1b0351da9478f4c0d5976cf9bb96dbf3?s=96&d=mm&r=g","contentUrl":"https:\/\/secure.gravatar.com\/avatar\/499a46f05e3934f48bb5380318572e8a1b0351da9478f4c0d5976cf9bb96dbf3?s=96&d=mm&r=g","caption":"Ldelvalle"},"url":"https:\/\/blogs.uninter.edu.mx\/ENDECS\/index.php\/author\/ldelvalle\/"}]}},"jetpack_publicize_connections":[],"jetpack_featured_media_url":"https:\/\/blogs.uninter.edu.mx\/ENDECS\/wp-content\/uploads\/2019\/07\/Postal-NUEVA-YORK_nueva.jpg","jetpack_sharing_enabled":true,"_links":{"self":[{"href":"https:\/\/blogs.uninter.edu.mx\/ENDECS\/index.php\/wp-json\/wp\/v2\/posts\/566","targetHints":{"allow":["GET"]}}],"collection":[{"href":"https:\/\/blogs.uninter.edu.mx\/ENDECS\/index.php\/wp-json\/wp\/v2\/posts"}],"about":[{"href":"https:\/\/blogs.uninter.edu.mx\/ENDECS\/index.php\/wp-json\/wp\/v2\/types\/post"}],"author":[{"embeddable":true,"href":"https:\/\/blogs.uninter.edu.mx\/ENDECS\/index.php\/wp-json\/wp\/v2\/users\/10"}],"replies":[{"embeddable":true,"href":"https:\/\/blogs.uninter.edu.mx\/ENDECS\/index.php\/wp-json\/wp\/v2\/comments?post=566"}],"version-history":[{"count":5,"href":"https:\/\/blogs.uninter.edu.mx\/ENDECS\/index.php\/wp-json\/wp\/v2\/posts\/566\/revisions"}],"predecessor-version":[{"id":613,"href":"https:\/\/blogs.uninter.edu.mx\/ENDECS\/index.php\/wp-json\/wp\/v2\/posts\/566\/revisions\/613"}],"wp:featuredmedia":[{"embeddable":true,"href":"https:\/\/blogs.uninter.edu.mx\/ENDECS\/index.php\/wp-json\/wp\/v2\/media\/610"}],"wp:attachment":[{"href":"https:\/\/blogs.uninter.edu.mx\/ENDECS\/index.php\/wp-json\/wp\/v2\/media?parent=566"}],"wp:term":[{"taxonomy":"category","embeddable":true,"href":"https:\/\/blogs.uninter.edu.mx\/ENDECS\/index.php\/wp-json\/wp\/v2\/categories?post=566"},{"taxonomy":"post_tag","embeddable":true,"href":"https:\/\/blogs.uninter.edu.mx\/ENDECS\/index.php\/wp-json\/wp\/v2\/tags?post=566"}],"curies":[{"name":"wp","href":"https:\/\/api.w.org\/{rel}","templated":true}]}}