{"id":7242,"date":"2022-06-09T17:11:39","date_gmt":"2022-06-09T22:11:39","guid":{"rendered":"https:\/\/blogs.uninter.edu.mx\/ENDECS\/?p=7242"},"modified":"2022-06-09T17:11:45","modified_gmt":"2022-06-09T22:11:45","slug":"panorama-de-recursos-humanos-en-las-empresas-ante-el-covid-19","status":"publish","type":"post","link":"https:\/\/blogs.uninter.edu.mx\/ENDECS\/index.php\/2022\/06\/09\/panorama-de-recursos-humanos-en-las-empresas-ante-el-covid-19\/","title":{"rendered":"PANORAMA DE RECURSOS HUMANOS EN LAS EMPRESAS ANTE EL COVID-19"},"content":{"rendered":"\n<p>ALUMNAS: DOM\u00cdNGUEZ M\u00c9RIDA ROSA ISELA OHTOMO HERN\u00c1NDEZ STEPHANY YOSHIE<\/p>\n\n\n\n<p><br>Las empresas a nivel mundial se est\u00e1n esforzando por sobrevivir y por gestionar la seguridad f\u00edsica, psicol\u00f3gica y financiera de sus colaboradores. El Covid-19, est\u00e1 poniendo a prueba la infraestructura de las empresas para dar a sus empleados la seguridad que requieren. <\/p>\n\n\n\n<p>En M\u00e9xico, desde marzo del a\u00f1o en curso, fecha en que el Gobierno Federal a trav\u00e9s de la Secretar\u00eda de Salud, estableci\u00f3 medidas de control y mitigaci\u00f3n de la citada enfermedad dividiendo a las actividades comerciales entre esenciales y no esenciales, por lo que las organizaciones y empresas debieron, enviar a resguardo a su recurso humano y trabajar remotamente, respectivamente, muchas de ellas sin las herramientas necesarias.<\/p>\n\n\n\n<p>\u00a0En\u00a0 este\u00a0 contexto,\u00a0 el\u00a0 \u00e1rea\u00a0 de\u00a0 Recursos\u00a0 Humanos de\u00a0 las\u00a0 empresas\u00a0 se\u00a0 convierte\u00a0 en\u00a0 un\u00a0 aliado estrat\u00e9gico para hacer frente a la situaci\u00f3n, vali\u00e9ndose de herramientas de trabajo a distancia \u201ceste virus nos ha forzado a crear una nueva din\u00e1mica social en muchos sentidos y las empresas no est\u00e1n exentas de ello\u201d. (Salcedo, 2020)<\/p>\n\n\n\n<div class=\"wp-block-image\"><figure class=\"aligncenter is-resized\"><img loading=\"lazy\" decoding=\"async\" src=\"https:\/\/factorcapitalhumano.com\/wp-content\/uploads\/2020\/07\/portada-tedencias-de-capital-humano-2020-deloitte.jpg\" alt=\"Reinvenci\u00f3n de Recursos Humanos, clave para el mundo laboral post pandemia  - Factor Capital Humano\" width=\"410\" height=\"280\" \/><\/figure><\/div>\n\n\n\n<p class=\"has-text-align-center\"><a href=\"https:\/\/posgrados.uninter.edu.mx\/#\">https:\/\/posgrados.uninter.edu.mx\/#<\/a><\/p>\n","protected":false},"excerpt":{"rendered":"<p>ALUMNAS: DOM\u00cdNGUEZ M\u00c9RIDA ROSA ISELA OHTOMO HERN\u00c1NDEZ STEPHANY YOSHIE Las empresas a nivel mundial se est\u00e1n esforzando por sobrevivir y por gestionar la seguridad f\u00edsica, psicol\u00f3gica y financiera de sus colaboradores. El Covid-19, est\u00e1 poniendo a prueba la infraestructura de las empresas para dar a sus empleados la seguridad que requieren. En M\u00e9xico, desde marzo&hellip;<\/p>\n","protected":false},"author":6,"featured_media":0,"comment_status":"open","ping_status":"open","sticky":false,"template":"","format":"standard","meta":{"_jetpack_memberships_contains_paid_content":false,"footnotes":"","jetpack_publicize_message":"","jetpack_publicize_feature_enabled":true,"jetpack_social_post_already_shared":true,"jetpack_social_options":{"image_generator_settings":{"template":"highway","default_image_id":0,"font":"","enabled":false},"version":2}},"categories":[1],"tags":[],"class_list":["post-7242","post","type-post","status-publish","format-standard","hentry","category-endecs"],"yoast_head":"<!-- This site is optimized with the Yoast SEO plugin v26.0 - https:\/\/yoast.com\/wordpress\/plugins\/seo\/ -->\r\n<title>LAS EMPRESAS ANTE EL COVID-19<\/title>\r\n<meta name=\"description\" content=\"PANORAMA DE RECURSOS HUMANOS EN LAS EMPRESAS ANTE EL COVID-19, est\u00e1 poniendo a prueba la infraestructura de las empresas\" \/>\r\n<meta name=\"robots\" content=\"index, follow, max-snippet:-1, max-image-preview:large, max-video-preview:-1\" \/>\r\n<link rel=\"canonical\" href=\"https:\/\/blogs.uninter.edu.mx\/ENDECS\/index.php\/2022\/06\/09\/panorama-de-recursos-humanos-en-las-empresas-ante-el-covid-19\/\" \/>\r\n<meta property=\"og:locale\" content=\"es_MX\" \/>\r\n<meta property=\"og:type\" content=\"article\" \/>\r\n<meta property=\"og:title\" content=\"LAS EMPRESAS ANTE EL COVID-19\" \/>\r\n<meta property=\"og:description\" content=\"PANORAMA DE RECURSOS HUMANOS EN LAS EMPRESAS ANTE EL COVID-19, est\u00e1 poniendo a prueba la infraestructura de las empresas\" \/>\r\n<meta property=\"og:url\" content=\"https:\/\/blogs.uninter.edu.mx\/ENDECS\/index.php\/2022\/06\/09\/panorama-de-recursos-humanos-en-las-empresas-ante-el-covid-19\/\" \/>\r\n<meta property=\"og:site_name\" content=\"ENDECS\" \/>\r\n<meta property=\"article:published_time\" content=\"2022-06-09T22:11:39+00:00\" \/>\r\n<meta property=\"article:modified_time\" content=\"2022-06-09T22:11:45+00:00\" \/>\r\n<meta property=\"og:image\" content=\"https:\/\/factorcapitalhumano.com\/wp-content\/uploads\/2020\/07\/portada-tedencias-de-capital-humano-2020-deloitte.jpg\" \/>\r\n<meta name=\"author\" content=\"Lorena Garc\u00eda Tello\" \/>\r\n<meta name=\"twitter:card\" content=\"summary_large_image\" \/>\r\n<meta name=\"twitter:label1\" content=\"Escrito por\" \/>\n\t<meta name=\"twitter:data1\" content=\"Lorena Garc\u00eda Tello\" \/>\n\t<meta name=\"twitter:label2\" content=\"Tiempo de lectura\" \/>\n\t<meta name=\"twitter:data2\" content=\"1 minuto\" \/>\r\n<script type=\"application\/ld+json\" class=\"yoast-schema-graph\">{\"@context\":\"https:\/\/schema.org\",\"@graph\":[{\"@type\":\"Article\",\"@id\":\"https:\/\/blogs.uninter.edu.mx\/ENDECS\/index.php\/2022\/06\/09\/panorama-de-recursos-humanos-en-las-empresas-ante-el-covid-19\/#article\",\"isPartOf\":{\"@id\":\"https:\/\/blogs.uninter.edu.mx\/ENDECS\/index.php\/2022\/06\/09\/panorama-de-recursos-humanos-en-las-empresas-ante-el-covid-19\/\"},\"author\":{\"name\":\"Lorena Garc\u00eda Tello\",\"@id\":\"https:\/\/blogs.uninter.edu.mx\/ENDECS\/#\/schema\/person\/1e19ad0e1eabd6fcf17335894ce1ddc5\"},\"headline\":\"PANORAMA DE RECURSOS HUMANOS EN LAS EMPRESAS ANTE EL COVID-19\",\"datePublished\":\"2022-06-09T22:11:39+00:00\",\"dateModified\":\"2022-06-09T22:11:45+00:00\",\"mainEntityOfPage\":{\"@id\":\"https:\/\/blogs.uninter.edu.mx\/ENDECS\/index.php\/2022\/06\/09\/panorama-de-recursos-humanos-en-las-empresas-ante-el-covid-19\/\"},\"wordCount\":202,\"commentCount\":0,\"publisher\":{\"@id\":\"https:\/\/blogs.uninter.edu.mx\/ENDECS\/#organization\"},\"image\":{\"@id\":\"https:\/\/blogs.uninter.edu.mx\/ENDECS\/index.php\/2022\/06\/09\/panorama-de-recursos-humanos-en-las-empresas-ante-el-covid-19\/#primaryimage\"},\"thumbnailUrl\":\"https:\/\/factorcapitalhumano.com\/wp-content\/uploads\/2020\/07\/portada-tedencias-de-capital-humano-2020-deloitte.jpg\",\"articleSection\":[\"ENDECS\"],\"inLanguage\":\"es\",\"potentialAction\":[{\"@type\":\"CommentAction\",\"name\":\"Comment\",\"target\":[\"https:\/\/blogs.uninter.edu.mx\/ENDECS\/index.php\/2022\/06\/09\/panorama-de-recursos-humanos-en-las-empresas-ante-el-covid-19\/#respond\"]}]},{\"@type\":\"WebPage\",\"@id\":\"https:\/\/blogs.uninter.edu.mx\/ENDECS\/index.php\/2022\/06\/09\/panorama-de-recursos-humanos-en-las-empresas-ante-el-covid-19\/\",\"url\":\"https:\/\/blogs.uninter.edu.mx\/ENDECS\/index.php\/2022\/06\/09\/panorama-de-recursos-humanos-en-las-empresas-ante-el-covid-19\/\",\"name\":\"LAS EMPRESAS ANTE EL COVID-19\",\"isPartOf\":{\"@id\":\"https:\/\/blogs.uninter.edu.mx\/ENDECS\/#website\"},\"primaryImageOfPage\":{\"@id\":\"https:\/\/blogs.uninter.edu.mx\/ENDECS\/index.php\/2022\/06\/09\/panorama-de-recursos-humanos-en-las-empresas-ante-el-covid-19\/#primaryimage\"},\"image\":{\"@id\":\"https:\/\/blogs.uninter.edu.mx\/ENDECS\/index.php\/2022\/06\/09\/panorama-de-recursos-humanos-en-las-empresas-ante-el-covid-19\/#primaryimage\"},\"thumbnailUrl\":\"https:\/\/factorcapitalhumano.com\/wp-content\/uploads\/2020\/07\/portada-tedencias-de-capital-humano-2020-deloitte.jpg\",\"datePublished\":\"2022-06-09T22:11:39+00:00\",\"dateModified\":\"2022-06-09T22:11:45+00:00\",\"description\":\"PANORAMA DE RECURSOS HUMANOS EN LAS EMPRESAS ANTE EL COVID-19, est\u00e1 poniendo a prueba la infraestructura de las empresas\",\"breadcrumb\":{\"@id\":\"https:\/\/blogs.uninter.edu.mx\/ENDECS\/index.php\/2022\/06\/09\/panorama-de-recursos-humanos-en-las-empresas-ante-el-covid-19\/#breadcrumb\"},\"inLanguage\":\"es\",\"potentialAction\":[{\"@type\":\"ReadAction\",\"target\":[\"https:\/\/blogs.uninter.edu.mx\/ENDECS\/index.php\/2022\/06\/09\/panorama-de-recursos-humanos-en-las-empresas-ante-el-covid-19\/\"]}]},{\"@type\":\"ImageObject\",\"inLanguage\":\"es\",\"@id\":\"https:\/\/blogs.uninter.edu.mx\/ENDECS\/index.php\/2022\/06\/09\/panorama-de-recursos-humanos-en-las-empresas-ante-el-covid-19\/#primaryimage\",\"url\":\"https:\/\/factorcapitalhumano.com\/wp-content\/uploads\/2020\/07\/portada-tedencias-de-capital-humano-2020-deloitte.jpg\",\"contentUrl\":\"https:\/\/factorcapitalhumano.com\/wp-content\/uploads\/2020\/07\/portada-tedencias-de-capital-humano-2020-deloitte.jpg\"},{\"@type\":\"BreadcrumbList\",\"@id\":\"https:\/\/blogs.uninter.edu.mx\/ENDECS\/index.php\/2022\/06\/09\/panorama-de-recursos-humanos-en-las-empresas-ante-el-covid-19\/#breadcrumb\",\"itemListElement\":[{\"@type\":\"ListItem\",\"position\":1,\"name\":\"Inicio\",\"item\":\"https:\/\/blogs.uninter.edu.mx\/ENDECS\/\"},{\"@type\":\"ListItem\",\"position\":2,\"name\":\"PANORAMA DE RECURSOS HUMANOS EN LAS EMPRESAS ANTE EL COVID-19\"}]},{\"@type\":\"WebSite\",\"@id\":\"https:\/\/blogs.uninter.edu.mx\/ENDECS\/#website\",\"url\":\"https:\/\/blogs.uninter.edu.mx\/ENDECS\/\",\"name\":\"ENDECS\",\"description\":\"Escuela de Negocios Derecho y Ciencias Sociales\",\"publisher\":{\"@id\":\"https:\/\/blogs.uninter.edu.mx\/ENDECS\/#organization\"},\"potentialAction\":[{\"@type\":\"SearchAction\",\"target\":{\"@type\":\"EntryPoint\",\"urlTemplate\":\"https:\/\/blogs.uninter.edu.mx\/ENDECS\/?s={search_term_string}\"},\"query-input\":{\"@type\":\"PropertyValueSpecification\",\"valueRequired\":true,\"valueName\":\"search_term_string\"}}],\"inLanguage\":\"es\"},{\"@type\":\"Organization\",\"@id\":\"https:\/\/blogs.uninter.edu.mx\/ENDECS\/#organization\",\"name\":\"ENDECS - UNINTER\",\"url\":\"https:\/\/blogs.uninter.edu.mx\/ENDECS\/\",\"logo\":{\"@type\":\"ImageObject\",\"inLanguage\":\"es\",\"@id\":\"https:\/\/blogs.uninter.edu.mx\/ENDECS\/#\/schema\/logo\/image\/\",\"url\":\"https:\/\/blogs.uninter.edu.mx\/ENDECS\/wp-content\/uploads\/2019\/06\/Blog-ENDECS.jpg\",\"contentUrl\":\"https:\/\/blogs.uninter.edu.mx\/ENDECS\/wp-content\/uploads\/2019\/06\/Blog-ENDECS.jpg\",\"width\":1020,\"height\":317,\"caption\":\"ENDECS - UNINTER\"},\"image\":{\"@id\":\"https:\/\/blogs.uninter.edu.mx\/ENDECS\/#\/schema\/logo\/image\/\"}},{\"@type\":\"Person\",\"@id\":\"https:\/\/blogs.uninter.edu.mx\/ENDECS\/#\/schema\/person\/1e19ad0e1eabd6fcf17335894ce1ddc5\",\"name\":\"Lorena Garc\u00eda Tello\",\"image\":{\"@type\":\"ImageObject\",\"inLanguage\":\"es\",\"@id\":\"https:\/\/blogs.uninter.edu.mx\/ENDECS\/#\/schema\/person\/image\/\",\"url\":\"https:\/\/secure.gravatar.com\/avatar\/69641966dccb08657904a6387458680b7a5d7badb281200a91ec531cece0c4d3?s=96&d=mm&r=g\",\"contentUrl\":\"https:\/\/secure.gravatar.com\/avatar\/69641966dccb08657904a6387458680b7a5d7badb281200a91ec531cece0c4d3?s=96&d=mm&r=g\",\"caption\":\"Lorena Garc\u00eda Tello\"},\"url\":\"https:\/\/blogs.uninter.edu.mx\/ENDECS\/index.php\/author\/lgarcia\/\"}]}<\/script>\r\n<!-- \/ Yoast SEO plugin. -->","yoast_head_json":{"title":"LAS EMPRESAS ANTE EL COVID-19","description":"PANORAMA DE RECURSOS HUMANOS EN LAS EMPRESAS ANTE EL COVID-19, est\u00e1 poniendo a prueba la infraestructura de las empresas","robots":{"index":"index","follow":"follow","max-snippet":"max-snippet:-1","max-image-preview":"max-image-preview:large","max-video-preview":"max-video-preview:-1"},"canonical":"https:\/\/blogs.uninter.edu.mx\/ENDECS\/index.php\/2022\/06\/09\/panorama-de-recursos-humanos-en-las-empresas-ante-el-covid-19\/","og_locale":"es_MX","og_type":"article","og_title":"LAS EMPRESAS ANTE EL COVID-19","og_description":"PANORAMA DE RECURSOS HUMANOS EN LAS EMPRESAS ANTE EL COVID-19, est\u00e1 poniendo a prueba la infraestructura de las empresas","og_url":"https:\/\/blogs.uninter.edu.mx\/ENDECS\/index.php\/2022\/06\/09\/panorama-de-recursos-humanos-en-las-empresas-ante-el-covid-19\/","og_site_name":"ENDECS","article_published_time":"2022-06-09T22:11:39+00:00","article_modified_time":"2022-06-09T22:11:45+00:00","og_image":[{"url":"https:\/\/factorcapitalhumano.com\/wp-content\/uploads\/2020\/07\/portada-tedencias-de-capital-humano-2020-deloitte.jpg","type":"","width":"","height":""}],"author":"Lorena Garc\u00eda Tello","twitter_card":"summary_large_image","twitter_misc":{"Escrito por":"Lorena Garc\u00eda Tello","Tiempo de lectura":"1 minuto"},"schema":{"@context":"https:\/\/schema.org","@graph":[{"@type":"Article","@id":"https:\/\/blogs.uninter.edu.mx\/ENDECS\/index.php\/2022\/06\/09\/panorama-de-recursos-humanos-en-las-empresas-ante-el-covid-19\/#article","isPartOf":{"@id":"https:\/\/blogs.uninter.edu.mx\/ENDECS\/index.php\/2022\/06\/09\/panorama-de-recursos-humanos-en-las-empresas-ante-el-covid-19\/"},"author":{"name":"Lorena Garc\u00eda Tello","@id":"https:\/\/blogs.uninter.edu.mx\/ENDECS\/#\/schema\/person\/1e19ad0e1eabd6fcf17335894ce1ddc5"},"headline":"PANORAMA DE RECURSOS HUMANOS EN LAS EMPRESAS ANTE EL COVID-19","datePublished":"2022-06-09T22:11:39+00:00","dateModified":"2022-06-09T22:11:45+00:00","mainEntityOfPage":{"@id":"https:\/\/blogs.uninter.edu.mx\/ENDECS\/index.php\/2022\/06\/09\/panorama-de-recursos-humanos-en-las-empresas-ante-el-covid-19\/"},"wordCount":202,"commentCount":0,"publisher":{"@id":"https:\/\/blogs.uninter.edu.mx\/ENDECS\/#organization"},"image":{"@id":"https:\/\/blogs.uninter.edu.mx\/ENDECS\/index.php\/2022\/06\/09\/panorama-de-recursos-humanos-en-las-empresas-ante-el-covid-19\/#primaryimage"},"thumbnailUrl":"https:\/\/factorcapitalhumano.com\/wp-content\/uploads\/2020\/07\/portada-tedencias-de-capital-humano-2020-deloitte.jpg","articleSection":["ENDECS"],"inLanguage":"es","potentialAction":[{"@type":"CommentAction","name":"Comment","target":["https:\/\/blogs.uninter.edu.mx\/ENDECS\/index.php\/2022\/06\/09\/panorama-de-recursos-humanos-en-las-empresas-ante-el-covid-19\/#respond"]}]},{"@type":"WebPage","@id":"https:\/\/blogs.uninter.edu.mx\/ENDECS\/index.php\/2022\/06\/09\/panorama-de-recursos-humanos-en-las-empresas-ante-el-covid-19\/","url":"https:\/\/blogs.uninter.edu.mx\/ENDECS\/index.php\/2022\/06\/09\/panorama-de-recursos-humanos-en-las-empresas-ante-el-covid-19\/","name":"LAS EMPRESAS ANTE EL COVID-19","isPartOf":{"@id":"https:\/\/blogs.uninter.edu.mx\/ENDECS\/#website"},"primaryImageOfPage":{"@id":"https:\/\/blogs.uninter.edu.mx\/ENDECS\/index.php\/2022\/06\/09\/panorama-de-recursos-humanos-en-las-empresas-ante-el-covid-19\/#primaryimage"},"image":{"@id":"https:\/\/blogs.uninter.edu.mx\/ENDECS\/index.php\/2022\/06\/09\/panorama-de-recursos-humanos-en-las-empresas-ante-el-covid-19\/#primaryimage"},"thumbnailUrl":"https:\/\/factorcapitalhumano.com\/wp-content\/uploads\/2020\/07\/portada-tedencias-de-capital-humano-2020-deloitte.jpg","datePublished":"2022-06-09T22:11:39+00:00","dateModified":"2022-06-09T22:11:45+00:00","description":"PANORAMA DE RECURSOS HUMANOS EN LAS EMPRESAS ANTE EL COVID-19, est\u00e1 poniendo a prueba la infraestructura de las empresas","breadcrumb":{"@id":"https:\/\/blogs.uninter.edu.mx\/ENDECS\/index.php\/2022\/06\/09\/panorama-de-recursos-humanos-en-las-empresas-ante-el-covid-19\/#breadcrumb"},"inLanguage":"es","potentialAction":[{"@type":"ReadAction","target":["https:\/\/blogs.uninter.edu.mx\/ENDECS\/index.php\/2022\/06\/09\/panorama-de-recursos-humanos-en-las-empresas-ante-el-covid-19\/"]}]},{"@type":"ImageObject","inLanguage":"es","@id":"https:\/\/blogs.uninter.edu.mx\/ENDECS\/index.php\/2022\/06\/09\/panorama-de-recursos-humanos-en-las-empresas-ante-el-covid-19\/#primaryimage","url":"https:\/\/factorcapitalhumano.com\/wp-content\/uploads\/2020\/07\/portada-tedencias-de-capital-humano-2020-deloitte.jpg","contentUrl":"https:\/\/factorcapitalhumano.com\/wp-content\/uploads\/2020\/07\/portada-tedencias-de-capital-humano-2020-deloitte.jpg"},{"@type":"BreadcrumbList","@id":"https:\/\/blogs.uninter.edu.mx\/ENDECS\/index.php\/2022\/06\/09\/panorama-de-recursos-humanos-en-las-empresas-ante-el-covid-19\/#breadcrumb","itemListElement":[{"@type":"ListItem","position":1,"name":"Inicio","item":"https:\/\/blogs.uninter.edu.mx\/ENDECS\/"},{"@type":"ListItem","position":2,"name":"PANORAMA DE RECURSOS HUMANOS EN LAS EMPRESAS ANTE EL COVID-19"}]},{"@type":"WebSite","@id":"https:\/\/blogs.uninter.edu.mx\/ENDECS\/#website","url":"https:\/\/blogs.uninter.edu.mx\/ENDECS\/","name":"ENDECS","description":"Escuela de Negocios Derecho y Ciencias Sociales","publisher":{"@id":"https:\/\/blogs.uninter.edu.mx\/ENDECS\/#organization"},"potentialAction":[{"@type":"SearchAction","target":{"@type":"EntryPoint","urlTemplate":"https:\/\/blogs.uninter.edu.mx\/ENDECS\/?s={search_term_string}"},"query-input":{"@type":"PropertyValueSpecification","valueRequired":true,"valueName":"search_term_string"}}],"inLanguage":"es"},{"@type":"Organization","@id":"https:\/\/blogs.uninter.edu.mx\/ENDECS\/#organization","name":"ENDECS - UNINTER","url":"https:\/\/blogs.uninter.edu.mx\/ENDECS\/","logo":{"@type":"ImageObject","inLanguage":"es","@id":"https:\/\/blogs.uninter.edu.mx\/ENDECS\/#\/schema\/logo\/image\/","url":"https:\/\/blogs.uninter.edu.mx\/ENDECS\/wp-content\/uploads\/2019\/06\/Blog-ENDECS.jpg","contentUrl":"https:\/\/blogs.uninter.edu.mx\/ENDECS\/wp-content\/uploads\/2019\/06\/Blog-ENDECS.jpg","width":1020,"height":317,"caption":"ENDECS - UNINTER"},"image":{"@id":"https:\/\/blogs.uninter.edu.mx\/ENDECS\/#\/schema\/logo\/image\/"}},{"@type":"Person","@id":"https:\/\/blogs.uninter.edu.mx\/ENDECS\/#\/schema\/person\/1e19ad0e1eabd6fcf17335894ce1ddc5","name":"Lorena Garc\u00eda Tello","image":{"@type":"ImageObject","inLanguage":"es","@id":"https:\/\/blogs.uninter.edu.mx\/ENDECS\/#\/schema\/person\/image\/","url":"https:\/\/secure.gravatar.com\/avatar\/69641966dccb08657904a6387458680b7a5d7badb281200a91ec531cece0c4d3?s=96&d=mm&r=g","contentUrl":"https:\/\/secure.gravatar.com\/avatar\/69641966dccb08657904a6387458680b7a5d7badb281200a91ec531cece0c4d3?s=96&d=mm&r=g","caption":"Lorena Garc\u00eda Tello"},"url":"https:\/\/blogs.uninter.edu.mx\/ENDECS\/index.php\/author\/lgarcia\/"}]}},"jetpack_publicize_connections":[],"jetpack_featured_media_url":"","jetpack_sharing_enabled":true,"_links":{"self":[{"href":"https:\/\/blogs.uninter.edu.mx\/ENDECS\/index.php\/wp-json\/wp\/v2\/posts\/7242","targetHints":{"allow":["GET"]}}],"collection":[{"href":"https:\/\/blogs.uninter.edu.mx\/ENDECS\/index.php\/wp-json\/wp\/v2\/posts"}],"about":[{"href":"https:\/\/blogs.uninter.edu.mx\/ENDECS\/index.php\/wp-json\/wp\/v2\/types\/post"}],"author":[{"embeddable":true,"href":"https:\/\/blogs.uninter.edu.mx\/ENDECS\/index.php\/wp-json\/wp\/v2\/users\/6"}],"replies":[{"embeddable":true,"href":"https:\/\/blogs.uninter.edu.mx\/ENDECS\/index.php\/wp-json\/wp\/v2\/comments?post=7242"}],"version-history":[{"count":4,"href":"https:\/\/blogs.uninter.edu.mx\/ENDECS\/index.php\/wp-json\/wp\/v2\/posts\/7242\/revisions"}],"predecessor-version":[{"id":7368,"href":"https:\/\/blogs.uninter.edu.mx\/ENDECS\/index.php\/wp-json\/wp\/v2\/posts\/7242\/revisions\/7368"}],"wp:attachment":[{"href":"https:\/\/blogs.uninter.edu.mx\/ENDECS\/index.php\/wp-json\/wp\/v2\/media?parent=7242"}],"wp:term":[{"taxonomy":"category","embeddable":true,"href":"https:\/\/blogs.uninter.edu.mx\/ENDECS\/index.php\/wp-json\/wp\/v2\/categories?post=7242"},{"taxonomy":"post_tag","embeddable":true,"href":"https:\/\/blogs.uninter.edu.mx\/ENDECS\/index.php\/wp-json\/wp\/v2\/tags?post=7242"}],"curies":[{"name":"wp","href":"https:\/\/api.w.org\/{rel}","templated":true}]}}