{"id":883,"date":"2019-09-09T17:00:53","date_gmt":"2019-09-09T22:00:53","guid":{"rendered":"https:\/\/blogs.uninter.edu.mx\/ENDECS\/?p=883"},"modified":"2023-07-07T10:41:53","modified_gmt":"2023-07-07T15:41:53","slug":"la-privacidad-en-la-redes-sociales","status":"publish","type":"post","link":"https:\/\/blogs.uninter.edu.mx\/ENDECS\/index.php\/2019\/09\/09\/la-privacidad-en-la-redes-sociales\/","title":{"rendered":"La privacidad en la era de la redes sociales por Katia Hern\u00e1ndez"},"content":{"rendered":"\n<hr class=\"wp-block-separator has-css-opacity\"\/>\n\n\n\n<p class=\"has-text-align-justify\">En la era en la que vivimos la tecnolog\u00eda ha logrado grandes avances, resaltando el enorme progreso en el \u00e1mbito de la comunicaci\u00f3n, ya que ahora se goza de poder mantener una conversaci\u00f3n por horas con una persona que se encuentra al otro lado del mundo. Por ejemplo, el 65.8% de los mexicanos (74.3 millones de personas de seis a\u00f1os en adelante) utiliza Internet. Las principales actividades son b\u00fasqueda de informaci\u00f3n, entretenimiento y redes sociales. (EXPANSI\u00d3N,2019)<\/p>\n\n\n\n<p class=\"has-text-align-justify\">Sin embargo, esta conectividad en la era de las redes sociales ha tenido  consecuencias,dado el uso de datos personales y por lo tanto la privacidad de las personas. <\/p>\n\n\n\n<h3 class=\"wp-block-heading\">Las redes sociales<\/h3>\n\n\n\n<p class=\"has-text-align-justify\">Las redes sociales son plataformas en las que las personas pueden interactuar y conocerse sin la necesidad de salir de casa. &nbsp;Con un simple clic una persona puede hacerse \u201camiga\u201d de otra y con esto permitirle entrar en su vida; a veces, solo conociendo de aquella persona su nombre de usuario y fotograf\u00eda.&nbsp; <\/p>\n\n\n\n<p class=\"has-text-align-justify\">Sin duda, las redes m\u00e1s populares actualmente son: Facebook, el gigante azul. Esta red social cuenta con m\u00e1s de 2.196 millones de usuarios activos cada mes. YouTube, que cuenta con la enorme cifra de m\u00e1s de 1.500 millones de usuarios activos mensualmente. WhatsApp con m\u00e1s de 1.300 millones de usuarios activos mensualmente. Instagram con m\u00e1s de 1.000 millones de usuarios. Y Twitter cuenta con m\u00e1s de 336 millones de personas que la utilizan mensualmente, inclusive el 92% de los l\u00edderes mundiales la utilizan. (RAM\u00d3NRAM\u00d3N, 2018)<\/p>\n\n\n<div class=\"wp-block-image\">\n<figure class=\"aligncenter\"><img loading=\"lazy\" decoding=\"async\" width=\"400\" height=\"246\" src=\"https:\/\/blogs.uninter.edu.mx\/ENDECS\/wp-content\/uploads\/2019\/09\/redes.png\" alt=\"\" class=\"wp-image-884\" srcset=\"https:\/\/blogs.uninter.edu.mx\/ENDECS\/wp-content\/uploads\/2019\/09\/redes.png 400w, https:\/\/blogs.uninter.edu.mx\/ENDECS\/wp-content\/uploads\/2019\/09\/redes-300x185.png 300w\" sizes=\"auto, (max-width: 400px) 100vw, 400px\" \/><figcaption class=\"wp-element-caption\"> Fuente: Mar\u00eda L\u00e1zaro, 2018 <\/figcaption><\/figure><\/div>\n\n\n<p class=\"has-text-align-justify\">El mundo esta tan conectado ahora que el escritor Frigyes Karinthy, quien en 1929, aseguraba que dos personas desconocidas estaban conectadas por una cadena de no m\u00e1s de cinco individuos. Ahora, investigadores de la Universidad Cornell y la Universit\u00e0 degli Studi di Milano encontraron que hab\u00eda una separaci\u00f3n de 3.74 personas con las plataformas de redes sociales. <\/p>\n\n\n\n<p class=\"has-text-align-justify\">\u201cAhora, con el doble de personas usando el sitio, nos hemos interconectado m\u00e1s, cerrando la distancia entre dos personas en cualquier parte del mundo\u201d, dicen los investigadores. Gracias a esto tener amigos en diferentes rincones del mundo, sin haberlo visto en persona, es algo muy com\u00fan hoy en d\u00eda <\/p>\n\n\n\n<figure class=\"wp-block-image\"><img loading=\"lazy\" decoding=\"async\" width=\"650\" height=\"340\" src=\"https:\/\/blogs.uninter.edu.mx\/ENDECS\/wp-content\/uploads\/2019\/09\/personas.png\" alt=\"\" class=\"wp-image-885\" srcset=\"https:\/\/blogs.uninter.edu.mx\/ENDECS\/wp-content\/uploads\/2019\/09\/personas.png 650w, https:\/\/blogs.uninter.edu.mx\/ENDECS\/wp-content\/uploads\/2019\/09\/personas-300x157.png 300w\" sizes=\"auto, (max-width: 650px) 100vw, 650px\" \/><figcaption class=\"wp-element-caption\"> Fuente: utilidad.com <\/figcaption><\/figure>\n\n\n\n<h3 class=\"wp-block-heading\">Uso de datos en redes sociales<\/h3>\n\n\n\n<p class=\"has-text-align-justify\">Sin embargo, estas redes piden cierta informaci\u00f3n de la persona que gusta registrarse incluyendo: domicilio, lugar de estudio o trabajo y otro tipo de datos con los cuales un individuo desconocido podr\u00eda acceder f\u00e1cilmente a tu vida. <\/p>\n\n\n\n<p class=\"has-text-align-justify\">Asimismo, se ha descubierto que la misma empresa utiliza el contenido que sus usuarios suben al internet, sobre todo sus fotograf\u00edas. Gracias al reconocimiento facial (muy de moda para desbloquear los m\u00f3viles inteligentes), la red social de Mark Zuckerberg sabe c\u00f3mo eres f\u00edsicamente, o al menos tiene una idea muy cercana. Por lo que, el contenido que subes tambi\u00e9n es importante. Las fotos cuentan tus viajes, tus amigos en la vida real, qu\u00e9 comes, si subes la imagen desde un iPhone o si, por el contrario, tienes una c\u00e1mara r\u00e9flex. Detr\u00e1s del documento hay una informaci\u00f3n, llamada \u00abmetadatos\u00bb, que le dice la hora, el minuto y el segundo exacto en el que el flash se dispar\u00f3, y probablemente tambi\u00e9n le informe con exactitud de en qu\u00e9 calle de, por ejemplo, Lisboa, fue tomada la instant\u00e1nea. Por supuesto, tambi\u00e9n lee tus comentarios. &nbsp;<\/p>\n\n\n<div class=\"wp-block-image\">\n<figure class=\"aligncenter\"><img loading=\"lazy\" decoding=\"async\" width=\"541\" height=\"449\" src=\"https:\/\/blogs.uninter.edu.mx\/ENDECS\/wp-content\/uploads\/2019\/09\/datos-personales.png\" alt=\"\" class=\"wp-image-886\" srcset=\"https:\/\/blogs.uninter.edu.mx\/ENDECS\/wp-content\/uploads\/2019\/09\/datos-personales.png 541w, https:\/\/blogs.uninter.edu.mx\/ENDECS\/wp-content\/uploads\/2019\/09\/datos-personales-300x249.png 300w\" sizes=\"auto, (max-width: 541px) 100vw, 541px\" \/><figcaption class=\"wp-element-caption\"> Fuente: TVUrbanNoticias.com.mx, 2019 <\/figcaption><\/figure><\/div>\n\n\n<p class=\"has-text-align-justify\">Un caso muy destacado es el de Edward Snowden, el exagente de la inteligencia de Estados Unidos que revel\u00f3 c\u00f3mo funcionaba el programa de espionaje de su pa\u00eds para vigilar las comunicaciones de millones de personas en todo el mundo, no solo a los l\u00edderes mundiales, tambi\u00e9n a ciudadanos que no deber\u00edan estar bajo sospecha. Adem\u00e1s, se ha hablado del espionaje a activistas y periodistas en M\u00e9xico.<\/p>\n\n\n\n<p><\/p>\n\n\n<div class=\"wp-block-image\">\n<figure class=\"aligncenter\"><img loading=\"lazy\" decoding=\"async\" width=\"720\" height=\"340\" src=\"https:\/\/blogs.uninter.edu.mx\/ENDECS\/wp-content\/uploads\/2019\/09\/datos-protecci\u00f3n.png\" alt=\"\" class=\"wp-image-887\" srcset=\"https:\/\/blogs.uninter.edu.mx\/ENDECS\/wp-content\/uploads\/2019\/09\/datos-protecci\u00f3n.png 720w, https:\/\/blogs.uninter.edu.mx\/ENDECS\/wp-content\/uploads\/2019\/09\/datos-protecci\u00f3n-300x142.png 300w\" sizes=\"auto, (max-width: 720px) 100vw, 720px\" \/><figcaption class=\"wp-element-caption\"> <br> Fuente: Alex Ram\u00edrez, 2018 <\/figcaption><\/figure><\/div>\n\n\n<h3 class=\"wp-block-heading\">C\u00f3mo cuidar nuestro datos personales<\/h3>\n\n\n\n<p class=\"has-text-align-justify\">\n\nAl observar la creciente din\u00e1mica de las tecnolog\u00edas de la informaci\u00f3n cualquier persona que tiene acceso a internet y utiliza las redes sociales, su vida no goza de tanta privacidad como la misma red le hace creer con su \u201csistema de seguridad\u201d. La misma empresa utiliza tu informaci\u00f3n para venderla a otra compa\u00f1\u00eda y facilitarle ofrecerte un producto o servicio. Por otro lado, tarde o temprano los usuarios acceder\u00e1n a los contenidos de otros y los compartir\u00e1n con todo aquel que pueda conectarse a la red, es por ello que las fotograf\u00edas de chicas llegan a sitios para adultos, pueden utilizar tu informaci\u00f3n para suplantar tu identidad, etc.\n\n<\/p>\n\n\n\n<p class=\"has-text-align-justify\">Ahora, \u00bflo que publicamos realmente solo lo ven las\npersonas que deseamos que lo vean? \u00bfPodemos borrar una fotograf\u00eda de internet y\nestar seguros que no volver\u00e1 a rondar por all\u00ed? \u00bfRealmente existe la privacidad\nen el mundo digital? La respuesta es no. Cuando una persona abre una cuenta en\nalguna de estas redes, tiene que estar consiente que su vida estar\u00e1 expuesta a\ntodos los extra\u00f1os de all\u00e1 afuera. <\/p>\n\n\n\n<p class=\"has-text-align-justify\">Por lo que, en el mundo actual es dif\u00edcil prescindir del internet, as\u00ed que lo que podemos hacer es: no proporcionar todos tus datos personales, tampoco los de ning\u00fan familiar o usuario: direcci\u00f3n, tel\u00e9fono, cuenta bancaria, etc. S\u00f3lo acepta solicitudes de amistad de gente que conoces, existen una gran cantidad de perfiles falsos. Define la privacidad de las fotos que subes. Comparte los \u00e1lbumes de fotos con los grupos adecuados, cuidando tambi\u00e9n el tipo de fotos que compartes. <\/p>\n\n\n\n<figure class=\"wp-block-embed aligncenter is-type-video is-provider-youtube wp-block-embed-youtube wp-embed-aspect-16-9 wp-has-aspect-ratio\"><div class=\"wp-block-embed__wrapper\">\n<iframe loading=\"lazy\" title=\"Cuidado de la imagen y la privacidad en celulares y redes sociales\" width=\"700\" height=\"394\" src=\"https:\/\/www.youtube.com\/embed\/qkDvoSqNkxc?feature=oembed\" frameborder=\"0\" allow=\"accelerometer; autoplay; clipboard-write; encrypted-media; gyroscope; picture-in-picture; web-share\" allowfullscreen><\/iframe>\n<\/div><\/figure>\n\n\n\n<p class=\"has-text-align-justify\">Estamos m\u00e1s conectados (y a la vez expuestos) de lo que imaginamos, as\u00ed que hay que pensarse m\u00e1s de dos veces lo que estamos a punto de compartirle al mundo.<\/p>\n\n\n<div class=\"wp-block-image\">\n<figure class=\"aligncenter\"><img loading=\"lazy\" decoding=\"async\" width=\"651\" height=\"400\" src=\"https:\/\/blogs.uninter.edu.mx\/ENDECS\/wp-content\/uploads\/2019\/09\/privacidad.png\" alt=\"\" class=\"wp-image-888\" srcset=\"https:\/\/blogs.uninter.edu.mx\/ENDECS\/wp-content\/uploads\/2019\/09\/privacidad.png 651w, https:\/\/blogs.uninter.edu.mx\/ENDECS\/wp-content\/uploads\/2019\/09\/privacidad-300x184.png 300w\" sizes=\"auto, (max-width: 651px) 100vw, 651px\" \/><figcaption class=\"wp-element-caption\">Fuente: Eluniversal.com.mx,2018 <\/figcaption><\/figure><\/div>\n\n\n<h3 class=\"wp-block-heading\">Bibliograf\u00eda<\/h3>\n\n\n\n<p>CNN Espa\u00f1ol. (15 de septiembre de 2016). <em>Snowden: La\n  vigilancia es ahora m\u00e1s agresiva e invasiva que antes<\/em>. Recuperado el 04\n  de septiembre de 2019, de https:\/\/cnnespanol.cnn.com\/2016\/09\/15\/snowden-la-vigilancia-es-ahora-mas-agresiva-e-invasiva-que-antes\/<\/p>\n\n\n\n<p>Expansi\u00f3n. (5 de abril\n  de 2019). <em>\u00bfCu\u00e1ntos mexicanos tienen acceso a internet y para qu\u00e9 lo usan?<\/em>\n  Recuperado el 4 de septiembre de 2019, de https:\/\/expansion.mx\/tecnologia\/2019\/04\/05\/cuantos-mexicanos-tienen-acceso-a-internet-y-para-que-lo-usan<\/p>\n\n\n\n<p>Ram\u00f3n. (05 de noviembre   de 2018). <em>Redes sociales en n\u00fameros (infograf\u00eda): \u00bfcu\u00e1ntas personas en el   mundo las usamos?<\/em> Recuperado el 04 de septiembre de 2019, de https:\/\/www.ramonramon.org\/blog\/2018\/11\/05\/redes-sociales-en-numeros-que-tanta-gente-en-el-mundo-las-usa\/<\/p>\n\n\n\n<p><strong>Escrito por Katia Andreina Hern\u00e1ndez Matus<\/strong><\/p>\n\n\n\n<p>Carrera: <a href=\"https:\/\/universidad.uninter.edu.mx\/carreras\/LRI\">Licenciatura en Relaciones Internacionales<\/a>, 2do Semestre.<\/p>\n\n\n\n<p><\/p>\n","protected":false},"excerpt":{"rendered":"<p>La era de las redes sociales en el marco de la cuarta revoluci\u00f3n industrial, ha generado una discusi\u00f3n en torno a las pol\u00edticas de privacidad<\/p>\n","protected":false},"author":10,"featured_media":884,"comment_status":"open","ping_status":"open","sticky":false,"template":"","format":"standard","meta":{"_jetpack_memberships_contains_paid_content":false,"footnotes":"","jetpack_publicize_message":"","jetpack_publicize_feature_enabled":true,"jetpack_social_post_already_shared":true,"jetpack_social_options":{"image_generator_settings":{"template":"highway","default_image_id":0,"font":"","enabled":false},"version":2}},"categories":[1,5,30],"tags":[21,207,205,204,22,23,206],"class_list":["post-883","post","type-post","status-publish","format-standard","has-post-thumbnail","hentry","category-endecs","category-estudiantes-destacados","category-investigaciones","tag-endecs","tag-lri","tag-privacidad","tag-redes-sociales","tag-uninter","tag-universidad-internacional","tag-uso-de-datos"],"yoast_head":"<!-- This site is optimized with the Yoast SEO plugin v26.0 - https:\/\/yoast.com\/wordpress\/plugins\/seo\/ -->\r\n<title>La privacidad en la era de la redes sociales por Katia Hern\u00e1ndez - ENDECS<\/title>\r\n<meta name=\"description\" content=\"La era de las redes sociales en el marco de la cuarta revoluci\u00f3n industrial, ha generado una discusi\u00f3n en torno a las pol\u00edticas de privacidad\" \/>\r\n<meta name=\"robots\" content=\"index, follow, max-snippet:-1, max-image-preview:large, max-video-preview:-1\" \/>\r\n<link rel=\"canonical\" href=\"https:\/\/blogs.uninter.edu.mx\/ENDECS\/index.php\/2019\/09\/09\/la-privacidad-en-la-redes-sociales\/\" \/>\r\n<meta property=\"og:locale\" content=\"es_MX\" \/>\r\n<meta property=\"og:type\" content=\"article\" \/>\r\n<meta property=\"og:title\" content=\"La privacidad en la era de la redes sociales por Katia Hern\u00e1ndez - ENDECS\" \/>\r\n<meta property=\"og:description\" content=\"La era de las redes sociales en el marco de la cuarta revoluci\u00f3n industrial, ha generado una discusi\u00f3n en torno a las pol\u00edticas de privacidad\" \/>\r\n<meta property=\"og:url\" content=\"https:\/\/blogs.uninter.edu.mx\/ENDECS\/index.php\/2019\/09\/09\/la-privacidad-en-la-redes-sociales\/\" \/>\r\n<meta property=\"og:site_name\" content=\"ENDECS\" \/>\r\n<meta property=\"article:published_time\" content=\"2019-09-09T22:00:53+00:00\" \/>\r\n<meta property=\"article:modified_time\" content=\"2023-07-07T15:41:53+00:00\" \/>\r\n<meta property=\"og:image\" content=\"https:\/\/blogs.uninter.edu.mx\/ENDECS\/wp-content\/uploads\/2019\/09\/redes.png\" \/>\r\n\t<meta property=\"og:image:width\" content=\"400\" \/>\r\n\t<meta property=\"og:image:height\" content=\"246\" \/>\r\n\t<meta property=\"og:image:type\" content=\"image\/png\" \/>\r\n<meta name=\"author\" content=\"Ldelvalle\" \/>\r\n<meta name=\"twitter:card\" content=\"summary_large_image\" \/>\r\n<meta name=\"twitter:label1\" content=\"Escrito por\" \/>\n\t<meta name=\"twitter:data1\" content=\"Ldelvalle\" \/>\n\t<meta name=\"twitter:label2\" content=\"Tiempo de lectura\" \/>\n\t<meta name=\"twitter:data2\" content=\"6 minutos\" \/>\r\n<script type=\"application\/ld+json\" class=\"yoast-schema-graph\">{\"@context\":\"https:\/\/schema.org\",\"@graph\":[{\"@type\":\"Article\",\"@id\":\"https:\/\/blogs.uninter.edu.mx\/ENDECS\/index.php\/2019\/09\/09\/la-privacidad-en-la-redes-sociales\/#article\",\"isPartOf\":{\"@id\":\"https:\/\/blogs.uninter.edu.mx\/ENDECS\/index.php\/2019\/09\/09\/la-privacidad-en-la-redes-sociales\/\"},\"author\":{\"name\":\"Ldelvalle\",\"@id\":\"https:\/\/blogs.uninter.edu.mx\/ENDECS\/#\/schema\/person\/97ca43ad49f1da4098be6d057658e37d\"},\"headline\":\"La privacidad en la era de la redes sociales por Katia Hern\u00e1ndez\",\"datePublished\":\"2019-09-09T22:00:53+00:00\",\"dateModified\":\"2023-07-07T15:41:53+00:00\",\"mainEntityOfPage\":{\"@id\":\"https:\/\/blogs.uninter.edu.mx\/ENDECS\/index.php\/2019\/09\/09\/la-privacidad-en-la-redes-sociales\/\"},\"wordCount\":1093,\"commentCount\":0,\"publisher\":{\"@id\":\"https:\/\/blogs.uninter.edu.mx\/ENDECS\/#organization\"},\"image\":{\"@id\":\"https:\/\/blogs.uninter.edu.mx\/ENDECS\/index.php\/2019\/09\/09\/la-privacidad-en-la-redes-sociales\/#primaryimage\"},\"thumbnailUrl\":\"https:\/\/blogs.uninter.edu.mx\/ENDECS\/wp-content\/uploads\/2019\/09\/redes.png\",\"keywords\":[\"ENDECS\",\"LRI\",\"Privacidad\",\"Redes Sociales\",\"UNINTER\",\"Universidad Internacional\",\"Uso de datos\"],\"articleSection\":[\"ENDECS\",\"Estudiantes destacados\",\"Investigaciones\"],\"inLanguage\":\"es\",\"potentialAction\":[{\"@type\":\"CommentAction\",\"name\":\"Comment\",\"target\":[\"https:\/\/blogs.uninter.edu.mx\/ENDECS\/index.php\/2019\/09\/09\/la-privacidad-en-la-redes-sociales\/#respond\"]}]},{\"@type\":\"WebPage\",\"@id\":\"https:\/\/blogs.uninter.edu.mx\/ENDECS\/index.php\/2019\/09\/09\/la-privacidad-en-la-redes-sociales\/\",\"url\":\"https:\/\/blogs.uninter.edu.mx\/ENDECS\/index.php\/2019\/09\/09\/la-privacidad-en-la-redes-sociales\/\",\"name\":\"La privacidad en la era de la redes sociales por Katia Hern\u00e1ndez - ENDECS\",\"isPartOf\":{\"@id\":\"https:\/\/blogs.uninter.edu.mx\/ENDECS\/#website\"},\"primaryImageOfPage\":{\"@id\":\"https:\/\/blogs.uninter.edu.mx\/ENDECS\/index.php\/2019\/09\/09\/la-privacidad-en-la-redes-sociales\/#primaryimage\"},\"image\":{\"@id\":\"https:\/\/blogs.uninter.edu.mx\/ENDECS\/index.php\/2019\/09\/09\/la-privacidad-en-la-redes-sociales\/#primaryimage\"},\"thumbnailUrl\":\"https:\/\/blogs.uninter.edu.mx\/ENDECS\/wp-content\/uploads\/2019\/09\/redes.png\",\"datePublished\":\"2019-09-09T22:00:53+00:00\",\"dateModified\":\"2023-07-07T15:41:53+00:00\",\"description\":\"La era de las redes sociales en el marco de la cuarta revoluci\u00f3n industrial, ha generado una discusi\u00f3n en torno a las pol\u00edticas de privacidad\",\"breadcrumb\":{\"@id\":\"https:\/\/blogs.uninter.edu.mx\/ENDECS\/index.php\/2019\/09\/09\/la-privacidad-en-la-redes-sociales\/#breadcrumb\"},\"inLanguage\":\"es\",\"potentialAction\":[{\"@type\":\"ReadAction\",\"target\":[\"https:\/\/blogs.uninter.edu.mx\/ENDECS\/index.php\/2019\/09\/09\/la-privacidad-en-la-redes-sociales\/\"]}]},{\"@type\":\"ImageObject\",\"inLanguage\":\"es\",\"@id\":\"https:\/\/blogs.uninter.edu.mx\/ENDECS\/index.php\/2019\/09\/09\/la-privacidad-en-la-redes-sociales\/#primaryimage\",\"url\":\"https:\/\/blogs.uninter.edu.mx\/ENDECS\/wp-content\/uploads\/2019\/09\/redes.png\",\"contentUrl\":\"https:\/\/blogs.uninter.edu.mx\/ENDECS\/wp-content\/uploads\/2019\/09\/redes.png\",\"width\":400,\"height\":246,\"caption\":\"REDES\"},{\"@type\":\"BreadcrumbList\",\"@id\":\"https:\/\/blogs.uninter.edu.mx\/ENDECS\/index.php\/2019\/09\/09\/la-privacidad-en-la-redes-sociales\/#breadcrumb\",\"itemListElement\":[{\"@type\":\"ListItem\",\"position\":1,\"name\":\"Inicio\",\"item\":\"https:\/\/blogs.uninter.edu.mx\/ENDECS\/\"},{\"@type\":\"ListItem\",\"position\":2,\"name\":\"La privacidad en la era de la redes sociales por Katia Hern\u00e1ndez\"}]},{\"@type\":\"WebSite\",\"@id\":\"https:\/\/blogs.uninter.edu.mx\/ENDECS\/#website\",\"url\":\"https:\/\/blogs.uninter.edu.mx\/ENDECS\/\",\"name\":\"ENDECS\",\"description\":\"Escuela de Negocios Derecho y Ciencias Sociales\",\"publisher\":{\"@id\":\"https:\/\/blogs.uninter.edu.mx\/ENDECS\/#organization\"},\"potentialAction\":[{\"@type\":\"SearchAction\",\"target\":{\"@type\":\"EntryPoint\",\"urlTemplate\":\"https:\/\/blogs.uninter.edu.mx\/ENDECS\/?s={search_term_string}\"},\"query-input\":{\"@type\":\"PropertyValueSpecification\",\"valueRequired\":true,\"valueName\":\"search_term_string\"}}],\"inLanguage\":\"es\"},{\"@type\":\"Organization\",\"@id\":\"https:\/\/blogs.uninter.edu.mx\/ENDECS\/#organization\",\"name\":\"ENDECS - UNINTER\",\"url\":\"https:\/\/blogs.uninter.edu.mx\/ENDECS\/\",\"logo\":{\"@type\":\"ImageObject\",\"inLanguage\":\"es\",\"@id\":\"https:\/\/blogs.uninter.edu.mx\/ENDECS\/#\/schema\/logo\/image\/\",\"url\":\"https:\/\/blogs.uninter.edu.mx\/ENDECS\/wp-content\/uploads\/2019\/06\/Blog-ENDECS.jpg\",\"contentUrl\":\"https:\/\/blogs.uninter.edu.mx\/ENDECS\/wp-content\/uploads\/2019\/06\/Blog-ENDECS.jpg\",\"width\":1020,\"height\":317,\"caption\":\"ENDECS - UNINTER\"},\"image\":{\"@id\":\"https:\/\/blogs.uninter.edu.mx\/ENDECS\/#\/schema\/logo\/image\/\"}},{\"@type\":\"Person\",\"@id\":\"https:\/\/blogs.uninter.edu.mx\/ENDECS\/#\/schema\/person\/97ca43ad49f1da4098be6d057658e37d\",\"name\":\"Ldelvalle\",\"image\":{\"@type\":\"ImageObject\",\"inLanguage\":\"es\",\"@id\":\"https:\/\/blogs.uninter.edu.mx\/ENDECS\/#\/schema\/person\/image\/\",\"url\":\"https:\/\/secure.gravatar.com\/avatar\/499a46f05e3934f48bb5380318572e8a1b0351da9478f4c0d5976cf9bb96dbf3?s=96&d=mm&r=g\",\"contentUrl\":\"https:\/\/secure.gravatar.com\/avatar\/499a46f05e3934f48bb5380318572e8a1b0351da9478f4c0d5976cf9bb96dbf3?s=96&d=mm&r=g\",\"caption\":\"Ldelvalle\"},\"url\":\"https:\/\/blogs.uninter.edu.mx\/ENDECS\/index.php\/author\/ldelvalle\/\"}]}<\/script>\r\n<!-- \/ Yoast SEO plugin. -->","yoast_head_json":{"title":"La privacidad en la era de la redes sociales por Katia Hern\u00e1ndez - ENDECS","description":"La era de las redes sociales en el marco de la cuarta revoluci\u00f3n industrial, ha generado una discusi\u00f3n en torno a las pol\u00edticas de privacidad","robots":{"index":"index","follow":"follow","max-snippet":"max-snippet:-1","max-image-preview":"max-image-preview:large","max-video-preview":"max-video-preview:-1"},"canonical":"https:\/\/blogs.uninter.edu.mx\/ENDECS\/index.php\/2019\/09\/09\/la-privacidad-en-la-redes-sociales\/","og_locale":"es_MX","og_type":"article","og_title":"La privacidad en la era de la redes sociales por Katia Hern\u00e1ndez - ENDECS","og_description":"La era de las redes sociales en el marco de la cuarta revoluci\u00f3n industrial, ha generado una discusi\u00f3n en torno a las pol\u00edticas de privacidad","og_url":"https:\/\/blogs.uninter.edu.mx\/ENDECS\/index.php\/2019\/09\/09\/la-privacidad-en-la-redes-sociales\/","og_site_name":"ENDECS","article_published_time":"2019-09-09T22:00:53+00:00","article_modified_time":"2023-07-07T15:41:53+00:00","og_image":[{"width":400,"height":246,"url":"https:\/\/blogs.uninter.edu.mx\/ENDECS\/wp-content\/uploads\/2019\/09\/redes.png","type":"image\/png"}],"author":"Ldelvalle","twitter_card":"summary_large_image","twitter_misc":{"Escrito por":"Ldelvalle","Tiempo de lectura":"6 minutos"},"schema":{"@context":"https:\/\/schema.org","@graph":[{"@type":"Article","@id":"https:\/\/blogs.uninter.edu.mx\/ENDECS\/index.php\/2019\/09\/09\/la-privacidad-en-la-redes-sociales\/#article","isPartOf":{"@id":"https:\/\/blogs.uninter.edu.mx\/ENDECS\/index.php\/2019\/09\/09\/la-privacidad-en-la-redes-sociales\/"},"author":{"name":"Ldelvalle","@id":"https:\/\/blogs.uninter.edu.mx\/ENDECS\/#\/schema\/person\/97ca43ad49f1da4098be6d057658e37d"},"headline":"La privacidad en la era de la redes sociales por Katia Hern\u00e1ndez","datePublished":"2019-09-09T22:00:53+00:00","dateModified":"2023-07-07T15:41:53+00:00","mainEntityOfPage":{"@id":"https:\/\/blogs.uninter.edu.mx\/ENDECS\/index.php\/2019\/09\/09\/la-privacidad-en-la-redes-sociales\/"},"wordCount":1093,"commentCount":0,"publisher":{"@id":"https:\/\/blogs.uninter.edu.mx\/ENDECS\/#organization"},"image":{"@id":"https:\/\/blogs.uninter.edu.mx\/ENDECS\/index.php\/2019\/09\/09\/la-privacidad-en-la-redes-sociales\/#primaryimage"},"thumbnailUrl":"https:\/\/blogs.uninter.edu.mx\/ENDECS\/wp-content\/uploads\/2019\/09\/redes.png","keywords":["ENDECS","LRI","Privacidad","Redes Sociales","UNINTER","Universidad Internacional","Uso de datos"],"articleSection":["ENDECS","Estudiantes destacados","Investigaciones"],"inLanguage":"es","potentialAction":[{"@type":"CommentAction","name":"Comment","target":["https:\/\/blogs.uninter.edu.mx\/ENDECS\/index.php\/2019\/09\/09\/la-privacidad-en-la-redes-sociales\/#respond"]}]},{"@type":"WebPage","@id":"https:\/\/blogs.uninter.edu.mx\/ENDECS\/index.php\/2019\/09\/09\/la-privacidad-en-la-redes-sociales\/","url":"https:\/\/blogs.uninter.edu.mx\/ENDECS\/index.php\/2019\/09\/09\/la-privacidad-en-la-redes-sociales\/","name":"La privacidad en la era de la redes sociales por Katia Hern\u00e1ndez - ENDECS","isPartOf":{"@id":"https:\/\/blogs.uninter.edu.mx\/ENDECS\/#website"},"primaryImageOfPage":{"@id":"https:\/\/blogs.uninter.edu.mx\/ENDECS\/index.php\/2019\/09\/09\/la-privacidad-en-la-redes-sociales\/#primaryimage"},"image":{"@id":"https:\/\/blogs.uninter.edu.mx\/ENDECS\/index.php\/2019\/09\/09\/la-privacidad-en-la-redes-sociales\/#primaryimage"},"thumbnailUrl":"https:\/\/blogs.uninter.edu.mx\/ENDECS\/wp-content\/uploads\/2019\/09\/redes.png","datePublished":"2019-09-09T22:00:53+00:00","dateModified":"2023-07-07T15:41:53+00:00","description":"La era de las redes sociales en el marco de la cuarta revoluci\u00f3n industrial, ha generado una discusi\u00f3n en torno a las pol\u00edticas de privacidad","breadcrumb":{"@id":"https:\/\/blogs.uninter.edu.mx\/ENDECS\/index.php\/2019\/09\/09\/la-privacidad-en-la-redes-sociales\/#breadcrumb"},"inLanguage":"es","potentialAction":[{"@type":"ReadAction","target":["https:\/\/blogs.uninter.edu.mx\/ENDECS\/index.php\/2019\/09\/09\/la-privacidad-en-la-redes-sociales\/"]}]},{"@type":"ImageObject","inLanguage":"es","@id":"https:\/\/blogs.uninter.edu.mx\/ENDECS\/index.php\/2019\/09\/09\/la-privacidad-en-la-redes-sociales\/#primaryimage","url":"https:\/\/blogs.uninter.edu.mx\/ENDECS\/wp-content\/uploads\/2019\/09\/redes.png","contentUrl":"https:\/\/blogs.uninter.edu.mx\/ENDECS\/wp-content\/uploads\/2019\/09\/redes.png","width":400,"height":246,"caption":"REDES"},{"@type":"BreadcrumbList","@id":"https:\/\/blogs.uninter.edu.mx\/ENDECS\/index.php\/2019\/09\/09\/la-privacidad-en-la-redes-sociales\/#breadcrumb","itemListElement":[{"@type":"ListItem","position":1,"name":"Inicio","item":"https:\/\/blogs.uninter.edu.mx\/ENDECS\/"},{"@type":"ListItem","position":2,"name":"La privacidad en la era de la redes sociales por Katia Hern\u00e1ndez"}]},{"@type":"WebSite","@id":"https:\/\/blogs.uninter.edu.mx\/ENDECS\/#website","url":"https:\/\/blogs.uninter.edu.mx\/ENDECS\/","name":"ENDECS","description":"Escuela de Negocios Derecho y Ciencias Sociales","publisher":{"@id":"https:\/\/blogs.uninter.edu.mx\/ENDECS\/#organization"},"potentialAction":[{"@type":"SearchAction","target":{"@type":"EntryPoint","urlTemplate":"https:\/\/blogs.uninter.edu.mx\/ENDECS\/?s={search_term_string}"},"query-input":{"@type":"PropertyValueSpecification","valueRequired":true,"valueName":"search_term_string"}}],"inLanguage":"es"},{"@type":"Organization","@id":"https:\/\/blogs.uninter.edu.mx\/ENDECS\/#organization","name":"ENDECS - UNINTER","url":"https:\/\/blogs.uninter.edu.mx\/ENDECS\/","logo":{"@type":"ImageObject","inLanguage":"es","@id":"https:\/\/blogs.uninter.edu.mx\/ENDECS\/#\/schema\/logo\/image\/","url":"https:\/\/blogs.uninter.edu.mx\/ENDECS\/wp-content\/uploads\/2019\/06\/Blog-ENDECS.jpg","contentUrl":"https:\/\/blogs.uninter.edu.mx\/ENDECS\/wp-content\/uploads\/2019\/06\/Blog-ENDECS.jpg","width":1020,"height":317,"caption":"ENDECS - UNINTER"},"image":{"@id":"https:\/\/blogs.uninter.edu.mx\/ENDECS\/#\/schema\/logo\/image\/"}},{"@type":"Person","@id":"https:\/\/blogs.uninter.edu.mx\/ENDECS\/#\/schema\/person\/97ca43ad49f1da4098be6d057658e37d","name":"Ldelvalle","image":{"@type":"ImageObject","inLanguage":"es","@id":"https:\/\/blogs.uninter.edu.mx\/ENDECS\/#\/schema\/person\/image\/","url":"https:\/\/secure.gravatar.com\/avatar\/499a46f05e3934f48bb5380318572e8a1b0351da9478f4c0d5976cf9bb96dbf3?s=96&d=mm&r=g","contentUrl":"https:\/\/secure.gravatar.com\/avatar\/499a46f05e3934f48bb5380318572e8a1b0351da9478f4c0d5976cf9bb96dbf3?s=96&d=mm&r=g","caption":"Ldelvalle"},"url":"https:\/\/blogs.uninter.edu.mx\/ENDECS\/index.php\/author\/ldelvalle\/"}]}},"jetpack_publicize_connections":[],"jetpack_featured_media_url":"https:\/\/blogs.uninter.edu.mx\/ENDECS\/wp-content\/uploads\/2019\/09\/redes.png","jetpack_sharing_enabled":true,"_links":{"self":[{"href":"https:\/\/blogs.uninter.edu.mx\/ENDECS\/index.php\/wp-json\/wp\/v2\/posts\/883","targetHints":{"allow":["GET"]}}],"collection":[{"href":"https:\/\/blogs.uninter.edu.mx\/ENDECS\/index.php\/wp-json\/wp\/v2\/posts"}],"about":[{"href":"https:\/\/blogs.uninter.edu.mx\/ENDECS\/index.php\/wp-json\/wp\/v2\/types\/post"}],"author":[{"embeddable":true,"href":"https:\/\/blogs.uninter.edu.mx\/ENDECS\/index.php\/wp-json\/wp\/v2\/users\/10"}],"replies":[{"embeddable":true,"href":"https:\/\/blogs.uninter.edu.mx\/ENDECS\/index.php\/wp-json\/wp\/v2\/comments?post=883"}],"version-history":[{"count":3,"href":"https:\/\/blogs.uninter.edu.mx\/ENDECS\/index.php\/wp-json\/wp\/v2\/posts\/883\/revisions"}],"predecessor-version":[{"id":8652,"href":"https:\/\/blogs.uninter.edu.mx\/ENDECS\/index.php\/wp-json\/wp\/v2\/posts\/883\/revisions\/8652"}],"wp:featuredmedia":[{"embeddable":true,"href":"https:\/\/blogs.uninter.edu.mx\/ENDECS\/index.php\/wp-json\/wp\/v2\/media\/884"}],"wp:attachment":[{"href":"https:\/\/blogs.uninter.edu.mx\/ENDECS\/index.php\/wp-json\/wp\/v2\/media?parent=883"}],"wp:term":[{"taxonomy":"category","embeddable":true,"href":"https:\/\/blogs.uninter.edu.mx\/ENDECS\/index.php\/wp-json\/wp\/v2\/categories?post=883"},{"taxonomy":"post_tag","embeddable":true,"href":"https:\/\/blogs.uninter.edu.mx\/ENDECS\/index.php\/wp-json\/wp\/v2\/tags?post=883"}],"curies":[{"name":"wp","href":"https:\/\/api.w.org\/{rel}","templated":true}]}}