{"id":892,"date":"2019-09-13T13:45:42","date_gmt":"2019-09-13T18:45:42","guid":{"rendered":"https:\/\/blogs.uninter.edu.mx\/ENDECS\/?p=892"},"modified":"2023-07-07T10:50:51","modified_gmt":"2023-07-07T15:50:51","slug":"incendio-en-el-amazonas","status":"publish","type":"post","link":"https:\/\/blogs.uninter.edu.mx\/ENDECS\/index.php\/2019\/09\/13\/incendio-en-el-amazonas\/","title":{"rendered":"Incendio en el Amazonas: \u00bfUna cuesti\u00f3n pol\u00edtica?"},"content":{"rendered":"\n<h3 class=\"wp-block-heading\">El valor del Amazonas.<\/h3>\n\n\n\n<p class=\"has-text-align-justify\"> La importancia del amazonas es innegable. Primeramente por su extensi\u00f3n de 6,7 millones de kil\u00f3metros cuadrados pero tambi\u00e9n porque alberga m\u00e1s de 40.000 especies de plantas, m\u00e1s de 6.000 especies de animales y es hogar de cerca de 400 grupos ind\u00edgenas. <\/p>\n\n\n\n<p class=\"has-text-align-justify\">Cierto es que esta zona siempre ha presentado siniestros concernientes al fuego. Pero al ver 10.000 incendios forestales de manera simult\u00e1nea avanzando a velocidades r\u00e9cord, deber\u00edamos preguntarnos <strong>\u00bfQu\u00e9 hay detr\u00e1s de todo esto?<\/strong> <\/p>\n\n\n\n<figure class=\"wp-block-image\"><img decoding=\"async\" src=\"https:\/\/images.clarin.com\/2019\/08\/26\/el-fuego-en-el-estados___r6BCNA6hQ_1256x620__3.jpg#1566857142542\" alt=\"\"\/><figcaption class=\"wp-element-caption\"> El fuego en el estados de Rondonia, uno de los afectados. DPA <br>Fuente: Clarin Digital.<\/figcaption><\/figure>\n\n\n\n<h5 class=\"wp-block-heading\">\u00bfQu\u00e9 tan normales son estos incendios?<\/h5>\n\n\n\n<p class=\"has-text-align-justify\"> A lo largo del 2019 han habido 75,000 incendios; 10,000 de estos propagados en los \u00faltimos d\u00edas. Estos incendios son monitoreados por diversos sat\u00e9lites pero estos s\u00f3lo identifican los focos de fuego, mas no diferencian el origen de los mismos; aunque seg\u00fan CNN, expertos en an\u00e1lisis de im\u00e1genes satelitales coinciden en que estos \u00faltimos tienen caracter\u00edsticas propias de incendios intencionados, muchos de ellos en \u00e1reas previamente deforestadas.<\/p>\n\n\n\n<p class=\"has-text-align-justify\">Como resultado, semanas despu\u00e9s de la propagaci\u00f3n de los incendios se inici\u00f3 una serie de investigaciones que buscan el origen de los m\u00e1s recientes y las sospechas de que estos fueran intencionados se confirmaron.<\/p>\n\n\n\n<p class=\"has-text-align-justify\">De acuerdo con\ndiversos medios de comunicaci\u00f3n el 10 de agosto hubo una supuesta acci\u00f3n\ncoordinada de productores rurales del estado norte\u00f1o de Par\u00e1 para incendiar la\nselva, bautizado como &#8220;D\u00eda do Fogo&#8221;.<\/p>\n\n\n\n<p class=\"has-text-align-justify\">Sin embargo, este movimiento ya hab\u00eda sido hecho de conocimiento p\u00fablico&nbsp; por&nbsp; parte&nbsp; del diario Folha do Progresso el 5 de agosto. En esta publicaci\u00f3n un l\u00edder rural le dijo al periodista: <em>&#8220;Necesitamos mostrar al presidente que queremos trabajar y la \u00fanica forma es derribando. Para hacer y limpiar nuestros pastos es con fuego&#8221;. <\/em>No obstante, dicha Acci\u00f3n fue desmentida por los dem\u00e1s l\u00edderes locales.<\/p>\n\n\n<div class=\"wp-block-image\">\n<figure class=\"aligncenter\"><img loading=\"lazy\" decoding=\"async\" width=\"624\" height=\"351\" src=\"https:\/\/blogs.uninter.edu.mx\/ENDECS\/wp-content\/uploads\/2019\/09\/108489060_gettyimages-1163381284.jpg\" alt=\"\" class=\"wp-image-898\" srcset=\"https:\/\/blogs.uninter.edu.mx\/ENDECS\/wp-content\/uploads\/2019\/09\/108489060_gettyimages-1163381284.jpg 624w, https:\/\/blogs.uninter.edu.mx\/ENDECS\/wp-content\/uploads\/2019\/09\/108489060_gettyimages-1163381284-300x169.jpg 300w, https:\/\/blogs.uninter.edu.mx\/ENDECS\/wp-content\/uploads\/2019\/09\/108489060_gettyimages-1163381284-460x260.jpg 460w\" sizes=\"auto, (max-width: 624px) 100vw, 624px\" \/><figcaption class=\"wp-element-caption\">Fuente: BBC<\/figcaption><\/figure><\/div>\n\n\n<h3 class=\"wp-block-heading\">Contexto pol\u00edtico del amazonas.<\/h3>\n\n\n\n<p class=\"has-text-align-justify\">La exministra\nbrasile\u00f1a Marina Silva, adversaria de Bolsonaro en las elecciones de 2018,\natribuye estos incendios al tipo de discurso que ha mantenido el actual\npresidente de Brasil.<\/p>\n\n\n\n<p class=\"has-text-align-justify\">La pol\u00edtica de\nBolsonaro ha sido clara desde el inicio, con frases como <strong>\u201cno voy a proteger ni un mil\u00edmetro de tierra que\npueda explotarse\u201d <\/strong>as\u00ed como su declaraci\u00f3n en contra de las ONG\u2019s al responsabilizarlas\nde los incendios actuales.<\/p>\n\n\n\n<p class=\"has-text-align-justify\">\n\n\n\n\n\n\n\n\n\n\n\n\n\n\n\nPero no solo se trata del\ndiscurso, sino que el presidente de Brasil desmont\u00f3 el Servicio Forestal, la\nSecretar\u00eda de Cambio Clim\u00e1tico, la Agencia Nacional de Aguas y a su paso\ndesmoraliza la acci\u00f3n de los agentes p\u00fablicos del \u00e1rea ambiental y del INPE (Instituto\nNacional de Investigaciones Espaciales brasile\u00f1o).\n\n\n\n<\/p>\n\n\n\n<h4 class=\"wp-block-heading\">El papel del gobierno frente a los incendios.<\/h4>\n\n\n\n<p class=\"has-text-align-justify\">Pero <strong>\u00bfHasta qu\u00e9 punto tiene cabida el gobierno en los incendios? <\/strong>Se dice que el 60 % de estos se encuentran en propiedades particulares y que esto limita al Estado al momento de sofocar el fuego. Entonces \u00bfes justo culpar al gobierno de Bolsonaro por la casi nula acci\u00f3n tomada durante los primeros d\u00edas de los siniestros? <\/p>\n\n\n\n<p class=\"has-text-align-justify\">Para generar un criterio propio ante esta pregunta es necesario mencionar que el 40% del amazonas pertenece al sector privado; es decir, que si se respeta la propiedad privada y no se toma acci\u00f3n en el sofocamiento del fuego, el amazonas queda sumamente desprotegido por parte del Estado. Bajo esta premisa, es como el gobierno brasile\u00f1o vio el inicio y la propagaci\u00f3n del fuego durante semanas e hizo caso omiso, pues este se encontraba en terrenos particulares. <\/p>\n\n\n\n<p class=\"has-text-align-justify\">En este punto surge la pregunta de por qu\u00e9 los propietarios han decidido incendiar indiscriminadamente esta zona que no s\u00f3lo es relevante de manera local, sino que presenta inter\u00e9s internacional.<\/p>\n\n\n\n<h4 class=\"wp-block-heading\"> Contexto econ\u00f3mico del amazonas. <\/h4>\n\n\n\n<p class=\"has-text-align-justify\"><strong>\u00bfQu\u00e9 los llev\u00f3 a incendiar sus terrenos\nsabiendo que estos son monitoreados permanentemente por diferentes organismos\nnacionales e internacionales? <\/strong>Es claro que hay un inter\u00e9s econ\u00f3mico en todas estas\ndecisiones pero una de las respuestas que da Marina Silva es que se vieron\nincentivados por la protecci\u00f3n que Bolsonaro dio al prometer acabar con las\nmultas, asegurandoles quedar impunes en el negocio de las quemas del amazonas.<\/p>\n\n\n\n<p class=\"has-text-align-justify\">De acuerdo con\nEl Pa\u00eds, prenderle fuego a un \u00e1rea de 1.000 hect\u00e1reas vale cerca de un mill\u00f3n\nde reales (unos 220.000 euros) en el mercado negro. Esta pr\u00e1ctica no es nueva,\npues las dem\u00e1s administraciones han trabajado de la mano con personas que\nprend\u00edan fuego para luego talar el bosque.<\/p>\n\n\n\n<h4 class=\"wp-block-heading\"> <strong>\u00bfQu\u00e9 beneficios se obtienen de esta pr\u00e1ctica?<\/strong> <\/h4>\n\n\n\n<p class=\"has-text-align-justify\">Los terrenos que quedan deforestados son usados para el ganado o la madera. Y Brasil es el mayor exportador de carne de res a nivel mundial.<\/p>\n\n\n\n<p class=\"has-text-align-justify\">Sabiendo esto, podemos desentra\u00f1ar el porqu\u00e9 el sector rural y, en espec\u00edfico, el negocio agr\u00edcola son de suma importancia para el congreso. De manera que el C\u00f3digo Forestal ha reducido el porcentaje de territorio denominado &#8220;reserva&#8221;, de un 80% a un 50% siempre y cuando los estados protejan el 65% del territorio como unidades de conservaci\u00f3n o reservas ind\u00edgenas.<\/p>\n\n\n\n<p class=\"has-text-align-justify\">Es por eso que, la preservaci\u00f3n del Amazonas no es rentable para las naciones que lo habitan. Espec\u00edficamente, cuando se trata de Brasil, cuyo territorio pertenece&nbsp; en un 56% a la amazonia, representa que gran parte de lo que podr\u00eda ser terreno potencialmente productivo se vea \u201cdesperdiciado\u201d.<\/p>\n\n\n\n<h3 class=\"wp-block-heading\">\u00bfQu\u00e9 tanto nos afecta esta situaci\u00f3n?<\/h3>\n\n\n\n<p class=\"has-text-align-justify\">El Amazonas <em>&#8220;pertenece&#8221;<\/em> \u00fanicamente a nueve pa\u00edses de Sudam\u00e9rica: Brasil, Bolivia, Per\u00fa, Ecuador, Colombia, Venezuela, Guyana, Guayana Francesa, y Surinam. Dos tercios de la totalidad de esta, pertenecientes a Brasil.<\/p>\n\n\n\n<p class=\"has-text-align-justify\">Esta reserva impacta la\ncotidianidad de millones de personas al generar de 90,000 millones a 140,000\nmillones de toneladas m\u00e9tricas de carbono, lo que <strong>ayuda\na estabilizar el clima tanto local como global.<\/strong> Adem\u00e1s, el r\u00edo Amazonas bombea al\na\u00f1o alrededor de 7 billones de toneladas de agua y sus bosques reciclan del 50%\nal 75% de la lluvia anual en la regi\u00f3n.<\/p>\n\n\n\n<p class=\"has-text-align-justify\">Es verdad que los estragos\nde los incendios ya est\u00e1n hechos y aunque esto no haya sucedido en el entorno\ncercano no significa que no estemos vinculados a este acontecimiento, sus\ncausas y sus prontos efectos.<\/p>\n\n\n\n<p class=\"has-text-align-justify\">De manera que, si estamos conectados, se podr\u00eda cuestionar qu\u00e9 tan conveniente es que <strong>un gobierno<\/strong> que ha mantenido una postura &#8220;poco ambientalista&#8221;, tenga soberan\u00eda sobre gran parte de una reserva tan importante a nivel mundial. <\/p>\n\n\n\n<p class=\"has-text-align-justify\">Asimismo, cabe mencionar, que cada Estado-Naci\u00f3n hace uso de sus recursos como mejor le convenga a partir de su pol\u00edtica econ\u00f3mica. Sin embargo, en este mundo globalizado este tipo de situaciones nos afectan a todos de manera indirecta o directa. <\/p>\n\n\n\n<h4 class=\"wp-block-heading\">Nuestro v\u00ednculo con el amazonas.<\/h4>\n\n\n\n<p class=\"has-text-align-justify\">Y aunque el Amazonas se encuentra a 4,131 km de M\u00e9xico, podemos ver reflejados en este suceso tan lamentable, los h\u00e1bitos de consumo de millones y el impacto que estos tienen en las pol\u00edticas de otro pa\u00eds. Por lo anterior, se confirma que aunque estamos lejos, no vivimos aislados; y&nbsp; por peque\u00f1as que parezcan nuestras decisiones, al final forman parte del colectivo.<\/p>\n\n\n<div class=\"wp-block-image\">\n<figure class=\"aligncenter\"><img loading=\"lazy\" decoding=\"async\" width=\"825\" height=\"1024\" src=\"https:\/\/blogs.uninter.edu.mx\/ENDECS\/wp-content\/uploads\/2019\/09\/amazonas-2-825x1024.png\" alt=\"\" class=\"wp-image-895\" srcset=\"https:\/\/blogs.uninter.edu.mx\/ENDECS\/wp-content\/uploads\/2019\/09\/amazonas-2-825x1024.png 825w, https:\/\/blogs.uninter.edu.mx\/ENDECS\/wp-content\/uploads\/2019\/09\/amazonas-2-242x300.png 242w, https:\/\/blogs.uninter.edu.mx\/ENDECS\/wp-content\/uploads\/2019\/09\/amazonas-2-768x954.png 768w, https:\/\/blogs.uninter.edu.mx\/ENDECS\/wp-content\/uploads\/2019\/09\/amazonas-2.png 1067w\" sizes=\"auto, (max-width: 825px) 100vw, 825px\" \/><figcaption class=\"wp-element-caption\"> <br> Illustration by <a href=\"https:\/\/www.instagram.com\/green_humour\/\">@green_humour<\/a> Source: The Guardian, \u201cRevealed: rampant deforestation of Amazon driven by global greed for meat\u201d <\/figcaption><\/figure><\/div>\n\n\n<p class=\"has-text-align-justify\">El caso de los incendios en el Amazonas es un hecho que sigue en proceso, por lo que, existen diversas opiniones por parte de los medios. De manera que se invita al lector mantenerse pendiente y poner en tela de juicio todo lo que los involucrados sigan mencionando y haciendo.<\/p>\n\n\n\n<h5 class=\"wp-block-heading\">Escrito por Dana Zapata Sosa, alumna de  Licenciatura en <a href=\"https:\/\/universidad.uninter.edu.mx\/carreras\/RICP\">Relaciones Internacionales y Ciencias Pol\u00edticas<\/a>, 4do Semestre. <\/h5>\n\n\n\n<h4 class=\"wp-block-heading\">Bibliograf\u00eda.<\/h4>\n\n\n\n<ol class=\"wp-block-list\">\n<li>Clarin Digital. ( 26 de agosto del 2019). Incendio en el Amazonas: el festejo del \u201cd\u00eda del fuego\u201d, un grupo de Whatsapp y una curiosa investigaci\u00f3n oficial. Recuperado el 03 de Septiembre del 2019 de <a href=\"https:\/\/www.clarin.com\/mundo\/incendio-amazonas-festejo-dia-fuego-grupo-whatsapp-curiosa-investigacion-oficial_0_9Okji2HLf.html\">https:\/\/www.clarin.com\/mundo\/incendio-amazonas-festejo-dia-fuego-grupo-whatsapp-curiosa-investigacion-oficial_0_9Okji2HLf.html<\/a><\/li>\n\n\n\n<li>BBC. (24 de agosto del 2019). Incendios en el Amazonas: &#8220;Siempre hubo incendios, pero nunca incentivados por el discurso de un gobierno&#8221;, le dice a la BBC la exministra brasile\u00f1a Marina Silva. Recuperado el 03 de Septiembre del 2019 de <a href=\"https:\/\/www.bbc.com\/mundo\/noticias-america-latina-49458107\">https:\/\/www.bbc.com\/mundo\/noticias-america-latina-49458107<\/a><\/li>\n\n\n\n<li>BBC. (27 de agosto del 2019). Incendios en el Amazonas: 5 datos que explican qu\u00e9 est\u00e1 en riesgo por los fuegos. Recuperado el 03 de Septiembre del 2019 de <a href=\"https:\/\/www.bbc.com\/mundo\/noticias-america-latina-49472752\">https:\/\/www.bbc.com\/mundo\/noticias-america-latina-49472752<\/a><\/li>\n\n\n\n<li>El Pa\u00eds. (29 de agosto 2019). El millonario negocio de los incendios en la Amazonia. Recuperado el 03 de Septiembre del 2019 de <a href=\"https:\/\/elpais.com\/internacional\/2019\/08\/27\/actualidad\/1566864699_526443.html\">https:\/\/elpais.com\/internacional\/2019\/08\/27\/actualidad\/1566864699_526443. html<\/a><\/li>\n\n\n\n<li>El Mundo. (24 de agosto del 2019). SOS Amazonas: qu\u00e9 hay tras los incendios que podr\u00edan alterar el clima mundial. Recuperado el 03 de Septiembre del 2019 de <a href=\"https:\/\/www.elmundo.es\/papel\/historias\/2019\/08\/24\/5d6021db21efa0bd208b45c0.html\">https:\/\/www.elmundo.es\/papel\/historias\/2019\/08\/24\/5d6021db21efa0bd208b 45c0.html<\/a><\/li>\n\n\n\n<li>CNET. (27 de agosto del 2019). Incendio en la selva amaz\u00f3nica: Causas, reacciones y todo lo que debes saber. Recuperado el 03 de Septiembre del 2019 de <a href=\"https:\/\/www.cnet.com\/es\/noticias\/incendio-amazonas-causas-soluciones-reacciones-twitter-brasil-bolsonaro\/\">https:\/\/www.cnet.com\/es\/noticias\/incendio-amazonas-causas-soluciones-rea cciones-twitter-brasil-bolsonaro\/<\/a><\/li>\n\n\n\n<li>CNN. (23 de agosto del 2019). 5 claves para entender la crisis de los incendios en el Amazonas. Recuperado el 03 de Septiembre del 2019 de <a href=\"https:\/\/cnnespanol.cnn.com\/2019\/08\/23\/5-claves-para-entender-la-crisis-de-los-incendios-en-el-amazonas\/\">https:\/\/cnnespanol.cnn.com\/2019\/08\/23\/5-claves-para-entender-la-crisis-de-l os-incendios-en-el-amazonas\/<\/a><\/li>\n\n\n\n<li>Corporaci\u00f3n de Radio y Televisi\u00f3n Espa\u00f1ola. (22 de agosto del 2019). <strong>\u00bfPor qu\u00e9 se quema la Amazonia y qu\u00e9 consecuencias va a tener?<\/strong>. Recuperado el 03 del Septiembre del 2019 de  <a href=\"http:\/\/www.rtve.es\/noticias\/20190822\/se-quema-amazonia-consecuencias-va-tener\/1977460.shtml\">http:\/\/www.rtve.es\/noticias\/20190822\/se-quema-amazonia-consecuencias-v a-tener\/1977460.shtml<\/a><\/li>\n\n\n\n<li>La naci\u00f3n. (24 de agosto del 2019). Incendios en el Amazonas: las claves para entender qu\u00e9 pas\u00f3 y cu\u00e1les ser\u00e1n sus efectos. Recuperado el 03 de septiembre del 2019 de <a href=\"https:\/\/www.lanacion.com.ar\/el-mundo\/incendios-amazonia-claves-entender-que-paso-cuales-nid2280427\">https:\/\/www.lanacion.com.ar\/el-mundo\/incendios-amazonia-claves-entend er-que-paso-cuales-nid2280427<\/a><\/li>\n\n\n\n<li>BBC. (21 de agosto del 2019). Incendios en el Amazonas: el n\u00famero r\u00e9cord de fuegos que afectan a Brasil y tambi\u00e9n arrasan otros pa\u00edses de Sudam\u00e9rica. Recuperado el 03 de Septiembre del 2019 de <a href=\"https:\/\/www.bbc.com\/mundo\/noticias-america-latina-49426794\">https:\/\/www.bbc.com\/mundo\/noticias-america-latina-49426794<\/a><\/li>\n\n\n\n<li> BBC. (23 de agosto del 2019) Incendios en el Amazonas: 3 razones por las que esta regi\u00f3n es tan importante (aunque realmente no sea &#8220;el pulm\u00f3n del mundo&#8221;. Recuperado el 03 de agosto del 2019 de <a href=\"https:\/\/www.bbc.com\/mundo\/noticias-49448765\">https:\/\/www.bbc.com\/mundo\/noticias-49448765<\/a><\/li>\n\n\n\n<li>The New York Times. (23 de agosto del 2019). Lo que debes saber sobre el incendio en la Amazon\u00eda. Recuperado el 03 de agosto del 2019 de <a href=\"https:\/\/www.nytimes.com\/es\/2019\/08\/23\/espanol\/america-latina\/incendios-amazonia-bolsonaro.html\">https:\/\/www.nytimes.com\/es\/2019\/08\/23\/espanol\/america-latina\/incendios-a mazonia-bolsonaro.html<\/a><\/li>\n<\/ol>\n\n\n\n<p> <\/p>\n","protected":false},"excerpt":{"rendered":"<p>El incendio en el amazonas va m\u00e1s all\u00e1 de una cuesti\u00f3n ecol\u00f3gica. Dentro de esta gran reserva natural se da m\u00e1s pol\u00edtica de lo que pareciera.<\/p>\n","protected":false},"author":10,"featured_media":0,"comment_status":"open","ping_status":"open","sticky":false,"template":"","format":"standard","meta":{"_jetpack_memberships_contains_paid_content":false,"footnotes":"","jetpack_publicize_message":"","jetpack_publicize_feature_enabled":true,"jetpack_social_post_already_shared":true,"jetpack_social_options":{"image_generator_settings":{"template":"highway","default_image_id":0,"font":"","enabled":false},"version":2}},"categories":[1,5],"tags":[209,62,21,208,210,22],"class_list":["post-892","post","type-post","status-publish","format-standard","hentry","category-endecs","category-estudiantes-destacados","tag-amazonas","tag-economia","tag-endecs","tag-politica","tag-ricp","tag-uninter"],"yoast_head":"<!-- This site is optimized with the Yoast SEO plugin v26.0 - https:\/\/yoast.com\/wordpress\/plugins\/seo\/ -->\r\n<title>Incendio en el Amazonas: \u00bfUna cuesti\u00f3n pol\u00edtica? - ENDECS<\/title>\r\n<meta name=\"description\" content=\"El incendio en el amazonas va m\u00e1s all\u00e1 de una cuesti\u00f3n ecol\u00f3gica. Dentro de esta gran reserva natural se da m\u00e1s pol\u00edtica de lo que pareciera.\" \/>\r\n<meta name=\"robots\" content=\"index, follow, max-snippet:-1, max-image-preview:large, max-video-preview:-1\" \/>\r\n<link rel=\"canonical\" href=\"https:\/\/blogs.uninter.edu.mx\/ENDECS\/index.php\/2019\/09\/13\/incendio-en-el-amazonas\/\" \/>\r\n<meta property=\"og:locale\" content=\"es_MX\" \/>\r\n<meta property=\"og:type\" content=\"article\" \/>\r\n<meta property=\"og:title\" content=\"Incendio en el Amazonas: \u00bfUna cuesti\u00f3n pol\u00edtica? - ENDECS\" \/>\r\n<meta property=\"og:description\" content=\"El incendio en el amazonas va m\u00e1s all\u00e1 de una cuesti\u00f3n ecol\u00f3gica. Dentro de esta gran reserva natural se da m\u00e1s pol\u00edtica de lo que pareciera.\" \/>\r\n<meta property=\"og:url\" content=\"https:\/\/blogs.uninter.edu.mx\/ENDECS\/index.php\/2019\/09\/13\/incendio-en-el-amazonas\/\" \/>\r\n<meta property=\"og:site_name\" content=\"ENDECS\" \/>\r\n<meta property=\"article:published_time\" content=\"2019-09-13T18:45:42+00:00\" \/>\r\n<meta property=\"article:modified_time\" content=\"2023-07-07T15:50:51+00:00\" \/>\r\n<meta property=\"og:image\" content=\"https:\/\/images.clarin.com\/2019\/08\/26\/el-fuego-en-el-estados___r6BCNA6hQ_1256x620__3.jpg#1566857142542\" \/>\r\n<meta name=\"author\" content=\"Ldelvalle\" \/>\r\n<meta name=\"twitter:card\" content=\"summary_large_image\" \/>\r\n<meta name=\"twitter:label1\" content=\"Escrito por\" \/>\n\t<meta name=\"twitter:data1\" content=\"Ldelvalle\" \/>\n\t<meta name=\"twitter:label2\" content=\"Tiempo de lectura\" \/>\n\t<meta name=\"twitter:data2\" content=\"8 minutos\" \/>\r\n<script type=\"application\/ld+json\" class=\"yoast-schema-graph\">{\"@context\":\"https:\/\/schema.org\",\"@graph\":[{\"@type\":\"Article\",\"@id\":\"https:\/\/blogs.uninter.edu.mx\/ENDECS\/index.php\/2019\/09\/13\/incendio-en-el-amazonas\/#article\",\"isPartOf\":{\"@id\":\"https:\/\/blogs.uninter.edu.mx\/ENDECS\/index.php\/2019\/09\/13\/incendio-en-el-amazonas\/\"},\"author\":{\"name\":\"Ldelvalle\",\"@id\":\"https:\/\/blogs.uninter.edu.mx\/ENDECS\/#\/schema\/person\/97ca43ad49f1da4098be6d057658e37d\"},\"headline\":\"Incendio en el Amazonas: \u00bfUna cuesti\u00f3n pol\u00edtica?\",\"datePublished\":\"2019-09-13T18:45:42+00:00\",\"dateModified\":\"2023-07-07T15:50:51+00:00\",\"mainEntityOfPage\":{\"@id\":\"https:\/\/blogs.uninter.edu.mx\/ENDECS\/index.php\/2019\/09\/13\/incendio-en-el-amazonas\/\"},\"wordCount\":1723,\"commentCount\":0,\"publisher\":{\"@id\":\"https:\/\/blogs.uninter.edu.mx\/ENDECS\/#organization\"},\"image\":{\"@id\":\"https:\/\/blogs.uninter.edu.mx\/ENDECS\/index.php\/2019\/09\/13\/incendio-en-el-amazonas\/#primaryimage\"},\"thumbnailUrl\":\"https:\/\/images.clarin.com\/2019\/08\/26\/el-fuego-en-el-estados___r6BCNA6hQ_1256x620__3.jpg#1566857142542\",\"keywords\":[\"AMAZONAS\",\"econom\u00eda\",\"ENDECS\",\"POL\u00cdTICA\",\"RICP\",\"UNINTER\"],\"articleSection\":[\"ENDECS\",\"Estudiantes destacados\"],\"inLanguage\":\"es\",\"potentialAction\":[{\"@type\":\"CommentAction\",\"name\":\"Comment\",\"target\":[\"https:\/\/blogs.uninter.edu.mx\/ENDECS\/index.php\/2019\/09\/13\/incendio-en-el-amazonas\/#respond\"]}]},{\"@type\":\"WebPage\",\"@id\":\"https:\/\/blogs.uninter.edu.mx\/ENDECS\/index.php\/2019\/09\/13\/incendio-en-el-amazonas\/\",\"url\":\"https:\/\/blogs.uninter.edu.mx\/ENDECS\/index.php\/2019\/09\/13\/incendio-en-el-amazonas\/\",\"name\":\"Incendio en el Amazonas: \u00bfUna cuesti\u00f3n pol\u00edtica? - ENDECS\",\"isPartOf\":{\"@id\":\"https:\/\/blogs.uninter.edu.mx\/ENDECS\/#website\"},\"primaryImageOfPage\":{\"@id\":\"https:\/\/blogs.uninter.edu.mx\/ENDECS\/index.php\/2019\/09\/13\/incendio-en-el-amazonas\/#primaryimage\"},\"image\":{\"@id\":\"https:\/\/blogs.uninter.edu.mx\/ENDECS\/index.php\/2019\/09\/13\/incendio-en-el-amazonas\/#primaryimage\"},\"thumbnailUrl\":\"https:\/\/images.clarin.com\/2019\/08\/26\/el-fuego-en-el-estados___r6BCNA6hQ_1256x620__3.jpg#1566857142542\",\"datePublished\":\"2019-09-13T18:45:42+00:00\",\"dateModified\":\"2023-07-07T15:50:51+00:00\",\"description\":\"El incendio en el amazonas va m\u00e1s all\u00e1 de una cuesti\u00f3n ecol\u00f3gica. Dentro de esta gran reserva natural se da m\u00e1s pol\u00edtica de lo que pareciera.\",\"breadcrumb\":{\"@id\":\"https:\/\/blogs.uninter.edu.mx\/ENDECS\/index.php\/2019\/09\/13\/incendio-en-el-amazonas\/#breadcrumb\"},\"inLanguage\":\"es\",\"potentialAction\":[{\"@type\":\"ReadAction\",\"target\":[\"https:\/\/blogs.uninter.edu.mx\/ENDECS\/index.php\/2019\/09\/13\/incendio-en-el-amazonas\/\"]}]},{\"@type\":\"ImageObject\",\"inLanguage\":\"es\",\"@id\":\"https:\/\/blogs.uninter.edu.mx\/ENDECS\/index.php\/2019\/09\/13\/incendio-en-el-amazonas\/#primaryimage\",\"url\":\"https:\/\/images.clarin.com\/2019\/08\/26\/el-fuego-en-el-estados___r6BCNA6hQ_1256x620__3.jpg#1566857142542\",\"contentUrl\":\"https:\/\/images.clarin.com\/2019\/08\/26\/el-fuego-en-el-estados___r6BCNA6hQ_1256x620__3.jpg#1566857142542\"},{\"@type\":\"BreadcrumbList\",\"@id\":\"https:\/\/blogs.uninter.edu.mx\/ENDECS\/index.php\/2019\/09\/13\/incendio-en-el-amazonas\/#breadcrumb\",\"itemListElement\":[{\"@type\":\"ListItem\",\"position\":1,\"name\":\"Inicio\",\"item\":\"https:\/\/blogs.uninter.edu.mx\/ENDECS\/\"},{\"@type\":\"ListItem\",\"position\":2,\"name\":\"Incendio en el Amazonas: \u00bfUna cuesti\u00f3n pol\u00edtica?\"}]},{\"@type\":\"WebSite\",\"@id\":\"https:\/\/blogs.uninter.edu.mx\/ENDECS\/#website\",\"url\":\"https:\/\/blogs.uninter.edu.mx\/ENDECS\/\",\"name\":\"ENDECS\",\"description\":\"Escuela de Negocios Derecho y Ciencias Sociales\",\"publisher\":{\"@id\":\"https:\/\/blogs.uninter.edu.mx\/ENDECS\/#organization\"},\"potentialAction\":[{\"@type\":\"SearchAction\",\"target\":{\"@type\":\"EntryPoint\",\"urlTemplate\":\"https:\/\/blogs.uninter.edu.mx\/ENDECS\/?s={search_term_string}\"},\"query-input\":{\"@type\":\"PropertyValueSpecification\",\"valueRequired\":true,\"valueName\":\"search_term_string\"}}],\"inLanguage\":\"es\"},{\"@type\":\"Organization\",\"@id\":\"https:\/\/blogs.uninter.edu.mx\/ENDECS\/#organization\",\"name\":\"ENDECS - UNINTER\",\"url\":\"https:\/\/blogs.uninter.edu.mx\/ENDECS\/\",\"logo\":{\"@type\":\"ImageObject\",\"inLanguage\":\"es\",\"@id\":\"https:\/\/blogs.uninter.edu.mx\/ENDECS\/#\/schema\/logo\/image\/\",\"url\":\"https:\/\/blogs.uninter.edu.mx\/ENDECS\/wp-content\/uploads\/2019\/06\/Blog-ENDECS.jpg\",\"contentUrl\":\"https:\/\/blogs.uninter.edu.mx\/ENDECS\/wp-content\/uploads\/2019\/06\/Blog-ENDECS.jpg\",\"width\":1020,\"height\":317,\"caption\":\"ENDECS - UNINTER\"},\"image\":{\"@id\":\"https:\/\/blogs.uninter.edu.mx\/ENDECS\/#\/schema\/logo\/image\/\"}},{\"@type\":\"Person\",\"@id\":\"https:\/\/blogs.uninter.edu.mx\/ENDECS\/#\/schema\/person\/97ca43ad49f1da4098be6d057658e37d\",\"name\":\"Ldelvalle\",\"image\":{\"@type\":\"ImageObject\",\"inLanguage\":\"es\",\"@id\":\"https:\/\/blogs.uninter.edu.mx\/ENDECS\/#\/schema\/person\/image\/\",\"url\":\"https:\/\/secure.gravatar.com\/avatar\/499a46f05e3934f48bb5380318572e8a1b0351da9478f4c0d5976cf9bb96dbf3?s=96&d=mm&r=g\",\"contentUrl\":\"https:\/\/secure.gravatar.com\/avatar\/499a46f05e3934f48bb5380318572e8a1b0351da9478f4c0d5976cf9bb96dbf3?s=96&d=mm&r=g\",\"caption\":\"Ldelvalle\"},\"url\":\"https:\/\/blogs.uninter.edu.mx\/ENDECS\/index.php\/author\/ldelvalle\/\"}]}<\/script>\r\n<!-- \/ Yoast SEO plugin. -->","yoast_head_json":{"title":"Incendio en el Amazonas: \u00bfUna cuesti\u00f3n pol\u00edtica? - ENDECS","description":"El incendio en el amazonas va m\u00e1s all\u00e1 de una cuesti\u00f3n ecol\u00f3gica. Dentro de esta gran reserva natural se da m\u00e1s pol\u00edtica de lo que pareciera.","robots":{"index":"index","follow":"follow","max-snippet":"max-snippet:-1","max-image-preview":"max-image-preview:large","max-video-preview":"max-video-preview:-1"},"canonical":"https:\/\/blogs.uninter.edu.mx\/ENDECS\/index.php\/2019\/09\/13\/incendio-en-el-amazonas\/","og_locale":"es_MX","og_type":"article","og_title":"Incendio en el Amazonas: \u00bfUna cuesti\u00f3n pol\u00edtica? - ENDECS","og_description":"El incendio en el amazonas va m\u00e1s all\u00e1 de una cuesti\u00f3n ecol\u00f3gica. Dentro de esta gran reserva natural se da m\u00e1s pol\u00edtica de lo que pareciera.","og_url":"https:\/\/blogs.uninter.edu.mx\/ENDECS\/index.php\/2019\/09\/13\/incendio-en-el-amazonas\/","og_site_name":"ENDECS","article_published_time":"2019-09-13T18:45:42+00:00","article_modified_time":"2023-07-07T15:50:51+00:00","og_image":[{"url":"https:\/\/images.clarin.com\/2019\/08\/26\/el-fuego-en-el-estados___r6BCNA6hQ_1256x620__3.jpg#1566857142542","type":"","width":"","height":""}],"author":"Ldelvalle","twitter_card":"summary_large_image","twitter_misc":{"Escrito por":"Ldelvalle","Tiempo de lectura":"8 minutos"},"schema":{"@context":"https:\/\/schema.org","@graph":[{"@type":"Article","@id":"https:\/\/blogs.uninter.edu.mx\/ENDECS\/index.php\/2019\/09\/13\/incendio-en-el-amazonas\/#article","isPartOf":{"@id":"https:\/\/blogs.uninter.edu.mx\/ENDECS\/index.php\/2019\/09\/13\/incendio-en-el-amazonas\/"},"author":{"name":"Ldelvalle","@id":"https:\/\/blogs.uninter.edu.mx\/ENDECS\/#\/schema\/person\/97ca43ad49f1da4098be6d057658e37d"},"headline":"Incendio en el Amazonas: \u00bfUna cuesti\u00f3n pol\u00edtica?","datePublished":"2019-09-13T18:45:42+00:00","dateModified":"2023-07-07T15:50:51+00:00","mainEntityOfPage":{"@id":"https:\/\/blogs.uninter.edu.mx\/ENDECS\/index.php\/2019\/09\/13\/incendio-en-el-amazonas\/"},"wordCount":1723,"commentCount":0,"publisher":{"@id":"https:\/\/blogs.uninter.edu.mx\/ENDECS\/#organization"},"image":{"@id":"https:\/\/blogs.uninter.edu.mx\/ENDECS\/index.php\/2019\/09\/13\/incendio-en-el-amazonas\/#primaryimage"},"thumbnailUrl":"https:\/\/images.clarin.com\/2019\/08\/26\/el-fuego-en-el-estados___r6BCNA6hQ_1256x620__3.jpg#1566857142542","keywords":["AMAZONAS","econom\u00eda","ENDECS","POL\u00cdTICA","RICP","UNINTER"],"articleSection":["ENDECS","Estudiantes destacados"],"inLanguage":"es","potentialAction":[{"@type":"CommentAction","name":"Comment","target":["https:\/\/blogs.uninter.edu.mx\/ENDECS\/index.php\/2019\/09\/13\/incendio-en-el-amazonas\/#respond"]}]},{"@type":"WebPage","@id":"https:\/\/blogs.uninter.edu.mx\/ENDECS\/index.php\/2019\/09\/13\/incendio-en-el-amazonas\/","url":"https:\/\/blogs.uninter.edu.mx\/ENDECS\/index.php\/2019\/09\/13\/incendio-en-el-amazonas\/","name":"Incendio en el Amazonas: \u00bfUna cuesti\u00f3n pol\u00edtica? - ENDECS","isPartOf":{"@id":"https:\/\/blogs.uninter.edu.mx\/ENDECS\/#website"},"primaryImageOfPage":{"@id":"https:\/\/blogs.uninter.edu.mx\/ENDECS\/index.php\/2019\/09\/13\/incendio-en-el-amazonas\/#primaryimage"},"image":{"@id":"https:\/\/blogs.uninter.edu.mx\/ENDECS\/index.php\/2019\/09\/13\/incendio-en-el-amazonas\/#primaryimage"},"thumbnailUrl":"https:\/\/images.clarin.com\/2019\/08\/26\/el-fuego-en-el-estados___r6BCNA6hQ_1256x620__3.jpg#1566857142542","datePublished":"2019-09-13T18:45:42+00:00","dateModified":"2023-07-07T15:50:51+00:00","description":"El incendio en el amazonas va m\u00e1s all\u00e1 de una cuesti\u00f3n ecol\u00f3gica. Dentro de esta gran reserva natural se da m\u00e1s pol\u00edtica de lo que pareciera.","breadcrumb":{"@id":"https:\/\/blogs.uninter.edu.mx\/ENDECS\/index.php\/2019\/09\/13\/incendio-en-el-amazonas\/#breadcrumb"},"inLanguage":"es","potentialAction":[{"@type":"ReadAction","target":["https:\/\/blogs.uninter.edu.mx\/ENDECS\/index.php\/2019\/09\/13\/incendio-en-el-amazonas\/"]}]},{"@type":"ImageObject","inLanguage":"es","@id":"https:\/\/blogs.uninter.edu.mx\/ENDECS\/index.php\/2019\/09\/13\/incendio-en-el-amazonas\/#primaryimage","url":"https:\/\/images.clarin.com\/2019\/08\/26\/el-fuego-en-el-estados___r6BCNA6hQ_1256x620__3.jpg#1566857142542","contentUrl":"https:\/\/images.clarin.com\/2019\/08\/26\/el-fuego-en-el-estados___r6BCNA6hQ_1256x620__3.jpg#1566857142542"},{"@type":"BreadcrumbList","@id":"https:\/\/blogs.uninter.edu.mx\/ENDECS\/index.php\/2019\/09\/13\/incendio-en-el-amazonas\/#breadcrumb","itemListElement":[{"@type":"ListItem","position":1,"name":"Inicio","item":"https:\/\/blogs.uninter.edu.mx\/ENDECS\/"},{"@type":"ListItem","position":2,"name":"Incendio en el Amazonas: \u00bfUna cuesti\u00f3n pol\u00edtica?"}]},{"@type":"WebSite","@id":"https:\/\/blogs.uninter.edu.mx\/ENDECS\/#website","url":"https:\/\/blogs.uninter.edu.mx\/ENDECS\/","name":"ENDECS","description":"Escuela de Negocios Derecho y Ciencias Sociales","publisher":{"@id":"https:\/\/blogs.uninter.edu.mx\/ENDECS\/#organization"},"potentialAction":[{"@type":"SearchAction","target":{"@type":"EntryPoint","urlTemplate":"https:\/\/blogs.uninter.edu.mx\/ENDECS\/?s={search_term_string}"},"query-input":{"@type":"PropertyValueSpecification","valueRequired":true,"valueName":"search_term_string"}}],"inLanguage":"es"},{"@type":"Organization","@id":"https:\/\/blogs.uninter.edu.mx\/ENDECS\/#organization","name":"ENDECS - UNINTER","url":"https:\/\/blogs.uninter.edu.mx\/ENDECS\/","logo":{"@type":"ImageObject","inLanguage":"es","@id":"https:\/\/blogs.uninter.edu.mx\/ENDECS\/#\/schema\/logo\/image\/","url":"https:\/\/blogs.uninter.edu.mx\/ENDECS\/wp-content\/uploads\/2019\/06\/Blog-ENDECS.jpg","contentUrl":"https:\/\/blogs.uninter.edu.mx\/ENDECS\/wp-content\/uploads\/2019\/06\/Blog-ENDECS.jpg","width":1020,"height":317,"caption":"ENDECS - UNINTER"},"image":{"@id":"https:\/\/blogs.uninter.edu.mx\/ENDECS\/#\/schema\/logo\/image\/"}},{"@type":"Person","@id":"https:\/\/blogs.uninter.edu.mx\/ENDECS\/#\/schema\/person\/97ca43ad49f1da4098be6d057658e37d","name":"Ldelvalle","image":{"@type":"ImageObject","inLanguage":"es","@id":"https:\/\/blogs.uninter.edu.mx\/ENDECS\/#\/schema\/person\/image\/","url":"https:\/\/secure.gravatar.com\/avatar\/499a46f05e3934f48bb5380318572e8a1b0351da9478f4c0d5976cf9bb96dbf3?s=96&d=mm&r=g","contentUrl":"https:\/\/secure.gravatar.com\/avatar\/499a46f05e3934f48bb5380318572e8a1b0351da9478f4c0d5976cf9bb96dbf3?s=96&d=mm&r=g","caption":"Ldelvalle"},"url":"https:\/\/blogs.uninter.edu.mx\/ENDECS\/index.php\/author\/ldelvalle\/"}]}},"jetpack_publicize_connections":[],"jetpack_featured_media_url":"","jetpack_sharing_enabled":true,"_links":{"self":[{"href":"https:\/\/blogs.uninter.edu.mx\/ENDECS\/index.php\/wp-json\/wp\/v2\/posts\/892","targetHints":{"allow":["GET"]}}],"collection":[{"href":"https:\/\/blogs.uninter.edu.mx\/ENDECS\/index.php\/wp-json\/wp\/v2\/posts"}],"about":[{"href":"https:\/\/blogs.uninter.edu.mx\/ENDECS\/index.php\/wp-json\/wp\/v2\/types\/post"}],"author":[{"embeddable":true,"href":"https:\/\/blogs.uninter.edu.mx\/ENDECS\/index.php\/wp-json\/wp\/v2\/users\/10"}],"replies":[{"embeddable":true,"href":"https:\/\/blogs.uninter.edu.mx\/ENDECS\/index.php\/wp-json\/wp\/v2\/comments?post=892"}],"version-history":[{"count":5,"href":"https:\/\/blogs.uninter.edu.mx\/ENDECS\/index.php\/wp-json\/wp\/v2\/posts\/892\/revisions"}],"predecessor-version":[{"id":8653,"href":"https:\/\/blogs.uninter.edu.mx\/ENDECS\/index.php\/wp-json\/wp\/v2\/posts\/892\/revisions\/8653"}],"wp:attachment":[{"href":"https:\/\/blogs.uninter.edu.mx\/ENDECS\/index.php\/wp-json\/wp\/v2\/media?parent=892"}],"wp:term":[{"taxonomy":"category","embeddable":true,"href":"https:\/\/blogs.uninter.edu.mx\/ENDECS\/index.php\/wp-json\/wp\/v2\/categories?post=892"},{"taxonomy":"post_tag","embeddable":true,"href":"https:\/\/blogs.uninter.edu.mx\/ENDECS\/index.php\/wp-json\/wp\/v2\/tags?post=892"}],"curies":[{"name":"wp","href":"https:\/\/api.w.org\/{rel}","templated":true}]}}