{"id":27692,"date":"2019-05-29T20:42:37","date_gmt":"2019-05-30T01:42:37","guid":{"rendered":"https:\/\/blogs.uninter.edu.mx\/ESCAT\/?p=27692"},"modified":"2019-05-17T18:03:13","modified_gmt":"2019-05-17T23:03:13","slug":"braille","status":"publish","type":"post","link":"https:\/\/blogs.uninter.edu.mx\/ESCAT\/index.php\/braille\/","title":{"rendered":"El braille como protagonista del dise\u00f1o #NoticiasESCAT"},"content":{"rendered":"\n<div class=\"wp-block-image\"><figure class=\"aligncenter\"><a href=\"https:\/\/www.facebook.com\/EscatUninter\/\"><img loading=\"lazy\" decoding=\"async\" width=\"150\" height=\"150\" src=\"https:\/\/blogs.uninter.edu.mx\/ESCAT\/wp-content\/uploads\/2019\/05\/ESCAT-150x150.png\" alt=\"ESCAT-Uninter\" class=\"wp-image-27605\" srcset=\"https:\/\/blogs.uninter.edu.mx\/ESCAT\/wp-content\/uploads\/2019\/05\/ESCAT-150x150.png 150w, https:\/\/blogs.uninter.edu.mx\/ESCAT\/wp-content\/uploads\/2019\/05\/ESCAT-150x150-50x50.png 50w\" sizes=\"auto, (max-width: 150px) 100vw, 150px\" \/><\/a><\/figure><\/div>\n\n\n\n<p>En los \u00faltimos a\u00f1os, han surgido una multitud de creativos y proyectos que muestran su sensibilidad hacia los colectivos formados por personas con discapacidad. <\/p>\n\n\n\n<!--more-->\n\n\n\n<p>En este sentido, encontramos, como ya hemos mencionado, a Yurena Rivero S\u00e1nchez, alumna de Dise\u00f1o Integral y Gesti\u00f3n de la Imagen de la Universidad Rey Juan Carlos de Madrid, que en su TFG defiende la necesidad del braille en los productos de consumo (este trabajo particip\u00f3 en la 6\u00aa Edici\u00f3n de los\u00a0<a rel=\"noreferrer noopener\" href=\"https:\/\/graffica.info\/ganadores-de-los-premios-acento-g-2018\/\" target=\"_blank\">Premios Acento G<\/a>). Incluso las grandes empresas como\u00a0<a rel=\"noreferrer noopener\" href=\"https:\/\/graffica.info\/apple-emojis-personas-con-discapacidad\/\" target=\"_blank\">Apple<\/a>\u00a0o\u00a0<a rel=\"noreferrer noopener\" href=\"https:\/\/graffica.info\/blitab-la-primera-tableta-tactil-para-personas-con-discapacidad-visual\/\" target=\"_blank\">Kristina Tsvetanova<\/a>, esta \u00faltima con una tableta t\u00e1ctil, se han sumado a la causa.<\/p>\n\n\n\n<p>Bajo la marca comercial DOT STORY, se ha lanzado un nuevo&nbsp;<em>packaging,&nbsp;<\/em>dise\u00f1ado por Vytas Palavinskas cuyo p\u00fablico esencial \u2014que no exclusivo\u2014, son las personas con discapacidad visual. La serie de fragancias para el hogar tiene grabado en braille, en unas suaves etiquetas negras, el nombre correspondiente a cada perfume.<\/p>\n\n\n\n<figure class=\"wp-block-image\"><a href=\"https:\/\/uninter.edu.mx\/\"><img decoding=\"async\" src=\"https:\/\/graffica.info\/wp-content\/uploads\/2019\/05\/braille-packaging-3.gif\" alt=\"braille \"\/><\/a><figcaption>Braille &#8211; Packaging<\/figcaption><\/figure>\n\n\n\n<p>Una de las cosas m\u00e1s llamativas de este proyecto, es que las fragancias han sido creadas por ni\u00f1os y j\u00f3venes ciegos, colaborando juntos en una iniciativa social llamada&nbsp;<em>El mundo invisible de los olores<\/em>. El mismo nombre demuestra c\u00f3mo estas personas s\u00ed que pueden ver, pero de una manera distinta (como es, por ejemplo, a trav\u00e9s del olfato). Esta idea es uno de los principales alicientes a la hora de crear esta serie de fragancias para el hogar.<\/p>\n\n\n\n<p>Adem\u00e1s, el proyecto viene acompa\u00f1ado de un libro de cuentos que los propios ni\u00f1os han escrito. En sus p\u00e1ginas, tambi\u00e9n se ha impreso el texto en braille, facilitando la lectura para todos los interesados.<br><\/p>\n\n\n\n<h2 class=\"wp-block-heading\"><strong>Los objetivos de la iniciativa son: aumentar la socializaci\u00f3n de los ni\u00f1os ciegos, alentar su creatividad y desarrollar sus cualidades.<\/strong><\/h2>\n\n\n\n<p>Los beneficios econ\u00f3micos que reciba DOT STORY est\u00e1n destinados a la creaci\u00f3n de proyectos similares a este.<\/p>\n\n\n\n<figure class=\"wp-block-image\"><a href=\"https:\/\/uninter.edu.mx\/\"><img decoding=\"async\" src=\"https:\/\/graffica.info\/wp-content\/uploads\/2019\/05\/braille-packaging-2-1-681x1024.gif\" alt=\"braille \"\/><\/a><figcaption>Braille &#8211; Packaging<\/figcaption><\/figure>\n\n\n\n<p class=\"has-small-font-size\">Fuente: <a href=\"https:\/\/graffica.info\/braille-packaging\/\">Graffica<\/a><\/p>\n\n\n\n<p style=\"text-align:right\" class=\"has-small-font-size\"><a href=\"https:\/\/universidad.uninter.edu.mx\/carreras\/LDI\">Licenciatura en Dise\u00f1o Industrial<\/a><\/p>\n\n\n\n<p style=\"text-align:right\" class=\"has-small-font-size\"><a href=\"https:\/\/universidad.uninter.edu.mx\/carreras\/LDG\">Licenciatura en Dise\u00f1o Gr\u00e1fico<\/a><\/p>\n\n\n\n<p style=\"color:#35b485;text-align:right\" class=\"has-text-color has-small-font-size\"><a href=\"https:\/\/blogs.uninter.edu.mx\/ESCAT\/\"><strong>Otras noticias sobre dise\u00f1o&#8230;<\/strong><\/a><\/p>\n\n\n\n<div class=\"wp-block-image\"><figure class=\"aligncenter\"><a href=\"https:\/\/uninter.edu.mx\/\"><img loading=\"lazy\" decoding=\"async\" width=\"406\" height=\"62\" src=\"https:\/\/blogs.uninter.edu.mx\/ESCAT\/wp-content\/uploads\/2019\/05\/Universidad-Internacional-ESCAT.png\" alt=\"Uninter\" class=\"wp-image-27611\" srcset=\"https:\/\/blogs.uninter.edu.mx\/ESCAT\/wp-content\/uploads\/2019\/05\/Universidad-Internacional-ESCAT.png 406w, https:\/\/blogs.uninter.edu.mx\/ESCAT\/wp-content\/uploads\/2019\/05\/Universidad-Internacional-ESCAT-300x46.png 300w\" sizes=\"auto, (max-width: 406px) 100vw, 406px\" \/><\/a><\/figure><\/div>\n\n\n\n<p><br><\/p>\n","protected":false},"excerpt":{"rendered":"<p>En los \u00faltimos a\u00f1os, han surgido una multitud de creativos y proyectos que muestran su sensibilidad hacia los colectivos formados por personas con discapacidad.<\/p>\n","protected":false},"author":22,"featured_media":27694,"comment_status":"open","ping_status":"open","sticky":false,"template":"","format":"standard","meta":{"_jetpack_memberships_contains_paid_content":false,"footnotes":"","jetpack_publicize_message":"","jetpack_publicize_feature_enabled":true,"jetpack_social_post_already_shared":true,"jetpack_social_options":{"image_generator_settings":{"template":"highway","default_image_id":0,"font":"","enabled":false},"version":2}},"categories":[8,9],"tags":[290,190,97,107,31,37],"class_list":["post-27692","post","type-post","status-publish","format-standard","has-post-thumbnail","hentry","category-diseno-grafico","category-diseno-industrial","tag-braille","tag-diseno-grafico","tag-diseno-industrial","tag-escat-uninter","tag-uninter","tag-universidad-internacional"],"yoast_head":"<!-- This site is optimized with the Yoast SEO plugin v26.8 - https:\/\/yoast.com\/product\/yoast-seo-wordpress\/ -->\r\n<title>El braille como protagonista del dise\u00f1o #NoticiasESCAT - Escuela de Ciencias, Artes y Tecnolog\u00eda<\/title>\r\n<meta name=\"description\" content=\"Bajo la marca DOT STORY, se ha lanzado un nuevo packaging, dise\u00f1ado por Vytas cuyo p\u00fablico esencial, son las personas con discapacidad visual-Braille.\" \/>\r\n<meta name=\"robots\" content=\"index, follow, max-snippet:-1, max-image-preview:large, max-video-preview:-1\" \/>\r\n<link rel=\"canonical\" href=\"https:\/\/blogs.uninter.edu.mx\/ESCAT\/index.php\/braille\/\" \/>\r\n<meta property=\"og:locale\" content=\"es_MX\" \/>\r\n<meta property=\"og:type\" content=\"article\" \/>\r\n<meta property=\"og:title\" content=\"El braille como protagonista del dise\u00f1o #NoticiasESCAT - Escuela de Ciencias, Artes y Tecnolog\u00eda\" \/>\r\n<meta property=\"og:description\" content=\"Bajo la marca DOT STORY, se ha lanzado un nuevo packaging, dise\u00f1ado por Vytas cuyo p\u00fablico esencial, son las personas con discapacidad visual-Braille.\" \/>\r\n<meta property=\"og:url\" content=\"https:\/\/blogs.uninter.edu.mx\/ESCAT\/index.php\/braille\/\" \/>\r\n<meta property=\"og:site_name\" content=\"Escuela de Ciencias, Artes y Tecnolog\u00eda\" \/>\r\n<meta property=\"article:publisher\" content=\"https:\/\/www.facebook.com\/EscatUninter\/\" \/>\r\n<meta property=\"article:published_time\" content=\"2019-05-30T01:42:37+00:00\" \/>\r\n<meta property=\"og:image\" content=\"https:\/\/blogs.uninter.edu.mx\/ESCAT\/wp-content\/uploads\/2019\/05\/braille-packaging-3.gif\" \/>\r\n\t<meta property=\"og:image:width\" content=\"1200\" \/>\r\n\t<meta property=\"og:image:height\" content=\"758\" \/>\r\n\t<meta property=\"og:image:type\" content=\"image\/gif\" \/>\r\n<meta name=\"author\" content=\"EquipoEscat\" \/>\r\n<meta name=\"twitter:card\" content=\"summary_large_image\" \/>\r\n<meta name=\"twitter:image\" content=\"https:\/\/blogs.uninter.edu.mx\/ESCAT\/wp-content\/uploads\/2019\/05\/braille-packaging-3.gif\" \/>\r\n<meta name=\"twitter:creator\" content=\"@EscatUninter\" \/>\r\n<meta name=\"twitter:site\" content=\"@EscatUninter\" \/>\r\n<meta name=\"twitter:label1\" content=\"Escrito por\" \/>\n\t<meta name=\"twitter:data1\" content=\"EquipoEscat\" \/>\n\t<meta name=\"twitter:label2\" content=\"Tiempo de lectura\" \/>\n\t<meta name=\"twitter:data2\" content=\"2 minutos\" \/>\r\n<script type=\"application\/ld+json\" class=\"yoast-schema-graph\">{\"@context\":\"https:\/\/schema.org\",\"@graph\":[{\"@type\":\"Article\",\"@id\":\"https:\/\/blogs.uninter.edu.mx\/ESCAT\/index.php\/braille\/#article\",\"isPartOf\":{\"@id\":\"https:\/\/blogs.uninter.edu.mx\/ESCAT\/index.php\/braille\/\"},\"author\":{\"name\":\"EquipoEscat\",\"@id\":\"https:\/\/blogs.uninter.edu.mx\/ESCAT\/#\/schema\/person\/df7b8f33d62433cb78a2104bda02490d\"},\"headline\":\"El braille como protagonista del dise\u00f1o #NoticiasESCAT\",\"datePublished\":\"2019-05-30T01:42:37+00:00\",\"mainEntityOfPage\":{\"@id\":\"https:\/\/blogs.uninter.edu.mx\/ESCAT\/index.php\/braille\/\"},\"wordCount\":356,\"commentCount\":0,\"image\":{\"@id\":\"https:\/\/blogs.uninter.edu.mx\/ESCAT\/index.php\/braille\/#primaryimage\"},\"thumbnailUrl\":\"https:\/\/blogs.uninter.edu.mx\/ESCAT\/wp-content\/uploads\/2019\/05\/braille-packaging-3.gif\",\"keywords\":[\"Braille\",\"Dise\u00f1o Gr\u00e1fico\",\"Dise\u00f1o Industrial\",\"ESCAT Uninter\",\"Uninter\",\"Universidad Internacional\"],\"articleSection\":[\"Dise\u00f1o Gr\u00e1fico\",\"Dise\u00f1o Industrial\"],\"inLanguage\":\"es\",\"potentialAction\":[{\"@type\":\"CommentAction\",\"name\":\"Comment\",\"target\":[\"https:\/\/blogs.uninter.edu.mx\/ESCAT\/index.php\/braille\/#respond\"]}]},{\"@type\":\"WebPage\",\"@id\":\"https:\/\/blogs.uninter.edu.mx\/ESCAT\/index.php\/braille\/\",\"url\":\"https:\/\/blogs.uninter.edu.mx\/ESCAT\/index.php\/braille\/\",\"name\":\"El braille como protagonista del dise\u00f1o #NoticiasESCAT - Escuela de Ciencias, Artes y Tecnolog\u00eda\",\"isPartOf\":{\"@id\":\"https:\/\/blogs.uninter.edu.mx\/ESCAT\/#website\"},\"primaryImageOfPage\":{\"@id\":\"https:\/\/blogs.uninter.edu.mx\/ESCAT\/index.php\/braille\/#primaryimage\"},\"image\":{\"@id\":\"https:\/\/blogs.uninter.edu.mx\/ESCAT\/index.php\/braille\/#primaryimage\"},\"thumbnailUrl\":\"https:\/\/blogs.uninter.edu.mx\/ESCAT\/wp-content\/uploads\/2019\/05\/braille-packaging-3.gif\",\"datePublished\":\"2019-05-30T01:42:37+00:00\",\"author\":{\"@id\":\"https:\/\/blogs.uninter.edu.mx\/ESCAT\/#\/schema\/person\/df7b8f33d62433cb78a2104bda02490d\"},\"description\":\"Bajo la marca DOT STORY, se ha lanzado un nuevo packaging, dise\u00f1ado por Vytas cuyo p\u00fablico esencial, son las personas con discapacidad visual-Braille.\",\"breadcrumb\":{\"@id\":\"https:\/\/blogs.uninter.edu.mx\/ESCAT\/index.php\/braille\/#breadcrumb\"},\"inLanguage\":\"es\",\"potentialAction\":[{\"@type\":\"ReadAction\",\"target\":[\"https:\/\/blogs.uninter.edu.mx\/ESCAT\/index.php\/braille\/\"]}]},{\"@type\":\"ImageObject\",\"inLanguage\":\"es\",\"@id\":\"https:\/\/blogs.uninter.edu.mx\/ESCAT\/index.php\/braille\/#primaryimage\",\"url\":\"https:\/\/blogs.uninter.edu.mx\/ESCAT\/wp-content\/uploads\/2019\/05\/braille-packaging-3.gif\",\"contentUrl\":\"https:\/\/blogs.uninter.edu.mx\/ESCAT\/wp-content\/uploads\/2019\/05\/braille-packaging-3.gif\",\"width\":1200,\"height\":758},{\"@type\":\"BreadcrumbList\",\"@id\":\"https:\/\/blogs.uninter.edu.mx\/ESCAT\/index.php\/braille\/#breadcrumb\",\"itemListElement\":[{\"@type\":\"ListItem\",\"position\":1,\"name\":\"Inicio\",\"item\":\"https:\/\/blogs.uninter.edu.mx\/ESCAT\/\"},{\"@type\":\"ListItem\",\"position\":2,\"name\":\"El braille como protagonista del dise\u00f1o #NoticiasESCAT\"}]},{\"@type\":\"WebSite\",\"@id\":\"https:\/\/blogs.uninter.edu.mx\/ESCAT\/#website\",\"url\":\"https:\/\/blogs.uninter.edu.mx\/ESCAT\/\",\"name\":\"Escuela de Ciencias, Artes y Tecnolog\u00eda UNINTER\",\"description\":\"ESCAT\",\"potentialAction\":[{\"@type\":\"SearchAction\",\"target\":{\"@type\":\"EntryPoint\",\"urlTemplate\":\"https:\/\/blogs.uninter.edu.mx\/ESCAT\/?s={search_term_string}\"},\"query-input\":{\"@type\":\"PropertyValueSpecification\",\"valueRequired\":true,\"valueName\":\"search_term_string\"}}],\"inLanguage\":\"es\"},{\"@type\":\"Person\",\"@id\":\"https:\/\/blogs.uninter.edu.mx\/ESCAT\/#\/schema\/person\/df7b8f33d62433cb78a2104bda02490d\",\"name\":\"EquipoEscat\",\"image\":{\"@type\":\"ImageObject\",\"inLanguage\":\"es\",\"@id\":\"https:\/\/blogs.uninter.edu.mx\/ESCAT\/#\/schema\/person\/image\/\",\"url\":\"https:\/\/secure.gravatar.com\/avatar\/d943e53cecc7e9e13c011abf6ec7475809c7d278834bde994b19ecd58034a9ff?s=96&d=mm&r=g\",\"contentUrl\":\"https:\/\/secure.gravatar.com\/avatar\/d943e53cecc7e9e13c011abf6ec7475809c7d278834bde994b19ecd58034a9ff?s=96&d=mm&r=g\",\"caption\":\"EquipoEscat\"},\"url\":\"https:\/\/blogs.uninter.edu.mx\/ESCAT\/index.php\/author\/equipoescat\/\"}]}<\/script>\r\n<!-- \/ Yoast SEO plugin. -->","yoast_head_json":{"title":"El braille como protagonista del dise\u00f1o #NoticiasESCAT - Escuela de Ciencias, Artes y Tecnolog\u00eda","description":"Bajo la marca DOT STORY, se ha lanzado un nuevo packaging, dise\u00f1ado por Vytas cuyo p\u00fablico esencial, son las personas con discapacidad visual-Braille.","robots":{"index":"index","follow":"follow","max-snippet":"max-snippet:-1","max-image-preview":"max-image-preview:large","max-video-preview":"max-video-preview:-1"},"canonical":"https:\/\/blogs.uninter.edu.mx\/ESCAT\/index.php\/braille\/","og_locale":"es_MX","og_type":"article","og_title":"El braille como protagonista del dise\u00f1o #NoticiasESCAT - Escuela de Ciencias, Artes y Tecnolog\u00eda","og_description":"Bajo la marca DOT STORY, se ha lanzado un nuevo packaging, dise\u00f1ado por Vytas cuyo p\u00fablico esencial, son las personas con discapacidad visual-Braille.","og_url":"https:\/\/blogs.uninter.edu.mx\/ESCAT\/index.php\/braille\/","og_site_name":"Escuela de Ciencias, Artes y Tecnolog\u00eda","article_publisher":"https:\/\/www.facebook.com\/EscatUninter\/","article_published_time":"2019-05-30T01:42:37+00:00","og_image":[{"width":1200,"height":758,"url":"https:\/\/blogs.uninter.edu.mx\/ESCAT\/wp-content\/uploads\/2019\/05\/braille-packaging-3.gif","type":"image\/gif"}],"author":"EquipoEscat","twitter_card":"summary_large_image","twitter_image":"https:\/\/blogs.uninter.edu.mx\/ESCAT\/wp-content\/uploads\/2019\/05\/braille-packaging-3.gif","twitter_creator":"@EscatUninter","twitter_site":"@EscatUninter","twitter_misc":{"Escrito por":"EquipoEscat","Tiempo de lectura":"2 minutos"},"schema":{"@context":"https:\/\/schema.org","@graph":[{"@type":"Article","@id":"https:\/\/blogs.uninter.edu.mx\/ESCAT\/index.php\/braille\/#article","isPartOf":{"@id":"https:\/\/blogs.uninter.edu.mx\/ESCAT\/index.php\/braille\/"},"author":{"name":"EquipoEscat","@id":"https:\/\/blogs.uninter.edu.mx\/ESCAT\/#\/schema\/person\/df7b8f33d62433cb78a2104bda02490d"},"headline":"El braille como protagonista del dise\u00f1o #NoticiasESCAT","datePublished":"2019-05-30T01:42:37+00:00","mainEntityOfPage":{"@id":"https:\/\/blogs.uninter.edu.mx\/ESCAT\/index.php\/braille\/"},"wordCount":356,"commentCount":0,"image":{"@id":"https:\/\/blogs.uninter.edu.mx\/ESCAT\/index.php\/braille\/#primaryimage"},"thumbnailUrl":"https:\/\/blogs.uninter.edu.mx\/ESCAT\/wp-content\/uploads\/2019\/05\/braille-packaging-3.gif","keywords":["Braille","Dise\u00f1o Gr\u00e1fico","Dise\u00f1o Industrial","ESCAT Uninter","Uninter","Universidad Internacional"],"articleSection":["Dise\u00f1o Gr\u00e1fico","Dise\u00f1o Industrial"],"inLanguage":"es","potentialAction":[{"@type":"CommentAction","name":"Comment","target":["https:\/\/blogs.uninter.edu.mx\/ESCAT\/index.php\/braille\/#respond"]}]},{"@type":"WebPage","@id":"https:\/\/blogs.uninter.edu.mx\/ESCAT\/index.php\/braille\/","url":"https:\/\/blogs.uninter.edu.mx\/ESCAT\/index.php\/braille\/","name":"El braille como protagonista del dise\u00f1o #NoticiasESCAT - Escuela de Ciencias, Artes y Tecnolog\u00eda","isPartOf":{"@id":"https:\/\/blogs.uninter.edu.mx\/ESCAT\/#website"},"primaryImageOfPage":{"@id":"https:\/\/blogs.uninter.edu.mx\/ESCAT\/index.php\/braille\/#primaryimage"},"image":{"@id":"https:\/\/blogs.uninter.edu.mx\/ESCAT\/index.php\/braille\/#primaryimage"},"thumbnailUrl":"https:\/\/blogs.uninter.edu.mx\/ESCAT\/wp-content\/uploads\/2019\/05\/braille-packaging-3.gif","datePublished":"2019-05-30T01:42:37+00:00","author":{"@id":"https:\/\/blogs.uninter.edu.mx\/ESCAT\/#\/schema\/person\/df7b8f33d62433cb78a2104bda02490d"},"description":"Bajo la marca DOT STORY, se ha lanzado un nuevo packaging, dise\u00f1ado por Vytas cuyo p\u00fablico esencial, son las personas con discapacidad visual-Braille.","breadcrumb":{"@id":"https:\/\/blogs.uninter.edu.mx\/ESCAT\/index.php\/braille\/#breadcrumb"},"inLanguage":"es","potentialAction":[{"@type":"ReadAction","target":["https:\/\/blogs.uninter.edu.mx\/ESCAT\/index.php\/braille\/"]}]},{"@type":"ImageObject","inLanguage":"es","@id":"https:\/\/blogs.uninter.edu.mx\/ESCAT\/index.php\/braille\/#primaryimage","url":"https:\/\/blogs.uninter.edu.mx\/ESCAT\/wp-content\/uploads\/2019\/05\/braille-packaging-3.gif","contentUrl":"https:\/\/blogs.uninter.edu.mx\/ESCAT\/wp-content\/uploads\/2019\/05\/braille-packaging-3.gif","width":1200,"height":758},{"@type":"BreadcrumbList","@id":"https:\/\/blogs.uninter.edu.mx\/ESCAT\/index.php\/braille\/#breadcrumb","itemListElement":[{"@type":"ListItem","position":1,"name":"Inicio","item":"https:\/\/blogs.uninter.edu.mx\/ESCAT\/"},{"@type":"ListItem","position":2,"name":"El braille como protagonista del dise\u00f1o #NoticiasESCAT"}]},{"@type":"WebSite","@id":"https:\/\/blogs.uninter.edu.mx\/ESCAT\/#website","url":"https:\/\/blogs.uninter.edu.mx\/ESCAT\/","name":"Escuela de Ciencias, Artes y Tecnolog\u00eda UNINTER","description":"ESCAT","potentialAction":[{"@type":"SearchAction","target":{"@type":"EntryPoint","urlTemplate":"https:\/\/blogs.uninter.edu.mx\/ESCAT\/?s={search_term_string}"},"query-input":{"@type":"PropertyValueSpecification","valueRequired":true,"valueName":"search_term_string"}}],"inLanguage":"es"},{"@type":"Person","@id":"https:\/\/blogs.uninter.edu.mx\/ESCAT\/#\/schema\/person\/df7b8f33d62433cb78a2104bda02490d","name":"EquipoEscat","image":{"@type":"ImageObject","inLanguage":"es","@id":"https:\/\/blogs.uninter.edu.mx\/ESCAT\/#\/schema\/person\/image\/","url":"https:\/\/secure.gravatar.com\/avatar\/d943e53cecc7e9e13c011abf6ec7475809c7d278834bde994b19ecd58034a9ff?s=96&d=mm&r=g","contentUrl":"https:\/\/secure.gravatar.com\/avatar\/d943e53cecc7e9e13c011abf6ec7475809c7d278834bde994b19ecd58034a9ff?s=96&d=mm&r=g","caption":"EquipoEscat"},"url":"https:\/\/blogs.uninter.edu.mx\/ESCAT\/index.php\/author\/equipoescat\/"}]}},"jetpack_publicize_connections":[],"jetpack_featured_media_url":"https:\/\/blogs.uninter.edu.mx\/ESCAT\/wp-content\/uploads\/2019\/05\/braille-packaging-3.gif","jetpack_sharing_enabled":true,"_links":{"self":[{"href":"https:\/\/blogs.uninter.edu.mx\/ESCAT\/index.php\/wp-json\/wp\/v2\/posts\/27692","targetHints":{"allow":["GET"]}}],"collection":[{"href":"https:\/\/blogs.uninter.edu.mx\/ESCAT\/index.php\/wp-json\/wp\/v2\/posts"}],"about":[{"href":"https:\/\/blogs.uninter.edu.mx\/ESCAT\/index.php\/wp-json\/wp\/v2\/types\/post"}],"author":[{"embeddable":true,"href":"https:\/\/blogs.uninter.edu.mx\/ESCAT\/index.php\/wp-json\/wp\/v2\/users\/22"}],"replies":[{"embeddable":true,"href":"https:\/\/blogs.uninter.edu.mx\/ESCAT\/index.php\/wp-json\/wp\/v2\/comments?post=27692"}],"version-history":[{"count":5,"href":"https:\/\/blogs.uninter.edu.mx\/ESCAT\/index.php\/wp-json\/wp\/v2\/posts\/27692\/revisions"}],"predecessor-version":[{"id":28075,"href":"https:\/\/blogs.uninter.edu.mx\/ESCAT\/index.php\/wp-json\/wp\/v2\/posts\/27692\/revisions\/28075"}],"wp:featuredmedia":[{"embeddable":true,"href":"https:\/\/blogs.uninter.edu.mx\/ESCAT\/index.php\/wp-json\/wp\/v2\/media\/27694"}],"wp:attachment":[{"href":"https:\/\/blogs.uninter.edu.mx\/ESCAT\/index.php\/wp-json\/wp\/v2\/media?parent=27692"}],"wp:term":[{"taxonomy":"category","embeddable":true,"href":"https:\/\/blogs.uninter.edu.mx\/ESCAT\/index.php\/wp-json\/wp\/v2\/categories?post=27692"},{"taxonomy":"post_tag","embeddable":true,"href":"https:\/\/blogs.uninter.edu.mx\/ESCAT\/index.php\/wp-json\/wp\/v2\/tags?post=27692"}],"curies":[{"name":"wp","href":"https:\/\/api.w.org\/{rel}","templated":true}]}}