{"id":28176,"date":"2019-06-01T22:34:35","date_gmt":"2019-06-02T03:34:35","guid":{"rendered":"https:\/\/blogs.uninter.edu.mx\/ESCAT\/?p=28176"},"modified":"2019-05-22T20:03:22","modified_gmt":"2019-05-23T01:03:22","slug":"temporada-verano-y-tendencias-2019","status":"publish","type":"post","link":"https:\/\/blogs.uninter.edu.mx\/ESCAT\/index.php\/temporada-verano-y-tendencias-2019\/","title":{"rendered":"Temporada verano y tendencias 2019 #NoticiasESCAT"},"content":{"rendered":"\n<div class=\"wp-block-image\"><figure class=\"aligncenter is-resized\"><a href=\"https:\/\/www.facebook.com\/EscatUninter\/\"><img loading=\"lazy\" decoding=\"async\" src=\"https:\/\/blogs.uninter.edu.mx\/ESCAT\/wp-content\/uploads\/2019\/05\/ESCAT-150x150.png\" alt=\"ESCAT\" class=\"wp-image-27605\" width=\"118\" height=\"118\" srcset=\"https:\/\/blogs.uninter.edu.mx\/ESCAT\/wp-content\/uploads\/2019\/05\/ESCAT-150x150.png 150w, https:\/\/blogs.uninter.edu.mx\/ESCAT\/wp-content\/uploads\/2019\/05\/ESCAT-150x150-50x50.png 50w\" sizes=\"auto, (max-width: 118px) 100vw, 118px\" \/><\/a><\/figure><\/div>\n\n\n\n<p>Toma nota&nbsp;porque estas son las tendencias que se estar\u00e1n llevando durante la temporada de verano 2019 \u00a1y querr\u00e1s comenzar a usarlas ya!<\/p>\n\n\n\n<!--more-->\n\n\n\n<div class=\"wp-block-image\"><figure class=\"aligncenter\"><img loading=\"lazy\" decoding=\"async\" width=\"718\" height=\"452\" src=\"https:\/\/blogs.uninter.edu.mx\/ESCAT\/wp-content\/uploads\/2019\/05\/verano1.jpg\" alt=\"Temporada\" class=\"wp-image-28178\" srcset=\"https:\/\/blogs.uninter.edu.mx\/ESCAT\/wp-content\/uploads\/2019\/05\/verano1.jpg 718w, https:\/\/blogs.uninter.edu.mx\/ESCAT\/wp-content\/uploads\/2019\/05\/verano1-300x189.jpg 300w\" sizes=\"auto, (max-width: 718px) 100vw, 718px\" \/><\/figure><\/div>\n\n\n\n<p>Tal y como lo dice&nbsp;Carolina Herrera,&nbsp;la moda est\u00e1 en constante cambio y como ella, nosotras debemos cambiar;&nbsp;y aunque lo m\u00e1s importante es utilizar ropa que vaya con nuestro tipo de cuerpo, que nos guste y que nos haga sentir bien, las&nbsp;tendencias&nbsp;se renuevan y ahora que hemos comenzado con la temporada de calor, las marcas y dise\u00f1adores han lanzado sus propuestas m\u00e1s innovadoras para el verano y aqu\u00ed te compartimos las que seguramente querr\u00e1s comenzar a usar ya.<\/p>\n\n\n\n<h4 class=\"wp-block-heading\" style=\"text-align:left\">Blanco y negro<\/h4>\n\n\n\n<div class=\"wp-block-image\"><figure class=\"aligncenter\"><img loading=\"lazy\" decoding=\"async\" width=\"600\" height=\"900\" src=\"https:\/\/blogs.uninter.edu.mx\/ESCAT\/wp-content\/uploads\/2019\/05\/verano2.jpg\" alt=\"Temporada\" class=\"wp-image-28179\" srcset=\"https:\/\/blogs.uninter.edu.mx\/ESCAT\/wp-content\/uploads\/2019\/05\/verano2.jpg 600w, https:\/\/blogs.uninter.edu.mx\/ESCAT\/wp-content\/uploads\/2019\/05\/verano2-200x300.jpg 200w\" sizes=\"auto, (max-width: 600px) 100vw, 600px\" \/><\/figure><\/div>\n\n\n\n<p>S\u00ed, probablemente lo primero que se pasa por tu mente cuando piensas en verano es \u201ccolor\u201d, sin embargo, para esta temporada, firmas como Balmain, Valentino y Fendi apostaron por looks sencillos que funcionan en cualquier temporada: el blanco y el negro.<\/p>\n\n\n\n<h4 class=\"wp-block-heading\" style=\"text-align:left\">Demin<\/h4>\n\n\n\n<div class=\"wp-block-image\"><figure class=\"aligncenter\"><img loading=\"lazy\" decoding=\"async\" width=\"565\" height=\"1024\" src=\"https:\/\/blogs.uninter.edu.mx\/ESCAT\/wp-content\/uploads\/2019\/05\/verano3-565x1024.jpg\" alt=\"Temporada\" class=\"wp-image-28180\" srcset=\"https:\/\/blogs.uninter.edu.mx\/ESCAT\/wp-content\/uploads\/2019\/05\/verano3-565x1024.jpg 565w, https:\/\/blogs.uninter.edu.mx\/ESCAT\/wp-content\/uploads\/2019\/05\/verano3-165x300.jpg 165w, https:\/\/blogs.uninter.edu.mx\/ESCAT\/wp-content\/uploads\/2019\/05\/verano3.jpg 600w\" sizes=\"auto, (max-width: 565px) 100vw, 565px\" \/><\/figure><\/div>\n\n\n\n<p>El tejido y las texturas est\u00e1n de vuelta y este verano el protagonista ser\u00e1 el denim. La mezclilla vestir\u00e1 a todas de pies a cabeza y se complementar\u00e1 con una camisa vaquera. Tambi\u00e9n podremos ver el regreso del cuero.<\/p>\n\n\n\n<h4 class=\"wp-block-heading\" style=\"text-align:left\">Trajes de ba\u00f1o<\/h4>\n\n\n\n<div class=\"wp-block-image\"><figure class=\"aligncenter\"><img loading=\"lazy\" decoding=\"async\" width=\"1024\" height=\"983\" src=\"https:\/\/blogs.uninter.edu.mx\/ESCAT\/wp-content\/uploads\/2019\/05\/verano4-1024x983.jpg\" alt=\"Temporada\" class=\"wp-image-28181\" srcset=\"https:\/\/blogs.uninter.edu.mx\/ESCAT\/wp-content\/uploads\/2019\/05\/verano4-1024x983.jpg 1024w, https:\/\/blogs.uninter.edu.mx\/ESCAT\/wp-content\/uploads\/2019\/05\/verano4-300x288.jpg 300w, https:\/\/blogs.uninter.edu.mx\/ESCAT\/wp-content\/uploads\/2019\/05\/verano4-768x737.jpg 768w, https:\/\/blogs.uninter.edu.mx\/ESCAT\/wp-content\/uploads\/2019\/05\/verano4.jpg 1500w\" sizes=\"auto, (max-width: 1024px) 100vw, 1024px\" \/><\/figure><\/div>\n\n\n\n<p>Como sin\u00f3nimo de verano podemos encontrar: \u201ctraje de ba\u00f1o\u201d. Sin importar el color, la textura o el estilo que prefieras, lo importante ser\u00e1 contar con una o varias piezas que te permitan lograr un look divertido durante esta temporada.<\/p>\n\n\n\n<h4 class=\"wp-block-heading\" style=\"text-align:left\">Vestidos con escotes cuadrados<\/h4>\n\n\n\n<div class=\"wp-block-image\"><figure class=\"aligncenter\"><img loading=\"lazy\" decoding=\"async\" width=\"600\" height=\"619\" src=\"https:\/\/blogs.uninter.edu.mx\/ESCAT\/wp-content\/uploads\/2019\/05\/verano5.jpg\" alt=\"Temporada\" class=\"wp-image-28182\" srcset=\"https:\/\/blogs.uninter.edu.mx\/ESCAT\/wp-content\/uploads\/2019\/05\/verano5.jpg 600w, https:\/\/blogs.uninter.edu.mx\/ESCAT\/wp-content\/uploads\/2019\/05\/verano5-291x300.jpg 291w\" sizes=\"auto, (max-width: 600px) 100vw, 600px\" \/><\/figure><\/div>\n\n\n\n<p>Al igual que los trajes de ba\u00f1o, los vestidos no pueden hacer falta durante esta temporada de calor, y para este 2019 estaremos viendo much\u00edsimo el escote cuadrado.<\/p>\n\n\n\n<h4 class=\"wp-block-heading\" style=\"text-align:left\">Blusas de nudo<\/h4>\n\n\n\n<div class=\"wp-block-image\"><figure class=\"aligncenter\"><img loading=\"lazy\" decoding=\"async\" width=\"600\" height=\"900\" src=\"https:\/\/blogs.uninter.edu.mx\/ESCAT\/wp-content\/uploads\/2019\/05\/verano6.jpg\" alt=\"Temporada\" class=\"wp-image-28183\" srcset=\"https:\/\/blogs.uninter.edu.mx\/ESCAT\/wp-content\/uploads\/2019\/05\/verano6.jpg 600w, https:\/\/blogs.uninter.edu.mx\/ESCAT\/wp-content\/uploads\/2019\/05\/verano6-200x300.jpg 200w\" sizes=\"auto, (max-width: 600px) 100vw, 600px\" \/><\/figure><\/div>\n\n\n\n<p>Para mantenernos frescas y con un aire boho chic, podemos recurrir a las blusas nudo. Estas quedan genial con todo y ese peque\u00f1o detalle informal le aporta una estructura estilizada diferente.<\/p>\n\n\n\n<h4 class=\"wp-block-heading\" style=\"text-align:left\">Zapatos<\/h4>\n\n\n\n<div class=\"wp-block-image\"><figure class=\"aligncenter\"><img loading=\"lazy\" decoding=\"async\" width=\"600\" height=\"600\" src=\"https:\/\/blogs.uninter.edu.mx\/ESCAT\/wp-content\/uploads\/2019\/05\/verano7.jpg\" alt=\"Temporada\" class=\"wp-image-28184\" srcset=\"https:\/\/blogs.uninter.edu.mx\/ESCAT\/wp-content\/uploads\/2019\/05\/verano7.jpg 600w, https:\/\/blogs.uninter.edu.mx\/ESCAT\/wp-content\/uploads\/2019\/05\/verano7-150x150.jpg 150w, https:\/\/blogs.uninter.edu.mx\/ESCAT\/wp-content\/uploads\/2019\/05\/verano7-300x300.jpg 300w, https:\/\/blogs.uninter.edu.mx\/ESCAT\/wp-content\/uploads\/2019\/05\/verano7-50x50.jpg 50w\" sizes=\"auto, (max-width: 600px) 100vw, 600px\" \/><\/figure><\/div>\n\n\n\n<p>Este a\u00f1o las tendencias favorecen todos los gustos, pues podremos ver desde zapatos s\u00faper minimalistas y c\u00f3modos, hasta dise\u00f1os llenos de accesorios. Las plataformas con tacones anchos, las sandalias con estilo boho chic, las alpargatas coloridas y las sandalias con tac\u00f3n corrido ser\u00e1n tus mejores aliados.<\/p>\n\n\n\n<h4 class=\"wp-block-heading\" style=\"text-align:left\">Mochilas<\/h4>\n\n\n\n<div class=\"wp-block-image\"><figure class=\"aligncenter\"><img loading=\"lazy\" decoding=\"async\" width=\"488\" height=\"610\" src=\"https:\/\/blogs.uninter.edu.mx\/ESCAT\/wp-content\/uploads\/2019\/05\/verano8.jpg\" alt=\"Temporada\" class=\"wp-image-28185\" srcset=\"https:\/\/blogs.uninter.edu.mx\/ESCAT\/wp-content\/uploads\/2019\/05\/verano8.jpg 488w, https:\/\/blogs.uninter.edu.mx\/ESCAT\/wp-content\/uploads\/2019\/05\/verano8-240x300.jpg 240w\" sizes=\"auto, (max-width: 488px) 100vw, 488px\" \/><\/figure><\/div>\n\n\n\n<p>Durante la primavera pudimos ver como las cangureras se apropiaron de las calles, pero en verano ser\u00e1 el turno de las mochilas. Se convertir\u00e1n en el accesorio perfecto para crear un look casual de verano.<\/p>\n\n\n\n<h4 class=\"wp-block-heading\" style=\"text-align:left\">Pulseras y anillos<\/h4>\n\n\n\n<figure class=\"wp-block-image\"><img loading=\"lazy\" decoding=\"async\" width=\"600\" height=\"600\" src=\"https:\/\/blogs.uninter.edu.mx\/ESCAT\/wp-content\/uploads\/2019\/05\/verano9.jpg\" alt=\"Temporada\" class=\"wp-image-28186\" srcset=\"https:\/\/blogs.uninter.edu.mx\/ESCAT\/wp-content\/uploads\/2019\/05\/verano9.jpg 600w, https:\/\/blogs.uninter.edu.mx\/ESCAT\/wp-content\/uploads\/2019\/05\/verano9-150x150.jpg 150w, https:\/\/blogs.uninter.edu.mx\/ESCAT\/wp-content\/uploads\/2019\/05\/verano9-300x300.jpg 300w, https:\/\/blogs.uninter.edu.mx\/ESCAT\/wp-content\/uploads\/2019\/05\/verano9-50x50.jpg 50w\" sizes=\"auto, (max-width: 600px) 100vw, 600px\" \/><\/figure>\n\n\n\n<p>\u00bfRecuerdas como las manos y los brazos se llenaban de anillos y pulseras durante los 2000? Pues ahora regresan m\u00e1s fuerte que nunca. Mientras m\u00e1s llamativos, mejor.<\/p>\n\n\n\n<h4 class=\"wp-block-heading\" style=\"text-align:left\">Lentes grandes<\/h4>\n\n\n\n<div class=\"wp-block-image\"><figure class=\"aligncenter\"><img loading=\"lazy\" decoding=\"async\" width=\"600\" height=\"900\" src=\"https:\/\/blogs.uninter.edu.mx\/ESCAT\/wp-content\/uploads\/2019\/05\/verano10.jpg\" alt=\"Temporada\" class=\"wp-image-28187\" srcset=\"https:\/\/blogs.uninter.edu.mx\/ESCAT\/wp-content\/uploads\/2019\/05\/verano10.jpg 600w, https:\/\/blogs.uninter.edu.mx\/ESCAT\/wp-content\/uploads\/2019\/05\/verano10-200x300.jpg 200w\" sizes=\"auto, (max-width: 600px) 100vw, 600px\" \/><\/figure><\/div>\n\n\n\n<p>Para cuidar tus ojos de los rayos del sol, los lentes XL ser\u00e1n los protagonistas de este a\u00f1o. La moda del eyewear deja el minimalismo de lado y se decanta por los lentes grandes de estilo pantalla.<\/p>\n\n\n\n<h4 class=\"wp-block-heading\" style=\"text-align:left\">Corte de cabello<\/h4>\n\n\n\n<div class=\"wp-block-image\"><figure class=\"aligncenter\"><img loading=\"lazy\" decoding=\"async\" width=\"600\" height=\"739\" src=\"https:\/\/blogs.uninter.edu.mx\/ESCAT\/wp-content\/uploads\/2019\/05\/verano11.jpg\" alt=\"Temporada\" class=\"wp-image-28188\" srcset=\"https:\/\/blogs.uninter.edu.mx\/ESCAT\/wp-content\/uploads\/2019\/05\/verano11.jpg 600w, https:\/\/blogs.uninter.edu.mx\/ESCAT\/wp-content\/uploads\/2019\/05\/verano11-244x300.jpg 244w\" sizes=\"auto, (max-width: 600px) 100vw, 600px\" \/><\/figure><\/div>\n\n\n\n<p>Por \u00faltimo, te recordamos que las cabelleras largas ya no estar\u00e1n en tendencia. Regresan las melenas cortas y el rey del verano ser\u00e1 el corte shaggy a la altura de la mand\u00edbula. \u00a1Atr\u00e9vete! el cabello vuelve a crecer. Recuerda que no se agregan capas, ni despuntados ni flequillos.<\/p>\n\n\n\n<h6 class=\"wp-block-heading\">Fuente: <a href=\"https:\/\/laverdadnoticias.com\/estiloyvida\/Las-tendencias-para-verano-2019-que-vas-a-querer-usar-ya-20190519-0041.html\">La verdad<\/a><\/h6>\n\n\n\n<p style=\"text-align:right\"><a href=\"https:\/\/universidad.uninter.edu.mx\/carreras\/LDM\">Licenciatura en Dise\u00f1o de Modas y Tendencias Internacionales&#8230;<\/a><\/p>\n\n\n\n<p style=\"color:#2e9619;text-align:right\" class=\"has-text-color\"><a href=\"https:\/\/blogs.uninter.edu.mx\/ESCAT\/index.php\/category\/diseno-de-modas-y-tendencias-internacionales\/\">M\u00e1s noticias sobre Moda&#8230;<\/a><\/p>\n\n\n\n<div class=\"wp-block-image\"><figure class=\"aligncenter is-resized\"><a href=\"https:\/\/uninter.edu.mx\/\"><img loading=\"lazy\" decoding=\"async\" src=\"https:\/\/blogs.uninter.edu.mx\/ESCAT\/wp-content\/uploads\/2019\/05\/4-1024x154.png\" alt=\"Universidad Internacional\" class=\"wp-image-26962\" width=\"500\" height=\"75\" srcset=\"https:\/\/blogs.uninter.edu.mx\/ESCAT\/wp-content\/uploads\/2019\/05\/4-1024x154.png 1024w, https:\/\/blogs.uninter.edu.mx\/ESCAT\/wp-content\/uploads\/2019\/05\/4-300x45.png 300w, https:\/\/blogs.uninter.edu.mx\/ESCAT\/wp-content\/uploads\/2019\/05\/4-768x116.png 768w\" sizes=\"auto, (max-width: 500px) 100vw, 500px\" \/><\/a><\/figure><\/div>\n\n\n\n<p><br><\/p>\n","protected":false},"excerpt":{"rendered":"<p>Toma nota&nbsp;porque estas son las tendencias que se estar\u00e1n llevando durante la temporada de verano 2019 \u00a1y querr\u00e1s comenzar a usarlas ya!<\/p>\n","protected":false},"author":22,"featured_media":28177,"comment_status":"open","ping_status":"open","sticky":false,"template":"","format":"standard","meta":{"_jetpack_memberships_contains_paid_content":false,"footnotes":"","jetpack_publicize_message":"","jetpack_publicize_feature_enabled":true,"jetpack_social_post_already_shared":true,"jetpack_social_options":{"image_generator_settings":{"template":"highway","default_image_id":0,"font":"","enabled":false},"version":2}},"categories":[7,10],"tags":[355,370,368,369,367,32,89,31,37],"class_list":["post-28176","post","type-post","status-publish","format-standard","has-post-thumbnail","hentry","category-diseno-de-modas-y-tendencias-internacionales","category-disenos","tag-355","tag-accesorios","tag-look","tag-ropa","tag-verano","tag-escat","tag-tendencias","tag-uninter","tag-universidad-internacional"],"yoast_head":"<!-- This site is optimized with the Yoast SEO plugin v26.8 - https:\/\/yoast.com\/product\/yoast-seo-wordpress\/ -->\r\n<title>Temporada verano y tendencias 2019 #NoticiasESCAT - Escuela de Ciencias, Artes y Tecnolog\u00eda<\/title>\r\n<meta name=\"description\" content=\"Toma nota porque estas son las tendencias que se estar\u00e1n llevando durante la temporada de verano 2019 \u00a1y querr\u00e1s comenzar a usarlas ya!\" \/>\r\n<meta name=\"robots\" content=\"index, follow, max-snippet:-1, max-image-preview:large, max-video-preview:-1\" \/>\r\n<link rel=\"canonical\" href=\"https:\/\/blogs.uninter.edu.mx\/ESCAT\/index.php\/temporada-verano-y-tendencias-2019\/\" \/>\r\n<meta property=\"og:locale\" content=\"es_MX\" \/>\r\n<meta property=\"og:type\" content=\"article\" \/>\r\n<meta property=\"og:title\" content=\"Temporada verano y tendencias 2019 #NoticiasESCAT - Escuela de Ciencias, Artes y Tecnolog\u00eda\" \/>\r\n<meta property=\"og:description\" content=\"Toma nota porque estas son las tendencias que se estar\u00e1n llevando durante la temporada de verano 2019 \u00a1y querr\u00e1s comenzar a usarlas ya!\" \/>\r\n<meta property=\"og:url\" content=\"https:\/\/blogs.uninter.edu.mx\/ESCAT\/index.php\/temporada-verano-y-tendencias-2019\/\" \/>\r\n<meta property=\"og:site_name\" content=\"Escuela de Ciencias, Artes y Tecnolog\u00eda\" \/>\r\n<meta property=\"article:publisher\" content=\"https:\/\/www.facebook.com\/EscatUninter\/\" \/>\r\n<meta property=\"article:published_time\" content=\"2019-06-02T03:34:35+00:00\" \/>\r\n<meta property=\"og:image\" content=\"https:\/\/blogs.uninter.edu.mx\/ESCAT\/wp-content\/uploads\/2019\/05\/verano.jpg\" \/>\r\n\t<meta property=\"og:image:width\" content=\"1200\" \/>\r\n\t<meta property=\"og:image:height\" content=\"867\" \/>\r\n\t<meta property=\"og:image:type\" content=\"image\/jpeg\" \/>\r\n<meta name=\"author\" content=\"EquipoEscat\" \/>\r\n<meta name=\"twitter:card\" content=\"summary_large_image\" \/>\r\n<meta name=\"twitter:image\" content=\"https:\/\/blogs.uninter.edu.mx\/ESCAT\/wp-content\/uploads\/2019\/05\/verano.jpg\" \/>\r\n<meta name=\"twitter:creator\" content=\"@EscatUninter\" \/>\r\n<meta name=\"twitter:site\" content=\"@EscatUninter\" \/>\r\n<meta name=\"twitter:label1\" content=\"Escrito por\" \/>\n\t<meta name=\"twitter:data1\" content=\"EquipoEscat\" \/>\n\t<meta name=\"twitter:label2\" content=\"Tiempo de lectura\" \/>\n\t<meta name=\"twitter:data2\" content=\"3 minutos\" \/>\r\n<script type=\"application\/ld+json\" class=\"yoast-schema-graph\">{\"@context\":\"https:\/\/schema.org\",\"@graph\":[{\"@type\":\"Article\",\"@id\":\"https:\/\/blogs.uninter.edu.mx\/ESCAT\/index.php\/temporada-verano-y-tendencias-2019\/#article\",\"isPartOf\":{\"@id\":\"https:\/\/blogs.uninter.edu.mx\/ESCAT\/index.php\/temporada-verano-y-tendencias-2019\/\"},\"author\":{\"name\":\"EquipoEscat\",\"@id\":\"https:\/\/blogs.uninter.edu.mx\/ESCAT\/#\/schema\/person\/df7b8f33d62433cb78a2104bda02490d\"},\"headline\":\"Temporada verano y tendencias 2019 #NoticiasESCAT\",\"datePublished\":\"2019-06-02T03:34:35+00:00\",\"mainEntityOfPage\":{\"@id\":\"https:\/\/blogs.uninter.edu.mx\/ESCAT\/index.php\/temporada-verano-y-tendencias-2019\/\"},\"wordCount\":553,\"commentCount\":0,\"image\":{\"@id\":\"https:\/\/blogs.uninter.edu.mx\/ESCAT\/index.php\/temporada-verano-y-tendencias-2019\/#primaryimage\"},\"thumbnailUrl\":\"https:\/\/blogs.uninter.edu.mx\/ESCAT\/wp-content\/uploads\/2019\/05\/verano.jpg\",\"keywords\":[\"#2019\",\"#Accesorios\",\"#Look\",\"#Ropa\",\"#Verano\",\"ESCAT\",\"Tendencias\",\"Uninter\",\"Universidad Internacional\"],\"articleSection\":[\"Dise\u00f1o de Modas y Tendencias Internacionales\",\"Dise\u00f1os\"],\"inLanguage\":\"es\",\"potentialAction\":[{\"@type\":\"CommentAction\",\"name\":\"Comment\",\"target\":[\"https:\/\/blogs.uninter.edu.mx\/ESCAT\/index.php\/temporada-verano-y-tendencias-2019\/#respond\"]}]},{\"@type\":\"WebPage\",\"@id\":\"https:\/\/blogs.uninter.edu.mx\/ESCAT\/index.php\/temporada-verano-y-tendencias-2019\/\",\"url\":\"https:\/\/blogs.uninter.edu.mx\/ESCAT\/index.php\/temporada-verano-y-tendencias-2019\/\",\"name\":\"Temporada verano y tendencias 2019 #NoticiasESCAT - Escuela de Ciencias, Artes y Tecnolog\u00eda\",\"isPartOf\":{\"@id\":\"https:\/\/blogs.uninter.edu.mx\/ESCAT\/#website\"},\"primaryImageOfPage\":{\"@id\":\"https:\/\/blogs.uninter.edu.mx\/ESCAT\/index.php\/temporada-verano-y-tendencias-2019\/#primaryimage\"},\"image\":{\"@id\":\"https:\/\/blogs.uninter.edu.mx\/ESCAT\/index.php\/temporada-verano-y-tendencias-2019\/#primaryimage\"},\"thumbnailUrl\":\"https:\/\/blogs.uninter.edu.mx\/ESCAT\/wp-content\/uploads\/2019\/05\/verano.jpg\",\"datePublished\":\"2019-06-02T03:34:35+00:00\",\"author\":{\"@id\":\"https:\/\/blogs.uninter.edu.mx\/ESCAT\/#\/schema\/person\/df7b8f33d62433cb78a2104bda02490d\"},\"description\":\"Toma nota porque estas son las tendencias que se estar\u00e1n llevando durante la temporada de verano 2019 \u00a1y querr\u00e1s comenzar a usarlas ya!\",\"breadcrumb\":{\"@id\":\"https:\/\/blogs.uninter.edu.mx\/ESCAT\/index.php\/temporada-verano-y-tendencias-2019\/#breadcrumb\"},\"inLanguage\":\"es\",\"potentialAction\":[{\"@type\":\"ReadAction\",\"target\":[\"https:\/\/blogs.uninter.edu.mx\/ESCAT\/index.php\/temporada-verano-y-tendencias-2019\/\"]}]},{\"@type\":\"ImageObject\",\"inLanguage\":\"es\",\"@id\":\"https:\/\/blogs.uninter.edu.mx\/ESCAT\/index.php\/temporada-verano-y-tendencias-2019\/#primaryimage\",\"url\":\"https:\/\/blogs.uninter.edu.mx\/ESCAT\/wp-content\/uploads\/2019\/05\/verano.jpg\",\"contentUrl\":\"https:\/\/blogs.uninter.edu.mx\/ESCAT\/wp-content\/uploads\/2019\/05\/verano.jpg\",\"width\":1200,\"height\":867},{\"@type\":\"BreadcrumbList\",\"@id\":\"https:\/\/blogs.uninter.edu.mx\/ESCAT\/index.php\/temporada-verano-y-tendencias-2019\/#breadcrumb\",\"itemListElement\":[{\"@type\":\"ListItem\",\"position\":1,\"name\":\"Inicio\",\"item\":\"https:\/\/blogs.uninter.edu.mx\/ESCAT\/\"},{\"@type\":\"ListItem\",\"position\":2,\"name\":\"Temporada verano y tendencias 2019 #NoticiasESCAT\"}]},{\"@type\":\"WebSite\",\"@id\":\"https:\/\/blogs.uninter.edu.mx\/ESCAT\/#website\",\"url\":\"https:\/\/blogs.uninter.edu.mx\/ESCAT\/\",\"name\":\"Escuela de Ciencias, Artes y Tecnolog\u00eda UNINTER\",\"description\":\"ESCAT\",\"potentialAction\":[{\"@type\":\"SearchAction\",\"target\":{\"@type\":\"EntryPoint\",\"urlTemplate\":\"https:\/\/blogs.uninter.edu.mx\/ESCAT\/?s={search_term_string}\"},\"query-input\":{\"@type\":\"PropertyValueSpecification\",\"valueRequired\":true,\"valueName\":\"search_term_string\"}}],\"inLanguage\":\"es\"},{\"@type\":\"Person\",\"@id\":\"https:\/\/blogs.uninter.edu.mx\/ESCAT\/#\/schema\/person\/df7b8f33d62433cb78a2104bda02490d\",\"name\":\"EquipoEscat\",\"image\":{\"@type\":\"ImageObject\",\"inLanguage\":\"es\",\"@id\":\"https:\/\/blogs.uninter.edu.mx\/ESCAT\/#\/schema\/person\/image\/\",\"url\":\"https:\/\/secure.gravatar.com\/avatar\/d943e53cecc7e9e13c011abf6ec7475809c7d278834bde994b19ecd58034a9ff?s=96&d=mm&r=g\",\"contentUrl\":\"https:\/\/secure.gravatar.com\/avatar\/d943e53cecc7e9e13c011abf6ec7475809c7d278834bde994b19ecd58034a9ff?s=96&d=mm&r=g\",\"caption\":\"EquipoEscat\"},\"url\":\"https:\/\/blogs.uninter.edu.mx\/ESCAT\/index.php\/author\/equipoescat\/\"}]}<\/script>\r\n<!-- \/ Yoast SEO plugin. -->","yoast_head_json":{"title":"Temporada verano y tendencias 2019 #NoticiasESCAT - Escuela de Ciencias, Artes y Tecnolog\u00eda","description":"Toma nota porque estas son las tendencias que se estar\u00e1n llevando durante la temporada de verano 2019 \u00a1y querr\u00e1s comenzar a usarlas ya!","robots":{"index":"index","follow":"follow","max-snippet":"max-snippet:-1","max-image-preview":"max-image-preview:large","max-video-preview":"max-video-preview:-1"},"canonical":"https:\/\/blogs.uninter.edu.mx\/ESCAT\/index.php\/temporada-verano-y-tendencias-2019\/","og_locale":"es_MX","og_type":"article","og_title":"Temporada verano y tendencias 2019 #NoticiasESCAT - Escuela de Ciencias, Artes y Tecnolog\u00eda","og_description":"Toma nota porque estas son las tendencias que se estar\u00e1n llevando durante la temporada de verano 2019 \u00a1y querr\u00e1s comenzar a usarlas ya!","og_url":"https:\/\/blogs.uninter.edu.mx\/ESCAT\/index.php\/temporada-verano-y-tendencias-2019\/","og_site_name":"Escuela de Ciencias, Artes y Tecnolog\u00eda","article_publisher":"https:\/\/www.facebook.com\/EscatUninter\/","article_published_time":"2019-06-02T03:34:35+00:00","og_image":[{"width":1200,"height":867,"url":"https:\/\/blogs.uninter.edu.mx\/ESCAT\/wp-content\/uploads\/2019\/05\/verano.jpg","type":"image\/jpeg"}],"author":"EquipoEscat","twitter_card":"summary_large_image","twitter_image":"https:\/\/blogs.uninter.edu.mx\/ESCAT\/wp-content\/uploads\/2019\/05\/verano.jpg","twitter_creator":"@EscatUninter","twitter_site":"@EscatUninter","twitter_misc":{"Escrito por":"EquipoEscat","Tiempo de lectura":"3 minutos"},"schema":{"@context":"https:\/\/schema.org","@graph":[{"@type":"Article","@id":"https:\/\/blogs.uninter.edu.mx\/ESCAT\/index.php\/temporada-verano-y-tendencias-2019\/#article","isPartOf":{"@id":"https:\/\/blogs.uninter.edu.mx\/ESCAT\/index.php\/temporada-verano-y-tendencias-2019\/"},"author":{"name":"EquipoEscat","@id":"https:\/\/blogs.uninter.edu.mx\/ESCAT\/#\/schema\/person\/df7b8f33d62433cb78a2104bda02490d"},"headline":"Temporada verano y tendencias 2019 #NoticiasESCAT","datePublished":"2019-06-02T03:34:35+00:00","mainEntityOfPage":{"@id":"https:\/\/blogs.uninter.edu.mx\/ESCAT\/index.php\/temporada-verano-y-tendencias-2019\/"},"wordCount":553,"commentCount":0,"image":{"@id":"https:\/\/blogs.uninter.edu.mx\/ESCAT\/index.php\/temporada-verano-y-tendencias-2019\/#primaryimage"},"thumbnailUrl":"https:\/\/blogs.uninter.edu.mx\/ESCAT\/wp-content\/uploads\/2019\/05\/verano.jpg","keywords":["#2019","#Accesorios","#Look","#Ropa","#Verano","ESCAT","Tendencias","Uninter","Universidad Internacional"],"articleSection":["Dise\u00f1o de Modas y Tendencias Internacionales","Dise\u00f1os"],"inLanguage":"es","potentialAction":[{"@type":"CommentAction","name":"Comment","target":["https:\/\/blogs.uninter.edu.mx\/ESCAT\/index.php\/temporada-verano-y-tendencias-2019\/#respond"]}]},{"@type":"WebPage","@id":"https:\/\/blogs.uninter.edu.mx\/ESCAT\/index.php\/temporada-verano-y-tendencias-2019\/","url":"https:\/\/blogs.uninter.edu.mx\/ESCAT\/index.php\/temporada-verano-y-tendencias-2019\/","name":"Temporada verano y tendencias 2019 #NoticiasESCAT - Escuela de Ciencias, Artes y Tecnolog\u00eda","isPartOf":{"@id":"https:\/\/blogs.uninter.edu.mx\/ESCAT\/#website"},"primaryImageOfPage":{"@id":"https:\/\/blogs.uninter.edu.mx\/ESCAT\/index.php\/temporada-verano-y-tendencias-2019\/#primaryimage"},"image":{"@id":"https:\/\/blogs.uninter.edu.mx\/ESCAT\/index.php\/temporada-verano-y-tendencias-2019\/#primaryimage"},"thumbnailUrl":"https:\/\/blogs.uninter.edu.mx\/ESCAT\/wp-content\/uploads\/2019\/05\/verano.jpg","datePublished":"2019-06-02T03:34:35+00:00","author":{"@id":"https:\/\/blogs.uninter.edu.mx\/ESCAT\/#\/schema\/person\/df7b8f33d62433cb78a2104bda02490d"},"description":"Toma nota porque estas son las tendencias que se estar\u00e1n llevando durante la temporada de verano 2019 \u00a1y querr\u00e1s comenzar a usarlas ya!","breadcrumb":{"@id":"https:\/\/blogs.uninter.edu.mx\/ESCAT\/index.php\/temporada-verano-y-tendencias-2019\/#breadcrumb"},"inLanguage":"es","potentialAction":[{"@type":"ReadAction","target":["https:\/\/blogs.uninter.edu.mx\/ESCAT\/index.php\/temporada-verano-y-tendencias-2019\/"]}]},{"@type":"ImageObject","inLanguage":"es","@id":"https:\/\/blogs.uninter.edu.mx\/ESCAT\/index.php\/temporada-verano-y-tendencias-2019\/#primaryimage","url":"https:\/\/blogs.uninter.edu.mx\/ESCAT\/wp-content\/uploads\/2019\/05\/verano.jpg","contentUrl":"https:\/\/blogs.uninter.edu.mx\/ESCAT\/wp-content\/uploads\/2019\/05\/verano.jpg","width":1200,"height":867},{"@type":"BreadcrumbList","@id":"https:\/\/blogs.uninter.edu.mx\/ESCAT\/index.php\/temporada-verano-y-tendencias-2019\/#breadcrumb","itemListElement":[{"@type":"ListItem","position":1,"name":"Inicio","item":"https:\/\/blogs.uninter.edu.mx\/ESCAT\/"},{"@type":"ListItem","position":2,"name":"Temporada verano y tendencias 2019 #NoticiasESCAT"}]},{"@type":"WebSite","@id":"https:\/\/blogs.uninter.edu.mx\/ESCAT\/#website","url":"https:\/\/blogs.uninter.edu.mx\/ESCAT\/","name":"Escuela de Ciencias, Artes y Tecnolog\u00eda UNINTER","description":"ESCAT","potentialAction":[{"@type":"SearchAction","target":{"@type":"EntryPoint","urlTemplate":"https:\/\/blogs.uninter.edu.mx\/ESCAT\/?s={search_term_string}"},"query-input":{"@type":"PropertyValueSpecification","valueRequired":true,"valueName":"search_term_string"}}],"inLanguage":"es"},{"@type":"Person","@id":"https:\/\/blogs.uninter.edu.mx\/ESCAT\/#\/schema\/person\/df7b8f33d62433cb78a2104bda02490d","name":"EquipoEscat","image":{"@type":"ImageObject","inLanguage":"es","@id":"https:\/\/blogs.uninter.edu.mx\/ESCAT\/#\/schema\/person\/image\/","url":"https:\/\/secure.gravatar.com\/avatar\/d943e53cecc7e9e13c011abf6ec7475809c7d278834bde994b19ecd58034a9ff?s=96&d=mm&r=g","contentUrl":"https:\/\/secure.gravatar.com\/avatar\/d943e53cecc7e9e13c011abf6ec7475809c7d278834bde994b19ecd58034a9ff?s=96&d=mm&r=g","caption":"EquipoEscat"},"url":"https:\/\/blogs.uninter.edu.mx\/ESCAT\/index.php\/author\/equipoescat\/"}]}},"jetpack_publicize_connections":[],"jetpack_featured_media_url":"https:\/\/blogs.uninter.edu.mx\/ESCAT\/wp-content\/uploads\/2019\/05\/verano.jpg","jetpack_sharing_enabled":true,"_links":{"self":[{"href":"https:\/\/blogs.uninter.edu.mx\/ESCAT\/index.php\/wp-json\/wp\/v2\/posts\/28176","targetHints":{"allow":["GET"]}}],"collection":[{"href":"https:\/\/blogs.uninter.edu.mx\/ESCAT\/index.php\/wp-json\/wp\/v2\/posts"}],"about":[{"href":"https:\/\/blogs.uninter.edu.mx\/ESCAT\/index.php\/wp-json\/wp\/v2\/types\/post"}],"author":[{"embeddable":true,"href":"https:\/\/blogs.uninter.edu.mx\/ESCAT\/index.php\/wp-json\/wp\/v2\/users\/22"}],"replies":[{"embeddable":true,"href":"https:\/\/blogs.uninter.edu.mx\/ESCAT\/index.php\/wp-json\/wp\/v2\/comments?post=28176"}],"version-history":[{"count":5,"href":"https:\/\/blogs.uninter.edu.mx\/ESCAT\/index.php\/wp-json\/wp\/v2\/posts\/28176\/revisions"}],"predecessor-version":[{"id":28270,"href":"https:\/\/blogs.uninter.edu.mx\/ESCAT\/index.php\/wp-json\/wp\/v2\/posts\/28176\/revisions\/28270"}],"wp:featuredmedia":[{"embeddable":true,"href":"https:\/\/blogs.uninter.edu.mx\/ESCAT\/index.php\/wp-json\/wp\/v2\/media\/28177"}],"wp:attachment":[{"href":"https:\/\/blogs.uninter.edu.mx\/ESCAT\/index.php\/wp-json\/wp\/v2\/media?parent=28176"}],"wp:term":[{"taxonomy":"category","embeddable":true,"href":"https:\/\/blogs.uninter.edu.mx\/ESCAT\/index.php\/wp-json\/wp\/v2\/categories?post=28176"},{"taxonomy":"post_tag","embeddable":true,"href":"https:\/\/blogs.uninter.edu.mx\/ESCAT\/index.php\/wp-json\/wp\/v2\/tags?post=28176"}],"curies":[{"name":"wp","href":"https:\/\/api.w.org\/{rel}","templated":true}]}}