{"id":29949,"date":"2019-07-13T08:26:21","date_gmt":"2019-07-13T13:26:21","guid":{"rendered":"https:\/\/blogs.uninter.edu.mx\/ESCAT\/?p=29949"},"modified":"2019-07-02T15:02:59","modified_gmt":"2019-07-02T20:02:59","slug":"vuelve-la-permanente","status":"publish","type":"post","link":"https:\/\/blogs.uninter.edu.mx\/ESCAT\/index.php\/vuelve-la-permanente\/","title":{"rendered":"Vuelve el hacerse &#8220;la permanente&#8221; #Moda #NoticiasESCAT"},"content":{"rendered":"\n<div class=\"wp-block-image\"><figure class=\"aligncenter is-resized\"><a href=\"https:\/\/www.facebook.com\/EscatUninter\/\"><img loading=\"lazy\" decoding=\"async\" src=\"https:\/\/blogs.uninter.edu.mx\/ESCAT\/wp-content\/uploads\/2019\/04\/ESCAT.png\" alt=\"ESCAT\" class=\"wp-image-26939\" width=\"188\" height=\"188\" srcset=\"https:\/\/blogs.uninter.edu.mx\/ESCAT\/wp-content\/uploads\/2019\/04\/ESCAT.png 394w, https:\/\/blogs.uninter.edu.mx\/ESCAT\/wp-content\/uploads\/2019\/04\/ESCAT-150x150.png 150w, https:\/\/blogs.uninter.edu.mx\/ESCAT\/wp-content\/uploads\/2019\/04\/ESCAT-300x300.png 300w, https:\/\/blogs.uninter.edu.mx\/ESCAT\/wp-content\/uploads\/2019\/04\/ESCAT-50x50.png 50w\" sizes=\"auto, (max-width: 188px) 100vw, 188px\" \/><\/a><\/figure><\/div>\n\n\n\n<p>Vuelve la permanente: la responsable de los looks capilares m\u00e1s memorables y terribles de los 80 vuelve; pero que nadie entre en p\u00e1nico, su regreso no es en forma de pelos fritos sino de suaves e insinuantes ondas.<\/p>\n\n\n\n<!--more-->\n\n\n\n<div class=\"wp-block-image\"><figure class=\"aligncenter\"><img loading=\"lazy\" decoding=\"async\" width=\"635\" height=\"480\" src=\"https:\/\/blogs.uninter.edu.mx\/ESCAT\/wp-content\/uploads\/2019\/07\/vuelve.jpg\" alt=\"Vuelve\" class=\"wp-image-29951\" srcset=\"https:\/\/blogs.uninter.edu.mx\/ESCAT\/wp-content\/uploads\/2019\/07\/vuelve.jpg 635w, https:\/\/blogs.uninter.edu.mx\/ESCAT\/wp-content\/uploads\/2019\/07\/vuelve-300x227.jpg 300w\" sizes=\"auto, (max-width: 635px) 100vw, 635px\" \/><\/figure><\/div>\n\n\n\n<p>Podemos decir que el reinado de los alisados y los pelos tiesos como tablas ha tocado a su fin y que las que tengan cabellos rizados, ondulados o incluso foscos pueden empezar a relajarse y economizar en peluquer\u00eda. Se llevan hasta los pelos afro y no pocas mujeres negras le han declarado la guerra a la keratina, en un af\u00e1n por ser m\u00e1s naturales o por reivindicar sus aut\u00e9nticas ra\u00edces.<\/p>\n\n\n\n<h4 class=\"wp-block-heading\" style=\"text-align:center\">Vuelve el pelazo.<\/h4>\n\n\n\n<p>Las curvas no solo est\u00e1n de moda en los cuerpos sino en las masas capilares. Guccy y Celine utilizaron modelos con pelos rizados en sus desfiles de primavera-verano 2019. La modelo argentina Mica Arga\u00f1araz, con su cabellera negra y encaracolada, y la actriz Natasha Lyonne, de la serie&nbsp;<em>Russian Doll<\/em>, con su melena rubia y con grandes ondas, son dos perfectas representantes del esp\u00edritu de los nuevos tiempos.<\/p>\n\n\n\n<p>El problema se cierne ahora sobre las mujeres con cabellos lisos porque lo suyo, hoy en d\u00eda, es tener un gesto, llevar un pelo vivo o exhibir las deseadas ondas surferas. \u00bfQu\u00e9 pueden hacer entonces las que quieran seguir las tendencias sin pasarse d\u00eda tras d\u00eda en la peluquer\u00eda, ondulando la melena?, \u00bfno es la permanente el \u00fanico recurso para que el agua no haga el mismo efecto que las doce campanadas a Cenicienta?<\/p>\n\n\n\n<h4 class=\"wp-block-heading\" style=\"text-align:center\">Moncho Moreno<\/h4>\n\n\n\n<p>Peluquero con dos salones en Madrid, \u201clas t\u00e9cnicas entorno a la permanente son las que menos han evolucionado en el mundo de la peluquer\u00eda; y no lo han hecho porque en los \u00faltimos 20 a\u00f1os no se han demandado muchas permanentes, as\u00ed que la investigaci\u00f3n ha ido por otros derroteros con salidas m\u00e1s comerciales, como el color o el alisado. Se podr\u00eda decir que, aunque ha habido algunos avances en esta materia, \u00e9stos no han sido demasiado revolucionarios\u201d. <\/p>\n\n\n\n<h4 class=\"wp-block-heading\" style=\"text-align:center\"><strong>Nuevas modalidades de permanentes<\/strong><\/h4>\n\n\n\n<div class=\"wp-block-image\"><figure class=\"aligncenter\"><img loading=\"lazy\" decoding=\"async\" width=\"1024\" height=\"683\" src=\"https:\/\/blogs.uninter.edu.mx\/ESCAT\/wp-content\/uploads\/2019\/07\/vuelve-1-1024x683.jpg\" alt=\"Vuelve\" class=\"wp-image-29952\" srcset=\"https:\/\/blogs.uninter.edu.mx\/ESCAT\/wp-content\/uploads\/2019\/07\/vuelve-1-1024x683.jpg 1024w, https:\/\/blogs.uninter.edu.mx\/ESCAT\/wp-content\/uploads\/2019\/07\/vuelve-1-300x200.jpg 300w, https:\/\/blogs.uninter.edu.mx\/ESCAT\/wp-content\/uploads\/2019\/07\/vuelve-1-768x512.jpg 768w\" sizes=\"auto, (max-width: 1024px) 100vw, 1024px\" \/><\/figure><\/div>\n\n\n\n<p>Algunas alternativas al modelo tradicional de rizado, son la permanente digital, creada (\u00a1c\u00f3mo no!) por los japoneses. \u00c9sta se realiza con una m\u00e1quina y da la posibilidad de elegir, durante el proceso, el acabado final con ondas m\u00e1s marcadas o m\u00e1s suaves. Pero es una t\u00e9cnica que no se&nbsp; conoce mucho en Espa\u00f1a. Se habla tambi\u00e9n de la permanente org\u00e1nica, que presume de utilizar solo productos naturales, evitando la qu\u00edmica.<\/p>\n\n\n\n<h4 class=\"wp-block-heading\" style=\"text-align:center\"> <strong>Huir del efecto uniforme<\/strong><\/h4>\n\n\n\n<p>Aberasturi cree que la permanente no es algo apto para todas, \u201cpor eso antes de aconsejarla es bueno hacer un estudio de cada pelo. Yo trato de evitarla en cabellos te\u00f1idos (puede hacerse en aquellos con un ba\u00f1o de color) muy porosos o muy finos. En los dos primeros casos, porque estropear\u00eda mucho el pelo y en el \u00faltimo porque no quedar\u00eda bien.<\/p>\n\n\n\n<p>Para las que no quieran algo tan permanente sino ocasional, existen infinidad de productos para crear m\u00e1s volumen o rizos. Los que marcan las ondas surferas a base de sprays de agua de mar o los modernos voluminizadores, porque donde hay pelo hay alegr\u00eda.<\/p>\n\n\n\n<p>Fuente: <a href=\"https:\/\/smoda.elpais.com\/moda\/atencion-vuelve-la-permanente\/\">El Pa\u00eds<\/a><\/p>\n\n\n\n<p style=\"text-align:right\"><a href=\"https:\/\/universidad.uninter.edu.mx\/carreras\/LDM\">Licenciatura en Dise\u00f1o de Modas y Tendencias Internacionales&#8230;<\/a><\/p>\n\n\n\n<p style=\"color:#427d36;text-align:right\" class=\"has-text-color\"><a href=\"https:\/\/blogs.uninter.edu.mx\/ESCAT\/index.php\/category\/diseno-de-modas-y-tendencias-internacionales\/\">M\u00e1s noticias sobre Dise\u00f1o de Modas y Tendencias Internacionales&#8230;<\/a><\/p>\n\n\n\n<div class=\"wp-block-image\"><figure class=\"aligncenter is-resized\"><a href=\"https:\/\/uninter.edu.mx\/\"><img loading=\"lazy\" decoding=\"async\" src=\"https:\/\/blogs.uninter.edu.mx\/ESCAT\/wp-content\/uploads\/2019\/06\/4-1024x154-1024x154.png\" alt=\"Universidad Internacional\" class=\"wp-image-29505\" width=\"500\" height=\"78\"\/><\/a><\/figure><\/div>\n\n\n\n<p><br><\/p>\n","protected":false},"excerpt":{"rendered":"<p>Vuelve la permanente: la responsable de los looks capilares m\u00e1s memorables y terribles de los 80 vuelve; pero que nadie entre en p\u00e1nico, su regreso no es en forma de pelos fritos sino de suaves e insinuantes ondas.<\/p>\n","protected":false},"author":22,"featured_media":29954,"comment_status":"open","ping_status":"open","sticky":false,"template":"","format":"standard","meta":{"_jetpack_memberships_contains_paid_content":false,"footnotes":"","jetpack_publicize_message":"","jetpack_publicize_feature_enabled":true,"jetpack_social_post_already_shared":true,"jetpack_social_options":{"image_generator_settings":{"template":"highway","default_image_id":0,"font":"","enabled":false},"version":2}},"categories":[7,10],"tags":[598,597,368,596,595,32,124,31,37],"class_list":["post-29949","post","type-post","status-publish","format-standard","has-post-thumbnail","hentry","category-diseno-de-modas-y-tendencias-internacionales","category-disenos","tag-cabello","tag-estilo","tag-look","tag-permanente","tag-vuelve","tag-escat","tag-moda","tag-uninter","tag-universidad-internacional"],"yoast_head":"<!-- This site is optimized with the Yoast SEO plugin v26.8 - https:\/\/yoast.com\/product\/yoast-seo-wordpress\/ -->\r\n<title>Vuelve el hacerse &quot;la permanente&quot; #Moda #NoticiasESCAT - Escuela de Ciencias, Artes y Tecnolog\u00eda<\/title>\r\n<meta name=\"description\" content=\"Vuelve la permanente: La responsable de los looks capilares m\u00e1s memorables y terribles de los 80 vuelve; pero que nadie entre en p\u00e1nico, su regreso...\" \/>\r\n<meta name=\"robots\" content=\"index, follow, max-snippet:-1, max-image-preview:large, max-video-preview:-1\" \/>\r\n<link rel=\"canonical\" href=\"https:\/\/blogs.uninter.edu.mx\/ESCAT\/index.php\/vuelve-la-permanente\/\" \/>\r\n<meta property=\"og:locale\" content=\"es_MX\" \/>\r\n<meta property=\"og:type\" content=\"article\" \/>\r\n<meta property=\"og:title\" content=\"Vuelve el hacerse &quot;la permanente&quot; #Moda #NoticiasESCAT - Escuela de Ciencias, Artes y Tecnolog\u00eda\" \/>\r\n<meta property=\"og:description\" content=\"Vuelve la permanente: La responsable de los looks capilares m\u00e1s memorables y terribles de los 80 vuelve; pero que nadie entre en p\u00e1nico, su regreso...\" \/>\r\n<meta property=\"og:url\" content=\"https:\/\/blogs.uninter.edu.mx\/ESCAT\/index.php\/vuelve-la-permanente\/\" \/>\r\n<meta property=\"og:site_name\" content=\"Escuela de Ciencias, Artes y Tecnolog\u00eda\" \/>\r\n<meta property=\"article:publisher\" content=\"https:\/\/www.facebook.com\/EscatUninter\/\" \/>\r\n<meta property=\"article:published_time\" content=\"2019-07-13T13:26:21+00:00\" \/>\r\n<meta property=\"og:image\" content=\"https:\/\/blogs.uninter.edu.mx\/ESCAT\/wp-content\/uploads\/2019\/07\/vuelve-1.jpg\" \/>\r\n\t<meta property=\"og:image:width\" content=\"2259\" \/>\r\n\t<meta property=\"og:image:height\" content=\"1506\" \/>\r\n\t<meta property=\"og:image:type\" content=\"image\/jpeg\" \/>\r\n<meta name=\"author\" content=\"EquipoEscat\" \/>\r\n<meta name=\"twitter:card\" content=\"summary_large_image\" \/>\r\n<meta name=\"twitter:image\" content=\"https:\/\/blogs.uninter.edu.mx\/ESCAT\/wp-content\/uploads\/2019\/07\/vuelve-1.jpg\" \/>\r\n<meta name=\"twitter:creator\" content=\"@EscatUninter\" \/>\r\n<meta name=\"twitter:site\" content=\"@EscatUninter\" \/>\r\n<meta name=\"twitter:label1\" content=\"Escrito por\" \/>\n\t<meta name=\"twitter:data1\" content=\"EquipoEscat\" \/>\n\t<meta name=\"twitter:label2\" content=\"Tiempo de lectura\" \/>\n\t<meta name=\"twitter:data2\" content=\"3 minutos\" \/>\r\n<script type=\"application\/ld+json\" class=\"yoast-schema-graph\">{\"@context\":\"https:\/\/schema.org\",\"@graph\":[{\"@type\":\"Article\",\"@id\":\"https:\/\/blogs.uninter.edu.mx\/ESCAT\/index.php\/vuelve-la-permanente\/#article\",\"isPartOf\":{\"@id\":\"https:\/\/blogs.uninter.edu.mx\/ESCAT\/index.php\/vuelve-la-permanente\/\"},\"author\":{\"name\":\"EquipoEscat\",\"@id\":\"https:\/\/blogs.uninter.edu.mx\/ESCAT\/#\/schema\/person\/df7b8f33d62433cb78a2104bda02490d\"},\"headline\":\"Vuelve el hacerse &#8220;la permanente&#8221; #Moda #NoticiasESCAT\",\"datePublished\":\"2019-07-13T13:26:21+00:00\",\"mainEntityOfPage\":{\"@id\":\"https:\/\/blogs.uninter.edu.mx\/ESCAT\/index.php\/vuelve-la-permanente\/\"},\"wordCount\":583,\"commentCount\":0,\"image\":{\"@id\":\"https:\/\/blogs.uninter.edu.mx\/ESCAT\/index.php\/vuelve-la-permanente\/#primaryimage\"},\"thumbnailUrl\":\"https:\/\/blogs.uninter.edu.mx\/ESCAT\/wp-content\/uploads\/2019\/07\/vuelve-2.jpg\",\"keywords\":[\"#Cabello\",\"#Estilo\",\"#Look\",\"#Permanente\",\"#Vuelve\",\"ESCAT\",\"moda\",\"Uninter\",\"Universidad Internacional\"],\"articleSection\":[\"Dise\u00f1o de Modas y Tendencias Internacionales\",\"Dise\u00f1os\"],\"inLanguage\":\"es\",\"potentialAction\":[{\"@type\":\"CommentAction\",\"name\":\"Comment\",\"target\":[\"https:\/\/blogs.uninter.edu.mx\/ESCAT\/index.php\/vuelve-la-permanente\/#respond\"]}]},{\"@type\":\"WebPage\",\"@id\":\"https:\/\/blogs.uninter.edu.mx\/ESCAT\/index.php\/vuelve-la-permanente\/\",\"url\":\"https:\/\/blogs.uninter.edu.mx\/ESCAT\/index.php\/vuelve-la-permanente\/\",\"name\":\"Vuelve el hacerse \\\"la permanente\\\" #Moda #NoticiasESCAT - Escuela de Ciencias, Artes y Tecnolog\u00eda\",\"isPartOf\":{\"@id\":\"https:\/\/blogs.uninter.edu.mx\/ESCAT\/#website\"},\"primaryImageOfPage\":{\"@id\":\"https:\/\/blogs.uninter.edu.mx\/ESCAT\/index.php\/vuelve-la-permanente\/#primaryimage\"},\"image\":{\"@id\":\"https:\/\/blogs.uninter.edu.mx\/ESCAT\/index.php\/vuelve-la-permanente\/#primaryimage\"},\"thumbnailUrl\":\"https:\/\/blogs.uninter.edu.mx\/ESCAT\/wp-content\/uploads\/2019\/07\/vuelve-2.jpg\",\"datePublished\":\"2019-07-13T13:26:21+00:00\",\"author\":{\"@id\":\"https:\/\/blogs.uninter.edu.mx\/ESCAT\/#\/schema\/person\/df7b8f33d62433cb78a2104bda02490d\"},\"description\":\"Vuelve la permanente: La responsable de los looks capilares m\u00e1s memorables y terribles de los 80 vuelve; pero que nadie entre en p\u00e1nico, su regreso...\",\"breadcrumb\":{\"@id\":\"https:\/\/blogs.uninter.edu.mx\/ESCAT\/index.php\/vuelve-la-permanente\/#breadcrumb\"},\"inLanguage\":\"es\",\"potentialAction\":[{\"@type\":\"ReadAction\",\"target\":[\"https:\/\/blogs.uninter.edu.mx\/ESCAT\/index.php\/vuelve-la-permanente\/\"]}]},{\"@type\":\"ImageObject\",\"inLanguage\":\"es\",\"@id\":\"https:\/\/blogs.uninter.edu.mx\/ESCAT\/index.php\/vuelve-la-permanente\/#primaryimage\",\"url\":\"https:\/\/blogs.uninter.edu.mx\/ESCAT\/wp-content\/uploads\/2019\/07\/vuelve-2.jpg\",\"contentUrl\":\"https:\/\/blogs.uninter.edu.mx\/ESCAT\/wp-content\/uploads\/2019\/07\/vuelve-2.jpg\",\"width\":2259,\"height\":1506,\"caption\":\"NEW YORK - SEPTEMBER 01: Actress Sarah Jessica Parker seen on the streets of Manhattan on September 1, 2009 in New York City. (Photo by Brian Ach\/WireImage)\"},{\"@type\":\"BreadcrumbList\",\"@id\":\"https:\/\/blogs.uninter.edu.mx\/ESCAT\/index.php\/vuelve-la-permanente\/#breadcrumb\",\"itemListElement\":[{\"@type\":\"ListItem\",\"position\":1,\"name\":\"Inicio\",\"item\":\"https:\/\/blogs.uninter.edu.mx\/ESCAT\/\"},{\"@type\":\"ListItem\",\"position\":2,\"name\":\"Vuelve el hacerse &#8220;la permanente&#8221; #Moda #NoticiasESCAT\"}]},{\"@type\":\"WebSite\",\"@id\":\"https:\/\/blogs.uninter.edu.mx\/ESCAT\/#website\",\"url\":\"https:\/\/blogs.uninter.edu.mx\/ESCAT\/\",\"name\":\"Escuela de Ciencias, Artes y Tecnolog\u00eda UNINTER\",\"description\":\"ESCAT\",\"potentialAction\":[{\"@type\":\"SearchAction\",\"target\":{\"@type\":\"EntryPoint\",\"urlTemplate\":\"https:\/\/blogs.uninter.edu.mx\/ESCAT\/?s={search_term_string}\"},\"query-input\":{\"@type\":\"PropertyValueSpecification\",\"valueRequired\":true,\"valueName\":\"search_term_string\"}}],\"inLanguage\":\"es\"},{\"@type\":\"Person\",\"@id\":\"https:\/\/blogs.uninter.edu.mx\/ESCAT\/#\/schema\/person\/df7b8f33d62433cb78a2104bda02490d\",\"name\":\"EquipoEscat\",\"image\":{\"@type\":\"ImageObject\",\"inLanguage\":\"es\",\"@id\":\"https:\/\/blogs.uninter.edu.mx\/ESCAT\/#\/schema\/person\/image\/\",\"url\":\"https:\/\/secure.gravatar.com\/avatar\/d943e53cecc7e9e13c011abf6ec7475809c7d278834bde994b19ecd58034a9ff?s=96&d=mm&r=g\",\"contentUrl\":\"https:\/\/secure.gravatar.com\/avatar\/d943e53cecc7e9e13c011abf6ec7475809c7d278834bde994b19ecd58034a9ff?s=96&d=mm&r=g\",\"caption\":\"EquipoEscat\"},\"url\":\"https:\/\/blogs.uninter.edu.mx\/ESCAT\/index.php\/author\/equipoescat\/\"}]}<\/script>\r\n<!-- \/ Yoast SEO plugin. -->","yoast_head_json":{"title":"Vuelve el hacerse \"la permanente\" #Moda #NoticiasESCAT - Escuela de Ciencias, Artes y Tecnolog\u00eda","description":"Vuelve la permanente: La responsable de los looks capilares m\u00e1s memorables y terribles de los 80 vuelve; pero que nadie entre en p\u00e1nico, su regreso...","robots":{"index":"index","follow":"follow","max-snippet":"max-snippet:-1","max-image-preview":"max-image-preview:large","max-video-preview":"max-video-preview:-1"},"canonical":"https:\/\/blogs.uninter.edu.mx\/ESCAT\/index.php\/vuelve-la-permanente\/","og_locale":"es_MX","og_type":"article","og_title":"Vuelve el hacerse \"la permanente\" #Moda #NoticiasESCAT - Escuela de Ciencias, Artes y Tecnolog\u00eda","og_description":"Vuelve la permanente: La responsable de los looks capilares m\u00e1s memorables y terribles de los 80 vuelve; pero que nadie entre en p\u00e1nico, su regreso...","og_url":"https:\/\/blogs.uninter.edu.mx\/ESCAT\/index.php\/vuelve-la-permanente\/","og_site_name":"Escuela de Ciencias, Artes y Tecnolog\u00eda","article_publisher":"https:\/\/www.facebook.com\/EscatUninter\/","article_published_time":"2019-07-13T13:26:21+00:00","og_image":[{"width":2259,"height":1506,"url":"https:\/\/blogs.uninter.edu.mx\/ESCAT\/wp-content\/uploads\/2019\/07\/vuelve-1.jpg","type":"image\/jpeg"}],"author":"EquipoEscat","twitter_card":"summary_large_image","twitter_image":"https:\/\/blogs.uninter.edu.mx\/ESCAT\/wp-content\/uploads\/2019\/07\/vuelve-1.jpg","twitter_creator":"@EscatUninter","twitter_site":"@EscatUninter","twitter_misc":{"Escrito por":"EquipoEscat","Tiempo de lectura":"3 minutos"},"schema":{"@context":"https:\/\/schema.org","@graph":[{"@type":"Article","@id":"https:\/\/blogs.uninter.edu.mx\/ESCAT\/index.php\/vuelve-la-permanente\/#article","isPartOf":{"@id":"https:\/\/blogs.uninter.edu.mx\/ESCAT\/index.php\/vuelve-la-permanente\/"},"author":{"name":"EquipoEscat","@id":"https:\/\/blogs.uninter.edu.mx\/ESCAT\/#\/schema\/person\/df7b8f33d62433cb78a2104bda02490d"},"headline":"Vuelve el hacerse &#8220;la permanente&#8221; #Moda #NoticiasESCAT","datePublished":"2019-07-13T13:26:21+00:00","mainEntityOfPage":{"@id":"https:\/\/blogs.uninter.edu.mx\/ESCAT\/index.php\/vuelve-la-permanente\/"},"wordCount":583,"commentCount":0,"image":{"@id":"https:\/\/blogs.uninter.edu.mx\/ESCAT\/index.php\/vuelve-la-permanente\/#primaryimage"},"thumbnailUrl":"https:\/\/blogs.uninter.edu.mx\/ESCAT\/wp-content\/uploads\/2019\/07\/vuelve-2.jpg","keywords":["#Cabello","#Estilo","#Look","#Permanente","#Vuelve","ESCAT","moda","Uninter","Universidad Internacional"],"articleSection":["Dise\u00f1o de Modas y Tendencias Internacionales","Dise\u00f1os"],"inLanguage":"es","potentialAction":[{"@type":"CommentAction","name":"Comment","target":["https:\/\/blogs.uninter.edu.mx\/ESCAT\/index.php\/vuelve-la-permanente\/#respond"]}]},{"@type":"WebPage","@id":"https:\/\/blogs.uninter.edu.mx\/ESCAT\/index.php\/vuelve-la-permanente\/","url":"https:\/\/blogs.uninter.edu.mx\/ESCAT\/index.php\/vuelve-la-permanente\/","name":"Vuelve el hacerse \"la permanente\" #Moda #NoticiasESCAT - Escuela de Ciencias, Artes y Tecnolog\u00eda","isPartOf":{"@id":"https:\/\/blogs.uninter.edu.mx\/ESCAT\/#website"},"primaryImageOfPage":{"@id":"https:\/\/blogs.uninter.edu.mx\/ESCAT\/index.php\/vuelve-la-permanente\/#primaryimage"},"image":{"@id":"https:\/\/blogs.uninter.edu.mx\/ESCAT\/index.php\/vuelve-la-permanente\/#primaryimage"},"thumbnailUrl":"https:\/\/blogs.uninter.edu.mx\/ESCAT\/wp-content\/uploads\/2019\/07\/vuelve-2.jpg","datePublished":"2019-07-13T13:26:21+00:00","author":{"@id":"https:\/\/blogs.uninter.edu.mx\/ESCAT\/#\/schema\/person\/df7b8f33d62433cb78a2104bda02490d"},"description":"Vuelve la permanente: La responsable de los looks capilares m\u00e1s memorables y terribles de los 80 vuelve; pero que nadie entre en p\u00e1nico, su regreso...","breadcrumb":{"@id":"https:\/\/blogs.uninter.edu.mx\/ESCAT\/index.php\/vuelve-la-permanente\/#breadcrumb"},"inLanguage":"es","potentialAction":[{"@type":"ReadAction","target":["https:\/\/blogs.uninter.edu.mx\/ESCAT\/index.php\/vuelve-la-permanente\/"]}]},{"@type":"ImageObject","inLanguage":"es","@id":"https:\/\/blogs.uninter.edu.mx\/ESCAT\/index.php\/vuelve-la-permanente\/#primaryimage","url":"https:\/\/blogs.uninter.edu.mx\/ESCAT\/wp-content\/uploads\/2019\/07\/vuelve-2.jpg","contentUrl":"https:\/\/blogs.uninter.edu.mx\/ESCAT\/wp-content\/uploads\/2019\/07\/vuelve-2.jpg","width":2259,"height":1506,"caption":"NEW YORK - SEPTEMBER 01: Actress Sarah Jessica Parker seen on the streets of Manhattan on September 1, 2009 in New York City. (Photo by Brian Ach\/WireImage)"},{"@type":"BreadcrumbList","@id":"https:\/\/blogs.uninter.edu.mx\/ESCAT\/index.php\/vuelve-la-permanente\/#breadcrumb","itemListElement":[{"@type":"ListItem","position":1,"name":"Inicio","item":"https:\/\/blogs.uninter.edu.mx\/ESCAT\/"},{"@type":"ListItem","position":2,"name":"Vuelve el hacerse &#8220;la permanente&#8221; #Moda #NoticiasESCAT"}]},{"@type":"WebSite","@id":"https:\/\/blogs.uninter.edu.mx\/ESCAT\/#website","url":"https:\/\/blogs.uninter.edu.mx\/ESCAT\/","name":"Escuela de Ciencias, Artes y Tecnolog\u00eda UNINTER","description":"ESCAT","potentialAction":[{"@type":"SearchAction","target":{"@type":"EntryPoint","urlTemplate":"https:\/\/blogs.uninter.edu.mx\/ESCAT\/?s={search_term_string}"},"query-input":{"@type":"PropertyValueSpecification","valueRequired":true,"valueName":"search_term_string"}}],"inLanguage":"es"},{"@type":"Person","@id":"https:\/\/blogs.uninter.edu.mx\/ESCAT\/#\/schema\/person\/df7b8f33d62433cb78a2104bda02490d","name":"EquipoEscat","image":{"@type":"ImageObject","inLanguage":"es","@id":"https:\/\/blogs.uninter.edu.mx\/ESCAT\/#\/schema\/person\/image\/","url":"https:\/\/secure.gravatar.com\/avatar\/d943e53cecc7e9e13c011abf6ec7475809c7d278834bde994b19ecd58034a9ff?s=96&d=mm&r=g","contentUrl":"https:\/\/secure.gravatar.com\/avatar\/d943e53cecc7e9e13c011abf6ec7475809c7d278834bde994b19ecd58034a9ff?s=96&d=mm&r=g","caption":"EquipoEscat"},"url":"https:\/\/blogs.uninter.edu.mx\/ESCAT\/index.php\/author\/equipoescat\/"}]}},"jetpack_publicize_connections":[],"jetpack_featured_media_url":"https:\/\/blogs.uninter.edu.mx\/ESCAT\/wp-content\/uploads\/2019\/07\/vuelve-2.jpg","jetpack_sharing_enabled":true,"_links":{"self":[{"href":"https:\/\/blogs.uninter.edu.mx\/ESCAT\/index.php\/wp-json\/wp\/v2\/posts\/29949","targetHints":{"allow":["GET"]}}],"collection":[{"href":"https:\/\/blogs.uninter.edu.mx\/ESCAT\/index.php\/wp-json\/wp\/v2\/posts"}],"about":[{"href":"https:\/\/blogs.uninter.edu.mx\/ESCAT\/index.php\/wp-json\/wp\/v2\/types\/post"}],"author":[{"embeddable":true,"href":"https:\/\/blogs.uninter.edu.mx\/ESCAT\/index.php\/wp-json\/wp\/v2\/users\/22"}],"replies":[{"embeddable":true,"href":"https:\/\/blogs.uninter.edu.mx\/ESCAT\/index.php\/wp-json\/wp\/v2\/comments?post=29949"}],"version-history":[{"count":4,"href":"https:\/\/blogs.uninter.edu.mx\/ESCAT\/index.php\/wp-json\/wp\/v2\/posts\/29949\/revisions"}],"predecessor-version":[{"id":29992,"href":"https:\/\/blogs.uninter.edu.mx\/ESCAT\/index.php\/wp-json\/wp\/v2\/posts\/29949\/revisions\/29992"}],"wp:featuredmedia":[{"embeddable":true,"href":"https:\/\/blogs.uninter.edu.mx\/ESCAT\/index.php\/wp-json\/wp\/v2\/media\/29954"}],"wp:attachment":[{"href":"https:\/\/blogs.uninter.edu.mx\/ESCAT\/index.php\/wp-json\/wp\/v2\/media?parent=29949"}],"wp:term":[{"taxonomy":"category","embeddable":true,"href":"https:\/\/blogs.uninter.edu.mx\/ESCAT\/index.php\/wp-json\/wp\/v2\/categories?post=29949"},{"taxonomy":"post_tag","embeddable":true,"href":"https:\/\/blogs.uninter.edu.mx\/ESCAT\/index.php\/wp-json\/wp\/v2\/tags?post=29949"}],"curies":[{"name":"wp","href":"https:\/\/api.w.org\/{rel}","templated":true}]}}