{"id":30266,"date":"2019-07-21T08:20:55","date_gmt":"2019-07-21T13:20:55","guid":{"rendered":"https:\/\/blogs.uninter.edu.mx\/ESCAT\/?p=30266"},"modified":"2019-07-18T20:42:56","modified_gmt":"2019-07-19T01:42:56","slug":"como-adaptar-tu-estilo-a-las-tendencias-del-verano-modaescat","status":"publish","type":"post","link":"https:\/\/blogs.uninter.edu.mx\/ESCAT\/index.php\/como-adaptar-tu-estilo-a-las-tendencias-del-verano-modaescat\/","title":{"rendered":"C\u00f3mo adaptar tu estilo a las tendencias del verano #ModaESCAT"},"content":{"rendered":"\n<div class=\"wp-block-image\"><figure class=\"aligncenter\"><a href=\"https:\/\/www.facebook.com\/EscatUninter\/\"><img loading=\"lazy\" decoding=\"async\" width=\"150\" height=\"150\" src=\"https:\/\/blogs.uninter.edu.mx\/ESCAT\/wp-content\/uploads\/2019\/07\/ESCAT-150x150.png\" alt=\"\" class=\"wp-image-29956\" srcset=\"https:\/\/blogs.uninter.edu.mx\/ESCAT\/wp-content\/uploads\/2019\/07\/ESCAT-150x150.png 150w, https:\/\/blogs.uninter.edu.mx\/ESCAT\/wp-content\/uploads\/2019\/07\/ESCAT-150x150-50x50.png 50w\" sizes=\"auto, (max-width: 150px) 100vw, 150px\" \/><\/a><\/figure><\/div>\n\n\n\n<p> \u201cLa moda de la pasarela o la que vemos en las revistas es un poco aspiracional. Busca hacernos so\u00f1ar. Por eso es muy importante descodificar las tendencias y a partir de ah\u00ed, hacerlas nuestras\u201d. <\/p>\n\n\n\n<!--more-->\n\n\n\n<p>Y en eso consisti\u00f3 precisamente el encuentro de Francesca Rinciari y Paula Delgado, responsables de estilismo de S Moda, con las lectoras de la revista que se acercaron esa ma\u00f1ana al centro\u00a0<strong>The Style Outlets\u00a0<\/strong>de San Sebasti\u00e1n de los Reyes.<\/p>\n\n\n\n<figure class=\"wp-block-image\"><img loading=\"lazy\" decoding=\"async\" width=\"635\" height=\"480\" src=\"https:\/\/blogs.uninter.edu.mx\/ESCAT\/wp-content\/uploads\/2019\/07\/verano.jpg\" alt=\"Verano\" class=\"wp-image-30268\" srcset=\"https:\/\/blogs.uninter.edu.mx\/ESCAT\/wp-content\/uploads\/2019\/07\/verano.jpg 635w, https:\/\/blogs.uninter.edu.mx\/ESCAT\/wp-content\/uploads\/2019\/07\/verano-300x227.jpg 300w\" sizes=\"auto, (max-width: 635px) 100vw, 635px\" \/><\/figure>\n\n\n\n<p> En desmitificar el aura de misterio y excentricidad que envuelve la industria, para acercarlo a la gente real y revelar esos peque\u00f1os trucos para construir un buen armario o combinar nuestras prendas seg\u00fan las claves de la temporada. Porque la moda es un arte en s\u00ed mismo, pero vestirnos tambi\u00e9n es algo funcional que hacemos cada d\u00eda. Y no vale hacerlo de cualquier forma. Queremos que cada prenda hable de nosotras sin renunciar a lo que se lleva en ese momento. <\/p>\n\n\n\n<figure class=\"wp-block-video aligncenter\"><video controls src=\"https:\/\/smoda.elpais.com\/moda\/como-adaptar-tu-estilo-a-las-tendencias-del-verano\"><\/video><\/figure>\n\n\n\n<p> En un fabuloso espacio creado para la ocasi\u00f3n en el centro&nbsp;<em>outlet<\/em>&nbsp;de San Sebastian de los Reyes, las expertas compartieron, rodeadas de un centenar de marcas, tanto trucos de estilismo como divertidas an\u00e9cdotas con&nbsp;<em>celebrites<\/em>&nbsp;que les ha brindado su profesi\u00f3n.&nbsp;Desde que abriera el primer outlet en Espa\u00f1a en 1996, (Las Rozas The Style Outlets), la firma ha hecho una importante labor por democratizar la moda, acercando al gran p\u00fablico las marcas m\u00e1s importantes del sector y las tendencias que dictan los dise\u00f1adores. <\/p>\n\n\n\n<figure class=\"wp-block-image\"><img loading=\"lazy\" decoding=\"async\" width=\"1024\" height=\"683\" src=\"https:\/\/blogs.uninter.edu.mx\/ESCAT\/wp-content\/uploads\/2019\/07\/Verano-2-1024x683.jpg\" alt=\"\" class=\"wp-image-30269\" srcset=\"https:\/\/blogs.uninter.edu.mx\/ESCAT\/wp-content\/uploads\/2019\/07\/Verano-2-1024x683.jpg 1024w, https:\/\/blogs.uninter.edu.mx\/ESCAT\/wp-content\/uploads\/2019\/07\/Verano-2-300x200.jpg 300w, https:\/\/blogs.uninter.edu.mx\/ESCAT\/wp-content\/uploads\/2019\/07\/Verano-2-768x512.jpg 768w, https:\/\/blogs.uninter.edu.mx\/ESCAT\/wp-content\/uploads\/2019\/07\/Verano-2.jpg 1200w\" sizes=\"auto, (max-width: 1024px) 100vw, 1024px\" \/><\/figure>\n\n\n\n<p>Tambi\u00e9n esa imagen generalizada que ten\u00edamos de los&nbsp;<em>outlets<\/em>&nbsp;ha evolucionado. \u201cLa idea que ten\u00edamos antes de un&nbsp;<em>outlet<\/em>&nbsp;consist\u00eda en ir a buscar un chollo, como de temporadas muy pasadas, y de repente hemos descubierto que para nada, que es una buena ocasi\u00f3n para encontrar productos de temporada a un buen precio\u201d, confesaban las estilistas. <\/p>\n\n\n\n<figure class=\"wp-block-image\"><img loading=\"lazy\" decoding=\"async\" width=\"1024\" height=\"683\" src=\"https:\/\/blogs.uninter.edu.mx\/ESCAT\/wp-content\/uploads\/2019\/07\/verano-3-1024x683.jpg\" alt=\"Verano\" class=\"wp-image-30270\" srcset=\"https:\/\/blogs.uninter.edu.mx\/ESCAT\/wp-content\/uploads\/2019\/07\/verano-3-1024x683.jpg 1024w, https:\/\/blogs.uninter.edu.mx\/ESCAT\/wp-content\/uploads\/2019\/07\/verano-3-300x200.jpg 300w, https:\/\/blogs.uninter.edu.mx\/ESCAT\/wp-content\/uploads\/2019\/07\/verano-3-768x512.jpg 768w, https:\/\/blogs.uninter.edu.mx\/ESCAT\/wp-content\/uploads\/2019\/07\/verano-3.jpg 1200w\" sizes=\"auto, (max-width: 1024px) 100vw, 1024px\" \/><\/figure>\n\n\n\n<h3 class=\"wp-block-heading\"><strong>Las prendas claves de la temporada<\/strong><\/h3>\n\n\n\n<p>La ca\u00edda del muro que separaba el armario masculino del femenino marca el transcurso de la moda. \u201cSe lleva much\u00edsimo la combinaci\u00f3n de americana y pantal\u00f3n sastre del mismo color y tejido. Pero ya no es el t\u00edpico traje de ejecutiva, sino algo m\u00e1s suelto e informal\u201d, apuntaban las expertas. \u201cLe puedes meter un b\u00e1sico y un tac\u00f3n para ir a la oficina, o una sandalia plana y un sombrero y romperlo totalmente. Queda ideal y no puede faltar esta temporada\u201d. Una prenda tan necesaria como las gabardinas, los&nbsp;<em>blazer<\/em>&nbsp;y, por supuesto, los monos. \u201cSon imprescindibles y comod\u00edsimos para trabajar. Si hac\u00e9is un barrido por las tiendas de The Style Outlets encontrar\u00e9is monos de todos los formatos: de pantal\u00f3n corto, de tirantes, de lino, de algod\u00f3n\u201d.<\/p>\n\n\n\n<div class=\"wp-block-image\"><figure class=\"aligncenter\"><img loading=\"lazy\" decoding=\"async\" width=\"1024\" height=\"683\" src=\"https:\/\/blogs.uninter.edu.mx\/ESCAT\/wp-content\/uploads\/2019\/07\/verano-4-1024x683.jpg\" alt=\"Verano\" class=\"wp-image-30271\" srcset=\"https:\/\/blogs.uninter.edu.mx\/ESCAT\/wp-content\/uploads\/2019\/07\/verano-4-1024x683.jpg 1024w, https:\/\/blogs.uninter.edu.mx\/ESCAT\/wp-content\/uploads\/2019\/07\/verano-4-300x200.jpg 300w, https:\/\/blogs.uninter.edu.mx\/ESCAT\/wp-content\/uploads\/2019\/07\/verano-4-768x512.jpg 768w, https:\/\/blogs.uninter.edu.mx\/ESCAT\/wp-content\/uploads\/2019\/07\/verano-4.jpg 1200w\" sizes=\"auto, (max-width: 1024px) 100vw, 1024px\" \/><figcaption> <br>Vaqueros, caftanes, o vestidos de lentejuelas como este de Twinset\u2026 El verano invita a jugar con la moda y mezclar las tendencias sin miedo. <\/figcaption><\/figure><\/div>\n\n\n\n<figure class=\"wp-block-image\"><img loading=\"lazy\" decoding=\"async\" width=\"1024\" height=\"683\" src=\"https:\/\/blogs.uninter.edu.mx\/ESCAT\/wp-content\/uploads\/2019\/07\/verano-5-1024x683.jpg\" alt=\"\" class=\"wp-image-30272\" srcset=\"https:\/\/blogs.uninter.edu.mx\/ESCAT\/wp-content\/uploads\/2019\/07\/verano-5-1024x683.jpg 1024w, https:\/\/blogs.uninter.edu.mx\/ESCAT\/wp-content\/uploads\/2019\/07\/verano-5-300x200.jpg 300w, https:\/\/blogs.uninter.edu.mx\/ESCAT\/wp-content\/uploads\/2019\/07\/verano-5-768x512.jpg 768w, https:\/\/blogs.uninter.edu.mx\/ESCAT\/wp-content\/uploads\/2019\/07\/verano-5.jpg 1200w\" sizes=\"auto, (max-width: 1024px) 100vw, 1024px\" \/><figcaption> <br>Los monos, como este de Adolfo Dominguez, son, junto las ri\u00f1oneras de Guess y los bolsos llevados al extremo (en formato muy peque\u00f1o o en clave maxi de Trussardi), los reyes de la temporada. <\/figcaption><\/figure>\n\n\n\n<p>Tambi\u00e9n la nostalgia nos ha devuelto prendas impensables hasta el momento, como las mallas de ciclista de los noventa o esos caftanes maravillosos que evocan los setenta y nos trasladan al verano. \u00bfSon para todo el mundo? \u201cA la gente alta obviamente les quedar\u00e1n mejor, pero siempre se puede probar a ce\u00f1ir a la cintura o elegir uno m\u00e1s corto. Si lo combinamos con un vaquero, por ejemplo, tendremos un look mucho m\u00e1s de calle\u201d, explicaba Delgado. Porque si en algo consiste la moda es en jugar. Un ensayo y error del que tomaron nota las lectoras. \u201cHemos aprendido a quitarnos complejos. Muchas veces piensas que te van a dar la f\u00f3rmula m\u00e1gica, pero al final todo consiste en probar y descubrir con lo que te sientes m\u00e1s c\u00f3moda\u201d, explicaban Patricia y Virtue, dos profesionales del sector del libro, que acudieron a la&nbsp;<em>masterclass<\/em>.<\/p>\n\n\n\n<p>Verano es sin\u00f3nimo tambi\u00e9n de playa (o piscina) y las prendas de ba\u00f1o tampoco pueden faltar en nuestra maleta.&nbsp;\u201cVuelve el ba\u00f1ador de una pieza, como de los 90, con el tiro bastante alto. Adem\u00e1s se puede combinar de mil formas, por ejemplo, como un&nbsp;<em>body<\/em>&nbsp;con vaqueros\u201d. Un look muy deportivo que coincide con el auge del&nbsp;<em>athleissure<\/em>&nbsp;y la fiebre de la industria por la moda urbana, personificada en gafas de ciclista o ri\u00f1oneras de todos los estilos, que convencieron a las lectoras m\u00e1s j\u00f3venes. <\/p>\n\n\n\n<figure class=\"wp-block-image\"><img loading=\"lazy\" decoding=\"async\" width=\"1024\" height=\"683\" src=\"https:\/\/blogs.uninter.edu.mx\/ESCAT\/wp-content\/uploads\/2019\/07\/verano-8-1024x683.jpg\" alt=\"Verano\" class=\"wp-image-30273\" srcset=\"https:\/\/blogs.uninter.edu.mx\/ESCAT\/wp-content\/uploads\/2019\/07\/verano-8-1024x683.jpg 1024w, https:\/\/blogs.uninter.edu.mx\/ESCAT\/wp-content\/uploads\/2019\/07\/verano-8-300x200.jpg 300w, https:\/\/blogs.uninter.edu.mx\/ESCAT\/wp-content\/uploads\/2019\/07\/verano-8-768x512.jpg 768w, https:\/\/blogs.uninter.edu.mx\/ESCAT\/wp-content\/uploads\/2019\/07\/verano-8.jpg 1200w\" sizes=\"auto, (max-width: 1024px) 100vw, 1024px\" \/><figcaption> <br>Alerta tendencia: la logoman\u00eda vuelve con fuerza esta temporada. Basta con echarle un vistazo a esta chaqueta de Guess. <\/figcaption><\/figure>\n\n\n\n<figure class=\"wp-block-image\"><img loading=\"lazy\" decoding=\"async\" width=\"1024\" height=\"683\" src=\"https:\/\/blogs.uninter.edu.mx\/ESCAT\/wp-content\/uploads\/2019\/07\/verano-9-1024x683.jpg\" alt=\"Verano\" class=\"wp-image-30274\" srcset=\"https:\/\/blogs.uninter.edu.mx\/ESCAT\/wp-content\/uploads\/2019\/07\/verano-9-1024x683.jpg 1024w, https:\/\/blogs.uninter.edu.mx\/ESCAT\/wp-content\/uploads\/2019\/07\/verano-9-300x200.jpg 300w, https:\/\/blogs.uninter.edu.mx\/ESCAT\/wp-content\/uploads\/2019\/07\/verano-9-768x512.jpg 768w, https:\/\/blogs.uninter.edu.mx\/ESCAT\/wp-content\/uploads\/2019\/07\/verano-9.jpg 1200w\" sizes=\"auto, (max-width: 1024px) 100vw, 1024px\" \/><figcaption> <br>Los caftanes, en la foto un modelo de Uterq\u00fce, son el aliado perfecto para el verano. Con botines como estos de Levis o plataformas de Twinset para ir a un festival, o con zapatos planos para un toque urbano, de Vilagallo. <br><\/figcaption><\/figure>\n\n\n\n<h6 class=\"wp-block-heading\">Fuente: <a href=\"https:\/\/smoda.elpais.com\/moda\/como-adaptar-tu-estilo-a-las-tendencias-del-verano\/+\">El Pa\u00eds<\/a><\/h6>\n\n\n\n<p style=\"text-align:right\"><a href=\"https:\/\/universidad.uninter.edu.mx\/carreras\/LDM\">Licenciatura en Dise\u00f1o de Moda y Tendencias Internacionales<\/a><\/p>\n\n\n\n<p style=\"text-align:right\"><a href=\"https:\/\/blogs.uninter.edu.mx\/ESCAT\/index.php\/category\/diseno-de-modas-y-tendencias-internacionales\/\"><strong>\ufeffM\u00e1s noticias sobre dise\u00f1o de moda\u2026<\/strong><\/a><\/p>\n\n\n\n<div class=\"wp-block-image\"><figure class=\"aligncenter is-resized\"><a href=\"https:\/\/universidad.uninter.edu.mx\/\"><img loading=\"lazy\" decoding=\"async\" src=\"https:\/\/blogs.uninter.edu.mx\/ESCAT\/wp-content\/uploads\/2019\/06\/Universidad-Internacional-ESCAT.png\" alt=\"\" class=\"wp-image-29504\" width=\"524\" height=\"80\" srcset=\"https:\/\/blogs.uninter.edu.mx\/ESCAT\/wp-content\/uploads\/2019\/06\/Universidad-Internacional-ESCAT.png 406w, https:\/\/blogs.uninter.edu.mx\/ESCAT\/wp-content\/uploads\/2019\/06\/Universidad-Internacional-ESCAT-300x46.png 300w\" sizes=\"auto, (max-width: 524px) 100vw, 524px\" \/><\/a><\/figure><\/div>\n","protected":false},"excerpt":{"rendered":"<p>\u201cLa moda de la pasarela o la que vemos en las revistas es un poco aspiracional. Busca hacernos so\u00f1ar. Por eso es muy importante descodificar las tendencias y a partir de ah\u00ed, hacerlas nuestras\u201d.<\/p>\n","protected":false},"author":22,"featured_media":30270,"comment_status":"open","ping_status":"open","sticky":false,"template":"","format":"standard","meta":{"_jetpack_memberships_contains_paid_content":false,"footnotes":"","jetpack_publicize_message":"","jetpack_publicize_feature_enabled":true,"jetpack_social_post_already_shared":true,"jetpack_social_options":{"image_generator_settings":{"template":"highway","default_image_id":0,"font":"","enabled":false},"version":2}},"categories":[7,10],"tags":[597,616,367,32,124,651,89,650,31,37],"class_list":["post-30266","post","type-post","status-publish","format-standard","has-post-thumbnail","hentry","category-diseno-de-modas-y-tendencias-internacionales","category-disenos","tag-estilo","tag-temporada","tag-verano","tag-escat","tag-moda","tag-prendas","tag-tendencias","tag-the-style-outlets","tag-uninter","tag-universidad-internacional"],"yoast_head":"<!-- This site is optimized with the Yoast SEO plugin v26.8 - https:\/\/yoast.com\/product\/yoast-seo-wordpress\/ -->\r\n<title>C\u00f3mo adaptar tu estilo a las tendencias del verano #ModaESCAT -<\/title>\r\n<meta name=\"description\" content=\"The Style Outlets y S Moda te ayudan en conocer las claves de la temporada y los trucos para sacarle partido a las prendas que ya tenemos en Verano.\" \/>\r\n<meta name=\"robots\" content=\"index, follow, max-snippet:-1, max-image-preview:large, max-video-preview:-1\" \/>\r\n<link rel=\"canonical\" href=\"https:\/\/blogs.uninter.edu.mx\/ESCAT\/index.php\/como-adaptar-tu-estilo-a-las-tendencias-del-verano-modaescat\/\" \/>\r\n<meta property=\"og:locale\" content=\"es_MX\" \/>\r\n<meta property=\"og:type\" content=\"article\" \/>\r\n<meta property=\"og:title\" content=\"C\u00f3mo adaptar tu estilo a las tendencias del verano #ModaESCAT -\" \/>\r\n<meta property=\"og:description\" content=\"The Style Outlets y S Moda te ayudan en conocer las claves de la temporada y los trucos para sacarle partido a las prendas que ya tenemos en Verano.\" \/>\r\n<meta property=\"og:url\" content=\"https:\/\/blogs.uninter.edu.mx\/ESCAT\/index.php\/como-adaptar-tu-estilo-a-las-tendencias-del-verano-modaescat\/\" \/>\r\n<meta property=\"og:site_name\" content=\"Escuela de Ciencias, Artes y Tecnolog\u00eda\" \/>\r\n<meta property=\"article:publisher\" content=\"https:\/\/www.facebook.com\/EscatUninter\/\" \/>\r\n<meta property=\"article:published_time\" content=\"2019-07-21T13:20:55+00:00\" \/>\r\n<meta property=\"og:image\" content=\"https:\/\/blogs.uninter.edu.mx\/ESCAT\/wp-content\/uploads\/2019\/07\/verano-3.jpg\" \/>\r\n\t<meta property=\"og:image:width\" content=\"1200\" \/>\r\n\t<meta property=\"og:image:height\" content=\"800\" \/>\r\n\t<meta property=\"og:image:type\" content=\"image\/jpeg\" \/>\r\n<meta name=\"author\" content=\"EquipoEscat\" \/>\r\n<meta name=\"twitter:card\" content=\"summary_large_image\" \/>\r\n<meta name=\"twitter:image\" content=\"https:\/\/blogs.uninter.edu.mx\/ESCAT\/wp-content\/uploads\/2019\/07\/verano-3.jpg\" \/>\r\n<meta name=\"twitter:creator\" content=\"@EscatUninter\" \/>\r\n<meta name=\"twitter:site\" content=\"@EscatUninter\" \/>\r\n<meta name=\"twitter:label1\" content=\"Escrito por\" \/>\n\t<meta name=\"twitter:data1\" content=\"EquipoEscat\" \/>\n\t<meta name=\"twitter:label2\" content=\"Tiempo de lectura\" \/>\n\t<meta name=\"twitter:data2\" content=\"4 minutos\" \/>\r\n<script type=\"application\/ld+json\" class=\"yoast-schema-graph\">{\"@context\":\"https:\/\/schema.org\",\"@graph\":[{\"@type\":\"Article\",\"@id\":\"https:\/\/blogs.uninter.edu.mx\/ESCAT\/index.php\/como-adaptar-tu-estilo-a-las-tendencias-del-verano-modaescat\/#article\",\"isPartOf\":{\"@id\":\"https:\/\/blogs.uninter.edu.mx\/ESCAT\/index.php\/como-adaptar-tu-estilo-a-las-tendencias-del-verano-modaescat\/\"},\"author\":{\"name\":\"EquipoEscat\",\"@id\":\"https:\/\/blogs.uninter.edu.mx\/ESCAT\/#\/schema\/person\/df7b8f33d62433cb78a2104bda02490d\"},\"headline\":\"C\u00f3mo adaptar tu estilo a las tendencias del verano #ModaESCAT\",\"datePublished\":\"2019-07-21T13:20:55+00:00\",\"mainEntityOfPage\":{\"@id\":\"https:\/\/blogs.uninter.edu.mx\/ESCAT\/index.php\/como-adaptar-tu-estilo-a-las-tendencias-del-verano-modaescat\/\"},\"wordCount\":879,\"commentCount\":0,\"image\":{\"@id\":\"https:\/\/blogs.uninter.edu.mx\/ESCAT\/index.php\/como-adaptar-tu-estilo-a-las-tendencias-del-verano-modaescat\/#primaryimage\"},\"thumbnailUrl\":\"https:\/\/blogs.uninter.edu.mx\/ESCAT\/wp-content\/uploads\/2019\/07\/verano-3.jpg\",\"keywords\":[\"#Estilo\",\"#Temporada\",\"#Verano\",\"ESCAT\",\"moda\",\"prendas\",\"Tendencias\",\"The Style Outlets\",\"Uninter\",\"Universidad Internacional\"],\"articleSection\":[\"Dise\u00f1o de Modas y Tendencias Internacionales\",\"Dise\u00f1os\"],\"inLanguage\":\"es\",\"potentialAction\":[{\"@type\":\"CommentAction\",\"name\":\"Comment\",\"target\":[\"https:\/\/blogs.uninter.edu.mx\/ESCAT\/index.php\/como-adaptar-tu-estilo-a-las-tendencias-del-verano-modaescat\/#respond\"]}]},{\"@type\":\"WebPage\",\"@id\":\"https:\/\/blogs.uninter.edu.mx\/ESCAT\/index.php\/como-adaptar-tu-estilo-a-las-tendencias-del-verano-modaescat\/\",\"url\":\"https:\/\/blogs.uninter.edu.mx\/ESCAT\/index.php\/como-adaptar-tu-estilo-a-las-tendencias-del-verano-modaescat\/\",\"name\":\"C\u00f3mo adaptar tu estilo a las tendencias del verano #ModaESCAT -\",\"isPartOf\":{\"@id\":\"https:\/\/blogs.uninter.edu.mx\/ESCAT\/#website\"},\"primaryImageOfPage\":{\"@id\":\"https:\/\/blogs.uninter.edu.mx\/ESCAT\/index.php\/como-adaptar-tu-estilo-a-las-tendencias-del-verano-modaescat\/#primaryimage\"},\"image\":{\"@id\":\"https:\/\/blogs.uninter.edu.mx\/ESCAT\/index.php\/como-adaptar-tu-estilo-a-las-tendencias-del-verano-modaescat\/#primaryimage\"},\"thumbnailUrl\":\"https:\/\/blogs.uninter.edu.mx\/ESCAT\/wp-content\/uploads\/2019\/07\/verano-3.jpg\",\"datePublished\":\"2019-07-21T13:20:55+00:00\",\"author\":{\"@id\":\"https:\/\/blogs.uninter.edu.mx\/ESCAT\/#\/schema\/person\/df7b8f33d62433cb78a2104bda02490d\"},\"description\":\"The Style Outlets y S Moda te ayudan en conocer las claves de la temporada y los trucos para sacarle partido a las prendas que ya tenemos en Verano.\",\"breadcrumb\":{\"@id\":\"https:\/\/blogs.uninter.edu.mx\/ESCAT\/index.php\/como-adaptar-tu-estilo-a-las-tendencias-del-verano-modaescat\/#breadcrumb\"},\"inLanguage\":\"es\",\"potentialAction\":[{\"@type\":\"ReadAction\",\"target\":[\"https:\/\/blogs.uninter.edu.mx\/ESCAT\/index.php\/como-adaptar-tu-estilo-a-las-tendencias-del-verano-modaescat\/\"]}]},{\"@type\":\"ImageObject\",\"inLanguage\":\"es\",\"@id\":\"https:\/\/blogs.uninter.edu.mx\/ESCAT\/index.php\/como-adaptar-tu-estilo-a-las-tendencias-del-verano-modaescat\/#primaryimage\",\"url\":\"https:\/\/blogs.uninter.edu.mx\/ESCAT\/wp-content\/uploads\/2019\/07\/verano-3.jpg\",\"contentUrl\":\"https:\/\/blogs.uninter.edu.mx\/ESCAT\/wp-content\/uploads\/2019\/07\/verano-3.jpg\",\"width\":1200,\"height\":800},{\"@type\":\"BreadcrumbList\",\"@id\":\"https:\/\/blogs.uninter.edu.mx\/ESCAT\/index.php\/como-adaptar-tu-estilo-a-las-tendencias-del-verano-modaescat\/#breadcrumb\",\"itemListElement\":[{\"@type\":\"ListItem\",\"position\":1,\"name\":\"Inicio\",\"item\":\"https:\/\/blogs.uninter.edu.mx\/ESCAT\/\"},{\"@type\":\"ListItem\",\"position\":2,\"name\":\"C\u00f3mo adaptar tu estilo a las tendencias del verano #ModaESCAT\"}]},{\"@type\":\"WebSite\",\"@id\":\"https:\/\/blogs.uninter.edu.mx\/ESCAT\/#website\",\"url\":\"https:\/\/blogs.uninter.edu.mx\/ESCAT\/\",\"name\":\"Escuela de Ciencias, Artes y Tecnolog\u00eda UNINTER\",\"description\":\"ESCAT\",\"potentialAction\":[{\"@type\":\"SearchAction\",\"target\":{\"@type\":\"EntryPoint\",\"urlTemplate\":\"https:\/\/blogs.uninter.edu.mx\/ESCAT\/?s={search_term_string}\"},\"query-input\":{\"@type\":\"PropertyValueSpecification\",\"valueRequired\":true,\"valueName\":\"search_term_string\"}}],\"inLanguage\":\"es\"},{\"@type\":\"Person\",\"@id\":\"https:\/\/blogs.uninter.edu.mx\/ESCAT\/#\/schema\/person\/df7b8f33d62433cb78a2104bda02490d\",\"name\":\"EquipoEscat\",\"image\":{\"@type\":\"ImageObject\",\"inLanguage\":\"es\",\"@id\":\"https:\/\/blogs.uninter.edu.mx\/ESCAT\/#\/schema\/person\/image\/\",\"url\":\"https:\/\/secure.gravatar.com\/avatar\/d943e53cecc7e9e13c011abf6ec7475809c7d278834bde994b19ecd58034a9ff?s=96&d=mm&r=g\",\"contentUrl\":\"https:\/\/secure.gravatar.com\/avatar\/d943e53cecc7e9e13c011abf6ec7475809c7d278834bde994b19ecd58034a9ff?s=96&d=mm&r=g\",\"caption\":\"EquipoEscat\"},\"url\":\"https:\/\/blogs.uninter.edu.mx\/ESCAT\/index.php\/author\/equipoescat\/\"}]}<\/script>\r\n<!-- \/ Yoast SEO plugin. -->","yoast_head_json":{"title":"C\u00f3mo adaptar tu estilo a las tendencias del verano #ModaESCAT -","description":"The Style Outlets y S Moda te ayudan en conocer las claves de la temporada y los trucos para sacarle partido a las prendas que ya tenemos en Verano.","robots":{"index":"index","follow":"follow","max-snippet":"max-snippet:-1","max-image-preview":"max-image-preview:large","max-video-preview":"max-video-preview:-1"},"canonical":"https:\/\/blogs.uninter.edu.mx\/ESCAT\/index.php\/como-adaptar-tu-estilo-a-las-tendencias-del-verano-modaescat\/","og_locale":"es_MX","og_type":"article","og_title":"C\u00f3mo adaptar tu estilo a las tendencias del verano #ModaESCAT -","og_description":"The Style Outlets y S Moda te ayudan en conocer las claves de la temporada y los trucos para sacarle partido a las prendas que ya tenemos en Verano.","og_url":"https:\/\/blogs.uninter.edu.mx\/ESCAT\/index.php\/como-adaptar-tu-estilo-a-las-tendencias-del-verano-modaescat\/","og_site_name":"Escuela de Ciencias, Artes y Tecnolog\u00eda","article_publisher":"https:\/\/www.facebook.com\/EscatUninter\/","article_published_time":"2019-07-21T13:20:55+00:00","og_image":[{"width":1200,"height":800,"url":"https:\/\/blogs.uninter.edu.mx\/ESCAT\/wp-content\/uploads\/2019\/07\/verano-3.jpg","type":"image\/jpeg"}],"author":"EquipoEscat","twitter_card":"summary_large_image","twitter_image":"https:\/\/blogs.uninter.edu.mx\/ESCAT\/wp-content\/uploads\/2019\/07\/verano-3.jpg","twitter_creator":"@EscatUninter","twitter_site":"@EscatUninter","twitter_misc":{"Escrito por":"EquipoEscat","Tiempo de lectura":"4 minutos"},"schema":{"@context":"https:\/\/schema.org","@graph":[{"@type":"Article","@id":"https:\/\/blogs.uninter.edu.mx\/ESCAT\/index.php\/como-adaptar-tu-estilo-a-las-tendencias-del-verano-modaescat\/#article","isPartOf":{"@id":"https:\/\/blogs.uninter.edu.mx\/ESCAT\/index.php\/como-adaptar-tu-estilo-a-las-tendencias-del-verano-modaescat\/"},"author":{"name":"EquipoEscat","@id":"https:\/\/blogs.uninter.edu.mx\/ESCAT\/#\/schema\/person\/df7b8f33d62433cb78a2104bda02490d"},"headline":"C\u00f3mo adaptar tu estilo a las tendencias del verano #ModaESCAT","datePublished":"2019-07-21T13:20:55+00:00","mainEntityOfPage":{"@id":"https:\/\/blogs.uninter.edu.mx\/ESCAT\/index.php\/como-adaptar-tu-estilo-a-las-tendencias-del-verano-modaescat\/"},"wordCount":879,"commentCount":0,"image":{"@id":"https:\/\/blogs.uninter.edu.mx\/ESCAT\/index.php\/como-adaptar-tu-estilo-a-las-tendencias-del-verano-modaescat\/#primaryimage"},"thumbnailUrl":"https:\/\/blogs.uninter.edu.mx\/ESCAT\/wp-content\/uploads\/2019\/07\/verano-3.jpg","keywords":["#Estilo","#Temporada","#Verano","ESCAT","moda","prendas","Tendencias","The Style Outlets","Uninter","Universidad Internacional"],"articleSection":["Dise\u00f1o de Modas y Tendencias Internacionales","Dise\u00f1os"],"inLanguage":"es","potentialAction":[{"@type":"CommentAction","name":"Comment","target":["https:\/\/blogs.uninter.edu.mx\/ESCAT\/index.php\/como-adaptar-tu-estilo-a-las-tendencias-del-verano-modaescat\/#respond"]}]},{"@type":"WebPage","@id":"https:\/\/blogs.uninter.edu.mx\/ESCAT\/index.php\/como-adaptar-tu-estilo-a-las-tendencias-del-verano-modaescat\/","url":"https:\/\/blogs.uninter.edu.mx\/ESCAT\/index.php\/como-adaptar-tu-estilo-a-las-tendencias-del-verano-modaescat\/","name":"C\u00f3mo adaptar tu estilo a las tendencias del verano #ModaESCAT -","isPartOf":{"@id":"https:\/\/blogs.uninter.edu.mx\/ESCAT\/#website"},"primaryImageOfPage":{"@id":"https:\/\/blogs.uninter.edu.mx\/ESCAT\/index.php\/como-adaptar-tu-estilo-a-las-tendencias-del-verano-modaescat\/#primaryimage"},"image":{"@id":"https:\/\/blogs.uninter.edu.mx\/ESCAT\/index.php\/como-adaptar-tu-estilo-a-las-tendencias-del-verano-modaescat\/#primaryimage"},"thumbnailUrl":"https:\/\/blogs.uninter.edu.mx\/ESCAT\/wp-content\/uploads\/2019\/07\/verano-3.jpg","datePublished":"2019-07-21T13:20:55+00:00","author":{"@id":"https:\/\/blogs.uninter.edu.mx\/ESCAT\/#\/schema\/person\/df7b8f33d62433cb78a2104bda02490d"},"description":"The Style Outlets y S Moda te ayudan en conocer las claves de la temporada y los trucos para sacarle partido a las prendas que ya tenemos en Verano.","breadcrumb":{"@id":"https:\/\/blogs.uninter.edu.mx\/ESCAT\/index.php\/como-adaptar-tu-estilo-a-las-tendencias-del-verano-modaescat\/#breadcrumb"},"inLanguage":"es","potentialAction":[{"@type":"ReadAction","target":["https:\/\/blogs.uninter.edu.mx\/ESCAT\/index.php\/como-adaptar-tu-estilo-a-las-tendencias-del-verano-modaescat\/"]}]},{"@type":"ImageObject","inLanguage":"es","@id":"https:\/\/blogs.uninter.edu.mx\/ESCAT\/index.php\/como-adaptar-tu-estilo-a-las-tendencias-del-verano-modaescat\/#primaryimage","url":"https:\/\/blogs.uninter.edu.mx\/ESCAT\/wp-content\/uploads\/2019\/07\/verano-3.jpg","contentUrl":"https:\/\/blogs.uninter.edu.mx\/ESCAT\/wp-content\/uploads\/2019\/07\/verano-3.jpg","width":1200,"height":800},{"@type":"BreadcrumbList","@id":"https:\/\/blogs.uninter.edu.mx\/ESCAT\/index.php\/como-adaptar-tu-estilo-a-las-tendencias-del-verano-modaescat\/#breadcrumb","itemListElement":[{"@type":"ListItem","position":1,"name":"Inicio","item":"https:\/\/blogs.uninter.edu.mx\/ESCAT\/"},{"@type":"ListItem","position":2,"name":"C\u00f3mo adaptar tu estilo a las tendencias del verano #ModaESCAT"}]},{"@type":"WebSite","@id":"https:\/\/blogs.uninter.edu.mx\/ESCAT\/#website","url":"https:\/\/blogs.uninter.edu.mx\/ESCAT\/","name":"Escuela de Ciencias, Artes y Tecnolog\u00eda UNINTER","description":"ESCAT","potentialAction":[{"@type":"SearchAction","target":{"@type":"EntryPoint","urlTemplate":"https:\/\/blogs.uninter.edu.mx\/ESCAT\/?s={search_term_string}"},"query-input":{"@type":"PropertyValueSpecification","valueRequired":true,"valueName":"search_term_string"}}],"inLanguage":"es"},{"@type":"Person","@id":"https:\/\/blogs.uninter.edu.mx\/ESCAT\/#\/schema\/person\/df7b8f33d62433cb78a2104bda02490d","name":"EquipoEscat","image":{"@type":"ImageObject","inLanguage":"es","@id":"https:\/\/blogs.uninter.edu.mx\/ESCAT\/#\/schema\/person\/image\/","url":"https:\/\/secure.gravatar.com\/avatar\/d943e53cecc7e9e13c011abf6ec7475809c7d278834bde994b19ecd58034a9ff?s=96&d=mm&r=g","contentUrl":"https:\/\/secure.gravatar.com\/avatar\/d943e53cecc7e9e13c011abf6ec7475809c7d278834bde994b19ecd58034a9ff?s=96&d=mm&r=g","caption":"EquipoEscat"},"url":"https:\/\/blogs.uninter.edu.mx\/ESCAT\/index.php\/author\/equipoescat\/"}]}},"jetpack_publicize_connections":[],"jetpack_featured_media_url":"https:\/\/blogs.uninter.edu.mx\/ESCAT\/wp-content\/uploads\/2019\/07\/verano-3.jpg","jetpack_sharing_enabled":true,"_links":{"self":[{"href":"https:\/\/blogs.uninter.edu.mx\/ESCAT\/index.php\/wp-json\/wp\/v2\/posts\/30266","targetHints":{"allow":["GET"]}}],"collection":[{"href":"https:\/\/blogs.uninter.edu.mx\/ESCAT\/index.php\/wp-json\/wp\/v2\/posts"}],"about":[{"href":"https:\/\/blogs.uninter.edu.mx\/ESCAT\/index.php\/wp-json\/wp\/v2\/types\/post"}],"author":[{"embeddable":true,"href":"https:\/\/blogs.uninter.edu.mx\/ESCAT\/index.php\/wp-json\/wp\/v2\/users\/22"}],"replies":[{"embeddable":true,"href":"https:\/\/blogs.uninter.edu.mx\/ESCAT\/index.php\/wp-json\/wp\/v2\/comments?post=30266"}],"version-history":[{"count":8,"href":"https:\/\/blogs.uninter.edu.mx\/ESCAT\/index.php\/wp-json\/wp\/v2\/posts\/30266\/revisions"}],"predecessor-version":[{"id":30343,"href":"https:\/\/blogs.uninter.edu.mx\/ESCAT\/index.php\/wp-json\/wp\/v2\/posts\/30266\/revisions\/30343"}],"wp:featuredmedia":[{"embeddable":true,"href":"https:\/\/blogs.uninter.edu.mx\/ESCAT\/index.php\/wp-json\/wp\/v2\/media\/30270"}],"wp:attachment":[{"href":"https:\/\/blogs.uninter.edu.mx\/ESCAT\/index.php\/wp-json\/wp\/v2\/media?parent=30266"}],"wp:term":[{"taxonomy":"category","embeddable":true,"href":"https:\/\/blogs.uninter.edu.mx\/ESCAT\/index.php\/wp-json\/wp\/v2\/categories?post=30266"},{"taxonomy":"post_tag","embeddable":true,"href":"https:\/\/blogs.uninter.edu.mx\/ESCAT\/index.php\/wp-json\/wp\/v2\/tags?post=30266"}],"curies":[{"name":"wp","href":"https:\/\/api.w.org\/{rel}","templated":true}]}}