{"id":32884,"date":"2019-10-19T12:57:25","date_gmt":"2019-10-19T17:57:25","guid":{"rendered":"https:\/\/blogs.uninter.edu.mx\/ESCAT\/?p=32884"},"modified":"2019-10-19T12:57:29","modified_gmt":"2019-10-19T17:57:29","slug":"como","status":"publish","type":"post","link":"https:\/\/blogs.uninter.edu.mx\/ESCAT\/index.php\/como\/","title":{"rendered":"\u00bfC\u00f3mo llevar\u00eda Regina George el rosa en 2019? #ModaUninter #Dise\u00f1os"},"content":{"rendered":"\n<div class=\"wp-block-image\"><figure class=\"aligncenter is-resized\"><a href=\"https:\/\/www.facebook.com\/EscatUninter\/\"><img loading=\"lazy\" decoding=\"async\" src=\"https:\/\/blogs.uninter.edu.mx\/ESCAT\/wp-content\/uploads\/2019\/04\/ESCAT.png\" alt=\"11\" width=\"128\" height=\"127\"\/><\/a><\/figure><\/div>\n\n\n\n<p class=\"has-small-font-size\">Los mi\u00e9rcoles se viste de rosa, y as\u00ed es como la Queen B de una de tus pel\u00edculas favoritas lo har\u00eda&#8230; <\/p>\n\n\n\n<!--more-->\n\n\n\n<div class=\"wp-block-image\"><figure class=\"aligncenter is-resized\"><a href=\"https:\/\/blogs.uninter.edu.mx\/ESCAT\/\"><img loading=\"lazy\" decoding=\"async\" src=\"https:\/\/blogs.uninter.edu.mx\/ESCAT\/wp-content\/uploads\/2019\/10\/mean-girls-the-plastics-regina-george-683x1024.jpg\" alt=\"como \" class=\"wp-image-32912\" width=\"303\" height=\"453\" srcset=\"https:\/\/blogs.uninter.edu.mx\/ESCAT\/wp-content\/uploads\/2019\/10\/mean-girls-the-plastics-regina-george-683x1024.jpg 683w, https:\/\/blogs.uninter.edu.mx\/ESCAT\/wp-content\/uploads\/2019\/10\/mean-girls-the-plastics-regina-george-200x300.jpg 200w\" sizes=\"auto, (max-width: 303px) 100vw, 303px\" \/><\/a><\/figure><\/div>\n\n\n\n<p style=\"font-size:12px\">Qui\u00e9n no haya escuchado la frase \u201cOn Wednesday we wear pink\u201d no tuvo adolescencia o vivi\u00f3 debajo de una piedra. Es as\u00ed como se instaur\u00f3 una especie de \u201ctradici\u00f3n\u201d que implicaba que el 3 de octubre es el d\u00eda de Mean Girls y que ese d\u00eda se deber\u00eda llevar aunque sea un detalle en rosa.<\/p>\n\n\n\n<p style=\"font-size:12px\">\u00bfNo eres una adicto este color? Eso puede pasar, afortunadamente Regina George prob\u00f3 que este color puede ser tan fierce como cualquier otro. Entonces \u00bfpor qu\u00e9 no traerlo al 2019?<\/p>\n\n\n\n<p style=\"font-size:12px\">Sin duda, si Regina George fuera una persona de nuestra cotidianidad seguramente seguir\u00eda llevando el rosa a su oficina mientras dirige un departamento o una empresa completa\u2026 tal vez una barras diet\u00e9ticas para asegurar que a nadie le pase el error de comer unas que le hicieron subir de peso (solo que en esta ocasi\u00f3n tendr\u00e1 ingredientes legales).<\/p>\n\n\n\n<figure class=\"wp-block-image\"><a href=\"https:\/\/www.facebook.com\/EscatUninter\/\"><img loading=\"lazy\" decoding=\"async\" width=\"828\" height=\"323\" src=\"https:\/\/blogs.uninter.edu.mx\/ESCAT\/wp-content\/uploads\/2019\/10\/the-plastics.jpg\" alt=\"como\" class=\"wp-image-32955\" srcset=\"https:\/\/blogs.uninter.edu.mx\/ESCAT\/wp-content\/uploads\/2019\/10\/the-plastics.jpg 828w, https:\/\/blogs.uninter.edu.mx\/ESCAT\/wp-content\/uploads\/2019\/10\/the-plastics-300x117.jpg 300w, https:\/\/blogs.uninter.edu.mx\/ESCAT\/wp-content\/uploads\/2019\/10\/the-plastics-768x300.jpg 768w\" sizes=\"auto, (max-width: 828px) 100vw, 828px\" \/><\/a><\/figure>\n\n\n\n<p style=\"font-size:12px\">Mientras lo hace, \u00bfc\u00f3mo llevar\u00eda el rosa? Estas son algunas de las propuestas para que encuentres la inspiraci\u00f3n que necesitas.<\/p>\n\n\n\n<div class=\"wp-block-image\"><figure class=\"aligncenter is-resized\"><a href=\"https:\/\/www.facebook.com\/EscatUninter\/\"><img loading=\"lazy\" decoding=\"async\" src=\"https:\/\/blogs.uninter.edu.mx\/ESCAT\/wp-content\/uploads\/2019\/10\/GettyImages-1137071857.jpg\" alt=\"como\" class=\"wp-image-32961\" width=\"283\" height=\"423\"\/><\/a><figcaption>Rosa+rosa+verde: \u00bfPor qu\u00e9 no?<\/figcaption><\/figure><\/div>\n\n\n\n<div class=\"wp-block-image\"><figure class=\"aligncenter is-resized\"><a href=\"https:\/\/blogs.uninter.edu.mx\/ESCAT\/?attachment_id=32967#main\"><img loading=\"lazy\" decoding=\"async\" src=\"https:\/\/blogs.uninter.edu.mx\/ESCAT\/wp-content\/uploads\/2019\/10\/GettyImages-1137889505.jpg\" alt=\"como\" class=\"wp-image-32967\" width=\"402\" height=\"267\" srcset=\"https:\/\/blogs.uninter.edu.mx\/ESCAT\/wp-content\/uploads\/2019\/10\/GettyImages-1137889505.jpg 828w, https:\/\/blogs.uninter.edu.mx\/ESCAT\/wp-content\/uploads\/2019\/10\/GettyImages-1137889505-300x200.jpg 300w, https:\/\/blogs.uninter.edu.mx\/ESCAT\/wp-content\/uploads\/2019\/10\/GettyImages-1137889505-768x512.jpg 768w\" sizes=\"auto, (max-width: 402px) 100vw, 402px\" \/><\/a><figcaption>Un vestido con pliegues y con destellos rosas.<br><br><\/figcaption><\/figure><\/div>\n\n\n\n<div class=\"wp-block-image\"><figure class=\"aligncenter is-resized\"><a href=\"https:\/\/www.facebook.com\/EscatUninter\/\"><img loading=\"lazy\" decoding=\"async\" src=\"https:\/\/blogs.uninter.edu.mx\/ESCAT\/wp-content\/uploads\/2019\/10\/GettyImages-1137887200-1.jpg\" alt=\"como\" class=\"wp-image-32973\" width=\"354\" height=\"235\" srcset=\"https:\/\/blogs.uninter.edu.mx\/ESCAT\/wp-content\/uploads\/2019\/10\/GettyImages-1137887200-1.jpg 828w, https:\/\/blogs.uninter.edu.mx\/ESCAT\/wp-content\/uploads\/2019\/10\/GettyImages-1137887200-1-300x200.jpg 300w, https:\/\/blogs.uninter.edu.mx\/ESCAT\/wp-content\/uploads\/2019\/10\/GettyImages-1137887200-1-768x512.jpg 768w\" sizes=\"auto, (max-width: 354px) 100vw, 354px\" \/><\/a><figcaption> Un outfit sobrio, pero con un detalle en este tono (nada mejor que la bolsa para hacerlo)<br><br> <\/figcaption><\/figure><\/div>\n\n\n\n<div class=\"wp-block-image\"><figure class=\"aligncenter is-resized\"><a href=\"https:\/\/blogs.uninter.edu.mx\/ESCAT\/?attachment_id=32976#main\"><img loading=\"lazy\" decoding=\"async\" src=\"https:\/\/blogs.uninter.edu.mx\/ESCAT\/wp-content\/uploads\/2019\/10\/GettyImages-1137815252.jpg\" alt=\"como \" class=\"wp-image-32976\" width=\"323\" height=\"485\" srcset=\"https:\/\/blogs.uninter.edu.mx\/ESCAT\/wp-content\/uploads\/2019\/10\/GettyImages-1137815252.jpg 360w, https:\/\/blogs.uninter.edu.mx\/ESCAT\/wp-content\/uploads\/2019\/10\/GettyImages-1137815252-200x300.jpg 200w\" sizes=\"auto, (max-width: 323px) 100vw, 323px\" \/><\/a><figcaption> Hoodie rosa+ sneakers blancos: combinaci\u00f3n casual e infalible<br><br> <\/figcaption><\/figure><\/div>\n\n\n\n<div class=\"wp-block-image\"><figure class=\"aligncenter is-resized\"><a href=\"https:\/\/www.facebook.com\/EscatUninter\/\"><img loading=\"lazy\" decoding=\"async\" src=\"https:\/\/blogs.uninter.edu.mx\/ESCAT\/wp-content\/uploads\/2019\/10\/GettyImages-1134340939.jpg\" alt=\"como\" class=\"wp-image-32979\" width=\"314\" height=\"469\"\/><\/a><figcaption> \u00bfUna falda de piel con una blusa en rosa? Yes, please!<br><br> <\/figcaption><\/figure><\/div>\n\n\n\n<div class=\"wp-block-image\"><figure class=\"aligncenter is-resized\"><a href=\"https:\/\/blogs.uninter.edu.mx\/ESCAT\/\"><img loading=\"lazy\" decoding=\"async\" src=\"https:\/\/blogs.uninter.edu.mx\/ESCAT\/wp-content\/uploads\/2019\/10\/GettyImages-1044998326.jpg\" alt=\"como\" class=\"wp-image-32984\" width=\"335\" height=\"502\" srcset=\"https:\/\/blogs.uninter.edu.mx\/ESCAT\/wp-content\/uploads\/2019\/10\/GettyImages-1044998326.jpg 360w, https:\/\/blogs.uninter.edu.mx\/ESCAT\/wp-content\/uploads\/2019\/10\/GettyImages-1044998326-200x300.jpg 200w\" sizes=\"auto, (max-width: 335px) 100vw, 335px\" \/><\/a><figcaption>Explosi\u00f3n (chic) de color<br><br> <\/figcaption><\/figure><\/div>\n\n\n\n<div class=\"wp-block-image\"><figure class=\"aligncenter is-resized\"><a href=\"https:\/\/www.facebook.com\/EscatUninter\/\"><img loading=\"lazy\" decoding=\"async\" src=\"https:\/\/blogs.uninter.edu.mx\/ESCAT\/wp-content\/uploads\/2019\/10\/GettyImages-848849726.jpg\" alt=\"como\" class=\"wp-image-32989\" width=\"326\" height=\"489\" srcset=\"https:\/\/blogs.uninter.edu.mx\/ESCAT\/wp-content\/uploads\/2019\/10\/GettyImages-848849726.jpg 360w, https:\/\/blogs.uninter.edu.mx\/ESCAT\/wp-content\/uploads\/2019\/10\/GettyImages-848849726-200x300.jpg 200w\" sizes=\"auto, (max-width: 326px) 100vw, 326px\" \/><\/a><figcaption> Rojo+ rosa: apuesta perfecta para una it-girl <\/figcaption><\/figure><\/div>\n\n\n\n<div class=\"wp-block-image\"><figure class=\"aligncenter is-resized\"><a href=\"https:\/\/blogs.uninter.edu.mx\/ESCAT\/\"><img loading=\"lazy\" decoding=\"async\" src=\"https:\/\/blogs.uninter.edu.mx\/ESCAT\/wp-content\/uploads\/2019\/10\/GettyImages-1133270797.jpg\" alt=\"como \" class=\"wp-image-32992\" width=\"292\" height=\"418\" srcset=\"https:\/\/blogs.uninter.edu.mx\/ESCAT\/wp-content\/uploads\/2019\/10\/GettyImages-1133270797.jpg 360w, https:\/\/blogs.uninter.edu.mx\/ESCAT\/wp-content\/uploads\/2019\/10\/GettyImages-1133270797-210x300.jpg 210w\" sizes=\"auto, (max-width: 292px) 100vw, 292px\" \/><\/a><figcaption>Adi\u00f3s al abrigo beige, uno en color rosa se convierte en la mejor idea posible<\/figcaption><\/figure><\/div>\n\n\n\n<div class=\"wp-block-image\"><figure class=\"aligncenter is-resized\"><a href=\"https:\/\/blogs.uninter.edu.mx\/ESCAT\/\"><img loading=\"lazy\" decoding=\"async\" src=\"https:\/\/blogs.uninter.edu.mx\/ESCAT\/wp-content\/uploads\/2019\/10\/GettyImages-1134433984.jpg\" alt=\"como\" class=\"wp-image-32995\" width=\"259\" height=\"389\" srcset=\"https:\/\/blogs.uninter.edu.mx\/ESCAT\/wp-content\/uploads\/2019\/10\/GettyImages-1134433984.jpg 360w, https:\/\/blogs.uninter.edu.mx\/ESCAT\/wp-content\/uploads\/2019\/10\/GettyImages-1134433984-200x300.jpg 200w\" sizes=\"auto, (max-width: 259px) 100vw, 259px\" \/><\/a><figcaption>\u00bfVestido mini en rosa y medias negras? \u00a1Por favor!<\/figcaption><\/figure><\/div>\n\n\n\n<div class=\"wp-block-image\"><figure class=\"aligncenter is-resized\"><a href=\"https:\/\/www.facebook.com\/EscatUninter\/\"><img loading=\"lazy\" decoding=\"async\" src=\"https:\/\/blogs.uninter.edu.mx\/ESCAT\/wp-content\/uploads\/2019\/10\/GettyImages-1135381087.jpg\" alt=\"como \" class=\"wp-image-32997\" width=\"288\" height=\"413\" srcset=\"https:\/\/blogs.uninter.edu.mx\/ESCAT\/wp-content\/uploads\/2019\/10\/GettyImages-1135381087.jpg 360w, https:\/\/blogs.uninter.edu.mx\/ESCAT\/wp-content\/uploads\/2019\/10\/GettyImages-1135381087-209x300.jpg 209w\" sizes=\"auto, (max-width: 288px) 100vw, 288px\" \/><\/a><figcaption>\u00bfAbrigo de leopardo en rosa? S\u00ed, Regina George definitivamente tendr\u00eda esto en su cl\u00f3set<\/figcaption><\/figure><\/div>\n\n\n\n<h6 class=\"wp-block-heading\">Fuente: <a href=\"https:\/\/www.vogue.mx\/moda\/articulo\/como-verse-como-regina-george-rosa\">VOGUE<\/a><\/h6>\n\n\n\n<p style=\"font-size:11px;text-align:right\"><a href=\"https:\/\/universidad.uninter.edu.mx\/carreras\/LDM\">Licenciatura en Dise\u00f1o de Moda y Tendencias Internacionales<\/a><\/p>\n\n\n\n<p style=\"font-size:11px;text-align:right\"><a href=\"https:\/\/blogs.uninter.edu.mx\/ESCAT\/index.php\/category\/diseno-de-modas-y-tendencias-internacionales\/\"><strong>M\u00e1s noticias sobre Dise\u00f1o de Moda&#8230; <\/strong><\/a><\/p>\n\n\n\n<div class=\"wp-block-image\"><figure class=\"aligncenter is-resized\"><img loading=\"lazy\" decoding=\"async\" src=\"https:\/\/uninterempresarial.files.wordpress.com\/2015\/04\/logo-uninter.png\" alt=\"11\" width=\"370\" height=\"154\"\/><\/figure><\/div>\n","protected":false},"excerpt":{"rendered":"<p>Los mi\u00e9rcoles se viste de rosa, y as\u00ed es como la Queen B de una de tus pel\u00edculas favoritas lo har\u00eda&#8230;<\/p>\n","protected":false},"author":22,"featured_media":33123,"comment_status":"open","ping_status":"open","sticky":false,"template":"","format":"standard","meta":{"_jetpack_memberships_contains_paid_content":false,"footnotes":"","jetpack_publicize_message":"","jetpack_publicize_feature_enabled":true,"jetpack_social_post_already_shared":true,"jetpack_social_options":{"image_generator_settings":{"template":"highway","default_image_id":0,"font":"","enabled":false},"version":2}},"categories":[7,10],"tags":[64,61,32,372,445,1087,124,1088,1054,89,31,1055],"class_list":["post-32884","post","type-post","status-publish","format-standard","has-post-thumbnail","hentry","category-diseno-de-modas-y-tendencias-internacionales","category-disenos","tag-alumnos","tag-diseno","tag-escat","tag-escatnoticias","tag-internacional","tag-mean-girls","tag-moda","tag-regina-george","tag-rosa","tag-tendencias","tag-uninter","tag-uninversidad-internacional"],"yoast_head":"<!-- This site is optimized with the Yoast SEO plugin v26.8 - https:\/\/yoast.com\/product\/yoast-seo-wordpress\/ -->\r\n<title>\u00bfC\u00f3mo llevar\u00eda Regina George el rosa en 2019\/2020? - ESCAT<\/title>\r\n<meta name=\"description\" content=\"Los mi\u00e9rcoles se viste de rosa, y as\u00ed es como la Queen B de una de tus pel\u00edculas favoritas lo har\u00eda. \u00a1On Wednesday we wear pink!\" \/>\r\n<meta name=\"robots\" content=\"index, follow, max-snippet:-1, max-image-preview:large, max-video-preview:-1\" \/>\r\n<link rel=\"canonical\" href=\"https:\/\/blogs.uninter.edu.mx\/ESCAT\/index.php\/como\/\" \/>\r\n<meta property=\"og:locale\" content=\"es_MX\" \/>\r\n<meta property=\"og:type\" content=\"article\" \/>\r\n<meta property=\"og:title\" content=\"\u00bfC\u00f3mo llevar\u00eda Regina George el rosa en 2019\/2020? - ESCAT\" \/>\r\n<meta property=\"og:description\" content=\"Los mi\u00e9rcoles se viste de rosa, y as\u00ed es como la Queen B de una de tus pel\u00edculas favoritas lo har\u00eda. \u00a1On Wednesday we wear pink!\" \/>\r\n<meta property=\"og:url\" content=\"https:\/\/blogs.uninter.edu.mx\/ESCAT\/index.php\/como\/\" \/>\r\n<meta property=\"og:site_name\" content=\"Escuela de Ciencias, Artes y Tecnolog\u00eda\" \/>\r\n<meta property=\"article:publisher\" content=\"https:\/\/www.facebook.com\/EscatUninter\/\" \/>\r\n<meta property=\"article:published_time\" content=\"2019-10-19T17:57:25+00:00\" \/>\r\n<meta property=\"article:modified_time\" content=\"2019-10-19T17:57:29+00:00\" \/>\r\n<meta property=\"og:image\" content=\"https:\/\/blogs.uninter.edu.mx\/ESCAT\/wp-content\/uploads\/2019\/10\/regina.jpg\" \/>\r\n\t<meta property=\"og:image:width\" content=\"1200\" \/>\r\n\t<meta property=\"og:image:height\" content=\"800\" \/>\r\n\t<meta property=\"og:image:type\" content=\"image\/jpeg\" \/>\r\n<meta name=\"author\" content=\"EquipoEscat\" \/>\r\n<meta name=\"twitter:card\" content=\"summary_large_image\" \/>\r\n<meta name=\"twitter:creator\" content=\"@EscatUninter\" \/>\r\n<meta name=\"twitter:site\" content=\"@EscatUninter\" \/>\r\n<meta name=\"twitter:label1\" content=\"Escrito por\" \/>\n\t<meta name=\"twitter:data1\" content=\"EquipoEscat\" \/>\n\t<meta name=\"twitter:label2\" content=\"Tiempo de lectura\" \/>\n\t<meta name=\"twitter:data2\" content=\"2 minutos\" \/>\r\n<script type=\"application\/ld+json\" class=\"yoast-schema-graph\">{\"@context\":\"https:\/\/schema.org\",\"@graph\":[{\"@type\":\"Article\",\"@id\":\"https:\/\/blogs.uninter.edu.mx\/ESCAT\/index.php\/como\/#article\",\"isPartOf\":{\"@id\":\"https:\/\/blogs.uninter.edu.mx\/ESCAT\/index.php\/como\/\"},\"author\":{\"name\":\"EquipoEscat\",\"@id\":\"https:\/\/blogs.uninter.edu.mx\/ESCAT\/#\/schema\/person\/df7b8f33d62433cb78a2104bda02490d\"},\"headline\":\"\u00bfC\u00f3mo llevar\u00eda Regina George el rosa en 2019? #ModaUninter #Dise\u00f1os\",\"datePublished\":\"2019-10-19T17:57:25+00:00\",\"dateModified\":\"2019-10-19T17:57:29+00:00\",\"mainEntityOfPage\":{\"@id\":\"https:\/\/blogs.uninter.edu.mx\/ESCAT\/index.php\/como\/\"},\"wordCount\":331,\"commentCount\":0,\"image\":{\"@id\":\"https:\/\/blogs.uninter.edu.mx\/ESCAT\/index.php\/como\/#primaryimage\"},\"thumbnailUrl\":\"https:\/\/blogs.uninter.edu.mx\/ESCAT\/wp-content\/uploads\/2019\/10\/regina.jpg\",\"keywords\":[\"Alumnos\",\"Dise\u00f1o\",\"ESCAT\",\"ESCATNOTICIAS\",\"internacional\",\"Mean Girls\",\"moda\",\"Regina George\",\"rosa\",\"Tendencias\",\"Uninter\",\"uninversidad internacional\"],\"articleSection\":[\"Dise\u00f1o de Modas y Tendencias Internacionales\",\"Dise\u00f1os\"],\"inLanguage\":\"es\",\"potentialAction\":[{\"@type\":\"CommentAction\",\"name\":\"Comment\",\"target\":[\"https:\/\/blogs.uninter.edu.mx\/ESCAT\/index.php\/como\/#respond\"]}]},{\"@type\":\"WebPage\",\"@id\":\"https:\/\/blogs.uninter.edu.mx\/ESCAT\/index.php\/como\/\",\"url\":\"https:\/\/blogs.uninter.edu.mx\/ESCAT\/index.php\/como\/\",\"name\":\"\u00bfC\u00f3mo llevar\u00eda Regina George el rosa en 2019\/2020? - ESCAT\",\"isPartOf\":{\"@id\":\"https:\/\/blogs.uninter.edu.mx\/ESCAT\/#website\"},\"primaryImageOfPage\":{\"@id\":\"https:\/\/blogs.uninter.edu.mx\/ESCAT\/index.php\/como\/#primaryimage\"},\"image\":{\"@id\":\"https:\/\/blogs.uninter.edu.mx\/ESCAT\/index.php\/como\/#primaryimage\"},\"thumbnailUrl\":\"https:\/\/blogs.uninter.edu.mx\/ESCAT\/wp-content\/uploads\/2019\/10\/regina.jpg\",\"datePublished\":\"2019-10-19T17:57:25+00:00\",\"dateModified\":\"2019-10-19T17:57:29+00:00\",\"author\":{\"@id\":\"https:\/\/blogs.uninter.edu.mx\/ESCAT\/#\/schema\/person\/df7b8f33d62433cb78a2104bda02490d\"},\"description\":\"Los mi\u00e9rcoles se viste de rosa, y as\u00ed es como la Queen B de una de tus pel\u00edculas favoritas lo har\u00eda. \u00a1On Wednesday we wear pink!\",\"breadcrumb\":{\"@id\":\"https:\/\/blogs.uninter.edu.mx\/ESCAT\/index.php\/como\/#breadcrumb\"},\"inLanguage\":\"es\",\"potentialAction\":[{\"@type\":\"ReadAction\",\"target\":[\"https:\/\/blogs.uninter.edu.mx\/ESCAT\/index.php\/como\/\"]}]},{\"@type\":\"ImageObject\",\"inLanguage\":\"es\",\"@id\":\"https:\/\/blogs.uninter.edu.mx\/ESCAT\/index.php\/como\/#primaryimage\",\"url\":\"https:\/\/blogs.uninter.edu.mx\/ESCAT\/wp-content\/uploads\/2019\/10\/regina.jpg\",\"contentUrl\":\"https:\/\/blogs.uninter.edu.mx\/ESCAT\/wp-content\/uploads\/2019\/10\/regina.jpg\",\"width\":1200,\"height\":800},{\"@type\":\"BreadcrumbList\",\"@id\":\"https:\/\/blogs.uninter.edu.mx\/ESCAT\/index.php\/como\/#breadcrumb\",\"itemListElement\":[{\"@type\":\"ListItem\",\"position\":1,\"name\":\"Inicio\",\"item\":\"https:\/\/blogs.uninter.edu.mx\/ESCAT\/\"},{\"@type\":\"ListItem\",\"position\":2,\"name\":\"\u00bfC\u00f3mo llevar\u00eda Regina George el rosa en 2019? #ModaUninter #Dise\u00f1os\"}]},{\"@type\":\"WebSite\",\"@id\":\"https:\/\/blogs.uninter.edu.mx\/ESCAT\/#website\",\"url\":\"https:\/\/blogs.uninter.edu.mx\/ESCAT\/\",\"name\":\"Escuela de Ciencias, Artes y Tecnolog\u00eda UNINTER\",\"description\":\"ESCAT\",\"potentialAction\":[{\"@type\":\"SearchAction\",\"target\":{\"@type\":\"EntryPoint\",\"urlTemplate\":\"https:\/\/blogs.uninter.edu.mx\/ESCAT\/?s={search_term_string}\"},\"query-input\":{\"@type\":\"PropertyValueSpecification\",\"valueRequired\":true,\"valueName\":\"search_term_string\"}}],\"inLanguage\":\"es\"},{\"@type\":\"Person\",\"@id\":\"https:\/\/blogs.uninter.edu.mx\/ESCAT\/#\/schema\/person\/df7b8f33d62433cb78a2104bda02490d\",\"name\":\"EquipoEscat\",\"image\":{\"@type\":\"ImageObject\",\"inLanguage\":\"es\",\"@id\":\"https:\/\/blogs.uninter.edu.mx\/ESCAT\/#\/schema\/person\/image\/\",\"url\":\"https:\/\/secure.gravatar.com\/avatar\/d943e53cecc7e9e13c011abf6ec7475809c7d278834bde994b19ecd58034a9ff?s=96&d=mm&r=g\",\"contentUrl\":\"https:\/\/secure.gravatar.com\/avatar\/d943e53cecc7e9e13c011abf6ec7475809c7d278834bde994b19ecd58034a9ff?s=96&d=mm&r=g\",\"caption\":\"EquipoEscat\"},\"url\":\"https:\/\/blogs.uninter.edu.mx\/ESCAT\/index.php\/author\/equipoescat\/\"}]}<\/script>\r\n<!-- \/ Yoast SEO plugin. -->","yoast_head_json":{"title":"\u00bfC\u00f3mo llevar\u00eda Regina George el rosa en 2019\/2020? - ESCAT","description":"Los mi\u00e9rcoles se viste de rosa, y as\u00ed es como la Queen B de una de tus pel\u00edculas favoritas lo har\u00eda. \u00a1On Wednesday we wear pink!","robots":{"index":"index","follow":"follow","max-snippet":"max-snippet:-1","max-image-preview":"max-image-preview:large","max-video-preview":"max-video-preview:-1"},"canonical":"https:\/\/blogs.uninter.edu.mx\/ESCAT\/index.php\/como\/","og_locale":"es_MX","og_type":"article","og_title":"\u00bfC\u00f3mo llevar\u00eda Regina George el rosa en 2019\/2020? - ESCAT","og_description":"Los mi\u00e9rcoles se viste de rosa, y as\u00ed es como la Queen B de una de tus pel\u00edculas favoritas lo har\u00eda. \u00a1On Wednesday we wear pink!","og_url":"https:\/\/blogs.uninter.edu.mx\/ESCAT\/index.php\/como\/","og_site_name":"Escuela de Ciencias, Artes y Tecnolog\u00eda","article_publisher":"https:\/\/www.facebook.com\/EscatUninter\/","article_published_time":"2019-10-19T17:57:25+00:00","article_modified_time":"2019-10-19T17:57:29+00:00","og_image":[{"width":1200,"height":800,"url":"https:\/\/blogs.uninter.edu.mx\/ESCAT\/wp-content\/uploads\/2019\/10\/regina.jpg","type":"image\/jpeg"}],"author":"EquipoEscat","twitter_card":"summary_large_image","twitter_creator":"@EscatUninter","twitter_site":"@EscatUninter","twitter_misc":{"Escrito por":"EquipoEscat","Tiempo de lectura":"2 minutos"},"schema":{"@context":"https:\/\/schema.org","@graph":[{"@type":"Article","@id":"https:\/\/blogs.uninter.edu.mx\/ESCAT\/index.php\/como\/#article","isPartOf":{"@id":"https:\/\/blogs.uninter.edu.mx\/ESCAT\/index.php\/como\/"},"author":{"name":"EquipoEscat","@id":"https:\/\/blogs.uninter.edu.mx\/ESCAT\/#\/schema\/person\/df7b8f33d62433cb78a2104bda02490d"},"headline":"\u00bfC\u00f3mo llevar\u00eda Regina George el rosa en 2019? #ModaUninter #Dise\u00f1os","datePublished":"2019-10-19T17:57:25+00:00","dateModified":"2019-10-19T17:57:29+00:00","mainEntityOfPage":{"@id":"https:\/\/blogs.uninter.edu.mx\/ESCAT\/index.php\/como\/"},"wordCount":331,"commentCount":0,"image":{"@id":"https:\/\/blogs.uninter.edu.mx\/ESCAT\/index.php\/como\/#primaryimage"},"thumbnailUrl":"https:\/\/blogs.uninter.edu.mx\/ESCAT\/wp-content\/uploads\/2019\/10\/regina.jpg","keywords":["Alumnos","Dise\u00f1o","ESCAT","ESCATNOTICIAS","internacional","Mean Girls","moda","Regina George","rosa","Tendencias","Uninter","uninversidad internacional"],"articleSection":["Dise\u00f1o de Modas y Tendencias Internacionales","Dise\u00f1os"],"inLanguage":"es","potentialAction":[{"@type":"CommentAction","name":"Comment","target":["https:\/\/blogs.uninter.edu.mx\/ESCAT\/index.php\/como\/#respond"]}]},{"@type":"WebPage","@id":"https:\/\/blogs.uninter.edu.mx\/ESCAT\/index.php\/como\/","url":"https:\/\/blogs.uninter.edu.mx\/ESCAT\/index.php\/como\/","name":"\u00bfC\u00f3mo llevar\u00eda Regina George el rosa en 2019\/2020? - ESCAT","isPartOf":{"@id":"https:\/\/blogs.uninter.edu.mx\/ESCAT\/#website"},"primaryImageOfPage":{"@id":"https:\/\/blogs.uninter.edu.mx\/ESCAT\/index.php\/como\/#primaryimage"},"image":{"@id":"https:\/\/blogs.uninter.edu.mx\/ESCAT\/index.php\/como\/#primaryimage"},"thumbnailUrl":"https:\/\/blogs.uninter.edu.mx\/ESCAT\/wp-content\/uploads\/2019\/10\/regina.jpg","datePublished":"2019-10-19T17:57:25+00:00","dateModified":"2019-10-19T17:57:29+00:00","author":{"@id":"https:\/\/blogs.uninter.edu.mx\/ESCAT\/#\/schema\/person\/df7b8f33d62433cb78a2104bda02490d"},"description":"Los mi\u00e9rcoles se viste de rosa, y as\u00ed es como la Queen B de una de tus pel\u00edculas favoritas lo har\u00eda. \u00a1On Wednesday we wear pink!","breadcrumb":{"@id":"https:\/\/blogs.uninter.edu.mx\/ESCAT\/index.php\/como\/#breadcrumb"},"inLanguage":"es","potentialAction":[{"@type":"ReadAction","target":["https:\/\/blogs.uninter.edu.mx\/ESCAT\/index.php\/como\/"]}]},{"@type":"ImageObject","inLanguage":"es","@id":"https:\/\/blogs.uninter.edu.mx\/ESCAT\/index.php\/como\/#primaryimage","url":"https:\/\/blogs.uninter.edu.mx\/ESCAT\/wp-content\/uploads\/2019\/10\/regina.jpg","contentUrl":"https:\/\/blogs.uninter.edu.mx\/ESCAT\/wp-content\/uploads\/2019\/10\/regina.jpg","width":1200,"height":800},{"@type":"BreadcrumbList","@id":"https:\/\/blogs.uninter.edu.mx\/ESCAT\/index.php\/como\/#breadcrumb","itemListElement":[{"@type":"ListItem","position":1,"name":"Inicio","item":"https:\/\/blogs.uninter.edu.mx\/ESCAT\/"},{"@type":"ListItem","position":2,"name":"\u00bfC\u00f3mo llevar\u00eda Regina George el rosa en 2019? #ModaUninter #Dise\u00f1os"}]},{"@type":"WebSite","@id":"https:\/\/blogs.uninter.edu.mx\/ESCAT\/#website","url":"https:\/\/blogs.uninter.edu.mx\/ESCAT\/","name":"Escuela de Ciencias, Artes y Tecnolog\u00eda UNINTER","description":"ESCAT","potentialAction":[{"@type":"SearchAction","target":{"@type":"EntryPoint","urlTemplate":"https:\/\/blogs.uninter.edu.mx\/ESCAT\/?s={search_term_string}"},"query-input":{"@type":"PropertyValueSpecification","valueRequired":true,"valueName":"search_term_string"}}],"inLanguage":"es"},{"@type":"Person","@id":"https:\/\/blogs.uninter.edu.mx\/ESCAT\/#\/schema\/person\/df7b8f33d62433cb78a2104bda02490d","name":"EquipoEscat","image":{"@type":"ImageObject","inLanguage":"es","@id":"https:\/\/blogs.uninter.edu.mx\/ESCAT\/#\/schema\/person\/image\/","url":"https:\/\/secure.gravatar.com\/avatar\/d943e53cecc7e9e13c011abf6ec7475809c7d278834bde994b19ecd58034a9ff?s=96&d=mm&r=g","contentUrl":"https:\/\/secure.gravatar.com\/avatar\/d943e53cecc7e9e13c011abf6ec7475809c7d278834bde994b19ecd58034a9ff?s=96&d=mm&r=g","caption":"EquipoEscat"},"url":"https:\/\/blogs.uninter.edu.mx\/ESCAT\/index.php\/author\/equipoescat\/"}]}},"jetpack_publicize_connections":[],"jetpack_featured_media_url":"https:\/\/blogs.uninter.edu.mx\/ESCAT\/wp-content\/uploads\/2019\/10\/regina.jpg","jetpack_sharing_enabled":true,"_links":{"self":[{"href":"https:\/\/blogs.uninter.edu.mx\/ESCAT\/index.php\/wp-json\/wp\/v2\/posts\/32884","targetHints":{"allow":["GET"]}}],"collection":[{"href":"https:\/\/blogs.uninter.edu.mx\/ESCAT\/index.php\/wp-json\/wp\/v2\/posts"}],"about":[{"href":"https:\/\/blogs.uninter.edu.mx\/ESCAT\/index.php\/wp-json\/wp\/v2\/types\/post"}],"author":[{"embeddable":true,"href":"https:\/\/blogs.uninter.edu.mx\/ESCAT\/index.php\/wp-json\/wp\/v2\/users\/22"}],"replies":[{"embeddable":true,"href":"https:\/\/blogs.uninter.edu.mx\/ESCAT\/index.php\/wp-json\/wp\/v2\/comments?post=32884"}],"version-history":[{"count":4,"href":"https:\/\/blogs.uninter.edu.mx\/ESCAT\/index.php\/wp-json\/wp\/v2\/posts\/32884\/revisions"}],"predecessor-version":[{"id":33328,"href":"https:\/\/blogs.uninter.edu.mx\/ESCAT\/index.php\/wp-json\/wp\/v2\/posts\/32884\/revisions\/33328"}],"wp:featuredmedia":[{"embeddable":true,"href":"https:\/\/blogs.uninter.edu.mx\/ESCAT\/index.php\/wp-json\/wp\/v2\/media\/33123"}],"wp:attachment":[{"href":"https:\/\/blogs.uninter.edu.mx\/ESCAT\/index.php\/wp-json\/wp\/v2\/media?parent=32884"}],"wp:term":[{"taxonomy":"category","embeddable":true,"href":"https:\/\/blogs.uninter.edu.mx\/ESCAT\/index.php\/wp-json\/wp\/v2\/categories?post=32884"},{"taxonomy":"post_tag","embeddable":true,"href":"https:\/\/blogs.uninter.edu.mx\/ESCAT\/index.php\/wp-json\/wp\/v2\/tags?post=32884"}],"curies":[{"name":"wp","href":"https:\/\/api.w.org\/{rel}","templated":true}]}}