{"id":34216,"date":"2019-11-30T10:37:29","date_gmt":"2019-11-30T16:37:29","guid":{"rendered":"https:\/\/blogs.uninter.edu.mx\/ESCAT\/?p=34216"},"modified":"2019-11-21T23:39:52","modified_gmt":"2019-11-22T05:39:52","slug":"venecia","status":"publish","type":"post","link":"https:\/\/blogs.uninter.edu.mx\/ESCAT\/index.php\/venecia\/","title":{"rendered":"Venecia, el cambio clim\u00e1tico y la marea de turistas #Noticias"},"content":{"rendered":"\n<div class=\"wp-block-image\"><figure class=\"aligncenter is-resized\"><a href=\"https:\/\/www.facebook.com\/EscatUninter\/\"><img loading=\"lazy\" decoding=\"async\" src=\"https:\/\/blogs.uninter.edu.mx\/ESCAT\/wp-content\/uploads\/2019\/10\/escat.png\" alt=\"\" class=\"wp-image-33403\" width=\"199\" height=\"177\" srcset=\"https:\/\/blogs.uninter.edu.mx\/ESCAT\/wp-content\/uploads\/2019\/10\/escat.png 443w, https:\/\/blogs.uninter.edu.mx\/ESCAT\/wp-content\/uploads\/2019\/10\/escat-300x267.png 300w\" sizes=\"auto, (max-width: 199px) 100vw, 199px\" \/><\/a><\/figure><\/div>\n\n\n\n<p>Venecia. <em>Los tesoros culturales de Venecia est\u00e1n amenazados, pero no solo por las inundaciones. La UNESCO eval\u00faa quitarle su t\u00edtulo de Patrimonio de la Humanidad para frenar el turismo.<\/em><\/p>\n\n\n\n<!--more-->\n\n\n\n<p> Desde hace 32 a\u00f1os,&nbsp;<strong>la ciudad italiana de Venecia<\/strong>&nbsp;goza de protecci\u00f3n especial por parte del&nbsp;<strong>Centro del Patrimonio de la Humanidad de la UNESCO<\/strong>, pero eso podr\u00eda cambiar r\u00e1pidamente. \u201cVenecia corre peligro de perder su estatus de Patrimonio Cultural de la Humanidad\u201d, advierte&nbsp;en entrevista con&nbsp;<strong>DW<\/strong>&nbsp;Mechthild R\u00f6ssler, quien dirige la instituci\u00f3n&nbsp;desde hace 25 a\u00f1os. El Centro&nbsp;no decide sobre el reconocimiento como&nbsp;<strong>Patrimonio de la Humanidad<\/strong>, eso le corresponde al Comit\u00e9 del Patrimonio de la Humanidad la UNESCO, pero la instituci\u00f3n&nbsp;observa con mucha atenci\u00f3n la situaci\u00f3n en la ciudad portuaria del norte italiano. \u201c<strong>Estamos esperando el informe de Italia<\/strong>. Luego presentaremos nuestro an\u00e1lisis al Comit\u00e9\u201d, dice&nbsp;R\u00f6ssler. <\/p>\n\n\n\n<figure class=\"wp-block-image\"><img loading=\"lazy\" decoding=\"async\" width=\"640\" height=\"360\" src=\"https:\/\/blogs.uninter.edu.mx\/ESCAT\/wp-content\/uploads\/2019\/11\/Italia.jpg\" alt=\"Venecia\" class=\"wp-image-34217\" srcset=\"https:\/\/blogs.uninter.edu.mx\/ESCAT\/wp-content\/uploads\/2019\/11\/Italia.jpg 640w, https:\/\/blogs.uninter.edu.mx\/ESCAT\/wp-content\/uploads\/2019\/11\/Italia-300x169.jpg 300w, https:\/\/blogs.uninter.edu.mx\/ESCAT\/wp-content\/uploads\/2019\/11\/Italia-460x260.jpg 460w\" sizes=\"auto, (max-width: 640px) 100vw, 640px\" \/><\/figure>\n\n\n\n<p>Seg\u00fan R\u00f6ssler, el Comit\u00e9 ya propuso colocar a Venecia en&nbsp;<strong>la \u201clista roja\u201d de patrimonios culturales en peligro<\/strong>. El alcalde de Venecia, Luigi Brunaro, que lo intu\u00eda, se present\u00f3 en septiembre de 2019 en Par\u00eds, en la sede de la UNESCO, acompa\u00f1ado de una nutrida delegaci\u00f3n. \u201cNuestro mensaje lleg\u00f3\u201d, cree R\u00f6ssler.&nbsp;&nbsp;\u201cde otro modo, esas autoridades no hubieran aparecido aqu\u00ed, en la UNESCO; eso es muy claro\u201d.<\/p>\n\n\n\n<h3 class=\"wp-block-heading\"><strong>Venecia est\u00e1 asfixi\u00e1ndose por el turismo masivo<\/strong><\/h3>\n\n\n\n<p>Claro queda tambi\u00e9n cu\u00e1les son los puntos de cr\u00edtica en los que la UNESCO exigi\u00f3 mejoras, ya en 2015, durante una de las \u201cmisiones de monitoreo\u201d de esa organizaci\u00f3n. Lo que se critica es, sobre todo, la forma en que se maneja&nbsp;<a href=\"https:\/\/www.dw.com\/es\/venecia-dar%C3%A1-prioridad-a-sus-vecinos-por-sobre-los-turistas\/a-19172383\">el turismo en Venecia<\/a>. En total,&nbsp;<strong>cerca de 22 millones de visitantes llegan cada a\u00f1o a la ciudad flotante<\/strong>, de solo 55,000 habitantes. En 1951, llegaban 175,000 turistas. \u201cNo queremos que se convierta en una ciudad museo\u201d, se\u00f1ala R\u00f6ssler, \u201csino en una ciudad viva, donde la gente tambi\u00e9n pueda vivir.\u201d Venecia, que se sostiene gracias al turismo internacional, a\u00fan no ha encontrado una soluci\u00f3n a ese dilema.<\/p>\n\n\n\n<div class=\"wp-block-image\"><figure class=\"aligncenter\"><img loading=\"lazy\" decoding=\"async\" width=\"1024\" height=\"576\" src=\"https:\/\/blogs.uninter.edu.mx\/ESCAT\/wp-content\/uploads\/2019\/11\/italia-2-1024x576.jpg\" alt=\"Venecia\" class=\"wp-image-34218\" srcset=\"https:\/\/blogs.uninter.edu.mx\/ESCAT\/wp-content\/uploads\/2019\/11\/italia-2-1024x576.jpg 1024w, https:\/\/blogs.uninter.edu.mx\/ESCAT\/wp-content\/uploads\/2019\/11\/italia-2-300x169.jpg 300w, https:\/\/blogs.uninter.edu.mx\/ESCAT\/wp-content\/uploads\/2019\/11\/italia-2-768x432.jpg 768w, https:\/\/blogs.uninter.edu.mx\/ESCAT\/wp-content\/uploads\/2019\/11\/italia-2-460x260.jpg 460w, https:\/\/blogs.uninter.edu.mx\/ESCAT\/wp-content\/uploads\/2019\/11\/italia-2.jpg 1200w\" sizes=\"auto, (max-width: 1024px) 100vw, 1024px\" \/><\/figure><\/div>\n\n\n\n<p>Junto con el fen\u00f3meno de la sobrecarga de turismo,&nbsp;<a href=\"https:\/\/www.dw.com\/es\/protestas-en-venecia-contra-los-grandes-cruceros\/a-49113462\">los grandes barcos de crucero<\/a>&nbsp;son el otro gran problema. Estos cruzan el&nbsp;<strong>Canale Grande<\/strong>&nbsp;con hasta 6,000 pasajeros. \u201cEl tr\u00e1fico de los barcos provoca erosi\u00f3n y el agua tambi\u00e9n va carcomiendo las estructuras de la ciudad\u201d. Desde hace a\u00f1os se est\u00e1 construyendo un sistema de protecci\u00f3n contra las mareas, con compuertas m\u00f3viles, el&nbsp;<a href=\"https:\/\/www.dw.com\/es\/mose-el-megaproyecto-de-ingenier%C3%ADa-para-salvar-a-venecia-de-las-inundaciones\/a-51258058\">MOSE<\/a>, que no avanza, debido, en parte, a esc\u00e1ndalos de corrupci\u00f3n. El sistema est\u00e1 pensado para detener las masas de agua del mar Mediterr\u00e1neo. Pero al cambio clim\u00e1tico tampoco lo detiene la tecnolog\u00eda.<\/p>\n\n\n\n<h3 class=\"wp-block-heading\"><strong>El cambio clim\u00e1tico amenaza la laguna de Venecia<\/strong><\/h3>\n\n\n\n<p>Las consecuencias del cambio clim\u00e1tico est\u00e1n siendo evaluadas en un estudio de la UNESCO. Seg\u00fan datos de ese estudio, las fuertes precipitaciones y el aumento del nivel del mar son solo algunos de los efectos visibles del calentamiento global. Pero ambos podr\u00edan, en combinaci\u00f3n con los fuertes vientos, que ya de por s\u00ed azotan usualmente la laguna, haber provocado las inundaciones extremas de la actual \u2018acqua alta\u2019 en Venecia. El nivel lleg\u00f3 a 1.87 cm sobre el nivel del mar en la noche del mi\u00e9rcoles 13 de noviembre, la medici\u00f3n m\u00e1s alta desde hace 53 a\u00f1os, y el nivel de agua m\u00e1s alto de los \u00faltimos 100 a\u00f1os. La bas\u00edlica catedral de San Marcos sigue rodeada de agua, y la cripta del templo, construido en el siglo XVIII, se inund\u00f3. Expertos alertan sobre una \u201ccorrosi\u00f3n irreversible\u201d en su estructura y en la de otros edificios hist\u00f3ricos.<\/p>\n\n\n\n<p>Pero esto no es todo. \u201cActualmente tenemos fen\u00f3menos clim\u00e1ticos que no ve\u00edamos tan claramente hace diez a\u00f1os\u201d, advierte Mechthild R\u00f6ssler, ge\u00f3loga especializada en Ecolog\u00eda. Por ejemplo, el peligro masivo de una especie for\u00e1nea de gusanos que llegaron al norte de Italia de aguas m\u00e1s calientes: \u201cAtacan la madera de los millones de estacas sobre las que se apoya Venecia\u201d, explica la experta. Tambi\u00e9n se teme que los pilares de madera sobre los que descansa la bas\u00edlica de San Marcos se vean afectados por las aguas y sus consecuencias.<\/p>\n\n\n\n<div class=\"wp-block-image\"><figure class=\"aligncenter is-resized\"><img loading=\"lazy\" decoding=\"async\" src=\"https:\/\/blogs.uninter.edu.mx\/ESCAT\/wp-content\/uploads\/2019\/11\/Italia-4.jpg\" alt=\"Venecia\" class=\"wp-image-34219\" width=\"338\" height=\"232\"\/><\/figure><\/div>\n\n\n\n<h3 class=\"wp-block-heading\"><strong>Sigue la alerta naranja en Venecia<\/strong><\/h3>\n\n\n\n<p>Lo que s\u00ed es evidente, es que Venecia ya est\u00e1 siendo afectada gravemente por el cambio clim\u00e1tico. Su t\u00edtulo de Patrimonio Cultural de la Humanidad, cuyo objetivo era preservarla, podr\u00eda haber tenido el efecto contrario al esperado, ya que no hay freno para el turismo masivo. Pero \u00bfser\u00eda una soluci\u00f3n para la ciudad que la UNESCO le retirara ese t\u00edtulo? \u201cPor el momento no se llegar\u00e1 a eso\u201d, dice&nbsp;R\u00f6ssler a DW. \u201cPero que hoy en d\u00eda todav\u00eda no estemos en condiciones de proteger eficientemente a Venecia es muestra de incapacidad\u201d. No solo se llama a los venecianos a protegerla, sino tambi\u00e9n a las autoridades italianas y a la comunidad internacional. \u201c\u00a1Estamos todos en el mismo barco!\u201d, alerta la directora del Centro del Patrimonio de la Humanidad de la UNESCO.<\/p>\n\n\n\n<p>Fuente: <a href=\"https:\/\/www.forbes.com.mx\/el-cambio-climatico-y-la-marea-de-turistas-amenazan-los-tesoros-culturales-de-venecia\/\">Forbes<\/a><\/p>\n\n\n\n<p style=\"text-align:right\"><a href=\"https:\/\/universidad.uninter.edu.mx\/carreras\/IAM\">Ingenier\u00eda Ambiental<\/a><\/p>\n\n\n\n<p style=\"text-align:right\"><a href=\"https:\/\/blogs.uninter.edu.mx\/ESCAT\/index.php\/category\/ingenieria-ambiental\/\">M\u00e1s noticias sobre Ingenier\u00eda Ambiental<\/a><\/p>\n\n\n\n<div class=\"wp-block-image\"><figure class=\"aligncenter\"><a href=\"https:\/\/universidad.uninter.edu.mx\/\"><img loading=\"lazy\" decoding=\"async\" width=\"406\" height=\"62\" src=\"https:\/\/blogs.uninter.edu.mx\/ESCAT\/wp-content\/uploads\/2019\/05\/Universidad-Internacional-ESCAT-1.png\" alt=\"\" class=\"wp-image-28600\" srcset=\"https:\/\/blogs.uninter.edu.mx\/ESCAT\/wp-content\/uploads\/2019\/05\/Universidad-Internacional-ESCAT-1.png 406w, https:\/\/blogs.uninter.edu.mx\/ESCAT\/wp-content\/uploads\/2019\/05\/Universidad-Internacional-ESCAT-1-300x46.png 300w\" sizes=\"auto, (max-width: 406px) 100vw, 406px\" \/><\/a><\/figure><\/div>\n","protected":false},"excerpt":{"rendered":"<p>Venecia. Los tesoros culturales de Venecia est\u00e1n amenazados, pero no solo por las inundaciones. La UNESCO eval\u00faa quitarle su t\u00edtulo de Patrimonio de la Humanidad para frenar el turismo.<\/p>\n","protected":false},"author":22,"featured_media":34218,"comment_status":"open","ping_status":"open","sticky":false,"template":"","format":"standard","meta":{"_jetpack_memberships_contains_paid_content":false,"footnotes":"","jetpack_publicize_message":"","jetpack_publicize_feature_enabled":true,"jetpack_social_post_already_shared":true,"jetpack_social_options":{"image_generator_settings":{"template":"highway","default_image_id":0,"font":"","enabled":false},"version":2}},"categories":[22],"tags":[363,32,102,104,31,37],"class_list":["post-34216","post","type-post","status-publish","format-standard","has-post-thumbnail","hentry","category-ingenierias","tag-cambio-climatico","tag-escat","tag-iam","tag-ingenierias","tag-uninter","tag-universidad-internacional"],"yoast_head":"<!-- This site is optimized with the Yoast SEO plugin v26.8 - https:\/\/yoast.com\/product\/yoast-seo-wordpress\/ -->\r\n<title>Venecia, el cambio clim\u00e1tico y la marea de turistas #Noticias - ESCAT<\/title>\r\n<meta name=\"description\" content=\"Venecia. Los tesoros culturales de Venecia est\u00e1n amenazados, pero no solo por las inundaciones. La UNESCO eval\u00faa quitarle su t\u00edtulo...\" \/>\r\n<meta name=\"robots\" content=\"index, follow, max-snippet:-1, max-image-preview:large, max-video-preview:-1\" \/>\r\n<link rel=\"canonical\" href=\"https:\/\/blogs.uninter.edu.mx\/ESCAT\/index.php\/venecia\/\" \/>\r\n<meta property=\"og:locale\" content=\"es_MX\" \/>\r\n<meta property=\"og:type\" content=\"article\" \/>\r\n<meta property=\"og:title\" content=\"Venecia, el cambio clim\u00e1tico y la marea de turistas #Noticias - ESCAT\" \/>\r\n<meta property=\"og:description\" content=\"Venecia. Los tesoros culturales de Venecia est\u00e1n amenazados, pero no solo por las inundaciones. La UNESCO eval\u00faa quitarle su t\u00edtulo...\" \/>\r\n<meta property=\"og:url\" content=\"https:\/\/blogs.uninter.edu.mx\/ESCAT\/index.php\/venecia\/\" \/>\r\n<meta property=\"og:site_name\" content=\"Escuela de Ciencias, Artes y Tecnolog\u00eda\" \/>\r\n<meta property=\"article:publisher\" content=\"https:\/\/www.facebook.com\/EscatUninter\/\" \/>\r\n<meta property=\"article:published_time\" content=\"2019-11-30T16:37:29+00:00\" \/>\r\n<meta property=\"og:image\" content=\"https:\/\/blogs.uninter.edu.mx\/ESCAT\/wp-content\/uploads\/2019\/11\/italia-2.jpg\" \/>\r\n\t<meta property=\"og:image:width\" content=\"1200\" \/>\r\n\t<meta property=\"og:image:height\" content=\"675\" \/>\r\n\t<meta property=\"og:image:type\" content=\"image\/jpeg\" \/>\r\n<meta name=\"author\" content=\"EquipoEscat\" \/>\r\n<meta name=\"twitter:card\" content=\"summary_large_image\" \/>\r\n<meta name=\"twitter:creator\" content=\"@EscatUninter\" \/>\r\n<meta name=\"twitter:site\" content=\"@EscatUninter\" \/>\r\n<meta name=\"twitter:label1\" content=\"Escrito por\" \/>\n\t<meta name=\"twitter:data1\" content=\"EquipoEscat\" \/>\n\t<meta name=\"twitter:label2\" content=\"Tiempo de lectura\" \/>\n\t<meta name=\"twitter:data2\" content=\"5 minutos\" \/>\r\n<script type=\"application\/ld+json\" class=\"yoast-schema-graph\">{\"@context\":\"https:\/\/schema.org\",\"@graph\":[{\"@type\":\"Article\",\"@id\":\"https:\/\/blogs.uninter.edu.mx\/ESCAT\/index.php\/venecia\/#article\",\"isPartOf\":{\"@id\":\"https:\/\/blogs.uninter.edu.mx\/ESCAT\/index.php\/venecia\/\"},\"author\":{\"name\":\"EquipoEscat\",\"@id\":\"https:\/\/blogs.uninter.edu.mx\/ESCAT\/#\/schema\/person\/df7b8f33d62433cb78a2104bda02490d\"},\"headline\":\"Venecia, el cambio clim\u00e1tico y la marea de turistas #Noticias\",\"datePublished\":\"2019-11-30T16:37:29+00:00\",\"mainEntityOfPage\":{\"@id\":\"https:\/\/blogs.uninter.edu.mx\/ESCAT\/index.php\/venecia\/\"},\"wordCount\":911,\"commentCount\":0,\"image\":{\"@id\":\"https:\/\/blogs.uninter.edu.mx\/ESCAT\/index.php\/venecia\/#primaryimage\"},\"thumbnailUrl\":\"https:\/\/blogs.uninter.edu.mx\/ESCAT\/wp-content\/uploads\/2019\/11\/italia-2.jpg\",\"keywords\":[\"Cambio Clim\u00e1tico\",\"ESCAT\",\"IAM\",\"Ingenier\u00edas\",\"Uninter\",\"Universidad Internacional\"],\"articleSection\":[\"Ingenier\u00edas\"],\"inLanguage\":\"es\",\"potentialAction\":[{\"@type\":\"CommentAction\",\"name\":\"Comment\",\"target\":[\"https:\/\/blogs.uninter.edu.mx\/ESCAT\/index.php\/venecia\/#respond\"]}]},{\"@type\":\"WebPage\",\"@id\":\"https:\/\/blogs.uninter.edu.mx\/ESCAT\/index.php\/venecia\/\",\"url\":\"https:\/\/blogs.uninter.edu.mx\/ESCAT\/index.php\/venecia\/\",\"name\":\"Venecia, el cambio clim\u00e1tico y la marea de turistas #Noticias - ESCAT\",\"isPartOf\":{\"@id\":\"https:\/\/blogs.uninter.edu.mx\/ESCAT\/#website\"},\"primaryImageOfPage\":{\"@id\":\"https:\/\/blogs.uninter.edu.mx\/ESCAT\/index.php\/venecia\/#primaryimage\"},\"image\":{\"@id\":\"https:\/\/blogs.uninter.edu.mx\/ESCAT\/index.php\/venecia\/#primaryimage\"},\"thumbnailUrl\":\"https:\/\/blogs.uninter.edu.mx\/ESCAT\/wp-content\/uploads\/2019\/11\/italia-2.jpg\",\"datePublished\":\"2019-11-30T16:37:29+00:00\",\"author\":{\"@id\":\"https:\/\/blogs.uninter.edu.mx\/ESCAT\/#\/schema\/person\/df7b8f33d62433cb78a2104bda02490d\"},\"description\":\"Venecia. Los tesoros culturales de Venecia est\u00e1n amenazados, pero no solo por las inundaciones. La UNESCO eval\u00faa quitarle su t\u00edtulo...\",\"breadcrumb\":{\"@id\":\"https:\/\/blogs.uninter.edu.mx\/ESCAT\/index.php\/venecia\/#breadcrumb\"},\"inLanguage\":\"es\",\"potentialAction\":[{\"@type\":\"ReadAction\",\"target\":[\"https:\/\/blogs.uninter.edu.mx\/ESCAT\/index.php\/venecia\/\"]}]},{\"@type\":\"ImageObject\",\"inLanguage\":\"es\",\"@id\":\"https:\/\/blogs.uninter.edu.mx\/ESCAT\/index.php\/venecia\/#primaryimage\",\"url\":\"https:\/\/blogs.uninter.edu.mx\/ESCAT\/wp-content\/uploads\/2019\/11\/italia-2.jpg\",\"contentUrl\":\"https:\/\/blogs.uninter.edu.mx\/ESCAT\/wp-content\/uploads\/2019\/11\/italia-2.jpg\",\"width\":1200,\"height\":675},{\"@type\":\"BreadcrumbList\",\"@id\":\"https:\/\/blogs.uninter.edu.mx\/ESCAT\/index.php\/venecia\/#breadcrumb\",\"itemListElement\":[{\"@type\":\"ListItem\",\"position\":1,\"name\":\"Inicio\",\"item\":\"https:\/\/blogs.uninter.edu.mx\/ESCAT\/\"},{\"@type\":\"ListItem\",\"position\":2,\"name\":\"Venecia, el cambio clim\u00e1tico y la marea de turistas #Noticias\"}]},{\"@type\":\"WebSite\",\"@id\":\"https:\/\/blogs.uninter.edu.mx\/ESCAT\/#website\",\"url\":\"https:\/\/blogs.uninter.edu.mx\/ESCAT\/\",\"name\":\"Escuela de Ciencias, Artes y Tecnolog\u00eda UNINTER\",\"description\":\"ESCAT\",\"potentialAction\":[{\"@type\":\"SearchAction\",\"target\":{\"@type\":\"EntryPoint\",\"urlTemplate\":\"https:\/\/blogs.uninter.edu.mx\/ESCAT\/?s={search_term_string}\"},\"query-input\":{\"@type\":\"PropertyValueSpecification\",\"valueRequired\":true,\"valueName\":\"search_term_string\"}}],\"inLanguage\":\"es\"},{\"@type\":\"Person\",\"@id\":\"https:\/\/blogs.uninter.edu.mx\/ESCAT\/#\/schema\/person\/df7b8f33d62433cb78a2104bda02490d\",\"name\":\"EquipoEscat\",\"image\":{\"@type\":\"ImageObject\",\"inLanguage\":\"es\",\"@id\":\"https:\/\/blogs.uninter.edu.mx\/ESCAT\/#\/schema\/person\/image\/\",\"url\":\"https:\/\/secure.gravatar.com\/avatar\/d943e53cecc7e9e13c011abf6ec7475809c7d278834bde994b19ecd58034a9ff?s=96&d=mm&r=g\",\"contentUrl\":\"https:\/\/secure.gravatar.com\/avatar\/d943e53cecc7e9e13c011abf6ec7475809c7d278834bde994b19ecd58034a9ff?s=96&d=mm&r=g\",\"caption\":\"EquipoEscat\"},\"url\":\"https:\/\/blogs.uninter.edu.mx\/ESCAT\/index.php\/author\/equipoescat\/\"}]}<\/script>\r\n<!-- \/ Yoast SEO plugin. -->","yoast_head_json":{"title":"Venecia, el cambio clim\u00e1tico y la marea de turistas #Noticias - ESCAT","description":"Venecia. Los tesoros culturales de Venecia est\u00e1n amenazados, pero no solo por las inundaciones. La UNESCO eval\u00faa quitarle su t\u00edtulo...","robots":{"index":"index","follow":"follow","max-snippet":"max-snippet:-1","max-image-preview":"max-image-preview:large","max-video-preview":"max-video-preview:-1"},"canonical":"https:\/\/blogs.uninter.edu.mx\/ESCAT\/index.php\/venecia\/","og_locale":"es_MX","og_type":"article","og_title":"Venecia, el cambio clim\u00e1tico y la marea de turistas #Noticias - ESCAT","og_description":"Venecia. Los tesoros culturales de Venecia est\u00e1n amenazados, pero no solo por las inundaciones. La UNESCO eval\u00faa quitarle su t\u00edtulo...","og_url":"https:\/\/blogs.uninter.edu.mx\/ESCAT\/index.php\/venecia\/","og_site_name":"Escuela de Ciencias, Artes y Tecnolog\u00eda","article_publisher":"https:\/\/www.facebook.com\/EscatUninter\/","article_published_time":"2019-11-30T16:37:29+00:00","og_image":[{"width":1200,"height":675,"url":"https:\/\/blogs.uninter.edu.mx\/ESCAT\/wp-content\/uploads\/2019\/11\/italia-2.jpg","type":"image\/jpeg"}],"author":"EquipoEscat","twitter_card":"summary_large_image","twitter_creator":"@EscatUninter","twitter_site":"@EscatUninter","twitter_misc":{"Escrito por":"EquipoEscat","Tiempo de lectura":"5 minutos"},"schema":{"@context":"https:\/\/schema.org","@graph":[{"@type":"Article","@id":"https:\/\/blogs.uninter.edu.mx\/ESCAT\/index.php\/venecia\/#article","isPartOf":{"@id":"https:\/\/blogs.uninter.edu.mx\/ESCAT\/index.php\/venecia\/"},"author":{"name":"EquipoEscat","@id":"https:\/\/blogs.uninter.edu.mx\/ESCAT\/#\/schema\/person\/df7b8f33d62433cb78a2104bda02490d"},"headline":"Venecia, el cambio clim\u00e1tico y la marea de turistas #Noticias","datePublished":"2019-11-30T16:37:29+00:00","mainEntityOfPage":{"@id":"https:\/\/blogs.uninter.edu.mx\/ESCAT\/index.php\/venecia\/"},"wordCount":911,"commentCount":0,"image":{"@id":"https:\/\/blogs.uninter.edu.mx\/ESCAT\/index.php\/venecia\/#primaryimage"},"thumbnailUrl":"https:\/\/blogs.uninter.edu.mx\/ESCAT\/wp-content\/uploads\/2019\/11\/italia-2.jpg","keywords":["Cambio Clim\u00e1tico","ESCAT","IAM","Ingenier\u00edas","Uninter","Universidad Internacional"],"articleSection":["Ingenier\u00edas"],"inLanguage":"es","potentialAction":[{"@type":"CommentAction","name":"Comment","target":["https:\/\/blogs.uninter.edu.mx\/ESCAT\/index.php\/venecia\/#respond"]}]},{"@type":"WebPage","@id":"https:\/\/blogs.uninter.edu.mx\/ESCAT\/index.php\/venecia\/","url":"https:\/\/blogs.uninter.edu.mx\/ESCAT\/index.php\/venecia\/","name":"Venecia, el cambio clim\u00e1tico y la marea de turistas #Noticias - ESCAT","isPartOf":{"@id":"https:\/\/blogs.uninter.edu.mx\/ESCAT\/#website"},"primaryImageOfPage":{"@id":"https:\/\/blogs.uninter.edu.mx\/ESCAT\/index.php\/venecia\/#primaryimage"},"image":{"@id":"https:\/\/blogs.uninter.edu.mx\/ESCAT\/index.php\/venecia\/#primaryimage"},"thumbnailUrl":"https:\/\/blogs.uninter.edu.mx\/ESCAT\/wp-content\/uploads\/2019\/11\/italia-2.jpg","datePublished":"2019-11-30T16:37:29+00:00","author":{"@id":"https:\/\/blogs.uninter.edu.mx\/ESCAT\/#\/schema\/person\/df7b8f33d62433cb78a2104bda02490d"},"description":"Venecia. Los tesoros culturales de Venecia est\u00e1n amenazados, pero no solo por las inundaciones. La UNESCO eval\u00faa quitarle su t\u00edtulo...","breadcrumb":{"@id":"https:\/\/blogs.uninter.edu.mx\/ESCAT\/index.php\/venecia\/#breadcrumb"},"inLanguage":"es","potentialAction":[{"@type":"ReadAction","target":["https:\/\/blogs.uninter.edu.mx\/ESCAT\/index.php\/venecia\/"]}]},{"@type":"ImageObject","inLanguage":"es","@id":"https:\/\/blogs.uninter.edu.mx\/ESCAT\/index.php\/venecia\/#primaryimage","url":"https:\/\/blogs.uninter.edu.mx\/ESCAT\/wp-content\/uploads\/2019\/11\/italia-2.jpg","contentUrl":"https:\/\/blogs.uninter.edu.mx\/ESCAT\/wp-content\/uploads\/2019\/11\/italia-2.jpg","width":1200,"height":675},{"@type":"BreadcrumbList","@id":"https:\/\/blogs.uninter.edu.mx\/ESCAT\/index.php\/venecia\/#breadcrumb","itemListElement":[{"@type":"ListItem","position":1,"name":"Inicio","item":"https:\/\/blogs.uninter.edu.mx\/ESCAT\/"},{"@type":"ListItem","position":2,"name":"Venecia, el cambio clim\u00e1tico y la marea de turistas #Noticias"}]},{"@type":"WebSite","@id":"https:\/\/blogs.uninter.edu.mx\/ESCAT\/#website","url":"https:\/\/blogs.uninter.edu.mx\/ESCAT\/","name":"Escuela de Ciencias, Artes y Tecnolog\u00eda UNINTER","description":"ESCAT","potentialAction":[{"@type":"SearchAction","target":{"@type":"EntryPoint","urlTemplate":"https:\/\/blogs.uninter.edu.mx\/ESCAT\/?s={search_term_string}"},"query-input":{"@type":"PropertyValueSpecification","valueRequired":true,"valueName":"search_term_string"}}],"inLanguage":"es"},{"@type":"Person","@id":"https:\/\/blogs.uninter.edu.mx\/ESCAT\/#\/schema\/person\/df7b8f33d62433cb78a2104bda02490d","name":"EquipoEscat","image":{"@type":"ImageObject","inLanguage":"es","@id":"https:\/\/blogs.uninter.edu.mx\/ESCAT\/#\/schema\/person\/image\/","url":"https:\/\/secure.gravatar.com\/avatar\/d943e53cecc7e9e13c011abf6ec7475809c7d278834bde994b19ecd58034a9ff?s=96&d=mm&r=g","contentUrl":"https:\/\/secure.gravatar.com\/avatar\/d943e53cecc7e9e13c011abf6ec7475809c7d278834bde994b19ecd58034a9ff?s=96&d=mm&r=g","caption":"EquipoEscat"},"url":"https:\/\/blogs.uninter.edu.mx\/ESCAT\/index.php\/author\/equipoescat\/"}]}},"jetpack_publicize_connections":[],"jetpack_featured_media_url":"https:\/\/blogs.uninter.edu.mx\/ESCAT\/wp-content\/uploads\/2019\/11\/italia-2.jpg","jetpack_sharing_enabled":true,"_links":{"self":[{"href":"https:\/\/blogs.uninter.edu.mx\/ESCAT\/index.php\/wp-json\/wp\/v2\/posts\/34216","targetHints":{"allow":["GET"]}}],"collection":[{"href":"https:\/\/blogs.uninter.edu.mx\/ESCAT\/index.php\/wp-json\/wp\/v2\/posts"}],"about":[{"href":"https:\/\/blogs.uninter.edu.mx\/ESCAT\/index.php\/wp-json\/wp\/v2\/types\/post"}],"author":[{"embeddable":true,"href":"https:\/\/blogs.uninter.edu.mx\/ESCAT\/index.php\/wp-json\/wp\/v2\/users\/22"}],"replies":[{"embeddable":true,"href":"https:\/\/blogs.uninter.edu.mx\/ESCAT\/index.php\/wp-json\/wp\/v2\/comments?post=34216"}],"version-history":[{"count":3,"href":"https:\/\/blogs.uninter.edu.mx\/ESCAT\/index.php\/wp-json\/wp\/v2\/posts\/34216\/revisions"}],"predecessor-version":[{"id":34422,"href":"https:\/\/blogs.uninter.edu.mx\/ESCAT\/index.php\/wp-json\/wp\/v2\/posts\/34216\/revisions\/34422"}],"wp:featuredmedia":[{"embeddable":true,"href":"https:\/\/blogs.uninter.edu.mx\/ESCAT\/index.php\/wp-json\/wp\/v2\/media\/34218"}],"wp:attachment":[{"href":"https:\/\/blogs.uninter.edu.mx\/ESCAT\/index.php\/wp-json\/wp\/v2\/media?parent=34216"}],"wp:term":[{"taxonomy":"category","embeddable":true,"href":"https:\/\/blogs.uninter.edu.mx\/ESCAT\/index.php\/wp-json\/wp\/v2\/categories?post=34216"},{"taxonomy":"post_tag","embeddable":true,"href":"https:\/\/blogs.uninter.edu.mx\/ESCAT\/index.php\/wp-json\/wp\/v2\/tags?post=34216"}],"curies":[{"name":"wp","href":"https:\/\/api.w.org\/{rel}","templated":true}]}}