{"id":34378,"date":"2019-11-27T13:56:17","date_gmt":"2019-11-27T19:56:17","guid":{"rendered":"https:\/\/blogs.uninter.edu.mx\/ESCAT\/?p=34378"},"modified":"2019-11-27T13:56:25","modified_gmt":"2019-11-27T19:56:25","slug":"cambio-climatico","status":"publish","type":"post","link":"https:\/\/blogs.uninter.edu.mx\/ESCAT\/index.php\/cambio-climatico\/","title":{"rendered":"Cambio clim\u00e1tico #Experiencias de Activistas de Centroam\u00e9rica #Ent\u00e9rate"},"content":{"rendered":"\n<div class=\"wp-block-image\"><figure class=\"aligncenter\"><a href=\"https:\/\/www.facebook.com\/EscatUninter\/\"><img loading=\"lazy\" decoding=\"async\" width=\"150\" height=\"150\" src=\"https:\/\/blogs.uninter.edu.mx\/ESCAT\/wp-content\/uploads\/2019\/10\/ESCAT-150x150-1.png\" alt=\"\" class=\"wp-image-33576\" srcset=\"https:\/\/blogs.uninter.edu.mx\/ESCAT\/wp-content\/uploads\/2019\/10\/ESCAT-150x150-1.png 150w, https:\/\/blogs.uninter.edu.mx\/ESCAT\/wp-content\/uploads\/2019\/10\/ESCAT-150x150-1-50x50.png 50w\" sizes=\"auto, (max-width: 150px) 100vw, 150px\" \/><\/a><\/figure><\/div>\n\n\n\n<p><em>El cambio clim\u00e1tico es un fen\u00f3meno mundial que afecta mayoritariamente a los pa\u00edses del llamado Sur Global. Activistas de Centroam\u00e9rica comparten sus experiencias<\/em><\/p>\n\n\n\n<!--more-->\n\n\n\n<p>Aumento de la temperatura, escasez de agua, salinizaci\u00f3n del suelo, incremento de la pobreza y de la migraci\u00f3n:&nbsp;Estos son algunos de los efectos que est\u00e1 provocando el&nbsp;<strong>cambio clim\u00e1tico<\/strong>&nbsp;en&nbsp;<strong>Centroam\u00e9rica, una de las regiones m\u00e1s vulnerables ante este fen\u00f3meno<\/strong>.<\/p>\n\n\n\n<p>\u201cEn El Salvador ya estamos sufriendo un incremento dr\u00e1stico de la temperatura, hemos tenido r\u00e9cords de 41 grados cent\u00edgrados. Esto tambi\u00e9n altera&nbsp;todo el entorno natural\u201d, asegura a&nbsp;<strong>DW<\/strong>&nbsp;Jos\u00e9 Santos, director de&nbsp;<strong>Acudesval<\/strong>, una organizaci\u00f3n campesina en el&nbsp;<strong>Bajo Lempa<\/strong>&nbsp;que acoge a&nbsp; 29 comunidades y 2,000 familias. As\u00ed, explica que, adem\u00e1s de hacer frente a p\u00e9rdidas de vidas humanas, el pa\u00eds tambi\u00e9n ha sufrido la p\u00e9rdida de bienes materiales y de cosechas a ra\u00edz de sequ\u00edas e inundaciones.<\/p>\n\n\n\n<div class=\"wp-block-image\"><figure class=\"aligncenter\"><img loading=\"lazy\" decoding=\"async\" width=\"640\" height=\"360\" src=\"https:\/\/blogs.uninter.edu.mx\/ESCAT\/wp-content\/uploads\/2019\/11\/a.jpg\" alt=\"Cambio clim\u00e1tico\" class=\"wp-image-34381\" srcset=\"https:\/\/blogs.uninter.edu.mx\/ESCAT\/wp-content\/uploads\/2019\/11\/a.jpg 640w, https:\/\/blogs.uninter.edu.mx\/ESCAT\/wp-content\/uploads\/2019\/11\/a-300x169.jpg 300w, https:\/\/blogs.uninter.edu.mx\/ESCAT\/wp-content\/uploads\/2019\/11\/a-460x260.jpg 460w\" sizes=\"auto, (max-width: 640px) 100vw, 640px\" \/><\/figure><\/div>\n\n\n\n<p>\u201cEn los \u00faltimos a\u00f1os se han ido incrementando los fen\u00f3menos adversos, y a veces hemos tenido sequ\u00eda e inundaci\u00f3n en el mismo a\u00f1o.&nbsp;La&nbsp;<strong>producci\u00f3n campesina<\/strong>&nbsp;se ve impactada directamente y de ah\u00ed la escasez de alimentos\u201d, lamenta. A ello se le suma la&nbsp;<strong>falta de agua y la salinizaci\u00f3n del suelo<\/strong>. \u201cEn zonas en las que se pod\u00eda producir la sal ha cambiado el PH del suelo, y ahora ya no se puede. Y todos esos efectos llevan a incrementar los niveles de pobreza de la poblaci\u00f3n\u201d, agrega.<\/p>\n\n\n\n<p>Santos, que adem\u00e1s es coordinador del&nbsp;<strong>Movimiento de V\u00edctimas, Afectados y Afectadas por el Cambio Clim\u00e1tico y las Corporaciones<\/strong>&nbsp;(MOVIAC) visit\u00f3 una docena de ciudades alemanas -entre ellas Fr\u00e1ncfort del Meno, Berl\u00edn, Hamburgo, Bonn y Aquisgr\u00e1n-, en el marco de una visita de intercambio de experiencias organizada por la&nbsp;<strong>Oficina Ecun\u00e9mica por la Paz y la Justicia de Alemania<\/strong>. \u201cNos ha permitido compartir todos los efectos que ya estamos viviendo, y hemos visto la manera en que aqu\u00ed se entiende la problem\u00e1tica\u201d, considera.<\/p>\n\n\n\n<h3 class=\"wp-block-heading\"><strong>Aprendiendo a sobrevivir a un modelo destructivo<\/strong><\/h3>\n\n\n\n<p>Al igual que&nbsp;<strong>El Salvador, Nicaragua, forma&nbsp;parte del llamado Corredor Seco<\/strong>&nbsp;y sufre el fen\u00f3meno del Ni\u00f1o y la Ni\u00f1a, provocando sequ\u00edas y p\u00e9rdidas de cultivos que generan problemas de alimentaci\u00f3n. \u201cSe habla de un 36% a 40% de desnutrici\u00f3n en ni\u00f1os menores de 0 a 5 a\u00f1os en algunas comunidades que est\u00e1n en la monta\u00f1a\u201d, subraya Castillo. Para Castillo la situaci\u00f3n actual del pa\u00eds tambi\u00e9n es fruto de pol\u00edticas agrarias emprendidas en los a\u00f1os 50. \u201cLos monocultivos nos destruyeron todas las tierras con agrot\u00f3xicos y han tenido consecuencias graves. Ahora ya no hay&nbsp;<strong>cultivo de algod\u00f3n<\/strong>, pero el de la ca\u00f1a de az\u00facar se mantiene\u201d recuerda, apuntando que este convive con el de palma africana. \u201cEl modelo econ\u00f3mico y el sistema pol\u00edtico, que protegen a los grandes productores, y las transnacionales, han causado los efectos en la agricultura\u201d, critica.<\/p>\n\n\n\n<figure class=\"wp-block-image\"><img loading=\"lazy\" decoding=\"async\" width=\"958\" height=\"596\" src=\"https:\/\/blogs.uninter.edu.mx\/ESCAT\/wp-content\/uploads\/2019\/11\/d.jpg\" alt=\"Cambio clim\u00e1tico\" class=\"wp-image-34386\" srcset=\"https:\/\/blogs.uninter.edu.mx\/ESCAT\/wp-content\/uploads\/2019\/11\/d.jpg 958w, https:\/\/blogs.uninter.edu.mx\/ESCAT\/wp-content\/uploads\/2019\/11\/d-300x187.jpg 300w, https:\/\/blogs.uninter.edu.mx\/ESCAT\/wp-content\/uploads\/2019\/11\/d-768x478.jpg 768w\" sizes=\"auto, (max-width: 958px) 100vw, 958px\" \/><\/figure>\n\n\n\n<p>Se trata de una pr\u00e1ctica que tambi\u00e9n se est\u00e1 llevando a cabo en Nicaragua. \u201cHemos promovido los huertos familiares con \u00e1rboles frutales, y la gente siembra&nbsp;en sus patios naranjas, limones y&nbsp;aguacate\u201d, explica. Asimismo, dice que \u201cha habido un trabajo de rescate de semillas resistentes ante estas situaciones de sequ\u00eda para&nbsp;que la gente pueda tener una opci\u00f3n de soberan\u00eda y seguridad alimentaria\u201d<strong>.<\/strong>&nbsp;Una acci\u00f3n que tambi\u00e9n se est\u00e1 llevando a cabo en El Salvador que, adem\u00e1s de tener un programa de producci\u00f3n de semillas criollas desde hace 8 a\u00f1os, cuenta con santuarios o reservas de semillas. \u201cSiempre tratamos de tener semillas, y cuando el campesino no tiene, la asociaci\u00f3n las distribuye para que pueda sembrar\u201d, recalca Santos.<\/p>\n\n\n\n<p>Cursos de&nbsp;<strong>agroecolog\u00eda<\/strong>, el uso de abono org\u00e1nico y el desarrollo de microrriegos son, entre otras, algunas de las pr\u00e1cticas que se est\u00e1n llevando a cabo en Nicaragua, donde, adem\u00e1s, desde hace cuatro a\u00f1os, se ha instalado una red de pluvi\u00f3metros con la que se mide&nbsp;la cantidad de agua de las precipitaciones, de manera que se pueden hacer comparaciones respecto a a\u00f1os anteriores. \u201cSi no hay suficiente cantidad de humedad en el suelo, la semilla se va a perder.&nbsp;Entonces, tengo que volver a sembrar\u201d, explica Castillo. Con los datos recolectados en cerca de 80&nbsp;puntos se elabora un bolet\u00edn clim\u00e1tico. \u201cEsos registros sirven para visualizar y saber cu\u00e1ndo m\u00e1s o menos se puede&nbsp;sembrar\u201d, de manera que \u201cse evita la p\u00e9rdida de semillas y aumenta la producci\u00f3n\u201d, concluye Janett Castillo.<\/p>\n\n\n\n<h6 class=\"wp-block-heading\">Fuente: <a href=\"https:\/\/www.forbes.com.mx\/activistas-de-centroamerica-acercan-a-alemania-la-supervivencia-al-cambio-climatico\/\">Forbes<\/a><\/h6>\n\n\n\n<p style=\"text-align:right\"><a href=\"https:\/\/universidad.uninter.edu.mx\/carreras\/IAM\">Licenciatura en Ingenier\u00eda Ambiental<\/a><\/p>\n\n\n\n<p style=\"text-align:right\"><a href=\"https:\/\/blogs.uninter.edu.mx\/ESCAT\/index.php\/category\/ingenieria-ambiental\/\">M\u00e1s noticias sobre Ingenier\u00eda Ambiental<\/a><\/p>\n\n\n\n<div class=\"wp-block-image\"><figure class=\"aligncenter\"><a href=\"https:\/\/universidad.uninter.edu.mx\/\"><img loading=\"lazy\" decoding=\"async\" width=\"406\" height=\"62\" src=\"https:\/\/blogs.uninter.edu.mx\/ESCAT\/wp-content\/uploads\/2019\/06\/Universidad-Internacional-ESCAT.png\" alt=\"\" class=\"wp-image-29504\" srcset=\"https:\/\/blogs.uninter.edu.mx\/ESCAT\/wp-content\/uploads\/2019\/06\/Universidad-Internacional-ESCAT.png 406w, https:\/\/blogs.uninter.edu.mx\/ESCAT\/wp-content\/uploads\/2019\/06\/Universidad-Internacional-ESCAT-300x46.png 300w\" sizes=\"auto, (max-width: 406px) 100vw, 406px\" \/><\/a><\/figure><\/div>\n","protected":false},"excerpt":{"rendered":"<p>El cambio clim\u00e1tico es un fen\u00f3meno mundial que afecta mayoritariamente a los pa\u00edses del llamado Sur Global. Activistas de Centroam\u00e9rica comparten sus experiencias<\/p>\n","protected":false},"author":22,"featured_media":34382,"comment_status":"open","ping_status":"open","sticky":false,"template":"","format":"standard","meta":{"_jetpack_memberships_contains_paid_content":false,"footnotes":"","jetpack_publicize_message":"","jetpack_publicize_feature_enabled":true,"jetpack_social_post_already_shared":true,"jetpack_social_options":{"image_generator_settings":{"template":"highway","default_image_id":0,"font":"","enabled":false},"version":2}},"categories":[22],"tags":[363,32,102,104,31,37],"class_list":["post-34378","post","type-post","status-publish","format-standard","has-post-thumbnail","hentry","category-ingenierias","tag-cambio-climatico","tag-escat","tag-iam","tag-ingenierias","tag-uninter","tag-universidad-internacional"],"yoast_head":"<!-- This site is optimized with the Yoast SEO plugin v26.8 - https:\/\/yoast.com\/product\/yoast-seo-wordpress\/ -->\r\n<title>Cambio clim\u00e1tico #Experiencias de Activistas de Centroam\u00e9rica - ESCAT<\/title>\r\n<meta name=\"description\" content=\"El cambio clim\u00e1tico es un fen\u00f3meno mundial que afecta mayoritariamente a los pa\u00edses del llamado Sur Global Activistas de Centroam\u00e9rica comparten experiencia\" \/>\r\n<meta name=\"robots\" content=\"index, follow, max-snippet:-1, max-image-preview:large, max-video-preview:-1\" \/>\r\n<link rel=\"canonical\" href=\"https:\/\/blogs.uninter.edu.mx\/ESCAT\/index.php\/cambio-climatico\/\" \/>\r\n<meta property=\"og:locale\" content=\"es_MX\" \/>\r\n<meta property=\"og:type\" content=\"article\" \/>\r\n<meta property=\"og:title\" content=\"Cambio clim\u00e1tico #Experiencias de Activistas de Centroam\u00e9rica - ESCAT\" \/>\r\n<meta property=\"og:description\" content=\"El cambio clim\u00e1tico es un fen\u00f3meno mundial que afecta mayoritariamente a los pa\u00edses del llamado Sur Global Activistas de Centroam\u00e9rica comparten experiencia\" \/>\r\n<meta property=\"og:url\" content=\"https:\/\/blogs.uninter.edu.mx\/ESCAT\/index.php\/cambio-climatico\/\" \/>\r\n<meta property=\"og:site_name\" content=\"Escuela de Ciencias, Artes y Tecnolog\u00eda\" \/>\r\n<meta property=\"article:publisher\" content=\"https:\/\/www.facebook.com\/EscatUninter\/\" \/>\r\n<meta property=\"article:published_time\" content=\"2019-11-27T19:56:17+00:00\" \/>\r\n<meta property=\"article:modified_time\" content=\"2019-11-27T19:56:25+00:00\" \/>\r\n<meta property=\"og:image\" content=\"https:\/\/blogs.uninter.edu.mx\/ESCAT\/wp-content\/uploads\/2019\/11\/s.jpg\" \/>\r\n\t<meta property=\"og:image:width\" content=\"1200\" \/>\r\n\t<meta property=\"og:image:height\" content=\"800\" \/>\r\n\t<meta property=\"og:image:type\" content=\"image\/jpeg\" \/>\r\n<meta name=\"author\" content=\"EquipoEscat\" \/>\r\n<meta name=\"twitter:card\" content=\"summary_large_image\" \/>\r\n<meta name=\"twitter:image\" content=\"https:\/\/blogs.uninter.edu.mx\/ESCAT\/wp-content\/uploads\/2019\/11\/s.jpg\" \/>\r\n<meta name=\"twitter:creator\" content=\"@EscatUninter\" \/>\r\n<meta name=\"twitter:site\" content=\"@EscatUninter\" \/>\r\n<meta name=\"twitter:label1\" content=\"Escrito por\" \/>\n\t<meta name=\"twitter:data1\" content=\"EquipoEscat\" \/>\n\t<meta name=\"twitter:label2\" content=\"Tiempo de lectura\" \/>\n\t<meta name=\"twitter:data2\" content=\"4 minutos\" \/>\r\n<script type=\"application\/ld+json\" class=\"yoast-schema-graph\">{\"@context\":\"https:\/\/schema.org\",\"@graph\":[{\"@type\":\"Article\",\"@id\":\"https:\/\/blogs.uninter.edu.mx\/ESCAT\/index.php\/cambio-climatico\/#article\",\"isPartOf\":{\"@id\":\"https:\/\/blogs.uninter.edu.mx\/ESCAT\/index.php\/cambio-climatico\/\"},\"author\":{\"name\":\"EquipoEscat\",\"@id\":\"https:\/\/blogs.uninter.edu.mx\/ESCAT\/#\/schema\/person\/df7b8f33d62433cb78a2104bda02490d\"},\"headline\":\"Cambio clim\u00e1tico #Experiencias de Activistas de Centroam\u00e9rica #Ent\u00e9rate\",\"datePublished\":\"2019-11-27T19:56:17+00:00\",\"dateModified\":\"2019-11-27T19:56:25+00:00\",\"mainEntityOfPage\":{\"@id\":\"https:\/\/blogs.uninter.edu.mx\/ESCAT\/index.php\/cambio-climatico\/\"},\"wordCount\":847,\"commentCount\":0,\"image\":{\"@id\":\"https:\/\/blogs.uninter.edu.mx\/ESCAT\/index.php\/cambio-climatico\/#primaryimage\"},\"thumbnailUrl\":\"https:\/\/blogs.uninter.edu.mx\/ESCAT\/wp-content\/uploads\/2019\/11\/s.jpg\",\"keywords\":[\"Cambio Clim\u00e1tico\",\"ESCAT\",\"IAM\",\"Ingenier\u00edas\",\"Uninter\",\"Universidad Internacional\"],\"articleSection\":[\"Ingenier\u00edas\"],\"inLanguage\":\"es\",\"potentialAction\":[{\"@type\":\"CommentAction\",\"name\":\"Comment\",\"target\":[\"https:\/\/blogs.uninter.edu.mx\/ESCAT\/index.php\/cambio-climatico\/#respond\"]}]},{\"@type\":\"WebPage\",\"@id\":\"https:\/\/blogs.uninter.edu.mx\/ESCAT\/index.php\/cambio-climatico\/\",\"url\":\"https:\/\/blogs.uninter.edu.mx\/ESCAT\/index.php\/cambio-climatico\/\",\"name\":\"Cambio clim\u00e1tico #Experiencias de Activistas de Centroam\u00e9rica - ESCAT\",\"isPartOf\":{\"@id\":\"https:\/\/blogs.uninter.edu.mx\/ESCAT\/#website\"},\"primaryImageOfPage\":{\"@id\":\"https:\/\/blogs.uninter.edu.mx\/ESCAT\/index.php\/cambio-climatico\/#primaryimage\"},\"image\":{\"@id\":\"https:\/\/blogs.uninter.edu.mx\/ESCAT\/index.php\/cambio-climatico\/#primaryimage\"},\"thumbnailUrl\":\"https:\/\/blogs.uninter.edu.mx\/ESCAT\/wp-content\/uploads\/2019\/11\/s.jpg\",\"datePublished\":\"2019-11-27T19:56:17+00:00\",\"dateModified\":\"2019-11-27T19:56:25+00:00\",\"author\":{\"@id\":\"https:\/\/blogs.uninter.edu.mx\/ESCAT\/#\/schema\/person\/df7b8f33d62433cb78a2104bda02490d\"},\"description\":\"El cambio clim\u00e1tico es un fen\u00f3meno mundial que afecta mayoritariamente a los pa\u00edses del llamado Sur Global Activistas de Centroam\u00e9rica comparten experiencia\",\"breadcrumb\":{\"@id\":\"https:\/\/blogs.uninter.edu.mx\/ESCAT\/index.php\/cambio-climatico\/#breadcrumb\"},\"inLanguage\":\"es\",\"potentialAction\":[{\"@type\":\"ReadAction\",\"target\":[\"https:\/\/blogs.uninter.edu.mx\/ESCAT\/index.php\/cambio-climatico\/\"]}]},{\"@type\":\"ImageObject\",\"inLanguage\":\"es\",\"@id\":\"https:\/\/blogs.uninter.edu.mx\/ESCAT\/index.php\/cambio-climatico\/#primaryimage\",\"url\":\"https:\/\/blogs.uninter.edu.mx\/ESCAT\/wp-content\/uploads\/2019\/11\/s.jpg\",\"contentUrl\":\"https:\/\/blogs.uninter.edu.mx\/ESCAT\/wp-content\/uploads\/2019\/11\/s.jpg\",\"width\":1200,\"height\":800},{\"@type\":\"BreadcrumbList\",\"@id\":\"https:\/\/blogs.uninter.edu.mx\/ESCAT\/index.php\/cambio-climatico\/#breadcrumb\",\"itemListElement\":[{\"@type\":\"ListItem\",\"position\":1,\"name\":\"Inicio\",\"item\":\"https:\/\/blogs.uninter.edu.mx\/ESCAT\/\"},{\"@type\":\"ListItem\",\"position\":2,\"name\":\"Cambio clim\u00e1tico #Experiencias de Activistas de Centroam\u00e9rica #Ent\u00e9rate\"}]},{\"@type\":\"WebSite\",\"@id\":\"https:\/\/blogs.uninter.edu.mx\/ESCAT\/#website\",\"url\":\"https:\/\/blogs.uninter.edu.mx\/ESCAT\/\",\"name\":\"Escuela de Ciencias, Artes y Tecnolog\u00eda UNINTER\",\"description\":\"ESCAT\",\"potentialAction\":[{\"@type\":\"SearchAction\",\"target\":{\"@type\":\"EntryPoint\",\"urlTemplate\":\"https:\/\/blogs.uninter.edu.mx\/ESCAT\/?s={search_term_string}\"},\"query-input\":{\"@type\":\"PropertyValueSpecification\",\"valueRequired\":true,\"valueName\":\"search_term_string\"}}],\"inLanguage\":\"es\"},{\"@type\":\"Person\",\"@id\":\"https:\/\/blogs.uninter.edu.mx\/ESCAT\/#\/schema\/person\/df7b8f33d62433cb78a2104bda02490d\",\"name\":\"EquipoEscat\",\"image\":{\"@type\":\"ImageObject\",\"inLanguage\":\"es\",\"@id\":\"https:\/\/blogs.uninter.edu.mx\/ESCAT\/#\/schema\/person\/image\/\",\"url\":\"https:\/\/secure.gravatar.com\/avatar\/d943e53cecc7e9e13c011abf6ec7475809c7d278834bde994b19ecd58034a9ff?s=96&d=mm&r=g\",\"contentUrl\":\"https:\/\/secure.gravatar.com\/avatar\/d943e53cecc7e9e13c011abf6ec7475809c7d278834bde994b19ecd58034a9ff?s=96&d=mm&r=g\",\"caption\":\"EquipoEscat\"},\"url\":\"https:\/\/blogs.uninter.edu.mx\/ESCAT\/index.php\/author\/equipoescat\/\"}]}<\/script>\r\n<!-- \/ Yoast SEO plugin. -->","yoast_head_json":{"title":"Cambio clim\u00e1tico #Experiencias de Activistas de Centroam\u00e9rica - ESCAT","description":"El cambio clim\u00e1tico es un fen\u00f3meno mundial que afecta mayoritariamente a los pa\u00edses del llamado Sur Global Activistas de Centroam\u00e9rica comparten experiencia","robots":{"index":"index","follow":"follow","max-snippet":"max-snippet:-1","max-image-preview":"max-image-preview:large","max-video-preview":"max-video-preview:-1"},"canonical":"https:\/\/blogs.uninter.edu.mx\/ESCAT\/index.php\/cambio-climatico\/","og_locale":"es_MX","og_type":"article","og_title":"Cambio clim\u00e1tico #Experiencias de Activistas de Centroam\u00e9rica - ESCAT","og_description":"El cambio clim\u00e1tico es un fen\u00f3meno mundial que afecta mayoritariamente a los pa\u00edses del llamado Sur Global Activistas de Centroam\u00e9rica comparten experiencia","og_url":"https:\/\/blogs.uninter.edu.mx\/ESCAT\/index.php\/cambio-climatico\/","og_site_name":"Escuela de Ciencias, Artes y Tecnolog\u00eda","article_publisher":"https:\/\/www.facebook.com\/EscatUninter\/","article_published_time":"2019-11-27T19:56:17+00:00","article_modified_time":"2019-11-27T19:56:25+00:00","og_image":[{"width":1200,"height":800,"url":"https:\/\/blogs.uninter.edu.mx\/ESCAT\/wp-content\/uploads\/2019\/11\/s.jpg","type":"image\/jpeg"}],"author":"EquipoEscat","twitter_card":"summary_large_image","twitter_image":"https:\/\/blogs.uninter.edu.mx\/ESCAT\/wp-content\/uploads\/2019\/11\/s.jpg","twitter_creator":"@EscatUninter","twitter_site":"@EscatUninter","twitter_misc":{"Escrito por":"EquipoEscat","Tiempo de lectura":"4 minutos"},"schema":{"@context":"https:\/\/schema.org","@graph":[{"@type":"Article","@id":"https:\/\/blogs.uninter.edu.mx\/ESCAT\/index.php\/cambio-climatico\/#article","isPartOf":{"@id":"https:\/\/blogs.uninter.edu.mx\/ESCAT\/index.php\/cambio-climatico\/"},"author":{"name":"EquipoEscat","@id":"https:\/\/blogs.uninter.edu.mx\/ESCAT\/#\/schema\/person\/df7b8f33d62433cb78a2104bda02490d"},"headline":"Cambio clim\u00e1tico #Experiencias de Activistas de Centroam\u00e9rica #Ent\u00e9rate","datePublished":"2019-11-27T19:56:17+00:00","dateModified":"2019-11-27T19:56:25+00:00","mainEntityOfPage":{"@id":"https:\/\/blogs.uninter.edu.mx\/ESCAT\/index.php\/cambio-climatico\/"},"wordCount":847,"commentCount":0,"image":{"@id":"https:\/\/blogs.uninter.edu.mx\/ESCAT\/index.php\/cambio-climatico\/#primaryimage"},"thumbnailUrl":"https:\/\/blogs.uninter.edu.mx\/ESCAT\/wp-content\/uploads\/2019\/11\/s.jpg","keywords":["Cambio Clim\u00e1tico","ESCAT","IAM","Ingenier\u00edas","Uninter","Universidad Internacional"],"articleSection":["Ingenier\u00edas"],"inLanguage":"es","potentialAction":[{"@type":"CommentAction","name":"Comment","target":["https:\/\/blogs.uninter.edu.mx\/ESCAT\/index.php\/cambio-climatico\/#respond"]}]},{"@type":"WebPage","@id":"https:\/\/blogs.uninter.edu.mx\/ESCAT\/index.php\/cambio-climatico\/","url":"https:\/\/blogs.uninter.edu.mx\/ESCAT\/index.php\/cambio-climatico\/","name":"Cambio clim\u00e1tico #Experiencias de Activistas de Centroam\u00e9rica - ESCAT","isPartOf":{"@id":"https:\/\/blogs.uninter.edu.mx\/ESCAT\/#website"},"primaryImageOfPage":{"@id":"https:\/\/blogs.uninter.edu.mx\/ESCAT\/index.php\/cambio-climatico\/#primaryimage"},"image":{"@id":"https:\/\/blogs.uninter.edu.mx\/ESCAT\/index.php\/cambio-climatico\/#primaryimage"},"thumbnailUrl":"https:\/\/blogs.uninter.edu.mx\/ESCAT\/wp-content\/uploads\/2019\/11\/s.jpg","datePublished":"2019-11-27T19:56:17+00:00","dateModified":"2019-11-27T19:56:25+00:00","author":{"@id":"https:\/\/blogs.uninter.edu.mx\/ESCAT\/#\/schema\/person\/df7b8f33d62433cb78a2104bda02490d"},"description":"El cambio clim\u00e1tico es un fen\u00f3meno mundial que afecta mayoritariamente a los pa\u00edses del llamado Sur Global Activistas de Centroam\u00e9rica comparten experiencia","breadcrumb":{"@id":"https:\/\/blogs.uninter.edu.mx\/ESCAT\/index.php\/cambio-climatico\/#breadcrumb"},"inLanguage":"es","potentialAction":[{"@type":"ReadAction","target":["https:\/\/blogs.uninter.edu.mx\/ESCAT\/index.php\/cambio-climatico\/"]}]},{"@type":"ImageObject","inLanguage":"es","@id":"https:\/\/blogs.uninter.edu.mx\/ESCAT\/index.php\/cambio-climatico\/#primaryimage","url":"https:\/\/blogs.uninter.edu.mx\/ESCAT\/wp-content\/uploads\/2019\/11\/s.jpg","contentUrl":"https:\/\/blogs.uninter.edu.mx\/ESCAT\/wp-content\/uploads\/2019\/11\/s.jpg","width":1200,"height":800},{"@type":"BreadcrumbList","@id":"https:\/\/blogs.uninter.edu.mx\/ESCAT\/index.php\/cambio-climatico\/#breadcrumb","itemListElement":[{"@type":"ListItem","position":1,"name":"Inicio","item":"https:\/\/blogs.uninter.edu.mx\/ESCAT\/"},{"@type":"ListItem","position":2,"name":"Cambio clim\u00e1tico #Experiencias de Activistas de Centroam\u00e9rica #Ent\u00e9rate"}]},{"@type":"WebSite","@id":"https:\/\/blogs.uninter.edu.mx\/ESCAT\/#website","url":"https:\/\/blogs.uninter.edu.mx\/ESCAT\/","name":"Escuela de Ciencias, Artes y Tecnolog\u00eda UNINTER","description":"ESCAT","potentialAction":[{"@type":"SearchAction","target":{"@type":"EntryPoint","urlTemplate":"https:\/\/blogs.uninter.edu.mx\/ESCAT\/?s={search_term_string}"},"query-input":{"@type":"PropertyValueSpecification","valueRequired":true,"valueName":"search_term_string"}}],"inLanguage":"es"},{"@type":"Person","@id":"https:\/\/blogs.uninter.edu.mx\/ESCAT\/#\/schema\/person\/df7b8f33d62433cb78a2104bda02490d","name":"EquipoEscat","image":{"@type":"ImageObject","inLanguage":"es","@id":"https:\/\/blogs.uninter.edu.mx\/ESCAT\/#\/schema\/person\/image\/","url":"https:\/\/secure.gravatar.com\/avatar\/d943e53cecc7e9e13c011abf6ec7475809c7d278834bde994b19ecd58034a9ff?s=96&d=mm&r=g","contentUrl":"https:\/\/secure.gravatar.com\/avatar\/d943e53cecc7e9e13c011abf6ec7475809c7d278834bde994b19ecd58034a9ff?s=96&d=mm&r=g","caption":"EquipoEscat"},"url":"https:\/\/blogs.uninter.edu.mx\/ESCAT\/index.php\/author\/equipoescat\/"}]}},"jetpack_publicize_connections":[],"jetpack_featured_media_url":"https:\/\/blogs.uninter.edu.mx\/ESCAT\/wp-content\/uploads\/2019\/11\/s.jpg","jetpack_sharing_enabled":true,"_links":{"self":[{"href":"https:\/\/blogs.uninter.edu.mx\/ESCAT\/index.php\/wp-json\/wp\/v2\/posts\/34378","targetHints":{"allow":["GET"]}}],"collection":[{"href":"https:\/\/blogs.uninter.edu.mx\/ESCAT\/index.php\/wp-json\/wp\/v2\/posts"}],"about":[{"href":"https:\/\/blogs.uninter.edu.mx\/ESCAT\/index.php\/wp-json\/wp\/v2\/types\/post"}],"author":[{"embeddable":true,"href":"https:\/\/blogs.uninter.edu.mx\/ESCAT\/index.php\/wp-json\/wp\/v2\/users\/22"}],"replies":[{"embeddable":true,"href":"https:\/\/blogs.uninter.edu.mx\/ESCAT\/index.php\/wp-json\/wp\/v2\/comments?post=34378"}],"version-history":[{"count":7,"href":"https:\/\/blogs.uninter.edu.mx\/ESCAT\/index.php\/wp-json\/wp\/v2\/posts\/34378\/revisions"}],"predecessor-version":[{"id":34554,"href":"https:\/\/blogs.uninter.edu.mx\/ESCAT\/index.php\/wp-json\/wp\/v2\/posts\/34378\/revisions\/34554"}],"wp:featuredmedia":[{"embeddable":true,"href":"https:\/\/blogs.uninter.edu.mx\/ESCAT\/index.php\/wp-json\/wp\/v2\/media\/34382"}],"wp:attachment":[{"href":"https:\/\/blogs.uninter.edu.mx\/ESCAT\/index.php\/wp-json\/wp\/v2\/media?parent=34378"}],"wp:term":[{"taxonomy":"category","embeddable":true,"href":"https:\/\/blogs.uninter.edu.mx\/ESCAT\/index.php\/wp-json\/wp\/v2\/categories?post=34378"},{"taxonomy":"post_tag","embeddable":true,"href":"https:\/\/blogs.uninter.edu.mx\/ESCAT\/index.php\/wp-json\/wp\/v2\/tags?post=34378"}],"curies":[{"name":"wp","href":"https:\/\/api.w.org\/{rel}","templated":true}]}}