{"id":34388,"date":"2019-11-21T16:31:08","date_gmt":"2019-11-21T22:31:08","guid":{"rendered":"https:\/\/blogs.uninter.edu.mx\/ESCAT\/?p=34388"},"modified":"2025-05-30T10:27:38","modified_gmt":"2025-05-30T15:27:38","slug":"feria-de-diseno-e-ingenieria-2019-sabes-que-es-eventosuninter","status":"publish","type":"post","link":"https:\/\/blogs.uninter.edu.mx\/ESCAT\/index.php\/feria-de-diseno-e-ingenieria-2019-sabes-que-es-eventosuninter\/","title":{"rendered":"Feria de Dise\u00f1o e Ingenier\u00eda 2019 \u00bfsabes qu\u00e9 es?  #EventosUninter"},"content":{"rendered":"<div class=\"wp-block-image\">\n<figure class=\"aligncenter\"><a href=\"https:\/\/www.facebook.com\/EscatUninter\/\"><img loading=\"lazy\" decoding=\"async\" width=\"150\" height=\"150\" src=\"https:\/\/blogs.uninter.edu.mx\/ESCAT\/wp-content\/uploads\/2019\/10\/ESCAT-150x150-1.png\" alt=\"ESCAT\" class=\"wp-image-33576\" srcset=\"https:\/\/blogs.uninter.edu.mx\/ESCAT\/wp-content\/uploads\/2019\/10\/ESCAT-150x150-1.png 150w, https:\/\/blogs.uninter.edu.mx\/ESCAT\/wp-content\/uploads\/2019\/10\/ESCAT-150x150-1-50x50.png 50w\" sizes=\"auto, (max-width: 150px) 100vw, 150px\" \/><\/a><\/figure>\n<\/div>\n\n\n<p>La <strong>Feria de Dise\u00f1o e Ingenier\u00eda 2019 (FeriaDI19)<\/strong> es un evento institucional que se celebra cada a\u00f1o con el objetivo de reunir en un solo espacio lo mejor de la ciencia, la creatividad y la tecnolog\u00eda. Durante esta edici\u00f3n, los asistentes podr\u00e1n disfrutar de una amplia variedad de actividades dise\u00f1adas para inspirar, aprender y compartir conocimientos.<\/p>\n\n\n\n<!--more-->\n\n\n\n<h2 class=\"wp-block-heading\">Actividades para todos los gustos<\/h2>\n\n\n\n<p>Como en ediciones anteriores, la feria contar\u00e1 con <strong>conferencias especializadas<\/strong>, <strong>talleres interactivos<\/strong>, <strong>exposiciones de dise\u00f1o<\/strong>, <strong>presentaciones de proyectos de ingenier\u00eda<\/strong> y el siempre esperado <strong>Fashion Day (pasarela de modas)<\/strong>. Adem\u00e1s, este a\u00f1o se suma una experiencia \u00fanica: \u00a1una visita al <strong>parque de diversiones Six Flags<\/strong> para cerrar el evento con broche de oro!<\/p>\n\n\n\n<hr class=\"wp-block-separator has-alpha-channel-opacity\"\/>\n\n\n\n<h2 class=\"wp-block-heading\">\u00bfQui\u00e9nes participan?<\/h2>\n\n\n\n<p>Las actividades est\u00e1n especialmente dirigidas a estudiantes de las siguientes carreras:<\/p>\n\n\n\n<ul class=\"wp-block-list\">\n<li>Ingenier\u00eda Mecatr\u00f3nica<\/li>\n\n\n\n<li>Dise\u00f1o de Modas y Tendencias Internacionales<\/li>\n\n\n\n<li>Ingenier\u00eda Mec\u00e1nica Industrial<\/li>\n\n\n\n<li>Dise\u00f1o Industrial<\/li>\n\n\n\n<li>Ingenier\u00eda Industrial y de Sistemas de Calidad<\/li>\n\n\n\n<li>Dise\u00f1o Gr\u00e1fico<\/li>\n\n\n\n<li>Ingenier\u00eda en Sistemas Computacionales<\/li>\n\n\n\n<li>Ingenier\u00eda Ambiental<\/li>\n\n\n\n<li>Animaci\u00f3n y Dise\u00f1o Digital<\/li>\n<\/ul>\n\n\n\n<h4 class=\"wp-block-heading has-text-align-center\">Programa Completo<\/h4>\n\n\n\n<figure class=\"wp-block-image is-resized\"><img loading=\"lazy\" decoding=\"async\" src=\"https:\/\/blogs.uninter.edu.mx\/ESCAT\/wp-content\/uploads\/2019\/11\/FeriaDI19-Programa-Completo-2-1024x777.png\" alt=\"#FeriaDI19 Programa\" class=\"wp-image-34690\" width=\"960\" height=\"728\" srcset=\"https:\/\/blogs.uninter.edu.mx\/ESCAT\/wp-content\/uploads\/2019\/11\/FeriaDI19-Programa-Completo-2-1024x777.png 1024w, https:\/\/blogs.uninter.edu.mx\/ESCAT\/wp-content\/uploads\/2019\/11\/FeriaDI19-Programa-Completo-2-300x228.png 300w, https:\/\/blogs.uninter.edu.mx\/ESCAT\/wp-content\/uploads\/2019\/11\/FeriaDI19-Programa-Completo-2-768x583.png 768w, https:\/\/blogs.uninter.edu.mx\/ESCAT\/wp-content\/uploads\/2019\/11\/FeriaDI19-Programa-Completo-2.png 1189w\" sizes=\"auto, (max-width: 960px) 100vw, 960px\" \/><\/figure>\n\n\n\n<h2 class=\"wp-block-heading\">Objetivo de la Feria<\/h2>\n\n\n\n<p>La FeriaDI19 busca <strong>motivar e inspirar<\/strong> a estudiantes y docentes, fomentando el inter\u00e9s por temas actuales que impactan los empleos, productos, servicios, la industria y la educaci\u00f3n. As\u00ed, se promueve una visi\u00f3n m\u00e1s amplia del papel del universitario en un mundo en constante transformaci\u00f3n.<\/p>\n\n\n\n<hr class=\"wp-block-separator has-alpha-channel-opacity\"\/>\n\n\n\n<h2 class=\"wp-block-heading\">Programa y cuotas<\/h2>\n\n\n\n<p>Para no perderte ning\u00fan detalle, <strong>consulta el programa completo<\/strong> y organiza tu participaci\u00f3n. Adem\u00e1s, recuerda <strong>cubrir la cuota de recuperaci\u00f3n<\/strong> antes del <strong>2 de diciembre<\/strong> para asegurar tu lugar en todas las actividades.<\/p>\n\n\n\n<figure class=\"wp-block-image\"><img loading=\"lazy\" decoding=\"async\" width=\"991\" height=\"998\" src=\"https:\/\/blogs.uninter.edu.mx\/ESCAT\/wp-content\/uploads\/2019\/11\/Cuotas-FeriaDI19-3.jpg\" alt=\"#FeriaDI19 Cuotas\" class=\"wp-image-34647\" srcset=\"https:\/\/blogs.uninter.edu.mx\/ESCAT\/wp-content\/uploads\/2019\/11\/Cuotas-FeriaDI19-3.jpg 991w, https:\/\/blogs.uninter.edu.mx\/ESCAT\/wp-content\/uploads\/2019\/11\/Cuotas-FeriaDI19-3-150x150.jpg 150w, https:\/\/blogs.uninter.edu.mx\/ESCAT\/wp-content\/uploads\/2019\/11\/Cuotas-FeriaDI19-3-298x300.jpg 298w, https:\/\/blogs.uninter.edu.mx\/ESCAT\/wp-content\/uploads\/2019\/11\/Cuotas-FeriaDI19-3-768x773.jpg 768w, https:\/\/blogs.uninter.edu.mx\/ESCAT\/wp-content\/uploads\/2019\/11\/Cuotas-FeriaDI19-3-50x50.jpg 50w\" sizes=\"auto, (max-width: 991px) 100vw, 991px\" \/><\/figure>\n\n\n\n<p class=\"has-text-align-center\">\u00a1\u00a1No te la pierdas!! <a rel=\"noreferrer noopener\" target=\"_blank\" href=\"https:\/\/www.facebook.com\/hashtag\/feriadi19\">#FeriaDI19<\/a>  fortalece tu aprendizaje<\/p>\n\n\n\n<h5 class=\"wp-block-heading has-text-align-center\">Para m\u00e1s informaci\u00f3n contacta a tu director o marca al tel. 3170971<\/h5>\n\n\n\n<p class=\"has-text-align-right\"><a href=\"https:\/\/www.facebook.com\/events\/3412858122072936\/\">M\u00e1s informaci\u00f3n sobre la Feria de Dise\u00f1o e Ingenier\u00eda 2019&#8230;<\/a><\/p>\n\n\n\n<p class=\"has-text-align-right has-text-color\" style=\"color:#4db751\"><a href=\"https:\/\/blogs.uninter.edu.mx\/ESCAT\/\">M\u00e1s sobre la ESCAT&#8230;<\/a><\/p>\n\n\n<div class=\"wp-block-image\">\n<figure class=\"aligncenter is-resized\"><a href=\"https:\/\/uninter.edu.mx\/\"><img loading=\"lazy\" decoding=\"async\" src=\"https:\/\/blogs.uninter.edu.mx\/ESCAT\/wp-content\/uploads\/2019\/10\/4-1024x154-1-1024x154-1024x154.png\" alt=\"Universidad Internacional\" class=\"wp-image-33610\" width=\"500\" height=\"78\"\/><\/a><\/figure>\n<\/div>","protected":false},"excerpt":{"rendered":"<p>La Feria de Dise\u00f1o e Ingenier\u00eda 2019 (FeriaDI19) es un evento institucional que se celebra cada a\u00f1o con el objetivo de reunir en un solo espacio lo mejor de la ciencia, la creatividad y la tecnolog\u00eda. Durante esta edici\u00f3n, los asistentes podr\u00e1n disfrutar de una amplia variedad de actividades dise\u00f1adas para inspirar, aprender y compartir&hellip;<\/p>\n","protected":false},"author":22,"featured_media":34327,"comment_status":"open","ping_status":"open","sticky":false,"template":"","format":"standard","meta":{"_jetpack_memberships_contains_paid_content":false,"footnotes":"","jetpack_publicize_message":"","jetpack_publicize_feature_enabled":true,"jetpack_social_post_already_shared":true,"jetpack_social_options":{"image_generator_settings":{"template":"highway","default_image_id":0,"font":"","enabled":false},"version":2}},"categories":[1163,10,22],"tags":[1179,61,32,660,31,37],"class_list":["post-34388","post","type-post","status-publish","format-standard","has-post-thumbnail","hentry","category-feriadi19","category-disenos","category-ingenierias","tag-feriadi19","tag-diseno","tag-escat","tag-ingenieria","tag-uninter","tag-universidad-internacional"],"yoast_head":"<!-- This site is optimized with the Yoast SEO plugin v26.8 - https:\/\/yoast.com\/product\/yoast-seo-wordpress\/ -->\r\n<title>Feria de Dise\u00f1o e Ingenier\u00eda 2019 \u00bfsabes qu\u00e9 es?<\/title>\r\n<meta name=\"description\" content=\"\u00a1Bienvenido a la Feria 2019! Un evento anual con conferencias y proyectos que fusionan dise\u00f1o, ingenier\u00eda y creatividad.\" \/>\r\n<meta name=\"robots\" content=\"index, follow, max-snippet:-1, max-image-preview:large, max-video-preview:-1\" \/>\r\n<link rel=\"canonical\" href=\"https:\/\/blogs.uninter.edu.mx\/ESCAT\/index.php\/feria-de-diseno-e-ingenieria-2019-sabes-que-es-eventosuninter\/\" \/>\r\n<meta property=\"og:locale\" content=\"es_MX\" \/>\r\n<meta property=\"og:type\" content=\"article\" \/>\r\n<meta property=\"og:title\" content=\"Feria de Dise\u00f1o e Ingenier\u00eda 2019 \u00bfsabes qu\u00e9 es?\" \/>\r\n<meta property=\"og:description\" content=\"\u00a1Bienvenido a la Feria 2019! Un evento anual con conferencias y proyectos que fusionan dise\u00f1o, ingenier\u00eda y creatividad.\" \/>\r\n<meta property=\"og:url\" content=\"https:\/\/blogs.uninter.edu.mx\/ESCAT\/index.php\/feria-de-diseno-e-ingenieria-2019-sabes-que-es-eventosuninter\/\" \/>\r\n<meta property=\"og:site_name\" content=\"Escuela de Ciencias, Artes y Tecnolog\u00eda\" \/>\r\n<meta property=\"article:publisher\" content=\"https:\/\/www.facebook.com\/EscatUninter\/\" \/>\r\n<meta property=\"article:published_time\" content=\"2019-11-21T22:31:08+00:00\" \/>\r\n<meta property=\"article:modified_time\" content=\"2025-05-30T15:27:38+00:00\" \/>\r\n<meta property=\"og:image\" content=\"https:\/\/blogs.uninter.edu.mx\/ESCAT\/wp-content\/uploads\/2019\/11\/feria-3.png\" \/>\r\n\t<meta property=\"og:image:width\" content=\"2750\" \/>\r\n\t<meta property=\"og:image:height\" content=\"1575\" \/>\r\n\t<meta property=\"og:image:type\" content=\"image\/png\" \/>\r\n<meta name=\"author\" content=\"EquipoEscat\" \/>\r\n<meta name=\"twitter:card\" content=\"summary_large_image\" \/>\r\n<meta name=\"twitter:image\" content=\"https:\/\/blogs.uninter.edu.mx\/ESCAT\/wp-content\/uploads\/2019\/11\/feria-3.png\" \/>\r\n<meta name=\"twitter:creator\" content=\"@EscatUninter\" \/>\r\n<meta name=\"twitter:site\" content=\"@EscatUninter\" \/>\r\n<meta name=\"twitter:label1\" content=\"Escrito por\" \/>\n\t<meta name=\"twitter:data1\" content=\"EquipoEscat\" \/>\n\t<meta name=\"twitter:label2\" content=\"Tiempo de lectura\" \/>\n\t<meta name=\"twitter:data2\" content=\"3 minutos\" \/>\r\n<script type=\"application\/ld+json\" class=\"yoast-schema-graph\">{\"@context\":\"https:\/\/schema.org\",\"@graph\":[{\"@type\":\"Article\",\"@id\":\"https:\/\/blogs.uninter.edu.mx\/ESCAT\/index.php\/feria-de-diseno-e-ingenieria-2019-sabes-que-es-eventosuninter\/#article\",\"isPartOf\":{\"@id\":\"https:\/\/blogs.uninter.edu.mx\/ESCAT\/index.php\/feria-de-diseno-e-ingenieria-2019-sabes-que-es-eventosuninter\/\"},\"author\":{\"name\":\"EquipoEscat\",\"@id\":\"https:\/\/blogs.uninter.edu.mx\/ESCAT\/#\/schema\/person\/df7b8f33d62433cb78a2104bda02490d\"},\"headline\":\"Feria de Dise\u00f1o e Ingenier\u00eda 2019 \u00bfsabes qu\u00e9 es? #EventosUninter\",\"datePublished\":\"2019-11-21T22:31:08+00:00\",\"dateModified\":\"2025-05-30T15:27:38+00:00\",\"mainEntityOfPage\":{\"@id\":\"https:\/\/blogs.uninter.edu.mx\/ESCAT\/index.php\/feria-de-diseno-e-ingenieria-2019-sabes-que-es-eventosuninter\/\"},\"wordCount\":328,\"commentCount\":0,\"image\":{\"@id\":\"https:\/\/blogs.uninter.edu.mx\/ESCAT\/index.php\/feria-de-diseno-e-ingenieria-2019-sabes-que-es-eventosuninter\/#primaryimage\"},\"thumbnailUrl\":\"https:\/\/blogs.uninter.edu.mx\/ESCAT\/wp-content\/uploads\/2019\/11\/feria-3.png\",\"keywords\":[\"#FeriaDI19\",\"Dise\u00f1o\",\"ESCAT\",\"Ingenier\u00eda\",\"Uninter\",\"Universidad Internacional\"],\"articleSection\":[\"#FeriaDI19\",\"Dise\u00f1os\",\"Ingenier\u00edas\"],\"inLanguage\":\"es\",\"potentialAction\":[{\"@type\":\"CommentAction\",\"name\":\"Comment\",\"target\":[\"https:\/\/blogs.uninter.edu.mx\/ESCAT\/index.php\/feria-de-diseno-e-ingenieria-2019-sabes-que-es-eventosuninter\/#respond\"]}]},{\"@type\":\"WebPage\",\"@id\":\"https:\/\/blogs.uninter.edu.mx\/ESCAT\/index.php\/feria-de-diseno-e-ingenieria-2019-sabes-que-es-eventosuninter\/\",\"url\":\"https:\/\/blogs.uninter.edu.mx\/ESCAT\/index.php\/feria-de-diseno-e-ingenieria-2019-sabes-que-es-eventosuninter\/\",\"name\":\"Feria de Dise\u00f1o e Ingenier\u00eda 2019 \u00bfsabes qu\u00e9 es?\",\"isPartOf\":{\"@id\":\"https:\/\/blogs.uninter.edu.mx\/ESCAT\/#website\"},\"primaryImageOfPage\":{\"@id\":\"https:\/\/blogs.uninter.edu.mx\/ESCAT\/index.php\/feria-de-diseno-e-ingenieria-2019-sabes-que-es-eventosuninter\/#primaryimage\"},\"image\":{\"@id\":\"https:\/\/blogs.uninter.edu.mx\/ESCAT\/index.php\/feria-de-diseno-e-ingenieria-2019-sabes-que-es-eventosuninter\/#primaryimage\"},\"thumbnailUrl\":\"https:\/\/blogs.uninter.edu.mx\/ESCAT\/wp-content\/uploads\/2019\/11\/feria-3.png\",\"datePublished\":\"2019-11-21T22:31:08+00:00\",\"dateModified\":\"2025-05-30T15:27:38+00:00\",\"author\":{\"@id\":\"https:\/\/blogs.uninter.edu.mx\/ESCAT\/#\/schema\/person\/df7b8f33d62433cb78a2104bda02490d\"},\"description\":\"\u00a1Bienvenido a la Feria 2019! Un evento anual con conferencias y proyectos que fusionan dise\u00f1o, ingenier\u00eda y creatividad.\",\"breadcrumb\":{\"@id\":\"https:\/\/blogs.uninter.edu.mx\/ESCAT\/index.php\/feria-de-diseno-e-ingenieria-2019-sabes-que-es-eventosuninter\/#breadcrumb\"},\"inLanguage\":\"es\",\"potentialAction\":[{\"@type\":\"ReadAction\",\"target\":[\"https:\/\/blogs.uninter.edu.mx\/ESCAT\/index.php\/feria-de-diseno-e-ingenieria-2019-sabes-que-es-eventosuninter\/\"]}]},{\"@type\":\"ImageObject\",\"inLanguage\":\"es\",\"@id\":\"https:\/\/blogs.uninter.edu.mx\/ESCAT\/index.php\/feria-de-diseno-e-ingenieria-2019-sabes-que-es-eventosuninter\/#primaryimage\",\"url\":\"https:\/\/blogs.uninter.edu.mx\/ESCAT\/wp-content\/uploads\/2019\/11\/feria-3.png\",\"contentUrl\":\"https:\/\/blogs.uninter.edu.mx\/ESCAT\/wp-content\/uploads\/2019\/11\/feria-3.png\",\"width\":2750,\"height\":1575},{\"@type\":\"BreadcrumbList\",\"@id\":\"https:\/\/blogs.uninter.edu.mx\/ESCAT\/index.php\/feria-de-diseno-e-ingenieria-2019-sabes-que-es-eventosuninter\/#breadcrumb\",\"itemListElement\":[{\"@type\":\"ListItem\",\"position\":1,\"name\":\"Inicio\",\"item\":\"https:\/\/blogs.uninter.edu.mx\/ESCAT\/\"},{\"@type\":\"ListItem\",\"position\":2,\"name\":\"Feria de Dise\u00f1o e Ingenier\u00eda 2019 \u00bfsabes qu\u00e9 es? #EventosUninter\"}]},{\"@type\":\"WebSite\",\"@id\":\"https:\/\/blogs.uninter.edu.mx\/ESCAT\/#website\",\"url\":\"https:\/\/blogs.uninter.edu.mx\/ESCAT\/\",\"name\":\"Escuela de Ciencias, Artes y Tecnolog\u00eda UNINTER\",\"description\":\"ESCAT\",\"potentialAction\":[{\"@type\":\"SearchAction\",\"target\":{\"@type\":\"EntryPoint\",\"urlTemplate\":\"https:\/\/blogs.uninter.edu.mx\/ESCAT\/?s={search_term_string}\"},\"query-input\":{\"@type\":\"PropertyValueSpecification\",\"valueRequired\":true,\"valueName\":\"search_term_string\"}}],\"inLanguage\":\"es\"},{\"@type\":\"Person\",\"@id\":\"https:\/\/blogs.uninter.edu.mx\/ESCAT\/#\/schema\/person\/df7b8f33d62433cb78a2104bda02490d\",\"name\":\"EquipoEscat\",\"image\":{\"@type\":\"ImageObject\",\"inLanguage\":\"es\",\"@id\":\"https:\/\/blogs.uninter.edu.mx\/ESCAT\/#\/schema\/person\/image\/\",\"url\":\"https:\/\/secure.gravatar.com\/avatar\/d943e53cecc7e9e13c011abf6ec7475809c7d278834bde994b19ecd58034a9ff?s=96&d=mm&r=g\",\"contentUrl\":\"https:\/\/secure.gravatar.com\/avatar\/d943e53cecc7e9e13c011abf6ec7475809c7d278834bde994b19ecd58034a9ff?s=96&d=mm&r=g\",\"caption\":\"EquipoEscat\"},\"url\":\"https:\/\/blogs.uninter.edu.mx\/ESCAT\/index.php\/author\/equipoescat\/\"}]}<\/script>\r\n<!-- \/ Yoast SEO plugin. -->","yoast_head_json":{"title":"Feria de Dise\u00f1o e Ingenier\u00eda 2019 \u00bfsabes qu\u00e9 es?","description":"\u00a1Bienvenido a la Feria 2019! Un evento anual con conferencias y proyectos que fusionan dise\u00f1o, ingenier\u00eda y creatividad.","robots":{"index":"index","follow":"follow","max-snippet":"max-snippet:-1","max-image-preview":"max-image-preview:large","max-video-preview":"max-video-preview:-1"},"canonical":"https:\/\/blogs.uninter.edu.mx\/ESCAT\/index.php\/feria-de-diseno-e-ingenieria-2019-sabes-que-es-eventosuninter\/","og_locale":"es_MX","og_type":"article","og_title":"Feria de Dise\u00f1o e Ingenier\u00eda 2019 \u00bfsabes qu\u00e9 es?","og_description":"\u00a1Bienvenido a la Feria 2019! Un evento anual con conferencias y proyectos que fusionan dise\u00f1o, ingenier\u00eda y creatividad.","og_url":"https:\/\/blogs.uninter.edu.mx\/ESCAT\/index.php\/feria-de-diseno-e-ingenieria-2019-sabes-que-es-eventosuninter\/","og_site_name":"Escuela de Ciencias, Artes y Tecnolog\u00eda","article_publisher":"https:\/\/www.facebook.com\/EscatUninter\/","article_published_time":"2019-11-21T22:31:08+00:00","article_modified_time":"2025-05-30T15:27:38+00:00","og_image":[{"width":2750,"height":1575,"url":"https:\/\/blogs.uninter.edu.mx\/ESCAT\/wp-content\/uploads\/2019\/11\/feria-3.png","type":"image\/png"}],"author":"EquipoEscat","twitter_card":"summary_large_image","twitter_image":"https:\/\/blogs.uninter.edu.mx\/ESCAT\/wp-content\/uploads\/2019\/11\/feria-3.png","twitter_creator":"@EscatUninter","twitter_site":"@EscatUninter","twitter_misc":{"Escrito por":"EquipoEscat","Tiempo de lectura":"3 minutos"},"schema":{"@context":"https:\/\/schema.org","@graph":[{"@type":"Article","@id":"https:\/\/blogs.uninter.edu.mx\/ESCAT\/index.php\/feria-de-diseno-e-ingenieria-2019-sabes-que-es-eventosuninter\/#article","isPartOf":{"@id":"https:\/\/blogs.uninter.edu.mx\/ESCAT\/index.php\/feria-de-diseno-e-ingenieria-2019-sabes-que-es-eventosuninter\/"},"author":{"name":"EquipoEscat","@id":"https:\/\/blogs.uninter.edu.mx\/ESCAT\/#\/schema\/person\/df7b8f33d62433cb78a2104bda02490d"},"headline":"Feria de Dise\u00f1o e Ingenier\u00eda 2019 \u00bfsabes qu\u00e9 es? #EventosUninter","datePublished":"2019-11-21T22:31:08+00:00","dateModified":"2025-05-30T15:27:38+00:00","mainEntityOfPage":{"@id":"https:\/\/blogs.uninter.edu.mx\/ESCAT\/index.php\/feria-de-diseno-e-ingenieria-2019-sabes-que-es-eventosuninter\/"},"wordCount":328,"commentCount":0,"image":{"@id":"https:\/\/blogs.uninter.edu.mx\/ESCAT\/index.php\/feria-de-diseno-e-ingenieria-2019-sabes-que-es-eventosuninter\/#primaryimage"},"thumbnailUrl":"https:\/\/blogs.uninter.edu.mx\/ESCAT\/wp-content\/uploads\/2019\/11\/feria-3.png","keywords":["#FeriaDI19","Dise\u00f1o","ESCAT","Ingenier\u00eda","Uninter","Universidad Internacional"],"articleSection":["#FeriaDI19","Dise\u00f1os","Ingenier\u00edas"],"inLanguage":"es","potentialAction":[{"@type":"CommentAction","name":"Comment","target":["https:\/\/blogs.uninter.edu.mx\/ESCAT\/index.php\/feria-de-diseno-e-ingenieria-2019-sabes-que-es-eventosuninter\/#respond"]}]},{"@type":"WebPage","@id":"https:\/\/blogs.uninter.edu.mx\/ESCAT\/index.php\/feria-de-diseno-e-ingenieria-2019-sabes-que-es-eventosuninter\/","url":"https:\/\/blogs.uninter.edu.mx\/ESCAT\/index.php\/feria-de-diseno-e-ingenieria-2019-sabes-que-es-eventosuninter\/","name":"Feria de Dise\u00f1o e Ingenier\u00eda 2019 \u00bfsabes qu\u00e9 es?","isPartOf":{"@id":"https:\/\/blogs.uninter.edu.mx\/ESCAT\/#website"},"primaryImageOfPage":{"@id":"https:\/\/blogs.uninter.edu.mx\/ESCAT\/index.php\/feria-de-diseno-e-ingenieria-2019-sabes-que-es-eventosuninter\/#primaryimage"},"image":{"@id":"https:\/\/blogs.uninter.edu.mx\/ESCAT\/index.php\/feria-de-diseno-e-ingenieria-2019-sabes-que-es-eventosuninter\/#primaryimage"},"thumbnailUrl":"https:\/\/blogs.uninter.edu.mx\/ESCAT\/wp-content\/uploads\/2019\/11\/feria-3.png","datePublished":"2019-11-21T22:31:08+00:00","dateModified":"2025-05-30T15:27:38+00:00","author":{"@id":"https:\/\/blogs.uninter.edu.mx\/ESCAT\/#\/schema\/person\/df7b8f33d62433cb78a2104bda02490d"},"description":"\u00a1Bienvenido a la Feria 2019! Un evento anual con conferencias y proyectos que fusionan dise\u00f1o, ingenier\u00eda y creatividad.","breadcrumb":{"@id":"https:\/\/blogs.uninter.edu.mx\/ESCAT\/index.php\/feria-de-diseno-e-ingenieria-2019-sabes-que-es-eventosuninter\/#breadcrumb"},"inLanguage":"es","potentialAction":[{"@type":"ReadAction","target":["https:\/\/blogs.uninter.edu.mx\/ESCAT\/index.php\/feria-de-diseno-e-ingenieria-2019-sabes-que-es-eventosuninter\/"]}]},{"@type":"ImageObject","inLanguage":"es","@id":"https:\/\/blogs.uninter.edu.mx\/ESCAT\/index.php\/feria-de-diseno-e-ingenieria-2019-sabes-que-es-eventosuninter\/#primaryimage","url":"https:\/\/blogs.uninter.edu.mx\/ESCAT\/wp-content\/uploads\/2019\/11\/feria-3.png","contentUrl":"https:\/\/blogs.uninter.edu.mx\/ESCAT\/wp-content\/uploads\/2019\/11\/feria-3.png","width":2750,"height":1575},{"@type":"BreadcrumbList","@id":"https:\/\/blogs.uninter.edu.mx\/ESCAT\/index.php\/feria-de-diseno-e-ingenieria-2019-sabes-que-es-eventosuninter\/#breadcrumb","itemListElement":[{"@type":"ListItem","position":1,"name":"Inicio","item":"https:\/\/blogs.uninter.edu.mx\/ESCAT\/"},{"@type":"ListItem","position":2,"name":"Feria de Dise\u00f1o e Ingenier\u00eda 2019 \u00bfsabes qu\u00e9 es? #EventosUninter"}]},{"@type":"WebSite","@id":"https:\/\/blogs.uninter.edu.mx\/ESCAT\/#website","url":"https:\/\/blogs.uninter.edu.mx\/ESCAT\/","name":"Escuela de Ciencias, Artes y Tecnolog\u00eda UNINTER","description":"ESCAT","potentialAction":[{"@type":"SearchAction","target":{"@type":"EntryPoint","urlTemplate":"https:\/\/blogs.uninter.edu.mx\/ESCAT\/?s={search_term_string}"},"query-input":{"@type":"PropertyValueSpecification","valueRequired":true,"valueName":"search_term_string"}}],"inLanguage":"es"},{"@type":"Person","@id":"https:\/\/blogs.uninter.edu.mx\/ESCAT\/#\/schema\/person\/df7b8f33d62433cb78a2104bda02490d","name":"EquipoEscat","image":{"@type":"ImageObject","inLanguage":"es","@id":"https:\/\/blogs.uninter.edu.mx\/ESCAT\/#\/schema\/person\/image\/","url":"https:\/\/secure.gravatar.com\/avatar\/d943e53cecc7e9e13c011abf6ec7475809c7d278834bde994b19ecd58034a9ff?s=96&d=mm&r=g","contentUrl":"https:\/\/secure.gravatar.com\/avatar\/d943e53cecc7e9e13c011abf6ec7475809c7d278834bde994b19ecd58034a9ff?s=96&d=mm&r=g","caption":"EquipoEscat"},"url":"https:\/\/blogs.uninter.edu.mx\/ESCAT\/index.php\/author\/equipoescat\/"}]}},"jetpack_publicize_connections":[],"jetpack_featured_media_url":"https:\/\/blogs.uninter.edu.mx\/ESCAT\/wp-content\/uploads\/2019\/11\/feria-3.png","jetpack_sharing_enabled":true,"_links":{"self":[{"href":"https:\/\/blogs.uninter.edu.mx\/ESCAT\/index.php\/wp-json\/wp\/v2\/posts\/34388","targetHints":{"allow":["GET"]}}],"collection":[{"href":"https:\/\/blogs.uninter.edu.mx\/ESCAT\/index.php\/wp-json\/wp\/v2\/posts"}],"about":[{"href":"https:\/\/blogs.uninter.edu.mx\/ESCAT\/index.php\/wp-json\/wp\/v2\/types\/post"}],"author":[{"embeddable":true,"href":"https:\/\/blogs.uninter.edu.mx\/ESCAT\/index.php\/wp-json\/wp\/v2\/users\/22"}],"replies":[{"embeddable":true,"href":"https:\/\/blogs.uninter.edu.mx\/ESCAT\/index.php\/wp-json\/wp\/v2\/comments?post=34388"}],"version-history":[{"count":8,"href":"https:\/\/blogs.uninter.edu.mx\/ESCAT\/index.php\/wp-json\/wp\/v2\/posts\/34388\/revisions"}],"predecessor-version":[{"id":74342,"href":"https:\/\/blogs.uninter.edu.mx\/ESCAT\/index.php\/wp-json\/wp\/v2\/posts\/34388\/revisions\/74342"}],"wp:featuredmedia":[{"embeddable":true,"href":"https:\/\/blogs.uninter.edu.mx\/ESCAT\/index.php\/wp-json\/wp\/v2\/media\/34327"}],"wp:attachment":[{"href":"https:\/\/blogs.uninter.edu.mx\/ESCAT\/index.php\/wp-json\/wp\/v2\/media?parent=34388"}],"wp:term":[{"taxonomy":"category","embeddable":true,"href":"https:\/\/blogs.uninter.edu.mx\/ESCAT\/index.php\/wp-json\/wp\/v2\/categories?post=34388"},{"taxonomy":"post_tag","embeddable":true,"href":"https:\/\/blogs.uninter.edu.mx\/ESCAT\/index.php\/wp-json\/wp\/v2\/tags?post=34388"}],"curies":[{"name":"wp","href":"https:\/\/api.w.org\/{rel}","templated":true}]}}