{"id":36621,"date":"2020-03-10T17:00:09","date_gmt":"2020-03-10T23:00:09","guid":{"rendered":"https:\/\/blogs.uninter.edu.mx\/ESCAT\/?p=36621"},"modified":"2020-03-02T12:09:46","modified_gmt":"2020-03-02T18:09:46","slug":"diseno-mexicano","status":"publish","type":"post","link":"https:\/\/blogs.uninter.edu.mx\/ESCAT\/index.php\/diseno-mexicano\/","title":{"rendered":"Dise\u00f1o mexicano: exhibici\u00f3n de mobiliario y art\u00edculos decorativos #Dise\u00f1os"},"content":{"rendered":"\n<div class=\"wp-block-image\"><figure class=\"aligncenter is-resized\"><a href=\"https:\/\/www.facebook.com\/EscatUninter\/\"><img loading=\"lazy\" decoding=\"async\" src=\"https:\/\/blogs.uninter.edu.mx\/ESCAT\/wp-content\/uploads\/2020\/01\/26734148_923921647757568_8285257643679229045_n-300x3001.jpg\" alt=\"\" class=\"wp-image-36021\" width=\"181\" height=\"181\" srcset=\"https:\/\/blogs.uninter.edu.mx\/ESCAT\/wp-content\/uploads\/2020\/01\/26734148_923921647757568_8285257643679229045_n-300x3001.jpg 300w, https:\/\/blogs.uninter.edu.mx\/ESCAT\/wp-content\/uploads\/2020\/01\/26734148_923921647757568_8285257643679229045_n-300x3001-150x150.jpg 150w, https:\/\/blogs.uninter.edu.mx\/ESCAT\/wp-content\/uploads\/2020\/01\/26734148_923921647757568_8285257643679229045_n-300x3001-50x50.jpg 50w\" sizes=\"auto, (max-width: 181px) 100vw, 181px\" \/><\/a><\/figure><\/div>\n\n\n\n<p>El dise\u00f1o mexicano esta presente durante cinco d\u00edas al a\u00f1o,&nbsp;<strong>Guadalajara<\/strong>&nbsp;se convierte en el punto de reuni\u00f3n de coleccionistas, dise\u00f1adores, talento emergente, estudiantes y apasionados del dise\u00f1o y el arte que son testigos de la creciente industria creativa en el pa\u00eds. <\/p>\n\n\n\n<!--more-->\n\n\n\n<p>Guadalajara se convirti\u00f3 en la capital del dise\u00f1o mexicano y el arte que exhibi\u00f3 lo mejor del talento nacional.<\/p>\n\n\n\n<div class=\"wp-block-image\"><figure class=\"aligncenter is-resized\"><img loading=\"lazy\" decoding=\"async\" src=\"https:\/\/cdn2.admexico.mx\/uploads\/images\/thumbs\/mx\/ad\/1\/s\/2020\/06\/campamento_guadalajara_2253_615x.jpg\" alt=\"Dise\u00f1o mexicano\" width=\"441\" height=\"293\"\/><figcaption> <br>Lejos de ser una simple exhibici\u00f3n de mobiliario y art\u00edculos decorativos, se ha posicionado como precursor de lo bien hecho en M\u00e9xico.<br>FOTO:&nbsp;<em>Aveh Studio<\/em> <\/figcaption><\/figure><\/div>\n\n\n\n<p>En el marco de&nbsp;<strong>Pre Maco&nbsp;<\/strong>-la plataforma de arte que precede a la feria m\u00e1s importante de Latinoam\u00e9rica, Zsona Maco- sucede uno de los eventos m\u00e1s trascendentales del mundo creativo en M\u00e9xico, la feria de dise\u00f1o&nbsp;<strong>Campamento<\/strong>&nbsp;que lejos de ser una simple exhibici\u00f3n de mobiliario y art\u00edculos decorativos, se ha posicionado como precursor de lo bien hecho en M\u00e9xico de manera que promueve la importancia del dise\u00f1o como&nbsp;<strong>agente cultural, econ\u00f3mico y de transformaci\u00f3n social.<\/strong><\/p>\n\n\n\n<p>Dentro de la feria existen diferentes iniciativas que fungen como punto de encuentro para los creativos: en primer lugar, est\u00e1&nbsp;<strong>Br\u00fajula<\/strong>, un espacio de exhibici\u00f3n y venta al p\u00fablico de despachos y marcas consolidadas como lo son Peca, Mexa, Mool, Domus, Rrrres, entre muchas otras. <\/p>\n\n\n\n<div class=\"wp-block-image\"><figure class=\"aligncenter\"><img decoding=\"async\" src=\"https:\/\/cdn2.admexico.mx\/uploads\/images\/thumbs\/mx\/ad\/1\/s\/2020\/06\/campamento_feria_de_diseno_4943_615x.jpg\" alt=\"Dise\u00f1o mexicano\"\/><figcaption> <br>Campamento, la feria de dise\u00f1o que exhibe lo mejor del talento nacional <\/figcaption><\/figure><\/div>\n\n\n\n<p>En seguida,&nbsp;<strong>Linterna<\/strong>, donde se exhibe el trabajo de j\u00f3venes dise\u00f1adores seleccionados bajo tres narrativas;&nbsp;<strong>nueva visi\u00f3n de mobiliario<\/strong>&nbsp;(piezas que innovan est\u00e9ticas, funciones y lenguajes del mueble en M\u00e9xico),&nbsp;<strong>materia y procesos<\/strong>&nbsp;(objetos cuyo proceso, materiales e investigaci\u00f3n son tan importantes como el resultado final) y&nbsp;<strong>dise\u00f1o en tensi\u00f3n<\/strong>&nbsp;(piezas que juegan con los l\u00edmites del dise\u00f1o industrial tradicional). <\/p>\n\n\n\n<p>En esta iniciativa, nuestra directora&nbsp;<strong>Mar\u00eda Alcocer<\/strong>, junto con una selecci\u00f3n de importantes personalidades del gremio como Andrea Cesarman y Ana Elena Mallet, eligieron el proyecto Refugio de Gabriel Carrillo como ganador de esta secci\u00f3n. <\/p>\n\n\n\n<div class=\"wp-block-image\"><figure class=\"aligncenter\"><img decoding=\"async\" src=\"https:\/\/cdn2.admexico.mx\/uploads\/images\/thumbs\/mx\/ad\/1\/s\/2020\/06\/ad_formo_parte_del_evento_mas_importante_de_diseno_emergente_en_mexico_6005_615x.jpg\" alt=\"Dise\u00f1o mexicano\"\/><figcaption> <br>El talentoso artista originario de Jalisco, Claudio Lim\u00f3n, intervino en tiempo real los muros de nuestro booth con sus representativos trazos llenos de color y dinamismo.<br>FOTO:&nbsp;<em>Aveh Studio<\/em> <\/figcaption><\/figure><\/div>\n\n\n\n<p><strong>Periscopio,&nbsp;<\/strong>es un espacio nuevo dedicado a la moda en un selecto grupo de marcas que representan el panorama de la moda en M\u00e9xico.&nbsp;<strong>Campo Abierto<\/strong>, es una secci\u00f3n que vincula el trabajo de artesanos de Jalisco con dise\u00f1adores locales, para la presentaci\u00f3n de una colecci\u00f3n de productos innovadores que generan nuevas oportunidades comerciales. Y, por \u00faltimo,&nbsp;<strong>Acervo Campamento,<\/strong>&nbsp;una biblioteca de consulta itinerante, creada en esta edici\u00f3n por el artista Jorge M\u00e9ndez Blake. <\/p>\n\n\n\n<div class=\"wp-block-image\"><figure class=\"aligncenter is-resized\"><img loading=\"lazy\" decoding=\"async\" src=\"https:\/\/cdn2.admexico.mx\/uploads\/images\/thumbs\/mx\/ad\/1\/s\/2020\/06\/campamento_es_la_feria_para_descubrir_lo_mejor_del_diseno_mexicano_88_546x720.jpg\" alt=\"Dise\u00f1o mexicano\" width=\"352\" height=\"464\"\/><figcaption> <br>La Metropolitana, una de las estrellas de Br\u00fajula.<br>FOTO:&nbsp;<em>Aveh Studio<\/em> <\/figcaption><\/figure><\/div>\n\n\n\n<h6 class=\"wp-block-heading\">Fuente: <a href=\"https:\/\/www.admexico.mx\/diseno\/gran-diseno\/articulos\/campamento-feria-de-diseno-en-guadalajara\/6443\">Architectural Digest<\/a><\/h6>\n\n\n\n<p style=\"text-align:right\"><a href=\"https:\/\/universidad.uninter.edu.mx\/carreras\/LDI\">Licenciatura en Dise\u00f1o Industrial<\/a><\/p>\n\n\n\n<p style=\"text-align:right\"><a href=\"https:\/\/blogs.uninter.edu.mx\/ESCAT\/index.php\/category\/diseno-industrial\/\">Mas noticias sobre Dise\u00f1o Industrial&#8230;<\/a><\/p>\n\n\n\n<div class=\"wp-block-image\"><figure class=\"aligncenter\"><a href=\"https:\/\/uninter.edu.mx\/\"><img loading=\"lazy\" decoding=\"async\" width=\"3242\" height=\"489\" src=\"https:\/\/blogs.uninter.edu.mx\/ESCAT\/wp-content\/uploads\/2020\/01\/4-1024x154.png\" alt=\"\" class=\"wp-image-35510\" srcset=\"https:\/\/blogs.uninter.edu.mx\/ESCAT\/wp-content\/uploads\/2020\/01\/4-1024x154.png 1024w, https:\/\/blogs.uninter.edu.mx\/ESCAT\/wp-content\/uploads\/2020\/01\/4-300x45.png 300w, https:\/\/blogs.uninter.edu.mx\/ESCAT\/wp-content\/uploads\/2020\/01\/4-768x116.png 768w\" sizes=\"auto, (max-width: 3242px) 100vw, 3242px\" \/><\/a><\/figure><\/div>\n","protected":false},"excerpt":{"rendered":"<p>El dise\u00f1o mexicano esta presente durante cinco d\u00edas al a\u00f1o,&nbsp;Guadalajara&nbsp;se convierte en el punto de reuni\u00f3n de coleccionistas, dise\u00f1adores, talento emergente, estudiantes y apasionados del dise\u00f1o y el arte que son testigos de la creciente industria creativa en el pa\u00eds.<\/p>\n","protected":false},"author":22,"featured_media":36622,"comment_status":"open","ping_status":"open","sticky":false,"template":"","format":"standard","meta":{"_jetpack_memberships_contains_paid_content":false,"footnotes":"","jetpack_publicize_message":"","jetpack_publicize_feature_enabled":true,"jetpack_social_post_already_shared":true,"jetpack_social_options":{"image_generator_settings":{"template":"highway","default_image_id":0,"font":"","enabled":false},"version":2}},"categories":[9,10,13],"tags":[1370,32,1371,1224,31,37],"class_list":["post-36621","post","type-post","status-publish","format-standard","has-post-thumbnail","hentry","category-diseno-industrial","category-disenos","category-eventos","tag-campamento","tag-escat","tag-mexicano","tag-mobiliario","tag-uninter","tag-universidad-internacional"],"yoast_head":"<!-- This site is optimized with the Yoast SEO plugin v26.8 - https:\/\/yoast.com\/product\/yoast-seo-wordpress\/ -->\r\n<title>Dise\u00f1o mexicano: exhibici\u00f3n de mobiliario y art\u00edculos decorativos #Dise\u00f1os<\/title>\r\n<meta name=\"description\" content=\"El dise\u00f1o mexicano esta presente durante cinco d\u00edas al a\u00f1o, Guadalajara se convierte en el punto de reuni\u00f3n de coleccionistas, dise\u00f1adores, talento\" \/>\r\n<meta name=\"robots\" content=\"index, follow, max-snippet:-1, max-image-preview:large, max-video-preview:-1\" \/>\r\n<link rel=\"canonical\" href=\"https:\/\/blogs.uninter.edu.mx\/ESCAT\/index.php\/diseno-mexicano\/\" \/>\r\n<meta property=\"og:locale\" content=\"es_MX\" \/>\r\n<meta property=\"og:type\" content=\"article\" \/>\r\n<meta property=\"og:title\" content=\"Dise\u00f1o mexicano: exhibici\u00f3n de mobiliario y art\u00edculos decorativos #Dise\u00f1os\" \/>\r\n<meta property=\"og:description\" content=\"El dise\u00f1o mexicano esta presente durante cinco d\u00edas al a\u00f1o, Guadalajara se convierte en el punto de reuni\u00f3n de coleccionistas, dise\u00f1adores, talento\" \/>\r\n<meta property=\"og:url\" content=\"https:\/\/blogs.uninter.edu.mx\/ESCAT\/index.php\/diseno-mexicano\/\" \/>\r\n<meta property=\"og:site_name\" content=\"Escuela de Ciencias, Artes y Tecnolog\u00eda\" \/>\r\n<meta property=\"article:publisher\" content=\"https:\/\/www.facebook.com\/EscatUninter\/\" \/>\r\n<meta property=\"article:published_time\" content=\"2020-03-10T23:00:09+00:00\" \/>\r\n<meta property=\"og:image\" content=\"https:\/\/blogs.uninter.edu.mx\/ESCAT\/wp-content\/uploads\/2020\/02\/campamento_guadalajara_2253_615x.jpg\" \/>\r\n\t<meta property=\"og:image:width\" content=\"1200\" \/>\r\n\t<meta property=\"og:image:height\" content=\"800\" \/>\r\n\t<meta property=\"og:image:type\" content=\"image\/jpeg\" \/>\r\n<meta name=\"author\" content=\"EquipoEscat\" \/>\r\n<meta name=\"twitter:card\" content=\"summary_large_image\" \/>\r\n<meta name=\"twitter:image\" content=\"https:\/\/blogs.uninter.edu.mx\/ESCAT\/wp-content\/uploads\/2020\/02\/campamento_guadalajara_2253_615x.jpg\" \/>\r\n<meta name=\"twitter:creator\" content=\"@EscatUninter\" \/>\r\n<meta name=\"twitter:site\" content=\"@EscatUninter\" \/>\r\n<meta name=\"twitter:label1\" content=\"Escrito por\" \/>\n\t<meta name=\"twitter:data1\" content=\"EquipoEscat\" \/>\n\t<meta name=\"twitter:label2\" content=\"Tiempo de lectura\" \/>\n\t<meta name=\"twitter:data2\" content=\"3 minutos\" \/>\r\n<script type=\"application\/ld+json\" class=\"yoast-schema-graph\">{\"@context\":\"https:\/\/schema.org\",\"@graph\":[{\"@type\":\"Article\",\"@id\":\"https:\/\/blogs.uninter.edu.mx\/ESCAT\/index.php\/diseno-mexicano\/#article\",\"isPartOf\":{\"@id\":\"https:\/\/blogs.uninter.edu.mx\/ESCAT\/index.php\/diseno-mexicano\/\"},\"author\":{\"name\":\"EquipoEscat\",\"@id\":\"https:\/\/blogs.uninter.edu.mx\/ESCAT\/#\/schema\/person\/df7b8f33d62433cb78a2104bda02490d\"},\"headline\":\"Dise\u00f1o mexicano: exhibici\u00f3n de mobiliario y art\u00edculos decorativos #Dise\u00f1os\",\"datePublished\":\"2020-03-10T23:00:09+00:00\",\"mainEntityOfPage\":{\"@id\":\"https:\/\/blogs.uninter.edu.mx\/ESCAT\/index.php\/diseno-mexicano\/\"},\"wordCount\":527,\"commentCount\":0,\"image\":{\"@id\":\"https:\/\/blogs.uninter.edu.mx\/ESCAT\/index.php\/diseno-mexicano\/#primaryimage\"},\"thumbnailUrl\":\"https:\/\/blogs.uninter.edu.mx\/ESCAT\/wp-content\/uploads\/2020\/02\/campamento_guadalajara_2253_615x.jpg\",\"keywords\":[\"Campamento\",\"ESCAT\",\"Mexicano\",\"Mobiliario\",\"Uninter\",\"Universidad Internacional\"],\"articleSection\":[\"Dise\u00f1o Industrial\",\"Dise\u00f1os\",\"Eventos\"],\"inLanguage\":\"es\",\"potentialAction\":[{\"@type\":\"CommentAction\",\"name\":\"Comment\",\"target\":[\"https:\/\/blogs.uninter.edu.mx\/ESCAT\/index.php\/diseno-mexicano\/#respond\"]}]},{\"@type\":\"WebPage\",\"@id\":\"https:\/\/blogs.uninter.edu.mx\/ESCAT\/index.php\/diseno-mexicano\/\",\"url\":\"https:\/\/blogs.uninter.edu.mx\/ESCAT\/index.php\/diseno-mexicano\/\",\"name\":\"Dise\u00f1o mexicano: exhibici\u00f3n de mobiliario y art\u00edculos decorativos #Dise\u00f1os\",\"isPartOf\":{\"@id\":\"https:\/\/blogs.uninter.edu.mx\/ESCAT\/#website\"},\"primaryImageOfPage\":{\"@id\":\"https:\/\/blogs.uninter.edu.mx\/ESCAT\/index.php\/diseno-mexicano\/#primaryimage\"},\"image\":{\"@id\":\"https:\/\/blogs.uninter.edu.mx\/ESCAT\/index.php\/diseno-mexicano\/#primaryimage\"},\"thumbnailUrl\":\"https:\/\/blogs.uninter.edu.mx\/ESCAT\/wp-content\/uploads\/2020\/02\/campamento_guadalajara_2253_615x.jpg\",\"datePublished\":\"2020-03-10T23:00:09+00:00\",\"author\":{\"@id\":\"https:\/\/blogs.uninter.edu.mx\/ESCAT\/#\/schema\/person\/df7b8f33d62433cb78a2104bda02490d\"},\"description\":\"El dise\u00f1o mexicano esta presente durante cinco d\u00edas al a\u00f1o, Guadalajara se convierte en el punto de reuni\u00f3n de coleccionistas, dise\u00f1adores, talento\",\"breadcrumb\":{\"@id\":\"https:\/\/blogs.uninter.edu.mx\/ESCAT\/index.php\/diseno-mexicano\/#breadcrumb\"},\"inLanguage\":\"es\",\"potentialAction\":[{\"@type\":\"ReadAction\",\"target\":[\"https:\/\/blogs.uninter.edu.mx\/ESCAT\/index.php\/diseno-mexicano\/\"]}]},{\"@type\":\"ImageObject\",\"inLanguage\":\"es\",\"@id\":\"https:\/\/blogs.uninter.edu.mx\/ESCAT\/index.php\/diseno-mexicano\/#primaryimage\",\"url\":\"https:\/\/blogs.uninter.edu.mx\/ESCAT\/wp-content\/uploads\/2020\/02\/campamento_guadalajara_2253_615x.jpg\",\"contentUrl\":\"https:\/\/blogs.uninter.edu.mx\/ESCAT\/wp-content\/uploads\/2020\/02\/campamento_guadalajara_2253_615x.jpg\",\"width\":1200,\"height\":800,\"caption\":\"Dise\u00f1o mexicano\"},{\"@type\":\"BreadcrumbList\",\"@id\":\"https:\/\/blogs.uninter.edu.mx\/ESCAT\/index.php\/diseno-mexicano\/#breadcrumb\",\"itemListElement\":[{\"@type\":\"ListItem\",\"position\":1,\"name\":\"Inicio\",\"item\":\"https:\/\/blogs.uninter.edu.mx\/ESCAT\/\"},{\"@type\":\"ListItem\",\"position\":2,\"name\":\"Dise\u00f1o mexicano: exhibici\u00f3n de mobiliario y art\u00edculos decorativos #Dise\u00f1os\"}]},{\"@type\":\"WebSite\",\"@id\":\"https:\/\/blogs.uninter.edu.mx\/ESCAT\/#website\",\"url\":\"https:\/\/blogs.uninter.edu.mx\/ESCAT\/\",\"name\":\"Escuela de Ciencias, Artes y Tecnolog\u00eda UNINTER\",\"description\":\"ESCAT\",\"potentialAction\":[{\"@type\":\"SearchAction\",\"target\":{\"@type\":\"EntryPoint\",\"urlTemplate\":\"https:\/\/blogs.uninter.edu.mx\/ESCAT\/?s={search_term_string}\"},\"query-input\":{\"@type\":\"PropertyValueSpecification\",\"valueRequired\":true,\"valueName\":\"search_term_string\"}}],\"inLanguage\":\"es\"},{\"@type\":\"Person\",\"@id\":\"https:\/\/blogs.uninter.edu.mx\/ESCAT\/#\/schema\/person\/df7b8f33d62433cb78a2104bda02490d\",\"name\":\"EquipoEscat\",\"image\":{\"@type\":\"ImageObject\",\"inLanguage\":\"es\",\"@id\":\"https:\/\/blogs.uninter.edu.mx\/ESCAT\/#\/schema\/person\/image\/\",\"url\":\"https:\/\/secure.gravatar.com\/avatar\/d943e53cecc7e9e13c011abf6ec7475809c7d278834bde994b19ecd58034a9ff?s=96&d=mm&r=g\",\"contentUrl\":\"https:\/\/secure.gravatar.com\/avatar\/d943e53cecc7e9e13c011abf6ec7475809c7d278834bde994b19ecd58034a9ff?s=96&d=mm&r=g\",\"caption\":\"EquipoEscat\"},\"url\":\"https:\/\/blogs.uninter.edu.mx\/ESCAT\/index.php\/author\/equipoescat\/\"}]}<\/script>\r\n<!-- \/ Yoast SEO plugin. -->","yoast_head_json":{"title":"Dise\u00f1o mexicano: exhibici\u00f3n de mobiliario y art\u00edculos decorativos #Dise\u00f1os","description":"El dise\u00f1o mexicano esta presente durante cinco d\u00edas al a\u00f1o, Guadalajara se convierte en el punto de reuni\u00f3n de coleccionistas, dise\u00f1adores, talento","robots":{"index":"index","follow":"follow","max-snippet":"max-snippet:-1","max-image-preview":"max-image-preview:large","max-video-preview":"max-video-preview:-1"},"canonical":"https:\/\/blogs.uninter.edu.mx\/ESCAT\/index.php\/diseno-mexicano\/","og_locale":"es_MX","og_type":"article","og_title":"Dise\u00f1o mexicano: exhibici\u00f3n de mobiliario y art\u00edculos decorativos #Dise\u00f1os","og_description":"El dise\u00f1o mexicano esta presente durante cinco d\u00edas al a\u00f1o, Guadalajara se convierte en el punto de reuni\u00f3n de coleccionistas, dise\u00f1adores, talento","og_url":"https:\/\/blogs.uninter.edu.mx\/ESCAT\/index.php\/diseno-mexicano\/","og_site_name":"Escuela de Ciencias, Artes y Tecnolog\u00eda","article_publisher":"https:\/\/www.facebook.com\/EscatUninter\/","article_published_time":"2020-03-10T23:00:09+00:00","og_image":[{"width":1200,"height":800,"url":"https:\/\/blogs.uninter.edu.mx\/ESCAT\/wp-content\/uploads\/2020\/02\/campamento_guadalajara_2253_615x.jpg","type":"image\/jpeg"}],"author":"EquipoEscat","twitter_card":"summary_large_image","twitter_image":"https:\/\/blogs.uninter.edu.mx\/ESCAT\/wp-content\/uploads\/2020\/02\/campamento_guadalajara_2253_615x.jpg","twitter_creator":"@EscatUninter","twitter_site":"@EscatUninter","twitter_misc":{"Escrito por":"EquipoEscat","Tiempo de lectura":"3 minutos"},"schema":{"@context":"https:\/\/schema.org","@graph":[{"@type":"Article","@id":"https:\/\/blogs.uninter.edu.mx\/ESCAT\/index.php\/diseno-mexicano\/#article","isPartOf":{"@id":"https:\/\/blogs.uninter.edu.mx\/ESCAT\/index.php\/diseno-mexicano\/"},"author":{"name":"EquipoEscat","@id":"https:\/\/blogs.uninter.edu.mx\/ESCAT\/#\/schema\/person\/df7b8f33d62433cb78a2104bda02490d"},"headline":"Dise\u00f1o mexicano: exhibici\u00f3n de mobiliario y art\u00edculos decorativos #Dise\u00f1os","datePublished":"2020-03-10T23:00:09+00:00","mainEntityOfPage":{"@id":"https:\/\/blogs.uninter.edu.mx\/ESCAT\/index.php\/diseno-mexicano\/"},"wordCount":527,"commentCount":0,"image":{"@id":"https:\/\/blogs.uninter.edu.mx\/ESCAT\/index.php\/diseno-mexicano\/#primaryimage"},"thumbnailUrl":"https:\/\/blogs.uninter.edu.mx\/ESCAT\/wp-content\/uploads\/2020\/02\/campamento_guadalajara_2253_615x.jpg","keywords":["Campamento","ESCAT","Mexicano","Mobiliario","Uninter","Universidad Internacional"],"articleSection":["Dise\u00f1o Industrial","Dise\u00f1os","Eventos"],"inLanguage":"es","potentialAction":[{"@type":"CommentAction","name":"Comment","target":["https:\/\/blogs.uninter.edu.mx\/ESCAT\/index.php\/diseno-mexicano\/#respond"]}]},{"@type":"WebPage","@id":"https:\/\/blogs.uninter.edu.mx\/ESCAT\/index.php\/diseno-mexicano\/","url":"https:\/\/blogs.uninter.edu.mx\/ESCAT\/index.php\/diseno-mexicano\/","name":"Dise\u00f1o mexicano: exhibici\u00f3n de mobiliario y art\u00edculos decorativos #Dise\u00f1os","isPartOf":{"@id":"https:\/\/blogs.uninter.edu.mx\/ESCAT\/#website"},"primaryImageOfPage":{"@id":"https:\/\/blogs.uninter.edu.mx\/ESCAT\/index.php\/diseno-mexicano\/#primaryimage"},"image":{"@id":"https:\/\/blogs.uninter.edu.mx\/ESCAT\/index.php\/diseno-mexicano\/#primaryimage"},"thumbnailUrl":"https:\/\/blogs.uninter.edu.mx\/ESCAT\/wp-content\/uploads\/2020\/02\/campamento_guadalajara_2253_615x.jpg","datePublished":"2020-03-10T23:00:09+00:00","author":{"@id":"https:\/\/blogs.uninter.edu.mx\/ESCAT\/#\/schema\/person\/df7b8f33d62433cb78a2104bda02490d"},"description":"El dise\u00f1o mexicano esta presente durante cinco d\u00edas al a\u00f1o, Guadalajara se convierte en el punto de reuni\u00f3n de coleccionistas, dise\u00f1adores, talento","breadcrumb":{"@id":"https:\/\/blogs.uninter.edu.mx\/ESCAT\/index.php\/diseno-mexicano\/#breadcrumb"},"inLanguage":"es","potentialAction":[{"@type":"ReadAction","target":["https:\/\/blogs.uninter.edu.mx\/ESCAT\/index.php\/diseno-mexicano\/"]}]},{"@type":"ImageObject","inLanguage":"es","@id":"https:\/\/blogs.uninter.edu.mx\/ESCAT\/index.php\/diseno-mexicano\/#primaryimage","url":"https:\/\/blogs.uninter.edu.mx\/ESCAT\/wp-content\/uploads\/2020\/02\/campamento_guadalajara_2253_615x.jpg","contentUrl":"https:\/\/blogs.uninter.edu.mx\/ESCAT\/wp-content\/uploads\/2020\/02\/campamento_guadalajara_2253_615x.jpg","width":1200,"height":800,"caption":"Dise\u00f1o mexicano"},{"@type":"BreadcrumbList","@id":"https:\/\/blogs.uninter.edu.mx\/ESCAT\/index.php\/diseno-mexicano\/#breadcrumb","itemListElement":[{"@type":"ListItem","position":1,"name":"Inicio","item":"https:\/\/blogs.uninter.edu.mx\/ESCAT\/"},{"@type":"ListItem","position":2,"name":"Dise\u00f1o mexicano: exhibici\u00f3n de mobiliario y art\u00edculos decorativos #Dise\u00f1os"}]},{"@type":"WebSite","@id":"https:\/\/blogs.uninter.edu.mx\/ESCAT\/#website","url":"https:\/\/blogs.uninter.edu.mx\/ESCAT\/","name":"Escuela de Ciencias, Artes y Tecnolog\u00eda UNINTER","description":"ESCAT","potentialAction":[{"@type":"SearchAction","target":{"@type":"EntryPoint","urlTemplate":"https:\/\/blogs.uninter.edu.mx\/ESCAT\/?s={search_term_string}"},"query-input":{"@type":"PropertyValueSpecification","valueRequired":true,"valueName":"search_term_string"}}],"inLanguage":"es"},{"@type":"Person","@id":"https:\/\/blogs.uninter.edu.mx\/ESCAT\/#\/schema\/person\/df7b8f33d62433cb78a2104bda02490d","name":"EquipoEscat","image":{"@type":"ImageObject","inLanguage":"es","@id":"https:\/\/blogs.uninter.edu.mx\/ESCAT\/#\/schema\/person\/image\/","url":"https:\/\/secure.gravatar.com\/avatar\/d943e53cecc7e9e13c011abf6ec7475809c7d278834bde994b19ecd58034a9ff?s=96&d=mm&r=g","contentUrl":"https:\/\/secure.gravatar.com\/avatar\/d943e53cecc7e9e13c011abf6ec7475809c7d278834bde994b19ecd58034a9ff?s=96&d=mm&r=g","caption":"EquipoEscat"},"url":"https:\/\/blogs.uninter.edu.mx\/ESCAT\/index.php\/author\/equipoescat\/"}]}},"jetpack_publicize_connections":[],"jetpack_featured_media_url":"https:\/\/blogs.uninter.edu.mx\/ESCAT\/wp-content\/uploads\/2020\/02\/campamento_guadalajara_2253_615x.jpg","jetpack_sharing_enabled":true,"_links":{"self":[{"href":"https:\/\/blogs.uninter.edu.mx\/ESCAT\/index.php\/wp-json\/wp\/v2\/posts\/36621","targetHints":{"allow":["GET"]}}],"collection":[{"href":"https:\/\/blogs.uninter.edu.mx\/ESCAT\/index.php\/wp-json\/wp\/v2\/posts"}],"about":[{"href":"https:\/\/blogs.uninter.edu.mx\/ESCAT\/index.php\/wp-json\/wp\/v2\/types\/post"}],"author":[{"embeddable":true,"href":"https:\/\/blogs.uninter.edu.mx\/ESCAT\/index.php\/wp-json\/wp\/v2\/users\/22"}],"replies":[{"embeddable":true,"href":"https:\/\/blogs.uninter.edu.mx\/ESCAT\/index.php\/wp-json\/wp\/v2\/comments?post=36621"}],"version-history":[{"count":3,"href":"https:\/\/blogs.uninter.edu.mx\/ESCAT\/index.php\/wp-json\/wp\/v2\/posts\/36621\/revisions"}],"predecessor-version":[{"id":36791,"href":"https:\/\/blogs.uninter.edu.mx\/ESCAT\/index.php\/wp-json\/wp\/v2\/posts\/36621\/revisions\/36791"}],"wp:featuredmedia":[{"embeddable":true,"href":"https:\/\/blogs.uninter.edu.mx\/ESCAT\/index.php\/wp-json\/wp\/v2\/media\/36622"}],"wp:attachment":[{"href":"https:\/\/blogs.uninter.edu.mx\/ESCAT\/index.php\/wp-json\/wp\/v2\/media?parent=36621"}],"wp:term":[{"taxonomy":"category","embeddable":true,"href":"https:\/\/blogs.uninter.edu.mx\/ESCAT\/index.php\/wp-json\/wp\/v2\/categories?post=36621"},{"taxonomy":"post_tag","embeddable":true,"href":"https:\/\/blogs.uninter.edu.mx\/ESCAT\/index.php\/wp-json\/wp\/v2\/tags?post=36621"}],"curies":[{"name":"wp","href":"https:\/\/api.w.org\/{rel}","templated":true}]}}