{"id":37223,"date":"2020-03-25T13:22:46","date_gmt":"2020-03-25T19:22:46","guid":{"rendered":"https:\/\/blogs.uninter.edu.mx\/ESCAT\/?p=37223"},"modified":"2025-04-01T17:36:48","modified_gmt":"2025-04-01T23:36:48","slug":"uninter-activa-protocolo-ante-covid-19","status":"publish","type":"post","link":"https:\/\/blogs.uninter.edu.mx\/ESCAT\/index.php\/uninter-activa-protocolo-ante-covid-19\/","title":{"rendered":"Uninter activa protocolo ante #COVID-19"},"content":{"rendered":"<div class=\"wp-block-image\">\n<figure class=\"aligncenter is-resized\"><a href=\"https:\/\/www.facebook.com\/EscatUninter\"><img loading=\"lazy\" decoding=\"async\" src=\"https:\/\/blogs.uninter.edu.mx\/ESCAT\/wp-content\/uploads\/2020\/03\/ESCAT-2-902x1024.png\" alt=\"\" class=\"wp-image-37140\" width=\"100\" height=\"113\" srcset=\"https:\/\/blogs.uninter.edu.mx\/ESCAT\/wp-content\/uploads\/2020\/03\/ESCAT-2-902x1024.png 902w, https:\/\/blogs.uninter.edu.mx\/ESCAT\/wp-content\/uploads\/2020\/03\/ESCAT-2-264x300.png 264w, https:\/\/blogs.uninter.edu.mx\/ESCAT\/wp-content\/uploads\/2020\/03\/ESCAT-2-768x872.png 768w, https:\/\/blogs.uninter.edu.mx\/ESCAT\/wp-content\/uploads\/2020\/03\/ESCAT-2.png 1787w\" sizes=\"auto, (max-width: 100px) 100vw, 100px\" \/><\/a><\/figure>\n<\/div>\n\n\n<p><em> <\/em>Con la llegada del COVID-19, <strong>Uninter<\/strong> ha activado diversas estrategias de ense\u00f1anza-aprendizaje a distancia para garantizar la continuidad acad\u00e9mica. Esta medida se toma como parte de los esfuerzos para adaptarse a la emergencia sanitaria que afecta tanto a nuestro pa\u00eds como al mundo entero.<\/p>\n\n\n\n<!--more-->\n\n\n\n<p><strong>Compromiso con la Comunidad<\/strong><\/p>\n\n\n\n<p>Reafirmando su compromiso con los estudiantes y la comunidad educativa, <strong>Uninter<\/strong> ha activado un protocolo especial para hacer frente a los retos impuestos por la pandemia. A trav\u00e9s de este protocolo, se buscan implementar m\u00e9todos efectivos que mantengan la calidad educativa sin comprometer la salud de los involucrados.<\/p>\n\n\n\n<p><strong>Cuarto Comunicado Oficial de Uninter<\/strong><\/p>\n\n\n\n<p>En el <strong>Cuarto Comunicado Oficial<\/strong>, el Colegio de Directores de la Rector\u00eda detall\u00f3 las estrategias que se implementar\u00e1n durante la contingencia. Entre ellas, se destac\u00f3 el uso de plataformas digitales para la ense\u00f1anza y el aprendizaje a distancia.<\/p>\n\n\n<div class=\"wp-block-image\">\n<figure class=\"aligncenter is-resized\"><img loading=\"lazy\" decoding=\"async\" src=\"https:\/\/blogs.uninter.edu.mx\/ESCAT\/wp-content\/uploads\/2020\/03\/0001-791x1024.jpg\" alt=\"Uninter\" class=\"wp-image-37141\" width=\"632\" height=\"817\" srcset=\"https:\/\/blogs.uninter.edu.mx\/ESCAT\/wp-content\/uploads\/2020\/03\/0001-791x1024.jpg 791w, https:\/\/blogs.uninter.edu.mx\/ESCAT\/wp-content\/uploads\/2020\/03\/0001-232x300.jpg 232w, https:\/\/blogs.uninter.edu.mx\/ESCAT\/wp-content\/uploads\/2020\/03\/0001-768x994.jpg 768w\" sizes=\"auto, (max-width: 632px) 100vw, 632px\" \/><figcaption class=\"wp-element-caption\">Cuarto Comunicado oficial Uninter<\/figcaption><\/figure>\n<\/div>\n\n\n<p><strong>Comunicaci\u00f3n con los Docentes<\/strong><\/p>\n\n\n\n<p>Para garantizar que los estudiantes contin\u00faen con su educaci\u00f3n de manera efectiva, los docentes se estar\u00e1n comunicando a trav\u00e9s de los correos institucionales y otras herramientas digitales. Por lo tanto, es esencial que los estudiantes est\u00e9n atentos a las indicaciones que recibir\u00e1n de sus profesores para conocer c\u00f3mo se llevar\u00e1n a cabo las clases en l\u00ednea.<\/p>\n\n\n\n<p><strong>Consultas y Soporte<\/strong><\/p>\n\n\n\n<p>En caso de dudas o situaciones especiales, los estudiantes deber\u00e1n ponerse en contacto con sus directores de carrera, quienes estar\u00e1n disponibles para resolver cualquier inconveniente. Adem\u00e1s, se recomienda estar atentos a las publicaciones oficiales de la universidad a trav\u00e9s de sus redes sociales, donde se compartir\u00e1n los comunicados y actualizaciones relevantes.<\/p>\n\n\n\n<p><\/p>\n\n\n\n<p class=\"has-text-align-center\" style=\"font-size:30px\"><em>#YoMeQuedoEnCasa<\/em><\/p>\n\n\n\n<p class=\"has-text-align-right\"><a href=\"https:\/\/blogs.uninter.edu.mx\/ESCAT\/index.php\/category\/noticias\/\">M\u00e1s noticias&#8230;<\/a><\/p>\n\n\n\n<figure class=\"wp-block-image\"><a href=\"https:\/\/universidad.uninter.edu.mx\/\"><img loading=\"lazy\" decoding=\"async\" width=\"3242\" height=\"489\" src=\"https:\/\/blogs.uninter.edu.mx\/ESCAT\/wp-content\/uploads\/2020\/03\/4-1024x154.png\" alt=\"\" class=\"wp-image-37229\" srcset=\"https:\/\/blogs.uninter.edu.mx\/ESCAT\/wp-content\/uploads\/2020\/03\/4-1024x154.png 1024w, https:\/\/blogs.uninter.edu.mx\/ESCAT\/wp-content\/uploads\/2020\/03\/4-300x45.png 300w, https:\/\/blogs.uninter.edu.mx\/ESCAT\/wp-content\/uploads\/2020\/03\/4-768x116.png 768w\" sizes=\"auto, (max-width: 3242px) 100vw, 3242px\" \/><\/a><\/figure>\n","protected":false},"excerpt":{"rendered":"<p>Con la llegada del COVID-19, Uninter ha activado diversas estrategias de ense\u00f1anza-aprendizaje a distancia para garantizar la continuidad acad\u00e9mica. Esta medida se toma como parte de los esfuerzos para adaptarse a la emergencia sanitaria que afecta tanto a nuestro pa\u00eds como al mundo entero.<\/p>\n","protected":false},"author":22,"featured_media":37228,"comment_status":"open","ping_status":"open","sticky":false,"template":"","format":"standard","meta":{"_jetpack_memberships_contains_paid_content":false,"footnotes":"","jetpack_publicize_message":"","jetpack_publicize_feature_enabled":true,"jetpack_social_post_already_shared":true,"jetpack_social_options":{"image_generator_settings":{"template":"highway","default_image_id":0,"font":"","enabled":false},"version":2}},"categories":[10,22,26,29],"tags":[1428,32,107,372,31,37],"class_list":["post-37223","post","type-post","status-publish","format-standard","has-post-thumbnail","hentry","category-disenos","category-ingenierias","category-noticias","category-posgrados","tag-covid-19","tag-escat","tag-escat-uninter","tag-escatnoticias","tag-uninter","tag-universidad-internacional"],"yoast_head":"<!-- This site is optimized with the Yoast SEO plugin v26.8 - https:\/\/yoast.com\/product\/yoast-seo-wordpress\/ -->\r\n<title>Uninter activa protocolo ante #COVID-19 -<\/title>\r\n<meta name=\"description\" content=\"Uninter: Reafirmando su compromiso con la comunidad activo un protocolo dada la emergencia sanitaria por la que atraviesa nuestro pa\u00eds.\" \/>\r\n<meta name=\"robots\" content=\"index, follow, max-snippet:-1, max-image-preview:large, max-video-preview:-1\" \/>\r\n<link rel=\"canonical\" href=\"https:\/\/blogs.uninter.edu.mx\/ESCAT\/index.php\/uninter-activa-protocolo-ante-covid-19\/\" \/>\r\n<meta property=\"og:locale\" content=\"es_MX\" \/>\r\n<meta property=\"og:type\" content=\"article\" \/>\r\n<meta property=\"og:title\" content=\"Uninter activa protocolo ante #COVID-19 -\" \/>\r\n<meta property=\"og:description\" content=\"Uninter: Reafirmando su compromiso con la comunidad activo un protocolo dada la emergencia sanitaria por la que atraviesa nuestro pa\u00eds.\" \/>\r\n<meta property=\"og:url\" content=\"https:\/\/blogs.uninter.edu.mx\/ESCAT\/index.php\/uninter-activa-protocolo-ante-covid-19\/\" \/>\r\n<meta property=\"og:site_name\" content=\"Escuela de Ciencias, Artes y Tecnolog\u00eda\" \/>\r\n<meta property=\"article:publisher\" content=\"https:\/\/www.facebook.com\/EscatUninter\/\" \/>\r\n<meta property=\"article:published_time\" content=\"2020-03-25T19:22:46+00:00\" \/>\r\n<meta property=\"article:modified_time\" content=\"2025-04-01T23:36:48+00:00\" \/>\r\n<meta property=\"og:image\" content=\"https:\/\/blogs.uninter.edu.mx\/ESCAT\/wp-content\/uploads\/2020\/03\/Date.png\" \/>\r\n\t<meta property=\"og:image:width\" content=\"1200\" \/>\r\n\t<meta property=\"og:image:height\" content=\"800\" \/>\r\n\t<meta property=\"og:image:type\" content=\"image\/png\" \/>\r\n<meta name=\"author\" content=\"EquipoEscat\" \/>\r\n<meta name=\"twitter:card\" content=\"summary_large_image\" \/>\r\n<meta name=\"twitter:image\" content=\"https:\/\/blogs.uninter.edu.mx\/ESCAT\/wp-content\/uploads\/2020\/03\/Date.png\" \/>\r\n<meta name=\"twitter:creator\" content=\"@EscatUninter\" \/>\r\n<meta name=\"twitter:site\" content=\"@EscatUninter\" \/>\r\n<meta name=\"twitter:label1\" content=\"Escrito por\" \/>\n\t<meta name=\"twitter:data1\" content=\"EquipoEscat\" \/>\n\t<meta name=\"twitter:label2\" content=\"Tiempo de lectura\" \/>\n\t<meta name=\"twitter:data2\" content=\"2 minutos\" \/>\r\n<script type=\"application\/ld+json\" class=\"yoast-schema-graph\">{\"@context\":\"https:\/\/schema.org\",\"@graph\":[{\"@type\":\"Article\",\"@id\":\"https:\/\/blogs.uninter.edu.mx\/ESCAT\/index.php\/uninter-activa-protocolo-ante-covid-19\/#article\",\"isPartOf\":{\"@id\":\"https:\/\/blogs.uninter.edu.mx\/ESCAT\/index.php\/uninter-activa-protocolo-ante-covid-19\/\"},\"author\":{\"name\":\"EquipoEscat\",\"@id\":\"https:\/\/blogs.uninter.edu.mx\/ESCAT\/#\/schema\/person\/df7b8f33d62433cb78a2104bda02490d\"},\"headline\":\"Uninter activa protocolo ante #COVID-19\",\"datePublished\":\"2020-03-25T19:22:46+00:00\",\"dateModified\":\"2025-04-01T23:36:48+00:00\",\"mainEntityOfPage\":{\"@id\":\"https:\/\/blogs.uninter.edu.mx\/ESCAT\/index.php\/uninter-activa-protocolo-ante-covid-19\/\"},\"wordCount\":289,\"commentCount\":0,\"image\":{\"@id\":\"https:\/\/blogs.uninter.edu.mx\/ESCAT\/index.php\/uninter-activa-protocolo-ante-covid-19\/#primaryimage\"},\"thumbnailUrl\":\"https:\/\/blogs.uninter.edu.mx\/ESCAT\/wp-content\/uploads\/2020\/03\/Date.png\",\"keywords\":[\"COVID-19\",\"ESCAT\",\"ESCAT Uninter\",\"ESCATNOTICIAS\",\"Uninter\",\"Universidad Internacional\"],\"articleSection\":[\"Dise\u00f1os\",\"Ingenier\u00edas\",\"Noticias\",\"Posgrados\"],\"inLanguage\":\"es\",\"potentialAction\":[{\"@type\":\"CommentAction\",\"name\":\"Comment\",\"target\":[\"https:\/\/blogs.uninter.edu.mx\/ESCAT\/index.php\/uninter-activa-protocolo-ante-covid-19\/#respond\"]}]},{\"@type\":\"WebPage\",\"@id\":\"https:\/\/blogs.uninter.edu.mx\/ESCAT\/index.php\/uninter-activa-protocolo-ante-covid-19\/\",\"url\":\"https:\/\/blogs.uninter.edu.mx\/ESCAT\/index.php\/uninter-activa-protocolo-ante-covid-19\/\",\"name\":\"Uninter activa protocolo ante #COVID-19 -\",\"isPartOf\":{\"@id\":\"https:\/\/blogs.uninter.edu.mx\/ESCAT\/#website\"},\"primaryImageOfPage\":{\"@id\":\"https:\/\/blogs.uninter.edu.mx\/ESCAT\/index.php\/uninter-activa-protocolo-ante-covid-19\/#primaryimage\"},\"image\":{\"@id\":\"https:\/\/blogs.uninter.edu.mx\/ESCAT\/index.php\/uninter-activa-protocolo-ante-covid-19\/#primaryimage\"},\"thumbnailUrl\":\"https:\/\/blogs.uninter.edu.mx\/ESCAT\/wp-content\/uploads\/2020\/03\/Date.png\",\"datePublished\":\"2020-03-25T19:22:46+00:00\",\"dateModified\":\"2025-04-01T23:36:48+00:00\",\"author\":{\"@id\":\"https:\/\/blogs.uninter.edu.mx\/ESCAT\/#\/schema\/person\/df7b8f33d62433cb78a2104bda02490d\"},\"description\":\"Uninter: Reafirmando su compromiso con la comunidad activo un protocolo dada la emergencia sanitaria por la que atraviesa nuestro pa\u00eds.\",\"breadcrumb\":{\"@id\":\"https:\/\/blogs.uninter.edu.mx\/ESCAT\/index.php\/uninter-activa-protocolo-ante-covid-19\/#breadcrumb\"},\"inLanguage\":\"es\",\"potentialAction\":[{\"@type\":\"ReadAction\",\"target\":[\"https:\/\/blogs.uninter.edu.mx\/ESCAT\/index.php\/uninter-activa-protocolo-ante-covid-19\/\"]}]},{\"@type\":\"ImageObject\",\"inLanguage\":\"es\",\"@id\":\"https:\/\/blogs.uninter.edu.mx\/ESCAT\/index.php\/uninter-activa-protocolo-ante-covid-19\/#primaryimage\",\"url\":\"https:\/\/blogs.uninter.edu.mx\/ESCAT\/wp-content\/uploads\/2020\/03\/Date.png\",\"contentUrl\":\"https:\/\/blogs.uninter.edu.mx\/ESCAT\/wp-content\/uploads\/2020\/03\/Date.png\",\"width\":1200,\"height\":800},{\"@type\":\"BreadcrumbList\",\"@id\":\"https:\/\/blogs.uninter.edu.mx\/ESCAT\/index.php\/uninter-activa-protocolo-ante-covid-19\/#breadcrumb\",\"itemListElement\":[{\"@type\":\"ListItem\",\"position\":1,\"name\":\"Inicio\",\"item\":\"https:\/\/blogs.uninter.edu.mx\/ESCAT\/\"},{\"@type\":\"ListItem\",\"position\":2,\"name\":\"Uninter activa protocolo ante #COVID-19\"}]},{\"@type\":\"WebSite\",\"@id\":\"https:\/\/blogs.uninter.edu.mx\/ESCAT\/#website\",\"url\":\"https:\/\/blogs.uninter.edu.mx\/ESCAT\/\",\"name\":\"Escuela de Ciencias, Artes y Tecnolog\u00eda UNINTER\",\"description\":\"ESCAT\",\"potentialAction\":[{\"@type\":\"SearchAction\",\"target\":{\"@type\":\"EntryPoint\",\"urlTemplate\":\"https:\/\/blogs.uninter.edu.mx\/ESCAT\/?s={search_term_string}\"},\"query-input\":{\"@type\":\"PropertyValueSpecification\",\"valueRequired\":true,\"valueName\":\"search_term_string\"}}],\"inLanguage\":\"es\"},{\"@type\":\"Person\",\"@id\":\"https:\/\/blogs.uninter.edu.mx\/ESCAT\/#\/schema\/person\/df7b8f33d62433cb78a2104bda02490d\",\"name\":\"EquipoEscat\",\"image\":{\"@type\":\"ImageObject\",\"inLanguage\":\"es\",\"@id\":\"https:\/\/blogs.uninter.edu.mx\/ESCAT\/#\/schema\/person\/image\/\",\"url\":\"https:\/\/secure.gravatar.com\/avatar\/d943e53cecc7e9e13c011abf6ec7475809c7d278834bde994b19ecd58034a9ff?s=96&d=mm&r=g\",\"contentUrl\":\"https:\/\/secure.gravatar.com\/avatar\/d943e53cecc7e9e13c011abf6ec7475809c7d278834bde994b19ecd58034a9ff?s=96&d=mm&r=g\",\"caption\":\"EquipoEscat\"},\"url\":\"https:\/\/blogs.uninter.edu.mx\/ESCAT\/index.php\/author\/equipoescat\/\"}]}<\/script>\r\n<!-- \/ Yoast SEO plugin. -->","yoast_head_json":{"title":"Uninter activa protocolo ante #COVID-19 -","description":"Uninter: Reafirmando su compromiso con la comunidad activo un protocolo dada la emergencia sanitaria por la que atraviesa nuestro pa\u00eds.","robots":{"index":"index","follow":"follow","max-snippet":"max-snippet:-1","max-image-preview":"max-image-preview:large","max-video-preview":"max-video-preview:-1"},"canonical":"https:\/\/blogs.uninter.edu.mx\/ESCAT\/index.php\/uninter-activa-protocolo-ante-covid-19\/","og_locale":"es_MX","og_type":"article","og_title":"Uninter activa protocolo ante #COVID-19 -","og_description":"Uninter: Reafirmando su compromiso con la comunidad activo un protocolo dada la emergencia sanitaria por la que atraviesa nuestro pa\u00eds.","og_url":"https:\/\/blogs.uninter.edu.mx\/ESCAT\/index.php\/uninter-activa-protocolo-ante-covid-19\/","og_site_name":"Escuela de Ciencias, Artes y Tecnolog\u00eda","article_publisher":"https:\/\/www.facebook.com\/EscatUninter\/","article_published_time":"2020-03-25T19:22:46+00:00","article_modified_time":"2025-04-01T23:36:48+00:00","og_image":[{"width":1200,"height":800,"url":"https:\/\/blogs.uninter.edu.mx\/ESCAT\/wp-content\/uploads\/2020\/03\/Date.png","type":"image\/png"}],"author":"EquipoEscat","twitter_card":"summary_large_image","twitter_image":"https:\/\/blogs.uninter.edu.mx\/ESCAT\/wp-content\/uploads\/2020\/03\/Date.png","twitter_creator":"@EscatUninter","twitter_site":"@EscatUninter","twitter_misc":{"Escrito por":"EquipoEscat","Tiempo de lectura":"2 minutos"},"schema":{"@context":"https:\/\/schema.org","@graph":[{"@type":"Article","@id":"https:\/\/blogs.uninter.edu.mx\/ESCAT\/index.php\/uninter-activa-protocolo-ante-covid-19\/#article","isPartOf":{"@id":"https:\/\/blogs.uninter.edu.mx\/ESCAT\/index.php\/uninter-activa-protocolo-ante-covid-19\/"},"author":{"name":"EquipoEscat","@id":"https:\/\/blogs.uninter.edu.mx\/ESCAT\/#\/schema\/person\/df7b8f33d62433cb78a2104bda02490d"},"headline":"Uninter activa protocolo ante #COVID-19","datePublished":"2020-03-25T19:22:46+00:00","dateModified":"2025-04-01T23:36:48+00:00","mainEntityOfPage":{"@id":"https:\/\/blogs.uninter.edu.mx\/ESCAT\/index.php\/uninter-activa-protocolo-ante-covid-19\/"},"wordCount":289,"commentCount":0,"image":{"@id":"https:\/\/blogs.uninter.edu.mx\/ESCAT\/index.php\/uninter-activa-protocolo-ante-covid-19\/#primaryimage"},"thumbnailUrl":"https:\/\/blogs.uninter.edu.mx\/ESCAT\/wp-content\/uploads\/2020\/03\/Date.png","keywords":["COVID-19","ESCAT","ESCAT Uninter","ESCATNOTICIAS","Uninter","Universidad Internacional"],"articleSection":["Dise\u00f1os","Ingenier\u00edas","Noticias","Posgrados"],"inLanguage":"es","potentialAction":[{"@type":"CommentAction","name":"Comment","target":["https:\/\/blogs.uninter.edu.mx\/ESCAT\/index.php\/uninter-activa-protocolo-ante-covid-19\/#respond"]}]},{"@type":"WebPage","@id":"https:\/\/blogs.uninter.edu.mx\/ESCAT\/index.php\/uninter-activa-protocolo-ante-covid-19\/","url":"https:\/\/blogs.uninter.edu.mx\/ESCAT\/index.php\/uninter-activa-protocolo-ante-covid-19\/","name":"Uninter activa protocolo ante #COVID-19 -","isPartOf":{"@id":"https:\/\/blogs.uninter.edu.mx\/ESCAT\/#website"},"primaryImageOfPage":{"@id":"https:\/\/blogs.uninter.edu.mx\/ESCAT\/index.php\/uninter-activa-protocolo-ante-covid-19\/#primaryimage"},"image":{"@id":"https:\/\/blogs.uninter.edu.mx\/ESCAT\/index.php\/uninter-activa-protocolo-ante-covid-19\/#primaryimage"},"thumbnailUrl":"https:\/\/blogs.uninter.edu.mx\/ESCAT\/wp-content\/uploads\/2020\/03\/Date.png","datePublished":"2020-03-25T19:22:46+00:00","dateModified":"2025-04-01T23:36:48+00:00","author":{"@id":"https:\/\/blogs.uninter.edu.mx\/ESCAT\/#\/schema\/person\/df7b8f33d62433cb78a2104bda02490d"},"description":"Uninter: Reafirmando su compromiso con la comunidad activo un protocolo dada la emergencia sanitaria por la que atraviesa nuestro pa\u00eds.","breadcrumb":{"@id":"https:\/\/blogs.uninter.edu.mx\/ESCAT\/index.php\/uninter-activa-protocolo-ante-covid-19\/#breadcrumb"},"inLanguage":"es","potentialAction":[{"@type":"ReadAction","target":["https:\/\/blogs.uninter.edu.mx\/ESCAT\/index.php\/uninter-activa-protocolo-ante-covid-19\/"]}]},{"@type":"ImageObject","inLanguage":"es","@id":"https:\/\/blogs.uninter.edu.mx\/ESCAT\/index.php\/uninter-activa-protocolo-ante-covid-19\/#primaryimage","url":"https:\/\/blogs.uninter.edu.mx\/ESCAT\/wp-content\/uploads\/2020\/03\/Date.png","contentUrl":"https:\/\/blogs.uninter.edu.mx\/ESCAT\/wp-content\/uploads\/2020\/03\/Date.png","width":1200,"height":800},{"@type":"BreadcrumbList","@id":"https:\/\/blogs.uninter.edu.mx\/ESCAT\/index.php\/uninter-activa-protocolo-ante-covid-19\/#breadcrumb","itemListElement":[{"@type":"ListItem","position":1,"name":"Inicio","item":"https:\/\/blogs.uninter.edu.mx\/ESCAT\/"},{"@type":"ListItem","position":2,"name":"Uninter activa protocolo ante #COVID-19"}]},{"@type":"WebSite","@id":"https:\/\/blogs.uninter.edu.mx\/ESCAT\/#website","url":"https:\/\/blogs.uninter.edu.mx\/ESCAT\/","name":"Escuela de Ciencias, Artes y Tecnolog\u00eda UNINTER","description":"ESCAT","potentialAction":[{"@type":"SearchAction","target":{"@type":"EntryPoint","urlTemplate":"https:\/\/blogs.uninter.edu.mx\/ESCAT\/?s={search_term_string}"},"query-input":{"@type":"PropertyValueSpecification","valueRequired":true,"valueName":"search_term_string"}}],"inLanguage":"es"},{"@type":"Person","@id":"https:\/\/blogs.uninter.edu.mx\/ESCAT\/#\/schema\/person\/df7b8f33d62433cb78a2104bda02490d","name":"EquipoEscat","image":{"@type":"ImageObject","inLanguage":"es","@id":"https:\/\/blogs.uninter.edu.mx\/ESCAT\/#\/schema\/person\/image\/","url":"https:\/\/secure.gravatar.com\/avatar\/d943e53cecc7e9e13c011abf6ec7475809c7d278834bde994b19ecd58034a9ff?s=96&d=mm&r=g","contentUrl":"https:\/\/secure.gravatar.com\/avatar\/d943e53cecc7e9e13c011abf6ec7475809c7d278834bde994b19ecd58034a9ff?s=96&d=mm&r=g","caption":"EquipoEscat"},"url":"https:\/\/blogs.uninter.edu.mx\/ESCAT\/index.php\/author\/equipoescat\/"}]}},"jetpack_publicize_connections":[],"jetpack_featured_media_url":"https:\/\/blogs.uninter.edu.mx\/ESCAT\/wp-content\/uploads\/2020\/03\/Date.png","jetpack_sharing_enabled":true,"_links":{"self":[{"href":"https:\/\/blogs.uninter.edu.mx\/ESCAT\/index.php\/wp-json\/wp\/v2\/posts\/37223","targetHints":{"allow":["GET"]}}],"collection":[{"href":"https:\/\/blogs.uninter.edu.mx\/ESCAT\/index.php\/wp-json\/wp\/v2\/posts"}],"about":[{"href":"https:\/\/blogs.uninter.edu.mx\/ESCAT\/index.php\/wp-json\/wp\/v2\/types\/post"}],"author":[{"embeddable":true,"href":"https:\/\/blogs.uninter.edu.mx\/ESCAT\/index.php\/wp-json\/wp\/v2\/users\/22"}],"replies":[{"embeddable":true,"href":"https:\/\/blogs.uninter.edu.mx\/ESCAT\/index.php\/wp-json\/wp\/v2\/comments?post=37223"}],"version-history":[{"count":8,"href":"https:\/\/blogs.uninter.edu.mx\/ESCAT\/index.php\/wp-json\/wp\/v2\/posts\/37223\/revisions"}],"predecessor-version":[{"id":73051,"href":"https:\/\/blogs.uninter.edu.mx\/ESCAT\/index.php\/wp-json\/wp\/v2\/posts\/37223\/revisions\/73051"}],"wp:featuredmedia":[{"embeddable":true,"href":"https:\/\/blogs.uninter.edu.mx\/ESCAT\/index.php\/wp-json\/wp\/v2\/media\/37228"}],"wp:attachment":[{"href":"https:\/\/blogs.uninter.edu.mx\/ESCAT\/index.php\/wp-json\/wp\/v2\/media?parent=37223"}],"wp:term":[{"taxonomy":"category","embeddable":true,"href":"https:\/\/blogs.uninter.edu.mx\/ESCAT\/index.php\/wp-json\/wp\/v2\/categories?post=37223"},{"taxonomy":"post_tag","embeddable":true,"href":"https:\/\/blogs.uninter.edu.mx\/ESCAT\/index.php\/wp-json\/wp\/v2\/tags?post=37223"}],"curies":[{"name":"wp","href":"https:\/\/api.w.org\/{rel}","templated":true}]}}