{"id":37245,"date":"2020-04-01T18:41:37","date_gmt":"2020-04-02T00:41:37","guid":{"rendered":"https:\/\/blogs.uninter.edu.mx\/ESCAT\/?p=37245"},"modified":"2020-03-31T23:13:30","modified_gmt":"2020-04-01T05:13:30","slug":"que-significa-la-fase-2-del-coronavirus-covid-19-en-mexico","status":"publish","type":"post","link":"https:\/\/blogs.uninter.edu.mx\/ESCAT\/index.php\/que-significa-la-fase-2-del-coronavirus-covid-19-en-mexico\/","title":{"rendered":"Fase 2 #COVID-19 \u00bfQu\u00e9 significa para M\u00e9xico? #Qu\u00e9dateEnCasa"},"content":{"rendered":"\n<div class=\"wp-block-image\"><figure class=\"aligncenter is-resized\"><a href=\"https:\/\/www.facebook.com\/EscatUninter\"><img loading=\"lazy\" decoding=\"async\" src=\"https:\/\/blogs.uninter.edu.mx\/ESCAT\/wp-content\/uploads\/2020\/03\/ESCAT-2-902x1024.png\" alt=\"\" class=\"wp-image-37140\" width=\"97\" height=\"110\" srcset=\"https:\/\/blogs.uninter.edu.mx\/ESCAT\/wp-content\/uploads\/2020\/03\/ESCAT-2-902x1024.png 902w, https:\/\/blogs.uninter.edu.mx\/ESCAT\/wp-content\/uploads\/2020\/03\/ESCAT-2-264x300.png 264w, https:\/\/blogs.uninter.edu.mx\/ESCAT\/wp-content\/uploads\/2020\/03\/ESCAT-2-768x872.png 768w, https:\/\/blogs.uninter.edu.mx\/ESCAT\/wp-content\/uploads\/2020\/03\/ESCAT-2.png 1787w\" sizes=\"auto, (max-width: 97px) 100vw, 97px\" \/><\/a><\/figure><\/div>\n\n\n\n<p>Fase 2: El Gobierno Federal hace unos d\u00edas oficializ\u00f3 la transici\u00f3n de M\u00e9xico a la segunda fase de contagio del COVID-19, declarada por la Organizaci\u00f3n Mundial de la Salud (OMS). Pero, \u00bfqu\u00e9 es lo que significa y qu\u00e9 implicaciones tiene la fase dos?<\/p>\n\n\n\n<!--more-->\n\n\n\n<p><strong>La OMS clasific\u00f3 a M\u00e9xico dentro de la fase dos en la pandemia del coronavirus<\/strong>, a lo que el Subsecretario de Prevenci\u00f3n y Promoci\u00f3n de la Salud, Hugo L\u00f3pez-Gatell declar\u00f3 oficialmente que el pa\u00eds se encuentra ya en la fase de transmisi\u00f3n comunitaria y con ello, que\u00a0<strong>M\u00e9xico puede entrar a un punto de inflexi\u00f3n<\/strong>\u00a0donde el n\u00famero de casos confirmados crecer\u00e1n exponencialmente en los pr\u00f3ximos d\u00edas.\u00a0<\/p>\n\n\n\n<h2 class=\"wp-block-heading\"><em>\u00bfQu\u00e9 significa la fase 2?<\/em><\/h2>\n\n\n\n<p>Quiere decir que el nivel de contagios registrados en el pa\u00eds se suman por centenares y que los afectados no son capaces de detectar qui\u00e9n los ha contagiado. De esta forma, a<strong>&nbsp;distribuci\u00f3n del virus es local y no se puede atribuir el contagio a viajes al extranjero o casos importados<\/strong>. Esta fase la transmisi\u00f3n del virus se declar\u00f3 una vez que se contabilizaron cinco personas que no han podido rastrear el origen de su contagio.&nbsp;<\/p>\n\n\n\n<p>Ahora bien, implica tambi\u00e9n que&nbsp;<strong>el n\u00famero de casos confirmados puede exponencialmente<\/strong>&nbsp;debido la cadena de transmisi\u00f3n en la que una persona portadora es asintom\u00e1tica y, mientras tanto, puede llegar a contagiar a un n\u00famero considerable de personas sin darse cuenta, y \u00e9stas a su vez a otras\u2026<\/p>\n\n\n\n<figure class=\"wp-block-image\"><img loading=\"lazy\" decoding=\"async\" width=\"846\" height=\"547\" src=\"https:\/\/blogs.uninter.edu.mx\/ESCAT\/wp-content\/uploads\/2020\/03\/Captura-de-pantalla-2020-03-24-a-las-09.30.25.png\" alt=\"Fase 2\" class=\"wp-image-37249\" srcset=\"https:\/\/blogs.uninter.edu.mx\/ESCAT\/wp-content\/uploads\/2020\/03\/Captura-de-pantalla-2020-03-24-a-las-09.30.25.png 846w, https:\/\/blogs.uninter.edu.mx\/ESCAT\/wp-content\/uploads\/2020\/03\/Captura-de-pantalla-2020-03-24-a-las-09.30.25-300x194.png 300w, https:\/\/blogs.uninter.edu.mx\/ESCAT\/wp-content\/uploads\/2020\/03\/Captura-de-pantalla-2020-03-24-a-las-09.30.25-768x497.png 768w\" sizes=\"auto, (max-width: 846px) 100vw, 846px\" \/><\/figure>\n\n\n\n<p>A esto se le llama&nbsp;<strong>punto de inflexi\u00f3n<\/strong>, mismo que L\u00f3pez-Gatell afirm\u00f3&nbsp;<strong>no haber alcanzado todav\u00eda en M\u00e9xico<\/strong>, donde la curva epid\u00e9mica de casos documentados se \u201cdobla\u201d por la propagaci\u00f3n acelerada del virus.<\/p>\n\n\n\n<p>El inicio de la fase dos \u2013afirm\u00f3 el subsecretario\u2013 permite trazar el horizonte para los pr\u00f3ximos 30 o 40 d\u00edas y la administraci\u00f3n de recursos sanitarios para as\u00ed&nbsp;<strong>evitar la saturaci\u00f3n o colapso de los sistemas de salud<\/strong>.<\/p>\n\n\n\n<p>Para ello, L\u00f3pez-Gatell di\u00f3 a conocer la&nbsp;<strong>Jornada Nacional de Sana Distancia<\/strong>, un protocolo de intervenciones masivas para detener la propagaci\u00f3n del virus:<\/p>\n\n\n\n<ol class=\"wp-block-list\"><li><strong>Proteger y cuidar<\/strong>&nbsp;a las personas adultas mayores y otros&nbsp;<strong>grupos de mayor riesgo<\/strong><\/li><li><strong>Suspender clases<\/strong>&nbsp;en todo el sistema educativo nacional, del 23 marzo al 19 abril 202<\/li><li><strong>Suspender<\/strong>&nbsp;temporalmente eventos y&nbsp;<strong>reuniones de 100 personas o m\u00e1s<\/strong><\/li><li><strong>Suspender<\/strong>&nbsp;temporalmente actividades l<strong>aborales que involucren la movilizaci\u00f3n&nbsp;<\/strong>de personas en todos los sectores de la sociedad<\/li><li>Intensificar las medidas b\u00e1sicas de prevenci\u00f3n<\/li><\/ol>\n\n\n\n<p>Es indispensable seguir atentos a la informaci\u00f3n oficial de las pr\u00f3ximas horas, as\u00ed como seguir las indicaciones de seguridad e higiene necesarias.<\/p>\n\n\n\n<h6 class=\"wp-block-heading\">Fuente: <a href=\"https:\/\/www.liderempresarial.com\/que-significa-la-fase-2-del-coronavirus-covid-19-en-mexico\/\">Lider Empresarial<\/a><\/h6>\n\n\n\n<p style=\"text-align:right\"><a href=\"https:\/\/blogs.uninter.edu.mx\/ESCAT\/index.php\/category\/noticias\/\">M\u00e1s noticias&#8230;<\/a><\/p>\n\n\n\n<figure class=\"wp-block-image\"><a href=\"https:\/\/universidad.uninter.edu.mx\/\"><img loading=\"lazy\" decoding=\"async\" width=\"3242\" height=\"489\" src=\"https:\/\/blogs.uninter.edu.mx\/ESCAT\/wp-content\/uploads\/2020\/03\/4-1024x154.png\" alt=\"\" class=\"wp-image-37229\" srcset=\"https:\/\/blogs.uninter.edu.mx\/ESCAT\/wp-content\/uploads\/2020\/03\/4-1024x154.png 1024w, https:\/\/blogs.uninter.edu.mx\/ESCAT\/wp-content\/uploads\/2020\/03\/4-300x45.png 300w, https:\/\/blogs.uninter.edu.mx\/ESCAT\/wp-content\/uploads\/2020\/03\/4-768x116.png 768w\" sizes=\"auto, (max-width: 3242px) 100vw, 3242px\" \/><\/a><\/figure>\n","protected":false},"excerpt":{"rendered":"<p>Fase 2: El Gobierno Federal hace unos d\u00edas oficializ\u00f3 la transici\u00f3n de M\u00e9xico a la segunda fase de contagio del COVID-19, declarada por la Organizaci\u00f3n Mundial de la Salud (OMS). Pero, \u00bfqu\u00e9 es lo que significa y qu\u00e9 implicaciones tiene la fase dos?<\/p>\n","protected":false},"author":22,"featured_media":37292,"comment_status":"open","ping_status":"open","sticky":false,"template":"","format":"standard","meta":{"_jetpack_memberships_contains_paid_content":false,"footnotes":"","jetpack_publicize_message":"","jetpack_publicize_feature_enabled":true,"jetpack_social_post_already_shared":true,"jetpack_social_options":{"image_generator_settings":{"template":"highway","default_image_id":0,"font":"","enabled":false},"version":2}},"categories":[10,22,26,29],"tags":[1428,32,1452,76,31,37],"class_list":["post-37245","post","type-post","status-publish","format-standard","has-post-thumbnail","hentry","category-disenos","category-ingenierias","category-noticias","category-posgrados","tag-covid-19","tag-escat","tag-fase2","tag-mexico","tag-uninter","tag-universidad-internacional"],"yoast_head":"<!-- This site is optimized with the Yoast SEO plugin v26.8 - https:\/\/yoast.com\/product\/yoast-seo-wordpress\/ -->\r\n<title>Fase 2 #COVID-19 \u00bfQu\u00e9 significa para M\u00e9xico? #Qu\u00e9dateEnCasa - Escuela de Ciencias, Artes y Tecnolog\u00eda<\/title>\r\n<meta name=\"description\" content=\"Fase 2: Esta ma\u00f1ana el Gobierno Federal oficializ\u00f3 la transici\u00f3n de M\u00e9xico a la segunda fase de contagio del COVID-19, declarada por la OMS.\" \/>\r\n<meta name=\"robots\" content=\"index, follow, max-snippet:-1, max-image-preview:large, max-video-preview:-1\" \/>\r\n<link rel=\"canonical\" href=\"https:\/\/blogs.uninter.edu.mx\/ESCAT\/index.php\/que-significa-la-fase-2-del-coronavirus-covid-19-en-mexico\/\" \/>\r\n<meta property=\"og:locale\" content=\"es_MX\" \/>\r\n<meta property=\"og:type\" content=\"article\" \/>\r\n<meta property=\"og:title\" content=\"Fase 2 #COVID-19 \u00bfQu\u00e9 significa para M\u00e9xico? #Qu\u00e9dateEnCasa - Escuela de Ciencias, Artes y Tecnolog\u00eda\" \/>\r\n<meta property=\"og:description\" content=\"Fase 2: Esta ma\u00f1ana el Gobierno Federal oficializ\u00f3 la transici\u00f3n de M\u00e9xico a la segunda fase de contagio del COVID-19, declarada por la OMS.\" \/>\r\n<meta property=\"og:url\" content=\"https:\/\/blogs.uninter.edu.mx\/ESCAT\/index.php\/que-significa-la-fase-2-del-coronavirus-covid-19-en-mexico\/\" \/>\r\n<meta property=\"og:site_name\" content=\"Escuela de Ciencias, Artes y Tecnolog\u00eda\" \/>\r\n<meta property=\"article:publisher\" content=\"https:\/\/www.facebook.com\/EscatUninter\/\" \/>\r\n<meta property=\"article:published_time\" content=\"2020-04-02T00:41:37+00:00\" \/>\r\n<meta property=\"og:image\" content=\"https:\/\/blogs.uninter.edu.mx\/ESCAT\/wp-content\/uploads\/2020\/03\/feriadosmexico2-4d74747f85561873c0abd428aae78b6e-1200x800.jpg\" \/>\r\n\t<meta property=\"og:image:width\" content=\"1200\" \/>\r\n\t<meta property=\"og:image:height\" content=\"800\" \/>\r\n\t<meta property=\"og:image:type\" content=\"image\/jpeg\" \/>\r\n<meta name=\"author\" content=\"EquipoEscat\" \/>\r\n<meta name=\"twitter:card\" content=\"summary_large_image\" \/>\r\n<meta name=\"twitter:image\" content=\"https:\/\/blogs.uninter.edu.mx\/ESCAT\/wp-content\/uploads\/2020\/03\/feriadosmexico2-4d74747f85561873c0abd428aae78b6e-1200x800.jpg\" \/>\r\n<meta name=\"twitter:creator\" content=\"@EscatUninter\" \/>\r\n<meta name=\"twitter:site\" content=\"@EscatUninter\" \/>\r\n<meta name=\"twitter:label1\" content=\"Escrito por\" \/>\n\t<meta name=\"twitter:data1\" content=\"EquipoEscat\" \/>\n\t<meta name=\"twitter:label2\" content=\"Tiempo de lectura\" \/>\n\t<meta name=\"twitter:data2\" content=\"2 minutos\" \/>\r\n<script type=\"application\/ld+json\" class=\"yoast-schema-graph\">{\"@context\":\"https:\/\/schema.org\",\"@graph\":[{\"@type\":\"Article\",\"@id\":\"https:\/\/blogs.uninter.edu.mx\/ESCAT\/index.php\/que-significa-la-fase-2-del-coronavirus-covid-19-en-mexico\/#article\",\"isPartOf\":{\"@id\":\"https:\/\/blogs.uninter.edu.mx\/ESCAT\/index.php\/que-significa-la-fase-2-del-coronavirus-covid-19-en-mexico\/\"},\"author\":{\"name\":\"EquipoEscat\",\"@id\":\"https:\/\/blogs.uninter.edu.mx\/ESCAT\/#\/schema\/person\/df7b8f33d62433cb78a2104bda02490d\"},\"headline\":\"Fase 2 #COVID-19 \u00bfQu\u00e9 significa para M\u00e9xico? #Qu\u00e9dateEnCasa\",\"datePublished\":\"2020-04-02T00:41:37+00:00\",\"mainEntityOfPage\":{\"@id\":\"https:\/\/blogs.uninter.edu.mx\/ESCAT\/index.php\/que-significa-la-fase-2-del-coronavirus-covid-19-en-mexico\/\"},\"wordCount\":482,\"commentCount\":0,\"image\":{\"@id\":\"https:\/\/blogs.uninter.edu.mx\/ESCAT\/index.php\/que-significa-la-fase-2-del-coronavirus-covid-19-en-mexico\/#primaryimage\"},\"thumbnailUrl\":\"https:\/\/blogs.uninter.edu.mx\/ESCAT\/wp-content\/uploads\/2020\/03\/feriadosmexico2-4d74747f85561873c0abd428aae78b6e-1200x800.jpg\",\"keywords\":[\"COVID-19\",\"ESCAT\",\"Fase2\",\"M\u00e9xico\",\"Uninter\",\"Universidad Internacional\"],\"articleSection\":[\"Dise\u00f1os\",\"Ingenier\u00edas\",\"Noticias\",\"Posgrados\"],\"inLanguage\":\"es\",\"potentialAction\":[{\"@type\":\"CommentAction\",\"name\":\"Comment\",\"target\":[\"https:\/\/blogs.uninter.edu.mx\/ESCAT\/index.php\/que-significa-la-fase-2-del-coronavirus-covid-19-en-mexico\/#respond\"]}]},{\"@type\":\"WebPage\",\"@id\":\"https:\/\/blogs.uninter.edu.mx\/ESCAT\/index.php\/que-significa-la-fase-2-del-coronavirus-covid-19-en-mexico\/\",\"url\":\"https:\/\/blogs.uninter.edu.mx\/ESCAT\/index.php\/que-significa-la-fase-2-del-coronavirus-covid-19-en-mexico\/\",\"name\":\"Fase 2 #COVID-19 \u00bfQu\u00e9 significa para M\u00e9xico? #Qu\u00e9dateEnCasa - Escuela de Ciencias, Artes y Tecnolog\u00eda\",\"isPartOf\":{\"@id\":\"https:\/\/blogs.uninter.edu.mx\/ESCAT\/#website\"},\"primaryImageOfPage\":{\"@id\":\"https:\/\/blogs.uninter.edu.mx\/ESCAT\/index.php\/que-significa-la-fase-2-del-coronavirus-covid-19-en-mexico\/#primaryimage\"},\"image\":{\"@id\":\"https:\/\/blogs.uninter.edu.mx\/ESCAT\/index.php\/que-significa-la-fase-2-del-coronavirus-covid-19-en-mexico\/#primaryimage\"},\"thumbnailUrl\":\"https:\/\/blogs.uninter.edu.mx\/ESCAT\/wp-content\/uploads\/2020\/03\/feriadosmexico2-4d74747f85561873c0abd428aae78b6e-1200x800.jpg\",\"datePublished\":\"2020-04-02T00:41:37+00:00\",\"author\":{\"@id\":\"https:\/\/blogs.uninter.edu.mx\/ESCAT\/#\/schema\/person\/df7b8f33d62433cb78a2104bda02490d\"},\"description\":\"Fase 2: Esta ma\u00f1ana el Gobierno Federal oficializ\u00f3 la transici\u00f3n de M\u00e9xico a la segunda fase de contagio del COVID-19, declarada por la OMS.\",\"breadcrumb\":{\"@id\":\"https:\/\/blogs.uninter.edu.mx\/ESCAT\/index.php\/que-significa-la-fase-2-del-coronavirus-covid-19-en-mexico\/#breadcrumb\"},\"inLanguage\":\"es\",\"potentialAction\":[{\"@type\":\"ReadAction\",\"target\":[\"https:\/\/blogs.uninter.edu.mx\/ESCAT\/index.php\/que-significa-la-fase-2-del-coronavirus-covid-19-en-mexico\/\"]}]},{\"@type\":\"ImageObject\",\"inLanguage\":\"es\",\"@id\":\"https:\/\/blogs.uninter.edu.mx\/ESCAT\/index.php\/que-significa-la-fase-2-del-coronavirus-covid-19-en-mexico\/#primaryimage\",\"url\":\"https:\/\/blogs.uninter.edu.mx\/ESCAT\/wp-content\/uploads\/2020\/03\/feriadosmexico2-4d74747f85561873c0abd428aae78b6e-1200x800.jpg\",\"contentUrl\":\"https:\/\/blogs.uninter.edu.mx\/ESCAT\/wp-content\/uploads\/2020\/03\/feriadosmexico2-4d74747f85561873c0abd428aae78b6e-1200x800.jpg\",\"width\":1200,\"height\":800},{\"@type\":\"BreadcrumbList\",\"@id\":\"https:\/\/blogs.uninter.edu.mx\/ESCAT\/index.php\/que-significa-la-fase-2-del-coronavirus-covid-19-en-mexico\/#breadcrumb\",\"itemListElement\":[{\"@type\":\"ListItem\",\"position\":1,\"name\":\"Inicio\",\"item\":\"https:\/\/blogs.uninter.edu.mx\/ESCAT\/\"},{\"@type\":\"ListItem\",\"position\":2,\"name\":\"Fase 2 #COVID-19 \u00bfQu\u00e9 significa para M\u00e9xico? #Qu\u00e9dateEnCasa\"}]},{\"@type\":\"WebSite\",\"@id\":\"https:\/\/blogs.uninter.edu.mx\/ESCAT\/#website\",\"url\":\"https:\/\/blogs.uninter.edu.mx\/ESCAT\/\",\"name\":\"Escuela de Ciencias, Artes y Tecnolog\u00eda UNINTER\",\"description\":\"ESCAT\",\"potentialAction\":[{\"@type\":\"SearchAction\",\"target\":{\"@type\":\"EntryPoint\",\"urlTemplate\":\"https:\/\/blogs.uninter.edu.mx\/ESCAT\/?s={search_term_string}\"},\"query-input\":{\"@type\":\"PropertyValueSpecification\",\"valueRequired\":true,\"valueName\":\"search_term_string\"}}],\"inLanguage\":\"es\"},{\"@type\":\"Person\",\"@id\":\"https:\/\/blogs.uninter.edu.mx\/ESCAT\/#\/schema\/person\/df7b8f33d62433cb78a2104bda02490d\",\"name\":\"EquipoEscat\",\"image\":{\"@type\":\"ImageObject\",\"inLanguage\":\"es\",\"@id\":\"https:\/\/blogs.uninter.edu.mx\/ESCAT\/#\/schema\/person\/image\/\",\"url\":\"https:\/\/secure.gravatar.com\/avatar\/d943e53cecc7e9e13c011abf6ec7475809c7d278834bde994b19ecd58034a9ff?s=96&d=mm&r=g\",\"contentUrl\":\"https:\/\/secure.gravatar.com\/avatar\/d943e53cecc7e9e13c011abf6ec7475809c7d278834bde994b19ecd58034a9ff?s=96&d=mm&r=g\",\"caption\":\"EquipoEscat\"},\"url\":\"https:\/\/blogs.uninter.edu.mx\/ESCAT\/index.php\/author\/equipoescat\/\"}]}<\/script>\r\n<!-- \/ Yoast SEO plugin. -->","yoast_head_json":{"title":"Fase 2 #COVID-19 \u00bfQu\u00e9 significa para M\u00e9xico? #Qu\u00e9dateEnCasa - Escuela de Ciencias, Artes y Tecnolog\u00eda","description":"Fase 2: Esta ma\u00f1ana el Gobierno Federal oficializ\u00f3 la transici\u00f3n de M\u00e9xico a la segunda fase de contagio del COVID-19, declarada por la OMS.","robots":{"index":"index","follow":"follow","max-snippet":"max-snippet:-1","max-image-preview":"max-image-preview:large","max-video-preview":"max-video-preview:-1"},"canonical":"https:\/\/blogs.uninter.edu.mx\/ESCAT\/index.php\/que-significa-la-fase-2-del-coronavirus-covid-19-en-mexico\/","og_locale":"es_MX","og_type":"article","og_title":"Fase 2 #COVID-19 \u00bfQu\u00e9 significa para M\u00e9xico? #Qu\u00e9dateEnCasa - Escuela de Ciencias, Artes y Tecnolog\u00eda","og_description":"Fase 2: Esta ma\u00f1ana el Gobierno Federal oficializ\u00f3 la transici\u00f3n de M\u00e9xico a la segunda fase de contagio del COVID-19, declarada por la OMS.","og_url":"https:\/\/blogs.uninter.edu.mx\/ESCAT\/index.php\/que-significa-la-fase-2-del-coronavirus-covid-19-en-mexico\/","og_site_name":"Escuela de Ciencias, Artes y Tecnolog\u00eda","article_publisher":"https:\/\/www.facebook.com\/EscatUninter\/","article_published_time":"2020-04-02T00:41:37+00:00","og_image":[{"width":1200,"height":800,"url":"https:\/\/blogs.uninter.edu.mx\/ESCAT\/wp-content\/uploads\/2020\/03\/feriadosmexico2-4d74747f85561873c0abd428aae78b6e-1200x800.jpg","type":"image\/jpeg"}],"author":"EquipoEscat","twitter_card":"summary_large_image","twitter_image":"https:\/\/blogs.uninter.edu.mx\/ESCAT\/wp-content\/uploads\/2020\/03\/feriadosmexico2-4d74747f85561873c0abd428aae78b6e-1200x800.jpg","twitter_creator":"@EscatUninter","twitter_site":"@EscatUninter","twitter_misc":{"Escrito por":"EquipoEscat","Tiempo de lectura":"2 minutos"},"schema":{"@context":"https:\/\/schema.org","@graph":[{"@type":"Article","@id":"https:\/\/blogs.uninter.edu.mx\/ESCAT\/index.php\/que-significa-la-fase-2-del-coronavirus-covid-19-en-mexico\/#article","isPartOf":{"@id":"https:\/\/blogs.uninter.edu.mx\/ESCAT\/index.php\/que-significa-la-fase-2-del-coronavirus-covid-19-en-mexico\/"},"author":{"name":"EquipoEscat","@id":"https:\/\/blogs.uninter.edu.mx\/ESCAT\/#\/schema\/person\/df7b8f33d62433cb78a2104bda02490d"},"headline":"Fase 2 #COVID-19 \u00bfQu\u00e9 significa para M\u00e9xico? #Qu\u00e9dateEnCasa","datePublished":"2020-04-02T00:41:37+00:00","mainEntityOfPage":{"@id":"https:\/\/blogs.uninter.edu.mx\/ESCAT\/index.php\/que-significa-la-fase-2-del-coronavirus-covid-19-en-mexico\/"},"wordCount":482,"commentCount":0,"image":{"@id":"https:\/\/blogs.uninter.edu.mx\/ESCAT\/index.php\/que-significa-la-fase-2-del-coronavirus-covid-19-en-mexico\/#primaryimage"},"thumbnailUrl":"https:\/\/blogs.uninter.edu.mx\/ESCAT\/wp-content\/uploads\/2020\/03\/feriadosmexico2-4d74747f85561873c0abd428aae78b6e-1200x800.jpg","keywords":["COVID-19","ESCAT","Fase2","M\u00e9xico","Uninter","Universidad Internacional"],"articleSection":["Dise\u00f1os","Ingenier\u00edas","Noticias","Posgrados"],"inLanguage":"es","potentialAction":[{"@type":"CommentAction","name":"Comment","target":["https:\/\/blogs.uninter.edu.mx\/ESCAT\/index.php\/que-significa-la-fase-2-del-coronavirus-covid-19-en-mexico\/#respond"]}]},{"@type":"WebPage","@id":"https:\/\/blogs.uninter.edu.mx\/ESCAT\/index.php\/que-significa-la-fase-2-del-coronavirus-covid-19-en-mexico\/","url":"https:\/\/blogs.uninter.edu.mx\/ESCAT\/index.php\/que-significa-la-fase-2-del-coronavirus-covid-19-en-mexico\/","name":"Fase 2 #COVID-19 \u00bfQu\u00e9 significa para M\u00e9xico? #Qu\u00e9dateEnCasa - Escuela de Ciencias, Artes y Tecnolog\u00eda","isPartOf":{"@id":"https:\/\/blogs.uninter.edu.mx\/ESCAT\/#website"},"primaryImageOfPage":{"@id":"https:\/\/blogs.uninter.edu.mx\/ESCAT\/index.php\/que-significa-la-fase-2-del-coronavirus-covid-19-en-mexico\/#primaryimage"},"image":{"@id":"https:\/\/blogs.uninter.edu.mx\/ESCAT\/index.php\/que-significa-la-fase-2-del-coronavirus-covid-19-en-mexico\/#primaryimage"},"thumbnailUrl":"https:\/\/blogs.uninter.edu.mx\/ESCAT\/wp-content\/uploads\/2020\/03\/feriadosmexico2-4d74747f85561873c0abd428aae78b6e-1200x800.jpg","datePublished":"2020-04-02T00:41:37+00:00","author":{"@id":"https:\/\/blogs.uninter.edu.mx\/ESCAT\/#\/schema\/person\/df7b8f33d62433cb78a2104bda02490d"},"description":"Fase 2: Esta ma\u00f1ana el Gobierno Federal oficializ\u00f3 la transici\u00f3n de M\u00e9xico a la segunda fase de contagio del COVID-19, declarada por la OMS.","breadcrumb":{"@id":"https:\/\/blogs.uninter.edu.mx\/ESCAT\/index.php\/que-significa-la-fase-2-del-coronavirus-covid-19-en-mexico\/#breadcrumb"},"inLanguage":"es","potentialAction":[{"@type":"ReadAction","target":["https:\/\/blogs.uninter.edu.mx\/ESCAT\/index.php\/que-significa-la-fase-2-del-coronavirus-covid-19-en-mexico\/"]}]},{"@type":"ImageObject","inLanguage":"es","@id":"https:\/\/blogs.uninter.edu.mx\/ESCAT\/index.php\/que-significa-la-fase-2-del-coronavirus-covid-19-en-mexico\/#primaryimage","url":"https:\/\/blogs.uninter.edu.mx\/ESCAT\/wp-content\/uploads\/2020\/03\/feriadosmexico2-4d74747f85561873c0abd428aae78b6e-1200x800.jpg","contentUrl":"https:\/\/blogs.uninter.edu.mx\/ESCAT\/wp-content\/uploads\/2020\/03\/feriadosmexico2-4d74747f85561873c0abd428aae78b6e-1200x800.jpg","width":1200,"height":800},{"@type":"BreadcrumbList","@id":"https:\/\/blogs.uninter.edu.mx\/ESCAT\/index.php\/que-significa-la-fase-2-del-coronavirus-covid-19-en-mexico\/#breadcrumb","itemListElement":[{"@type":"ListItem","position":1,"name":"Inicio","item":"https:\/\/blogs.uninter.edu.mx\/ESCAT\/"},{"@type":"ListItem","position":2,"name":"Fase 2 #COVID-19 \u00bfQu\u00e9 significa para M\u00e9xico? #Qu\u00e9dateEnCasa"}]},{"@type":"WebSite","@id":"https:\/\/blogs.uninter.edu.mx\/ESCAT\/#website","url":"https:\/\/blogs.uninter.edu.mx\/ESCAT\/","name":"Escuela de Ciencias, Artes y Tecnolog\u00eda UNINTER","description":"ESCAT","potentialAction":[{"@type":"SearchAction","target":{"@type":"EntryPoint","urlTemplate":"https:\/\/blogs.uninter.edu.mx\/ESCAT\/?s={search_term_string}"},"query-input":{"@type":"PropertyValueSpecification","valueRequired":true,"valueName":"search_term_string"}}],"inLanguage":"es"},{"@type":"Person","@id":"https:\/\/blogs.uninter.edu.mx\/ESCAT\/#\/schema\/person\/df7b8f33d62433cb78a2104bda02490d","name":"EquipoEscat","image":{"@type":"ImageObject","inLanguage":"es","@id":"https:\/\/blogs.uninter.edu.mx\/ESCAT\/#\/schema\/person\/image\/","url":"https:\/\/secure.gravatar.com\/avatar\/d943e53cecc7e9e13c011abf6ec7475809c7d278834bde994b19ecd58034a9ff?s=96&d=mm&r=g","contentUrl":"https:\/\/secure.gravatar.com\/avatar\/d943e53cecc7e9e13c011abf6ec7475809c7d278834bde994b19ecd58034a9ff?s=96&d=mm&r=g","caption":"EquipoEscat"},"url":"https:\/\/blogs.uninter.edu.mx\/ESCAT\/index.php\/author\/equipoescat\/"}]}},"jetpack_publicize_connections":[],"jetpack_featured_media_url":"https:\/\/blogs.uninter.edu.mx\/ESCAT\/wp-content\/uploads\/2020\/03\/feriadosmexico2-4d74747f85561873c0abd428aae78b6e-1200x800.jpg","jetpack_sharing_enabled":true,"_links":{"self":[{"href":"https:\/\/blogs.uninter.edu.mx\/ESCAT\/index.php\/wp-json\/wp\/v2\/posts\/37245","targetHints":{"allow":["GET"]}}],"collection":[{"href":"https:\/\/blogs.uninter.edu.mx\/ESCAT\/index.php\/wp-json\/wp\/v2\/posts"}],"about":[{"href":"https:\/\/blogs.uninter.edu.mx\/ESCAT\/index.php\/wp-json\/wp\/v2\/types\/post"}],"author":[{"embeddable":true,"href":"https:\/\/blogs.uninter.edu.mx\/ESCAT\/index.php\/wp-json\/wp\/v2\/users\/22"}],"replies":[{"embeddable":true,"href":"https:\/\/blogs.uninter.edu.mx\/ESCAT\/index.php\/wp-json\/wp\/v2\/comments?post=37245"}],"version-history":[{"count":7,"href":"https:\/\/blogs.uninter.edu.mx\/ESCAT\/index.php\/wp-json\/wp\/v2\/posts\/37245\/revisions"}],"predecessor-version":[{"id":37509,"href":"https:\/\/blogs.uninter.edu.mx\/ESCAT\/index.php\/wp-json\/wp\/v2\/posts\/37245\/revisions\/37509"}],"wp:featuredmedia":[{"embeddable":true,"href":"https:\/\/blogs.uninter.edu.mx\/ESCAT\/index.php\/wp-json\/wp\/v2\/media\/37292"}],"wp:attachment":[{"href":"https:\/\/blogs.uninter.edu.mx\/ESCAT\/index.php\/wp-json\/wp\/v2\/media?parent=37245"}],"wp:term":[{"taxonomy":"category","embeddable":true,"href":"https:\/\/blogs.uninter.edu.mx\/ESCAT\/index.php\/wp-json\/wp\/v2\/categories?post=37245"},{"taxonomy":"post_tag","embeddable":true,"href":"https:\/\/blogs.uninter.edu.mx\/ESCAT\/index.php\/wp-json\/wp\/v2\/tags?post=37245"}],"curies":[{"name":"wp","href":"https:\/\/api.w.org\/{rel}","templated":true}]}}