{"id":46429,"date":"2021-11-24T20:52:00","date_gmt":"2021-11-25T02:52:00","guid":{"rendered":"https:\/\/blogs.uninter.edu.mx\/ESCAT\/?p=46429"},"modified":"2022-09-20T13:57:27","modified_gmt":"2022-09-20T18:57:27","slug":"moda-5-cosas-que-la-cultura-mexicana-le-ha-regalado-a-la-moda-internacional","status":"publish","type":"post","link":"https:\/\/blogs.uninter.edu.mx\/ESCAT\/index.php\/moda-5-cosas-que-la-cultura-mexicana-le-ha-regalado-a-la-moda-internacional\/","title":{"rendered":"Moda: 5 cosas que la cultura mexicana le ha regalado a la moda internacional #LDM #CulturaMexicana #UNINTER"},"content":{"rendered":"<div class=\"wp-block-image\">\n<figure class=\"aligncenter is-resized\"><a href=\"https:\/\/www.facebook.com\/EscatUninter\"><img loading=\"lazy\" decoding=\"async\" src=\"https:\/\/blogs.uninter.edu.mx\/ESCAT\/wp-content\/uploads\/2021\/08\/ESCAT-1-902x1024-1.png\" alt=\"\" class=\"wp-image-45558\" width=\"146\" height=\"166\" \/><\/a><\/figure>\n<\/div>\n\n\n<p>Moda: A lo largo del tiempo distintos dise\u00f1adores se han inspirado en M\u00e9xico&nbsp;para confeccionar&nbsp;sus creaciones m\u00e1s destacadas&#8230;<\/p>\n\n\n\n<!--more-->\n\n\n<div class=\"wp-block-image\">\n<figure class=\"aligncenter is-resized\"><img loading=\"lazy\" decoding=\"async\" src=\"https:\/\/mxcity.mx\/wp-content\/uploads\/2018\/06\/Captura-de-pantalla-2018-06-11-a-las-21.44.54-768x531.png\" alt=\"mexico\" width=\"564\" height=\"390\" \/><\/figure>\n<\/div>\n\n\n<p>Hablamos de aquellos art\u00edfices que &nbsp;han tomado a nuestro pa\u00eds como musa, y se han esmerado&nbsp;en representarlo sobre una pasarela desde&nbsp;distintas perspectivas, tem\u00e1ticas y conceptos.<\/p>\n\n\n\n<p>Dicho reconocimiento a los que somos es cada vez m\u00e1s com\u00fan, y se explica gracias a diversos fen\u00f3menos. A&nbsp;la profunda gama de&nbsp;colores&nbsp;que las personas usan cotidianamente, a la&nbsp;riqueza textil&nbsp;que existe en las distintas regiones de la Rep\u00fablica y a la impresionante colecci\u00f3n de&nbsp;tradiciones&nbsp;precolombinas que prevalecen en el presente.&nbsp;<\/p>\n\n\n\n<p>Es tanta la riqueza y la originalidad, que personajes tan importantes como:&nbsp;<em>Jean Paul Gultier, Gyvenchy y Dolce &amp; Gabanna<\/em>&nbsp;han ideado colecciones enteras a prop\u00f3sito de M\u00e9xico.<\/p>\n\n\n\n<p>Hay que destacar que estos connotados artistas no s\u00f3lo han tomado elementos nacionales dispersos, si no que han encontrado en el pa\u00eds&nbsp;indumentarias \u00fanicas,&nbsp;sofisticadas&nbsp;t\u00e9cnicas de confecci\u00f3n y hasta prendas aut\u00e9nticas nunca antes usadas.&nbsp;<\/p>\n\n\n\n<p>Dicho lo anterior, aqu\u00ed les presentamos una&nbsp;lista de joyas nacionales&nbsp;que demuestran las aportaciones que nuestro pa\u00eds le ha dado a la moda internacional.&nbsp;<\/p>\n\n\n\n<h4 class=\"wp-block-heading\">Bordados<\/h4>\n\n\n\n<p>Poes\u00edas en la tela\u2026<\/p>\n\n\n<div class=\"wp-block-image\">\n<figure class=\"aligncenter\"><img decoding=\"async\" src=\"https:\/\/mxcity.mx\/wp-content\/uploads\/2018\/06\/Captura-de-pantalla-2018-06-11-a-las-20.51.02.png\" alt=\"mexico \" class=\"wp-image-85148\" \/><\/figure>\n<\/div>\n\n\n<p>Los bordados son&nbsp;una caracter\u00edstica t\u00edpica de la indumentaria tradicional mexicana. Estos suelen contar historias de la vida cotidiana, odas ala fauna, flora de alg\u00fan lugar y referencias a las creencias.<\/p>\n\n\n\n<p>Muchos dise\u00f1adores,&nbsp;tanto mexicanos como internacionales, han tomado estas po\u00e9ticas figuras de hilo para plasmarlas en sus dise\u00f1os. De hecho, en el 2015 hubo un pol\u00e9mico caso donde se acusaba a Isabel Marant por plagiar unos dise\u00f1os de Santa Mar\u00eda Tlahuitoltepec en Oaxaca.<\/p>\n\n\n\n<h4 class=\"wp-block-heading\">Las reminiscencias del pasado prehisp\u00e1nico<\/h4>\n\n\n\n<p>Los dise\u00f1adores hacen odas a nuestra historia\u2026<\/p>\n\n\n<div class=\"wp-block-image\">\n<figure class=\"aligncenter\"><img decoding=\"async\" src=\"https:\/\/mxcity.mx\/wp-content\/uploads\/2018\/06\/Captura-de-pantalla-2018-06-11-a-las-20.59.07.png\" alt=\"moda\" class=\"wp-image-85149\" \/><\/figure>\n<\/div>\n\n\n<p>Las delirantes culturas prehisp\u00e1nicas han sido un tema relevante en el mundo de la moda,&nbsp;y no solo de la mexicana.<\/p>\n\n\n\n<p>&nbsp;A prop\u00f3sito de esto, hace un tiempo el prestigiado dise\u00f1ador Roberto Verino &nbsp;lleno su colecci\u00f3n de colores, materiales y siluetas inspirados en el pueblo azteca.<\/p>\n\n\n\n<p>Un cl\u00e1sico de M\u00e9xico para el mundo\u2026<\/p>\n\n\n<div class=\"wp-block-image\">\n<figure class=\"aligncenter\"><img decoding=\"async\" src=\"https:\/\/mxcity.mx\/wp-content\/uploads\/2018\/06\/Captura-de-pantalla-2018-06-11-a-las-21.38.07.png\" alt=\"Moda\" class=\"wp-image-85150\" \/><\/figure>\n<\/div>\n\n\n<p>Desde los a\u00f1os 60, esta&nbsp;pieza clave de la indumentaria mexicana (usada en el D\u00eda de Muertos y en muchos atuendos de Frida Kahlo)&nbsp;ha protagonizado&nbsp;cuantiosos festivales y eventos de m\u00fasica alrededor del mundo.<\/p>\n\n\n\n<p>Recientemente, &nbsp;<em>Rodarte;<\/em>&nbsp;casa de moda creada por dos mexicanas, adopt\u00f3 esta tendencia en su colecci\u00f3n oto\u00f1o-invierno 2016.<\/p>\n\n\n\n<h4 class=\"wp-block-heading\">Lucha libre<\/h4>\n\n\n\n<p>Los destellos m\u00e1s luminosos de nuestra cultura\u2026<\/p>\n\n\n<div class=\"wp-block-image\">\n<figure class=\"aligncenter\"><img decoding=\"async\" src=\"https:\/\/mxcity.mx\/wp-content\/uploads\/2018\/06\/Captura-de-pantalla-2018-06-11-a-las-21.44.25.png\" alt=\"Moda\" class=\"wp-image-85151\" \/><\/figure>\n<\/div>\n\n\n<p>La lucha libre es un s\u00edmbolo muy importante de la cultura mexicana. Este espect\u00e1culo t\u00edpicamente mexicano &nbsp;ha llamado la atenci\u00f3n del todo el mundo&nbsp;no solo por los movimientos coreografiados, tambi\u00e9n por los estrafalarios atuendos que usan estos artistas del ring.<\/p>\n\n\n\n<p>Es tanta la gloria de este evento, que en 2016&nbsp;el dise\u00f1ador franc\u00e9s Jean Paul Gultier&nbsp;present\u00f3 en el &nbsp;la colecci\u00f3n&nbsp;<em>Viva Mexique;&nbsp;<\/em>una pasarela en la que captur\u00f3&nbsp;lo m\u00e1s esencial del emblem\u00e1tico deporte mexicano.<\/p>\n\n\n\n<h4 class=\"wp-block-heading\">Artesan\u00eda Ind\u00edgena<\/h4>\n\n\n\n<p>Los secretos de la belleza huichola\u2026<\/p>\n\n\n<div class=\"wp-block-image\">\n<figure class=\"aligncenter\"><img decoding=\"async\" src=\"https:\/\/mxcity.mx\/wp-content\/uploads\/2018\/06\/Captura-de-pantalla-2018-06-11-a-las-21.58.42.png\" alt=\"Moda\" class=\"wp-image-85152\" \/><\/figure>\n<\/div>\n\n\n<p>La artesan\u00eda mexicana&nbsp;ha dejado para la industria de la moda un legado impresionante de formas, colores y siluetas.<\/p>\n\n\n\n<p>La belleza de los accesorios creados por los pueblos originarios que hace un tiempo &nbsp;un dise\u00f1ador mexicano logr\u00f3 recorrer el mundo gracias a&nbsp;sus piezas inspiradas en le arte huichol. La colecci\u00f3n se llam\u00f3: &nbsp;<em>Dream de Ricardo Seco<\/em>&nbsp;y lleg\u00f3 las capitales &nbsp;m\u00e1s importantes del planeta como Par\u00eds y Nueva York.<\/p>\n\n\n\n<p>AMULETOS MEXICANOS, LA PROTECCI\u00d3N O SUPERSTICI\u00d3N DE NUESTRO D\u00cdA A D\u00cdA Los amuletos te ayudan a atraer o repeler, a tener fe y a protegerte de la mala vibra que haya en el mundo.<a href=\"https:\/\/www.linkedin.com\/shareArticle?mini=true&amp;url=https:\/\/mxcity.mx\/2021\/10\/amuletos-mexicanos-la-proteccion-o-supersticion-de-nuestro-dia-a-dia\/&amp;title=Amuletos%20mexicanos,%20la%20protecci%C3%B3n%20o%20superstici%C3%B3n%20de%20nuestro%20d%C3%ADa%20a%20d%C3%ADa\" target=\"_blank\" rel=\"noreferrer noopener\"><\/a><\/p>\n\n\n<div class=\"wp-block-image\">\n<figure class=\"aligncenter\"><img decoding=\"async\" src=\"https:\/\/mxcity.mx\/wp-content\/uploads\/2021\/10\/amuletos-mexicanos.jpeg\" alt=\"Moda\" \/><\/figure>\n<\/div>\n\n\n<h6 class=\"wp-block-heading\">Fuente:&nbsp;<a href=\"https:\/\/mxcity.mx\/2018\/06\/las-5-cosas-que-la-cultura-mexicana-le-ha-regalado-a-la-moda-internacional\/\">MXCity<\/a><\/h6>\n\n\n\n<p class=\"has-text-align-right\"><a href=\"https:\/\/universidad.uninter.edu.mx\/carreras\/LDM\">Licenciatura en Dise\u00f1o de Modas y Tendencias Internacionales<\/a><\/p>\n\n\n\n<p class=\"has-text-align-right\"><a href=\"https:\/\/blogs.uninter.edu.mx\/ESCAT\/index.php\/category\/diseno-de-modas-y-tendencias-internacionales\/\">M\u00e1s noticias sobre Dise\u00f1o de Modas y Tendencias Internacionales\u2026<\/a><\/p>\n\n\n\n<figure class=\"wp-block-image\"><a href=\"https:\/\/uninter.edu.mx\/\"><img loading=\"lazy\" decoding=\"async\" width=\"1024\" height=\"154\" src=\"https:\/\/blogs.uninter.edu.mx\/ESCAT\/wp-content\/uploads\/2021\/07\/image-5.png\" alt=\"\" class=\"wp-image-45385\" \/><\/a><\/figure>\n","protected":false},"excerpt":{"rendered":"<p>Moda: A lo largo del tiempo distintos dise\u00f1adores se han inspirado en M\u00e9xico&nbsp;para confeccionar&nbsp;sus creaciones m\u00e1s destacadas&#8230;<\/p>\n","protected":false},"author":26,"featured_media":46475,"comment_status":"open","ping_status":"open","sticky":false,"template":"","format":"standard","meta":{"_jetpack_memberships_contains_paid_content":false,"footnotes":"","jetpack_publicize_message":"","jetpack_publicize_feature_enabled":true,"jetpack_social_post_already_shared":true,"jetpack_social_options":{"image_generator_settings":{"template":"highway","default_image_id":0,"font":"","enabled":false},"version":2}},"categories":[7,10,26],"tags":[2309,201,227,61,32,1837,31,37],"class_list":["post-46429","post","type-post","status-publish","format-standard","has-post-thumbnail","hentry","category-diseno-de-modas-y-tendencias-internacionales","category-disenos","category-noticias","tag-cultura-2","tag-internacionales","tag-moda-2","tag-diseno","tag-escat","tag-mexicana","tag-uninter","tag-universidad-internacional"],"yoast_head":"<!-- This site is optimized with the Yoast SEO plugin v26.8 - https:\/\/yoast.com\/product\/yoast-seo-wordpress\/ -->\r\n<title>Moda: 5 cosas que la cultura mexicana le ha regalado a la moda internacional #LDM<\/title>\r\n<meta name=\"description\" content=\"Moda: A lo largo del tiempo distintos dise\u00f1adores se han inspirado en M\u00e9xico para confeccionar sus creaciones m\u00e1s destacadas...\" \/>\r\n<meta name=\"robots\" content=\"index, follow, max-snippet:-1, max-image-preview:large, max-video-preview:-1\" \/>\r\n<link rel=\"canonical\" href=\"https:\/\/blogs.uninter.edu.mx\/ESCAT\/index.php\/moda-5-cosas-que-la-cultura-mexicana-le-ha-regalado-a-la-moda-internacional\/\" \/>\r\n<meta property=\"og:locale\" content=\"es_MX\" \/>\r\n<meta property=\"og:type\" content=\"article\" \/>\r\n<meta property=\"og:title\" content=\"Moda: 5 cosas que la cultura mexicana le ha regalado a la moda internacional #LDM\" \/>\r\n<meta property=\"og:description\" content=\"Moda: A lo largo del tiempo distintos dise\u00f1adores se han inspirado en M\u00e9xico para confeccionar sus creaciones m\u00e1s destacadas...\" \/>\r\n<meta property=\"og:url\" content=\"https:\/\/blogs.uninter.edu.mx\/ESCAT\/index.php\/moda-5-cosas-que-la-cultura-mexicana-le-ha-regalado-a-la-moda-internacional\/\" \/>\r\n<meta property=\"og:site_name\" content=\"Escuela de Ciencias, Artes y Tecnolog\u00eda\" \/>\r\n<meta property=\"article:publisher\" content=\"https:\/\/www.facebook.com\/EscatUninter\/\" \/>\r\n<meta property=\"article:published_time\" content=\"2021-11-25T02:52:00+00:00\" \/>\r\n<meta property=\"article:modified_time\" content=\"2022-09-20T18:57:27+00:00\" \/>\r\n<meta property=\"og:image\" content=\"https:\/\/blogs.uninter.edu.mx\/ESCAT\/wp-content\/uploads\/2021\/10\/moda.png\" \/>\r\n\t<meta property=\"og:image:width\" content=\"1285\" \/>\r\n\t<meta property=\"og:image:height\" content=\"800\" \/>\r\n\t<meta property=\"og:image:type\" content=\"image\/png\" \/>\r\n<meta name=\"author\" content=\"mrygtk\" \/>\r\n<meta name=\"twitter:card\" content=\"summary_large_image\" \/>\r\n<meta name=\"twitter:image\" content=\"https:\/\/blogs.uninter.edu.mx\/ESCAT\/wp-content\/uploads\/2021\/10\/moda.png\" \/>\r\n<meta name=\"twitter:creator\" content=\"@EscatUninter\" \/>\r\n<meta name=\"twitter:site\" content=\"@EscatUninter\" \/>\r\n<meta name=\"twitter:label1\" content=\"Escrito por\" \/>\n\t<meta name=\"twitter:data1\" content=\"mrygtk\" \/>\n\t<meta name=\"twitter:label2\" content=\"Tiempo de lectura\" \/>\n\t<meta name=\"twitter:data2\" content=\"5 minutos\" \/>\r\n<script type=\"application\/ld+json\" class=\"yoast-schema-graph\">{\"@context\":\"https:\/\/schema.org\",\"@graph\":[{\"@type\":\"Article\",\"@id\":\"https:\/\/blogs.uninter.edu.mx\/ESCAT\/index.php\/moda-5-cosas-que-la-cultura-mexicana-le-ha-regalado-a-la-moda-internacional\/#article\",\"isPartOf\":{\"@id\":\"https:\/\/blogs.uninter.edu.mx\/ESCAT\/index.php\/moda-5-cosas-que-la-cultura-mexicana-le-ha-regalado-a-la-moda-internacional\/\"},\"author\":{\"name\":\"mrygtk\",\"@id\":\"https:\/\/blogs.uninter.edu.mx\/ESCAT\/#\/schema\/person\/762aa3bf4443a87e76fad576f2589d73\"},\"headline\":\"Moda: 5 cosas que la cultura mexicana le ha regalado a la moda internacional #LDM #CulturaMexicana #UNINTER\",\"datePublished\":\"2021-11-25T02:52:00+00:00\",\"dateModified\":\"2022-09-20T18:57:27+00:00\",\"mainEntityOfPage\":{\"@id\":\"https:\/\/blogs.uninter.edu.mx\/ESCAT\/index.php\/moda-5-cosas-que-la-cultura-mexicana-le-ha-regalado-a-la-moda-internacional\/\"},\"wordCount\":728,\"commentCount\":0,\"image\":{\"@id\":\"https:\/\/blogs.uninter.edu.mx\/ESCAT\/index.php\/moda-5-cosas-que-la-cultura-mexicana-le-ha-regalado-a-la-moda-internacional\/#primaryimage\"},\"thumbnailUrl\":\"https:\/\/blogs.uninter.edu.mx\/ESCAT\/wp-content\/uploads\/2021\/10\/moda.png\",\"keywords\":[\"#Cultura\",\"#Internacionales\",\"#Moda\",\"Dise\u00f1o\",\"ESCAT\",\"Mexicana\",\"Uninter\",\"Universidad Internacional\"],\"articleSection\":[\"Dise\u00f1o de Modas y Tendencias Internacionales\",\"Dise\u00f1os\",\"Noticias\"],\"inLanguage\":\"es\",\"potentialAction\":[{\"@type\":\"CommentAction\",\"name\":\"Comment\",\"target\":[\"https:\/\/blogs.uninter.edu.mx\/ESCAT\/index.php\/moda-5-cosas-que-la-cultura-mexicana-le-ha-regalado-a-la-moda-internacional\/#respond\"]}]},{\"@type\":\"WebPage\",\"@id\":\"https:\/\/blogs.uninter.edu.mx\/ESCAT\/index.php\/moda-5-cosas-que-la-cultura-mexicana-le-ha-regalado-a-la-moda-internacional\/\",\"url\":\"https:\/\/blogs.uninter.edu.mx\/ESCAT\/index.php\/moda-5-cosas-que-la-cultura-mexicana-le-ha-regalado-a-la-moda-internacional\/\",\"name\":\"Moda: 5 cosas que la cultura mexicana le ha regalado a la moda internacional #LDM\",\"isPartOf\":{\"@id\":\"https:\/\/blogs.uninter.edu.mx\/ESCAT\/#website\"},\"primaryImageOfPage\":{\"@id\":\"https:\/\/blogs.uninter.edu.mx\/ESCAT\/index.php\/moda-5-cosas-que-la-cultura-mexicana-le-ha-regalado-a-la-moda-internacional\/#primaryimage\"},\"image\":{\"@id\":\"https:\/\/blogs.uninter.edu.mx\/ESCAT\/index.php\/moda-5-cosas-que-la-cultura-mexicana-le-ha-regalado-a-la-moda-internacional\/#primaryimage\"},\"thumbnailUrl\":\"https:\/\/blogs.uninter.edu.mx\/ESCAT\/wp-content\/uploads\/2021\/10\/moda.png\",\"datePublished\":\"2021-11-25T02:52:00+00:00\",\"dateModified\":\"2022-09-20T18:57:27+00:00\",\"author\":{\"@id\":\"https:\/\/blogs.uninter.edu.mx\/ESCAT\/#\/schema\/person\/762aa3bf4443a87e76fad576f2589d73\"},\"description\":\"Moda: A lo largo del tiempo distintos dise\u00f1adores se han inspirado en M\u00e9xico para confeccionar sus creaciones m\u00e1s destacadas...\",\"breadcrumb\":{\"@id\":\"https:\/\/blogs.uninter.edu.mx\/ESCAT\/index.php\/moda-5-cosas-que-la-cultura-mexicana-le-ha-regalado-a-la-moda-internacional\/#breadcrumb\"},\"inLanguage\":\"es\",\"potentialAction\":[{\"@type\":\"ReadAction\",\"target\":[\"https:\/\/blogs.uninter.edu.mx\/ESCAT\/index.php\/moda-5-cosas-que-la-cultura-mexicana-le-ha-regalado-a-la-moda-internacional\/\"]}]},{\"@type\":\"ImageObject\",\"inLanguage\":\"es\",\"@id\":\"https:\/\/blogs.uninter.edu.mx\/ESCAT\/index.php\/moda-5-cosas-que-la-cultura-mexicana-le-ha-regalado-a-la-moda-internacional\/#primaryimage\",\"url\":\"https:\/\/blogs.uninter.edu.mx\/ESCAT\/wp-content\/uploads\/2021\/10\/moda.png\",\"contentUrl\":\"https:\/\/blogs.uninter.edu.mx\/ESCAT\/wp-content\/uploads\/2021\/10\/moda.png\",\"width\":1285,\"height\":800},{\"@type\":\"BreadcrumbList\",\"@id\":\"https:\/\/blogs.uninter.edu.mx\/ESCAT\/index.php\/moda-5-cosas-que-la-cultura-mexicana-le-ha-regalado-a-la-moda-internacional\/#breadcrumb\",\"itemListElement\":[{\"@type\":\"ListItem\",\"position\":1,\"name\":\"Inicio\",\"item\":\"https:\/\/blogs.uninter.edu.mx\/ESCAT\/\"},{\"@type\":\"ListItem\",\"position\":2,\"name\":\"Moda: 5 cosas que la cultura mexicana le ha regalado a la moda internacional #LDM #CulturaMexicana #UNINTER\"}]},{\"@type\":\"WebSite\",\"@id\":\"https:\/\/blogs.uninter.edu.mx\/ESCAT\/#website\",\"url\":\"https:\/\/blogs.uninter.edu.mx\/ESCAT\/\",\"name\":\"Escuela de Ciencias, Artes y Tecnolog\u00eda UNINTER\",\"description\":\"ESCAT\",\"potentialAction\":[{\"@type\":\"SearchAction\",\"target\":{\"@type\":\"EntryPoint\",\"urlTemplate\":\"https:\/\/blogs.uninter.edu.mx\/ESCAT\/?s={search_term_string}\"},\"query-input\":{\"@type\":\"PropertyValueSpecification\",\"valueRequired\":true,\"valueName\":\"search_term_string\"}}],\"inLanguage\":\"es\"},{\"@type\":\"Person\",\"@id\":\"https:\/\/blogs.uninter.edu.mx\/ESCAT\/#\/schema\/person\/762aa3bf4443a87e76fad576f2589d73\",\"name\":\"mrygtk\",\"image\":{\"@type\":\"ImageObject\",\"inLanguage\":\"es\",\"@id\":\"https:\/\/blogs.uninter.edu.mx\/ESCAT\/#\/schema\/person\/image\/\",\"url\":\"https:\/\/secure.gravatar.com\/avatar\/118cb46ed342cb4558fa617341472710ca4139efcf8ce95b1609a63cc8281149?s=96&d=mm&r=g\",\"contentUrl\":\"https:\/\/secure.gravatar.com\/avatar\/118cb46ed342cb4558fa617341472710ca4139efcf8ce95b1609a63cc8281149?s=96&d=mm&r=g\",\"caption\":\"mrygtk\"},\"url\":\"https:\/\/blogs.uninter.edu.mx\/ESCAT\/index.php\/author\/mrygtk\/\"}]}<\/script>\r\n<!-- \/ Yoast SEO plugin. -->","yoast_head_json":{"title":"Moda: 5 cosas que la cultura mexicana le ha regalado a la moda internacional #LDM","description":"Moda: A lo largo del tiempo distintos dise\u00f1adores se han inspirado en M\u00e9xico para confeccionar sus creaciones m\u00e1s destacadas...","robots":{"index":"index","follow":"follow","max-snippet":"max-snippet:-1","max-image-preview":"max-image-preview:large","max-video-preview":"max-video-preview:-1"},"canonical":"https:\/\/blogs.uninter.edu.mx\/ESCAT\/index.php\/moda-5-cosas-que-la-cultura-mexicana-le-ha-regalado-a-la-moda-internacional\/","og_locale":"es_MX","og_type":"article","og_title":"Moda: 5 cosas que la cultura mexicana le ha regalado a la moda internacional #LDM","og_description":"Moda: A lo largo del tiempo distintos dise\u00f1adores se han inspirado en M\u00e9xico para confeccionar sus creaciones m\u00e1s destacadas...","og_url":"https:\/\/blogs.uninter.edu.mx\/ESCAT\/index.php\/moda-5-cosas-que-la-cultura-mexicana-le-ha-regalado-a-la-moda-internacional\/","og_site_name":"Escuela de Ciencias, Artes y Tecnolog\u00eda","article_publisher":"https:\/\/www.facebook.com\/EscatUninter\/","article_published_time":"2021-11-25T02:52:00+00:00","article_modified_time":"2022-09-20T18:57:27+00:00","og_image":[{"width":1285,"height":800,"url":"https:\/\/blogs.uninter.edu.mx\/ESCAT\/wp-content\/uploads\/2021\/10\/moda.png","type":"image\/png"}],"author":"mrygtk","twitter_card":"summary_large_image","twitter_image":"https:\/\/blogs.uninter.edu.mx\/ESCAT\/wp-content\/uploads\/2021\/10\/moda.png","twitter_creator":"@EscatUninter","twitter_site":"@EscatUninter","twitter_misc":{"Escrito por":"mrygtk","Tiempo de lectura":"5 minutos"},"schema":{"@context":"https:\/\/schema.org","@graph":[{"@type":"Article","@id":"https:\/\/blogs.uninter.edu.mx\/ESCAT\/index.php\/moda-5-cosas-que-la-cultura-mexicana-le-ha-regalado-a-la-moda-internacional\/#article","isPartOf":{"@id":"https:\/\/blogs.uninter.edu.mx\/ESCAT\/index.php\/moda-5-cosas-que-la-cultura-mexicana-le-ha-regalado-a-la-moda-internacional\/"},"author":{"name":"mrygtk","@id":"https:\/\/blogs.uninter.edu.mx\/ESCAT\/#\/schema\/person\/762aa3bf4443a87e76fad576f2589d73"},"headline":"Moda: 5 cosas que la cultura mexicana le ha regalado a la moda internacional #LDM #CulturaMexicana #UNINTER","datePublished":"2021-11-25T02:52:00+00:00","dateModified":"2022-09-20T18:57:27+00:00","mainEntityOfPage":{"@id":"https:\/\/blogs.uninter.edu.mx\/ESCAT\/index.php\/moda-5-cosas-que-la-cultura-mexicana-le-ha-regalado-a-la-moda-internacional\/"},"wordCount":728,"commentCount":0,"image":{"@id":"https:\/\/blogs.uninter.edu.mx\/ESCAT\/index.php\/moda-5-cosas-que-la-cultura-mexicana-le-ha-regalado-a-la-moda-internacional\/#primaryimage"},"thumbnailUrl":"https:\/\/blogs.uninter.edu.mx\/ESCAT\/wp-content\/uploads\/2021\/10\/moda.png","keywords":["#Cultura","#Internacionales","#Moda","Dise\u00f1o","ESCAT","Mexicana","Uninter","Universidad Internacional"],"articleSection":["Dise\u00f1o de Modas y Tendencias Internacionales","Dise\u00f1os","Noticias"],"inLanguage":"es","potentialAction":[{"@type":"CommentAction","name":"Comment","target":["https:\/\/blogs.uninter.edu.mx\/ESCAT\/index.php\/moda-5-cosas-que-la-cultura-mexicana-le-ha-regalado-a-la-moda-internacional\/#respond"]}]},{"@type":"WebPage","@id":"https:\/\/blogs.uninter.edu.mx\/ESCAT\/index.php\/moda-5-cosas-que-la-cultura-mexicana-le-ha-regalado-a-la-moda-internacional\/","url":"https:\/\/blogs.uninter.edu.mx\/ESCAT\/index.php\/moda-5-cosas-que-la-cultura-mexicana-le-ha-regalado-a-la-moda-internacional\/","name":"Moda: 5 cosas que la cultura mexicana le ha regalado a la moda internacional #LDM","isPartOf":{"@id":"https:\/\/blogs.uninter.edu.mx\/ESCAT\/#website"},"primaryImageOfPage":{"@id":"https:\/\/blogs.uninter.edu.mx\/ESCAT\/index.php\/moda-5-cosas-que-la-cultura-mexicana-le-ha-regalado-a-la-moda-internacional\/#primaryimage"},"image":{"@id":"https:\/\/blogs.uninter.edu.mx\/ESCAT\/index.php\/moda-5-cosas-que-la-cultura-mexicana-le-ha-regalado-a-la-moda-internacional\/#primaryimage"},"thumbnailUrl":"https:\/\/blogs.uninter.edu.mx\/ESCAT\/wp-content\/uploads\/2021\/10\/moda.png","datePublished":"2021-11-25T02:52:00+00:00","dateModified":"2022-09-20T18:57:27+00:00","author":{"@id":"https:\/\/blogs.uninter.edu.mx\/ESCAT\/#\/schema\/person\/762aa3bf4443a87e76fad576f2589d73"},"description":"Moda: A lo largo del tiempo distintos dise\u00f1adores se han inspirado en M\u00e9xico para confeccionar sus creaciones m\u00e1s destacadas...","breadcrumb":{"@id":"https:\/\/blogs.uninter.edu.mx\/ESCAT\/index.php\/moda-5-cosas-que-la-cultura-mexicana-le-ha-regalado-a-la-moda-internacional\/#breadcrumb"},"inLanguage":"es","potentialAction":[{"@type":"ReadAction","target":["https:\/\/blogs.uninter.edu.mx\/ESCAT\/index.php\/moda-5-cosas-que-la-cultura-mexicana-le-ha-regalado-a-la-moda-internacional\/"]}]},{"@type":"ImageObject","inLanguage":"es","@id":"https:\/\/blogs.uninter.edu.mx\/ESCAT\/index.php\/moda-5-cosas-que-la-cultura-mexicana-le-ha-regalado-a-la-moda-internacional\/#primaryimage","url":"https:\/\/blogs.uninter.edu.mx\/ESCAT\/wp-content\/uploads\/2021\/10\/moda.png","contentUrl":"https:\/\/blogs.uninter.edu.mx\/ESCAT\/wp-content\/uploads\/2021\/10\/moda.png","width":1285,"height":800},{"@type":"BreadcrumbList","@id":"https:\/\/blogs.uninter.edu.mx\/ESCAT\/index.php\/moda-5-cosas-que-la-cultura-mexicana-le-ha-regalado-a-la-moda-internacional\/#breadcrumb","itemListElement":[{"@type":"ListItem","position":1,"name":"Inicio","item":"https:\/\/blogs.uninter.edu.mx\/ESCAT\/"},{"@type":"ListItem","position":2,"name":"Moda: 5 cosas que la cultura mexicana le ha regalado a la moda internacional #LDM #CulturaMexicana #UNINTER"}]},{"@type":"WebSite","@id":"https:\/\/blogs.uninter.edu.mx\/ESCAT\/#website","url":"https:\/\/blogs.uninter.edu.mx\/ESCAT\/","name":"Escuela de Ciencias, Artes y Tecnolog\u00eda UNINTER","description":"ESCAT","potentialAction":[{"@type":"SearchAction","target":{"@type":"EntryPoint","urlTemplate":"https:\/\/blogs.uninter.edu.mx\/ESCAT\/?s={search_term_string}"},"query-input":{"@type":"PropertyValueSpecification","valueRequired":true,"valueName":"search_term_string"}}],"inLanguage":"es"},{"@type":"Person","@id":"https:\/\/blogs.uninter.edu.mx\/ESCAT\/#\/schema\/person\/762aa3bf4443a87e76fad576f2589d73","name":"mrygtk","image":{"@type":"ImageObject","inLanguage":"es","@id":"https:\/\/blogs.uninter.edu.mx\/ESCAT\/#\/schema\/person\/image\/","url":"https:\/\/secure.gravatar.com\/avatar\/118cb46ed342cb4558fa617341472710ca4139efcf8ce95b1609a63cc8281149?s=96&d=mm&r=g","contentUrl":"https:\/\/secure.gravatar.com\/avatar\/118cb46ed342cb4558fa617341472710ca4139efcf8ce95b1609a63cc8281149?s=96&d=mm&r=g","caption":"mrygtk"},"url":"https:\/\/blogs.uninter.edu.mx\/ESCAT\/index.php\/author\/mrygtk\/"}]}},"jetpack_publicize_connections":[],"jetpack_featured_media_url":"https:\/\/blogs.uninter.edu.mx\/ESCAT\/wp-content\/uploads\/2021\/10\/moda.png","jetpack_sharing_enabled":true,"_links":{"self":[{"href":"https:\/\/blogs.uninter.edu.mx\/ESCAT\/index.php\/wp-json\/wp\/v2\/posts\/46429","targetHints":{"allow":["GET"]}}],"collection":[{"href":"https:\/\/blogs.uninter.edu.mx\/ESCAT\/index.php\/wp-json\/wp\/v2\/posts"}],"about":[{"href":"https:\/\/blogs.uninter.edu.mx\/ESCAT\/index.php\/wp-json\/wp\/v2\/types\/post"}],"author":[{"embeddable":true,"href":"https:\/\/blogs.uninter.edu.mx\/ESCAT\/index.php\/wp-json\/wp\/v2\/users\/26"}],"replies":[{"embeddable":true,"href":"https:\/\/blogs.uninter.edu.mx\/ESCAT\/index.php\/wp-json\/wp\/v2\/comments?post=46429"}],"version-history":[{"count":11,"href":"https:\/\/blogs.uninter.edu.mx\/ESCAT\/index.php\/wp-json\/wp\/v2\/posts\/46429\/revisions"}],"predecessor-version":[{"id":53893,"href":"https:\/\/blogs.uninter.edu.mx\/ESCAT\/index.php\/wp-json\/wp\/v2\/posts\/46429\/revisions\/53893"}],"wp:featuredmedia":[{"embeddable":true,"href":"https:\/\/blogs.uninter.edu.mx\/ESCAT\/index.php\/wp-json\/wp\/v2\/media\/46475"}],"wp:attachment":[{"href":"https:\/\/blogs.uninter.edu.mx\/ESCAT\/index.php\/wp-json\/wp\/v2\/media?parent=46429"}],"wp:term":[{"taxonomy":"category","embeddable":true,"href":"https:\/\/blogs.uninter.edu.mx\/ESCAT\/index.php\/wp-json\/wp\/v2\/categories?post=46429"},{"taxonomy":"post_tag","embeddable":true,"href":"https:\/\/blogs.uninter.edu.mx\/ESCAT\/index.php\/wp-json\/wp\/v2\/tags?post=46429"}],"curies":[{"name":"wp","href":"https:\/\/api.w.org\/{rel}","templated":true}]}}