{"id":47086,"date":"2021-12-23T20:41:00","date_gmt":"2021-12-24T02:41:00","guid":{"rendered":"https:\/\/blogs.uninter.edu.mx\/ESCAT\/?p=47086"},"modified":"2022-09-20T13:51:44","modified_gmt":"2022-09-20T18:51:44","slug":"por-que-la-vestimenta-para-navidad-se-asocia-con-el-color-rojo","status":"publish","type":"post","link":"https:\/\/blogs.uninter.edu.mx\/ESCAT\/index.php\/por-que-la-vestimenta-para-navidad-se-asocia-con-el-color-rojo\/","title":{"rendered":"\u00bfPor qu\u00e9 la vestimenta para Navidad se asocia con el color rojo? #LDM #Color  #UNINTER"},"content":{"rendered":"<div class=\"wp-block-image\">\n<figure class=\"aligncenter is-resized\"><a href=\"https:\/\/www.facebook.com\/EscatUninter\"><img loading=\"lazy\" decoding=\"async\" src=\"https:\/\/blogs.uninter.edu.mx\/ESCAT\/wp-content\/uploads\/2021\/08\/ESCAT-1-902x1024-1.png\" alt=\"El cintur\u00f3n\" class=\"wp-image-45558\" width=\"142\" height=\"161\" \/><\/a><\/figure>\n<\/div>\n\n\n<p>Se acerca la&nbsp;Navidad&nbsp;y todo se ti\u00f1e de rojo, ciudades, decoraciones y vestuario. Por qu\u00e9 este color se volvi\u00f3 un s\u00edmbolo de esta \u00e9poca del a\u00f1o&#8230;<\/p>\n\n\n\n<!--more-->\n\n\n\n<hr class=\"wp-block-separator has-css-opacity\" \/>\n\n\n<div class=\"wp-block-image\">\n<figure class=\"aligncenter\"><img decoding=\"async\" src=\"https:\/\/cloudfront-us-east-1.images.arcpublishing.com\/radiomitre\/2XSQPA6BIBBR5ID3YKOGKYWRTE.jpg\" alt=\"Por qu\u00e9 la vestimenta para Navidad se asocia con el color rojo\" title=\"Por qu\u00e9 la vestimenta para Navidad se asocia con el color rojo\" \/><\/figure>\n<\/div>\n\n\n<p>Estamos a tan solo un d\u00eda de&nbsp;Navidad&nbsp;y empezamos a pensar qu\u00e9 ropa vestir para el tradicional festejo. Seg\u00fan las costumbres el rojo es el color ideal para vestir en esta \u00e9poca del a\u00f1o, ya que se trata de un tono representativo, asociado principalmente a el esp\u00edritu Navide\u00f1o.<\/p>\n\n\n\n<p>El valor simb\u00f3lico del color, trasciende la est\u00e9tica superficial, ya que para estas fechas lo llevan millones de personas en sus ropas, sin importar sus costumbres o religi\u00f3n, y dem\u00e1s marca una tendencia natural en la moda para las fiestas.<\/p>\n\n\n\n<p class=\"has-text-align-center\">El origen de este color viene de la mano de la religi\u00f3n, espec\u00edficamente de la religi\u00f3n cristiana que lo relaciona con la sangre de Jesucristo, cuyo nacimiento se celebra el 25 de diciembre, el d\u00eda de la&nbsp;Navidad.<\/p>\n\n\n\n<p class=\"has-text-align-center\"><img decoding=\"async\" src=\"https:\/\/cloudfront-us-east-1.images.arcpublishing.com\/radiomitre\/ASZAOE4F3BECJKSYTPKD4IW5LE.jpg\" alt=\"Por qu\u00e9 la vestimenta para Navidad se asocia con el color rojo\"><\/p>\n\n\n\n<p class=\"has-text-align-center\">Adem\u00e1s de su asociaci\u00f3n religiosa, el rojo, se populariz\u00f3 gracias a la difusi\u00f3n medi\u00e1tica de una empresa, en la d\u00e9cada de 1920. Hablamos de&nbsp;Coca-Cola, que impuls\u00f3 una serie de estrategias publicitarias -consideradas las m\u00e1s poderosa del siglo- done caracteriz\u00f3 a Pap\u00e1 Noel con un traje rojo y blanco, relacion\u00e1ndolo a la imagen de su logo.<\/p>\n\n\n\n<p class=\"has-text-align-center\"><img decoding=\"async\" src=\"https:\/\/cloudfront-us-east-1.images.arcpublishing.com\/radiomitre\/UTBPPYQM3VFWJG4FWQEXYENPDM.jpg\" alt=\"Por qu\u00e9 la vestimenta para Navidad se asocia con el color rojo\"><\/p>\n\n\n\n<p>Desde aquel entonces los envases de las gaseosas de Coca-Cola quedaron eternamente asociadas a la&nbsp;Navidad, alcanzando popularidad global, m\u00e1s all\u00e1 de las tradiciones locales. Este color tambi\u00e9n es relacionado a la energ\u00eda vital, el amor y el coraz\u00f3n.<img decoding=\"async\" src=\"https:\/\/cloudfront-us-east-1.images.arcpublishing.com\/radiomitre\/JDPTULEZ3RD5RGBW3HDEJZG3JY.jpg\" alt=\"Por qu\u00e9 la vestimenta para Navidad se asocia con el color rojo\"><\/p>\n\n\n\n<h4 class=\"wp-block-heading\">Por qu\u00e9 la vestimenta para Navidad se asocia con el color rojo<\/h4>\n\n\n\n<p>Todo nos indica que el rojo es el color perfecto para lucir en la Nochebuena, y que apostar por \u00e9l, siempre ser\u00e1 una buena elecci\u00f3n. As\u00ed lo demuestran las principales celebridades e influencers, que al rededor del mundo, lucen los m\u00e1s variados y costosos dise\u00f1os con el color del amor.<\/p>\n\n\n\n<h6 class=\"wp-block-heading\">Fuente: <a href=\"https:\/\/la100.cienradios.com\/por-que-la-vestimenta-para-navidad-se-asocia-con-el-color-rojo\/\">100Radios<\/a><\/h6>\n\n\n\n<p class=\"has-text-align-right\"><a href=\"https:\/\/universidad.uninter.edu.mx\/carreras\/LDM\">Licenciatura en Dise\u00f1o de Modas y Tendencias Internacionales<\/a><\/p>\n\n\n\n<p class=\"has-text-align-right\"><a href=\"https:\/\/blogs.uninter.edu.mx\/ESCAT\/index.php\/category\/diseno-de-modas-y-tendencias-internacionales\/\">M\u00e1s noticias sobre Dise\u00f1o de Modas y Tendencias Internacionales\u2026<\/a><\/p>\n\n\n\n<figure class=\"wp-block-image\"><a href=\"https:\/\/uninter.edu.mx\/\"><img loading=\"lazy\" decoding=\"async\" width=\"1024\" height=\"154\" src=\"https:\/\/blogs.uninter.edu.mx\/ESCAT\/wp-content\/uploads\/2021\/07\/image-5.png\" alt=\"El cintur\u00f3n\" class=\"wp-image-45385\" \/><\/a><\/figure>\n","protected":false},"excerpt":{"rendered":"<p>Se acerca la&nbsp;Navidad&nbsp;y todo se ti\u00f1e de rojo, ciudades, decoraciones y vestuario. Por qu\u00e9 este color se volvi\u00f3 un s\u00edmbolo de esta \u00e9poca del a\u00f1o&#8230;<\/p>\n","protected":false},"author":26,"featured_media":47094,"comment_status":"open","ping_status":"open","sticky":false,"template":"","format":"standard","meta":{"_jetpack_memberships_contains_paid_content":false,"footnotes":"","jetpack_publicize_message":"","jetpack_publicize_feature_enabled":true,"jetpack_social_post_already_shared":true,"jetpack_social_options":{"image_generator_settings":{"template":"highway","default_image_id":0,"font":"","enabled":false},"version":2}},"categories":[7,10,26],"tags":[740,32,124,1213,878,583,31,37],"class_list":["post-47086","post","type-post","status-publish","format-standard","has-post-thumbnail","hentry","category-diseno-de-modas-y-tendencias-internacionales","category-disenos","category-noticias","tag-color","tag-escat","tag-moda","tag-navidad","tag-ropa-2","tag-tendencia-2","tag-uninter","tag-universidad-internacional"],"yoast_head":"<!-- This site is optimized with the Yoast SEO plugin v26.8 - https:\/\/yoast.com\/product\/yoast-seo-wordpress\/ -->\r\n<title>\u00bfPor qu\u00e9 la vestimenta para Navidad se asocia con el color rojo? #LDM #Color<\/title>\r\n<meta name=\"description\" content=\"Se acerca la Navidad y todo se ti\u00f1e de rojo, ciudades, decoraciones y vestuario. Por qu\u00e9 este color se volvi\u00f3 un s\u00edmbolo...\" \/>\r\n<meta name=\"robots\" content=\"index, follow, max-snippet:-1, max-image-preview:large, max-video-preview:-1\" \/>\r\n<link rel=\"canonical\" href=\"https:\/\/blogs.uninter.edu.mx\/ESCAT\/index.php\/por-que-la-vestimenta-para-navidad-se-asocia-con-el-color-rojo\/\" \/>\r\n<meta property=\"og:locale\" content=\"es_MX\" \/>\r\n<meta property=\"og:type\" content=\"article\" \/>\r\n<meta property=\"og:title\" content=\"\u00bfPor qu\u00e9 la vestimenta para Navidad se asocia con el color rojo? #LDM #Color\" \/>\r\n<meta property=\"og:description\" content=\"Se acerca la Navidad y todo se ti\u00f1e de rojo, ciudades, decoraciones y vestuario. Por qu\u00e9 este color se volvi\u00f3 un s\u00edmbolo...\" \/>\r\n<meta property=\"og:url\" content=\"https:\/\/blogs.uninter.edu.mx\/ESCAT\/index.php\/por-que-la-vestimenta-para-navidad-se-asocia-con-el-color-rojo\/\" \/>\r\n<meta property=\"og:site_name\" content=\"Escuela de Ciencias, Artes y Tecnolog\u00eda\" \/>\r\n<meta property=\"article:publisher\" content=\"https:\/\/www.facebook.com\/EscatUninter\/\" \/>\r\n<meta property=\"article:published_time\" content=\"2021-12-24T02:41:00+00:00\" \/>\r\n<meta property=\"article:modified_time\" content=\"2022-09-20T18:51:44+00:00\" \/>\r\n<meta property=\"og:image\" content=\"https:\/\/blogs.uninter.edu.mx\/ESCAT\/wp-content\/uploads\/2021\/12\/\u00bfQue-dice-el-color-de-tu-ropa-sobre-ti-1280x720-1.jpeg\" \/>\r\n\t<meta property=\"og:image:width\" content=\"1422\" \/>\r\n\t<meta property=\"og:image:height\" content=\"800\" \/>\r\n\t<meta property=\"og:image:type\" content=\"image\/jpeg\" \/>\r\n<meta name=\"author\" content=\"mrygtk\" \/>\r\n<meta name=\"twitter:card\" content=\"summary_large_image\" \/>\r\n<meta name=\"twitter:image\" content=\"https:\/\/blogs.uninter.edu.mx\/ESCAT\/wp-content\/uploads\/2021\/12\/\u00bfQue-dice-el-color-de-tu-ropa-sobre-ti-1280x720-1.jpeg\" \/>\r\n<meta name=\"twitter:creator\" content=\"@EscatUninter\" \/>\r\n<meta name=\"twitter:site\" content=\"@EscatUninter\" \/>\r\n<meta name=\"twitter:label1\" content=\"Escrito por\" \/>\n\t<meta name=\"twitter:data1\" content=\"mrygtk\" \/>\n\t<meta name=\"twitter:label2\" content=\"Tiempo de lectura\" \/>\n\t<meta name=\"twitter:data2\" content=\"3 minutos\" \/>\r\n<script type=\"application\/ld+json\" class=\"yoast-schema-graph\">{\"@context\":\"https:\/\/schema.org\",\"@graph\":[{\"@type\":\"Article\",\"@id\":\"https:\/\/blogs.uninter.edu.mx\/ESCAT\/index.php\/por-que-la-vestimenta-para-navidad-se-asocia-con-el-color-rojo\/#article\",\"isPartOf\":{\"@id\":\"https:\/\/blogs.uninter.edu.mx\/ESCAT\/index.php\/por-que-la-vestimenta-para-navidad-se-asocia-con-el-color-rojo\/\"},\"author\":{\"name\":\"mrygtk\",\"@id\":\"https:\/\/blogs.uninter.edu.mx\/ESCAT\/#\/schema\/person\/762aa3bf4443a87e76fad576f2589d73\"},\"headline\":\"\u00bfPor qu\u00e9 la vestimenta para Navidad se asocia con el color rojo? #LDM #Color #UNINTER\",\"datePublished\":\"2021-12-24T02:41:00+00:00\",\"dateModified\":\"2022-09-20T18:51:44+00:00\",\"mainEntityOfPage\":{\"@id\":\"https:\/\/blogs.uninter.edu.mx\/ESCAT\/index.php\/por-que-la-vestimenta-para-navidad-se-asocia-con-el-color-rojo\/\"},\"wordCount\":383,\"commentCount\":0,\"image\":{\"@id\":\"https:\/\/blogs.uninter.edu.mx\/ESCAT\/index.php\/por-que-la-vestimenta-para-navidad-se-asocia-con-el-color-rojo\/#primaryimage\"},\"thumbnailUrl\":\"https:\/\/blogs.uninter.edu.mx\/ESCAT\/wp-content\/uploads\/2021\/12\/\u00bfQue-dice-el-color-de-tu-ropa-sobre-ti-1280x720-1.jpeg\",\"keywords\":[\"color\",\"ESCAT\",\"moda\",\"navidad\",\"ropa\",\"tendencia\",\"Uninter\",\"Universidad Internacional\"],\"articleSection\":[\"Dise\u00f1o de Modas y Tendencias Internacionales\",\"Dise\u00f1os\",\"Noticias\"],\"inLanguage\":\"es\",\"potentialAction\":[{\"@type\":\"CommentAction\",\"name\":\"Comment\",\"target\":[\"https:\/\/blogs.uninter.edu.mx\/ESCAT\/index.php\/por-que-la-vestimenta-para-navidad-se-asocia-con-el-color-rojo\/#respond\"]}]},{\"@type\":\"WebPage\",\"@id\":\"https:\/\/blogs.uninter.edu.mx\/ESCAT\/index.php\/por-que-la-vestimenta-para-navidad-se-asocia-con-el-color-rojo\/\",\"url\":\"https:\/\/blogs.uninter.edu.mx\/ESCAT\/index.php\/por-que-la-vestimenta-para-navidad-se-asocia-con-el-color-rojo\/\",\"name\":\"\u00bfPor qu\u00e9 la vestimenta para Navidad se asocia con el color rojo? #LDM #Color\",\"isPartOf\":{\"@id\":\"https:\/\/blogs.uninter.edu.mx\/ESCAT\/#website\"},\"primaryImageOfPage\":{\"@id\":\"https:\/\/blogs.uninter.edu.mx\/ESCAT\/index.php\/por-que-la-vestimenta-para-navidad-se-asocia-con-el-color-rojo\/#primaryimage\"},\"image\":{\"@id\":\"https:\/\/blogs.uninter.edu.mx\/ESCAT\/index.php\/por-que-la-vestimenta-para-navidad-se-asocia-con-el-color-rojo\/#primaryimage\"},\"thumbnailUrl\":\"https:\/\/blogs.uninter.edu.mx\/ESCAT\/wp-content\/uploads\/2021\/12\/\u00bfQue-dice-el-color-de-tu-ropa-sobre-ti-1280x720-1.jpeg\",\"datePublished\":\"2021-12-24T02:41:00+00:00\",\"dateModified\":\"2022-09-20T18:51:44+00:00\",\"author\":{\"@id\":\"https:\/\/blogs.uninter.edu.mx\/ESCAT\/#\/schema\/person\/762aa3bf4443a87e76fad576f2589d73\"},\"description\":\"Se acerca la Navidad y todo se ti\u00f1e de rojo, ciudades, decoraciones y vestuario. Por qu\u00e9 este color se volvi\u00f3 un s\u00edmbolo...\",\"breadcrumb\":{\"@id\":\"https:\/\/blogs.uninter.edu.mx\/ESCAT\/index.php\/por-que-la-vestimenta-para-navidad-se-asocia-con-el-color-rojo\/#breadcrumb\"},\"inLanguage\":\"es\",\"potentialAction\":[{\"@type\":\"ReadAction\",\"target\":[\"https:\/\/blogs.uninter.edu.mx\/ESCAT\/index.php\/por-que-la-vestimenta-para-navidad-se-asocia-con-el-color-rojo\/\"]}]},{\"@type\":\"ImageObject\",\"inLanguage\":\"es\",\"@id\":\"https:\/\/blogs.uninter.edu.mx\/ESCAT\/index.php\/por-que-la-vestimenta-para-navidad-se-asocia-con-el-color-rojo\/#primaryimage\",\"url\":\"https:\/\/blogs.uninter.edu.mx\/ESCAT\/wp-content\/uploads\/2021\/12\/\u00bfQue-dice-el-color-de-tu-ropa-sobre-ti-1280x720-1.jpeg\",\"contentUrl\":\"https:\/\/blogs.uninter.edu.mx\/ESCAT\/wp-content\/uploads\/2021\/12\/\u00bfQue-dice-el-color-de-tu-ropa-sobre-ti-1280x720-1.jpeg\",\"width\":1422,\"height\":800},{\"@type\":\"BreadcrumbList\",\"@id\":\"https:\/\/blogs.uninter.edu.mx\/ESCAT\/index.php\/por-que-la-vestimenta-para-navidad-se-asocia-con-el-color-rojo\/#breadcrumb\",\"itemListElement\":[{\"@type\":\"ListItem\",\"position\":1,\"name\":\"Inicio\",\"item\":\"https:\/\/blogs.uninter.edu.mx\/ESCAT\/\"},{\"@type\":\"ListItem\",\"position\":2,\"name\":\"\u00bfPor qu\u00e9 la vestimenta para Navidad se asocia con el color rojo? #LDM #Color #UNINTER\"}]},{\"@type\":\"WebSite\",\"@id\":\"https:\/\/blogs.uninter.edu.mx\/ESCAT\/#website\",\"url\":\"https:\/\/blogs.uninter.edu.mx\/ESCAT\/\",\"name\":\"Escuela de Ciencias, Artes y Tecnolog\u00eda UNINTER\",\"description\":\"ESCAT\",\"potentialAction\":[{\"@type\":\"SearchAction\",\"target\":{\"@type\":\"EntryPoint\",\"urlTemplate\":\"https:\/\/blogs.uninter.edu.mx\/ESCAT\/?s={search_term_string}\"},\"query-input\":{\"@type\":\"PropertyValueSpecification\",\"valueRequired\":true,\"valueName\":\"search_term_string\"}}],\"inLanguage\":\"es\"},{\"@type\":\"Person\",\"@id\":\"https:\/\/blogs.uninter.edu.mx\/ESCAT\/#\/schema\/person\/762aa3bf4443a87e76fad576f2589d73\",\"name\":\"mrygtk\",\"image\":{\"@type\":\"ImageObject\",\"inLanguage\":\"es\",\"@id\":\"https:\/\/blogs.uninter.edu.mx\/ESCAT\/#\/schema\/person\/image\/\",\"url\":\"https:\/\/secure.gravatar.com\/avatar\/118cb46ed342cb4558fa617341472710ca4139efcf8ce95b1609a63cc8281149?s=96&d=mm&r=g\",\"contentUrl\":\"https:\/\/secure.gravatar.com\/avatar\/118cb46ed342cb4558fa617341472710ca4139efcf8ce95b1609a63cc8281149?s=96&d=mm&r=g\",\"caption\":\"mrygtk\"},\"url\":\"https:\/\/blogs.uninter.edu.mx\/ESCAT\/index.php\/author\/mrygtk\/\"}]}<\/script>\r\n<!-- \/ Yoast SEO plugin. -->","yoast_head_json":{"title":"\u00bfPor qu\u00e9 la vestimenta para Navidad se asocia con el color rojo? #LDM #Color","description":"Se acerca la Navidad y todo se ti\u00f1e de rojo, ciudades, decoraciones y vestuario. Por qu\u00e9 este color se volvi\u00f3 un s\u00edmbolo...","robots":{"index":"index","follow":"follow","max-snippet":"max-snippet:-1","max-image-preview":"max-image-preview:large","max-video-preview":"max-video-preview:-1"},"canonical":"https:\/\/blogs.uninter.edu.mx\/ESCAT\/index.php\/por-que-la-vestimenta-para-navidad-se-asocia-con-el-color-rojo\/","og_locale":"es_MX","og_type":"article","og_title":"\u00bfPor qu\u00e9 la vestimenta para Navidad se asocia con el color rojo? #LDM #Color","og_description":"Se acerca la Navidad y todo se ti\u00f1e de rojo, ciudades, decoraciones y vestuario. Por qu\u00e9 este color se volvi\u00f3 un s\u00edmbolo...","og_url":"https:\/\/blogs.uninter.edu.mx\/ESCAT\/index.php\/por-que-la-vestimenta-para-navidad-se-asocia-con-el-color-rojo\/","og_site_name":"Escuela de Ciencias, Artes y Tecnolog\u00eda","article_publisher":"https:\/\/www.facebook.com\/EscatUninter\/","article_published_time":"2021-12-24T02:41:00+00:00","article_modified_time":"2022-09-20T18:51:44+00:00","og_image":[{"width":1422,"height":800,"url":"https:\/\/blogs.uninter.edu.mx\/ESCAT\/wp-content\/uploads\/2021\/12\/\u00bfQue-dice-el-color-de-tu-ropa-sobre-ti-1280x720-1.jpeg","type":"image\/jpeg"}],"author":"mrygtk","twitter_card":"summary_large_image","twitter_image":"https:\/\/blogs.uninter.edu.mx\/ESCAT\/wp-content\/uploads\/2021\/12\/\u00bfQue-dice-el-color-de-tu-ropa-sobre-ti-1280x720-1.jpeg","twitter_creator":"@EscatUninter","twitter_site":"@EscatUninter","twitter_misc":{"Escrito por":"mrygtk","Tiempo de lectura":"3 minutos"},"schema":{"@context":"https:\/\/schema.org","@graph":[{"@type":"Article","@id":"https:\/\/blogs.uninter.edu.mx\/ESCAT\/index.php\/por-que-la-vestimenta-para-navidad-se-asocia-con-el-color-rojo\/#article","isPartOf":{"@id":"https:\/\/blogs.uninter.edu.mx\/ESCAT\/index.php\/por-que-la-vestimenta-para-navidad-se-asocia-con-el-color-rojo\/"},"author":{"name":"mrygtk","@id":"https:\/\/blogs.uninter.edu.mx\/ESCAT\/#\/schema\/person\/762aa3bf4443a87e76fad576f2589d73"},"headline":"\u00bfPor qu\u00e9 la vestimenta para Navidad se asocia con el color rojo? #LDM #Color #UNINTER","datePublished":"2021-12-24T02:41:00+00:00","dateModified":"2022-09-20T18:51:44+00:00","mainEntityOfPage":{"@id":"https:\/\/blogs.uninter.edu.mx\/ESCAT\/index.php\/por-que-la-vestimenta-para-navidad-se-asocia-con-el-color-rojo\/"},"wordCount":383,"commentCount":0,"image":{"@id":"https:\/\/blogs.uninter.edu.mx\/ESCAT\/index.php\/por-que-la-vestimenta-para-navidad-se-asocia-con-el-color-rojo\/#primaryimage"},"thumbnailUrl":"https:\/\/blogs.uninter.edu.mx\/ESCAT\/wp-content\/uploads\/2021\/12\/\u00bfQue-dice-el-color-de-tu-ropa-sobre-ti-1280x720-1.jpeg","keywords":["color","ESCAT","moda","navidad","ropa","tendencia","Uninter","Universidad Internacional"],"articleSection":["Dise\u00f1o de Modas y Tendencias Internacionales","Dise\u00f1os","Noticias"],"inLanguage":"es","potentialAction":[{"@type":"CommentAction","name":"Comment","target":["https:\/\/blogs.uninter.edu.mx\/ESCAT\/index.php\/por-que-la-vestimenta-para-navidad-se-asocia-con-el-color-rojo\/#respond"]}]},{"@type":"WebPage","@id":"https:\/\/blogs.uninter.edu.mx\/ESCAT\/index.php\/por-que-la-vestimenta-para-navidad-se-asocia-con-el-color-rojo\/","url":"https:\/\/blogs.uninter.edu.mx\/ESCAT\/index.php\/por-que-la-vestimenta-para-navidad-se-asocia-con-el-color-rojo\/","name":"\u00bfPor qu\u00e9 la vestimenta para Navidad se asocia con el color rojo? #LDM #Color","isPartOf":{"@id":"https:\/\/blogs.uninter.edu.mx\/ESCAT\/#website"},"primaryImageOfPage":{"@id":"https:\/\/blogs.uninter.edu.mx\/ESCAT\/index.php\/por-que-la-vestimenta-para-navidad-se-asocia-con-el-color-rojo\/#primaryimage"},"image":{"@id":"https:\/\/blogs.uninter.edu.mx\/ESCAT\/index.php\/por-que-la-vestimenta-para-navidad-se-asocia-con-el-color-rojo\/#primaryimage"},"thumbnailUrl":"https:\/\/blogs.uninter.edu.mx\/ESCAT\/wp-content\/uploads\/2021\/12\/\u00bfQue-dice-el-color-de-tu-ropa-sobre-ti-1280x720-1.jpeg","datePublished":"2021-12-24T02:41:00+00:00","dateModified":"2022-09-20T18:51:44+00:00","author":{"@id":"https:\/\/blogs.uninter.edu.mx\/ESCAT\/#\/schema\/person\/762aa3bf4443a87e76fad576f2589d73"},"description":"Se acerca la Navidad y todo se ti\u00f1e de rojo, ciudades, decoraciones y vestuario. Por qu\u00e9 este color se volvi\u00f3 un s\u00edmbolo...","breadcrumb":{"@id":"https:\/\/blogs.uninter.edu.mx\/ESCAT\/index.php\/por-que-la-vestimenta-para-navidad-se-asocia-con-el-color-rojo\/#breadcrumb"},"inLanguage":"es","potentialAction":[{"@type":"ReadAction","target":["https:\/\/blogs.uninter.edu.mx\/ESCAT\/index.php\/por-que-la-vestimenta-para-navidad-se-asocia-con-el-color-rojo\/"]}]},{"@type":"ImageObject","inLanguage":"es","@id":"https:\/\/blogs.uninter.edu.mx\/ESCAT\/index.php\/por-que-la-vestimenta-para-navidad-se-asocia-con-el-color-rojo\/#primaryimage","url":"https:\/\/blogs.uninter.edu.mx\/ESCAT\/wp-content\/uploads\/2021\/12\/\u00bfQue-dice-el-color-de-tu-ropa-sobre-ti-1280x720-1.jpeg","contentUrl":"https:\/\/blogs.uninter.edu.mx\/ESCAT\/wp-content\/uploads\/2021\/12\/\u00bfQue-dice-el-color-de-tu-ropa-sobre-ti-1280x720-1.jpeg","width":1422,"height":800},{"@type":"BreadcrumbList","@id":"https:\/\/blogs.uninter.edu.mx\/ESCAT\/index.php\/por-que-la-vestimenta-para-navidad-se-asocia-con-el-color-rojo\/#breadcrumb","itemListElement":[{"@type":"ListItem","position":1,"name":"Inicio","item":"https:\/\/blogs.uninter.edu.mx\/ESCAT\/"},{"@type":"ListItem","position":2,"name":"\u00bfPor qu\u00e9 la vestimenta para Navidad se asocia con el color rojo? #LDM #Color #UNINTER"}]},{"@type":"WebSite","@id":"https:\/\/blogs.uninter.edu.mx\/ESCAT\/#website","url":"https:\/\/blogs.uninter.edu.mx\/ESCAT\/","name":"Escuela de Ciencias, Artes y Tecnolog\u00eda UNINTER","description":"ESCAT","potentialAction":[{"@type":"SearchAction","target":{"@type":"EntryPoint","urlTemplate":"https:\/\/blogs.uninter.edu.mx\/ESCAT\/?s={search_term_string}"},"query-input":{"@type":"PropertyValueSpecification","valueRequired":true,"valueName":"search_term_string"}}],"inLanguage":"es"},{"@type":"Person","@id":"https:\/\/blogs.uninter.edu.mx\/ESCAT\/#\/schema\/person\/762aa3bf4443a87e76fad576f2589d73","name":"mrygtk","image":{"@type":"ImageObject","inLanguage":"es","@id":"https:\/\/blogs.uninter.edu.mx\/ESCAT\/#\/schema\/person\/image\/","url":"https:\/\/secure.gravatar.com\/avatar\/118cb46ed342cb4558fa617341472710ca4139efcf8ce95b1609a63cc8281149?s=96&d=mm&r=g","contentUrl":"https:\/\/secure.gravatar.com\/avatar\/118cb46ed342cb4558fa617341472710ca4139efcf8ce95b1609a63cc8281149?s=96&d=mm&r=g","caption":"mrygtk"},"url":"https:\/\/blogs.uninter.edu.mx\/ESCAT\/index.php\/author\/mrygtk\/"}]}},"jetpack_publicize_connections":[],"jetpack_featured_media_url":"https:\/\/blogs.uninter.edu.mx\/ESCAT\/wp-content\/uploads\/2021\/12\/\u00bfQue-dice-el-color-de-tu-ropa-sobre-ti-1280x720-1.jpeg","jetpack_sharing_enabled":true,"_links":{"self":[{"href":"https:\/\/blogs.uninter.edu.mx\/ESCAT\/index.php\/wp-json\/wp\/v2\/posts\/47086","targetHints":{"allow":["GET"]}}],"collection":[{"href":"https:\/\/blogs.uninter.edu.mx\/ESCAT\/index.php\/wp-json\/wp\/v2\/posts"}],"about":[{"href":"https:\/\/blogs.uninter.edu.mx\/ESCAT\/index.php\/wp-json\/wp\/v2\/types\/post"}],"author":[{"embeddable":true,"href":"https:\/\/blogs.uninter.edu.mx\/ESCAT\/index.php\/wp-json\/wp\/v2\/users\/26"}],"replies":[{"embeddable":true,"href":"https:\/\/blogs.uninter.edu.mx\/ESCAT\/index.php\/wp-json\/wp\/v2\/comments?post=47086"}],"version-history":[{"count":6,"href":"https:\/\/blogs.uninter.edu.mx\/ESCAT\/index.php\/wp-json\/wp\/v2\/posts\/47086\/revisions"}],"predecessor-version":[{"id":53883,"href":"https:\/\/blogs.uninter.edu.mx\/ESCAT\/index.php\/wp-json\/wp\/v2\/posts\/47086\/revisions\/53883"}],"wp:featuredmedia":[{"embeddable":true,"href":"https:\/\/blogs.uninter.edu.mx\/ESCAT\/index.php\/wp-json\/wp\/v2\/media\/47094"}],"wp:attachment":[{"href":"https:\/\/blogs.uninter.edu.mx\/ESCAT\/index.php\/wp-json\/wp\/v2\/media?parent=47086"}],"wp:term":[{"taxonomy":"category","embeddable":true,"href":"https:\/\/blogs.uninter.edu.mx\/ESCAT\/index.php\/wp-json\/wp\/v2\/categories?post=47086"},{"taxonomy":"post_tag","embeddable":true,"href":"https:\/\/blogs.uninter.edu.mx\/ESCAT\/index.php\/wp-json\/wp\/v2\/tags?post=47086"}],"curies":[{"name":"wp","href":"https:\/\/api.w.org\/{rel}","templated":true}]}}