{"id":47415,"date":"2022-03-10T14:00:00","date_gmt":"2022-03-10T20:00:00","guid":{"rendered":"https:\/\/blogs.uninter.edu.mx\/ESCAT\/?p=47415"},"modified":"2025-03-27T13:19:51","modified_gmt":"2025-03-27T19:19:51","slug":"feriaudi21-expodesign-2021-ok","status":"publish","type":"post","link":"https:\/\/blogs.uninter.edu.mx\/ESCAT\/index.php\/feriaudi21-expodesign-2021-ok\/","title":{"rendered":"#FeriaUDI21 ExpoDesign 2021 #Uninter"},"content":{"rendered":"\n<figure class=\"wp-block-image\"><a href=\"https:\/\/www.facebook.com\/EscatUninter\"><img decoding=\"async\" src=\"https:\/\/blogs.uninter.edu.mx\/ESCAT\/wp-content\/uploads\/2021\/11\/Blog-.jpg\" alt=\"Esta imagen tiene un atributo ALT vac\u00edo; su nombre de archivo es Blog-.jpg\"\/><\/a><\/figure>\n\n\n\n<p>La <strong>3ra Feria Uninter de Dise\u00f1o e Ingenier\u00eda 2021<\/strong> fue una ocasi\u00f3n memorable, especialmente con la <strong>ExpoDesign<\/strong>, donde los alumnos de la <strong>Escuela de Ciencias, Artes y Tecnolog\u00eda (ESCAT)<\/strong> presentaron sus <strong>proyectos de Dise\u00f1o<\/strong>. Desde <strong>Animaci\u00f3n<\/strong>, <strong>Dise\u00f1o Digital<\/strong>, <strong>Dise\u00f1o Gr\u00e1fico<\/strong> e <strong>Industrial<\/strong>, los trabajos que se exhibieron fueron verdaderas muestras del talento emergente que se cultiva en la <strong>Universidad Internacional<\/strong>.<\/p>\n\n\n\n<!--more-->\n\n\n\n<h3 class=\"wp-block-heading\">Un Espacio para Nuevos Talentos<\/h3>\n\n\n\n<p>La <strong>ExpoDesign<\/strong> tuvo como objetivo principal <strong>promover y dar a conocer a los nuevos dise\u00f1adores emergentes<\/strong> de la universidad, ofreci\u00e9ndoles una plataforma para mostrar sus ideas y propuestas innovadoras. Los proyectos presentados no solo fueron creativos, sino que tambi\u00e9n fueron <strong>tecnol\u00f3gicos, sustentables e integrales<\/strong>, reflejando una clara intenci\u00f3n de los estudiantes de abordar problem\u00e1ticas reales y aportar soluciones valiosas para la sociedad.<\/p>\n\n\n\n<h3 class=\"wp-block-heading\">Dise\u00f1o con Valor<\/h3>\n\n\n\n<p>Lo que realmente destac\u00f3 en esta exposici\u00f3n fue el enfoque hacia el <strong>dise\u00f1o con valor<\/strong>, el cual busca generar un impacto social, econ\u00f3mico y cultural. Cada uno de los proyectos presentados no solo demostraba las habilidades t\u00e9cnicas de los estudiantes, sino tambi\u00e9n un compromiso con la <strong>innovaci\u00f3n responsable<\/strong> y el <strong>desarrollo sostenible<\/strong>.<\/p>\n\n\n\n<p>La <strong>ESCAT<\/strong> foment\u00f3 en sus estudiantes el desarrollo de proyectos que no solo son atractivos visualmente, sino que tambi\u00e9n buscan contribuir al bienestar colectivo. Este enfoque integral permite a los estudiantes de la Universidad Internacional desarrollar una visi\u00f3n amplia y comprometida con el futuro del dise\u00f1o.<\/p>\n\n\n\n<h3 class=\"wp-block-heading\">Recuerda la ExpoDesign<\/h3>\n\n\n\n<p>Si te perdiste la <strong>ExpoDesign<\/strong> o deseas volver a ver los incre\u00edbles trabajos presentados, te invitamos a <strong>recordar la ExpoDesign completa<\/strong> a trav\u00e9s del enlace de la nota. Esta exposici\u00f3n es un claro reflejo de c\u00f3mo los futuros dise\u00f1adores est\u00e1n dejando su huella en la industria y la sociedad, llevando el <strong>dise\u00f1o de vanguardia<\/strong> a nuevos horizontes.<\/p>\n\n\n\n<p>\u00a1No dejes de explorar el talento de nuestros estudiantes! #ESCAT #UninterTeConecta #Dise\u00f1osUninter<\/p>\n\n\n<div class=\"wp-block-image\">\n<figure class=\"alignleft size-full is-resized\"><img loading=\"lazy\" decoding=\"async\" src=\"https:\/\/blogs.uninter.edu.mx\/ESCAT\/wp-content\/uploads\/2022\/01\/image-24.png\" alt=\"ExpoDesign \" class=\"wp-image-47421\" width=\"395\" height=\"222\"\/><\/figure>\n<\/div>\n\n\n<figure class=\"wp-block-image size-full is-resized\"><img loading=\"lazy\" decoding=\"async\" src=\"https:\/\/blogs.uninter.edu.mx\/ESCAT\/wp-content\/uploads\/2022\/01\/image-26.png\" alt=\"ExpoDesign \" class=\"wp-image-47423\" width=\"408\" height=\"230\"\/><\/figure>\n\n\n\n<figure class=\"wp-block-image size-full\"><img loading=\"lazy\" decoding=\"async\" width=\"1360\" height=\"768\" src=\"https:\/\/blogs.uninter.edu.mx\/ESCAT\/wp-content\/uploads\/2022\/01\/image-29.png\" alt=\"\" class=\"wp-image-47426\"\/><\/figure>\n\n\n<div class=\"wp-block-image\">\n<figure class=\"alignleft size-full is-resized\"><img loading=\"lazy\" decoding=\"async\" src=\"https:\/\/blogs.uninter.edu.mx\/ESCAT\/wp-content\/uploads\/2022\/01\/image-27.png\" alt=\"ExpoDesign \" class=\"wp-image-47424\" width=\"398\" height=\"224\"\/><\/figure>\n<\/div>\n\n\n<figure class=\"wp-block-image size-full is-resized\"><img loading=\"lazy\" decoding=\"async\" src=\"https:\/\/blogs.uninter.edu.mx\/ESCAT\/wp-content\/uploads\/2022\/01\/image-28.png\" alt=\"ExpoDesign \" class=\"wp-image-47425\" width=\"411\" height=\"233\"\/><\/figure>\n\n\n\n<figure class=\"wp-block-image size-full\"><img loading=\"lazy\" decoding=\"async\" width=\"1360\" height=\"768\" src=\"https:\/\/blogs.uninter.edu.mx\/ESCAT\/wp-content\/uploads\/2022\/01\/image-25.png\" alt=\"ExpoDesign \" class=\"wp-image-47422\"\/><\/figure>\n\n\n<div class=\"wp-block-image\">\n<figure class=\"alignleft size-full is-resized\"><img loading=\"lazy\" decoding=\"async\" src=\"https:\/\/blogs.uninter.edu.mx\/ESCAT\/wp-content\/uploads\/2022\/01\/image-30.png\" alt=\"ExpoDesign \" class=\"wp-image-47427\" width=\"398\" height=\"227\"\/><\/figure>\n<\/div>\n\n\n<figure class=\"wp-block-image size-full is-resized\"><img loading=\"lazy\" decoding=\"async\" src=\"https:\/\/blogs.uninter.edu.mx\/ESCAT\/wp-content\/uploads\/2022\/01\/image-32.png\" alt=\"ExpoDesign \" class=\"wp-image-47429\" width=\"410\" height=\"233\"\/><\/figure>\n\n\n\n<p> Ve la conferencia completa aqu\u00ed&#8230; <\/p>\n\n\n\n<figure class=\"wp-block-embed is-type-video is-provider-youtube wp-block-embed-youtube wp-embed-aspect-16-9 wp-has-aspect-ratio\"><div class=\"wp-block-embed__wrapper\">\n<iframe loading=\"lazy\" title=\"ExpoDesing 2021 #FeriaUDI21\" width=\"700\" height=\"394\" src=\"https:\/\/www.youtube.com\/embed\/2XZBK82XYII?feature=oembed\" frameborder=\"0\" allow=\"accelerometer; autoplay; clipboard-write; encrypted-media; gyroscope; picture-in-picture; web-share\" referrerpolicy=\"strict-origin-when-cross-origin\" allowfullscreen><\/iframe>\n<\/div><\/figure>\n\n\n\n<p class=\"has-text-align-right\"><a href=\"https:\/\/fb.me\/e\/1LWx1sYQa\">M\u00e1s informaci\u00f3n sobre la Feria Uninter de Dise\u00f1o e Ingenier\u00eda 2021\u2026<\/a><\/p>\n\n\n\n<p class=\"has-text-align-right\"><a href=\"https:\/\/blogs.uninter.edu.mx\/ESCAT\/\">M\u00e1s sobre la ESCAT\u2026<\/a><\/p>\n\n\n\n<figure class=\"wp-block-image\"><a href=\"https:\/\/uninter.edu.mx\/\"><img loading=\"lazy\" decoding=\"async\" width=\"1024\" height=\"154\" src=\"https:\/\/blogs.uninter.edu.mx\/ESCAT\/wp-content\/uploads\/2019\/10\/4-1024x154-1-1024x154-1024x154.png\" alt=\"Universidad Internacional\" class=\"wp-image-33610\" srcset=\"https:\/\/blogs.uninter.edu.mx\/ESCAT\/wp-content\/uploads\/2019\/10\/4-1024x154-1-1024x154.png 1024w, https:\/\/blogs.uninter.edu.mx\/ESCAT\/wp-content\/uploads\/2019\/10\/4-1024x154-1-1024x154-300x45.png 300w, https:\/\/blogs.uninter.edu.mx\/ESCAT\/wp-content\/uploads\/2019\/10\/4-1024x154-1-1024x154-768x116.png 768w\" sizes=\"auto, (max-width: 1024px) 100vw, 1024px\" \/><\/a><\/figure>\n","protected":false},"excerpt":{"rendered":"<p>La 3ra Feria Uninter de Dise\u00f1o e Ingenier\u00eda 2021 fue una ocasi\u00f3n memorable, especialmente con la ExpoDesign, donde los alumnos de la Escuela de Ciencias, Artes y Tecnolog\u00eda (ESCAT) presentaron sus proyectos de Dise\u00f1o. Desde Animaci\u00f3n, Dise\u00f1o Digital, Dise\u00f1o Gr\u00e1fico e Industrial, los trabajos que se exhibieron fueron verdaderas muestras del talento emergente que se&hellip;<\/p>\n","protected":false},"author":22,"featured_media":48661,"comment_status":"open","ping_status":"open","sticky":false,"template":"","format":"standard","meta":{"_jetpack_memberships_contains_paid_content":false,"footnotes":"","jetpack_publicize_message":"","jetpack_publicize_feature_enabled":true,"jetpack_social_post_already_shared":true,"jetpack_social_options":{"image_generator_settings":{"template":"highway","default_image_id":0,"font":"","enabled":false},"version":2}},"categories":[2599],"tags":[1200,188,32,2607,1241,31,37],"class_list":["post-47415","post","type-post","status-publish","format-standard","has-post-thumbnail","hentry","category-feriaudi21","tag-conferencias","tag-disenos","tag-escat","tag-expodesign-2","tag-feria-2","tag-uninter","tag-universidad-internacional"],"yoast_head":"<!-- This site is optimized with the Yoast SEO plugin v26.8 - https:\/\/yoast.com\/product\/yoast-seo-wordpress\/ -->\r\n<title>#FeriaUDI21 ExpoDesign 2021<\/title>\r\n<meta name=\"description\" content=\"La exposici\u00f3n de proyectos de dise\u00f1o de la Escuela de Ciencias, Artes y Tecnolog\u00eda (ESCAT), tiene como objetivo promover y dar a conocer...\" \/>\r\n<meta name=\"robots\" content=\"index, follow, max-snippet:-1, max-image-preview:large, max-video-preview:-1\" \/>\r\n<link rel=\"canonical\" href=\"https:\/\/blogs.uninter.edu.mx\/ESCAT\/index.php\/feriaudi21-expodesign-2021-ok\/\" \/>\r\n<meta property=\"og:locale\" content=\"es_MX\" \/>\r\n<meta property=\"og:type\" content=\"article\" \/>\r\n<meta property=\"og:title\" content=\"#FeriaUDI21 ExpoDesign 2021\" \/>\r\n<meta property=\"og:description\" content=\"La exposici\u00f3n de proyectos de dise\u00f1o de la Escuela de Ciencias, Artes y Tecnolog\u00eda (ESCAT), tiene como objetivo promover y dar a conocer...\" \/>\r\n<meta property=\"og:url\" content=\"https:\/\/blogs.uninter.edu.mx\/ESCAT\/index.php\/feriaudi21-expodesign-2021-ok\/\" \/>\r\n<meta property=\"og:site_name\" content=\"Escuela de Ciencias, Artes y Tecnolog\u00eda\" \/>\r\n<meta property=\"article:publisher\" content=\"https:\/\/www.facebook.com\/EscatUninter\/\" \/>\r\n<meta property=\"article:published_time\" content=\"2022-03-10T20:00:00+00:00\" \/>\r\n<meta property=\"article:modified_time\" content=\"2025-03-27T19:19:51+00:00\" \/>\r\n<meta property=\"og:image\" content=\"https:\/\/blogs.uninter.edu.mx\/ESCAT\/wp-content\/uploads\/2022\/03\/Expo.jpg\" \/>\r\n\t<meta property=\"og:image:width\" content=\"1920\" \/>\r\n\t<meta property=\"og:image:height\" content=\"1008\" \/>\r\n\t<meta property=\"og:image:type\" content=\"image\/jpeg\" \/>\r\n<meta name=\"author\" content=\"EquipoEscat\" \/>\r\n<meta name=\"twitter:card\" content=\"summary_large_image\" \/>\r\n<meta name=\"twitter:image\" content=\"https:\/\/blogs.uninter.edu.mx\/ESCAT\/wp-content\/uploads\/2022\/03\/Expo.jpg\" \/>\r\n<meta name=\"twitter:creator\" content=\"@EscatUninter\" \/>\r\n<meta name=\"twitter:site\" content=\"@EscatUninter\" \/>\r\n<meta name=\"twitter:label1\" content=\"Escrito por\" \/>\n\t<meta name=\"twitter:data1\" content=\"EquipoEscat\" \/>\n\t<meta name=\"twitter:label2\" content=\"Tiempo de lectura\" \/>\n\t<meta name=\"twitter:data2\" content=\"4 minutos\" \/>\r\n<script type=\"application\/ld+json\" class=\"yoast-schema-graph\">{\"@context\":\"https:\/\/schema.org\",\"@graph\":[{\"@type\":\"Article\",\"@id\":\"https:\/\/blogs.uninter.edu.mx\/ESCAT\/index.php\/feriaudi21-expodesign-2021-ok\/#article\",\"isPartOf\":{\"@id\":\"https:\/\/blogs.uninter.edu.mx\/ESCAT\/index.php\/feriaudi21-expodesign-2021-ok\/\"},\"author\":{\"name\":\"EquipoEscat\",\"@id\":\"https:\/\/blogs.uninter.edu.mx\/ESCAT\/#\/schema\/person\/df7b8f33d62433cb78a2104bda02490d\"},\"headline\":\"#FeriaUDI21 ExpoDesign 2021 #Uninter\",\"datePublished\":\"2022-03-10T20:00:00+00:00\",\"dateModified\":\"2025-03-27T19:19:51+00:00\",\"mainEntityOfPage\":{\"@id\":\"https:\/\/blogs.uninter.edu.mx\/ESCAT\/index.php\/feriaudi21-expodesign-2021-ok\/\"},\"wordCount\":364,\"commentCount\":0,\"image\":{\"@id\":\"https:\/\/blogs.uninter.edu.mx\/ESCAT\/index.php\/feriaudi21-expodesign-2021-ok\/#primaryimage\"},\"thumbnailUrl\":\"https:\/\/blogs.uninter.edu.mx\/ESCAT\/wp-content\/uploads\/2022\/03\/Expo.jpg\",\"keywords\":[\"Conferencias\",\"Dise\u00f1os\",\"ESCAT\",\"ExpoDesign\",\"Feria\",\"Uninter\",\"Universidad Internacional\"],\"articleSection\":[\"#FeriaUDI21\"],\"inLanguage\":\"es\",\"potentialAction\":[{\"@type\":\"CommentAction\",\"name\":\"Comment\",\"target\":[\"https:\/\/blogs.uninter.edu.mx\/ESCAT\/index.php\/feriaudi21-expodesign-2021-ok\/#respond\"]}]},{\"@type\":\"WebPage\",\"@id\":\"https:\/\/blogs.uninter.edu.mx\/ESCAT\/index.php\/feriaudi21-expodesign-2021-ok\/\",\"url\":\"https:\/\/blogs.uninter.edu.mx\/ESCAT\/index.php\/feriaudi21-expodesign-2021-ok\/\",\"name\":\"#FeriaUDI21 ExpoDesign 2021\",\"isPartOf\":{\"@id\":\"https:\/\/blogs.uninter.edu.mx\/ESCAT\/#website\"},\"primaryImageOfPage\":{\"@id\":\"https:\/\/blogs.uninter.edu.mx\/ESCAT\/index.php\/feriaudi21-expodesign-2021-ok\/#primaryimage\"},\"image\":{\"@id\":\"https:\/\/blogs.uninter.edu.mx\/ESCAT\/index.php\/feriaudi21-expodesign-2021-ok\/#primaryimage\"},\"thumbnailUrl\":\"https:\/\/blogs.uninter.edu.mx\/ESCAT\/wp-content\/uploads\/2022\/03\/Expo.jpg\",\"datePublished\":\"2022-03-10T20:00:00+00:00\",\"dateModified\":\"2025-03-27T19:19:51+00:00\",\"author\":{\"@id\":\"https:\/\/blogs.uninter.edu.mx\/ESCAT\/#\/schema\/person\/df7b8f33d62433cb78a2104bda02490d\"},\"description\":\"La exposici\u00f3n de proyectos de dise\u00f1o de la Escuela de Ciencias, Artes y Tecnolog\u00eda (ESCAT), tiene como objetivo promover y dar a conocer...\",\"breadcrumb\":{\"@id\":\"https:\/\/blogs.uninter.edu.mx\/ESCAT\/index.php\/feriaudi21-expodesign-2021-ok\/#breadcrumb\"},\"inLanguage\":\"es\",\"potentialAction\":[{\"@type\":\"ReadAction\",\"target\":[\"https:\/\/blogs.uninter.edu.mx\/ESCAT\/index.php\/feriaudi21-expodesign-2021-ok\/\"]}]},{\"@type\":\"ImageObject\",\"inLanguage\":\"es\",\"@id\":\"https:\/\/blogs.uninter.edu.mx\/ESCAT\/index.php\/feriaudi21-expodesign-2021-ok\/#primaryimage\",\"url\":\"https:\/\/blogs.uninter.edu.mx\/ESCAT\/wp-content\/uploads\/2022\/03\/Expo.jpg\",\"contentUrl\":\"https:\/\/blogs.uninter.edu.mx\/ESCAT\/wp-content\/uploads\/2022\/03\/Expo.jpg\",\"width\":1920,\"height\":1008},{\"@type\":\"BreadcrumbList\",\"@id\":\"https:\/\/blogs.uninter.edu.mx\/ESCAT\/index.php\/feriaudi21-expodesign-2021-ok\/#breadcrumb\",\"itemListElement\":[{\"@type\":\"ListItem\",\"position\":1,\"name\":\"Inicio\",\"item\":\"https:\/\/blogs.uninter.edu.mx\/ESCAT\/\"},{\"@type\":\"ListItem\",\"position\":2,\"name\":\"#FeriaUDI21 ExpoDesign 2021 #Uninter\"}]},{\"@type\":\"WebSite\",\"@id\":\"https:\/\/blogs.uninter.edu.mx\/ESCAT\/#website\",\"url\":\"https:\/\/blogs.uninter.edu.mx\/ESCAT\/\",\"name\":\"Escuela de Ciencias, Artes y Tecnolog\u00eda UNINTER\",\"description\":\"ESCAT\",\"potentialAction\":[{\"@type\":\"SearchAction\",\"target\":{\"@type\":\"EntryPoint\",\"urlTemplate\":\"https:\/\/blogs.uninter.edu.mx\/ESCAT\/?s={search_term_string}\"},\"query-input\":{\"@type\":\"PropertyValueSpecification\",\"valueRequired\":true,\"valueName\":\"search_term_string\"}}],\"inLanguage\":\"es\"},{\"@type\":\"Person\",\"@id\":\"https:\/\/blogs.uninter.edu.mx\/ESCAT\/#\/schema\/person\/df7b8f33d62433cb78a2104bda02490d\",\"name\":\"EquipoEscat\",\"image\":{\"@type\":\"ImageObject\",\"inLanguage\":\"es\",\"@id\":\"https:\/\/blogs.uninter.edu.mx\/ESCAT\/#\/schema\/person\/image\/\",\"url\":\"https:\/\/secure.gravatar.com\/avatar\/d943e53cecc7e9e13c011abf6ec7475809c7d278834bde994b19ecd58034a9ff?s=96&d=mm&r=g\",\"contentUrl\":\"https:\/\/secure.gravatar.com\/avatar\/d943e53cecc7e9e13c011abf6ec7475809c7d278834bde994b19ecd58034a9ff?s=96&d=mm&r=g\",\"caption\":\"EquipoEscat\"},\"url\":\"https:\/\/blogs.uninter.edu.mx\/ESCAT\/index.php\/author\/equipoescat\/\"}]}<\/script>\r\n<!-- \/ Yoast SEO plugin. -->","yoast_head_json":{"title":"#FeriaUDI21 ExpoDesign 2021","description":"La exposici\u00f3n de proyectos de dise\u00f1o de la Escuela de Ciencias, Artes y Tecnolog\u00eda (ESCAT), tiene como objetivo promover y dar a conocer...","robots":{"index":"index","follow":"follow","max-snippet":"max-snippet:-1","max-image-preview":"max-image-preview:large","max-video-preview":"max-video-preview:-1"},"canonical":"https:\/\/blogs.uninter.edu.mx\/ESCAT\/index.php\/feriaudi21-expodesign-2021-ok\/","og_locale":"es_MX","og_type":"article","og_title":"#FeriaUDI21 ExpoDesign 2021","og_description":"La exposici\u00f3n de proyectos de dise\u00f1o de la Escuela de Ciencias, Artes y Tecnolog\u00eda (ESCAT), tiene como objetivo promover y dar a conocer...","og_url":"https:\/\/blogs.uninter.edu.mx\/ESCAT\/index.php\/feriaudi21-expodesign-2021-ok\/","og_site_name":"Escuela de Ciencias, Artes y Tecnolog\u00eda","article_publisher":"https:\/\/www.facebook.com\/EscatUninter\/","article_published_time":"2022-03-10T20:00:00+00:00","article_modified_time":"2025-03-27T19:19:51+00:00","og_image":[{"width":1920,"height":1008,"url":"https:\/\/blogs.uninter.edu.mx\/ESCAT\/wp-content\/uploads\/2022\/03\/Expo.jpg","type":"image\/jpeg"}],"author":"EquipoEscat","twitter_card":"summary_large_image","twitter_image":"https:\/\/blogs.uninter.edu.mx\/ESCAT\/wp-content\/uploads\/2022\/03\/Expo.jpg","twitter_creator":"@EscatUninter","twitter_site":"@EscatUninter","twitter_misc":{"Escrito por":"EquipoEscat","Tiempo de lectura":"4 minutos"},"schema":{"@context":"https:\/\/schema.org","@graph":[{"@type":"Article","@id":"https:\/\/blogs.uninter.edu.mx\/ESCAT\/index.php\/feriaudi21-expodesign-2021-ok\/#article","isPartOf":{"@id":"https:\/\/blogs.uninter.edu.mx\/ESCAT\/index.php\/feriaudi21-expodesign-2021-ok\/"},"author":{"name":"EquipoEscat","@id":"https:\/\/blogs.uninter.edu.mx\/ESCAT\/#\/schema\/person\/df7b8f33d62433cb78a2104bda02490d"},"headline":"#FeriaUDI21 ExpoDesign 2021 #Uninter","datePublished":"2022-03-10T20:00:00+00:00","dateModified":"2025-03-27T19:19:51+00:00","mainEntityOfPage":{"@id":"https:\/\/blogs.uninter.edu.mx\/ESCAT\/index.php\/feriaudi21-expodesign-2021-ok\/"},"wordCount":364,"commentCount":0,"image":{"@id":"https:\/\/blogs.uninter.edu.mx\/ESCAT\/index.php\/feriaudi21-expodesign-2021-ok\/#primaryimage"},"thumbnailUrl":"https:\/\/blogs.uninter.edu.mx\/ESCAT\/wp-content\/uploads\/2022\/03\/Expo.jpg","keywords":["Conferencias","Dise\u00f1os","ESCAT","ExpoDesign","Feria","Uninter","Universidad Internacional"],"articleSection":["#FeriaUDI21"],"inLanguage":"es","potentialAction":[{"@type":"CommentAction","name":"Comment","target":["https:\/\/blogs.uninter.edu.mx\/ESCAT\/index.php\/feriaudi21-expodesign-2021-ok\/#respond"]}]},{"@type":"WebPage","@id":"https:\/\/blogs.uninter.edu.mx\/ESCAT\/index.php\/feriaudi21-expodesign-2021-ok\/","url":"https:\/\/blogs.uninter.edu.mx\/ESCAT\/index.php\/feriaudi21-expodesign-2021-ok\/","name":"#FeriaUDI21 ExpoDesign 2021","isPartOf":{"@id":"https:\/\/blogs.uninter.edu.mx\/ESCAT\/#website"},"primaryImageOfPage":{"@id":"https:\/\/blogs.uninter.edu.mx\/ESCAT\/index.php\/feriaudi21-expodesign-2021-ok\/#primaryimage"},"image":{"@id":"https:\/\/blogs.uninter.edu.mx\/ESCAT\/index.php\/feriaudi21-expodesign-2021-ok\/#primaryimage"},"thumbnailUrl":"https:\/\/blogs.uninter.edu.mx\/ESCAT\/wp-content\/uploads\/2022\/03\/Expo.jpg","datePublished":"2022-03-10T20:00:00+00:00","dateModified":"2025-03-27T19:19:51+00:00","author":{"@id":"https:\/\/blogs.uninter.edu.mx\/ESCAT\/#\/schema\/person\/df7b8f33d62433cb78a2104bda02490d"},"description":"La exposici\u00f3n de proyectos de dise\u00f1o de la Escuela de Ciencias, Artes y Tecnolog\u00eda (ESCAT), tiene como objetivo promover y dar a conocer...","breadcrumb":{"@id":"https:\/\/blogs.uninter.edu.mx\/ESCAT\/index.php\/feriaudi21-expodesign-2021-ok\/#breadcrumb"},"inLanguage":"es","potentialAction":[{"@type":"ReadAction","target":["https:\/\/blogs.uninter.edu.mx\/ESCAT\/index.php\/feriaudi21-expodesign-2021-ok\/"]}]},{"@type":"ImageObject","inLanguage":"es","@id":"https:\/\/blogs.uninter.edu.mx\/ESCAT\/index.php\/feriaudi21-expodesign-2021-ok\/#primaryimage","url":"https:\/\/blogs.uninter.edu.mx\/ESCAT\/wp-content\/uploads\/2022\/03\/Expo.jpg","contentUrl":"https:\/\/blogs.uninter.edu.mx\/ESCAT\/wp-content\/uploads\/2022\/03\/Expo.jpg","width":1920,"height":1008},{"@type":"BreadcrumbList","@id":"https:\/\/blogs.uninter.edu.mx\/ESCAT\/index.php\/feriaudi21-expodesign-2021-ok\/#breadcrumb","itemListElement":[{"@type":"ListItem","position":1,"name":"Inicio","item":"https:\/\/blogs.uninter.edu.mx\/ESCAT\/"},{"@type":"ListItem","position":2,"name":"#FeriaUDI21 ExpoDesign 2021 #Uninter"}]},{"@type":"WebSite","@id":"https:\/\/blogs.uninter.edu.mx\/ESCAT\/#website","url":"https:\/\/blogs.uninter.edu.mx\/ESCAT\/","name":"Escuela de Ciencias, Artes y Tecnolog\u00eda UNINTER","description":"ESCAT","potentialAction":[{"@type":"SearchAction","target":{"@type":"EntryPoint","urlTemplate":"https:\/\/blogs.uninter.edu.mx\/ESCAT\/?s={search_term_string}"},"query-input":{"@type":"PropertyValueSpecification","valueRequired":true,"valueName":"search_term_string"}}],"inLanguage":"es"},{"@type":"Person","@id":"https:\/\/blogs.uninter.edu.mx\/ESCAT\/#\/schema\/person\/df7b8f33d62433cb78a2104bda02490d","name":"EquipoEscat","image":{"@type":"ImageObject","inLanguage":"es","@id":"https:\/\/blogs.uninter.edu.mx\/ESCAT\/#\/schema\/person\/image\/","url":"https:\/\/secure.gravatar.com\/avatar\/d943e53cecc7e9e13c011abf6ec7475809c7d278834bde994b19ecd58034a9ff?s=96&d=mm&r=g","contentUrl":"https:\/\/secure.gravatar.com\/avatar\/d943e53cecc7e9e13c011abf6ec7475809c7d278834bde994b19ecd58034a9ff?s=96&d=mm&r=g","caption":"EquipoEscat"},"url":"https:\/\/blogs.uninter.edu.mx\/ESCAT\/index.php\/author\/equipoescat\/"}]}},"jetpack_publicize_connections":[],"jetpack_featured_media_url":"https:\/\/blogs.uninter.edu.mx\/ESCAT\/wp-content\/uploads\/2022\/03\/Expo.jpg","jetpack_sharing_enabled":true,"_links":{"self":[{"href":"https:\/\/blogs.uninter.edu.mx\/ESCAT\/index.php\/wp-json\/wp\/v2\/posts\/47415","targetHints":{"allow":["GET"]}}],"collection":[{"href":"https:\/\/blogs.uninter.edu.mx\/ESCAT\/index.php\/wp-json\/wp\/v2\/posts"}],"about":[{"href":"https:\/\/blogs.uninter.edu.mx\/ESCAT\/index.php\/wp-json\/wp\/v2\/types\/post"}],"author":[{"embeddable":true,"href":"https:\/\/blogs.uninter.edu.mx\/ESCAT\/index.php\/wp-json\/wp\/v2\/users\/22"}],"replies":[{"embeddable":true,"href":"https:\/\/blogs.uninter.edu.mx\/ESCAT\/index.php\/wp-json\/wp\/v2\/comments?post=47415"}],"version-history":[{"count":11,"href":"https:\/\/blogs.uninter.edu.mx\/ESCAT\/index.php\/wp-json\/wp\/v2\/posts\/47415\/revisions"}],"predecessor-version":[{"id":72877,"href":"https:\/\/blogs.uninter.edu.mx\/ESCAT\/index.php\/wp-json\/wp\/v2\/posts\/47415\/revisions\/72877"}],"wp:featuredmedia":[{"embeddable":true,"href":"https:\/\/blogs.uninter.edu.mx\/ESCAT\/index.php\/wp-json\/wp\/v2\/media\/48661"}],"wp:attachment":[{"href":"https:\/\/blogs.uninter.edu.mx\/ESCAT\/index.php\/wp-json\/wp\/v2\/media?parent=47415"}],"wp:term":[{"taxonomy":"category","embeddable":true,"href":"https:\/\/blogs.uninter.edu.mx\/ESCAT\/index.php\/wp-json\/wp\/v2\/categories?post=47415"},{"taxonomy":"post_tag","embeddable":true,"href":"https:\/\/blogs.uninter.edu.mx\/ESCAT\/index.php\/wp-json\/wp\/v2\/tags?post=47415"}],"curies":[{"name":"wp","href":"https:\/\/api.w.org\/{rel}","templated":true}]}}