{"id":49386,"date":"2022-06-01T08:51:00","date_gmt":"2022-06-01T13:51:00","guid":{"rendered":"https:\/\/blogs.uninter.edu.mx\/ESCAT\/?p=49386"},"modified":"2022-07-05T16:37:55","modified_gmt":"2022-07-05T21:37:55","slug":"subcampeona-nacional-de-boxeo","status":"publish","type":"post","link":"https:\/\/blogs.uninter.edu.mx\/ESCAT\/index.php\/subcampeona-nacional-de-boxeo\/","title":{"rendered":"Subcampeona nacional de boxeo #Alumna #LADD #Boxeo #Orgullo #CompartiendoESCAT"},"content":{"rendered":"\n<div class=\"wp-block-image\"><figure class=\"aligncenter is-resized\"><a href=\"https:\/\/www.facebook.com\/EscatUninter\"><img loading=\"lazy\" decoding=\"async\" src=\"https:\/\/blogs.uninter.edu.mx\/ESCAT\/wp-content\/uploads\/2021\/08\/ESCAT-1-902x1024-1.png\" alt=\"ESCAT\" width=\"140\" height=\"140\" \/><\/a><\/figure><\/div>\n\n\n\n<p>La subcampeona nacional de boxeo es la alumna Ana Luisa Guerrero Revueltas de 4to. semestre de la Licenciatura de Animaci\u00f3n y Dise\u00f1o Digital (LADD).<\/p>\n\n\n\n<!--more-->\n\n\n\n<div class=\"wp-block-image\"><figure class=\"aligncenter size-full is-resized\"><img loading=\"lazy\" decoding=\"async\" src=\"https:\/\/blogs.uninter.edu.mx\/ESCAT\/wp-content\/uploads\/2022\/05\/Ana.jpg\" alt=\"Subcampeona\" class=\"wp-image-49387\" width=\"512\" height=\"512\" \/><\/figure><\/div>\n\n\n\n<p class=\"has-text-align-justify\">La escuela de Ciencias, Artes y Tecnolog\u00eda ESCAT quiere reconocer el trabajo y esfuerzo de su alumna Ana Guerrero durante el campeonato de boxeo \u00a1Muchas Felicidades subcampeona!<\/p>\n\n\n\n<h2 class=\"has-text-align-center wp-block-heading\">La historia del boxeo<\/h2>\n\n\n\n<p class=\"has-text-align-justify\">La lucha y el boxeo son dos de los deportes m\u00e1s antiguos, pues hay registros que se remontan a Egipto y Oriente. Tambi\u00e9n se practicaba en la Antigua Grecia y en Roma, de hecho, el boxeo fue incluido en los XXIII Juegos Ol\u00edmpicos de la antig\u00fcedad con el nombre de pygmakhia (en griego pelea de pu\u00f1os).<\/p>\n\n\n\n<p class=\"has-text-align-justify\">El mundo del boxeo va m\u00e1s all\u00e1 de peleas, t\u00edtulos o nocauts; no solo requiere resistencia f\u00edsica sino de&nbsp;preparaci\u00f3n emocional y motivaci\u00f3n por lo que se quiere lograr.<\/p>\n\n\n\n<p class=\"has-text-align-justify\">Campeones que no s\u00f3lo son famosos por hacer historia en los combates y sus potenciales encuentros. Algunos de ellos han demostrado que el boxeo tambi\u00e9n se complementa con frases inspiradoras que son motivo del empe\u00f1o por ser mejor.<\/p>\n\n\n\n<div class=\"wp-block-image\"><figure class=\"aligncenter size-full is-resized\"><img loading=\"lazy\" decoding=\"async\" src=\"https:\/\/blogs.uninter.edu.mx\/ESCAT\/wp-content\/uploads\/2022\/05\/Box.jpg\" alt=\"Subcampeona\" class=\"wp-image-49390\" width=\"562\" height=\"526\" \/><\/figure><\/div>\n\n\n\n<p class=\"has-text-align-justify\">Los riesgos que asume un boxeador en cada combate son sin\u00f3nimo del altruismo que los caracteriza y aunque a simple vista no se note esa grandeza hay que tomar en consideraci\u00f3n que es de valientes intercambiar fuertes golpes que no siempre te dejan ileso, simplemente porque es una pasi\u00f3n y como tal hay que valorarla.<\/p>\n\n\n\n<h2 class=\"has-text-align-center wp-block-heading\">\u00a1Felicidades subcampeona Nacional!<\/h2>\n\n\n\n<div class=\"wp-block-image\"><figure class=\"aligncenter size-full\"><img loading=\"lazy\" decoding=\"async\" width=\"254\" height=\"421\" src=\"https:\/\/blogs.uninter.edu.mx\/ESCAT\/wp-content\/uploads\/2022\/05\/Final.png\" alt=\"Subcampeona\" class=\"wp-image-49389\" \/><\/figure><\/div>\n\n\n\n<p class=\"has-text-align-right\"><a href=\"https:\/\/universidad.uninter.edu.mx\/carreras\/LADD\">Licenciatura en Animaci\u00f3n y Dise\u00f1o Digital<\/a><\/p>\n\n\n\n<p class=\"has-text-align-right\"><a href=\"https:\/\/blogs.uninter.edu.mx\/ESCAT\/index.php\/category\/animacion-y-diseno-digital\/\">M\u00e1s noticias sobre Animaci\u00f3n y Dise\u00f1o Digital..<\/a>.<\/p>\n\n\n\n<div class=\"wp-block-image\"><figure class=\"aligncenter\"><a href=\"https:\/\/uninter.edu.mx\/\"><img decoding=\"async\" src=\"https:\/\/blogs.uninter.edu.mx\/ESCAT\/wp-content\/uploads\/2021\/07\/image-5.png\" alt=\"Universidad Internacional\" \/><\/a><\/figure><\/div>\n","protected":false},"excerpt":{"rendered":"<p>La subcampeona nacional de boxeo es la alumna Ana Luisa Guerrero Revueltas de 4to. semestre de la Licenciatura de Animaci\u00f3n y Dise\u00f1o Digital (LADD).<\/p>\n","protected":false},"author":22,"featured_media":49388,"comment_status":"open","ping_status":"open","sticky":false,"template":"","format":"standard","meta":{"_jetpack_memberships_contains_paid_content":false,"footnotes":"","jetpack_publicize_message":"","jetpack_publicize_feature_enabled":true,"jetpack_social_post_already_shared":true,"jetpack_social_options":{"image_generator_settings":{"template":"highway","default_image_id":0,"font":"","enabled":false},"version":2}},"categories":[3,10,26],"tags":[1208,2835,2837,32,1837,1273,2836,31,37],"class_list":["post-49386","post","type-post","status-publish","format-standard","has-post-thumbnail","hentry","category-animacion-y-diseno-digital","category-disenos","category-noticias","tag-alumna","tag-boxeo","tag-campeonato","tag-escat","tag-mexicana","tag-nacional","tag-subcampeona","tag-uninter","tag-universidad-internacional"],"yoast_head":"<!-- This site is optimized with the Yoast SEO plugin v26.8 - https:\/\/yoast.com\/product\/yoast-seo-wordpress\/ -->\r\n<title>Subcampeona nacional de boxeo #Alumna #LADD #Boxeo #Orgullo<\/title>\r\n<meta name=\"description\" content=\"La subcampeona nacional de boxeo es la alumna Ana Luisa Guerrero Revueltas de 4to. semestre de la Licenciatura de Animaci\u00f3n y Dise\u00f1o Digital..\" \/>\r\n<meta name=\"robots\" content=\"index, follow, max-snippet:-1, max-image-preview:large, max-video-preview:-1\" \/>\r\n<link rel=\"canonical\" href=\"https:\/\/blogs.uninter.edu.mx\/ESCAT\/index.php\/subcampeona-nacional-de-boxeo\/\" \/>\r\n<meta property=\"og:locale\" content=\"es_MX\" \/>\r\n<meta property=\"og:type\" content=\"article\" \/>\r\n<meta property=\"og:title\" content=\"Subcampeona nacional de boxeo #Alumna #LADD #Boxeo #Orgullo\" \/>\r\n<meta property=\"og:description\" content=\"La subcampeona nacional de boxeo es la alumna Ana Luisa Guerrero Revueltas de 4to. semestre de la Licenciatura de Animaci\u00f3n y Dise\u00f1o Digital..\" \/>\r\n<meta property=\"og:url\" content=\"https:\/\/blogs.uninter.edu.mx\/ESCAT\/index.php\/subcampeona-nacional-de-boxeo\/\" \/>\r\n<meta property=\"og:site_name\" content=\"Escuela de Ciencias, Artes y Tecnolog\u00eda\" \/>\r\n<meta property=\"article:publisher\" content=\"https:\/\/www.facebook.com\/EscatUninter\/\" \/>\r\n<meta property=\"article:published_time\" content=\"2022-06-01T13:51:00+00:00\" \/>\r\n<meta property=\"article:modified_time\" content=\"2022-07-05T21:37:55+00:00\" \/>\r\n<meta property=\"og:image\" content=\"https:\/\/blogs.uninter.edu.mx\/ESCAT\/wp-content\/uploads\/2022\/05\/Boxeo.jpg\" \/>\r\n\t<meta property=\"og:image:width\" content=\"1280\" \/>\r\n\t<meta property=\"og:image:height\" content=\"853\" \/>\r\n\t<meta property=\"og:image:type\" content=\"image\/jpeg\" \/>\r\n<meta name=\"author\" content=\"EquipoEscat\" \/>\r\n<meta name=\"twitter:card\" content=\"summary_large_image\" \/>\r\n<meta name=\"twitter:image\" content=\"https:\/\/blogs.uninter.edu.mx\/ESCAT\/wp-content\/uploads\/2022\/05\/Boxeo.jpg\" \/>\r\n<meta name=\"twitter:creator\" content=\"@EscatUninter\" \/>\r\n<meta name=\"twitter:site\" content=\"@EscatUninter\" \/>\r\n<meta name=\"twitter:label1\" content=\"Escrito por\" \/>\n\t<meta name=\"twitter:data1\" content=\"EquipoEscat\" \/>\n\t<meta name=\"twitter:label2\" content=\"Tiempo de lectura\" \/>\n\t<meta name=\"twitter:data2\" content=\"3 minutos\" \/>\r\n<script type=\"application\/ld+json\" class=\"yoast-schema-graph\">{\"@context\":\"https:\/\/schema.org\",\"@graph\":[{\"@type\":\"Article\",\"@id\":\"https:\/\/blogs.uninter.edu.mx\/ESCAT\/index.php\/subcampeona-nacional-de-boxeo\/#article\",\"isPartOf\":{\"@id\":\"https:\/\/blogs.uninter.edu.mx\/ESCAT\/index.php\/subcampeona-nacional-de-boxeo\/\"},\"author\":{\"name\":\"EquipoEscat\",\"@id\":\"https:\/\/blogs.uninter.edu.mx\/ESCAT\/#\/schema\/person\/df7b8f33d62433cb78a2104bda02490d\"},\"headline\":\"Subcampeona nacional de boxeo #Alumna #LADD #Boxeo #Orgullo #CompartiendoESCAT\",\"datePublished\":\"2022-06-01T13:51:00+00:00\",\"dateModified\":\"2022-07-05T21:37:55+00:00\",\"mainEntityOfPage\":{\"@id\":\"https:\/\/blogs.uninter.edu.mx\/ESCAT\/index.php\/subcampeona-nacional-de-boxeo\/\"},\"wordCount\":283,\"commentCount\":0,\"image\":{\"@id\":\"https:\/\/blogs.uninter.edu.mx\/ESCAT\/index.php\/subcampeona-nacional-de-boxeo\/#primaryimage\"},\"thumbnailUrl\":\"https:\/\/blogs.uninter.edu.mx\/ESCAT\/wp-content\/uploads\/2022\/05\/Boxeo.jpg\",\"keywords\":[\"Alumna\",\"Boxeo\",\"Campeonato\",\"ESCAT\",\"Mexicana\",\"Nacional\",\"Subcampeona\",\"Uninter\",\"Universidad Internacional\"],\"articleSection\":[\"Animaci\u00f3n y Dise\u00f1o Digital\",\"Dise\u00f1os\",\"Noticias\"],\"inLanguage\":\"es\",\"potentialAction\":[{\"@type\":\"CommentAction\",\"name\":\"Comment\",\"target\":[\"https:\/\/blogs.uninter.edu.mx\/ESCAT\/index.php\/subcampeona-nacional-de-boxeo\/#respond\"]}]},{\"@type\":\"WebPage\",\"@id\":\"https:\/\/blogs.uninter.edu.mx\/ESCAT\/index.php\/subcampeona-nacional-de-boxeo\/\",\"url\":\"https:\/\/blogs.uninter.edu.mx\/ESCAT\/index.php\/subcampeona-nacional-de-boxeo\/\",\"name\":\"Subcampeona nacional de boxeo #Alumna #LADD #Boxeo #Orgullo\",\"isPartOf\":{\"@id\":\"https:\/\/blogs.uninter.edu.mx\/ESCAT\/#website\"},\"primaryImageOfPage\":{\"@id\":\"https:\/\/blogs.uninter.edu.mx\/ESCAT\/index.php\/subcampeona-nacional-de-boxeo\/#primaryimage\"},\"image\":{\"@id\":\"https:\/\/blogs.uninter.edu.mx\/ESCAT\/index.php\/subcampeona-nacional-de-boxeo\/#primaryimage\"},\"thumbnailUrl\":\"https:\/\/blogs.uninter.edu.mx\/ESCAT\/wp-content\/uploads\/2022\/05\/Boxeo.jpg\",\"datePublished\":\"2022-06-01T13:51:00+00:00\",\"dateModified\":\"2022-07-05T21:37:55+00:00\",\"author\":{\"@id\":\"https:\/\/blogs.uninter.edu.mx\/ESCAT\/#\/schema\/person\/df7b8f33d62433cb78a2104bda02490d\"},\"description\":\"La subcampeona nacional de boxeo es la alumna Ana Luisa Guerrero Revueltas de 4to. semestre de la Licenciatura de Animaci\u00f3n y Dise\u00f1o Digital..\",\"breadcrumb\":{\"@id\":\"https:\/\/blogs.uninter.edu.mx\/ESCAT\/index.php\/subcampeona-nacional-de-boxeo\/#breadcrumb\"},\"inLanguage\":\"es\",\"potentialAction\":[{\"@type\":\"ReadAction\",\"target\":[\"https:\/\/blogs.uninter.edu.mx\/ESCAT\/index.php\/subcampeona-nacional-de-boxeo\/\"]}]},{\"@type\":\"ImageObject\",\"inLanguage\":\"es\",\"@id\":\"https:\/\/blogs.uninter.edu.mx\/ESCAT\/index.php\/subcampeona-nacional-de-boxeo\/#primaryimage\",\"url\":\"https:\/\/blogs.uninter.edu.mx\/ESCAT\/wp-content\/uploads\/2022\/05\/Boxeo.jpg\",\"contentUrl\":\"https:\/\/blogs.uninter.edu.mx\/ESCAT\/wp-content\/uploads\/2022\/05\/Boxeo.jpg\",\"width\":1280,\"height\":853},{\"@type\":\"BreadcrumbList\",\"@id\":\"https:\/\/blogs.uninter.edu.mx\/ESCAT\/index.php\/subcampeona-nacional-de-boxeo\/#breadcrumb\",\"itemListElement\":[{\"@type\":\"ListItem\",\"position\":1,\"name\":\"Inicio\",\"item\":\"https:\/\/blogs.uninter.edu.mx\/ESCAT\/\"},{\"@type\":\"ListItem\",\"position\":2,\"name\":\"Subcampeona nacional de boxeo #Alumna #LADD #Boxeo #Orgullo #CompartiendoESCAT\"}]},{\"@type\":\"WebSite\",\"@id\":\"https:\/\/blogs.uninter.edu.mx\/ESCAT\/#website\",\"url\":\"https:\/\/blogs.uninter.edu.mx\/ESCAT\/\",\"name\":\"Escuela de Ciencias, Artes y Tecnolog\u00eda UNINTER\",\"description\":\"ESCAT\",\"potentialAction\":[{\"@type\":\"SearchAction\",\"target\":{\"@type\":\"EntryPoint\",\"urlTemplate\":\"https:\/\/blogs.uninter.edu.mx\/ESCAT\/?s={search_term_string}\"},\"query-input\":{\"@type\":\"PropertyValueSpecification\",\"valueRequired\":true,\"valueName\":\"search_term_string\"}}],\"inLanguage\":\"es\"},{\"@type\":\"Person\",\"@id\":\"https:\/\/blogs.uninter.edu.mx\/ESCAT\/#\/schema\/person\/df7b8f33d62433cb78a2104bda02490d\",\"name\":\"EquipoEscat\",\"image\":{\"@type\":\"ImageObject\",\"inLanguage\":\"es\",\"@id\":\"https:\/\/blogs.uninter.edu.mx\/ESCAT\/#\/schema\/person\/image\/\",\"url\":\"https:\/\/secure.gravatar.com\/avatar\/d943e53cecc7e9e13c011abf6ec7475809c7d278834bde994b19ecd58034a9ff?s=96&d=mm&r=g\",\"contentUrl\":\"https:\/\/secure.gravatar.com\/avatar\/d943e53cecc7e9e13c011abf6ec7475809c7d278834bde994b19ecd58034a9ff?s=96&d=mm&r=g\",\"caption\":\"EquipoEscat\"},\"url\":\"https:\/\/blogs.uninter.edu.mx\/ESCAT\/index.php\/author\/equipoescat\/\"}]}<\/script>\r\n<!-- \/ Yoast SEO plugin. -->","yoast_head_json":{"title":"Subcampeona nacional de boxeo #Alumna #LADD #Boxeo #Orgullo","description":"La subcampeona nacional de boxeo es la alumna Ana Luisa Guerrero Revueltas de 4to. semestre de la Licenciatura de Animaci\u00f3n y Dise\u00f1o Digital..","robots":{"index":"index","follow":"follow","max-snippet":"max-snippet:-1","max-image-preview":"max-image-preview:large","max-video-preview":"max-video-preview:-1"},"canonical":"https:\/\/blogs.uninter.edu.mx\/ESCAT\/index.php\/subcampeona-nacional-de-boxeo\/","og_locale":"es_MX","og_type":"article","og_title":"Subcampeona nacional de boxeo #Alumna #LADD #Boxeo #Orgullo","og_description":"La subcampeona nacional de boxeo es la alumna Ana Luisa Guerrero Revueltas de 4to. semestre de la Licenciatura de Animaci\u00f3n y Dise\u00f1o Digital..","og_url":"https:\/\/blogs.uninter.edu.mx\/ESCAT\/index.php\/subcampeona-nacional-de-boxeo\/","og_site_name":"Escuela de Ciencias, Artes y Tecnolog\u00eda","article_publisher":"https:\/\/www.facebook.com\/EscatUninter\/","article_published_time":"2022-06-01T13:51:00+00:00","article_modified_time":"2022-07-05T21:37:55+00:00","og_image":[{"width":1280,"height":853,"url":"https:\/\/blogs.uninter.edu.mx\/ESCAT\/wp-content\/uploads\/2022\/05\/Boxeo.jpg","type":"image\/jpeg"}],"author":"EquipoEscat","twitter_card":"summary_large_image","twitter_image":"https:\/\/blogs.uninter.edu.mx\/ESCAT\/wp-content\/uploads\/2022\/05\/Boxeo.jpg","twitter_creator":"@EscatUninter","twitter_site":"@EscatUninter","twitter_misc":{"Escrito por":"EquipoEscat","Tiempo de lectura":"3 minutos"},"schema":{"@context":"https:\/\/schema.org","@graph":[{"@type":"Article","@id":"https:\/\/blogs.uninter.edu.mx\/ESCAT\/index.php\/subcampeona-nacional-de-boxeo\/#article","isPartOf":{"@id":"https:\/\/blogs.uninter.edu.mx\/ESCAT\/index.php\/subcampeona-nacional-de-boxeo\/"},"author":{"name":"EquipoEscat","@id":"https:\/\/blogs.uninter.edu.mx\/ESCAT\/#\/schema\/person\/df7b8f33d62433cb78a2104bda02490d"},"headline":"Subcampeona nacional de boxeo #Alumna #LADD #Boxeo #Orgullo #CompartiendoESCAT","datePublished":"2022-06-01T13:51:00+00:00","dateModified":"2022-07-05T21:37:55+00:00","mainEntityOfPage":{"@id":"https:\/\/blogs.uninter.edu.mx\/ESCAT\/index.php\/subcampeona-nacional-de-boxeo\/"},"wordCount":283,"commentCount":0,"image":{"@id":"https:\/\/blogs.uninter.edu.mx\/ESCAT\/index.php\/subcampeona-nacional-de-boxeo\/#primaryimage"},"thumbnailUrl":"https:\/\/blogs.uninter.edu.mx\/ESCAT\/wp-content\/uploads\/2022\/05\/Boxeo.jpg","keywords":["Alumna","Boxeo","Campeonato","ESCAT","Mexicana","Nacional","Subcampeona","Uninter","Universidad Internacional"],"articleSection":["Animaci\u00f3n y Dise\u00f1o Digital","Dise\u00f1os","Noticias"],"inLanguage":"es","potentialAction":[{"@type":"CommentAction","name":"Comment","target":["https:\/\/blogs.uninter.edu.mx\/ESCAT\/index.php\/subcampeona-nacional-de-boxeo\/#respond"]}]},{"@type":"WebPage","@id":"https:\/\/blogs.uninter.edu.mx\/ESCAT\/index.php\/subcampeona-nacional-de-boxeo\/","url":"https:\/\/blogs.uninter.edu.mx\/ESCAT\/index.php\/subcampeona-nacional-de-boxeo\/","name":"Subcampeona nacional de boxeo #Alumna #LADD #Boxeo #Orgullo","isPartOf":{"@id":"https:\/\/blogs.uninter.edu.mx\/ESCAT\/#website"},"primaryImageOfPage":{"@id":"https:\/\/blogs.uninter.edu.mx\/ESCAT\/index.php\/subcampeona-nacional-de-boxeo\/#primaryimage"},"image":{"@id":"https:\/\/blogs.uninter.edu.mx\/ESCAT\/index.php\/subcampeona-nacional-de-boxeo\/#primaryimage"},"thumbnailUrl":"https:\/\/blogs.uninter.edu.mx\/ESCAT\/wp-content\/uploads\/2022\/05\/Boxeo.jpg","datePublished":"2022-06-01T13:51:00+00:00","dateModified":"2022-07-05T21:37:55+00:00","author":{"@id":"https:\/\/blogs.uninter.edu.mx\/ESCAT\/#\/schema\/person\/df7b8f33d62433cb78a2104bda02490d"},"description":"La subcampeona nacional de boxeo es la alumna Ana Luisa Guerrero Revueltas de 4to. semestre de la Licenciatura de Animaci\u00f3n y Dise\u00f1o Digital..","breadcrumb":{"@id":"https:\/\/blogs.uninter.edu.mx\/ESCAT\/index.php\/subcampeona-nacional-de-boxeo\/#breadcrumb"},"inLanguage":"es","potentialAction":[{"@type":"ReadAction","target":["https:\/\/blogs.uninter.edu.mx\/ESCAT\/index.php\/subcampeona-nacional-de-boxeo\/"]}]},{"@type":"ImageObject","inLanguage":"es","@id":"https:\/\/blogs.uninter.edu.mx\/ESCAT\/index.php\/subcampeona-nacional-de-boxeo\/#primaryimage","url":"https:\/\/blogs.uninter.edu.mx\/ESCAT\/wp-content\/uploads\/2022\/05\/Boxeo.jpg","contentUrl":"https:\/\/blogs.uninter.edu.mx\/ESCAT\/wp-content\/uploads\/2022\/05\/Boxeo.jpg","width":1280,"height":853},{"@type":"BreadcrumbList","@id":"https:\/\/blogs.uninter.edu.mx\/ESCAT\/index.php\/subcampeona-nacional-de-boxeo\/#breadcrumb","itemListElement":[{"@type":"ListItem","position":1,"name":"Inicio","item":"https:\/\/blogs.uninter.edu.mx\/ESCAT\/"},{"@type":"ListItem","position":2,"name":"Subcampeona nacional de boxeo #Alumna #LADD #Boxeo #Orgullo #CompartiendoESCAT"}]},{"@type":"WebSite","@id":"https:\/\/blogs.uninter.edu.mx\/ESCAT\/#website","url":"https:\/\/blogs.uninter.edu.mx\/ESCAT\/","name":"Escuela de Ciencias, Artes y Tecnolog\u00eda UNINTER","description":"ESCAT","potentialAction":[{"@type":"SearchAction","target":{"@type":"EntryPoint","urlTemplate":"https:\/\/blogs.uninter.edu.mx\/ESCAT\/?s={search_term_string}"},"query-input":{"@type":"PropertyValueSpecification","valueRequired":true,"valueName":"search_term_string"}}],"inLanguage":"es"},{"@type":"Person","@id":"https:\/\/blogs.uninter.edu.mx\/ESCAT\/#\/schema\/person\/df7b8f33d62433cb78a2104bda02490d","name":"EquipoEscat","image":{"@type":"ImageObject","inLanguage":"es","@id":"https:\/\/blogs.uninter.edu.mx\/ESCAT\/#\/schema\/person\/image\/","url":"https:\/\/secure.gravatar.com\/avatar\/d943e53cecc7e9e13c011abf6ec7475809c7d278834bde994b19ecd58034a9ff?s=96&d=mm&r=g","contentUrl":"https:\/\/secure.gravatar.com\/avatar\/d943e53cecc7e9e13c011abf6ec7475809c7d278834bde994b19ecd58034a9ff?s=96&d=mm&r=g","caption":"EquipoEscat"},"url":"https:\/\/blogs.uninter.edu.mx\/ESCAT\/index.php\/author\/equipoescat\/"}]}},"jetpack_publicize_connections":[],"jetpack_featured_media_url":"https:\/\/blogs.uninter.edu.mx\/ESCAT\/wp-content\/uploads\/2022\/05\/Boxeo.jpg","jetpack_sharing_enabled":true,"_links":{"self":[{"href":"https:\/\/blogs.uninter.edu.mx\/ESCAT\/index.php\/wp-json\/wp\/v2\/posts\/49386","targetHints":{"allow":["GET"]}}],"collection":[{"href":"https:\/\/blogs.uninter.edu.mx\/ESCAT\/index.php\/wp-json\/wp\/v2\/posts"}],"about":[{"href":"https:\/\/blogs.uninter.edu.mx\/ESCAT\/index.php\/wp-json\/wp\/v2\/types\/post"}],"author":[{"embeddable":true,"href":"https:\/\/blogs.uninter.edu.mx\/ESCAT\/index.php\/wp-json\/wp\/v2\/users\/22"}],"replies":[{"embeddable":true,"href":"https:\/\/blogs.uninter.edu.mx\/ESCAT\/index.php\/wp-json\/wp\/v2\/comments?post=49386"}],"version-history":[{"count":5,"href":"https:\/\/blogs.uninter.edu.mx\/ESCAT\/index.php\/wp-json\/wp\/v2\/posts\/49386\/revisions"}],"predecessor-version":[{"id":51138,"href":"https:\/\/blogs.uninter.edu.mx\/ESCAT\/index.php\/wp-json\/wp\/v2\/posts\/49386\/revisions\/51138"}],"wp:featuredmedia":[{"embeddable":true,"href":"https:\/\/blogs.uninter.edu.mx\/ESCAT\/index.php\/wp-json\/wp\/v2\/media\/49388"}],"wp:attachment":[{"href":"https:\/\/blogs.uninter.edu.mx\/ESCAT\/index.php\/wp-json\/wp\/v2\/media?parent=49386"}],"wp:term":[{"taxonomy":"category","embeddable":true,"href":"https:\/\/blogs.uninter.edu.mx\/ESCAT\/index.php\/wp-json\/wp\/v2\/categories?post=49386"},{"taxonomy":"post_tag","embeddable":true,"href":"https:\/\/blogs.uninter.edu.mx\/ESCAT\/index.php\/wp-json\/wp\/v2\/tags?post=49386"}],"curies":[{"name":"wp","href":"https:\/\/api.w.org\/{rel}","templated":true}]}}