{"id":53171,"date":"2022-10-18T12:04:00","date_gmt":"2022-10-18T17:04:00","guid":{"rendered":"https:\/\/blogs.uninter.edu.mx\/ESCAT\/?p=53171"},"modified":"2022-09-05T10:58:03","modified_gmt":"2022-09-05T15:58:03","slug":"latinoamericanas-muralistas-identidades-entrelazadas","status":"publish","type":"post","link":"https:\/\/blogs.uninter.edu.mx\/ESCAT\/index.php\/latinoamericanas-muralistas-identidades-entrelazadas\/","title":{"rendered":"Latinoamericanas muralistas: identidades entrelazadas #LDG #Gr\u00e1fico #ESCAT"},"content":{"rendered":"<div class=\"wp-block-image\">\n<figure class=\"aligncenter size-full is-resized\"><a href=\"https:\/\/www.facebook.com\/EscatUninter\"><img loading=\"lazy\" decoding=\"async\" src=\"https:\/\/blogs.uninter.edu.mx\/ESCAT\/wp-content\/uploads\/2022\/08\/image-171.png\" alt=\"ESCAT\" class=\"wp-image-53200\" width=\"140\" height=\"140\" \/><\/a><\/figure>\n<\/div>\n\n\n<p class=\"has-text-align-justify\">Las latinoamericanas&nbsp;muralistas que desde sus diferentes nacionalidades convergen sus estilos y procesos creativos a trav\u00e9s de los temas de identidad, lucha social y empoderamiento.<\/p>\n\n\n\n<!--more-->\n\n\n<div class=\"wp-block-image\">\n<figure class=\"aligncenter size-full is-resized\"><img loading=\"lazy\" decoding=\"async\" src=\"https:\/\/blogs.uninter.edu.mx\/ESCAT\/wp-content\/uploads\/2022\/08\/1-4.png\" alt=\"Latinoamericanas\" class=\"wp-image-53173\" width=\"855\" height=\"475\" \/><\/figure>\n<\/div>\n\n\n<h3 class=\"has-text-align-center has-vivid-cyan-blue-color has-text-color wp-block-heading\">Las Muralistas y su Arte P\u00fablico Internacional<\/h3>\n\n\n\n<p class=\"has-text-align-justify\"><strong>Mariela Ajras<\/strong>: artista argentina que en su obra plasma temas sobre la memoria y el g\u00e9nero, donde la mujer adquiere un papel protag\u00f3nico que refleja fortaleza y diversidad. Sus murales han sido parte de festivales internacionales, ubicados en Los \u00c1ngeles, Las Vegas, Barcelona, Ciudad de M\u00e9xico, Bogot\u00e1, Buenos Aires, entre otras regiones.<\/p>\n\n\n\n<figure class=\"wp-block-gallery has-nested-images columns-default is-cropped wp-block-gallery-1 is-layout-flex wp-block-gallery-is-layout-flex\">\n<figure class=\"wp-block-image size-large\"><img loading=\"lazy\" decoding=\"async\" width=\"600\" height=\"600\" data-id=\"53174\" src=\"https:\/\/blogs.uninter.edu.mx\/ESCAT\/wp-content\/uploads\/2022\/08\/2-4.jpg\" alt=\"\" class=\"wp-image-53174\" \/><\/figure>\n\n\n\n<figure class=\"wp-block-image size-large\"><img loading=\"lazy\" decoding=\"async\" width=\"600\" height=\"600\" data-id=\"53175\" src=\"https:\/\/blogs.uninter.edu.mx\/ESCAT\/wp-content\/uploads\/2022\/08\/3-4.jpg\" alt=\"Latinoamericanas\" class=\"wp-image-53175\" \/><\/figure>\n\n\n\n<figure class=\"wp-block-image size-large\"><img loading=\"lazy\" decoding=\"async\" width=\"600\" height=\"600\" data-id=\"53176\" src=\"https:\/\/blogs.uninter.edu.mx\/ESCAT\/wp-content\/uploads\/2022\/08\/4-3.jpg\" alt=\"\" class=\"wp-image-53176\" \/><\/figure>\n\n\n\n<figure class=\"wp-block-image size-large\"><img loading=\"lazy\" decoding=\"async\" width=\"300\" height=\"300\" data-id=\"53177\" src=\"https:\/\/blogs.uninter.edu.mx\/ESCAT\/wp-content\/uploads\/2022\/08\/6-2.jpg\" alt=\"Latinoamericanas\" class=\"wp-image-53177\" \/><\/figure>\n\n\n\n<figure class=\"wp-block-image size-large\"><img loading=\"lazy\" decoding=\"async\" width=\"300\" height=\"300\" data-id=\"53178\" src=\"https:\/\/blogs.uninter.edu.mx\/ESCAT\/wp-content\/uploads\/2022\/08\/7-2.jpg\" alt=\"\" class=\"wp-image-53178\" \/><\/figure>\n\n\n\n<figure class=\"wp-block-image size-large\"><img loading=\"lazy\" decoding=\"async\" width=\"300\" height=\"300\" data-id=\"53179\" src=\"https:\/\/blogs.uninter.edu.mx\/ESCAT\/wp-content\/uploads\/2022\/08\/8-2.jpg\" alt=\"Latinoamericanas\" class=\"wp-image-53179\" \/><\/figure>\n<\/figure>\n\n\n\n<p class=\"has-text-align-justify\"><strong>Priscila Amoni<\/strong>: muralista brasile\u00f1a y creadora del festival Circuito Urbano de Arte (CURA), llevado a cabo en Belo Horizonte. Ha participado en muestras colectivas en Portugal y sus obras de gran formato se aprecian en las principales ciudades de Brasil . Los t\u00f3picos principales en sus murales son el poder femenino, las plantas y la fuerza, reflejados en su inter\u00e9s por la cultura oral, popular, africana y el chamanismo ind\u00edgena.<\/p>\n\n\n\n<figure class=\"wp-block-gallery has-nested-images columns-default is-cropped wp-block-gallery-2 is-layout-flex wp-block-gallery-is-layout-flex\">\n<figure class=\"wp-block-image size-large\"><img loading=\"lazy\" decoding=\"async\" width=\"600\" height=\"600\" data-id=\"53182\" src=\"https:\/\/blogs.uninter.edu.mx\/ESCAT\/wp-content\/uploads\/2022\/08\/1-4.jpg\" alt=\"Latinoamericanas\" class=\"wp-image-53182\" \/><\/figure>\n\n\n\n<figure class=\"wp-block-image size-large\"><img loading=\"lazy\" decoding=\"async\" width=\"600\" height=\"600\" data-id=\"53181\" src=\"https:\/\/blogs.uninter.edu.mx\/ESCAT\/wp-content\/uploads\/2022\/08\/2-5.jpg\" alt=\"Latinoamericanas\" class=\"wp-image-53181\" \/><\/figure>\n\n\n\n<figure class=\"wp-block-image size-large\"><img loading=\"lazy\" decoding=\"async\" width=\"300\" height=\"300\" data-id=\"53183\" src=\"https:\/\/blogs.uninter.edu.mx\/ESCAT\/wp-content\/uploads\/2022\/08\/3-5.jpg\" alt=\"Latinoamericanas\" class=\"wp-image-53183\" \/><\/figure>\n<\/figure>\n\n\n\n<p class=\"has-text-align-justify\"><strong>Adry del Roc\u00edo<\/strong>: artista mexicana originaria de Jalisco, cuyo estilo radica en crear murales e intervenciones pict\u00f3ricas sobre suelo en 3D. Ha sido galardonada en cert\u00e1menes de acuarela, pintura y arte urbano a nivel nacional e internacional. Su trabajo hiperrealista retoma elementos de la cultura mexicana, tales como la gastronom\u00eda, la fauna identitaria, paisajes emblem\u00e1ticos y tradiciones.<\/p>\n\n\n\n<figure class=\"wp-block-gallery has-nested-images columns-default is-cropped wp-block-gallery-3 is-layout-flex wp-block-gallery-is-layout-flex\">\n<figure class=\"wp-block-image size-large\"><img loading=\"lazy\" decoding=\"async\" width=\"600\" height=\"600\" data-id=\"53187\" src=\"https:\/\/blogs.uninter.edu.mx\/ESCAT\/wp-content\/uploads\/2022\/08\/5-2.jpg\" alt=\"\" class=\"wp-image-53187\" \/><\/figure>\n\n\n\n<figure class=\"wp-block-image size-large\"><img loading=\"lazy\" decoding=\"async\" width=\"600\" height=\"600\" data-id=\"53186\" src=\"https:\/\/blogs.uninter.edu.mx\/ESCAT\/wp-content\/uploads\/2022\/08\/6-3.jpg\" alt=\"Latinoamericanas\" class=\"wp-image-53186\" \/><\/figure>\n\n\n\n<figure class=\"wp-block-image size-large\"><img loading=\"lazy\" decoding=\"async\" width=\"600\" height=\"600\" data-id=\"53185\" src=\"https:\/\/blogs.uninter.edu.mx\/ESCAT\/wp-content\/uploads\/2022\/08\/7-3.jpg\" alt=\"\" class=\"wp-image-53185\" \/><\/figure>\n<\/figure>\n\n\n\n<h2 class=\"has-text-align-center has-vivid-green-cyan-color has-text-color wp-block-heading\">Latinoamericanas&nbsp;muralistas por el mundo<\/h2>\n\n\n\n<p class=\"has-text-align-justify\"><strong>Gleo:<\/strong> muralista colombiana que se inspira en el arte y cultura precolombina para crear sus obras de gran formato en el espacio p\u00fablico. Los rostros en sus murales llevan m\u00e1scaras, cuyos dise\u00f1os aluden a la tierra, el aire, el fuego y el agua. Estos elementos naturales convergen con su inter\u00e9s por lo on\u00edrico y m\u00edstico. Los personajes de Gleo se han convertido en protagonistas de ferias art\u00edsticas y galer\u00edas.<\/p>\n\n\n\n<figure class=\"wp-block-gallery has-nested-images columns-default is-cropped wp-block-gallery-4 is-layout-flex wp-block-gallery-is-layout-flex\">\n<figure class=\"wp-block-image size-large\"><img loading=\"lazy\" decoding=\"async\" width=\"600\" height=\"600\" data-id=\"53193\" src=\"https:\/\/blogs.uninter.edu.mx\/ESCAT\/wp-content\/uploads\/2022\/08\/1-5.jpg\" alt=\"Latinoamericanas\" class=\"wp-image-53193\" \/><\/figure>\n\n\n\n<figure class=\"wp-block-image size-large\"><img loading=\"lazy\" decoding=\"async\" width=\"600\" height=\"600\" data-id=\"53192\" src=\"https:\/\/blogs.uninter.edu.mx\/ESCAT\/wp-content\/uploads\/2022\/08\/2-6.jpg\" alt=\"\" class=\"wp-image-53192\" \/><\/figure>\n\n\n\n<figure class=\"wp-block-image size-large\"><img loading=\"lazy\" decoding=\"async\" width=\"600\" height=\"600\" data-id=\"53191\" src=\"https:\/\/blogs.uninter.edu.mx\/ESCAT\/wp-content\/uploads\/2022\/08\/3-6.jpg\" alt=\"Latinoamericanas\" class=\"wp-image-53191\" \/><\/figure>\n\n\n\n<figure class=\"wp-block-image size-large\"><img loading=\"lazy\" decoding=\"async\" width=\"600\" height=\"600\" data-id=\"53194\" src=\"https:\/\/blogs.uninter.edu.mx\/ESCAT\/wp-content\/uploads\/2022\/08\/4-5.jpg\" alt=\"\" class=\"wp-image-53194\" \/><\/figure>\n\n\n\n<figure class=\"wp-block-image size-large\"><img loading=\"lazy\" decoding=\"async\" width=\"300\" height=\"300\" data-id=\"53195\" src=\"https:\/\/blogs.uninter.edu.mx\/ESCAT\/wp-content\/uploads\/2022\/08\/5-3.jpg\" alt=\"Latinoamericanas\" class=\"wp-image-53195\" \/><\/figure>\n\n\n\n<figure class=\"wp-block-image size-large\"><img loading=\"lazy\" decoding=\"async\" width=\"300\" height=\"300\" data-id=\"53196\" src=\"https:\/\/blogs.uninter.edu.mx\/ESCAT\/wp-content\/uploads\/2022\/08\/6-4.jpg\" alt=\"\" class=\"wp-image-53196\" \/><\/figure>\n<\/figure>\n\n\n\n<p><strong>Milu Correch<\/strong>: muralista argentina que le interesa plasmar temas sociales que dialoguen y reflexionen con las identidades de la regi\u00f3n donde se encontrar\u00e1 la obra de gran formato. Sus murales se encuentran en las calles de Argentina y ciudades principales de Europa. En su estilo deja claro su postura sobre el uso del arte como herramienta expresiva de la memoria y protesta social.<\/p>\n\n\n\n<figure class=\"wp-block-gallery has-nested-images columns-default is-cropped wp-block-gallery-5 is-layout-flex wp-block-gallery-is-layout-flex\">\n<figure class=\"wp-block-image size-large\"><img loading=\"lazy\" decoding=\"async\" width=\"600\" height=\"600\" data-id=\"53198\" src=\"https:\/\/blogs.uninter.edu.mx\/ESCAT\/wp-content\/uploads\/2022\/08\/7-4.jpg\" alt=\"Latinoamericanas\" class=\"wp-image-53198\" \/><\/figure>\n\n\n\n<figure class=\"wp-block-image size-large\"><img loading=\"lazy\" decoding=\"async\" width=\"300\" height=\"300\" data-id=\"53197\" src=\"https:\/\/blogs.uninter.edu.mx\/ESCAT\/wp-content\/uploads\/2022\/08\/8-4.jpg\" alt=\"Latinoamericanas\" class=\"wp-image-53197\" \/><\/figure>\n<\/figure>\n\n\n\n<h6 class=\"has-small-font-size wp-block-heading\">Fuente: <a href=\"https:\/\/picnic.media\/muralistas-latinoamericanas-identidades-entrelazadas\/\">PICNIC<\/a><\/h6>\n\n\n\n<p class=\"has-text-align-right\"><a href=\"https:\/\/universidad.uninter.edu.mx\/carreras\/LDG\">Licenciatura en Dise\u00f1o Gr\u00e1fico<\/a><\/p>\n\n\n\n<p class=\"has-text-align-right\"><a href=\"https:\/\/blogs.uninter.edu.mx\/ESCAT\/index.php\/category\/diseno-grafico\/\">M\u00e1s noticias sobre Dise\u00f1o Gr\u00e1fico&#8230;<\/a><\/p>\n\n\n<div class=\"wp-block-image\">\n<figure class=\"aligncenter size-full\"><a href=\"https:\/\/uninter.edu.mx\/\"><img loading=\"lazy\" decoding=\"async\" width=\"1024\" height=\"154\" src=\"https:\/\/blogs.uninter.edu.mx\/ESCAT\/wp-content\/uploads\/2022\/08\/image-172.png\" alt=\"Universidad Internacional\" class=\"wp-image-53201\" \/><\/a><\/figure>\n<\/div>\n\n\n<p><\/p>\n","protected":false},"excerpt":{"rendered":"<p>Las latinoamericanas&nbsp;muralistas que desde sus diferentes nacionalidades convergen sus estilos y procesos creativos a trav\u00e9s de los temas de identidad, lucha social y empoderamiento.<\/p>\n","protected":false},"author":22,"featured_media":53529,"comment_status":"open","ping_status":"open","sticky":false,"template":"","format":"standard","meta":{"_jetpack_memberships_contains_paid_content":false,"footnotes":"","jetpack_publicize_message":"","jetpack_publicize_feature_enabled":true,"jetpack_social_post_already_shared":true,"jetpack_social_options":{"image_generator_settings":{"template":"highway","default_image_id":0,"font":"","enabled":false},"version":2}},"categories":[8,10,26],"tags":[354,3125,32,455,885,2686,3124,1404,3123,31,37],"class_list":["post-53171","post","type-post","status-publish","format-standard","has-post-thumbnail","hentry","category-diseno-grafico","category-disenos","category-noticias","tag-creatividad","tag-empoderamiento","tag-escat","tag-estilos","tag-identidad","tag-latinoamericanas","tag-lucha-social","tag-mujeres","tag-muralistas","tag-uninter","tag-universidad-internacional"],"yoast_head":"<!-- This site is optimized with the Yoast SEO plugin v26.8 - https:\/\/yoast.com\/product\/yoast-seo-wordpress\/ -->\r\n<title>Latinoamericanas muralistas: identidades entrelazadas #LDG #Gr\u00e1fico #ESCAT - Escuela de Ciencias, Artes y Tecnolog\u00eda<\/title>\r\n<meta name=\"description\" content=\"Las latinoamericanas\u00a0muralistas que desde sus diferentes nacionalidades convergen sus estilos y procesos creativos a trav\u00e9s de los temas...\" \/>\r\n<meta name=\"robots\" content=\"index, follow, max-snippet:-1, max-image-preview:large, max-video-preview:-1\" \/>\r\n<link rel=\"canonical\" href=\"https:\/\/blogs.uninter.edu.mx\/ESCAT\/index.php\/latinoamericanas-muralistas-identidades-entrelazadas\/\" \/>\r\n<meta property=\"og:locale\" content=\"es_MX\" \/>\r\n<meta property=\"og:type\" content=\"article\" \/>\r\n<meta property=\"og:title\" content=\"Latinoamericanas muralistas: identidades entrelazadas #LDG #Gr\u00e1fico #ESCAT - Escuela de Ciencias, Artes y Tecnolog\u00eda\" \/>\r\n<meta property=\"og:description\" content=\"Las latinoamericanas\u00a0muralistas que desde sus diferentes nacionalidades convergen sus estilos y procesos creativos a trav\u00e9s de los temas...\" \/>\r\n<meta property=\"og:url\" content=\"https:\/\/blogs.uninter.edu.mx\/ESCAT\/index.php\/latinoamericanas-muralistas-identidades-entrelazadas\/\" \/>\r\n<meta property=\"og:site_name\" content=\"Escuela de Ciencias, Artes y Tecnolog\u00eda\" \/>\r\n<meta property=\"article:publisher\" content=\"https:\/\/www.facebook.com\/EscatUninter\/\" \/>\r\n<meta property=\"article:published_time\" content=\"2022-10-18T17:04:00+00:00\" \/>\r\n<meta property=\"og:image\" content=\"https:\/\/blogs.uninter.edu.mx\/ESCAT\/wp-content\/uploads\/2022\/08\/Portada-muralistas.png\" \/>\r\n\t<meta property=\"og:image:width\" content=\"1200\" \/>\r\n\t<meta property=\"og:image:height\" content=\"800\" \/>\r\n\t<meta property=\"og:image:type\" content=\"image\/png\" \/>\r\n<meta name=\"author\" content=\"EquipoEscat\" \/>\r\n<meta name=\"twitter:card\" content=\"summary_large_image\" \/>\r\n<meta name=\"twitter:creator\" content=\"@EscatUninter\" \/>\r\n<meta name=\"twitter:site\" content=\"@EscatUninter\" \/>\r\n<meta name=\"twitter:label1\" content=\"Escrito por\" \/>\n\t<meta name=\"twitter:data1\" content=\"EquipoEscat\" \/>\n\t<meta name=\"twitter:label2\" content=\"Tiempo de lectura\" \/>\n\t<meta name=\"twitter:data2\" content=\"7 minutos\" \/>\r\n<script type=\"application\/ld+json\" class=\"yoast-schema-graph\">{\"@context\":\"https:\/\/schema.org\",\"@graph\":[{\"@type\":\"Article\",\"@id\":\"https:\/\/blogs.uninter.edu.mx\/ESCAT\/index.php\/latinoamericanas-muralistas-identidades-entrelazadas\/#article\",\"isPartOf\":{\"@id\":\"https:\/\/blogs.uninter.edu.mx\/ESCAT\/index.php\/latinoamericanas-muralistas-identidades-entrelazadas\/\"},\"author\":{\"name\":\"EquipoEscat\",\"@id\":\"https:\/\/blogs.uninter.edu.mx\/ESCAT\/#\/schema\/person\/df7b8f33d62433cb78a2104bda02490d\"},\"headline\":\"Latinoamericanas muralistas: identidades entrelazadas #LDG #Gr\u00e1fico #ESCAT\",\"datePublished\":\"2022-10-18T17:04:00+00:00\",\"mainEntityOfPage\":{\"@id\":\"https:\/\/blogs.uninter.edu.mx\/ESCAT\/index.php\/latinoamericanas-muralistas-identidades-entrelazadas\/\"},\"wordCount\":396,\"commentCount\":0,\"image\":{\"@id\":\"https:\/\/blogs.uninter.edu.mx\/ESCAT\/index.php\/latinoamericanas-muralistas-identidades-entrelazadas\/#primaryimage\"},\"thumbnailUrl\":\"https:\/\/blogs.uninter.edu.mx\/ESCAT\/wp-content\/uploads\/2022\/08\/Portada-muralistas.png\",\"keywords\":[\"Creatividad\",\"Empoderamiento\",\"ESCAT\",\"estilos\",\"Identidad\",\"Latinoamericanas\",\"Lucha social\",\"Mujeres\",\"Muralistas\",\"Uninter\",\"Universidad Internacional\"],\"articleSection\":[\"Dise\u00f1o Gr\u00e1fico\",\"Dise\u00f1os\",\"Noticias\"],\"inLanguage\":\"es\",\"potentialAction\":[{\"@type\":\"CommentAction\",\"name\":\"Comment\",\"target\":[\"https:\/\/blogs.uninter.edu.mx\/ESCAT\/index.php\/latinoamericanas-muralistas-identidades-entrelazadas\/#respond\"]}]},{\"@type\":\"WebPage\",\"@id\":\"https:\/\/blogs.uninter.edu.mx\/ESCAT\/index.php\/latinoamericanas-muralistas-identidades-entrelazadas\/\",\"url\":\"https:\/\/blogs.uninter.edu.mx\/ESCAT\/index.php\/latinoamericanas-muralistas-identidades-entrelazadas\/\",\"name\":\"Latinoamericanas muralistas: identidades entrelazadas #LDG #Gr\u00e1fico #ESCAT - Escuela de Ciencias, Artes y Tecnolog\u00eda\",\"isPartOf\":{\"@id\":\"https:\/\/blogs.uninter.edu.mx\/ESCAT\/#website\"},\"primaryImageOfPage\":{\"@id\":\"https:\/\/blogs.uninter.edu.mx\/ESCAT\/index.php\/latinoamericanas-muralistas-identidades-entrelazadas\/#primaryimage\"},\"image\":{\"@id\":\"https:\/\/blogs.uninter.edu.mx\/ESCAT\/index.php\/latinoamericanas-muralistas-identidades-entrelazadas\/#primaryimage\"},\"thumbnailUrl\":\"https:\/\/blogs.uninter.edu.mx\/ESCAT\/wp-content\/uploads\/2022\/08\/Portada-muralistas.png\",\"datePublished\":\"2022-10-18T17:04:00+00:00\",\"author\":{\"@id\":\"https:\/\/blogs.uninter.edu.mx\/ESCAT\/#\/schema\/person\/df7b8f33d62433cb78a2104bda02490d\"},\"description\":\"Las latinoamericanas\u00a0muralistas que desde sus diferentes nacionalidades convergen sus estilos y procesos creativos a trav\u00e9s de los temas...\",\"breadcrumb\":{\"@id\":\"https:\/\/blogs.uninter.edu.mx\/ESCAT\/index.php\/latinoamericanas-muralistas-identidades-entrelazadas\/#breadcrumb\"},\"inLanguage\":\"es\",\"potentialAction\":[{\"@type\":\"ReadAction\",\"target\":[\"https:\/\/blogs.uninter.edu.mx\/ESCAT\/index.php\/latinoamericanas-muralistas-identidades-entrelazadas\/\"]}]},{\"@type\":\"ImageObject\",\"inLanguage\":\"es\",\"@id\":\"https:\/\/blogs.uninter.edu.mx\/ESCAT\/index.php\/latinoamericanas-muralistas-identidades-entrelazadas\/#primaryimage\",\"url\":\"https:\/\/blogs.uninter.edu.mx\/ESCAT\/wp-content\/uploads\/2022\/08\/Portada-muralistas.png\",\"contentUrl\":\"https:\/\/blogs.uninter.edu.mx\/ESCAT\/wp-content\/uploads\/2022\/08\/Portada-muralistas.png\",\"width\":1200,\"height\":800},{\"@type\":\"BreadcrumbList\",\"@id\":\"https:\/\/blogs.uninter.edu.mx\/ESCAT\/index.php\/latinoamericanas-muralistas-identidades-entrelazadas\/#breadcrumb\",\"itemListElement\":[{\"@type\":\"ListItem\",\"position\":1,\"name\":\"Inicio\",\"item\":\"https:\/\/blogs.uninter.edu.mx\/ESCAT\/\"},{\"@type\":\"ListItem\",\"position\":2,\"name\":\"Latinoamericanas muralistas: identidades entrelazadas #LDG #Gr\u00e1fico #ESCAT\"}]},{\"@type\":\"WebSite\",\"@id\":\"https:\/\/blogs.uninter.edu.mx\/ESCAT\/#website\",\"url\":\"https:\/\/blogs.uninter.edu.mx\/ESCAT\/\",\"name\":\"Escuela de Ciencias, Artes y Tecnolog\u00eda UNINTER\",\"description\":\"ESCAT\",\"potentialAction\":[{\"@type\":\"SearchAction\",\"target\":{\"@type\":\"EntryPoint\",\"urlTemplate\":\"https:\/\/blogs.uninter.edu.mx\/ESCAT\/?s={search_term_string}\"},\"query-input\":{\"@type\":\"PropertyValueSpecification\",\"valueRequired\":true,\"valueName\":\"search_term_string\"}}],\"inLanguage\":\"es\"},{\"@type\":\"Person\",\"@id\":\"https:\/\/blogs.uninter.edu.mx\/ESCAT\/#\/schema\/person\/df7b8f33d62433cb78a2104bda02490d\",\"name\":\"EquipoEscat\",\"image\":{\"@type\":\"ImageObject\",\"inLanguage\":\"es\",\"@id\":\"https:\/\/blogs.uninter.edu.mx\/ESCAT\/#\/schema\/person\/image\/\",\"url\":\"https:\/\/secure.gravatar.com\/avatar\/d943e53cecc7e9e13c011abf6ec7475809c7d278834bde994b19ecd58034a9ff?s=96&d=mm&r=g\",\"contentUrl\":\"https:\/\/secure.gravatar.com\/avatar\/d943e53cecc7e9e13c011abf6ec7475809c7d278834bde994b19ecd58034a9ff?s=96&d=mm&r=g\",\"caption\":\"EquipoEscat\"},\"url\":\"https:\/\/blogs.uninter.edu.mx\/ESCAT\/index.php\/author\/equipoescat\/\"}]}<\/script>\r\n<!-- \/ Yoast SEO plugin. -->","yoast_head_json":{"title":"Latinoamericanas muralistas: identidades entrelazadas #LDG #Gr\u00e1fico #ESCAT - Escuela de Ciencias, Artes y Tecnolog\u00eda","description":"Las latinoamericanas\u00a0muralistas que desde sus diferentes nacionalidades convergen sus estilos y procesos creativos a trav\u00e9s de los temas...","robots":{"index":"index","follow":"follow","max-snippet":"max-snippet:-1","max-image-preview":"max-image-preview:large","max-video-preview":"max-video-preview:-1"},"canonical":"https:\/\/blogs.uninter.edu.mx\/ESCAT\/index.php\/latinoamericanas-muralistas-identidades-entrelazadas\/","og_locale":"es_MX","og_type":"article","og_title":"Latinoamericanas muralistas: identidades entrelazadas #LDG #Gr\u00e1fico #ESCAT - Escuela de Ciencias, Artes y Tecnolog\u00eda","og_description":"Las latinoamericanas\u00a0muralistas que desde sus diferentes nacionalidades convergen sus estilos y procesos creativos a trav\u00e9s de los temas...","og_url":"https:\/\/blogs.uninter.edu.mx\/ESCAT\/index.php\/latinoamericanas-muralistas-identidades-entrelazadas\/","og_site_name":"Escuela de Ciencias, Artes y Tecnolog\u00eda","article_publisher":"https:\/\/www.facebook.com\/EscatUninter\/","article_published_time":"2022-10-18T17:04:00+00:00","og_image":[{"width":1200,"height":800,"url":"https:\/\/blogs.uninter.edu.mx\/ESCAT\/wp-content\/uploads\/2022\/08\/Portada-muralistas.png","type":"image\/png"}],"author":"EquipoEscat","twitter_card":"summary_large_image","twitter_creator":"@EscatUninter","twitter_site":"@EscatUninter","twitter_misc":{"Escrito por":"EquipoEscat","Tiempo de lectura":"7 minutos"},"schema":{"@context":"https:\/\/schema.org","@graph":[{"@type":"Article","@id":"https:\/\/blogs.uninter.edu.mx\/ESCAT\/index.php\/latinoamericanas-muralistas-identidades-entrelazadas\/#article","isPartOf":{"@id":"https:\/\/blogs.uninter.edu.mx\/ESCAT\/index.php\/latinoamericanas-muralistas-identidades-entrelazadas\/"},"author":{"name":"EquipoEscat","@id":"https:\/\/blogs.uninter.edu.mx\/ESCAT\/#\/schema\/person\/df7b8f33d62433cb78a2104bda02490d"},"headline":"Latinoamericanas muralistas: identidades entrelazadas #LDG #Gr\u00e1fico #ESCAT","datePublished":"2022-10-18T17:04:00+00:00","mainEntityOfPage":{"@id":"https:\/\/blogs.uninter.edu.mx\/ESCAT\/index.php\/latinoamericanas-muralistas-identidades-entrelazadas\/"},"wordCount":396,"commentCount":0,"image":{"@id":"https:\/\/blogs.uninter.edu.mx\/ESCAT\/index.php\/latinoamericanas-muralistas-identidades-entrelazadas\/#primaryimage"},"thumbnailUrl":"https:\/\/blogs.uninter.edu.mx\/ESCAT\/wp-content\/uploads\/2022\/08\/Portada-muralistas.png","keywords":["Creatividad","Empoderamiento","ESCAT","estilos","Identidad","Latinoamericanas","Lucha social","Mujeres","Muralistas","Uninter","Universidad Internacional"],"articleSection":["Dise\u00f1o Gr\u00e1fico","Dise\u00f1os","Noticias"],"inLanguage":"es","potentialAction":[{"@type":"CommentAction","name":"Comment","target":["https:\/\/blogs.uninter.edu.mx\/ESCAT\/index.php\/latinoamericanas-muralistas-identidades-entrelazadas\/#respond"]}]},{"@type":"WebPage","@id":"https:\/\/blogs.uninter.edu.mx\/ESCAT\/index.php\/latinoamericanas-muralistas-identidades-entrelazadas\/","url":"https:\/\/blogs.uninter.edu.mx\/ESCAT\/index.php\/latinoamericanas-muralistas-identidades-entrelazadas\/","name":"Latinoamericanas muralistas: identidades entrelazadas #LDG #Gr\u00e1fico #ESCAT - Escuela de Ciencias, Artes y Tecnolog\u00eda","isPartOf":{"@id":"https:\/\/blogs.uninter.edu.mx\/ESCAT\/#website"},"primaryImageOfPage":{"@id":"https:\/\/blogs.uninter.edu.mx\/ESCAT\/index.php\/latinoamericanas-muralistas-identidades-entrelazadas\/#primaryimage"},"image":{"@id":"https:\/\/blogs.uninter.edu.mx\/ESCAT\/index.php\/latinoamericanas-muralistas-identidades-entrelazadas\/#primaryimage"},"thumbnailUrl":"https:\/\/blogs.uninter.edu.mx\/ESCAT\/wp-content\/uploads\/2022\/08\/Portada-muralistas.png","datePublished":"2022-10-18T17:04:00+00:00","author":{"@id":"https:\/\/blogs.uninter.edu.mx\/ESCAT\/#\/schema\/person\/df7b8f33d62433cb78a2104bda02490d"},"description":"Las latinoamericanas\u00a0muralistas que desde sus diferentes nacionalidades convergen sus estilos y procesos creativos a trav\u00e9s de los temas...","breadcrumb":{"@id":"https:\/\/blogs.uninter.edu.mx\/ESCAT\/index.php\/latinoamericanas-muralistas-identidades-entrelazadas\/#breadcrumb"},"inLanguage":"es","potentialAction":[{"@type":"ReadAction","target":["https:\/\/blogs.uninter.edu.mx\/ESCAT\/index.php\/latinoamericanas-muralistas-identidades-entrelazadas\/"]}]},{"@type":"ImageObject","inLanguage":"es","@id":"https:\/\/blogs.uninter.edu.mx\/ESCAT\/index.php\/latinoamericanas-muralistas-identidades-entrelazadas\/#primaryimage","url":"https:\/\/blogs.uninter.edu.mx\/ESCAT\/wp-content\/uploads\/2022\/08\/Portada-muralistas.png","contentUrl":"https:\/\/blogs.uninter.edu.mx\/ESCAT\/wp-content\/uploads\/2022\/08\/Portada-muralistas.png","width":1200,"height":800},{"@type":"BreadcrumbList","@id":"https:\/\/blogs.uninter.edu.mx\/ESCAT\/index.php\/latinoamericanas-muralistas-identidades-entrelazadas\/#breadcrumb","itemListElement":[{"@type":"ListItem","position":1,"name":"Inicio","item":"https:\/\/blogs.uninter.edu.mx\/ESCAT\/"},{"@type":"ListItem","position":2,"name":"Latinoamericanas muralistas: identidades entrelazadas #LDG #Gr\u00e1fico #ESCAT"}]},{"@type":"WebSite","@id":"https:\/\/blogs.uninter.edu.mx\/ESCAT\/#website","url":"https:\/\/blogs.uninter.edu.mx\/ESCAT\/","name":"Escuela de Ciencias, Artes y Tecnolog\u00eda UNINTER","description":"ESCAT","potentialAction":[{"@type":"SearchAction","target":{"@type":"EntryPoint","urlTemplate":"https:\/\/blogs.uninter.edu.mx\/ESCAT\/?s={search_term_string}"},"query-input":{"@type":"PropertyValueSpecification","valueRequired":true,"valueName":"search_term_string"}}],"inLanguage":"es"},{"@type":"Person","@id":"https:\/\/blogs.uninter.edu.mx\/ESCAT\/#\/schema\/person\/df7b8f33d62433cb78a2104bda02490d","name":"EquipoEscat","image":{"@type":"ImageObject","inLanguage":"es","@id":"https:\/\/blogs.uninter.edu.mx\/ESCAT\/#\/schema\/person\/image\/","url":"https:\/\/secure.gravatar.com\/avatar\/d943e53cecc7e9e13c011abf6ec7475809c7d278834bde994b19ecd58034a9ff?s=96&d=mm&r=g","contentUrl":"https:\/\/secure.gravatar.com\/avatar\/d943e53cecc7e9e13c011abf6ec7475809c7d278834bde994b19ecd58034a9ff?s=96&d=mm&r=g","caption":"EquipoEscat"},"url":"https:\/\/blogs.uninter.edu.mx\/ESCAT\/index.php\/author\/equipoescat\/"}]}},"jetpack_publicize_connections":[],"jetpack_featured_media_url":"https:\/\/blogs.uninter.edu.mx\/ESCAT\/wp-content\/uploads\/2022\/08\/Portada-muralistas.png","jetpack_sharing_enabled":true,"_links":{"self":[{"href":"https:\/\/blogs.uninter.edu.mx\/ESCAT\/index.php\/wp-json\/wp\/v2\/posts\/53171","targetHints":{"allow":["GET"]}}],"collection":[{"href":"https:\/\/blogs.uninter.edu.mx\/ESCAT\/index.php\/wp-json\/wp\/v2\/posts"}],"about":[{"href":"https:\/\/blogs.uninter.edu.mx\/ESCAT\/index.php\/wp-json\/wp\/v2\/types\/post"}],"author":[{"embeddable":true,"href":"https:\/\/blogs.uninter.edu.mx\/ESCAT\/index.php\/wp-json\/wp\/v2\/users\/22"}],"replies":[{"embeddable":true,"href":"https:\/\/blogs.uninter.edu.mx\/ESCAT\/index.php\/wp-json\/wp\/v2\/comments?post=53171"}],"version-history":[{"count":9,"href":"https:\/\/blogs.uninter.edu.mx\/ESCAT\/index.php\/wp-json\/wp\/v2\/posts\/53171\/revisions"}],"predecessor-version":[{"id":53683,"href":"https:\/\/blogs.uninter.edu.mx\/ESCAT\/index.php\/wp-json\/wp\/v2\/posts\/53171\/revisions\/53683"}],"wp:featuredmedia":[{"embeddable":true,"href":"https:\/\/blogs.uninter.edu.mx\/ESCAT\/index.php\/wp-json\/wp\/v2\/media\/53529"}],"wp:attachment":[{"href":"https:\/\/blogs.uninter.edu.mx\/ESCAT\/index.php\/wp-json\/wp\/v2\/media?parent=53171"}],"wp:term":[{"taxonomy":"category","embeddable":true,"href":"https:\/\/blogs.uninter.edu.mx\/ESCAT\/index.php\/wp-json\/wp\/v2\/categories?post=53171"},{"taxonomy":"post_tag","embeddable":true,"href":"https:\/\/blogs.uninter.edu.mx\/ESCAT\/index.php\/wp-json\/wp\/v2\/tags?post=53171"}],"curies":[{"name":"wp","href":"https:\/\/api.w.org\/{rel}","templated":true}]}}