{"id":54450,"date":"2022-12-13T08:34:00","date_gmt":"2022-12-13T14:34:00","guid":{"rendered":"https:\/\/blogs.uninter.edu.mx\/ESCAT\/?p=54450"},"modified":"2025-03-11T17:13:42","modified_gmt":"2025-03-11T23:13:42","slug":"modulo","status":"publish","type":"post","link":"https:\/\/blogs.uninter.edu.mx\/ESCAT\/index.php\/modulo\/","title":{"rendered":"M\u00f3dulo 1: Proyecci\u00f3n Arquitect\u00f3nica y Dibujo del DDI #Diplomado #ESCAT"},"content":{"rendered":"<div class=\"wp-block-image\">\n<figure class=\"aligncenter size-full is-resized\"><a href=\"https:\/\/www.facebook.com\/EscatUninter\"><img decoding=\"async\" src=\"https:\/\/blogs.uninter.edu.mx\/ESCAT\/wp-content\/uploads\/2022\/09\/image-14.png\" alt=\"\" class=\"wp-image-53947\" width=\"166\"\/><\/a><\/figure>\n<\/div>\n\n\n<p>El pasado 24 de septiembre comenz\u00f3 un nuevo ciclo del Diplomado en Dise\u00f1o de Interiores, y los estudiantes demostraron un gran desempe\u00f1o en su primer m\u00f3dulo: <em>Proyecci\u00f3n Arquitect\u00f3nica y Dibujo<\/em>. Este m\u00f3dulo, que finaliz\u00f3 el 29 de octubre, fue impartido por el profesor Jos\u00e9 Luis Cabrera Ch\u00e1vez. Durante las clases, los alumnos tuvieron la oportunidad de aprender herramientas clave para el dise\u00f1o de interiores, lo que les permiti\u00f3 desarrollar sus habilidades de manera efectiva.<\/p>\n\n\n\n<!--more-->\n\n\n\n<figure class=\"wp-block-image size-full is-resized\"><img loading=\"lazy\" decoding=\"async\" src=\"https:\/\/blogs.uninter.edu.mx\/ESCAT\/wp-content\/uploads\/2022\/11\/Modulo-1-Melissaa.png\" alt=\"Ejercicio de la alumna Melisa Lavalle\" class=\"wp-image-54451\" width=\"449\" height=\"398\"\/><figcaption class=\"wp-element-caption\">Ejercicio de la alumna Melisa Lavalle<\/figcaption><\/figure>\n\n\n\n<p>Una de las ventajas de este diplomado es el modelo <em>Blended Flex Learning<\/em> de la Universidad Internacional (Uninter), que ofrece la posibilidad de tomar clases presenciales o a distancia. Esta flexibilidad es ideal para estudiantes con diferentes horarios y necesidades, permiti\u00e9ndoles gestionar su tiempo y aprendizaje de forma eficiente. Como resultado, los alumnos pudieron adaptar el curso a sus vidas personales y profesionales.<\/p>\n\n\n\n<figure class=\"wp-block-image size-full is-resized\"><img loading=\"lazy\" decoding=\"async\" src=\"https:\/\/blogs.uninter.edu.mx\/ESCAT\/wp-content\/uploads\/2022\/11\/Clases.png\" alt=\"Clases h\u00edbridas\" class=\"wp-image-54452\" width=\"840\" height=\"404\"\/><figcaption class=\"wp-element-caption\">Clases h\u00edbridas<\/figcaption><\/figure>\n\n\n\n<p>En el primer m\u00f3dulo, los estudiantes exploraron conceptos fundamentales como las perspectivas, los colores y las texturas. Estos elementos son esenciales para crear dise\u00f1os que sean tanto funcionales como visualmente atractivos. Adem\u00e1s, la alumna Melisa Lavalle se destac\u00f3 en su ejercicio, aplicando con gran habilidad las t\u00e9cnicas aprendidas durante el curso.<\/p>\n\n\n\n<p>Por otro lado, el profesor Jorge Rivas tambi\u00e9n tuvo un impacto positivo en el aprendizaje de los estudiantes. Su experiencia y orientaci\u00f3n fueron clave para que los participantes pudieran dominar los conceptos b\u00e1sicos del dise\u00f1o arquitect\u00f3nico y aplicarlos en sus proyectos.<\/p>\n\n\n\n<figure class=\"wp-block-gallery has-nested-images columns-default is-cropped wp-block-gallery-1 is-layout-flex wp-block-gallery-is-layout-flex\">\n<figure class=\"wp-block-image size-large\"><img loading=\"lazy\" decoding=\"async\" width=\"960\" height=\"720\" data-id=\"54454\" src=\"https:\/\/blogs.uninter.edu.mx\/ESCAT\/wp-content\/uploads\/2022\/11\/Diapositiva12.jpg\" alt=\"M\u00f3dulo 1: Jorge Rivas\" class=\"wp-image-54454\"\/><figcaption class=\"wp-element-caption\">M\u00f3dulo 1: Jorge Rivas<\/figcaption><\/figure>\n\n\n\n<figure class=\"wp-block-image size-large\"><img loading=\"lazy\" decoding=\"async\" width=\"862\" height=\"540\" data-id=\"54453\" src=\"https:\/\/blogs.uninter.edu.mx\/ESCAT\/wp-content\/uploads\/2022\/11\/Modulo-1-Melissa-.png\" alt=\"M\u00f3dulo 1: Melissa\" class=\"wp-image-54453\"\/><figcaption class=\"wp-element-caption\">M\u00f3dulo 1: Melissa<\/figcaption><\/figure>\n\n\n\n<figure class=\"wp-block-image size-large\"><img loading=\"lazy\" decoding=\"async\" width=\"1341\" height=\"507\" data-id=\"54455\" src=\"https:\/\/blogs.uninter.edu.mx\/ESCAT\/wp-content\/uploads\/2022\/11\/Modulo-1-Melissa.png\" alt=\"M\u00f3dulo 1: Melissa\" class=\"wp-image-54455\"\/><figcaption class=\"wp-element-caption\">M\u00f3dulo 1: Melissa<\/figcaption><\/figure>\n<\/figure>\n\n\n\n<h6 class=\"wp-block-heading\"> <\/h6>\n\n\n\n<p>Si est\u00e1s interesado en explorar el dise\u00f1o de interiores, el Diplomado en Dise\u00f1o de Interiores de Uninter es una excelente oportunidad. Con este programa, podr\u00e1s adquirir las habilidades necesarias para destacarte en una disciplina creativa y en constante evoluci\u00f3n.<\/p>\n\n\n\n<p class=\"has-text-align-right\"><a href=\"https:\/\/diplomados.uninter.edu.mx\/Dip-Dise%C3%B1o-Interiores\">Diplomado en Dise\u00f1o de Interiores<\/a><\/p>\n\n\n\n<p class=\"has-text-align-right\"><a href=\"https:\/\/blogs.uninter.edu.mx\/ESCAT\/index.php\/category\/diplomado-en-diseno-de-interiores\/\">M\u00e1s noticias sobre Dise\u00f1o de Interiores&#8230;<\/a><\/p>\n\n\n<div class=\"wp-block-image\">\n<figure class=\"aligncenter size-full\"><a href=\"https:\/\/uninter.edu.mx\/\"><img loading=\"lazy\" decoding=\"async\" width=\"1024\" height=\"154\" src=\"https:\/\/blogs.uninter.edu.mx\/ESCAT\/wp-content\/uploads\/2022\/09\/image-11.png\" alt=\"\" class=\"wp-image-53806\"\/><\/a><\/figure>\n<\/div>","protected":false},"excerpt":{"rendered":"<p>El pasado 24 de septiembre comenz\u00f3 un nuevo ciclo del Diplomado en Dise\u00f1o de Interiores, y los estudiantes demostraron un gran desempe\u00f1o en su primer m\u00f3dulo: Proyecci\u00f3n Arquitect\u00f3nica y Dibujo. Este m\u00f3dulo, que finaliz\u00f3 el 29 de octubre, fue impartido por el profesor Jos\u00e9 Luis Cabrera Ch\u00e1vez. Durante las clases, los alumnos tuvieron la oportunidad&hellip;<\/p>\n","protected":false},"author":21,"featured_media":54456,"comment_status":"open","ping_status":"open","sticky":false,"template":"","format":"standard","meta":{"_jetpack_memberships_contains_paid_content":false,"footnotes":"","jetpack_publicize_message":"","jetpack_publicize_feature_enabled":true,"jetpack_social_post_already_shared":true,"jetpack_social_options":{"image_generator_settings":{"template":"highway","default_image_id":0,"font":"","enabled":false},"version":2}},"categories":[10,29],"tags":[303,1327,1195,32,3243,1194,3244,31,37],"class_list":["post-54450","post","type-post","status-publish","format-standard","has-post-thumbnail","hentry","category-disenos","category-posgrados","tag-ddi","tag-dibujos","tag-diplomado-de-diseno-de-interiores","tag-escat","tag-modulo","tag-perspectiva","tag-proyeccion","tag-uninter","tag-universidad-internacional"],"yoast_head":"<!-- This site is optimized with the Yoast SEO plugin v26.8 - https:\/\/yoast.com\/product\/yoast-seo-wordpress\/ -->\r\n<title>M\u00f3dulo1: Diplomado, Proyecci\u00f3n Arquitect\u00f3nica y Dibujo del DDI<\/title>\r\n<meta name=\"description\" content=\"El Diplomado en Dise\u00f1o de Interiores de Uninter te prepara para destacar en el mundo del dise\u00f1o.\" \/>\r\n<meta name=\"robots\" content=\"index, follow, max-snippet:-1, max-image-preview:large, max-video-preview:-1\" \/>\r\n<link rel=\"canonical\" href=\"https:\/\/blogs.uninter.edu.mx\/ESCAT\/index.php\/modulo\/\" \/>\r\n<meta property=\"og:locale\" content=\"es_MX\" \/>\r\n<meta property=\"og:type\" content=\"article\" \/>\r\n<meta property=\"og:title\" content=\"M\u00f3dulo1: Diplomado, Proyecci\u00f3n Arquitect\u00f3nica y Dibujo del DDI\" \/>\r\n<meta property=\"og:description\" content=\"El Diplomado en Dise\u00f1o de Interiores de Uninter te prepara para destacar en el mundo del dise\u00f1o.\" \/>\r\n<meta property=\"og:url\" content=\"https:\/\/blogs.uninter.edu.mx\/ESCAT\/index.php\/modulo\/\" \/>\r\n<meta property=\"og:site_name\" content=\"Escuela de Ciencias, Artes y Tecnolog\u00eda\" \/>\r\n<meta property=\"article:publisher\" content=\"https:\/\/www.facebook.com\/EscatUninter\/\" \/>\r\n<meta property=\"article:published_time\" content=\"2022-12-13T14:34:00+00:00\" \/>\r\n<meta property=\"article:modified_time\" content=\"2025-03-11T23:13:42+00:00\" \/>\r\n<meta property=\"og:image\" content=\"https:\/\/blogs.uninter.edu.mx\/ESCAT\/wp-content\/uploads\/2022\/11\/Modulo-1.jpg\" \/>\r\n\t<meta property=\"og:image:width\" content=\"1200\" \/>\r\n\t<meta property=\"og:image:height\" content=\"800\" \/>\r\n\t<meta property=\"og:image:type\" content=\"image\/jpeg\" \/>\r\n<meta name=\"author\" content=\"BFlores\" \/>\r\n<meta name=\"twitter:card\" content=\"summary_large_image\" \/>\r\n<meta name=\"twitter:creator\" content=\"@EscatUninter\" \/>\r\n<meta name=\"twitter:site\" content=\"@EscatUninter\" \/>\r\n<meta name=\"twitter:label1\" content=\"Escrito por\" \/>\n\t<meta name=\"twitter:data1\" content=\"BFlores\" \/>\n\t<meta name=\"twitter:label2\" content=\"Tiempo de lectura\" \/>\n\t<meta name=\"twitter:data2\" content=\"3 minutos\" \/>\r\n<script type=\"application\/ld+json\" class=\"yoast-schema-graph\">{\"@context\":\"https:\/\/schema.org\",\"@graph\":[{\"@type\":\"Article\",\"@id\":\"https:\/\/blogs.uninter.edu.mx\/ESCAT\/index.php\/modulo\/#article\",\"isPartOf\":{\"@id\":\"https:\/\/blogs.uninter.edu.mx\/ESCAT\/index.php\/modulo\/\"},\"author\":{\"name\":\"BFlores\",\"@id\":\"https:\/\/blogs.uninter.edu.mx\/ESCAT\/#\/schema\/person\/20cf307c027b8b860c45dede463e3e63\"},\"headline\":\"M\u00f3dulo 1: Proyecci\u00f3n Arquitect\u00f3nica y Dibujo del DDI #Diplomado #ESCAT\",\"datePublished\":\"2022-12-13T14:34:00+00:00\",\"dateModified\":\"2025-03-11T23:13:42+00:00\",\"mainEntityOfPage\":{\"@id\":\"https:\/\/blogs.uninter.edu.mx\/ESCAT\/index.php\/modulo\/\"},\"wordCount\":334,\"commentCount\":0,\"image\":{\"@id\":\"https:\/\/blogs.uninter.edu.mx\/ESCAT\/index.php\/modulo\/#primaryimage\"},\"thumbnailUrl\":\"https:\/\/blogs.uninter.edu.mx\/ESCAT\/wp-content\/uploads\/2022\/11\/Modulo-1.jpg\",\"keywords\":[\"DDI\",\"dibujos\",\"diplomado de dise\u00f1o de interiores\",\"ESCAT\",\"M\u00f3dulo\",\"Perspectiva\",\"Proyecci\u00f3n\",\"Uninter\",\"Universidad Internacional\"],\"articleSection\":[\"Dise\u00f1os\",\"Posgrados\"],\"inLanguage\":\"es\",\"potentialAction\":[{\"@type\":\"CommentAction\",\"name\":\"Comment\",\"target\":[\"https:\/\/blogs.uninter.edu.mx\/ESCAT\/index.php\/modulo\/#respond\"]}]},{\"@type\":\"WebPage\",\"@id\":\"https:\/\/blogs.uninter.edu.mx\/ESCAT\/index.php\/modulo\/\",\"url\":\"https:\/\/blogs.uninter.edu.mx\/ESCAT\/index.php\/modulo\/\",\"name\":\"M\u00f3dulo1: Diplomado, Proyecci\u00f3n Arquitect\u00f3nica y Dibujo del DDI\",\"isPartOf\":{\"@id\":\"https:\/\/blogs.uninter.edu.mx\/ESCAT\/#website\"},\"primaryImageOfPage\":{\"@id\":\"https:\/\/blogs.uninter.edu.mx\/ESCAT\/index.php\/modulo\/#primaryimage\"},\"image\":{\"@id\":\"https:\/\/blogs.uninter.edu.mx\/ESCAT\/index.php\/modulo\/#primaryimage\"},\"thumbnailUrl\":\"https:\/\/blogs.uninter.edu.mx\/ESCAT\/wp-content\/uploads\/2022\/11\/Modulo-1.jpg\",\"datePublished\":\"2022-12-13T14:34:00+00:00\",\"dateModified\":\"2025-03-11T23:13:42+00:00\",\"author\":{\"@id\":\"https:\/\/blogs.uninter.edu.mx\/ESCAT\/#\/schema\/person\/20cf307c027b8b860c45dede463e3e63\"},\"description\":\"El Diplomado en Dise\u00f1o de Interiores de Uninter te prepara para destacar en el mundo del dise\u00f1o.\",\"breadcrumb\":{\"@id\":\"https:\/\/blogs.uninter.edu.mx\/ESCAT\/index.php\/modulo\/#breadcrumb\"},\"inLanguage\":\"es\",\"potentialAction\":[{\"@type\":\"ReadAction\",\"target\":[\"https:\/\/blogs.uninter.edu.mx\/ESCAT\/index.php\/modulo\/\"]}]},{\"@type\":\"ImageObject\",\"inLanguage\":\"es\",\"@id\":\"https:\/\/blogs.uninter.edu.mx\/ESCAT\/index.php\/modulo\/#primaryimage\",\"url\":\"https:\/\/blogs.uninter.edu.mx\/ESCAT\/wp-content\/uploads\/2022\/11\/Modulo-1.jpg\",\"contentUrl\":\"https:\/\/blogs.uninter.edu.mx\/ESCAT\/wp-content\/uploads\/2022\/11\/Modulo-1.jpg\",\"width\":1200,\"height\":800,\"caption\":\"M\u00f3dulo 1\"},{\"@type\":\"BreadcrumbList\",\"@id\":\"https:\/\/blogs.uninter.edu.mx\/ESCAT\/index.php\/modulo\/#breadcrumb\",\"itemListElement\":[{\"@type\":\"ListItem\",\"position\":1,\"name\":\"Inicio\",\"item\":\"https:\/\/blogs.uninter.edu.mx\/ESCAT\/\"},{\"@type\":\"ListItem\",\"position\":2,\"name\":\"M\u00f3dulo 1: Proyecci\u00f3n Arquitect\u00f3nica y Dibujo del DDI #Diplomado #ESCAT\"}]},{\"@type\":\"WebSite\",\"@id\":\"https:\/\/blogs.uninter.edu.mx\/ESCAT\/#website\",\"url\":\"https:\/\/blogs.uninter.edu.mx\/ESCAT\/\",\"name\":\"Escuela de Ciencias, Artes y Tecnolog\u00eda UNINTER\",\"description\":\"ESCAT\",\"potentialAction\":[{\"@type\":\"SearchAction\",\"target\":{\"@type\":\"EntryPoint\",\"urlTemplate\":\"https:\/\/blogs.uninter.edu.mx\/ESCAT\/?s={search_term_string}\"},\"query-input\":{\"@type\":\"PropertyValueSpecification\",\"valueRequired\":true,\"valueName\":\"search_term_string\"}}],\"inLanguage\":\"es\"},{\"@type\":\"Person\",\"@id\":\"https:\/\/blogs.uninter.edu.mx\/ESCAT\/#\/schema\/person\/20cf307c027b8b860c45dede463e3e63\",\"name\":\"BFlores\",\"image\":{\"@type\":\"ImageObject\",\"inLanguage\":\"es\",\"@id\":\"https:\/\/blogs.uninter.edu.mx\/ESCAT\/#\/schema\/person\/image\/\",\"url\":\"https:\/\/secure.gravatar.com\/avatar\/358437bfbab1876c78816c437e87e0bc473b2576380f26640812e778ddc0da6f?s=96&d=mm&r=g\",\"contentUrl\":\"https:\/\/secure.gravatar.com\/avatar\/358437bfbab1876c78816c437e87e0bc473b2576380f26640812e778ddc0da6f?s=96&d=mm&r=g\",\"caption\":\"BFlores\"},\"url\":\"https:\/\/blogs.uninter.edu.mx\/ESCAT\/index.php\/author\/bflores\/\"}]}<\/script>\r\n<!-- \/ Yoast SEO plugin. -->","yoast_head_json":{"title":"M\u00f3dulo1: Diplomado, Proyecci\u00f3n Arquitect\u00f3nica y Dibujo del DDI","description":"El Diplomado en Dise\u00f1o de Interiores de Uninter te prepara para destacar en el mundo del dise\u00f1o.","robots":{"index":"index","follow":"follow","max-snippet":"max-snippet:-1","max-image-preview":"max-image-preview:large","max-video-preview":"max-video-preview:-1"},"canonical":"https:\/\/blogs.uninter.edu.mx\/ESCAT\/index.php\/modulo\/","og_locale":"es_MX","og_type":"article","og_title":"M\u00f3dulo1: Diplomado, Proyecci\u00f3n Arquitect\u00f3nica y Dibujo del DDI","og_description":"El Diplomado en Dise\u00f1o de Interiores de Uninter te prepara para destacar en el mundo del dise\u00f1o.","og_url":"https:\/\/blogs.uninter.edu.mx\/ESCAT\/index.php\/modulo\/","og_site_name":"Escuela de Ciencias, Artes y Tecnolog\u00eda","article_publisher":"https:\/\/www.facebook.com\/EscatUninter\/","article_published_time":"2022-12-13T14:34:00+00:00","article_modified_time":"2025-03-11T23:13:42+00:00","og_image":[{"width":1200,"height":800,"url":"https:\/\/blogs.uninter.edu.mx\/ESCAT\/wp-content\/uploads\/2022\/11\/Modulo-1.jpg","type":"image\/jpeg"}],"author":"BFlores","twitter_card":"summary_large_image","twitter_creator":"@EscatUninter","twitter_site":"@EscatUninter","twitter_misc":{"Escrito por":"BFlores","Tiempo de lectura":"3 minutos"},"schema":{"@context":"https:\/\/schema.org","@graph":[{"@type":"Article","@id":"https:\/\/blogs.uninter.edu.mx\/ESCAT\/index.php\/modulo\/#article","isPartOf":{"@id":"https:\/\/blogs.uninter.edu.mx\/ESCAT\/index.php\/modulo\/"},"author":{"name":"BFlores","@id":"https:\/\/blogs.uninter.edu.mx\/ESCAT\/#\/schema\/person\/20cf307c027b8b860c45dede463e3e63"},"headline":"M\u00f3dulo 1: Proyecci\u00f3n Arquitect\u00f3nica y Dibujo del DDI #Diplomado #ESCAT","datePublished":"2022-12-13T14:34:00+00:00","dateModified":"2025-03-11T23:13:42+00:00","mainEntityOfPage":{"@id":"https:\/\/blogs.uninter.edu.mx\/ESCAT\/index.php\/modulo\/"},"wordCount":334,"commentCount":0,"image":{"@id":"https:\/\/blogs.uninter.edu.mx\/ESCAT\/index.php\/modulo\/#primaryimage"},"thumbnailUrl":"https:\/\/blogs.uninter.edu.mx\/ESCAT\/wp-content\/uploads\/2022\/11\/Modulo-1.jpg","keywords":["DDI","dibujos","diplomado de dise\u00f1o de interiores","ESCAT","M\u00f3dulo","Perspectiva","Proyecci\u00f3n","Uninter","Universidad Internacional"],"articleSection":["Dise\u00f1os","Posgrados"],"inLanguage":"es","potentialAction":[{"@type":"CommentAction","name":"Comment","target":["https:\/\/blogs.uninter.edu.mx\/ESCAT\/index.php\/modulo\/#respond"]}]},{"@type":"WebPage","@id":"https:\/\/blogs.uninter.edu.mx\/ESCAT\/index.php\/modulo\/","url":"https:\/\/blogs.uninter.edu.mx\/ESCAT\/index.php\/modulo\/","name":"M\u00f3dulo1: Diplomado, Proyecci\u00f3n Arquitect\u00f3nica y Dibujo del DDI","isPartOf":{"@id":"https:\/\/blogs.uninter.edu.mx\/ESCAT\/#website"},"primaryImageOfPage":{"@id":"https:\/\/blogs.uninter.edu.mx\/ESCAT\/index.php\/modulo\/#primaryimage"},"image":{"@id":"https:\/\/blogs.uninter.edu.mx\/ESCAT\/index.php\/modulo\/#primaryimage"},"thumbnailUrl":"https:\/\/blogs.uninter.edu.mx\/ESCAT\/wp-content\/uploads\/2022\/11\/Modulo-1.jpg","datePublished":"2022-12-13T14:34:00+00:00","dateModified":"2025-03-11T23:13:42+00:00","author":{"@id":"https:\/\/blogs.uninter.edu.mx\/ESCAT\/#\/schema\/person\/20cf307c027b8b860c45dede463e3e63"},"description":"El Diplomado en Dise\u00f1o de Interiores de Uninter te prepara para destacar en el mundo del dise\u00f1o.","breadcrumb":{"@id":"https:\/\/blogs.uninter.edu.mx\/ESCAT\/index.php\/modulo\/#breadcrumb"},"inLanguage":"es","potentialAction":[{"@type":"ReadAction","target":["https:\/\/blogs.uninter.edu.mx\/ESCAT\/index.php\/modulo\/"]}]},{"@type":"ImageObject","inLanguage":"es","@id":"https:\/\/blogs.uninter.edu.mx\/ESCAT\/index.php\/modulo\/#primaryimage","url":"https:\/\/blogs.uninter.edu.mx\/ESCAT\/wp-content\/uploads\/2022\/11\/Modulo-1.jpg","contentUrl":"https:\/\/blogs.uninter.edu.mx\/ESCAT\/wp-content\/uploads\/2022\/11\/Modulo-1.jpg","width":1200,"height":800,"caption":"M\u00f3dulo 1"},{"@type":"BreadcrumbList","@id":"https:\/\/blogs.uninter.edu.mx\/ESCAT\/index.php\/modulo\/#breadcrumb","itemListElement":[{"@type":"ListItem","position":1,"name":"Inicio","item":"https:\/\/blogs.uninter.edu.mx\/ESCAT\/"},{"@type":"ListItem","position":2,"name":"M\u00f3dulo 1: Proyecci\u00f3n Arquitect\u00f3nica y Dibujo del DDI #Diplomado #ESCAT"}]},{"@type":"WebSite","@id":"https:\/\/blogs.uninter.edu.mx\/ESCAT\/#website","url":"https:\/\/blogs.uninter.edu.mx\/ESCAT\/","name":"Escuela de Ciencias, Artes y Tecnolog\u00eda UNINTER","description":"ESCAT","potentialAction":[{"@type":"SearchAction","target":{"@type":"EntryPoint","urlTemplate":"https:\/\/blogs.uninter.edu.mx\/ESCAT\/?s={search_term_string}"},"query-input":{"@type":"PropertyValueSpecification","valueRequired":true,"valueName":"search_term_string"}}],"inLanguage":"es"},{"@type":"Person","@id":"https:\/\/blogs.uninter.edu.mx\/ESCAT\/#\/schema\/person\/20cf307c027b8b860c45dede463e3e63","name":"BFlores","image":{"@type":"ImageObject","inLanguage":"es","@id":"https:\/\/blogs.uninter.edu.mx\/ESCAT\/#\/schema\/person\/image\/","url":"https:\/\/secure.gravatar.com\/avatar\/358437bfbab1876c78816c437e87e0bc473b2576380f26640812e778ddc0da6f?s=96&d=mm&r=g","contentUrl":"https:\/\/secure.gravatar.com\/avatar\/358437bfbab1876c78816c437e87e0bc473b2576380f26640812e778ddc0da6f?s=96&d=mm&r=g","caption":"BFlores"},"url":"https:\/\/blogs.uninter.edu.mx\/ESCAT\/index.php\/author\/bflores\/"}]}},"jetpack_publicize_connections":[],"jetpack_featured_media_url":"https:\/\/blogs.uninter.edu.mx\/ESCAT\/wp-content\/uploads\/2022\/11\/Modulo-1.jpg","jetpack_sharing_enabled":true,"_links":{"self":[{"href":"https:\/\/blogs.uninter.edu.mx\/ESCAT\/index.php\/wp-json\/wp\/v2\/posts\/54450","targetHints":{"allow":["GET"]}}],"collection":[{"href":"https:\/\/blogs.uninter.edu.mx\/ESCAT\/index.php\/wp-json\/wp\/v2\/posts"}],"about":[{"href":"https:\/\/blogs.uninter.edu.mx\/ESCAT\/index.php\/wp-json\/wp\/v2\/types\/post"}],"author":[{"embeddable":true,"href":"https:\/\/blogs.uninter.edu.mx\/ESCAT\/index.php\/wp-json\/wp\/v2\/users\/21"}],"replies":[{"embeddable":true,"href":"https:\/\/blogs.uninter.edu.mx\/ESCAT\/index.php\/wp-json\/wp\/v2\/comments?post=54450"}],"version-history":[{"count":12,"href":"https:\/\/blogs.uninter.edu.mx\/ESCAT\/index.php\/wp-json\/wp\/v2\/posts\/54450\/revisions"}],"predecessor-version":[{"id":72699,"href":"https:\/\/blogs.uninter.edu.mx\/ESCAT\/index.php\/wp-json\/wp\/v2\/posts\/54450\/revisions\/72699"}],"wp:featuredmedia":[{"embeddable":true,"href":"https:\/\/blogs.uninter.edu.mx\/ESCAT\/index.php\/wp-json\/wp\/v2\/media\/54456"}],"wp:attachment":[{"href":"https:\/\/blogs.uninter.edu.mx\/ESCAT\/index.php\/wp-json\/wp\/v2\/media?parent=54450"}],"wp:term":[{"taxonomy":"category","embeddable":true,"href":"https:\/\/blogs.uninter.edu.mx\/ESCAT\/index.php\/wp-json\/wp\/v2\/categories?post=54450"},{"taxonomy":"post_tag","embeddable":true,"href":"https:\/\/blogs.uninter.edu.mx\/ESCAT\/index.php\/wp-json\/wp\/v2\/tags?post=54450"}],"curies":[{"name":"wp","href":"https:\/\/api.w.org\/{rel}","templated":true}]}}