{"id":55536,"date":"2023-02-06T20:03:00","date_gmt":"2023-02-07T02:03:00","guid":{"rendered":"https:\/\/blogs.uninter.edu.mx\/ESCAT\/?p=55536"},"modified":"2023-02-03T16:01:25","modified_gmt":"2023-02-03T22:01:25","slug":"viva-magenta","status":"publish","type":"post","link":"https:\/\/blogs.uninter.edu.mx\/ESCAT\/index.php\/viva-magenta\/","title":{"rendered":"Viva Magenta: Color del 2023 #DDI #Diplomado #ESCAT"},"content":{"rendered":"<div class=\"wp-block-image\">\n<figure class=\"aligncenter size-full is-resized\"><a href=\"https:\/\/www.facebook.com\/EscatUninter\"><img decoding=\"async\" src=\"https:\/\/blogs.uninter.edu.mx\/ESCAT\/wp-content\/uploads\/2022\/09\/image-14.png\" alt=\"\" class=\"wp-image-53947\" width=\"166\"\/><\/a><\/figure>\n<\/div>\n\n\n<p>Viva Magenta es valiente e intr\u00e9pido, un color palpitante cuya exuberancia promueve una celebraci\u00f3n alegre y optimista, escribiendo una nueva narrativa&#8221;, explican en su presentaci\u00f3n. &#8220;El color del a\u00f1o de 2023 es poderoso y empoderador&#8221;, a\u00f1aden. <\/p>\n\n\n\n<!--more-->\n\n\n\n<figure class=\"wp-block-image size-full\"><img loading=\"lazy\" decoding=\"async\" width=\"564\" height=\"841\" src=\"https:\/\/blogs.uninter.edu.mx\/ESCAT\/wp-content\/uploads\/2023\/01\/324243755_578226087482068_425995805739964862_n.jpg\" alt=\"Viva magenta: color del 2023\" class=\"wp-image-55539\"\/><figcaption>Viva magenta: color del 2023<\/figcaption><\/figure>\n\n\n\n<p>&#8220;Un nuevo rojo animado que se deleita en pura alegr\u00eda, fomentando la experimentaci\u00f3n y la autoexpresi\u00f3n sin restricciones, un tono electrizante e ilimitado que se manifiesta como una declaraci\u00f3n destacada. PANTONE 18-1750, da la bienvenida a todos y cada uno con el mismo entusiasmo por la vida y esp\u00edritu rebelde. Es un color audaz, lleno de ingenio e inclusivo para todos&#8221;.<\/p>\n\n\n\n<figure class=\"wp-block-image size-full\"><img loading=\"lazy\" decoding=\"async\" width=\"564\" height=\"810\" src=\"https:\/\/blogs.uninter.edu.mx\/ESCAT\/wp-content\/uploads\/2023\/01\/324261481_707478830749736_1404305591906357058_n.jpg\" alt=\"Color del 2023\" class=\"wp-image-55540\"\/><figcaption>Viva magenta: color del 2023<\/figcaption><\/figure>\n\n\n\n<h4 class=\"wp-block-heading\">Datos a considerar<\/h4>\n\n\n\n<p>Para su elecci\u00f3n, se han basado en la b\u00fasqueda de lo natural, real y aut\u00e9ntico en una era principalmente tecnol\u00f3gica. &#8220;PANTONE 18-1750&#8243;, desciende de la familia de los rojos, y est\u00e1 inspirado en el rojo de la cochinilla (\u00e1cido carm\u00ednico), uno de los tintes m\u00e1s preciados de la familia de los tintes naturales, as\u00ed como uno de los m\u00e1s fuertes y brillantes que el mundo ha conocido&#8221;, explican.<\/p>\n\n\n\n<figure class=\"wp-block-image size-full\"><img loading=\"lazy\" decoding=\"async\" width=\"563\" height=\"456\" src=\"https:\/\/blogs.uninter.edu.mx\/ESCAT\/wp-content\/uploads\/2023\/01\/324417056_712822066864787_6644312222049151827_n.jpg\" alt=\"Viva magenta: color del 2023\" class=\"wp-image-55541\"\/><figcaption>Viva magenta: color del 2023<\/figcaption><\/figure>\n\n\n\n<p>&#8220;Arraigado en lo primordial, PANTONE 18-1750, nos reconecta con la materia original. Invocando las fuerzas de la naturaleza. Es un color que galvaniza nuestro esp\u00edritu, ayud\u00e1ndonos a construir nuestra fuerza interior&#8221;. Estas han sido las palabras de Leatrice Eiseman, Directora Ejecutiva de Pantone Color Insitute, tras la presentaci\u00f3n de su noticia anual m\u00e1s esperada.<\/p>\n\n\n\n<figure class=\"wp-block-gallery has-nested-images columns-default is-cropped wp-block-gallery-1 is-layout-flex wp-block-gallery-is-layout-flex\">\n<figure class=\"wp-block-image size-full\"><img loading=\"lazy\" decoding=\"async\" width=\"563\" height=\"727\" data-id=\"55543\" src=\"https:\/\/blogs.uninter.edu.mx\/ESCAT\/wp-content\/uploads\/2023\/01\/324152273_683723289896612_3374935084105169934_n.jpg\" alt=\"Color del 2023\" class=\"wp-image-55543\"\/><figcaption>Viva magenta: color del 2023<\/figcaption><\/figure>\n\n\n\n<figure class=\"wp-block-image size-large\"><img loading=\"lazy\" decoding=\"async\" width=\"563\" height=\"846\" data-id=\"55544\" src=\"https:\/\/blogs.uninter.edu.mx\/ESCAT\/wp-content\/uploads\/2023\/01\/324084532_697845735204106_2274140461634497011_n.jpg\" alt=\"Color del 2023\" class=\"wp-image-55544\"\/><figcaption>Viva magenta: color del 2023<\/figcaption><\/figure>\n\n\n\n<figure class=\"wp-block-image size-large\"><img loading=\"lazy\" decoding=\"async\" width=\"563\" height=\"727\" data-id=\"55543\" src=\"https:\/\/blogs.uninter.edu.mx\/ESCAT\/wp-content\/uploads\/2023\/01\/324152273_683723289896612_3374935084105169934_n.jpg\" alt=\"Color del 2023\" class=\"wp-image-55543\"\/><figcaption>Viva magenta: color del 2023<\/figcaption><\/figure>\n\n\n\n<figure class=\"wp-block-image size-large\"><img loading=\"lazy\" decoding=\"async\" width=\"563\" height=\"704\" data-id=\"55545\" src=\"https:\/\/blogs.uninter.edu.mx\/ESCAT\/wp-content\/uploads\/2023\/01\/324300282_895133724852341_5200333733345679527_n.jpg\" alt=\"Viva magenta\" class=\"wp-image-55545\"\/><figcaption>Viva magenta: color del 2023<\/figcaption><\/figure>\n\n\n\n<figure class=\"wp-block-image size-large\"><img loading=\"lazy\" decoding=\"async\" width=\"500\" height=\"654\" data-id=\"55546\" src=\"https:\/\/blogs.uninter.edu.mx\/ESCAT\/wp-content\/uploads\/2023\/01\/324333940_1156301691660479_5295476170928394192_n.jpg\" alt=\"Viva Magenta: Color del 2023\" class=\"wp-image-55546\"\/><figcaption>Viva Magenta: Color del 2023<\/figcaption><\/figure>\n<\/figure>\n\n\n\n<p>Se combina especialmente bien con su gama crom\u00e1tica, con rosas pastel, lilas o fucsias y tambi\u00e9n con sus azules complementarios.<\/p>\n\n\n\n<p>Ahora que sabes el color del 2023, podr\u00e1 usarlo y combinarlo como mejor te parezca. Para que as\u00ed, se puedan lograr buenas combinaciones dentro del Dise\u00f1o de Interiores.<\/p>\n\n\n\n<h6 class=\"wp-block-heading\">Fuente: <a href=\"https:\/\/www.arquitecturaydiseno.es\/decoracion\/viva-magenta-color-ano-2023-pantone_8229\">Arquitectura y dise\u00f1o<\/a><\/h6>\n\n\n\n<p class=\"has-text-align-right\"><a href=\"https:\/\/diplomados.uninter.edu.mx\/Dip-Dise%C3%B1o-Interiores\">Diplomado en Dise\u00f1o de Interiores<\/a><\/p>\n\n\n\n<p class=\"has-text-align-right\"><a href=\"https:\/\/blogs.uninter.edu.mx\/ESCAT\/index.php\/category\/diplomado-en-diseno-de-interiores\/\">M\u00e1s noticias sobre Dise\u00f1o de Interiores&#8230;<\/a><\/p>\n\n\n<div class=\"wp-block-image\">\n<figure class=\"aligncenter size-full\"><a href=\"https:\/\/uninter.edu.mx\/\"><img loading=\"lazy\" decoding=\"async\" width=\"1024\" height=\"154\" src=\"https:\/\/blogs.uninter.edu.mx\/ESCAT\/wp-content\/uploads\/2022\/09\/image-11.png\" alt=\"\" class=\"wp-image-53806\"\/><\/a><\/figure>\n<\/div>","protected":false},"excerpt":{"rendered":"<p>Viva Magenta es valiente e intr\u00e9pido, un color palpitante cuya exuberancia promueve una celebraci\u00f3n alegre y optimista, escribiendo una nueva narrativa&#8221;, explican en su presentaci\u00f3n. &#8220;El color del a\u00f1o de 2023 es poderoso y empoderador&#8221;, a\u00f1aden.<\/p>\n","protected":false},"author":21,"featured_media":55548,"comment_status":"open","ping_status":"open","sticky":false,"template":"","format":"standard","meta":{"_jetpack_memberships_contains_paid_content":false,"footnotes":"","jetpack_publicize_message":"","jetpack_publicize_feature_enabled":true,"jetpack_social_post_already_shared":true,"jetpack_social_options":{"image_generator_settings":{"template":"highway","default_image_id":0,"font":"","enabled":false},"version":2}},"categories":[10,29],"tags":[3364,250,740,248,1368,303,42,1195,32,1224,583,31,37],"class_list":["post-55536","post","type-post","status-publish","format-standard","has-post-thumbnail","hentry","category-disenos","category-posgrados","tag-20223-viva-magenta","tag-armonia","tag-color","tag-colores","tag-combinaciones","tag-ddi","tag-decoracion","tag-diplomado-de-diseno-de-interiores","tag-escat","tag-mobiliario","tag-tendencia-2","tag-uninter","tag-universidad-internacional"],"yoast_head":"<!-- This site is optimized with the Yoast SEO plugin v26.8 - https:\/\/yoast.com\/product\/yoast-seo-wordpress\/ -->\r\n<title>Viva Magenta: color del 2023 #DDI #Diplomado #ESCAT<\/title>\r\n<meta name=\"description\" content=\"Viva Magenta es valiente e intr\u00e9pido, un color palpitante cuya exuberancia promueve una celebraci\u00f3n alegre y optimista.\" \/>\r\n<meta name=\"robots\" content=\"index, follow, max-snippet:-1, max-image-preview:large, max-video-preview:-1\" \/>\r\n<link rel=\"canonical\" href=\"https:\/\/blogs.uninter.edu.mx\/ESCAT\/index.php\/viva-magenta\/\" \/>\r\n<meta property=\"og:locale\" content=\"es_MX\" \/>\r\n<meta property=\"og:type\" content=\"article\" \/>\r\n<meta property=\"og:title\" content=\"Viva Magenta: color del 2023 #DDI #Diplomado #ESCAT\" \/>\r\n<meta property=\"og:description\" content=\"Viva Magenta es valiente e intr\u00e9pido, un color palpitante cuya exuberancia promueve una celebraci\u00f3n alegre y optimista.\" \/>\r\n<meta property=\"og:url\" content=\"https:\/\/blogs.uninter.edu.mx\/ESCAT\/index.php\/viva-magenta\/\" \/>\r\n<meta property=\"og:site_name\" content=\"Escuela de Ciencias, Artes y Tecnolog\u00eda\" \/>\r\n<meta property=\"article:publisher\" content=\"https:\/\/www.facebook.com\/EscatUninter\/\" \/>\r\n<meta property=\"article:published_time\" content=\"2023-02-07T02:03:00+00:00\" \/>\r\n<meta property=\"og:image\" content=\"https:\/\/blogs.uninter.edu.mx\/ESCAT\/wp-content\/uploads\/2023\/01\/Color-2023.png\" \/>\r\n\t<meta property=\"og:image:width\" content=\"1200\" \/>\r\n\t<meta property=\"og:image:height\" content=\"800\" \/>\r\n\t<meta property=\"og:image:type\" content=\"image\/png\" \/>\r\n<meta name=\"author\" content=\"BFlores\" \/>\r\n<meta name=\"twitter:card\" content=\"summary_large_image\" \/>\r\n<meta name=\"twitter:creator\" content=\"@EscatUninter\" \/>\r\n<meta name=\"twitter:site\" content=\"@EscatUninter\" \/>\r\n<meta name=\"twitter:label1\" content=\"Escrito por\" \/>\n\t<meta name=\"twitter:data1\" content=\"BFlores\" \/>\n\t<meta name=\"twitter:label2\" content=\"Tiempo de lectura\" \/>\n\t<meta name=\"twitter:data2\" content=\"4 minutos\" \/>\r\n<script type=\"application\/ld+json\" class=\"yoast-schema-graph\">{\"@context\":\"https:\/\/schema.org\",\"@graph\":[{\"@type\":\"Article\",\"@id\":\"https:\/\/blogs.uninter.edu.mx\/ESCAT\/index.php\/viva-magenta\/#article\",\"isPartOf\":{\"@id\":\"https:\/\/blogs.uninter.edu.mx\/ESCAT\/index.php\/viva-magenta\/\"},\"author\":{\"name\":\"BFlores\",\"@id\":\"https:\/\/blogs.uninter.edu.mx\/ESCAT\/#\/schema\/person\/20cf307c027b8b860c45dede463e3e63\"},\"headline\":\"Viva Magenta: Color del 2023 #DDI #Diplomado #ESCAT\",\"datePublished\":\"2023-02-07T02:03:00+00:00\",\"mainEntityOfPage\":{\"@id\":\"https:\/\/blogs.uninter.edu.mx\/ESCAT\/index.php\/viva-magenta\/\"},\"wordCount\":350,\"commentCount\":0,\"image\":{\"@id\":\"https:\/\/blogs.uninter.edu.mx\/ESCAT\/index.php\/viva-magenta\/#primaryimage\"},\"thumbnailUrl\":\"https:\/\/blogs.uninter.edu.mx\/ESCAT\/wp-content\/uploads\/2023\/01\/Color-2023.png\",\"keywords\":[\"20223 viva magenta\",\"Armon\u00eda\",\"color\",\"Colores\",\"Combinaciones\",\"DDI\",\"Decoraci\u00f3n\",\"diplomado de dise\u00f1o de interiores\",\"ESCAT\",\"Mobiliario\",\"tendencia\",\"Uninter\",\"Universidad Internacional\"],\"articleSection\":[\"Dise\u00f1os\",\"Posgrados\"],\"inLanguage\":\"es\",\"potentialAction\":[{\"@type\":\"CommentAction\",\"name\":\"Comment\",\"target\":[\"https:\/\/blogs.uninter.edu.mx\/ESCAT\/index.php\/viva-magenta\/#respond\"]}]},{\"@type\":\"WebPage\",\"@id\":\"https:\/\/blogs.uninter.edu.mx\/ESCAT\/index.php\/viva-magenta\/\",\"url\":\"https:\/\/blogs.uninter.edu.mx\/ESCAT\/index.php\/viva-magenta\/\",\"name\":\"Viva Magenta: color del 2023 #DDI #Diplomado #ESCAT\",\"isPartOf\":{\"@id\":\"https:\/\/blogs.uninter.edu.mx\/ESCAT\/#website\"},\"primaryImageOfPage\":{\"@id\":\"https:\/\/blogs.uninter.edu.mx\/ESCAT\/index.php\/viva-magenta\/#primaryimage\"},\"image\":{\"@id\":\"https:\/\/blogs.uninter.edu.mx\/ESCAT\/index.php\/viva-magenta\/#primaryimage\"},\"thumbnailUrl\":\"https:\/\/blogs.uninter.edu.mx\/ESCAT\/wp-content\/uploads\/2023\/01\/Color-2023.png\",\"datePublished\":\"2023-02-07T02:03:00+00:00\",\"author\":{\"@id\":\"https:\/\/blogs.uninter.edu.mx\/ESCAT\/#\/schema\/person\/20cf307c027b8b860c45dede463e3e63\"},\"description\":\"Viva Magenta es valiente e intr\u00e9pido, un color palpitante cuya exuberancia promueve una celebraci\u00f3n alegre y optimista.\",\"breadcrumb\":{\"@id\":\"https:\/\/blogs.uninter.edu.mx\/ESCAT\/index.php\/viva-magenta\/#breadcrumb\"},\"inLanguage\":\"es\",\"potentialAction\":[{\"@type\":\"ReadAction\",\"target\":[\"https:\/\/blogs.uninter.edu.mx\/ESCAT\/index.php\/viva-magenta\/\"]}]},{\"@type\":\"ImageObject\",\"inLanguage\":\"es\",\"@id\":\"https:\/\/blogs.uninter.edu.mx\/ESCAT\/index.php\/viva-magenta\/#primaryimage\",\"url\":\"https:\/\/blogs.uninter.edu.mx\/ESCAT\/wp-content\/uploads\/2023\/01\/Color-2023.png\",\"contentUrl\":\"https:\/\/blogs.uninter.edu.mx\/ESCAT\/wp-content\/uploads\/2023\/01\/Color-2023.png\",\"width\":1200,\"height\":800,\"caption\":\"Color 2023\"},{\"@type\":\"BreadcrumbList\",\"@id\":\"https:\/\/blogs.uninter.edu.mx\/ESCAT\/index.php\/viva-magenta\/#breadcrumb\",\"itemListElement\":[{\"@type\":\"ListItem\",\"position\":1,\"name\":\"Inicio\",\"item\":\"https:\/\/blogs.uninter.edu.mx\/ESCAT\/\"},{\"@type\":\"ListItem\",\"position\":2,\"name\":\"Viva Magenta: Color del 2023 #DDI #Diplomado #ESCAT\"}]},{\"@type\":\"WebSite\",\"@id\":\"https:\/\/blogs.uninter.edu.mx\/ESCAT\/#website\",\"url\":\"https:\/\/blogs.uninter.edu.mx\/ESCAT\/\",\"name\":\"Escuela de Ciencias, Artes y Tecnolog\u00eda UNINTER\",\"description\":\"ESCAT\",\"potentialAction\":[{\"@type\":\"SearchAction\",\"target\":{\"@type\":\"EntryPoint\",\"urlTemplate\":\"https:\/\/blogs.uninter.edu.mx\/ESCAT\/?s={search_term_string}\"},\"query-input\":{\"@type\":\"PropertyValueSpecification\",\"valueRequired\":true,\"valueName\":\"search_term_string\"}}],\"inLanguage\":\"es\"},{\"@type\":\"Person\",\"@id\":\"https:\/\/blogs.uninter.edu.mx\/ESCAT\/#\/schema\/person\/20cf307c027b8b860c45dede463e3e63\",\"name\":\"BFlores\",\"image\":{\"@type\":\"ImageObject\",\"inLanguage\":\"es\",\"@id\":\"https:\/\/blogs.uninter.edu.mx\/ESCAT\/#\/schema\/person\/image\/\",\"url\":\"https:\/\/secure.gravatar.com\/avatar\/358437bfbab1876c78816c437e87e0bc473b2576380f26640812e778ddc0da6f?s=96&d=mm&r=g\",\"contentUrl\":\"https:\/\/secure.gravatar.com\/avatar\/358437bfbab1876c78816c437e87e0bc473b2576380f26640812e778ddc0da6f?s=96&d=mm&r=g\",\"caption\":\"BFlores\"},\"url\":\"https:\/\/blogs.uninter.edu.mx\/ESCAT\/index.php\/author\/bflores\/\"}]}<\/script>\r\n<!-- \/ Yoast SEO plugin. -->","yoast_head_json":{"title":"Viva Magenta: color del 2023 #DDI #Diplomado #ESCAT","description":"Viva Magenta es valiente e intr\u00e9pido, un color palpitante cuya exuberancia promueve una celebraci\u00f3n alegre y optimista.","robots":{"index":"index","follow":"follow","max-snippet":"max-snippet:-1","max-image-preview":"max-image-preview:large","max-video-preview":"max-video-preview:-1"},"canonical":"https:\/\/blogs.uninter.edu.mx\/ESCAT\/index.php\/viva-magenta\/","og_locale":"es_MX","og_type":"article","og_title":"Viva Magenta: color del 2023 #DDI #Diplomado #ESCAT","og_description":"Viva Magenta es valiente e intr\u00e9pido, un color palpitante cuya exuberancia promueve una celebraci\u00f3n alegre y optimista.","og_url":"https:\/\/blogs.uninter.edu.mx\/ESCAT\/index.php\/viva-magenta\/","og_site_name":"Escuela de Ciencias, Artes y Tecnolog\u00eda","article_publisher":"https:\/\/www.facebook.com\/EscatUninter\/","article_published_time":"2023-02-07T02:03:00+00:00","og_image":[{"width":1200,"height":800,"url":"https:\/\/blogs.uninter.edu.mx\/ESCAT\/wp-content\/uploads\/2023\/01\/Color-2023.png","type":"image\/png"}],"author":"BFlores","twitter_card":"summary_large_image","twitter_creator":"@EscatUninter","twitter_site":"@EscatUninter","twitter_misc":{"Escrito por":"BFlores","Tiempo de lectura":"4 minutos"},"schema":{"@context":"https:\/\/schema.org","@graph":[{"@type":"Article","@id":"https:\/\/blogs.uninter.edu.mx\/ESCAT\/index.php\/viva-magenta\/#article","isPartOf":{"@id":"https:\/\/blogs.uninter.edu.mx\/ESCAT\/index.php\/viva-magenta\/"},"author":{"name":"BFlores","@id":"https:\/\/blogs.uninter.edu.mx\/ESCAT\/#\/schema\/person\/20cf307c027b8b860c45dede463e3e63"},"headline":"Viva Magenta: Color del 2023 #DDI #Diplomado #ESCAT","datePublished":"2023-02-07T02:03:00+00:00","mainEntityOfPage":{"@id":"https:\/\/blogs.uninter.edu.mx\/ESCAT\/index.php\/viva-magenta\/"},"wordCount":350,"commentCount":0,"image":{"@id":"https:\/\/blogs.uninter.edu.mx\/ESCAT\/index.php\/viva-magenta\/#primaryimage"},"thumbnailUrl":"https:\/\/blogs.uninter.edu.mx\/ESCAT\/wp-content\/uploads\/2023\/01\/Color-2023.png","keywords":["20223 viva magenta","Armon\u00eda","color","Colores","Combinaciones","DDI","Decoraci\u00f3n","diplomado de dise\u00f1o de interiores","ESCAT","Mobiliario","tendencia","Uninter","Universidad Internacional"],"articleSection":["Dise\u00f1os","Posgrados"],"inLanguage":"es","potentialAction":[{"@type":"CommentAction","name":"Comment","target":["https:\/\/blogs.uninter.edu.mx\/ESCAT\/index.php\/viva-magenta\/#respond"]}]},{"@type":"WebPage","@id":"https:\/\/blogs.uninter.edu.mx\/ESCAT\/index.php\/viva-magenta\/","url":"https:\/\/blogs.uninter.edu.mx\/ESCAT\/index.php\/viva-magenta\/","name":"Viva Magenta: color del 2023 #DDI #Diplomado #ESCAT","isPartOf":{"@id":"https:\/\/blogs.uninter.edu.mx\/ESCAT\/#website"},"primaryImageOfPage":{"@id":"https:\/\/blogs.uninter.edu.mx\/ESCAT\/index.php\/viva-magenta\/#primaryimage"},"image":{"@id":"https:\/\/blogs.uninter.edu.mx\/ESCAT\/index.php\/viva-magenta\/#primaryimage"},"thumbnailUrl":"https:\/\/blogs.uninter.edu.mx\/ESCAT\/wp-content\/uploads\/2023\/01\/Color-2023.png","datePublished":"2023-02-07T02:03:00+00:00","author":{"@id":"https:\/\/blogs.uninter.edu.mx\/ESCAT\/#\/schema\/person\/20cf307c027b8b860c45dede463e3e63"},"description":"Viva Magenta es valiente e intr\u00e9pido, un color palpitante cuya exuberancia promueve una celebraci\u00f3n alegre y optimista.","breadcrumb":{"@id":"https:\/\/blogs.uninter.edu.mx\/ESCAT\/index.php\/viva-magenta\/#breadcrumb"},"inLanguage":"es","potentialAction":[{"@type":"ReadAction","target":["https:\/\/blogs.uninter.edu.mx\/ESCAT\/index.php\/viva-magenta\/"]}]},{"@type":"ImageObject","inLanguage":"es","@id":"https:\/\/blogs.uninter.edu.mx\/ESCAT\/index.php\/viva-magenta\/#primaryimage","url":"https:\/\/blogs.uninter.edu.mx\/ESCAT\/wp-content\/uploads\/2023\/01\/Color-2023.png","contentUrl":"https:\/\/blogs.uninter.edu.mx\/ESCAT\/wp-content\/uploads\/2023\/01\/Color-2023.png","width":1200,"height":800,"caption":"Color 2023"},{"@type":"BreadcrumbList","@id":"https:\/\/blogs.uninter.edu.mx\/ESCAT\/index.php\/viva-magenta\/#breadcrumb","itemListElement":[{"@type":"ListItem","position":1,"name":"Inicio","item":"https:\/\/blogs.uninter.edu.mx\/ESCAT\/"},{"@type":"ListItem","position":2,"name":"Viva Magenta: Color del 2023 #DDI #Diplomado #ESCAT"}]},{"@type":"WebSite","@id":"https:\/\/blogs.uninter.edu.mx\/ESCAT\/#website","url":"https:\/\/blogs.uninter.edu.mx\/ESCAT\/","name":"Escuela de Ciencias, Artes y Tecnolog\u00eda UNINTER","description":"ESCAT","potentialAction":[{"@type":"SearchAction","target":{"@type":"EntryPoint","urlTemplate":"https:\/\/blogs.uninter.edu.mx\/ESCAT\/?s={search_term_string}"},"query-input":{"@type":"PropertyValueSpecification","valueRequired":true,"valueName":"search_term_string"}}],"inLanguage":"es"},{"@type":"Person","@id":"https:\/\/blogs.uninter.edu.mx\/ESCAT\/#\/schema\/person\/20cf307c027b8b860c45dede463e3e63","name":"BFlores","image":{"@type":"ImageObject","inLanguage":"es","@id":"https:\/\/blogs.uninter.edu.mx\/ESCAT\/#\/schema\/person\/image\/","url":"https:\/\/secure.gravatar.com\/avatar\/358437bfbab1876c78816c437e87e0bc473b2576380f26640812e778ddc0da6f?s=96&d=mm&r=g","contentUrl":"https:\/\/secure.gravatar.com\/avatar\/358437bfbab1876c78816c437e87e0bc473b2576380f26640812e778ddc0da6f?s=96&d=mm&r=g","caption":"BFlores"},"url":"https:\/\/blogs.uninter.edu.mx\/ESCAT\/index.php\/author\/bflores\/"}]}},"jetpack_publicize_connections":[],"jetpack_featured_media_url":"https:\/\/blogs.uninter.edu.mx\/ESCAT\/wp-content\/uploads\/2023\/01\/Color-2023.png","jetpack_sharing_enabled":true,"_links":{"self":[{"href":"https:\/\/blogs.uninter.edu.mx\/ESCAT\/index.php\/wp-json\/wp\/v2\/posts\/55536","targetHints":{"allow":["GET"]}}],"collection":[{"href":"https:\/\/blogs.uninter.edu.mx\/ESCAT\/index.php\/wp-json\/wp\/v2\/posts"}],"about":[{"href":"https:\/\/blogs.uninter.edu.mx\/ESCAT\/index.php\/wp-json\/wp\/v2\/types\/post"}],"author":[{"embeddable":true,"href":"https:\/\/blogs.uninter.edu.mx\/ESCAT\/index.php\/wp-json\/wp\/v2\/users\/21"}],"replies":[{"embeddable":true,"href":"https:\/\/blogs.uninter.edu.mx\/ESCAT\/index.php\/wp-json\/wp\/v2\/comments?post=55536"}],"version-history":[{"count":5,"href":"https:\/\/blogs.uninter.edu.mx\/ESCAT\/index.php\/wp-json\/wp\/v2\/posts\/55536\/revisions"}],"predecessor-version":[{"id":56184,"href":"https:\/\/blogs.uninter.edu.mx\/ESCAT\/index.php\/wp-json\/wp\/v2\/posts\/55536\/revisions\/56184"}],"wp:featuredmedia":[{"embeddable":true,"href":"https:\/\/blogs.uninter.edu.mx\/ESCAT\/index.php\/wp-json\/wp\/v2\/media\/55548"}],"wp:attachment":[{"href":"https:\/\/blogs.uninter.edu.mx\/ESCAT\/index.php\/wp-json\/wp\/v2\/media?parent=55536"}],"wp:term":[{"taxonomy":"category","embeddable":true,"href":"https:\/\/blogs.uninter.edu.mx\/ESCAT\/index.php\/wp-json\/wp\/v2\/categories?post=55536"},{"taxonomy":"post_tag","embeddable":true,"href":"https:\/\/blogs.uninter.edu.mx\/ESCAT\/index.php\/wp-json\/wp\/v2\/tags?post=55536"}],"curies":[{"name":"wp","href":"https:\/\/api.w.org\/{rel}","templated":true}]}}