{"id":59672,"date":"2023-10-19T08:00:00","date_gmt":"2023-10-19T13:00:00","guid":{"rendered":"https:\/\/blogs.uninter.edu.mx\/ESCAT\/?p=59672"},"modified":"2023-07-28T16:48:57","modified_gmt":"2023-07-28T21:48:57","slug":"el-19-de-octubre-de-cada-ano-se-conmemora-el-dia-mundial-de-la-lucha-contra-el-cancer-de-mama-esta-fecha-pretende-sensibilizar-a-la-poblacion","status":"publish","type":"post","link":"https:\/\/blogs.uninter.edu.mx\/ESCAT\/index.php\/el-19-de-octubre-de-cada-ano-se-conmemora-el-dia-mundial-de-la-lucha-contra-el-cancer-de-mama-esta-fecha-pretende-sensibilizar-a-la-poblacion\/","title":{"rendered":"19 de Octubre, D\u00eda Internacional de Lucha Contra el C\u00e1ncer de Mama #Uninter #ESCAT #19Octubre"},"content":{"rendered":"<div class=\"wp-block-image\">\n<figure class=\"aligncenter size-full is-resized\"><a href=\"https:\/\/www.facebook.com\/EscatUninter\"><img loading=\"lazy\" decoding=\"async\" src=\"https:\/\/blogs.uninter.edu.mx\/ESCAT\/wp-content\/uploads\/2023\/07\/image-40.png\" alt=\"\" class=\"wp-image-59673\" width=\"283\" height=\"320\"\/><\/a><\/figure>\n<\/div>\n\n\n<p>El 19 de octubre el apoyo emocional es uno de los elementos clave para la atenci\u00f3n hacia las mujeres<\/p>\n\n\n\n<p>El 19 de octubre de cada a\u00f1o se conmemora el D\u00eda Mundial de la Lucha contra el C\u00e1ncer de Mama. Esta fecha pretende sensibilizar a la poblaci\u00f3n con un mensaje clave: la importancia de la detecci\u00f3n precoz, a fin de mejorar el pron\u00f3stico y la supervivencia de los casos de c\u00e1ncer de mama, lo cual, sigue siendo la piedra angular de la lucha contra esta enfermedad.<\/p>\n\n\n\n<div class=\"wp-block-columns is-layout-flex wp-container-core-columns-is-layout-9d6595d7 wp-block-columns-is-layout-flex\">\n<div class=\"wp-block-column is-layout-flow wp-block-column-is-layout-flow\">\n<figure class=\"wp-block-image size-full is-resized\"><img loading=\"lazy\" decoding=\"async\" src=\"https:\/\/blogs.uninter.edu.mx\/ESCAT\/wp-content\/uploads\/2023\/07\/images-4.jpeg\" alt=\"\" class=\"wp-image-59675\" width=\"405\" height=\"275\"\/><\/figure>\n<\/div>\n\n\n\n<div class=\"wp-block-column is-layout-flow wp-block-column-is-layout-flow\">\n<figure class=\"wp-block-image size-full is-resized\"><img loading=\"lazy\" decoding=\"async\" src=\"https:\/\/blogs.uninter.edu.mx\/ESCAT\/wp-content\/uploads\/2023\/07\/image-41.png\" alt=\"\" class=\"wp-image-59674\" width=\"416\" height=\"277\"\/><\/figure>\n<\/div>\n<\/div>\n\n\n\n<h2 class=\"wp-block-heading\">Actualmente <\/h2>\n\n\n\n<p>El c\u00e1ncer de mama es el m\u00e1s frecuente en las mujeres, tanto en los pa\u00edses desarrollados como en v\u00edas de desarrollo. La mayor\u00eda de las muertes por c\u00e1ncer de mama se producen en los pa\u00edses de ingresos bajos y medianos, donde gran parte de los casos se diagnostican en un estadio avanzado, sobre todo por la escasa concientizaci\u00f3n y las barreras que dificultan el acceso a los servicios de salud.<\/p>\n\n\n\n<p>El c\u00e1ncer es la segunda causa de muerte en el mundo, en 2015 ocasion\u00f3 8.8 millones de defunciones. En particular, el c\u00e1ncer de mama ocupa el primer lugar en incidencia de las neoplasias malignas en las mujeres de todo el mundo. <\/p>\n\n\n\n<p>Seg\u00fan la Organizaci\u00f3n Mundial de la Salud (OMS) define al c\u00e1ncer como un proceso de crecimiento y diseminaci\u00f3n incontrolable de c\u00e9lulas. Puede aparecer pr\u00e1cticamente en cualquier lugar del cuerpo. Un porcentaje importante de c\u00e1nceres pueden curarse mediante cirug\u00eda, radioterapia o quimioterapia, especialmente si se detectan en una fase temprana[1]<\/p>\n\n\n\n<h2 class=\"wp-block-heading\">En M\u00e9xico<\/h2>\n\n\n\n<p>El c\u00e1ncer de mama (CaMa) es la primera causa de muerte por c\u00e1ncer en mujeres de 25 a\u00f1os y m\u00e1s. Es una enfermedad en la que c\u00e9lulas proliferan de manera anormal e incontrolada en el tejido mamario. Se puede presentar tanto en las mujeres como en los hombres, aunque el c\u00e1ncer de mama masculino es muy poco frecuente.<\/p>\n\n\n\n<p>En 2017, la tasa de mortalidad por CaMa era de 19.04 defunciones por cada cien mil mujeres de 25 a\u00f1os y m\u00e1s; mientras que este indicador se ubic\u00f3 en 15.6 en 2005 y fue de 16.9 en 2010. La importancia de este padecimiento es tal, que entre las mujeres de 20 a\u00f1os y m\u00e1s, 16.3% de las defunciones por tumores malignos se deben al CaMa, por lo que se encuentra en primer lugar de las muertes por dichas causas.<\/p>\n\n\n\n<p>Conforme aumenta la edad, la proporci\u00f3n de mujeres que fallecen por este c\u00e1ncer es mayor, en 2016: de 14.8 muertes por cada 100 mil mujeres de 40 a 49 a\u00f1os, pasa a 29.5 para las de 50 a 59 a\u00f1os de edad, sube a 40.8 para aquellas de 60 a 69 a\u00f1os y llega a 54.8 para las de 70 a\u00f1os y m\u00e1s.<\/p>\n\n\n\n<figure class=\"wp-block-image size-full\"><img loading=\"lazy\" decoding=\"async\" width=\"1000\" height=\"577\" src=\"https:\/\/blogs.uninter.edu.mx\/ESCAT\/wp-content\/uploads\/2023\/07\/image-42.png\" alt=\"\" class=\"wp-image-59676\"\/><\/figure>\n\n\n\n<p>En el caso de los municipios ind\u00edgenas (40% y m\u00e1s de poblaci\u00f3n en hogares ind\u00edgenas) la tasa de mortalidad del CaMa entre las mujeres mayores de 30 a\u00f1os, fue de 8.1 defunciones por cada 100 mil mujeres del grupo de edad en 2015, frente a 21.8 a nivel nacional. El incremento conforme aumenta la edad es menor en los municipios ind\u00edgenas que, para el conjunto nacional, al ser de 9.5 para las mujeres de 45 a 64 a\u00f1os y de 14.7 para las mujeres de 65 a\u00f1os y m\u00e1s en el primer caso, y de 27.5 y 50.7 en el segundo, respectivamente.<\/p>\n\n\n\n<h6 class=\"wp-block-heading\">Fuente:&nbsp;<a href=\"https:\/\/www.gob.mx\/inmujeres\/es\/articulos\/19-de-octubre-dia-internacional-de-lucha-contra-el-cancer-de-mama\">Gobierno de M\u00e9xico<\/a><\/h6>\n\n\n\n<p class=\"has-text-align-right\"><a href=\"https:\/\/blogs.uninter.edu.mx\/ESCAT\/index.php\/category\/noticias\/\">M\u00e1s noticias sobre\u2026<\/a><\/p>\n\n\n\n<figure class=\"wp-block-image size-full\"><a href=\"https:\/\/uninter.edu.mx\/\"><img loading=\"lazy\" decoding=\"async\" width=\"1024\" height=\"154\" src=\"https:\/\/blogs.uninter.edu.mx\/ESCAT\/wp-content\/uploads\/2023\/07\/image-105.png\" alt=\"\" class=\"wp-image-60434\"\/><\/a><\/figure>\n","protected":false},"excerpt":{"rendered":"<p>El 19 de octubre el apoyo emocional es uno de los elementos clave para la atenci\u00f3n hacia las mujeres El 19 de octubre de cada a\u00f1o se conmemora el D\u00eda Mundial de la Lucha contra el C\u00e1ncer de Mama. Esta fecha pretende sensibilizar a la poblaci\u00f3n con un mensaje clave: la importancia de la detecci\u00f3n&hellip;<\/p>\n","protected":false},"author":22,"featured_media":59677,"comment_status":"open","ping_status":"open","sticky":false,"template":"","format":"standard","meta":{"_jetpack_memberships_contains_paid_content":false,"footnotes":"","jetpack_publicize_message":"","jetpack_publicize_feature_enabled":true,"jetpack_social_post_already_shared":true,"jetpack_social_options":{"image_generator_settings":{"template":"highway","default_image_id":0,"font":"","enabled":false},"version":2}},"categories":[10,26,29],"tags":[3971,3973,3970,3968,32,3974,3969,3972,31,37],"class_list":["post-59672","post","type-post","status-publish","format-standard","has-post-thumbnail","hentry","category-disenos","category-noticias","category-posgrados","tag-19-de-octubre","tag-cancer-3","tag-diacontraelcancerdemama","tag-diamundialdelcancerdemama","tag-escat","tag-mama-3","tag-sumatealrosa","tag-tuluchaesmilucha","tag-uninter","tag-universidad-internacional"],"yoast_head":"<!-- This site is optimized with the Yoast SEO plugin v26.8 - https:\/\/yoast.com\/product\/yoast-seo-wordpress\/ -->\r\n<title>19 de octubre D\u00eda Internacional de lucha contra el c\u00e1ncer de mama<\/title>\r\n<meta name=\"description\" content=\"El 19 de octubre de cada a\u00f1o se conmemora el D\u00eda Mundial de la Lucha contra el C\u00e1ncer de Mama. Esta fecha pretende sensibilizar a la poblaci\u00f3n\" \/>\r\n<meta name=\"robots\" content=\"index, follow, max-snippet:-1, max-image-preview:large, max-video-preview:-1\" \/>\r\n<link rel=\"canonical\" href=\"https:\/\/blogs.uninter.edu.mx\/ESCAT\/index.php\/el-19-de-octubre-de-cada-ano-se-conmemora-el-dia-mundial-de-la-lucha-contra-el-cancer-de-mama-esta-fecha-pretende-sensibilizar-a-la-poblacion\/\" \/>\r\n<meta property=\"og:locale\" content=\"es_MX\" \/>\r\n<meta property=\"og:type\" content=\"article\" \/>\r\n<meta property=\"og:title\" content=\"19 de octubre D\u00eda Internacional de lucha contra el c\u00e1ncer de mama\" \/>\r\n<meta property=\"og:description\" content=\"El 19 de octubre de cada a\u00f1o se conmemora el D\u00eda Mundial de la Lucha contra el C\u00e1ncer de Mama. Esta fecha pretende sensibilizar a la poblaci\u00f3n\" \/>\r\n<meta property=\"og:url\" content=\"https:\/\/blogs.uninter.edu.mx\/ESCAT\/index.php\/el-19-de-octubre-de-cada-ano-se-conmemora-el-dia-mundial-de-la-lucha-contra-el-cancer-de-mama-esta-fecha-pretende-sensibilizar-a-la-poblacion\/\" \/>\r\n<meta property=\"og:site_name\" content=\"Escuela de Ciencias, Artes y Tecnolog\u00eda\" \/>\r\n<meta property=\"article:publisher\" content=\"https:\/\/www.facebook.com\/EscatUninter\/\" \/>\r\n<meta property=\"article:published_time\" content=\"2023-10-19T13:00:00+00:00\" \/>\r\n<meta property=\"og:image\" content=\"https:\/\/blogs.uninter.edu.mx\/ESCAT\/wp-content\/uploads\/2023\/07\/7a5796939c6ac0dde162bfc405fdcfa3_XL-1.jpg\" \/>\r\n\t<meta property=\"og:image:width\" content=\"1200\" \/>\r\n\t<meta property=\"og:image:height\" content=\"800\" \/>\r\n\t<meta property=\"og:image:type\" content=\"image\/jpeg\" \/>\r\n<meta name=\"author\" content=\"EquipoEscat\" \/>\r\n<meta name=\"twitter:card\" content=\"summary_large_image\" \/>\r\n<meta name=\"twitter:image\" content=\"https:\/\/blogs.uninter.edu.mx\/ESCAT\/wp-content\/uploads\/2023\/07\/7a5796939c6ac0dde162bfc405fdcfa3_XL-1.jpg\" \/>\r\n<meta name=\"twitter:creator\" content=\"@EscatUninter\" \/>\r\n<meta name=\"twitter:site\" content=\"@EscatUninter\" \/>\r\n<meta name=\"twitter:label1\" content=\"Escrito por\" \/>\n\t<meta name=\"twitter:data1\" content=\"EquipoEscat\" \/>\n\t<meta name=\"twitter:label2\" content=\"Tiempo de lectura\" \/>\n\t<meta name=\"twitter:data2\" content=\"4 minutos\" \/>\r\n<script type=\"application\/ld+json\" class=\"yoast-schema-graph\">{\"@context\":\"https:\/\/schema.org\",\"@graph\":[{\"@type\":\"Article\",\"@id\":\"https:\/\/blogs.uninter.edu.mx\/ESCAT\/index.php\/el-19-de-octubre-de-cada-ano-se-conmemora-el-dia-mundial-de-la-lucha-contra-el-cancer-de-mama-esta-fecha-pretende-sensibilizar-a-la-poblacion\/#article\",\"isPartOf\":{\"@id\":\"https:\/\/blogs.uninter.edu.mx\/ESCAT\/index.php\/el-19-de-octubre-de-cada-ano-se-conmemora-el-dia-mundial-de-la-lucha-contra-el-cancer-de-mama-esta-fecha-pretende-sensibilizar-a-la-poblacion\/\"},\"author\":{\"name\":\"EquipoEscat\",\"@id\":\"https:\/\/blogs.uninter.edu.mx\/ESCAT\/#\/schema\/person\/df7b8f33d62433cb78a2104bda02490d\"},\"headline\":\"19 de Octubre, D\u00eda Internacional de Lucha Contra el C\u00e1ncer de Mama #Uninter #ESCAT #19Octubre\",\"datePublished\":\"2023-10-19T13:00:00+00:00\",\"mainEntityOfPage\":{\"@id\":\"https:\/\/blogs.uninter.edu.mx\/ESCAT\/index.php\/el-19-de-octubre-de-cada-ano-se-conmemora-el-dia-mundial-de-la-lucha-contra-el-cancer-de-mama-esta-fecha-pretende-sensibilizar-a-la-poblacion\/\"},\"wordCount\":589,\"commentCount\":0,\"image\":{\"@id\":\"https:\/\/blogs.uninter.edu.mx\/ESCAT\/index.php\/el-19-de-octubre-de-cada-ano-se-conmemora-el-dia-mundial-de-la-lucha-contra-el-cancer-de-mama-esta-fecha-pretende-sensibilizar-a-la-poblacion\/#primaryimage\"},\"thumbnailUrl\":\"https:\/\/blogs.uninter.edu.mx\/ESCAT\/wp-content\/uploads\/2023\/07\/7a5796939c6ac0dde162bfc405fdcfa3_XL-1.jpg\",\"keywords\":[\"19 de octubre\",\"cancer\",\"D\u00edaContraelC\u00e1ncerdeMama\",\"DiaMundialdelCancerdeMama\",\"ESCAT\",\"mama\",\"s\u00famatealrosa\",\"TuLuchaEsmiLucha\",\"Uninter\",\"Universidad Internacional\"],\"articleSection\":[\"Dise\u00f1os\",\"Noticias\",\"Posgrados\"],\"inLanguage\":\"es\",\"potentialAction\":[{\"@type\":\"CommentAction\",\"name\":\"Comment\",\"target\":[\"https:\/\/blogs.uninter.edu.mx\/ESCAT\/index.php\/el-19-de-octubre-de-cada-ano-se-conmemora-el-dia-mundial-de-la-lucha-contra-el-cancer-de-mama-esta-fecha-pretende-sensibilizar-a-la-poblacion\/#respond\"]}]},{\"@type\":\"WebPage\",\"@id\":\"https:\/\/blogs.uninter.edu.mx\/ESCAT\/index.php\/el-19-de-octubre-de-cada-ano-se-conmemora-el-dia-mundial-de-la-lucha-contra-el-cancer-de-mama-esta-fecha-pretende-sensibilizar-a-la-poblacion\/\",\"url\":\"https:\/\/blogs.uninter.edu.mx\/ESCAT\/index.php\/el-19-de-octubre-de-cada-ano-se-conmemora-el-dia-mundial-de-la-lucha-contra-el-cancer-de-mama-esta-fecha-pretende-sensibilizar-a-la-poblacion\/\",\"name\":\"19 de octubre D\u00eda Internacional de lucha contra el c\u00e1ncer de mama\",\"isPartOf\":{\"@id\":\"https:\/\/blogs.uninter.edu.mx\/ESCAT\/#website\"},\"primaryImageOfPage\":{\"@id\":\"https:\/\/blogs.uninter.edu.mx\/ESCAT\/index.php\/el-19-de-octubre-de-cada-ano-se-conmemora-el-dia-mundial-de-la-lucha-contra-el-cancer-de-mama-esta-fecha-pretende-sensibilizar-a-la-poblacion\/#primaryimage\"},\"image\":{\"@id\":\"https:\/\/blogs.uninter.edu.mx\/ESCAT\/index.php\/el-19-de-octubre-de-cada-ano-se-conmemora-el-dia-mundial-de-la-lucha-contra-el-cancer-de-mama-esta-fecha-pretende-sensibilizar-a-la-poblacion\/#primaryimage\"},\"thumbnailUrl\":\"https:\/\/blogs.uninter.edu.mx\/ESCAT\/wp-content\/uploads\/2023\/07\/7a5796939c6ac0dde162bfc405fdcfa3_XL-1.jpg\",\"datePublished\":\"2023-10-19T13:00:00+00:00\",\"author\":{\"@id\":\"https:\/\/blogs.uninter.edu.mx\/ESCAT\/#\/schema\/person\/df7b8f33d62433cb78a2104bda02490d\"},\"description\":\"El 19 de octubre de cada a\u00f1o se conmemora el D\u00eda Mundial de la Lucha contra el C\u00e1ncer de Mama. Esta fecha pretende sensibilizar a la poblaci\u00f3n\",\"breadcrumb\":{\"@id\":\"https:\/\/blogs.uninter.edu.mx\/ESCAT\/index.php\/el-19-de-octubre-de-cada-ano-se-conmemora-el-dia-mundial-de-la-lucha-contra-el-cancer-de-mama-esta-fecha-pretende-sensibilizar-a-la-poblacion\/#breadcrumb\"},\"inLanguage\":\"es\",\"potentialAction\":[{\"@type\":\"ReadAction\",\"target\":[\"https:\/\/blogs.uninter.edu.mx\/ESCAT\/index.php\/el-19-de-octubre-de-cada-ano-se-conmemora-el-dia-mundial-de-la-lucha-contra-el-cancer-de-mama-esta-fecha-pretende-sensibilizar-a-la-poblacion\/\"]}]},{\"@type\":\"ImageObject\",\"inLanguage\":\"es\",\"@id\":\"https:\/\/blogs.uninter.edu.mx\/ESCAT\/index.php\/el-19-de-octubre-de-cada-ano-se-conmemora-el-dia-mundial-de-la-lucha-contra-el-cancer-de-mama-esta-fecha-pretende-sensibilizar-a-la-poblacion\/#primaryimage\",\"url\":\"https:\/\/blogs.uninter.edu.mx\/ESCAT\/wp-content\/uploads\/2023\/07\/7a5796939c6ac0dde162bfc405fdcfa3_XL-1.jpg\",\"contentUrl\":\"https:\/\/blogs.uninter.edu.mx\/ESCAT\/wp-content\/uploads\/2023\/07\/7a5796939c6ac0dde162bfc405fdcfa3_XL-1.jpg\",\"width\":1200,\"height\":800},{\"@type\":\"BreadcrumbList\",\"@id\":\"https:\/\/blogs.uninter.edu.mx\/ESCAT\/index.php\/el-19-de-octubre-de-cada-ano-se-conmemora-el-dia-mundial-de-la-lucha-contra-el-cancer-de-mama-esta-fecha-pretende-sensibilizar-a-la-poblacion\/#breadcrumb\",\"itemListElement\":[{\"@type\":\"ListItem\",\"position\":1,\"name\":\"Inicio\",\"item\":\"https:\/\/blogs.uninter.edu.mx\/ESCAT\/\"},{\"@type\":\"ListItem\",\"position\":2,\"name\":\"19 de Octubre, D\u00eda Internacional de Lucha Contra el C\u00e1ncer de Mama #Uninter #ESCAT #19Octubre\"}]},{\"@type\":\"WebSite\",\"@id\":\"https:\/\/blogs.uninter.edu.mx\/ESCAT\/#website\",\"url\":\"https:\/\/blogs.uninter.edu.mx\/ESCAT\/\",\"name\":\"Escuela de Ciencias, Artes y Tecnolog\u00eda UNINTER\",\"description\":\"ESCAT\",\"potentialAction\":[{\"@type\":\"SearchAction\",\"target\":{\"@type\":\"EntryPoint\",\"urlTemplate\":\"https:\/\/blogs.uninter.edu.mx\/ESCAT\/?s={search_term_string}\"},\"query-input\":{\"@type\":\"PropertyValueSpecification\",\"valueRequired\":true,\"valueName\":\"search_term_string\"}}],\"inLanguage\":\"es\"},{\"@type\":\"Person\",\"@id\":\"https:\/\/blogs.uninter.edu.mx\/ESCAT\/#\/schema\/person\/df7b8f33d62433cb78a2104bda02490d\",\"name\":\"EquipoEscat\",\"image\":{\"@type\":\"ImageObject\",\"inLanguage\":\"es\",\"@id\":\"https:\/\/blogs.uninter.edu.mx\/ESCAT\/#\/schema\/person\/image\/\",\"url\":\"https:\/\/secure.gravatar.com\/avatar\/d943e53cecc7e9e13c011abf6ec7475809c7d278834bde994b19ecd58034a9ff?s=96&d=mm&r=g\",\"contentUrl\":\"https:\/\/secure.gravatar.com\/avatar\/d943e53cecc7e9e13c011abf6ec7475809c7d278834bde994b19ecd58034a9ff?s=96&d=mm&r=g\",\"caption\":\"EquipoEscat\"},\"url\":\"https:\/\/blogs.uninter.edu.mx\/ESCAT\/index.php\/author\/equipoescat\/\"}]}<\/script>\r\n<!-- \/ Yoast SEO plugin. -->","yoast_head_json":{"title":"19 de octubre D\u00eda Internacional de lucha contra el c\u00e1ncer de mama","description":"El 19 de octubre de cada a\u00f1o se conmemora el D\u00eda Mundial de la Lucha contra el C\u00e1ncer de Mama. Esta fecha pretende sensibilizar a la poblaci\u00f3n","robots":{"index":"index","follow":"follow","max-snippet":"max-snippet:-1","max-image-preview":"max-image-preview:large","max-video-preview":"max-video-preview:-1"},"canonical":"https:\/\/blogs.uninter.edu.mx\/ESCAT\/index.php\/el-19-de-octubre-de-cada-ano-se-conmemora-el-dia-mundial-de-la-lucha-contra-el-cancer-de-mama-esta-fecha-pretende-sensibilizar-a-la-poblacion\/","og_locale":"es_MX","og_type":"article","og_title":"19 de octubre D\u00eda Internacional de lucha contra el c\u00e1ncer de mama","og_description":"El 19 de octubre de cada a\u00f1o se conmemora el D\u00eda Mundial de la Lucha contra el C\u00e1ncer de Mama. Esta fecha pretende sensibilizar a la poblaci\u00f3n","og_url":"https:\/\/blogs.uninter.edu.mx\/ESCAT\/index.php\/el-19-de-octubre-de-cada-ano-se-conmemora-el-dia-mundial-de-la-lucha-contra-el-cancer-de-mama-esta-fecha-pretende-sensibilizar-a-la-poblacion\/","og_site_name":"Escuela de Ciencias, Artes y Tecnolog\u00eda","article_publisher":"https:\/\/www.facebook.com\/EscatUninter\/","article_published_time":"2023-10-19T13:00:00+00:00","og_image":[{"width":1200,"height":800,"url":"https:\/\/blogs.uninter.edu.mx\/ESCAT\/wp-content\/uploads\/2023\/07\/7a5796939c6ac0dde162bfc405fdcfa3_XL-1.jpg","type":"image\/jpeg"}],"author":"EquipoEscat","twitter_card":"summary_large_image","twitter_image":"https:\/\/blogs.uninter.edu.mx\/ESCAT\/wp-content\/uploads\/2023\/07\/7a5796939c6ac0dde162bfc405fdcfa3_XL-1.jpg","twitter_creator":"@EscatUninter","twitter_site":"@EscatUninter","twitter_misc":{"Escrito por":"EquipoEscat","Tiempo de lectura":"4 minutos"},"schema":{"@context":"https:\/\/schema.org","@graph":[{"@type":"Article","@id":"https:\/\/blogs.uninter.edu.mx\/ESCAT\/index.php\/el-19-de-octubre-de-cada-ano-se-conmemora-el-dia-mundial-de-la-lucha-contra-el-cancer-de-mama-esta-fecha-pretende-sensibilizar-a-la-poblacion\/#article","isPartOf":{"@id":"https:\/\/blogs.uninter.edu.mx\/ESCAT\/index.php\/el-19-de-octubre-de-cada-ano-se-conmemora-el-dia-mundial-de-la-lucha-contra-el-cancer-de-mama-esta-fecha-pretende-sensibilizar-a-la-poblacion\/"},"author":{"name":"EquipoEscat","@id":"https:\/\/blogs.uninter.edu.mx\/ESCAT\/#\/schema\/person\/df7b8f33d62433cb78a2104bda02490d"},"headline":"19 de Octubre, D\u00eda Internacional de Lucha Contra el C\u00e1ncer de Mama #Uninter #ESCAT #19Octubre","datePublished":"2023-10-19T13:00:00+00:00","mainEntityOfPage":{"@id":"https:\/\/blogs.uninter.edu.mx\/ESCAT\/index.php\/el-19-de-octubre-de-cada-ano-se-conmemora-el-dia-mundial-de-la-lucha-contra-el-cancer-de-mama-esta-fecha-pretende-sensibilizar-a-la-poblacion\/"},"wordCount":589,"commentCount":0,"image":{"@id":"https:\/\/blogs.uninter.edu.mx\/ESCAT\/index.php\/el-19-de-octubre-de-cada-ano-se-conmemora-el-dia-mundial-de-la-lucha-contra-el-cancer-de-mama-esta-fecha-pretende-sensibilizar-a-la-poblacion\/#primaryimage"},"thumbnailUrl":"https:\/\/blogs.uninter.edu.mx\/ESCAT\/wp-content\/uploads\/2023\/07\/7a5796939c6ac0dde162bfc405fdcfa3_XL-1.jpg","keywords":["19 de octubre","cancer","D\u00edaContraelC\u00e1ncerdeMama","DiaMundialdelCancerdeMama","ESCAT","mama","s\u00famatealrosa","TuLuchaEsmiLucha","Uninter","Universidad Internacional"],"articleSection":["Dise\u00f1os","Noticias","Posgrados"],"inLanguage":"es","potentialAction":[{"@type":"CommentAction","name":"Comment","target":["https:\/\/blogs.uninter.edu.mx\/ESCAT\/index.php\/el-19-de-octubre-de-cada-ano-se-conmemora-el-dia-mundial-de-la-lucha-contra-el-cancer-de-mama-esta-fecha-pretende-sensibilizar-a-la-poblacion\/#respond"]}]},{"@type":"WebPage","@id":"https:\/\/blogs.uninter.edu.mx\/ESCAT\/index.php\/el-19-de-octubre-de-cada-ano-se-conmemora-el-dia-mundial-de-la-lucha-contra-el-cancer-de-mama-esta-fecha-pretende-sensibilizar-a-la-poblacion\/","url":"https:\/\/blogs.uninter.edu.mx\/ESCAT\/index.php\/el-19-de-octubre-de-cada-ano-se-conmemora-el-dia-mundial-de-la-lucha-contra-el-cancer-de-mama-esta-fecha-pretende-sensibilizar-a-la-poblacion\/","name":"19 de octubre D\u00eda Internacional de lucha contra el c\u00e1ncer de mama","isPartOf":{"@id":"https:\/\/blogs.uninter.edu.mx\/ESCAT\/#website"},"primaryImageOfPage":{"@id":"https:\/\/blogs.uninter.edu.mx\/ESCAT\/index.php\/el-19-de-octubre-de-cada-ano-se-conmemora-el-dia-mundial-de-la-lucha-contra-el-cancer-de-mama-esta-fecha-pretende-sensibilizar-a-la-poblacion\/#primaryimage"},"image":{"@id":"https:\/\/blogs.uninter.edu.mx\/ESCAT\/index.php\/el-19-de-octubre-de-cada-ano-se-conmemora-el-dia-mundial-de-la-lucha-contra-el-cancer-de-mama-esta-fecha-pretende-sensibilizar-a-la-poblacion\/#primaryimage"},"thumbnailUrl":"https:\/\/blogs.uninter.edu.mx\/ESCAT\/wp-content\/uploads\/2023\/07\/7a5796939c6ac0dde162bfc405fdcfa3_XL-1.jpg","datePublished":"2023-10-19T13:00:00+00:00","author":{"@id":"https:\/\/blogs.uninter.edu.mx\/ESCAT\/#\/schema\/person\/df7b8f33d62433cb78a2104bda02490d"},"description":"El 19 de octubre de cada a\u00f1o se conmemora el D\u00eda Mundial de la Lucha contra el C\u00e1ncer de Mama. Esta fecha pretende sensibilizar a la poblaci\u00f3n","breadcrumb":{"@id":"https:\/\/blogs.uninter.edu.mx\/ESCAT\/index.php\/el-19-de-octubre-de-cada-ano-se-conmemora-el-dia-mundial-de-la-lucha-contra-el-cancer-de-mama-esta-fecha-pretende-sensibilizar-a-la-poblacion\/#breadcrumb"},"inLanguage":"es","potentialAction":[{"@type":"ReadAction","target":["https:\/\/blogs.uninter.edu.mx\/ESCAT\/index.php\/el-19-de-octubre-de-cada-ano-se-conmemora-el-dia-mundial-de-la-lucha-contra-el-cancer-de-mama-esta-fecha-pretende-sensibilizar-a-la-poblacion\/"]}]},{"@type":"ImageObject","inLanguage":"es","@id":"https:\/\/blogs.uninter.edu.mx\/ESCAT\/index.php\/el-19-de-octubre-de-cada-ano-se-conmemora-el-dia-mundial-de-la-lucha-contra-el-cancer-de-mama-esta-fecha-pretende-sensibilizar-a-la-poblacion\/#primaryimage","url":"https:\/\/blogs.uninter.edu.mx\/ESCAT\/wp-content\/uploads\/2023\/07\/7a5796939c6ac0dde162bfc405fdcfa3_XL-1.jpg","contentUrl":"https:\/\/blogs.uninter.edu.mx\/ESCAT\/wp-content\/uploads\/2023\/07\/7a5796939c6ac0dde162bfc405fdcfa3_XL-1.jpg","width":1200,"height":800},{"@type":"BreadcrumbList","@id":"https:\/\/blogs.uninter.edu.mx\/ESCAT\/index.php\/el-19-de-octubre-de-cada-ano-se-conmemora-el-dia-mundial-de-la-lucha-contra-el-cancer-de-mama-esta-fecha-pretende-sensibilizar-a-la-poblacion\/#breadcrumb","itemListElement":[{"@type":"ListItem","position":1,"name":"Inicio","item":"https:\/\/blogs.uninter.edu.mx\/ESCAT\/"},{"@type":"ListItem","position":2,"name":"19 de Octubre, D\u00eda Internacional de Lucha Contra el C\u00e1ncer de Mama #Uninter #ESCAT #19Octubre"}]},{"@type":"WebSite","@id":"https:\/\/blogs.uninter.edu.mx\/ESCAT\/#website","url":"https:\/\/blogs.uninter.edu.mx\/ESCAT\/","name":"Escuela de Ciencias, Artes y Tecnolog\u00eda UNINTER","description":"ESCAT","potentialAction":[{"@type":"SearchAction","target":{"@type":"EntryPoint","urlTemplate":"https:\/\/blogs.uninter.edu.mx\/ESCAT\/?s={search_term_string}"},"query-input":{"@type":"PropertyValueSpecification","valueRequired":true,"valueName":"search_term_string"}}],"inLanguage":"es"},{"@type":"Person","@id":"https:\/\/blogs.uninter.edu.mx\/ESCAT\/#\/schema\/person\/df7b8f33d62433cb78a2104bda02490d","name":"EquipoEscat","image":{"@type":"ImageObject","inLanguage":"es","@id":"https:\/\/blogs.uninter.edu.mx\/ESCAT\/#\/schema\/person\/image\/","url":"https:\/\/secure.gravatar.com\/avatar\/d943e53cecc7e9e13c011abf6ec7475809c7d278834bde994b19ecd58034a9ff?s=96&d=mm&r=g","contentUrl":"https:\/\/secure.gravatar.com\/avatar\/d943e53cecc7e9e13c011abf6ec7475809c7d278834bde994b19ecd58034a9ff?s=96&d=mm&r=g","caption":"EquipoEscat"},"url":"https:\/\/blogs.uninter.edu.mx\/ESCAT\/index.php\/author\/equipoescat\/"}]}},"jetpack_publicize_connections":[],"jetpack_featured_media_url":"https:\/\/blogs.uninter.edu.mx\/ESCAT\/wp-content\/uploads\/2023\/07\/7a5796939c6ac0dde162bfc405fdcfa3_XL-1.jpg","jetpack_sharing_enabled":true,"_links":{"self":[{"href":"https:\/\/blogs.uninter.edu.mx\/ESCAT\/index.php\/wp-json\/wp\/v2\/posts\/59672","targetHints":{"allow":["GET"]}}],"collection":[{"href":"https:\/\/blogs.uninter.edu.mx\/ESCAT\/index.php\/wp-json\/wp\/v2\/posts"}],"about":[{"href":"https:\/\/blogs.uninter.edu.mx\/ESCAT\/index.php\/wp-json\/wp\/v2\/types\/post"}],"author":[{"embeddable":true,"href":"https:\/\/blogs.uninter.edu.mx\/ESCAT\/index.php\/wp-json\/wp\/v2\/users\/22"}],"replies":[{"embeddable":true,"href":"https:\/\/blogs.uninter.edu.mx\/ESCAT\/index.php\/wp-json\/wp\/v2\/comments?post=59672"}],"version-history":[{"count":4,"href":"https:\/\/blogs.uninter.edu.mx\/ESCAT\/index.php\/wp-json\/wp\/v2\/posts\/59672\/revisions"}],"predecessor-version":[{"id":60558,"href":"https:\/\/blogs.uninter.edu.mx\/ESCAT\/index.php\/wp-json\/wp\/v2\/posts\/59672\/revisions\/60558"}],"wp:featuredmedia":[{"embeddable":true,"href":"https:\/\/blogs.uninter.edu.mx\/ESCAT\/index.php\/wp-json\/wp\/v2\/media\/59677"}],"wp:attachment":[{"href":"https:\/\/blogs.uninter.edu.mx\/ESCAT\/index.php\/wp-json\/wp\/v2\/media?parent=59672"}],"wp:term":[{"taxonomy":"category","embeddable":true,"href":"https:\/\/blogs.uninter.edu.mx\/ESCAT\/index.php\/wp-json\/wp\/v2\/categories?post=59672"},{"taxonomy":"post_tag","embeddable":true,"href":"https:\/\/blogs.uninter.edu.mx\/ESCAT\/index.php\/wp-json\/wp\/v2\/tags?post=59672"}],"curies":[{"name":"wp","href":"https:\/\/api.w.org\/{rel}","templated":true}]}}